{"id":9859,"date":"2017-05-23T06:47:30","date_gmt":"2017-05-23T06:47:30","guid":{"rendered":"http:\/\/termix.net\/?p=9859"},"modified":"2019-12-10T16:17:46","modified_gmt":"2019-12-10T15:17:46","slug":"el-cepillo-c%c2%b7ramic-colors-pink-estrena-formato","status":"publish","type":"post","link":"https:\/\/termix.net\/blog\/es\/el-cepillo-c%c2%b7ramic-colors-pink-estrena-formato\/","title":{"rendered":"El cepillo C\u00b7Ramic Colors Pink estrena formato"},"content":{"rendered":"<p><div class=\"fusion-fullwidth fullwidth-box fusion-builder-row-1 faded-background fusion-parallax-none nonhundred-percent-fullwidth non-hundred-percent-height-scrolling fusion-no-small-visibility fusion-no-medium-visibility\" style=\"--awb-border-radius-top-left:0px;--awb-border-radius-top-right:0px;--awb-border-radius-bottom-right:0px;--awb-border-radius-bottom-left:0px;--awb-padding-top:24%;--awb-padding-right:3%;--awb-padding-left:3%;--awb-background-size:cover;\" ><div class=\"fullwidth-faded\" style=\"--awb-background-color:#181818;--awb-background-image:url(https:\/\/termix.net\/blog\/wp-content\/uploads\/2017\/05\/pink-tres.jpg);--awb-background-size:cover;\" ><\/div><div class=\"fusion-builder-row fusion-row\"><div class=\"fusion-layout-column fusion_builder_column fusion-builder-column-0 fusion_builder_column_1_1 1_1 fusion-one-full fusion-column-first fusion-column-last\" style=\"--awb-padding-top:6%;--awb-padding-right:8%;--awb-padding-bottom:6%;--awb-padding-left:8%;--awb-bg-color:rgba(255,255,255,0.7);--awb-bg-size:cover;--awb-margin-top:0px;--awb-margin-bottom:0px;\"><div class=\"fusion-column-wrapper fusion-column-has-shadow fusion-flex-column-wrapper-legacy\"><div class=\"fusion-text fusion-text-1 caption\"><p style=\"text-align: center;\">Novedades \u2014 3 min de lectura<\/p>\n<\/div><div class=\"fusion-title title fusion-title-1 fusion-sep-none fusion-title-center fusion-title-text fusion-title-size-two\" style=\"--awb-margin-top:30px;--awb-margin-bottom:20px;\"><h2 class=\"title-heading-center fusion-responsive-typography-calculated\" style=\"margin:0;--fontSize:50;line-height:1.28;\">El cepillo C\u00b7Ramic Colors Pink estrena formato<\/h2><\/div><div class=\"fusion-clearfix\"><\/div><\/div><\/div><\/div><\/div><div class=\"fusion-fullwidth fullwidth-box fusion-builder-row-2 fusion-parallax-none nonhundred-percent-fullwidth non-hundred-percent-height-scrolling fusion-no-large-visibility\" style=\"--awb-border-radius-top-left:0px;--awb-border-radius-top-right:0px;--awb-border-radius-bottom-right:0px;--awb-border-radius-bottom-left:0px;--awb-background-image:url(&quot;https:\/\/termix.net\/blog\/wp-content\/uploads\/2019\/11\/con-el-secador-compacto-profesioanl-4300-de-termix-damos-volumen-al-cabello-1.jpg&quot;);--awb-background-size:cover;\" ><div class=\"fusion-builder-row fusion-row\"><div class=\"fusion-layout-column fusion_builder_column fusion-builder-column-1 fusion_builder_column_1_1 1_1 fusion-one-full fusion-column-first fusion-column-last fusion-column-inner-bg-wrapper\" style=\"--awb-padding-top:10%;--awb-padding-bottom:10%;--awb-inner-bg-image:url(&#039;http:\/\/termix.net\/blog\/wp-content\/uploads\/2019\/03\/single-blog-post-feat.jpg&#039;);--awb-inner-bg-position:center center;--awb-inner-bg-size:cover;\"><span class=\"fusion-column-inner-bg hover-type-zoomout\"><span class=\"fusion-column-anchor\"><span class=\"fusion-column-inner-bg-image\"><\/span><\/span><\/span><div class=\"fusion-column-wrapper fusion-flex-column-wrapper-legacy\" data-bg-url=\"http:\/\/termix.net\/blog\/wp-content\/uploads\/2019\/03\/single-blog-post-feat.jpg\"><div class=\"fusion-sep-clear\"><\/div><div class=\"fusion-separator fusion-no-large-visibility fusion-full-width-sep\" style=\"margin-left: auto;margin-right: auto;margin-top:200px;width:100%;\"><\/div><div class=\"fusion-sep-clear\"><\/div><div class=\"fusion-clearfix\"><\/div><\/div><\/div><div class=\"fusion-layout-column fusion_builder_column fusion-builder-column-2 fusion_builder_column_1_1 1_1 fusion-one-full fusion-column-first fusion-column-last\" style=\"--awb-padding-top:6%;--awb-bg-color:#ffffff;--awb-bg-size:cover;--awb-margin-top:0px;--awb-margin-bottom:0px;\"><div class=\"fusion-column-wrapper fusion-flex-column-wrapper-legacy\"><div class=\"fusion-text fusion-text-2 caption\"><p style=\"text-align: center;\">Novedades \u2014 3 min de lectura<\/p>\n<\/div><div class=\"fusion-title title fusion-title-2 fusion-sep-none fusion-title-center fusion-title-text fusion-title-size-two\" style=\"--awb-margin-top:30px;--awb-margin-bottom:20px;\"><h2 class=\"title-heading-center fusion-responsive-typography-calculated\" style=\"margin:0;--fontSize:50;line-height:1.28;\">El cepillo C\u00b7Ramic Colors Pink estrena formato<\/h2><\/div><div class=\"fusion-clearfix\"><\/div><\/div><\/div><\/div><\/div><div class=\"fusion-fullwidth fullwidth-box fusion-builder-row-3 nonhundred-percent-fullwidth non-hundred-percent-height-scrolling\" style=\"--awb-border-radius-top-left:0px;--awb-border-radius-top-right:0px;--awb-border-radius-bottom-right:0px;--awb-border-radius-bottom-left:0px;--awb-padding-top:10px;--awb-padding-bottom:4%;\" ><div class=\"fusion-builder-row fusion-row\"><div class=\"fusion-layout-column fusion_builder_column fusion-builder-column-3 fusion_builder_column_1_6 1_6 fusion-one-sixth fusion-column-first fusion-no-small-visibility fusion-no-medium-visibility\" style=\"--awb-bg-size:cover;width:16.666666666667%;width:calc(16.666666666667% - ( ( 0 ) * 0.16666666666667 ) );margin-right: 0px;\"><div class=\"fusion-column-wrapper fusion-flex-column-wrapper-legacy\"><div class=\"fusion-clearfix\"><\/div><\/div><\/div><div class=\"fusion-layout-column fusion_builder_column fusion-builder-column-4 fusion_builder_column_2_3 2_3 fusion-two-third fusion-column-last\" style=\"--awb-bg-size:cover;width:66.666666666667%;width:calc(66.666666666667% - ( ( 0 ) * 0.66666666666667 ) );\"><div class=\"fusion-column-wrapper fusion-flex-column-wrapper-legacy\"><div class=\"fusion-sep-clear\"><\/div><div class=\"fusion-separator fusion-full-width-sep\" style=\"margin-left: auto;margin-right: auto;margin-top:30px;width:100%;\"><\/div><div class=\"fusion-sep-clear\"><\/div><div class=\"fusion-text fusion-text-3\"><p style=\"text-align: center;\"><strong><span style=\"font-size: 22px; line-height: 1.5em;\">Termix est\u00e1 de estreno. <\/span><\/strong><\/p>\n<p style=\"text-align: center;\"><span style=\"font-size: 22px; line-height: 1.5em;\">Los grandes \u00e9xitos merecen una menci\u00f3n especial y por ello recibimos el expositor de cepillos C\u00b7Ramic Colors. Una sencilla presentaci\u00f3n, para los cepillos que m\u00e1s acogida tienen, en los di\u00e1metros m\u00e1s demandados y en el color Pink Yarrow m\u00e1s explosivo.<\/span><\/p>\n<\/div><div class=\"fusion-sep-clear\"><\/div><div class=\"fusion-separator fusion-full-width-sep\" style=\"margin-left: auto;margin-right: auto;margin-top:30px;width:100%;\"><\/div><div class=\"fusion-sep-clear\"><\/div><div class=\"fusion-text fusion-text-4\"><p><img decoding=\"async\" class=\"aligncenter wp-image-9869 size-full\" src=\"http:\/\/termix.net\/wp-content\/uploads\/2017\/05\/expositorpinkok.jpg\" alt=\"Nuevo expositor de cepillos C\u00b7Ramic Colors Pink Yarrow de Termix\" width=\"800\" height=\"462\" \/><\/p>\n<h3 style=\"text-align: justify;\">\u00a0<\/h3>\n<p style=\"text-align: justify;\"><strong>El color magenta es el elegido.<\/strong> El tono de la determinaci\u00f3n, la bondad y la empat\u00eda que define el gran \u00e9xito de la gama de cepillos C\u00b7Ramic Colors. El Pink Yarrow se define como un color que ayuda a la meditaci\u00f3n y a la concentraci\u00f3n, permitiendo que consigas romper esa barrera de la timidez para que te decidas por los looks m\u00e1s impactantes del momento. Con el objetivo de enaltecer las cualidades del Pantone m\u00e1s rosado, el expositor de cepillos se presenta como un soporte vibrante, que consigue presentar con fuerza los cepillos C\u00b7Ramic Colors m\u00e1s demandados.<\/p>\n<p style=\"text-align: justify;\">\u00a0<\/p>\n<p style=\"text-align: justify;\">Adem\u00e1s, el expositor de cepillos<strong> C\u00b7Ramic Colors<\/strong> incluye, \u00fanica y exclusivamente, los tres di\u00e1metros m\u00e1s demandados del pack original. Esto responde a la gran versatilidad que presentan y, sobretodo, a la necesidad de poner al alcance de tu mano los cepillos m\u00e1s demandados. Aquellos que los usuarios y consumidores han elegido por comodidad y funcionalidad. Para que puedas escoger el que mejor se adapta a tus necesidades y convertir el cepillo <strong>Pink Yarrow<\/strong> del di\u00e1metro seleccionado como tu mejor aliado para los estilos m\u00e1s impactantes.<\/p>\n<h1>\u00bfC\u00d3MO UTILIZAR LOS GRANDES \u00c9XITOS DEL CEPILLO EN MI CABELLO?<\/h1>\n<p>\u00a0<\/p>\n<p style=\"text-align: justify;\"><strong>Un grosor ideal para crear ondas amplias y aportar volumen a la ra\u00edz de forma sencilla. Por un lado, tenemos el cepillo de \u00d8 32.\u00a0<\/strong><\/p>\n<p style=\"text-align: justify;\">Selena G\u00f3mez apuesta por las ondas desenfadadas, un look perfecto para aquellas melenas que llegan como m\u00ednimo a la altura de los hombros o la sobrepasan. Se trata de crear un estilo c\u00f3modo y llevadero, que combine a la perfecci\u00f3n con cualquier evento y ocasi\u00f3n. El grosor \u00d8 32 del cepillo se adapta a la perfecci\u00f3n en el cabello para crear este efecto loose que tanto seguimiento est\u00e1 teniendo esta temporada.<\/p>\n<p style=\"text-align: justify;\"><img decoding=\"async\" class=\"aligncenter wp-image-9871 size-full\" src=\"http:\/\/termix.net\/wp-content\/uploads\/2017\/05\/selena-gomez-b.jpg\" alt=\"Selena G\u00f3mez se decanta por las ondas amplias, que podemos crear con el cepillo C\u00b7Ramic Colors inclu\u00eddo en el nuevo expositor de cepillos\" width=\"800\" height=\"462\" \/><\/p>\n<p>\u00a0<\/p>\n<p style=\"text-align: justify;\">El di\u00e1metro \u00d8 28 es el indicado para aquellas melenas que llegan por encima del hombro. Bella Hadid apuesta por el tan cotizado corte maxi bob. Adem\u00e1s, es un di\u00e1metro de cepillo \u00f3ptimo para perfilar ondas y aumentar su intensidad.<\/p>\n<p style=\"text-align: justify;\"><img decoding=\"async\" class=\"aligncenter wp-image-9872 size-full\" src=\"http:\/\/termix.net\/wp-content\/uploads\/2017\/05\/bella-hadidbe.jpg\" alt=\"Bella Hadid luce un maxi bob que podemos lograr con el di\u00e1metro 28 de los C\u00b7Ramic Colors inclu\u00eddo en el nuevo expositor de cepillos\" width=\"800\" height=\"462\" \/><\/p>\n<p>\u00a0<\/p>\n<p>\u00a0<\/p>\n<p style=\"text-align: justify;\">Aunque abanderados de la comodidad, los estilos cortos tambi\u00e9n deben ser cepillados para conseguir recrear en ellos peinados llevaderos y a la \u00faltima. El m\u00e1s indicado para este tipo de melena es el di\u00e1metro \u00d8 23, un est\u00e1ndar muy manejable que se convierte en nuestro mejor aliado si llevamos un corte carr\u00e9, como el de Taylor Swift. Este grosor es recomendable para peinar y dar forma al flequillo o crear tup\u00e9s cortos.<\/p>\n<p style=\"text-align: justify;\"><img decoding=\"async\" class=\"aligncenter wp-image-9873 size-full\" src=\"http:\/\/termix.net\/wp-content\/uploads\/2017\/05\/taylor-swiftb.jpg\" alt=\"Taylor Swift promueve el corte desenfadado por encima de los hombros, perfecto para cepillarlo con el C\u00b7Ramic Color, inclu\u00eddo en el nuevo expositor de cepillos\" width=\"800\" height=\"462\" \/><\/p>\n<p style=\"text-align: justify;\">El expositor de cepillos\u00a0 C\u00b7Ramic Colors Pink Yarrow pone tu disposici\u00f3n estas herramientas de peluquer\u00eda profesionales, en los\u00a0di\u00e1metros m\u00e1s demandados, para que puedas decantarte por el que mejor perfilar\u00e1 tu estilo.<\/p>\n<h2>\u00a0<\/h2>\n<h2 style=\"text-align: justify;\">\u00bfYa sabes con cu\u00e1l de ellos te quedar\u00e1s?<\/h2>\n<\/div><div class=\"fusion-clearfix\"><\/div><\/div><\/div><\/div><\/div><div class=\"fusion-fullwidth fullwidth-box fusion-builder-row-4 nonhundred-percent-fullwidth non-hundred-percent-height-scrolling\" style=\"--awb-border-radius-top-left:0px;--awb-border-radius-top-right:0px;--awb-border-radius-bottom-right:0px;--awb-border-radius-bottom-left:0px;\" ><\/div><\/p>\n","protected":false},"excerpt":{"rendered":"<p>\t\t\t\tTermix est\u00e1 de estreno. Los grandes \u00e9xitos merecen una menci\u00f3n especial y por ello recibimos el expositor C\u00b7Ramic Colors. Los cepillos que m\u00e1s acogida tienen, en los di\u00e1metros m\u00e1s demandados y en el color Pink Yarrow m\u00e1s explosivo.\t\t<\/p>\n","protected":false},"author":2,"featured_media":22629,"comment_status":"open","ping_status":"open","sticky":false,"template":"","format":"standard","meta":[],"categories":[6],"tags":[],"yoast_head":"<!-- This site is optimized with the Yoast SEO plugin v20.0 - https:\/\/yoast.com\/wordpress\/plugins\/seo\/ -->\n<title>El cepillo C\u00b7Ramic Colors Pink estrena formato - Blog Termix Spain<\/title>\n<meta name=\"description\" content=\"Blog Termix Spain - El cepillo C\u00b7Ramic Colors Pink estrena formato -\" \/>\n<meta name=\"robots\" content=\"index, follow, max-snippet:-1, max-image-preview:large, max-video-preview:-1\" \/>\n<link rel=\"canonical\" href=\"https:\/\/termix.net\/blog\/es\/el-cepillo-c%c2%b7ramic-colors-pink-estrena-formato\/\" \/>\n<meta property=\"og:locale\" content=\"es_ES\" \/>\n<meta property=\"og:type\" content=\"article\" \/>\n<meta property=\"og:title\" content=\"El cepillo C\u00b7Ramic Colors Pink estrena formato - Blog Termix Spain\" \/>\n<meta property=\"og:description\" content=\"Blog Termix Spain - El cepillo C\u00b7Ramic Colors Pink estrena formato -\" \/>\n<meta property=\"og:url\" content=\"https:\/\/termix.net\/blog\/es\/el-cepillo-c%c2%b7ramic-colors-pink-estrena-formato\/\" \/>\n<meta property=\"og:site_name\" content=\"Blog Termix Spain\" \/>\n<meta property=\"article:published_time\" content=\"2017-05-23T06:47:30+00:00\" \/>\n<meta property=\"article:modified_time\" content=\"2019-12-10T15:17:46+00:00\" \/>\n<meta property=\"og:image\" content=\"https:\/\/termix.net\/blog\/wp-content\/uploads\/2017\/05\/expositorpinkok.jpg\" \/>\n\t<meta property=\"og:image:width\" content=\"800\" \/>\n\t<meta property=\"og:image:height\" content=\"462\" \/>\n\t<meta property=\"og:image:type\" content=\"image\/jpeg\" \/>\n<meta name=\"author\" content=\"TermixTeam\" \/>\n<meta name=\"twitter:card\" content=\"summary_large_image\" \/>\n<meta name=\"twitter:label1\" content=\"Escrito por\" \/>\n\t<meta name=\"twitter:data1\" content=\"TermixTeam\" \/>\n\t<meta name=\"twitter:label2\" content=\"Tiempo de lectura\" \/>\n\t<meta name=\"twitter:data2\" content=\"8 minutos\" \/>\n<script type=\"application\/ld+json\" class=\"yoast-schema-graph\">{\"@context\":\"https:\/\/schema.org\",\"@graph\":[{\"@type\":\"Article\",\"@id\":\"https:\/\/termix.net\/blog\/es\/el-cepillo-c%c2%b7ramic-colors-pink-estrena-formato\/#article\",\"isPartOf\":{\"@id\":\"https:\/\/termix.net\/blog\/es\/el-cepillo-c%c2%b7ramic-colors-pink-estrena-formato\/\"},\"author\":{\"name\":\"TermixTeam\",\"@id\":\"https:\/\/termix.net\/blog\/es\/#\/schema\/person\/9096c98bdf03c8ddf91ad7172f254f40\"},\"headline\":\"El cepillo C\u00b7Ramic Colors Pink estrena formato\",\"datePublished\":\"2017-05-23T06:47:30+00:00\",\"dateModified\":\"2019-12-10T15:17:46+00:00\",\"mainEntityOfPage\":{\"@id\":\"https:\/\/termix.net\/blog\/es\/el-cepillo-c%c2%b7ramic-colors-pink-estrena-formato\/\"},\"wordCount\":1693,\"commentCount\":0,\"publisher\":{\"@id\":\"https:\/\/termix.net\/blog\/es\/#organization\"},\"articleSection\":[\"NOTICIAS\"],\"inLanguage\":\"es\",\"potentialAction\":[{\"@type\":\"CommentAction\",\"name\":\"Comment\",\"target\":[\"https:\/\/termix.net\/blog\/es\/el-cepillo-c%c2%b7ramic-colors-pink-estrena-formato\/#respond\"]}]},{\"@type\":\"WebPage\",\"@id\":\"https:\/\/termix.net\/blog\/es\/el-cepillo-c%c2%b7ramic-colors-pink-estrena-formato\/\",\"url\":\"https:\/\/termix.net\/blog\/es\/el-cepillo-c%c2%b7ramic-colors-pink-estrena-formato\/\",\"name\":\"El cepillo C\u00b7Ramic Colors Pink estrena formato - Blog Termix Spain\",\"isPartOf\":{\"@id\":\"https:\/\/termix.net\/blog\/es\/#website\"},\"datePublished\":\"2017-05-23T06:47:30+00:00\",\"dateModified\":\"2019-12-10T15:17:46+00:00\",\"description\":\"Blog Termix Spain - El cepillo C\u00b7Ramic Colors Pink estrena formato -\",\"breadcrumb\":{\"@id\":\"https:\/\/termix.net\/blog\/es\/el-cepillo-c%c2%b7ramic-colors-pink-estrena-formato\/#breadcrumb\"},\"inLanguage\":\"es\",\"potentialAction\":[{\"@type\":\"ReadAction\",\"target\":[\"https:\/\/termix.net\/blog\/es\/el-cepillo-c%c2%b7ramic-colors-pink-estrena-formato\/\"]}]},{\"@type\":\"BreadcrumbList\",\"@id\":\"https:\/\/termix.net\/blog\/es\/el-cepillo-c%c2%b7ramic-colors-pink-estrena-formato\/#breadcrumb\",\"itemListElement\":[{\"@type\":\"ListItem\",\"position\":1,\"name\":\"Home\",\"item\":\"https:\/\/termix.net\/blog\/es\/\"},{\"@type\":\"ListItem\",\"position\":2,\"name\":\"El cepillo C\u00b7Ramic Colors Pink estrena formato\"}]},{\"@type\":\"WebSite\",\"@id\":\"https:\/\/termix.net\/blog\/es\/#website\",\"url\":\"https:\/\/termix.net\/blog\/es\/\",\"name\":\"Blog Termix Spain\",\"description\":\"Blog de tendencias y productos de peluquer\u00eda profesional.\",\"publisher\":{\"@id\":\"https:\/\/termix.net\/blog\/es\/#organization\"},\"potentialAction\":[{\"@type\":\"SearchAction\",\"target\":{\"@type\":\"EntryPoint\",\"urlTemplate\":\"https:\/\/termix.net\/blog\/es\/?s={search_term_string}\"},\"query-input\":\"required name=search_term_string\"}],\"inLanguage\":\"es\"},{\"@type\":\"Organization\",\"@id\":\"https:\/\/termix.net\/blog\/es\/#organization\",\"name\":\"Dols Industrial de Peluquer\u00eda SA\",\"url\":\"https:\/\/termix.net\/blog\/es\/\",\"logo\":{\"@type\":\"ImageObject\",\"inLanguage\":\"es\",\"@id\":\"https:\/\/termix.net\/blog\/es\/#\/schema\/logo\/image\/\",\"url\":\"https:\/\/termix.net\/blog\/wp-content\/uploads\/2020\/10\/OGbDAeng.jpeg\",\"contentUrl\":\"https:\/\/termix.net\/blog\/wp-content\/uploads\/2020\/10\/OGbDAeng.jpeg\",\"width\":800,\"height\":800,\"caption\":\"Dols Industrial de Peluquer\u00eda SA\"},\"image\":{\"@id\":\"https:\/\/termix.net\/blog\/es\/#\/schema\/logo\/image\/\"}},{\"@type\":\"Person\",\"@id\":\"https:\/\/termix.net\/blog\/es\/#\/schema\/person\/9096c98bdf03c8ddf91ad7172f254f40\",\"name\":\"TermixTeam\",\"image\":{\"@type\":\"ImageObject\",\"inLanguage\":\"es\",\"@id\":\"https:\/\/termix.net\/blog\/es\/#\/schema\/person\/image\/\",\"url\":\"https:\/\/secure.gravatar.com\/avatar\/d89f61f6bd1c29a4acb231736d1c74b3?s=96&d=mm&r=g\",\"contentUrl\":\"https:\/\/secure.gravatar.com\/avatar\/d89f61f6bd1c29a4acb231736d1c74b3?s=96&d=mm&r=g\",\"caption\":\"TermixTeam\"},\"url\":\"https:\/\/termix.net\/blog\/es\/author\/termixteam\/\"}]}<\/script>\n<!-- \/ Yoast SEO plugin. -->","yoast_head_json":{"title":"El cepillo C\u00b7Ramic Colors Pink estrena formato - Blog Termix Spain","description":"Blog Termix Spain - El cepillo C\u00b7Ramic Colors Pink estrena formato -","robots":{"index":"index","follow":"follow","max-snippet":"max-snippet:-1","max-image-preview":"max-image-preview:large","max-video-preview":"max-video-preview:-1"},"canonical":"https:\/\/termix.net\/blog\/es\/el-cepillo-c%c2%b7ramic-colors-pink-estrena-formato\/","og_locale":"es_ES","og_type":"article","og_title":"El cepillo C\u00b7Ramic Colors Pink estrena formato - Blog Termix Spain","og_description":"Blog Termix Spain - El cepillo C\u00b7Ramic Colors Pink estrena formato -","og_url":"https:\/\/termix.net\/blog\/es\/el-cepillo-c%c2%b7ramic-colors-pink-estrena-formato\/","og_site_name":"Blog Termix Spain","article_published_time":"2017-05-23T06:47:30+00:00","article_modified_time":"2019-12-10T15:17:46+00:00","og_image":[{"width":800,"height":462,"url":"https:\/\/termix.net\/blog\/wp-content\/uploads\/2017\/05\/expositorpinkok.jpg","type":"image\/jpeg"}],"author":"TermixTeam","twitter_card":"summary_large_image","twitter_misc":{"Escrito por":"TermixTeam","Tiempo de lectura":"8 minutos"},"schema":{"@context":"https:\/\/schema.org","@graph":[{"@type":"Article","@id":"https:\/\/termix.net\/blog\/es\/el-cepillo-c%c2%b7ramic-colors-pink-estrena-formato\/#article","isPartOf":{"@id":"https:\/\/termix.net\/blog\/es\/el-cepillo-c%c2%b7ramic-colors-pink-estrena-formato\/"},"author":{"name":"TermixTeam","@id":"https:\/\/termix.net\/blog\/es\/#\/schema\/person\/9096c98bdf03c8ddf91ad7172f254f40"},"headline":"El cepillo C\u00b7Ramic Colors Pink estrena formato","datePublished":"2017-05-23T06:47:30+00:00","dateModified":"2019-12-10T15:17:46+00:00","mainEntityOfPage":{"@id":"https:\/\/termix.net\/blog\/es\/el-cepillo-c%c2%b7ramic-colors-pink-estrena-formato\/"},"wordCount":1693,"commentCount":0,"publisher":{"@id":"https:\/\/termix.net\/blog\/es\/#organization"},"articleSection":["NOTICIAS"],"inLanguage":"es","potentialAction":[{"@type":"CommentAction","name":"Comment","target":["https:\/\/termix.net\/blog\/es\/el-cepillo-c%c2%b7ramic-colors-pink-estrena-formato\/#respond"]}]},{"@type":"WebPage","@id":"https:\/\/termix.net\/blog\/es\/el-cepillo-c%c2%b7ramic-colors-pink-estrena-formato\/","url":"https:\/\/termix.net\/blog\/es\/el-cepillo-c%c2%b7ramic-colors-pink-estrena-formato\/","name":"El cepillo C\u00b7Ramic Colors Pink estrena formato - Blog Termix Spain","isPartOf":{"@id":"https:\/\/termix.net\/blog\/es\/#website"},"datePublished":"2017-05-23T06:47:30+00:00","dateModified":"2019-12-10T15:17:46+00:00","description":"Blog Termix Spain - El cepillo C\u00b7Ramic Colors Pink estrena formato -","breadcrumb":{"@id":"https:\/\/termix.net\/blog\/es\/el-cepillo-c%c2%b7ramic-colors-pink-estrena-formato\/#breadcrumb"},"inLanguage":"es","potentialAction":[{"@type":"ReadAction","target":["https:\/\/termix.net\/blog\/es\/el-cepillo-c%c2%b7ramic-colors-pink-estrena-formato\/"]}]},{"@type":"BreadcrumbList","@id":"https:\/\/termix.net\/blog\/es\/el-cepillo-c%c2%b7ramic-colors-pink-estrena-formato\/#breadcrumb","itemListElement":[{"@type":"ListItem","position":1,"name":"Home","item":"https:\/\/termix.net\/blog\/es\/"},{"@type":"ListItem","position":2,"name":"El cepillo C\u00b7Ramic Colors Pink estrena formato"}]},{"@type":"WebSite","@id":"https:\/\/termix.net\/blog\/es\/#website","url":"https:\/\/termix.net\/blog\/es\/","name":"Blog Termix Spain","description":"Blog de tendencias y productos de peluquer\u00eda profesional.","publisher":{"@id":"https:\/\/termix.net\/blog\/es\/#organization"},"potentialAction":[{"@type":"SearchAction","target":{"@type":"EntryPoint","urlTemplate":"https:\/\/termix.net\/blog\/es\/?s={search_term_string}"},"query-input":"required name=search_term_string"}],"inLanguage":"es"},{"@type":"Organization","@id":"https:\/\/termix.net\/blog\/es\/#organization","name":"Dols Industrial de Peluquer\u00eda SA","url":"https:\/\/termix.net\/blog\/es\/","logo":{"@type":"ImageObject","inLanguage":"es","@id":"https:\/\/termix.net\/blog\/es\/#\/schema\/logo\/image\/","url":"https:\/\/termix.net\/blog\/wp-content\/uploads\/2020\/10\/OGbDAeng.jpeg","contentUrl":"https:\/\/termix.net\/blog\/wp-content\/uploads\/2020\/10\/OGbDAeng.jpeg","width":800,"height":800,"caption":"Dols Industrial de Peluquer\u00eda SA"},"image":{"@id":"https:\/\/termix.net\/blog\/es\/#\/schema\/logo\/image\/"}},{"@type":"Person","@id":"https:\/\/termix.net\/blog\/es\/#\/schema\/person\/9096c98bdf03c8ddf91ad7172f254f40","name":"TermixTeam","image":{"@type":"ImageObject","inLanguage":"es","@id":"https:\/\/termix.net\/blog\/es\/#\/schema\/person\/image\/","url":"https:\/\/secure.gravatar.com\/avatar\/d89f61f6bd1c29a4acb231736d1c74b3?s=96&d=mm&r=g","contentUrl":"https:\/\/secure.gravatar.com\/avatar\/d89f61f6bd1c29a4acb231736d1c74b3?s=96&d=mm&r=g","caption":"TermixTeam"},"url":"https:\/\/termix.net\/blog\/es\/author\/termixteam\/"}]}},"_links":{"self":[{"href":"https:\/\/termix.net\/blog\/es\/wp-json\/wp\/v2\/posts\/9859"}],"collection":[{"href":"https:\/\/termix.net\/blog\/es\/wp-json\/wp\/v2\/posts"}],"about":[{"href":"https:\/\/termix.net\/blog\/es\/wp-json\/wp\/v2\/types\/post"}],"author":[{"embeddable":true,"href":"https:\/\/termix.net\/blog\/es\/wp-json\/wp\/v2\/users\/2"}],"replies":[{"embeddable":true,"href":"https:\/\/termix.net\/blog\/es\/wp-json\/wp\/v2\/comments?post=9859"}],"version-history":[{"count":2,"href":"https:\/\/termix.net\/blog\/es\/wp-json\/wp\/v2\/posts\/9859\/revisions"}],"predecessor-version":[{"id":22633,"href":"https:\/\/termix.net\/blog\/es\/wp-json\/wp\/v2\/posts\/9859\/revisions\/22633"}],"wp:featuredmedia":[{"embeddable":true,"href":"https:\/\/termix.net\/blog\/es\/wp-json\/wp\/v2\/media\/22629"}],"wp:attachment":[{"href":"https:\/\/termix.net\/blog\/es\/wp-json\/wp\/v2\/media?parent=9859"}],"wp:term":[{"taxonomy":"category","embeddable":true,"href":"https:\/\/termix.net\/blog\/es\/wp-json\/wp\/v2\/categories?post=9859"},{"taxonomy":"post_tag","embeddable":true,"href":"https:\/\/termix.net\/blog\/es\/wp-json\/wp\/v2\/tags?post=9859"}],"curies":[{"name":"wp","href":"https:\/\/api.w.org\/{rel}","templated":true}]}}