{"id":9801,"date":"2017-05-15T11:29:38","date_gmt":"2017-05-15T11:29:38","guid":{"rendered":"http:\/\/termix.net\/?p=9801"},"modified":"2019-12-16T12:31:35","modified_gmt":"2019-12-16T11:31:35","slug":"premiere-de-orlando-proxima-parada-en-el-30-aniversario-termix","status":"publish","type":"post","link":"https:\/\/termix.net\/blog\/es\/premiere-de-orlando-proxima-parada-en-el-30-aniversario-termix\/","title":{"rendered":"Premiere de Orlando, pr\u00f3xima parada en el 30 aniversario Termix"},"content":{"rendered":"<p><div class=\"fusion-fullwidth fullwidth-box fusion-builder-row-1 faded-background fusion-parallax-none nonhundred-percent-fullwidth non-hundred-percent-height-scrolling fusion-no-small-visibility fusion-no-medium-visibility\" style=\"--awb-border-radius-top-left:0px;--awb-border-radius-top-right:0px;--awb-border-radius-bottom-right:0px;--awb-border-radius-bottom-left:0px;--awb-padding-top:24%;--awb-padding-right:3%;--awb-padding-left:3%;--awb-background-size:cover;\" ><div class=\"fullwidth-faded\" style=\"--awb-background-color:#181818;--awb-background-image:url(https:\/\/termix.net\/blog\/wp-content\/uploads\/2017\/05\/primera.jpg);--awb-background-size:cover;\" ><\/div><div class=\"fusion-builder-row fusion-row\"><div class=\"fusion-layout-column fusion_builder_column fusion-builder-column-0 fusion_builder_column_1_1 1_1 fusion-one-full fusion-column-first fusion-column-last\" style=\"--awb-padding-top:6%;--awb-padding-right:8%;--awb-padding-bottom:6%;--awb-padding-left:8%;--awb-bg-color:rgba(255,255,255,0.7);--awb-bg-size:cover;--awb-margin-top:0px;--awb-margin-bottom:0px;\"><div class=\"fusion-column-wrapper fusion-column-has-shadow fusion-flex-column-wrapper-legacy\"><div class=\"fusion-text fusion-text-1 caption\"><p style=\"text-align: center;\">Ferias \u2014 3 min de lectura<\/p>\n<\/div><div class=\"fusion-title title fusion-title-1 fusion-sep-none fusion-title-center fusion-title-text fusion-title-size-two\" style=\"--awb-margin-top:30px;--awb-margin-bottom:20px;\"><h2 class=\"title-heading-center fusion-responsive-typography-calculated\" style=\"margin:0;--fontSize:50;line-height:1.28;\">Premiere de Orlando, pr\u00f3xima parada en el 30 aniversario Termix<\/h2><\/div><div class=\"fusion-clearfix\"><\/div><\/div><\/div><\/div><\/div><div class=\"fusion-fullwidth fullwidth-box fusion-builder-row-2 fusion-parallax-none nonhundred-percent-fullwidth non-hundred-percent-height-scrolling fusion-no-large-visibility\" style=\"--awb-border-radius-top-left:0px;--awb-border-radius-top-right:0px;--awb-border-radius-bottom-right:0px;--awb-border-radius-bottom-left:0px;--awb-background-image:url(&quot;https:\/\/termix.net\/blog\/wp-content\/uploads\/2019\/11\/con-el-secador-compacto-profesioanl-4300-de-termix-damos-volumen-al-cabello-1.jpg&quot;);--awb-background-size:cover;\" ><div class=\"fusion-builder-row fusion-row\"><div class=\"fusion-layout-column fusion_builder_column fusion-builder-column-1 fusion_builder_column_1_1 1_1 fusion-one-full fusion-column-first fusion-column-last fusion-column-inner-bg-wrapper\" style=\"--awb-padding-top:10%;--awb-padding-bottom:10%;--awb-inner-bg-image:url(&#039;http:\/\/termix.net\/blog\/wp-content\/uploads\/2019\/03\/single-blog-post-feat.jpg&#039;);--awb-inner-bg-position:center center;--awb-inner-bg-size:cover;\"><span class=\"fusion-column-inner-bg hover-type-zoomout\"><span class=\"fusion-column-anchor\"><span class=\"fusion-column-inner-bg-image\"><\/span><\/span><\/span><div class=\"fusion-column-wrapper fusion-flex-column-wrapper-legacy\" data-bg-url=\"http:\/\/termix.net\/blog\/wp-content\/uploads\/2019\/03\/single-blog-post-feat.jpg\"><div class=\"fusion-sep-clear\"><\/div><div class=\"fusion-separator fusion-no-large-visibility fusion-full-width-sep\" style=\"margin-left: auto;margin-right: auto;margin-top:200px;width:100%;\"><\/div><div class=\"fusion-sep-clear\"><\/div><div class=\"fusion-clearfix\"><\/div><\/div><\/div><div class=\"fusion-layout-column fusion_builder_column fusion-builder-column-2 fusion_builder_column_1_1 1_1 fusion-one-full fusion-column-first fusion-column-last\" style=\"--awb-padding-top:6%;--awb-bg-color:#ffffff;--awb-bg-size:cover;--awb-margin-top:0px;--awb-margin-bottom:0px;\"><div class=\"fusion-column-wrapper fusion-flex-column-wrapper-legacy\"><div class=\"fusion-text fusion-text-2 caption\"><p style=\"text-align: center;\">Ferias \u2014 3 min de lectura<\/p>\n<\/div><div class=\"fusion-title title fusion-title-2 fusion-sep-none fusion-title-center fusion-title-text fusion-title-size-two\" style=\"--awb-margin-top:30px;--awb-margin-bottom:20px;\"><h2 class=\"title-heading-center fusion-responsive-typography-calculated\" style=\"margin:0;--fontSize:50;line-height:1.28;\">Premiere de Orlando, pr\u00f3xima parada en el 30 aniversario Termix<\/h2><\/div><div class=\"fusion-clearfix\"><\/div><\/div><\/div><\/div><\/div><div class=\"fusion-fullwidth fullwidth-box fusion-builder-row-3 nonhundred-percent-fullwidth non-hundred-percent-height-scrolling\" style=\"--awb-border-radius-top-left:0px;--awb-border-radius-top-right:0px;--awb-border-radius-bottom-right:0px;--awb-border-radius-bottom-left:0px;--awb-padding-top:10px;--awb-padding-bottom:4%;\" ><div class=\"fusion-builder-row fusion-row\"><div class=\"fusion-layout-column fusion_builder_column fusion-builder-column-3 fusion_builder_column_1_6 1_6 fusion-one-sixth fusion-column-first fusion-no-small-visibility fusion-no-medium-visibility\" style=\"--awb-bg-size:cover;width:16.666666666667%;width:calc(16.666666666667% - ( ( 0 ) * 0.16666666666667 ) );margin-right: 0px;\"><div class=\"fusion-column-wrapper fusion-flex-column-wrapper-legacy\"><div class=\"fusion-clearfix\"><\/div><\/div><\/div><div class=\"fusion-layout-column fusion_builder_column fusion-builder-column-4 fusion_builder_column_2_3 2_3 fusion-two-third fusion-column-last\" style=\"--awb-bg-size:cover;width:66.666666666667%;width:calc(66.666666666667% - ( ( 0 ) * 0.66666666666667 ) );\"><div class=\"fusion-column-wrapper fusion-flex-column-wrapper-legacy\"><div class=\"fusion-sep-clear\"><\/div><div class=\"fusion-separator fusion-full-width-sep\" style=\"margin-left: auto;margin-right: auto;margin-top:30px;width:100%;\"><\/div><div class=\"fusion-sep-clear\"><\/div><div class=\"fusion-text fusion-text-3\"><p style=\"text-align: center;\"><span style=\"font-size: 22px; line-height: 1.5em;\">Termix ya est\u00e1 preparando las maletas para viajar a Orlando y asistir a una de las mayores ferias de peluquer\u00eda y est\u00e9tica de los Estados Unidos. Del 3 al 5 de junio se celebrar\u00e1 la Premiere Orlando International Beauty Event que espera a m\u00e1s de 800 expositores procedentes de 35 pa\u00edses, entre profesionales y empresas dedicados al mundo de la belleza. Una cita indispensable, que tiene como objetivo el compartir conocimientos, lanzamientos y productos novedosos de esas empresas dedicadas a la belleza y para un p\u00fablico muy exigente.<\/span><\/p>\n<\/div><div class=\"fusion-sep-clear\"><\/div><div class=\"fusion-separator fusion-full-width-sep\" style=\"margin-left: auto;margin-right: auto;margin-top:30px;width:100%;\"><\/div><div class=\"fusion-sep-clear\"><\/div><div class=\"fusion-text fusion-text-4\"><p><img decoding=\"async\" class=\"aligncenter size-full wp-image-9827\" src=\"http:\/\/termix.net\/wp-content\/uploads\/2017\/05\/preorla.jpg\" alt=\"Termix viaja a Orlando\" width=\"800\" height=\"462\" \/><\/p>\n<h3 style=\"text-align: justify;\"><\/h3>\n<p style=\"text-align: justify;\">Termix no pod\u00eda faltar a este gran evento, donde se reunir\u00e1n las marcas l\u00edderes de productos cosm\u00e9ticos, perfumer\u00eda, peluquer\u00eda y\u00a0maquillaje. Una <strong>feria internacional<\/strong> que apunta alto y es que, las expectativas vaticinan que acudan alrededor de <strong>57.000 visitantes<\/strong>, entre profesionales y p\u00fablico en general. Un perfil que incluye propietarios de reconocidos salones de est\u00e9tica, fabulosos estilistas, t\u00e9cnicos de u\u00f1as, estudiantes de belleza, profesores y distribuidores.<\/p>\n<p style=\"text-align: justify;\">Dentro de este amalgama de talento, se encuentra Termix que presentar\u00e1 los productos m\u00e1s innovadores y los lanzamientos del a\u00f1o. Hablamos de \u00e9xitos como los C\u00b7ramic Colors\u00a0en los colores tendencia de este a\u00f1o: Primrose Yellow, Pink Yarrow e Island Paradise, con la tecnolog\u00eda i\u00f3nica de sus fibras caracter\u00edstica, el recubrimiento cer\u00e1mico y el sello de calidad <strong>\u201cMade in Spain\u201d.<\/strong><\/p>\n<p style=\"text-align: justify;\"><img decoding=\"async\" class=\"aligncenter size-full wp-image-9829\" src=\"http:\/\/termix.net\/wp-content\/uploads\/2017\/05\/cramic-colors-1.jpg\" alt=\"Los c\u00b7ramic colors de Termix viaja a Orlando\" width=\"800\" height=\"462\" \/><\/p>\n<p style=\"text-align: justify;\">Adem\u00e1s, otro de los puntos clave, ser\u00e1 la presentaci\u00f3n de la Black Velvet,\u00a0la plancha con tacto terciopelo que protege el cabello y le aporta un brillo natural. Una herramienta profesional pensada para conseguir el m\u00e1ximo confort y unos resultados profesionales gracias a la inclusi\u00f3n de la m\u00e1s novedosa nanotecnolog\u00eda.<\/p>\n<p style=\"text-align: justify;\"><img decoding=\"async\" class=\"aligncenter size-full wp-image-9830\" src=\"http:\/\/termix.net\/wp-content\/uploads\/2017\/05\/bvsi.jpg\" alt=\"La plancha de pelo Black Velvet de Termix viaja a Orlando\" width=\"800\" height=\"462\" \/><\/p>\n<p style=\"text-align: justify;\">Por si esto no fuera suficiente, Termix cumple 30 a\u00f1os y qu\u00e9 mejor que una cita internacional para celebrarlo. Con raz\u00f3n de conmemorar estas tres d\u00e9cadas dedicadas al mundo de la peluquer\u00eda profesional, Termix ha lanzado dos productos de edici\u00f3n limitada. Por un lado, encontramos el glamouroso Evolution Gold, un cepillo envuelto en un color dorado muy atractivo que combina dos tipolog\u00edas de fibras, convirti\u00e9ndolo en el mejor aliado de cabellos da\u00f1ados, sensibilizados por tintes o rizados.<\/p>\n<p style=\"text-align: justify;\"><img decoding=\"async\" class=\"aligncenter size-full wp-image-9831\" src=\"http:\/\/termix.net\/wp-content\/uploads\/2017\/05\/gold.jpg\" alt=\"Los Evolution Gold son los cepillos conmemorativos del 30 aniversario de Termix\" width=\"800\" height=\"462\" \/><\/p>\n<p style=\"text-align: justify;\">Adem\u00e1s de este pack tan singular de cepillos, se a\u00f1ade como estreno especial, los cepillos Termix profesionales 30 aniversario. Estos cepillos estrenan nuevo recubrimiento cer\u00e1mico en color negro, de forma que consiguen repartir uniformemente el calor y lo mantienen durante m\u00e1s tiempo, adem\u00e1s consiguen un efecto de peinado mucho m\u00e1s duradero y un cabello m\u00e1s sano evitando la aplicaci\u00f3n de calor demasiado focalizada.<\/p>\n<p style=\"text-align: justify;\">Todas estas novedades son fruto de una<strong> dedicaci\u00f3n constante<\/strong> y efectiva.<\/p>\n<p style=\"text-align: justify;\">Termix trabaja a diario para seguir siendo l\u00edderes en el sector y expandirse a otros mercados, <strong>constatando la calidad e innovaci\u00f3n<\/strong> de sus productos. Un cita obligada para todas las marcas de referencia de todo el mundo y donde Termix no pod\u00eda faltar.<\/p>\n<h2 style=\"text-align: justify;\">\u00a1Te invitamos a <strong>acudir a nuestro stand<\/strong>, donde estaremos encantados de recibirte para informarte sobre las mejores herramientas de peluquer\u00eda profesional!<\/h2>\n<\/div><div class=\"fusion-clearfix\"><\/div><\/div><\/div><\/div><\/div><div class=\"fusion-fullwidth fullwidth-box fusion-builder-row-4 nonhundred-percent-fullwidth non-hundred-percent-height-scrolling\" style=\"--awb-border-radius-top-left:0px;--awb-border-radius-top-right:0px;--awb-border-radius-bottom-right:0px;--awb-border-radius-bottom-left:0px;\" ><\/div><\/p>\n","protected":false},"excerpt":{"rendered":"<p>\t\t\t\tTermix ya est\u00e1 preparando las maletas para viajar a Orlando y asistir a una de las mayores ferias de peluquer\u00eda y  est\u00e9tica de los Estados Unidos. Del 3 al 5 de junio se celebrar\u00e1 la Premier Orlando International Beauty Event que espera a m\u00e1s de 800 expositores procedentes de 35 pa\u00edses, entre profesionales y empresas dedicados al mundo de la belleza.\t\t<\/p>\n","protected":false},"author":2,"featured_media":22643,"comment_status":"open","ping_status":"open","sticky":false,"template":"","format":"standard","meta":[],"categories":[6],"tags":[],"yoast_head":"<!-- This site is optimized with the Yoast SEO plugin v20.0 - https:\/\/yoast.com\/wordpress\/plugins\/seo\/ -->\n<title>TERMIX VIAJA A ORLANDO A CELEBRAR SUS 30 A\u00d1OS<\/title>\n<meta name=\"description\" content=\"Termix va preparando las maletas y viaja a Orlando para asistir a una de las mayores ferias de peluquer\u00eda y est\u00e9tica de los Estados Unidos.\" \/>\n<meta name=\"robots\" content=\"index, follow, max-snippet:-1, max-image-preview:large, max-video-preview:-1\" \/>\n<link rel=\"canonical\" href=\"https:\/\/termix.net\/blog\/es\/premiere-de-orlando-proxima-parada-en-el-30-aniversario-termix\/\" \/>\n<meta property=\"og:locale\" content=\"es_ES\" \/>\n<meta property=\"og:type\" content=\"article\" \/>\n<meta property=\"og:title\" content=\"TERMIX VIAJA A ORLANDO A CELEBRAR SUS 30 A\u00d1OS\" \/>\n<meta property=\"og:description\" content=\"Termix va preparando las maletas y viaja a Orlando para asistir a una de las mayores ferias de peluquer\u00eda y est\u00e9tica de los Estados Unidos.\" \/>\n<meta property=\"og:url\" content=\"https:\/\/termix.net\/blog\/es\/premiere-de-orlando-proxima-parada-en-el-30-aniversario-termix\/\" \/>\n<meta property=\"og:site_name\" content=\"Blog Termix Spain\" \/>\n<meta property=\"article:published_time\" content=\"2017-05-15T11:29:38+00:00\" \/>\n<meta property=\"article:modified_time\" content=\"2019-12-16T11:31:35+00:00\" \/>\n<meta property=\"og:image\" content=\"https:\/\/termix.net\/blog\/wp-content\/uploads\/2017\/05\/preorla.jpg\" \/>\n\t<meta property=\"og:image:width\" content=\"800\" \/>\n\t<meta property=\"og:image:height\" content=\"462\" \/>\n\t<meta property=\"og:image:type\" content=\"image\/jpeg\" \/>\n<meta name=\"author\" content=\"TermixTeam\" \/>\n<meta name=\"twitter:card\" content=\"summary_large_image\" \/>\n<meta name=\"twitter:label1\" content=\"Escrito por\" \/>\n\t<meta name=\"twitter:data1\" content=\"TermixTeam\" \/>\n\t<meta name=\"twitter:label2\" content=\"Tiempo de lectura\" \/>\n\t<meta name=\"twitter:data2\" content=\"8 minutos\" \/>\n<script type=\"application\/ld+json\" class=\"yoast-schema-graph\">{\"@context\":\"https:\/\/schema.org\",\"@graph\":[{\"@type\":\"Article\",\"@id\":\"https:\/\/termix.net\/blog\/es\/premiere-de-orlando-proxima-parada-en-el-30-aniversario-termix\/#article\",\"isPartOf\":{\"@id\":\"https:\/\/termix.net\/blog\/es\/premiere-de-orlando-proxima-parada-en-el-30-aniversario-termix\/\"},\"author\":{\"name\":\"TermixTeam\",\"@id\":\"https:\/\/termix.net\/blog\/es\/#\/schema\/person\/9096c98bdf03c8ddf91ad7172f254f40\"},\"headline\":\"Premiere de Orlando, pr\u00f3xima parada en el 30 aniversario Termix\",\"datePublished\":\"2017-05-15T11:29:38+00:00\",\"dateModified\":\"2019-12-16T11:31:35+00:00\",\"mainEntityOfPage\":{\"@id\":\"https:\/\/termix.net\/blog\/es\/premiere-de-orlando-proxima-parada-en-el-30-aniversario-termix\/\"},\"wordCount\":1699,\"commentCount\":0,\"publisher\":{\"@id\":\"https:\/\/termix.net\/blog\/es\/#organization\"},\"articleSection\":[\"NOTICIAS\"],\"inLanguage\":\"es\",\"potentialAction\":[{\"@type\":\"CommentAction\",\"name\":\"Comment\",\"target\":[\"https:\/\/termix.net\/blog\/es\/premiere-de-orlando-proxima-parada-en-el-30-aniversario-termix\/#respond\"]}]},{\"@type\":\"WebPage\",\"@id\":\"https:\/\/termix.net\/blog\/es\/premiere-de-orlando-proxima-parada-en-el-30-aniversario-termix\/\",\"url\":\"https:\/\/termix.net\/blog\/es\/premiere-de-orlando-proxima-parada-en-el-30-aniversario-termix\/\",\"name\":\"TERMIX VIAJA A ORLANDO A CELEBRAR SUS 30 A\u00d1OS\",\"isPartOf\":{\"@id\":\"https:\/\/termix.net\/blog\/es\/#website\"},\"datePublished\":\"2017-05-15T11:29:38+00:00\",\"dateModified\":\"2019-12-16T11:31:35+00:00\",\"description\":\"Termix va preparando las maletas y viaja a Orlando para asistir a una de las mayores ferias de peluquer\u00eda y est\u00e9tica de los Estados Unidos.\",\"breadcrumb\":{\"@id\":\"https:\/\/termix.net\/blog\/es\/premiere-de-orlando-proxima-parada-en-el-30-aniversario-termix\/#breadcrumb\"},\"inLanguage\":\"es\",\"potentialAction\":[{\"@type\":\"ReadAction\",\"target\":[\"https:\/\/termix.net\/blog\/es\/premiere-de-orlando-proxima-parada-en-el-30-aniversario-termix\/\"]}]},{\"@type\":\"BreadcrumbList\",\"@id\":\"https:\/\/termix.net\/blog\/es\/premiere-de-orlando-proxima-parada-en-el-30-aniversario-termix\/#breadcrumb\",\"itemListElement\":[{\"@type\":\"ListItem\",\"position\":1,\"name\":\"Home\",\"item\":\"https:\/\/termix.net\/blog\/es\/\"},{\"@type\":\"ListItem\",\"position\":2,\"name\":\"Premiere de Orlando, pr\u00f3xima parada en el 30 aniversario Termix\"}]},{\"@type\":\"WebSite\",\"@id\":\"https:\/\/termix.net\/blog\/es\/#website\",\"url\":\"https:\/\/termix.net\/blog\/es\/\",\"name\":\"Blog Termix Spain\",\"description\":\"Blog de tendencias y productos de peluquer\u00eda profesional.\",\"publisher\":{\"@id\":\"https:\/\/termix.net\/blog\/es\/#organization\"},\"potentialAction\":[{\"@type\":\"SearchAction\",\"target\":{\"@type\":\"EntryPoint\",\"urlTemplate\":\"https:\/\/termix.net\/blog\/es\/?s={search_term_string}\"},\"query-input\":\"required name=search_term_string\"}],\"inLanguage\":\"es\"},{\"@type\":\"Organization\",\"@id\":\"https:\/\/termix.net\/blog\/es\/#organization\",\"name\":\"Dols Industrial de Peluquer\u00eda SA\",\"url\":\"https:\/\/termix.net\/blog\/es\/\",\"logo\":{\"@type\":\"ImageObject\",\"inLanguage\":\"es\",\"@id\":\"https:\/\/termix.net\/blog\/es\/#\/schema\/logo\/image\/\",\"url\":\"https:\/\/termix.net\/blog\/wp-content\/uploads\/2020\/10\/OGbDAeng.jpeg\",\"contentUrl\":\"https:\/\/termix.net\/blog\/wp-content\/uploads\/2020\/10\/OGbDAeng.jpeg\",\"width\":800,\"height\":800,\"caption\":\"Dols Industrial de Peluquer\u00eda SA\"},\"image\":{\"@id\":\"https:\/\/termix.net\/blog\/es\/#\/schema\/logo\/image\/\"}},{\"@type\":\"Person\",\"@id\":\"https:\/\/termix.net\/blog\/es\/#\/schema\/person\/9096c98bdf03c8ddf91ad7172f254f40\",\"name\":\"TermixTeam\",\"image\":{\"@type\":\"ImageObject\",\"inLanguage\":\"es\",\"@id\":\"https:\/\/termix.net\/blog\/es\/#\/schema\/person\/image\/\",\"url\":\"https:\/\/secure.gravatar.com\/avatar\/d89f61f6bd1c29a4acb231736d1c74b3?s=96&d=mm&r=g\",\"contentUrl\":\"https:\/\/secure.gravatar.com\/avatar\/d89f61f6bd1c29a4acb231736d1c74b3?s=96&d=mm&r=g\",\"caption\":\"TermixTeam\"},\"url\":\"https:\/\/termix.net\/blog\/es\/author\/termixteam\/\"}]}<\/script>\n<!-- \/ Yoast SEO plugin. -->","yoast_head_json":{"title":"TERMIX VIAJA A ORLANDO A CELEBRAR SUS 30 A\u00d1OS","description":"Termix va preparando las maletas y viaja a Orlando para asistir a una de las mayores ferias de peluquer\u00eda y est\u00e9tica de los Estados Unidos.","robots":{"index":"index","follow":"follow","max-snippet":"max-snippet:-1","max-image-preview":"max-image-preview:large","max-video-preview":"max-video-preview:-1"},"canonical":"https:\/\/termix.net\/blog\/es\/premiere-de-orlando-proxima-parada-en-el-30-aniversario-termix\/","og_locale":"es_ES","og_type":"article","og_title":"TERMIX VIAJA A ORLANDO A CELEBRAR SUS 30 A\u00d1OS","og_description":"Termix va preparando las maletas y viaja a Orlando para asistir a una de las mayores ferias de peluquer\u00eda y est\u00e9tica de los Estados Unidos.","og_url":"https:\/\/termix.net\/blog\/es\/premiere-de-orlando-proxima-parada-en-el-30-aniversario-termix\/","og_site_name":"Blog Termix Spain","article_published_time":"2017-05-15T11:29:38+00:00","article_modified_time":"2019-12-16T11:31:35+00:00","og_image":[{"width":800,"height":462,"url":"https:\/\/termix.net\/blog\/wp-content\/uploads\/2017\/05\/preorla.jpg","type":"image\/jpeg"}],"author":"TermixTeam","twitter_card":"summary_large_image","twitter_misc":{"Escrito por":"TermixTeam","Tiempo de lectura":"8 minutos"},"schema":{"@context":"https:\/\/schema.org","@graph":[{"@type":"Article","@id":"https:\/\/termix.net\/blog\/es\/premiere-de-orlando-proxima-parada-en-el-30-aniversario-termix\/#article","isPartOf":{"@id":"https:\/\/termix.net\/blog\/es\/premiere-de-orlando-proxima-parada-en-el-30-aniversario-termix\/"},"author":{"name":"TermixTeam","@id":"https:\/\/termix.net\/blog\/es\/#\/schema\/person\/9096c98bdf03c8ddf91ad7172f254f40"},"headline":"Premiere de Orlando, pr\u00f3xima parada en el 30 aniversario Termix","datePublished":"2017-05-15T11:29:38+00:00","dateModified":"2019-12-16T11:31:35+00:00","mainEntityOfPage":{"@id":"https:\/\/termix.net\/blog\/es\/premiere-de-orlando-proxima-parada-en-el-30-aniversario-termix\/"},"wordCount":1699,"commentCount":0,"publisher":{"@id":"https:\/\/termix.net\/blog\/es\/#organization"},"articleSection":["NOTICIAS"],"inLanguage":"es","potentialAction":[{"@type":"CommentAction","name":"Comment","target":["https:\/\/termix.net\/blog\/es\/premiere-de-orlando-proxima-parada-en-el-30-aniversario-termix\/#respond"]}]},{"@type":"WebPage","@id":"https:\/\/termix.net\/blog\/es\/premiere-de-orlando-proxima-parada-en-el-30-aniversario-termix\/","url":"https:\/\/termix.net\/blog\/es\/premiere-de-orlando-proxima-parada-en-el-30-aniversario-termix\/","name":"TERMIX VIAJA A ORLANDO A CELEBRAR SUS 30 A\u00d1OS","isPartOf":{"@id":"https:\/\/termix.net\/blog\/es\/#website"},"datePublished":"2017-05-15T11:29:38+00:00","dateModified":"2019-12-16T11:31:35+00:00","description":"Termix va preparando las maletas y viaja a Orlando para asistir a una de las mayores ferias de peluquer\u00eda y est\u00e9tica de los Estados Unidos.","breadcrumb":{"@id":"https:\/\/termix.net\/blog\/es\/premiere-de-orlando-proxima-parada-en-el-30-aniversario-termix\/#breadcrumb"},"inLanguage":"es","potentialAction":[{"@type":"ReadAction","target":["https:\/\/termix.net\/blog\/es\/premiere-de-orlando-proxima-parada-en-el-30-aniversario-termix\/"]}]},{"@type":"BreadcrumbList","@id":"https:\/\/termix.net\/blog\/es\/premiere-de-orlando-proxima-parada-en-el-30-aniversario-termix\/#breadcrumb","itemListElement":[{"@type":"ListItem","position":1,"name":"Home","item":"https:\/\/termix.net\/blog\/es\/"},{"@type":"ListItem","position":2,"name":"Premiere de Orlando, pr\u00f3xima parada en el 30 aniversario Termix"}]},{"@type":"WebSite","@id":"https:\/\/termix.net\/blog\/es\/#website","url":"https:\/\/termix.net\/blog\/es\/","name":"Blog Termix Spain","description":"Blog de tendencias y productos de peluquer\u00eda profesional.","publisher":{"@id":"https:\/\/termix.net\/blog\/es\/#organization"},"potentialAction":[{"@type":"SearchAction","target":{"@type":"EntryPoint","urlTemplate":"https:\/\/termix.net\/blog\/es\/?s={search_term_string}"},"query-input":"required name=search_term_string"}],"inLanguage":"es"},{"@type":"Organization","@id":"https:\/\/termix.net\/blog\/es\/#organization","name":"Dols Industrial de Peluquer\u00eda SA","url":"https:\/\/termix.net\/blog\/es\/","logo":{"@type":"ImageObject","inLanguage":"es","@id":"https:\/\/termix.net\/blog\/es\/#\/schema\/logo\/image\/","url":"https:\/\/termix.net\/blog\/wp-content\/uploads\/2020\/10\/OGbDAeng.jpeg","contentUrl":"https:\/\/termix.net\/blog\/wp-content\/uploads\/2020\/10\/OGbDAeng.jpeg","width":800,"height":800,"caption":"Dols Industrial de Peluquer\u00eda SA"},"image":{"@id":"https:\/\/termix.net\/blog\/es\/#\/schema\/logo\/image\/"}},{"@type":"Person","@id":"https:\/\/termix.net\/blog\/es\/#\/schema\/person\/9096c98bdf03c8ddf91ad7172f254f40","name":"TermixTeam","image":{"@type":"ImageObject","inLanguage":"es","@id":"https:\/\/termix.net\/blog\/es\/#\/schema\/person\/image\/","url":"https:\/\/secure.gravatar.com\/avatar\/d89f61f6bd1c29a4acb231736d1c74b3?s=96&d=mm&r=g","contentUrl":"https:\/\/secure.gravatar.com\/avatar\/d89f61f6bd1c29a4acb231736d1c74b3?s=96&d=mm&r=g","caption":"TermixTeam"},"url":"https:\/\/termix.net\/blog\/es\/author\/termixteam\/"}]}},"_links":{"self":[{"href":"https:\/\/termix.net\/blog\/es\/wp-json\/wp\/v2\/posts\/9801"}],"collection":[{"href":"https:\/\/termix.net\/blog\/es\/wp-json\/wp\/v2\/posts"}],"about":[{"href":"https:\/\/termix.net\/blog\/es\/wp-json\/wp\/v2\/types\/post"}],"author":[{"embeddable":true,"href":"https:\/\/termix.net\/blog\/es\/wp-json\/wp\/v2\/users\/2"}],"replies":[{"embeddable":true,"href":"https:\/\/termix.net\/blog\/es\/wp-json\/wp\/v2\/comments?post=9801"}],"version-history":[{"count":2,"href":"https:\/\/termix.net\/blog\/es\/wp-json\/wp\/v2\/posts\/9801\/revisions"}],"predecessor-version":[{"id":22646,"href":"https:\/\/termix.net\/blog\/es\/wp-json\/wp\/v2\/posts\/9801\/revisions\/22646"}],"wp:featuredmedia":[{"embeddable":true,"href":"https:\/\/termix.net\/blog\/es\/wp-json\/wp\/v2\/media\/22643"}],"wp:attachment":[{"href":"https:\/\/termix.net\/blog\/es\/wp-json\/wp\/v2\/media?parent=9801"}],"wp:term":[{"taxonomy":"category","embeddable":true,"href":"https:\/\/termix.net\/blog\/es\/wp-json\/wp\/v2\/categories?post=9801"},{"taxonomy":"post_tag","embeddable":true,"href":"https:\/\/termix.net\/blog\/es\/wp-json\/wp\/v2\/tags?post=9801"}],"curies":[{"name":"wp","href":"https:\/\/api.w.org\/{rel}","templated":true}]}}