{"id":9571,"date":"2017-04-19T11:56:25","date_gmt":"2017-04-19T11:56:25","guid":{"rendered":"http:\/\/termix.net\/?p=9571"},"modified":"2019-12-11T10:21:53","modified_gmt":"2019-12-11T09:21:53","slug":"termix-presente-dos-importantes-citas-europeas-del-sector","status":"publish","type":"post","link":"https:\/\/termix.net\/blog\/es\/termix-presente-dos-importantes-citas-europeas-del-sector\/","title":{"rendered":"Termix presente en dos importantes citas europeas del sector"},"content":{"rendered":"<p><div class=\"fusion-fullwidth fullwidth-box fusion-builder-row-1 faded-background fusion-parallax-none nonhundred-percent-fullwidth non-hundred-percent-height-scrolling fusion-no-small-visibility fusion-no-medium-visibility\" style=\"--awb-border-radius-top-left:0px;--awb-border-radius-top-right:0px;--awb-border-radius-bottom-right:0px;--awb-border-radius-bottom-left:0px;--awb-padding-top:24%;--awb-padding-right:3%;--awb-padding-left:3%;--awb-background-size:cover;\" ><div class=\"fullwidth-faded\" style=\"--awb-background-color:#181818;--awb-background-image:url(https:\/\/termix.net\/blog\/wp-content\/uploads\/2017\/04\/termix1.jpg);--awb-background-size:cover;\" ><\/div><div class=\"fusion-builder-row fusion-row\"><div class=\"fusion-layout-column fusion_builder_column fusion-builder-column-0 fusion_builder_column_1_1 1_1 fusion-one-full fusion-column-first fusion-column-last\" style=\"--awb-padding-top:6%;--awb-padding-right:8%;--awb-padding-bottom:6%;--awb-padding-left:8%;--awb-bg-color:rgba(255,255,255,0.7);--awb-bg-size:cover;--awb-margin-top:0px;--awb-margin-bottom:0px;\"><div class=\"fusion-column-wrapper fusion-column-has-shadow fusion-flex-column-wrapper-legacy\"><div class=\"fusion-text fusion-text-1 caption\"><p style=\"text-align: center;\">Ferias \u2014 3 min de lectura<\/p>\n<\/div><div class=\"fusion-title title fusion-title-1 fusion-sep-none fusion-title-center fusion-title-text fusion-title-size-two\" style=\"--awb-margin-top:30px;--awb-margin-bottom:20px;\"><h2 class=\"title-heading-center fusion-responsive-typography-calculated\" style=\"margin:0;--fontSize:50;line-height:1.28;\">Termix presente en dos importantes citas europeas del sector<\/h2><\/div><div class=\"fusion-clearfix\"><\/div><\/div><\/div><\/div><\/div><div class=\"fusion-fullwidth fullwidth-box fusion-builder-row-2 fusion-parallax-none nonhundred-percent-fullwidth non-hundred-percent-height-scrolling fusion-no-large-visibility\" style=\"--awb-border-radius-top-left:0px;--awb-border-radius-top-right:0px;--awb-border-radius-bottom-right:0px;--awb-border-radius-bottom-left:0px;--awb-background-image:url(&quot;https:\/\/termix.net\/blog\/wp-content\/uploads\/2019\/11\/con-el-secador-compacto-profesioanl-4300-de-termix-damos-volumen-al-cabello-1.jpg&quot;);--awb-background-size:cover;\" ><div class=\"fusion-builder-row fusion-row\"><div class=\"fusion-layout-column fusion_builder_column fusion-builder-column-1 fusion_builder_column_1_1 1_1 fusion-one-full fusion-column-first fusion-column-last fusion-column-inner-bg-wrapper\" style=\"--awb-padding-top:10%;--awb-padding-bottom:10%;--awb-inner-bg-image:url(&#039;http:\/\/termix.net\/blog\/wp-content\/uploads\/2019\/03\/single-blog-post-feat.jpg&#039;);--awb-inner-bg-position:center center;--awb-inner-bg-size:cover;\"><span class=\"fusion-column-inner-bg hover-type-zoomout\"><span class=\"fusion-column-anchor\"><span class=\"fusion-column-inner-bg-image\"><\/span><\/span><\/span><div class=\"fusion-column-wrapper fusion-flex-column-wrapper-legacy\" data-bg-url=\"http:\/\/termix.net\/blog\/wp-content\/uploads\/2019\/03\/single-blog-post-feat.jpg\"><div class=\"fusion-sep-clear\"><\/div><div class=\"fusion-separator fusion-no-large-visibility fusion-full-width-sep\" style=\"margin-left: auto;margin-right: auto;margin-top:200px;width:100%;\"><\/div><div class=\"fusion-sep-clear\"><\/div><div class=\"fusion-clearfix\"><\/div><\/div><\/div><div class=\"fusion-layout-column fusion_builder_column fusion-builder-column-2 fusion_builder_column_1_1 1_1 fusion-one-full fusion-column-first fusion-column-last\" style=\"--awb-padding-top:6%;--awb-bg-color:#ffffff;--awb-bg-size:cover;--awb-margin-top:0px;--awb-margin-bottom:0px;\"><div class=\"fusion-column-wrapper fusion-flex-column-wrapper-legacy\"><div class=\"fusion-text fusion-text-2 caption\"><p style=\"text-align: center;\">Ferias \u2014 3 min de lectura<\/p>\n<\/div><div class=\"fusion-title title fusion-title-2 fusion-sep-none fusion-title-center fusion-title-text fusion-title-size-two\" style=\"--awb-margin-top:30px;--awb-margin-bottom:20px;\"><h2 class=\"title-heading-center fusion-responsive-typography-calculated\" style=\"margin:0;--fontSize:50;line-height:1.28;\">Termix presente en dos importantes citas europeas del sector<\/h2><\/div><div class=\"fusion-clearfix\"><\/div><\/div><\/div><\/div><\/div><div class=\"fusion-fullwidth fullwidth-box fusion-builder-row-3 nonhundred-percent-fullwidth non-hundred-percent-height-scrolling\" style=\"--awb-border-radius-top-left:0px;--awb-border-radius-top-right:0px;--awb-border-radius-bottom-right:0px;--awb-border-radius-bottom-left:0px;--awb-padding-top:10px;--awb-padding-bottom:4%;\" ><div class=\"fusion-builder-row fusion-row\"><div class=\"fusion-layout-column fusion_builder_column fusion-builder-column-3 fusion_builder_column_1_6 1_6 fusion-one-sixth fusion-column-first fusion-no-small-visibility fusion-no-medium-visibility\" style=\"--awb-bg-size:cover;width:16.666666666667%;width:calc(16.666666666667% - ( ( 0 ) * 0.16666666666667 ) );margin-right: 0px;\"><div class=\"fusion-column-wrapper fusion-flex-column-wrapper-legacy\"><div class=\"fusion-clearfix\"><\/div><\/div><\/div><div class=\"fusion-layout-column fusion_builder_column fusion-builder-column-4 fusion_builder_column_2_3 2_3 fusion-two-third fusion-column-last\" style=\"--awb-bg-size:cover;width:66.666666666667%;width:calc(66.666666666667% - ( ( 0 ) * 0.66666666666667 ) );\"><div class=\"fusion-column-wrapper fusion-flex-column-wrapper-legacy\"><div class=\"fusion-sep-clear\"><\/div><div class=\"fusion-separator fusion-full-width-sep\" style=\"margin-left: auto;margin-right: auto;margin-top:30px;width:100%;\"><\/div><div class=\"fusion-sep-clear\"><\/div><div class=\"fusion-text fusion-text-3\"><p style=\"text-align: center;\"><span style=\"font-size: 22px; line-height: 1.5em;\"> Este fin de semana del 22 al 24 de abril, Termix estar\u00e1 presente en dos citas europeas anuales muy relevantes del sector: la feria <strong>Beauty Vision <\/strong>que se celebra en<strong> Polonia<\/strong>, y <strong>Expocosm\u00e9tica<\/strong> en la ciudad de <strong>Oporto<\/strong>. De esta forma, Termix consolida su presencia en el mercado polaco y portugu\u00e9s asistiendo de forma simult\u00e1nea a ambas citas tan destacadas.<\/span><\/p>\n<\/div><div class=\"fusion-sep-clear\"><\/div><div class=\"fusion-separator fusion-full-width-sep\" style=\"margin-left: auto;margin-right: auto;margin-top:30px;width:100%;\"><\/div><div class=\"fusion-sep-clear\"><\/div><div class=\"fusion-text fusion-text-4\"><p style=\"text-align: justify;\">Con una cifra de <strong>56.000 visitantes<\/strong> en ambas ferias el pasado a\u00f1o, en estas ediciones se espera superar este n\u00famero gracias a la oferta de diversas actividades que congregar\u00e1n a m\u00e1s de<strong> 450 expositores<\/strong> del mundo de la <strong>belleza<\/strong>, la <strong>cosm\u00e9tica<\/strong> y la<strong> peluquer\u00eda<\/strong>.<\/p>\n<p style=\"text-align: justify;\">Aprovechando el 30 aniversario de la compa\u00f1\u00eda, Termix presentar\u00e1 en ambas ciudades las \u00faltimas novedades con la m\u00e1s alta tecnolog\u00eda y con el indiscutible sello \u201cMade in Spain\u201d como los cepillos C\u00b7Ramic Colors y la gama Evolution Gold. Tambi\u00e9n habr\u00e1 lugar para presentar en la feria de Oporto el \u00faltimo lanzamiento en planchas de pelo, la nueva Black Velvet de Termix.<\/p>\n<h2 class=\"Cuerpo\">C\u00b7RAMIC COLORS, INSPIRADOS EN LA NATURALEZA<\/h2>\n<p style=\"text-align: justify;\"><img decoding=\"async\" class=\"aligncenter size-full wp-image-9522\" src=\"http:\/\/termix.net\/wp-content\/uploads\/2017\/04\/webcolores.jpg\" alt=\"Escogemos los C\u00b7RAMIC COLORS para hacer la prueba: 5 cepillos para una \u00fanica melena\" width=\"6000\" height=\"3784\" \/><\/p>\n<p style=\"text-align: justify;\">De la mano de los colores de temporada e inspirados en la naturaleza, Termix propone los nuevos C\u00b7Ramic Colors en los tonos m\u00e1s vibrantes como el rosa (pink yarrow), el azul (island paradise) y el amarillo (primrose yellow). Presentado en un pack de 5 cepillos junto a su tecnolog\u00eda cer\u00e1mica, las fibras ionizadas y un mango 100% ergon\u00f3mico, hacen que estos cepillos sean uno de los productos m\u00e1s completos para cualquier sal\u00f3n de peluquer\u00eda.<\/p>\n<h2 class=\"Cuerpo\">EVOLUTION GOLD, LA SOFISTICACI\u00d3N DEL ORO<\/h2>\n<p style=\"text-align: justify;\"><img decoding=\"async\" class=\"aligncenter size-full wp-image-9575\" src=\"http:\/\/termix.net\/wp-content\/uploads\/2017\/04\/gold2.jpg\" alt=\"Otra de las novedades de Termix: el cepillo de edici\u00f3n limitada Evolution Gold de Termix\" width=\"1200\" height=\"630\" \/><\/p>\n<p class=\"Cuerpo\" style=\"text-align: justify;\">Otra de las novedades presentadas es el cepillo Evolution Gold que luce un sofisticado dise\u00f1o en color dorado con motivo del 30 aniversario de Termix. Este cepillo presenta como innovaci\u00f3n un balanceado de fibras que lo hace especialmente adecuado para los cabellos m\u00e1s fr\u00e1giles y delicados. Esta nueva edici\u00f3n limitada, afianza la posici\u00f3n n\u00famero 1 de la gama Evolution en el mercado polaco.<\/p>\n<h2 class=\"Cuerpo\">BLACK VELVET, TACTO TERCIOPELO<\/h2>\n<p class=\"Cuerpo\" style=\"text-align: justify;\"><img decoding=\"async\" class=\"aligncenter size-full wp-image-9576\" src=\"http:\/\/termix.net\/wp-content\/uploads\/2017\/04\/blackvelvetpoland.jpg\" alt=\"La Black Velvet tambi\u00e9n estar\u00e1 presente en estas dos imprescindibles citas del mundo de la belleza\" width=\"1200\" height=\"630\" \/><\/p>\n<p style=\"text-align: justify;\">La nueva <strong>Black Velvet<\/strong> ha revolucionado el sector del cuidado del cabello en lo que a planchas se refiere. Gracias a su tecnolog\u00eda avanzada, nos permite crear muchos estilos de peinado con un acabado ultra brillante combinado con un cuidado excepcional. Su tacto efecto terciopelo hace que sea muy f\u00e1cil de manejar y perfecta tanto para uso profesional como personal.<\/p>\n<h2 class=\"Cuerpo\">LAS ACTUACIONES Y EVENTOS M\u00c1S CARISM\u00c1TICOS<\/h2>\n<p class=\"Cuerpo\" style=\"text-align: justify;\"><span lang=\"ES-TRAD\">Los embajadores de Termix en Portugal y en Polonia estar\u00e1n presentes en ambas ferias respectivamente, y ser\u00e1n los encargados de ofrecer shows a los visitantes. Mostrar\u00e1n en directo las <strong>\u00faltimas tendencias<\/strong> en corte y estilismo de cabello utilizando <strong>productos Termix<\/strong>.<\/span><\/p>\n<p class=\"Cuerpo\" style=\"text-align: justify;\"><span lang=\"ES-TRAD\">En <strong>Expocosm\u00e9tica<\/strong> contaremos con <strong>Danilo Alfonso y Arthur Heiderick<\/strong>, los embajadores de Termix en Portugal, que sorprender\u00e1n a los visitantes con su <strong>show \u201cfusion\u201d<\/strong> en el que utilizan las m\u00e1quinas de corte Power Cut y Styling Cut.<\/span><\/p>\n<p class=\"Cuerpo\" style=\"text-align: justify;\"><span lang=\"ES-TRAD\">Uno de los estilistas polacos m\u00e1s reconocidos y embajador de los productos Termix en el pa\u00eds, <strong>Bartek Bronowicki<\/strong>, ser\u00e1 el encargado de ofrecer shows en <strong>Beauty Vision<\/strong> utilizando las novedades presentadas en feria en tanto a<strong> cepillos Termix<\/strong>.<\/span><\/p>\n<p style=\"text-align: justify;\">Una de las actividades en las que Termix colabora activamente en la feria de Polonia, ser\u00e1 la <strong>Artego Prestige Night<\/strong>. Un importante evento en el que Termix y Artego unen fuerzas para reunir a <strong>m\u00e1s de 550 estilistas<\/strong> con el \u00e1nimo de afianzar Termix como marca elegida por los profesionales m\u00e1s exigentes del sector.<\/p>\n<h2 style=\"text-align: justify;\">Si algo est\u00e1 claro es que Termix no dejar\u00e1 indeferente a los asistentes a ambas ferias y que \u00a1el espect\u00e1culo est\u00e1 asegurado!<\/h2>\n<\/div><div class=\"fusion-clearfix\"><\/div><\/div><\/div><\/div><\/div><div class=\"fusion-fullwidth fullwidth-box fusion-builder-row-4 nonhundred-percent-fullwidth non-hundred-percent-height-scrolling\" style=\"--awb-border-radius-top-left:0px;--awb-border-radius-top-right:0px;--awb-border-radius-bottom-right:0px;--awb-border-radius-bottom-left:0px;\" ><\/div><\/p>\n","protected":false},"excerpt":{"rendered":"<p>\t\t\t\tEste fin de semana, Termix participar\u00e1 simult\u00e1neamente en dos de las citas europeas m\u00e1s importantes del sector: Beauty Vision en Polonia y la feria Expocosm\u00e9tica en Portugal. Termix consolida su presencia en el mercado polaco y portugu\u00e9s asistiendo de forma simult\u00e1nea a ambas citas.\t\t<\/p>\n","protected":false},"author":2,"featured_media":22656,"comment_status":"open","ping_status":"open","sticky":false,"template":"","format":"standard","meta":[],"categories":[6],"tags":[],"yoast_head":"<!-- This site is optimized with the Yoast SEO plugin v20.0 - https:\/\/yoast.com\/wordpress\/plugins\/seo\/ -->\n<title>TERMIX PRESENTE EN DOS IMPORTANTES CITAS EUROPEAS DEL SECTOR<\/title>\n<meta name=\"description\" content=\"Termix estar\u00e1 presente en dos citas europeas anuales muy relevantes del sector: Beauty Vision en Polonia, y Expocosm\u00e9tica en la ciudad de Oporto.\" \/>\n<meta name=\"robots\" content=\"index, follow, max-snippet:-1, max-image-preview:large, max-video-preview:-1\" \/>\n<link rel=\"canonical\" href=\"https:\/\/termix.net\/blog\/es\/termix-presente-dos-importantes-citas-europeas-del-sector\/\" \/>\n<meta property=\"og:locale\" content=\"es_ES\" \/>\n<meta property=\"og:type\" content=\"article\" \/>\n<meta property=\"og:title\" content=\"TERMIX PRESENTE EN DOS IMPORTANTES CITAS EUROPEAS DEL SECTOR\" \/>\n<meta property=\"og:description\" content=\"Termix estar\u00e1 presente en dos citas europeas anuales muy relevantes del sector: Beauty Vision en Polonia, y Expocosm\u00e9tica en la ciudad de Oporto.\" \/>\n<meta property=\"og:url\" content=\"https:\/\/termix.net\/blog\/es\/termix-presente-dos-importantes-citas-europeas-del-sector\/\" \/>\n<meta property=\"og:site_name\" content=\"Blog Termix Spain\" \/>\n<meta property=\"article:published_time\" content=\"2017-04-19T11:56:25+00:00\" \/>\n<meta property=\"article:modified_time\" content=\"2019-12-11T09:21:53+00:00\" \/>\n<meta property=\"og:image\" content=\"https:\/\/termix.net\/blog\/wp-content\/uploads\/2017\/04\/termix1.jpg\" \/>\n\t<meta property=\"og:image:width\" content=\"1200\" \/>\n\t<meta property=\"og:image:height\" content=\"630\" \/>\n\t<meta property=\"og:image:type\" content=\"image\/jpeg\" \/>\n<meta name=\"author\" content=\"TermixTeam\" \/>\n<meta name=\"twitter:card\" content=\"summary_large_image\" \/>\n<meta name=\"twitter:label1\" content=\"Escrito por\" \/>\n\t<meta name=\"twitter:data1\" content=\"TermixTeam\" \/>\n\t<meta name=\"twitter:label2\" content=\"Tiempo de lectura\" \/>\n\t<meta name=\"twitter:data2\" content=\"9 minutos\" \/>\n<script type=\"application\/ld+json\" class=\"yoast-schema-graph\">{\"@context\":\"https:\/\/schema.org\",\"@graph\":[{\"@type\":\"Article\",\"@id\":\"https:\/\/termix.net\/blog\/es\/termix-presente-dos-importantes-citas-europeas-del-sector\/#article\",\"isPartOf\":{\"@id\":\"https:\/\/termix.net\/blog\/es\/termix-presente-dos-importantes-citas-europeas-del-sector\/\"},\"author\":{\"name\":\"TermixTeam\",\"@id\":\"https:\/\/termix.net\/blog\/es\/#\/schema\/person\/9096c98bdf03c8ddf91ad7172f254f40\"},\"headline\":\"Termix presente en dos importantes citas europeas del sector\",\"datePublished\":\"2017-04-19T11:56:25+00:00\",\"dateModified\":\"2019-12-11T09:21:53+00:00\",\"mainEntityOfPage\":{\"@id\":\"https:\/\/termix.net\/blog\/es\/termix-presente-dos-importantes-citas-europeas-del-sector\/\"},\"wordCount\":1785,\"commentCount\":0,\"publisher\":{\"@id\":\"https:\/\/termix.net\/blog\/es\/#organization\"},\"articleSection\":[\"NOTICIAS\"],\"inLanguage\":\"es\",\"potentialAction\":[{\"@type\":\"CommentAction\",\"name\":\"Comment\",\"target\":[\"https:\/\/termix.net\/blog\/es\/termix-presente-dos-importantes-citas-europeas-del-sector\/#respond\"]}]},{\"@type\":\"WebPage\",\"@id\":\"https:\/\/termix.net\/blog\/es\/termix-presente-dos-importantes-citas-europeas-del-sector\/\",\"url\":\"https:\/\/termix.net\/blog\/es\/termix-presente-dos-importantes-citas-europeas-del-sector\/\",\"name\":\"TERMIX PRESENTE EN DOS IMPORTANTES CITAS EUROPEAS DEL SECTOR\",\"isPartOf\":{\"@id\":\"https:\/\/termix.net\/blog\/es\/#website\"},\"datePublished\":\"2017-04-19T11:56:25+00:00\",\"dateModified\":\"2019-12-11T09:21:53+00:00\",\"description\":\"Termix estar\u00e1 presente en dos citas europeas anuales muy relevantes del sector: Beauty Vision en Polonia, y Expocosm\u00e9tica en la ciudad de Oporto.\",\"breadcrumb\":{\"@id\":\"https:\/\/termix.net\/blog\/es\/termix-presente-dos-importantes-citas-europeas-del-sector\/#breadcrumb\"},\"inLanguage\":\"es\",\"potentialAction\":[{\"@type\":\"ReadAction\",\"target\":[\"https:\/\/termix.net\/blog\/es\/termix-presente-dos-importantes-citas-europeas-del-sector\/\"]}]},{\"@type\":\"BreadcrumbList\",\"@id\":\"https:\/\/termix.net\/blog\/es\/termix-presente-dos-importantes-citas-europeas-del-sector\/#breadcrumb\",\"itemListElement\":[{\"@type\":\"ListItem\",\"position\":1,\"name\":\"Home\",\"item\":\"https:\/\/termix.net\/blog\/es\/\"},{\"@type\":\"ListItem\",\"position\":2,\"name\":\"Termix presente en dos importantes citas europeas del sector\"}]},{\"@type\":\"WebSite\",\"@id\":\"https:\/\/termix.net\/blog\/es\/#website\",\"url\":\"https:\/\/termix.net\/blog\/es\/\",\"name\":\"Blog Termix Spain\",\"description\":\"Blog de tendencias y productos de peluquer\u00eda profesional.\",\"publisher\":{\"@id\":\"https:\/\/termix.net\/blog\/es\/#organization\"},\"potentialAction\":[{\"@type\":\"SearchAction\",\"target\":{\"@type\":\"EntryPoint\",\"urlTemplate\":\"https:\/\/termix.net\/blog\/es\/?s={search_term_string}\"},\"query-input\":\"required name=search_term_string\"}],\"inLanguage\":\"es\"},{\"@type\":\"Organization\",\"@id\":\"https:\/\/termix.net\/blog\/es\/#organization\",\"name\":\"Dols Industrial de Peluquer\u00eda SA\",\"url\":\"https:\/\/termix.net\/blog\/es\/\",\"logo\":{\"@type\":\"ImageObject\",\"inLanguage\":\"es\",\"@id\":\"https:\/\/termix.net\/blog\/es\/#\/schema\/logo\/image\/\",\"url\":\"https:\/\/termix.net\/blog\/wp-content\/uploads\/2020\/10\/OGbDAeng.jpeg\",\"contentUrl\":\"https:\/\/termix.net\/blog\/wp-content\/uploads\/2020\/10\/OGbDAeng.jpeg\",\"width\":800,\"height\":800,\"caption\":\"Dols Industrial de Peluquer\u00eda SA\"},\"image\":{\"@id\":\"https:\/\/termix.net\/blog\/es\/#\/schema\/logo\/image\/\"}},{\"@type\":\"Person\",\"@id\":\"https:\/\/termix.net\/blog\/es\/#\/schema\/person\/9096c98bdf03c8ddf91ad7172f254f40\",\"name\":\"TermixTeam\",\"image\":{\"@type\":\"ImageObject\",\"inLanguage\":\"es\",\"@id\":\"https:\/\/termix.net\/blog\/es\/#\/schema\/person\/image\/\",\"url\":\"https:\/\/secure.gravatar.com\/avatar\/d89f61f6bd1c29a4acb231736d1c74b3?s=96&d=mm&r=g\",\"contentUrl\":\"https:\/\/secure.gravatar.com\/avatar\/d89f61f6bd1c29a4acb231736d1c74b3?s=96&d=mm&r=g\",\"caption\":\"TermixTeam\"},\"url\":\"https:\/\/termix.net\/blog\/es\/author\/termixteam\/\"}]}<\/script>\n<!-- \/ Yoast SEO plugin. -->","yoast_head_json":{"title":"TERMIX PRESENTE EN DOS IMPORTANTES CITAS EUROPEAS DEL SECTOR","description":"Termix estar\u00e1 presente en dos citas europeas anuales muy relevantes del sector: Beauty Vision en Polonia, y Expocosm\u00e9tica en la ciudad de Oporto.","robots":{"index":"index","follow":"follow","max-snippet":"max-snippet:-1","max-image-preview":"max-image-preview:large","max-video-preview":"max-video-preview:-1"},"canonical":"https:\/\/termix.net\/blog\/es\/termix-presente-dos-importantes-citas-europeas-del-sector\/","og_locale":"es_ES","og_type":"article","og_title":"TERMIX PRESENTE EN DOS IMPORTANTES CITAS EUROPEAS DEL SECTOR","og_description":"Termix estar\u00e1 presente en dos citas europeas anuales muy relevantes del sector: Beauty Vision en Polonia, y Expocosm\u00e9tica en la ciudad de Oporto.","og_url":"https:\/\/termix.net\/blog\/es\/termix-presente-dos-importantes-citas-europeas-del-sector\/","og_site_name":"Blog Termix Spain","article_published_time":"2017-04-19T11:56:25+00:00","article_modified_time":"2019-12-11T09:21:53+00:00","og_image":[{"width":1200,"height":630,"url":"https:\/\/termix.net\/blog\/wp-content\/uploads\/2017\/04\/termix1.jpg","type":"image\/jpeg"}],"author":"TermixTeam","twitter_card":"summary_large_image","twitter_misc":{"Escrito por":"TermixTeam","Tiempo de lectura":"9 minutos"},"schema":{"@context":"https:\/\/schema.org","@graph":[{"@type":"Article","@id":"https:\/\/termix.net\/blog\/es\/termix-presente-dos-importantes-citas-europeas-del-sector\/#article","isPartOf":{"@id":"https:\/\/termix.net\/blog\/es\/termix-presente-dos-importantes-citas-europeas-del-sector\/"},"author":{"name":"TermixTeam","@id":"https:\/\/termix.net\/blog\/es\/#\/schema\/person\/9096c98bdf03c8ddf91ad7172f254f40"},"headline":"Termix presente en dos importantes citas europeas del sector","datePublished":"2017-04-19T11:56:25+00:00","dateModified":"2019-12-11T09:21:53+00:00","mainEntityOfPage":{"@id":"https:\/\/termix.net\/blog\/es\/termix-presente-dos-importantes-citas-europeas-del-sector\/"},"wordCount":1785,"commentCount":0,"publisher":{"@id":"https:\/\/termix.net\/blog\/es\/#organization"},"articleSection":["NOTICIAS"],"inLanguage":"es","potentialAction":[{"@type":"CommentAction","name":"Comment","target":["https:\/\/termix.net\/blog\/es\/termix-presente-dos-importantes-citas-europeas-del-sector\/#respond"]}]},{"@type":"WebPage","@id":"https:\/\/termix.net\/blog\/es\/termix-presente-dos-importantes-citas-europeas-del-sector\/","url":"https:\/\/termix.net\/blog\/es\/termix-presente-dos-importantes-citas-europeas-del-sector\/","name":"TERMIX PRESENTE EN DOS IMPORTANTES CITAS EUROPEAS DEL SECTOR","isPartOf":{"@id":"https:\/\/termix.net\/blog\/es\/#website"},"datePublished":"2017-04-19T11:56:25+00:00","dateModified":"2019-12-11T09:21:53+00:00","description":"Termix estar\u00e1 presente en dos citas europeas anuales muy relevantes del sector: Beauty Vision en Polonia, y Expocosm\u00e9tica en la ciudad de Oporto.","breadcrumb":{"@id":"https:\/\/termix.net\/blog\/es\/termix-presente-dos-importantes-citas-europeas-del-sector\/#breadcrumb"},"inLanguage":"es","potentialAction":[{"@type":"ReadAction","target":["https:\/\/termix.net\/blog\/es\/termix-presente-dos-importantes-citas-europeas-del-sector\/"]}]},{"@type":"BreadcrumbList","@id":"https:\/\/termix.net\/blog\/es\/termix-presente-dos-importantes-citas-europeas-del-sector\/#breadcrumb","itemListElement":[{"@type":"ListItem","position":1,"name":"Home","item":"https:\/\/termix.net\/blog\/es\/"},{"@type":"ListItem","position":2,"name":"Termix presente en dos importantes citas europeas del sector"}]},{"@type":"WebSite","@id":"https:\/\/termix.net\/blog\/es\/#website","url":"https:\/\/termix.net\/blog\/es\/","name":"Blog Termix Spain","description":"Blog de tendencias y productos de peluquer\u00eda profesional.","publisher":{"@id":"https:\/\/termix.net\/blog\/es\/#organization"},"potentialAction":[{"@type":"SearchAction","target":{"@type":"EntryPoint","urlTemplate":"https:\/\/termix.net\/blog\/es\/?s={search_term_string}"},"query-input":"required name=search_term_string"}],"inLanguage":"es"},{"@type":"Organization","@id":"https:\/\/termix.net\/blog\/es\/#organization","name":"Dols Industrial de Peluquer\u00eda SA","url":"https:\/\/termix.net\/blog\/es\/","logo":{"@type":"ImageObject","inLanguage":"es","@id":"https:\/\/termix.net\/blog\/es\/#\/schema\/logo\/image\/","url":"https:\/\/termix.net\/blog\/wp-content\/uploads\/2020\/10\/OGbDAeng.jpeg","contentUrl":"https:\/\/termix.net\/blog\/wp-content\/uploads\/2020\/10\/OGbDAeng.jpeg","width":800,"height":800,"caption":"Dols Industrial de Peluquer\u00eda SA"},"image":{"@id":"https:\/\/termix.net\/blog\/es\/#\/schema\/logo\/image\/"}},{"@type":"Person","@id":"https:\/\/termix.net\/blog\/es\/#\/schema\/person\/9096c98bdf03c8ddf91ad7172f254f40","name":"TermixTeam","image":{"@type":"ImageObject","inLanguage":"es","@id":"https:\/\/termix.net\/blog\/es\/#\/schema\/person\/image\/","url":"https:\/\/secure.gravatar.com\/avatar\/d89f61f6bd1c29a4acb231736d1c74b3?s=96&d=mm&r=g","contentUrl":"https:\/\/secure.gravatar.com\/avatar\/d89f61f6bd1c29a4acb231736d1c74b3?s=96&d=mm&r=g","caption":"TermixTeam"},"url":"https:\/\/termix.net\/blog\/es\/author\/termixteam\/"}]}},"_links":{"self":[{"href":"https:\/\/termix.net\/blog\/es\/wp-json\/wp\/v2\/posts\/9571"}],"collection":[{"href":"https:\/\/termix.net\/blog\/es\/wp-json\/wp\/v2\/posts"}],"about":[{"href":"https:\/\/termix.net\/blog\/es\/wp-json\/wp\/v2\/types\/post"}],"author":[{"embeddable":true,"href":"https:\/\/termix.net\/blog\/es\/wp-json\/wp\/v2\/users\/2"}],"replies":[{"embeddable":true,"href":"https:\/\/termix.net\/blog\/es\/wp-json\/wp\/v2\/comments?post=9571"}],"version-history":[{"count":3,"href":"https:\/\/termix.net\/blog\/es\/wp-json\/wp\/v2\/posts\/9571\/revisions"}],"predecessor-version":[{"id":22659,"href":"https:\/\/termix.net\/blog\/es\/wp-json\/wp\/v2\/posts\/9571\/revisions\/22659"}],"wp:featuredmedia":[{"embeddable":true,"href":"https:\/\/termix.net\/blog\/es\/wp-json\/wp\/v2\/media\/22656"}],"wp:attachment":[{"href":"https:\/\/termix.net\/blog\/es\/wp-json\/wp\/v2\/media?parent=9571"}],"wp:term":[{"taxonomy":"category","embeddable":true,"href":"https:\/\/termix.net\/blog\/es\/wp-json\/wp\/v2\/categories?post=9571"},{"taxonomy":"post_tag","embeddable":true,"href":"https:\/\/termix.net\/blog\/es\/wp-json\/wp\/v2\/tags?post=9571"}],"curies":[{"name":"wp","href":"https:\/\/api.w.org\/{rel}","templated":true}]}}