{"id":9446,"date":"2017-04-04T11:46:37","date_gmt":"2017-04-04T11:46:37","guid":{"rendered":"http:\/\/termix.net\/?p=9446"},"modified":"2019-12-16T12:32:45","modified_gmt":"2019-12-16T11:32:45","slug":"arrancamos-concurso-photocall-termix","status":"publish","type":"post","link":"https:\/\/termix.net\/blog\/es\/arrancamos-concurso-photocall-termix\/","title":{"rendered":"Arrancamos el concurso Photocall Termix"},"content":{"rendered":"<p><div class=\"fusion-fullwidth fullwidth-box fusion-builder-row-1 faded-background fusion-parallax-none nonhundred-percent-fullwidth non-hundred-percent-height-scrolling fusion-no-small-visibility fusion-no-medium-visibility\" style=\"--awb-border-radius-top-left:0px;--awb-border-radius-top-right:0px;--awb-border-radius-bottom-right:0px;--awb-border-radius-bottom-left:0px;--awb-padding-top:24%;--awb-padding-right:3%;--awb-padding-left:3%;--awb-background-size:cover;\" ><div class=\"fullwidth-faded\" style=\"--awb-background-color:#181818;--awb-background-image:url(https:\/\/termix.net\/blog\/wp-content\/uploads\/2017\/04\/ganador-sabado-01.jpg);--awb-background-size:cover;\" ><\/div><div class=\"fusion-builder-row fusion-row\"><div class=\"fusion-layout-column fusion_builder_column fusion-builder-column-0 fusion_builder_column_1_1 1_1 fusion-one-full fusion-column-first fusion-column-last\" style=\"--awb-padding-top:6%;--awb-padding-right:8%;--awb-padding-bottom:6%;--awb-padding-left:8%;--awb-bg-color:rgba(255,255,255,0.7);--awb-bg-size:cover;--awb-margin-top:0px;--awb-margin-bottom:0px;\"><div class=\"fusion-column-wrapper fusion-column-has-shadow fusion-flex-column-wrapper-legacy\"><div class=\"fusion-title title fusion-title-1 fusion-sep-none fusion-title-center fusion-title-text fusion-title-size-two\" style=\"--awb-margin-top:30px;--awb-margin-bottom:20px;\"><h2 class=\"title-heading-center fusion-responsive-typography-calculated\" style=\"margin:0;--fontSize:50;line-height:1.28;\">Arrancamos el concurso Photocall Termix<\/h2><\/div><div class=\"fusion-clearfix\"><\/div><\/div><\/div><\/div><\/div><div class=\"fusion-fullwidth fullwidth-box fusion-builder-row-2 fusion-parallax-none nonhundred-percent-fullwidth non-hundred-percent-height-scrolling fusion-no-large-visibility\" style=\"--awb-border-radius-top-left:0px;--awb-border-radius-top-right:0px;--awb-border-radius-bottom-right:0px;--awb-border-radius-bottom-left:0px;--awb-background-image:url(&quot;https:\/\/termix.net\/blog\/wp-content\/uploads\/2019\/11\/con-el-secador-compacto-profesioanl-4300-de-termix-damos-volumen-al-cabello-1.jpg&quot;);--awb-background-size:cover;\" ><div class=\"fusion-builder-row fusion-row\"><div class=\"fusion-layout-column fusion_builder_column fusion-builder-column-1 fusion_builder_column_1_1 1_1 fusion-one-full fusion-column-first fusion-column-last fusion-column-inner-bg-wrapper\" style=\"--awb-padding-top:10%;--awb-padding-bottom:10%;--awb-inner-bg-image:url(&#039;http:\/\/termix.net\/blog\/wp-content\/uploads\/2019\/03\/single-blog-post-feat.jpg&#039;);--awb-inner-bg-position:center center;--awb-inner-bg-size:cover;\"><span class=\"fusion-column-inner-bg hover-type-zoomout\"><span class=\"fusion-column-anchor\"><span class=\"fusion-column-inner-bg-image\"><\/span><\/span><\/span><div class=\"fusion-column-wrapper fusion-flex-column-wrapper-legacy\" data-bg-url=\"http:\/\/termix.net\/blog\/wp-content\/uploads\/2019\/03\/single-blog-post-feat.jpg\"><div class=\"fusion-sep-clear\"><\/div><div class=\"fusion-separator fusion-no-large-visibility fusion-full-width-sep\" style=\"margin-left: auto;margin-right: auto;margin-top:200px;width:100%;\"><\/div><div class=\"fusion-sep-clear\"><\/div><div class=\"fusion-clearfix\"><\/div><\/div><\/div><div class=\"fusion-layout-column fusion_builder_column fusion-builder-column-2 fusion_builder_column_1_1 1_1 fusion-one-full fusion-column-first fusion-column-last\" style=\"--awb-padding-top:6%;--awb-bg-color:#ffffff;--awb-bg-size:cover;--awb-margin-top:0px;--awb-margin-bottom:0px;\"><div class=\"fusion-column-wrapper fusion-flex-column-wrapper-legacy\"><div class=\"fusion-title title fusion-title-2 fusion-sep-none fusion-title-center fusion-title-text fusion-title-size-two\" style=\"--awb-margin-top:30px;--awb-margin-bottom:20px;\"><h2 class=\"title-heading-center fusion-responsive-typography-calculated\" style=\"margin:0;--fontSize:50;line-height:1.28;\">Arrancamos el concurso Photocall Termix<\/h2><\/div><div class=\"fusion-clearfix\"><\/div><\/div><\/div><\/div><\/div><div class=\"fusion-fullwidth fullwidth-box fusion-builder-row-3 nonhundred-percent-fullwidth non-hundred-percent-height-scrolling\" style=\"--awb-border-radius-top-left:0px;--awb-border-radius-top-right:0px;--awb-border-radius-bottom-right:0px;--awb-border-radius-bottom-left:0px;--awb-padding-top:10px;--awb-padding-bottom:4%;\" ><div class=\"fusion-builder-row fusion-row\"><div class=\"fusion-layout-column fusion_builder_column fusion-builder-column-3 fusion_builder_column_1_6 1_6 fusion-one-sixth fusion-column-first fusion-no-small-visibility fusion-no-medium-visibility\" style=\"--awb-bg-size:cover;width:16.666666666667%;width:calc(16.666666666667% - ( ( 0 ) * 0.16666666666667 ) );margin-right: 0px;\"><div class=\"fusion-column-wrapper fusion-flex-column-wrapper-legacy\"><div class=\"fusion-clearfix\"><\/div><\/div><\/div><div class=\"fusion-layout-column fusion_builder_column fusion-builder-column-4 fusion_builder_column_2_3 2_3 fusion-two-third fusion-column-last\" style=\"--awb-bg-size:cover;width:66.666666666667%;width:calc(66.666666666667% - ( ( 0 ) * 0.66666666666667 ) );\"><div class=\"fusion-column-wrapper fusion-flex-column-wrapper-legacy\"><div class=\"fusion-sep-clear\"><\/div><div class=\"fusion-separator fusion-full-width-sep\" style=\"margin-left: auto;margin-right: auto;margin-top:30px;width:100%;\"><\/div><div class=\"fusion-sep-clear\"><\/div><div class=\"fusion-text fusion-text-1\"><p style=\"text-align: center;\"><span style=\"font-size: 22px; line-height: 1.5em;\"> Lo prometido es deuda y por ello ya hemos publicado las espectaculares fotograf\u00edas de nuestro Photocall de la feria CosmoBeauty en las que todos vosotros sois los absolutos protagonistas. P\u00e1sate por nuestro Facebook, etiqu\u00e9tate en la foto en la que salgas y dale a like o reacciona a ella. La que acumule m\u00e1s \u00abme gusta\u00bb ser\u00e1 la ganadora por d\u00eda de un pack de productos Termix.<\/span><\/p>\n<p style=\"text-align: center;\"><strong><span style=\"font-size: 22px; line-height: 1.5em;\"> \u00a1Empieza la cuenta atr\u00e1s!<\/span><\/strong><\/p>\n<\/div><div class=\"fusion-sep-clear\"><\/div><div class=\"fusion-separator fusion-full-width-sep\" style=\"margin-left: auto;margin-right: auto;margin-top:30px;width:100%;\"><\/div><div class=\"fusion-sep-clear\"><\/div><div class=\"fusion-text fusion-text-2\"><p><img decoding=\"async\" class=\"aligncenter size-full wp-image-9430\" src=\"http:\/\/termix.net\/wp-content\/uploads\/2017\/03\/17553858_1285501598210111_5735450611289527547_n-3.jpg\" alt=\"participa en nuestro concurso Photocall en la CosmoBeauty\" width=\"800\" height=\"462\" \/><\/p>\n<h3 style=\"text-align: justify;\"><\/h3>\n<p>Acumula &#8216;likes&#8217; en tu fotografia hasta el <strong><span style=\"color: #000000;\">d\u00eda 18 de abril<\/span><\/strong>\u00a0y convi\u00e9rtete en el ganador.\u00a0<strong>\u00a1Sortearemos un lote de productos Termix cada d\u00eda! Recuerda que para participar es imprescindible que seas fan de nuestra p\u00e1gina oficial de Facebook.\u00a0<\/strong><\/p>\n<h2><span style=\"color: #000000;\">PREMIO D\u00cdA 1<\/span><\/h2>\n<p><img decoding=\"async\" class=\"aligncenter size-full wp-image-9448\" src=\"http:\/\/termix.net\/wp-content\/uploads\/2017\/04\/ganador-sabado-01.jpg\" alt=\"Este es el lote de productos que sorteamos para el d\u00eda 1 de abril: Evolution Gold y plancha Black Velvet \u00a1mucha suerte!\" width=\"1200\" height=\"630\" \/><\/p>\n<p>Un lote de cepillos <span style=\"color: #000000;\"><strong>Evolution Gold de Termix<\/strong><\/span>, especial para cabellos sensibles y delicados, y una <strong><span style=\"color: #000000;\">Black Velvet<\/span><\/strong>, la plancha con tacto terciopelo.<\/p>\n<p><span style=\"color: #000000;\">\u00c1lbum fotos 1 de abril<\/span><\/p>\n<h2><span style=\"color: #000000;\">PREMIO D\u00cdA 2<\/span><\/h2>\n<p><img decoding=\"async\" class=\"aligncenter size-full wp-image-9449\" src=\"http:\/\/termix.net\/wp-content\/uploads\/2017\/04\/ganador-domingo-02.jpg\" alt=\"Este es el lote de productos destinados para el ganador del d\u00eda 2 de abril: un pack de CRAMIC COLORS y una plancha Black Velvet. \u00bfSuerte!\" width=\"1200\" height=\"630\" \/><\/p>\n<p>Los <strong>C\u00b7RAMIC COLORS<\/strong> m\u00e1s de moda en Primrose Yellow y una plancha Black Velvet para que cuides al m\u00e1ximo tu cabello. \u00a1Suerte y a darle a like!<\/p>\n<p>\u00c1lbum de fotos d\u00eda 2 de abril<\/p>\n<h2><span style=\"color: #000000;\">PREMIO D\u00cdA 3<\/span><\/h2>\n<p><img decoding=\"async\" class=\"aligncenter size-full wp-image-9450\" src=\"http:\/\/termix.net\/wp-content\/uploads\/2017\/04\/ganador-lunes-03.jpg\" alt=\"Un secador profesional y un pack de cepillos CRAMIC COLORS. \u00a1Dale a like a tus fotos!\" width=\"1200\" height=\"630\" \/><\/p>\n<p>El <span style=\"color: #000000;\"><strong>secador m\u00e1s profesional <\/strong><\/span>y un pack de <span style=\"color: #000000;\"><strong>C\u00b7RAMIC COLORS <\/strong><\/span>de Termix, en el tono m\u00e1s animado de la temporada: el Primrose Yellow. \u00a1An\u00edmate y vota tu foto!<\/p>\n<p><span style=\"color: #000000;\"><strong>\u00c1lbum de fotos del d\u00eda 3 de abril<\/strong><\/span><\/p>\n<p><span style=\"color: #000000;\"><strong>Mucha suerte<\/strong> <\/span>a todos los participantes que os pasasteis por <span style=\"color: #000000;\"><strong>nuestro Photocall<\/strong><\/span> y estuvisteis con nosotros celebrando los 30 a\u00f1os y anim\u00e1ndonos en la feria CosmoBeauty. Que gane el que tenga <strong>m\u00e1s likes.<\/strong><\/p>\n<p><span style=\"color: #000000;\"><em>Acceso a las bases legales del concurso.<\/em><\/span><\/p>\n<\/div><div class=\"fusion-clearfix\"><\/div><\/div><\/div><\/div><\/div><div class=\"fusion-fullwidth fullwidth-box fusion-builder-row-4 nonhundred-percent-fullwidth non-hundred-percent-height-scrolling\" style=\"--awb-border-radius-top-left:0px;--awb-border-radius-top-right:0px;--awb-border-radius-bottom-right:0px;--awb-border-radius-bottom-left:0px;\" ><\/div><\/p>\n","protected":false},"excerpt":{"rendered":"<p>\t\t\t\tLo prometido es deuda y por ello ya hemos publicado las espectaculares fotograf\u00edas de nuestro Photocall de la feria CosmoBeauty en las que todos vosotros sois los absolutos protagonistas. P\u00e1sate por nuestro Facebook, etiqu\u00e9tate en la foto en la que salgas y dale a like o reacciona a ella. \u00a1Empieza la cuenta atr\u00e1s!\t\t<\/p>\n","protected":false},"author":2,"featured_media":22679,"comment_status":"open","ping_status":"open","sticky":false,"template":"","format":"standard","meta":[],"categories":[6],"tags":[53],"yoast_head":"<!-- This site is optimized with the Yoast SEO plugin v20.0 - https:\/\/yoast.com\/wordpress\/plugins\/seo\/ -->\n<title>Arrancamos el concurso Photocall Termix - Blog Termix Spain<\/title>\n<meta name=\"description\" content=\"Blog Termix Spain - Arrancamos el concurso Photocall Termix -\" \/>\n<meta name=\"robots\" content=\"index, follow, max-snippet:-1, max-image-preview:large, max-video-preview:-1\" \/>\n<link rel=\"canonical\" href=\"https:\/\/termix.net\/blog\/es\/arrancamos-concurso-photocall-termix\/\" \/>\n<meta property=\"og:locale\" content=\"es_ES\" \/>\n<meta property=\"og:type\" content=\"article\" \/>\n<meta property=\"og:title\" content=\"Arrancamos el concurso Photocall Termix - Blog Termix Spain\" \/>\n<meta property=\"og:description\" content=\"Blog Termix Spain - Arrancamos el concurso Photocall Termix -\" \/>\n<meta property=\"og:url\" content=\"https:\/\/termix.net\/blog\/es\/arrancamos-concurso-photocall-termix\/\" \/>\n<meta property=\"og:site_name\" content=\"Blog Termix Spain\" \/>\n<meta property=\"article:published_time\" content=\"2017-04-04T11:46:37+00:00\" \/>\n<meta property=\"article:modified_time\" content=\"2019-12-16T11:32:45+00:00\" \/>\n<meta property=\"og:image\" content=\"https:\/\/termix.net\/blog\/wp-content\/uploads\/2017\/04\/ganador-sabado-01.jpg\" \/>\n\t<meta property=\"og:image:width\" content=\"1200\" \/>\n\t<meta property=\"og:image:height\" content=\"630\" \/>\n\t<meta property=\"og:image:type\" content=\"image\/jpeg\" \/>\n<meta name=\"author\" content=\"TermixTeam\" \/>\n<meta name=\"twitter:card\" content=\"summary_large_image\" \/>\n<meta name=\"twitter:label1\" content=\"Escrito por\" \/>\n\t<meta name=\"twitter:data1\" content=\"TermixTeam\" \/>\n\t<meta name=\"twitter:label2\" content=\"Tiempo de lectura\" \/>\n\t<meta name=\"twitter:data2\" content=\"7 minutos\" \/>\n<script type=\"application\/ld+json\" class=\"yoast-schema-graph\">{\"@context\":\"https:\/\/schema.org\",\"@graph\":[{\"@type\":\"Article\",\"@id\":\"https:\/\/termix.net\/blog\/es\/arrancamos-concurso-photocall-termix\/#article\",\"isPartOf\":{\"@id\":\"https:\/\/termix.net\/blog\/es\/arrancamos-concurso-photocall-termix\/\"},\"author\":{\"name\":\"TermixTeam\",\"@id\":\"https:\/\/termix.net\/blog\/es\/#\/schema\/person\/9096c98bdf03c8ddf91ad7172f254f40\"},\"headline\":\"Arrancamos el concurso Photocall Termix\",\"datePublished\":\"2017-04-04T11:46:37+00:00\",\"dateModified\":\"2019-12-16T11:32:45+00:00\",\"mainEntityOfPage\":{\"@id\":\"https:\/\/termix.net\/blog\/es\/arrancamos-concurso-photocall-termix\/\"},\"wordCount\":1375,\"commentCount\":0,\"publisher\":{\"@id\":\"https:\/\/termix.net\/blog\/es\/#organization\"},\"keywords\":[\"concursos y sorteos\"],\"articleSection\":[\"NOTICIAS\"],\"inLanguage\":\"es\",\"potentialAction\":[{\"@type\":\"CommentAction\",\"name\":\"Comment\",\"target\":[\"https:\/\/termix.net\/blog\/es\/arrancamos-concurso-photocall-termix\/#respond\"]}]},{\"@type\":\"WebPage\",\"@id\":\"https:\/\/termix.net\/blog\/es\/arrancamos-concurso-photocall-termix\/\",\"url\":\"https:\/\/termix.net\/blog\/es\/arrancamos-concurso-photocall-termix\/\",\"name\":\"Arrancamos el concurso Photocall Termix - Blog Termix Spain\",\"isPartOf\":{\"@id\":\"https:\/\/termix.net\/blog\/es\/#website\"},\"datePublished\":\"2017-04-04T11:46:37+00:00\",\"dateModified\":\"2019-12-16T11:32:45+00:00\",\"description\":\"Blog Termix Spain - Arrancamos el concurso Photocall Termix -\",\"breadcrumb\":{\"@id\":\"https:\/\/termix.net\/blog\/es\/arrancamos-concurso-photocall-termix\/#breadcrumb\"},\"inLanguage\":\"es\",\"potentialAction\":[{\"@type\":\"ReadAction\",\"target\":[\"https:\/\/termix.net\/blog\/es\/arrancamos-concurso-photocall-termix\/\"]}]},{\"@type\":\"BreadcrumbList\",\"@id\":\"https:\/\/termix.net\/blog\/es\/arrancamos-concurso-photocall-termix\/#breadcrumb\",\"itemListElement\":[{\"@type\":\"ListItem\",\"position\":1,\"name\":\"Home\",\"item\":\"https:\/\/termix.net\/blog\/es\/\"},{\"@type\":\"ListItem\",\"position\":2,\"name\":\"Arrancamos el concurso Photocall Termix\"}]},{\"@type\":\"WebSite\",\"@id\":\"https:\/\/termix.net\/blog\/es\/#website\",\"url\":\"https:\/\/termix.net\/blog\/es\/\",\"name\":\"Blog Termix Spain\",\"description\":\"Blog de tendencias y productos de peluquer\u00eda profesional.\",\"publisher\":{\"@id\":\"https:\/\/termix.net\/blog\/es\/#organization\"},\"potentialAction\":[{\"@type\":\"SearchAction\",\"target\":{\"@type\":\"EntryPoint\",\"urlTemplate\":\"https:\/\/termix.net\/blog\/es\/?s={search_term_string}\"},\"query-input\":\"required name=search_term_string\"}],\"inLanguage\":\"es\"},{\"@type\":\"Organization\",\"@id\":\"https:\/\/termix.net\/blog\/es\/#organization\",\"name\":\"Dols Industrial de Peluquer\u00eda SA\",\"url\":\"https:\/\/termix.net\/blog\/es\/\",\"logo\":{\"@type\":\"ImageObject\",\"inLanguage\":\"es\",\"@id\":\"https:\/\/termix.net\/blog\/es\/#\/schema\/logo\/image\/\",\"url\":\"https:\/\/termix.net\/blog\/wp-content\/uploads\/2020\/10\/OGbDAeng.jpeg\",\"contentUrl\":\"https:\/\/termix.net\/blog\/wp-content\/uploads\/2020\/10\/OGbDAeng.jpeg\",\"width\":800,\"height\":800,\"caption\":\"Dols Industrial de Peluquer\u00eda SA\"},\"image\":{\"@id\":\"https:\/\/termix.net\/blog\/es\/#\/schema\/logo\/image\/\"}},{\"@type\":\"Person\",\"@id\":\"https:\/\/termix.net\/blog\/es\/#\/schema\/person\/9096c98bdf03c8ddf91ad7172f254f40\",\"name\":\"TermixTeam\",\"image\":{\"@type\":\"ImageObject\",\"inLanguage\":\"es\",\"@id\":\"https:\/\/termix.net\/blog\/es\/#\/schema\/person\/image\/\",\"url\":\"https:\/\/secure.gravatar.com\/avatar\/d89f61f6bd1c29a4acb231736d1c74b3?s=96&d=mm&r=g\",\"contentUrl\":\"https:\/\/secure.gravatar.com\/avatar\/d89f61f6bd1c29a4acb231736d1c74b3?s=96&d=mm&r=g\",\"caption\":\"TermixTeam\"},\"url\":\"https:\/\/termix.net\/blog\/es\/author\/termixteam\/\"}]}<\/script>\n<!-- \/ Yoast SEO plugin. -->","yoast_head_json":{"title":"Arrancamos el concurso Photocall Termix - Blog Termix Spain","description":"Blog Termix Spain - Arrancamos el concurso Photocall Termix -","robots":{"index":"index","follow":"follow","max-snippet":"max-snippet:-1","max-image-preview":"max-image-preview:large","max-video-preview":"max-video-preview:-1"},"canonical":"https:\/\/termix.net\/blog\/es\/arrancamos-concurso-photocall-termix\/","og_locale":"es_ES","og_type":"article","og_title":"Arrancamos el concurso Photocall Termix - Blog Termix Spain","og_description":"Blog Termix Spain - Arrancamos el concurso Photocall Termix -","og_url":"https:\/\/termix.net\/blog\/es\/arrancamos-concurso-photocall-termix\/","og_site_name":"Blog Termix Spain","article_published_time":"2017-04-04T11:46:37+00:00","article_modified_time":"2019-12-16T11:32:45+00:00","og_image":[{"width":1200,"height":630,"url":"https:\/\/termix.net\/blog\/wp-content\/uploads\/2017\/04\/ganador-sabado-01.jpg","type":"image\/jpeg"}],"author":"TermixTeam","twitter_card":"summary_large_image","twitter_misc":{"Escrito por":"TermixTeam","Tiempo de lectura":"7 minutos"},"schema":{"@context":"https:\/\/schema.org","@graph":[{"@type":"Article","@id":"https:\/\/termix.net\/blog\/es\/arrancamos-concurso-photocall-termix\/#article","isPartOf":{"@id":"https:\/\/termix.net\/blog\/es\/arrancamos-concurso-photocall-termix\/"},"author":{"name":"TermixTeam","@id":"https:\/\/termix.net\/blog\/es\/#\/schema\/person\/9096c98bdf03c8ddf91ad7172f254f40"},"headline":"Arrancamos el concurso Photocall Termix","datePublished":"2017-04-04T11:46:37+00:00","dateModified":"2019-12-16T11:32:45+00:00","mainEntityOfPage":{"@id":"https:\/\/termix.net\/blog\/es\/arrancamos-concurso-photocall-termix\/"},"wordCount":1375,"commentCount":0,"publisher":{"@id":"https:\/\/termix.net\/blog\/es\/#organization"},"keywords":["concursos y sorteos"],"articleSection":["NOTICIAS"],"inLanguage":"es","potentialAction":[{"@type":"CommentAction","name":"Comment","target":["https:\/\/termix.net\/blog\/es\/arrancamos-concurso-photocall-termix\/#respond"]}]},{"@type":"WebPage","@id":"https:\/\/termix.net\/blog\/es\/arrancamos-concurso-photocall-termix\/","url":"https:\/\/termix.net\/blog\/es\/arrancamos-concurso-photocall-termix\/","name":"Arrancamos el concurso Photocall Termix - Blog Termix Spain","isPartOf":{"@id":"https:\/\/termix.net\/blog\/es\/#website"},"datePublished":"2017-04-04T11:46:37+00:00","dateModified":"2019-12-16T11:32:45+00:00","description":"Blog Termix Spain - Arrancamos el concurso Photocall Termix -","breadcrumb":{"@id":"https:\/\/termix.net\/blog\/es\/arrancamos-concurso-photocall-termix\/#breadcrumb"},"inLanguage":"es","potentialAction":[{"@type":"ReadAction","target":["https:\/\/termix.net\/blog\/es\/arrancamos-concurso-photocall-termix\/"]}]},{"@type":"BreadcrumbList","@id":"https:\/\/termix.net\/blog\/es\/arrancamos-concurso-photocall-termix\/#breadcrumb","itemListElement":[{"@type":"ListItem","position":1,"name":"Home","item":"https:\/\/termix.net\/blog\/es\/"},{"@type":"ListItem","position":2,"name":"Arrancamos el concurso Photocall Termix"}]},{"@type":"WebSite","@id":"https:\/\/termix.net\/blog\/es\/#website","url":"https:\/\/termix.net\/blog\/es\/","name":"Blog Termix Spain","description":"Blog de tendencias y productos de peluquer\u00eda profesional.","publisher":{"@id":"https:\/\/termix.net\/blog\/es\/#organization"},"potentialAction":[{"@type":"SearchAction","target":{"@type":"EntryPoint","urlTemplate":"https:\/\/termix.net\/blog\/es\/?s={search_term_string}"},"query-input":"required name=search_term_string"}],"inLanguage":"es"},{"@type":"Organization","@id":"https:\/\/termix.net\/blog\/es\/#organization","name":"Dols Industrial de Peluquer\u00eda SA","url":"https:\/\/termix.net\/blog\/es\/","logo":{"@type":"ImageObject","inLanguage":"es","@id":"https:\/\/termix.net\/blog\/es\/#\/schema\/logo\/image\/","url":"https:\/\/termix.net\/blog\/wp-content\/uploads\/2020\/10\/OGbDAeng.jpeg","contentUrl":"https:\/\/termix.net\/blog\/wp-content\/uploads\/2020\/10\/OGbDAeng.jpeg","width":800,"height":800,"caption":"Dols Industrial de Peluquer\u00eda SA"},"image":{"@id":"https:\/\/termix.net\/blog\/es\/#\/schema\/logo\/image\/"}},{"@type":"Person","@id":"https:\/\/termix.net\/blog\/es\/#\/schema\/person\/9096c98bdf03c8ddf91ad7172f254f40","name":"TermixTeam","image":{"@type":"ImageObject","inLanguage":"es","@id":"https:\/\/termix.net\/blog\/es\/#\/schema\/person\/image\/","url":"https:\/\/secure.gravatar.com\/avatar\/d89f61f6bd1c29a4acb231736d1c74b3?s=96&d=mm&r=g","contentUrl":"https:\/\/secure.gravatar.com\/avatar\/d89f61f6bd1c29a4acb231736d1c74b3?s=96&d=mm&r=g","caption":"TermixTeam"},"url":"https:\/\/termix.net\/blog\/es\/author\/termixteam\/"}]}},"_links":{"self":[{"href":"https:\/\/termix.net\/blog\/es\/wp-json\/wp\/v2\/posts\/9446"}],"collection":[{"href":"https:\/\/termix.net\/blog\/es\/wp-json\/wp\/v2\/posts"}],"about":[{"href":"https:\/\/termix.net\/blog\/es\/wp-json\/wp\/v2\/types\/post"}],"author":[{"embeddable":true,"href":"https:\/\/termix.net\/blog\/es\/wp-json\/wp\/v2\/users\/2"}],"replies":[{"embeddable":true,"href":"https:\/\/termix.net\/blog\/es\/wp-json\/wp\/v2\/comments?post=9446"}],"version-history":[{"count":3,"href":"https:\/\/termix.net\/blog\/es\/wp-json\/wp\/v2\/posts\/9446\/revisions"}],"predecessor-version":[{"id":23677,"href":"https:\/\/termix.net\/blog\/es\/wp-json\/wp\/v2\/posts\/9446\/revisions\/23677"}],"wp:featuredmedia":[{"embeddable":true,"href":"https:\/\/termix.net\/blog\/es\/wp-json\/wp\/v2\/media\/22679"}],"wp:attachment":[{"href":"https:\/\/termix.net\/blog\/es\/wp-json\/wp\/v2\/media?parent=9446"}],"wp:term":[{"taxonomy":"category","embeddable":true,"href":"https:\/\/termix.net\/blog\/es\/wp-json\/wp\/v2\/categories?post=9446"},{"taxonomy":"post_tag","embeddable":true,"href":"https:\/\/termix.net\/blog\/es\/wp-json\/wp\/v2\/tags?post=9446"}],"curies":[{"name":"wp","href":"https:\/\/api.w.org\/{rel}","templated":true}]}}