{"id":9351,"date":"2017-03-28T10:41:35","date_gmt":"2017-03-28T10:41:35","guid":{"rendered":"http:\/\/termix.net\/?p=9351"},"modified":"2019-12-16T12:33:03","modified_gmt":"2019-12-16T11:33:03","slug":"celebra-los-30-anos-termix-cosmobeauty","status":"publish","type":"post","link":"https:\/\/termix.net\/blog\/es\/celebra-los-30-anos-termix-cosmobeauty\/","title":{"rendered":"Celebra los 30 a\u00f1os de Termix en Cosmobeauty"},"content":{"rendered":"<p><div class=\"fusion-fullwidth fullwidth-box fusion-builder-row-1 faded-background fusion-parallax-none nonhundred-percent-fullwidth non-hundred-percent-height-scrolling fusion-no-small-visibility fusion-no-medium-visibility\" style=\"--awb-border-radius-top-left:0px;--awb-border-radius-top-right:0px;--awb-border-radius-bottom-right:0px;--awb-border-radius-bottom-left:0px;--awb-padding-top:24%;--awb-padding-right:3%;--awb-padding-left:3%;--awb-background-size:cover;\" ><div class=\"fullwidth-faded\" style=\"--awb-background-color:#181818;--awb-background-image:url(https:\/\/termix.net\/blog\/wp-content\/uploads\/2017\/03\/bannerweb_cosmobeauty1_lanzamientos.jpg);--awb-background-size:cover;\" ><\/div><div class=\"fusion-builder-row fusion-row\"><div class=\"fusion-layout-column fusion_builder_column fusion-builder-column-0 fusion_builder_column_1_1 1_1 fusion-one-full fusion-column-first fusion-column-last\" style=\"--awb-padding-top:6%;--awb-padding-right:8%;--awb-padding-bottom:6%;--awb-padding-left:8%;--awb-bg-color:rgba(255,255,255,0.7);--awb-bg-size:cover;--awb-margin-top:0px;--awb-margin-bottom:0px;\"><div class=\"fusion-column-wrapper fusion-column-has-shadow fusion-flex-column-wrapper-legacy\"><div class=\"fusion-text fusion-text-1 caption\"><p style=\"text-align: center;\">Novedades \u2014 3 min de lectura<\/p>\n<\/div><div class=\"fusion-title title fusion-title-1 fusion-sep-none fusion-title-center fusion-title-text fusion-title-size-two\" style=\"--awb-margin-top:30px;--awb-margin-bottom:20px;\"><h2 class=\"title-heading-center fusion-responsive-typography-calculated\" style=\"margin:0;--fontSize:50;line-height:1.28;\">Celebra los 30 a\u00f1os de Termix en Cosmobeauty<\/h2><\/div><div class=\"fusion-clearfix\"><\/div><\/div><\/div><\/div><\/div><div class=\"fusion-fullwidth fullwidth-box fusion-builder-row-2 fusion-parallax-none nonhundred-percent-fullwidth non-hundred-percent-height-scrolling fusion-no-large-visibility\" style=\"--awb-border-radius-top-left:0px;--awb-border-radius-top-right:0px;--awb-border-radius-bottom-right:0px;--awb-border-radius-bottom-left:0px;--awb-background-image:url(&quot;https:\/\/termix.net\/blog\/wp-content\/uploads\/2019\/11\/con-el-secador-compacto-profesioanl-4300-de-termix-damos-volumen-al-cabello-1.jpg&quot;);--awb-background-size:cover;\" ><div class=\"fusion-builder-row fusion-row\"><div class=\"fusion-layout-column fusion_builder_column fusion-builder-column-1 fusion_builder_column_1_1 1_1 fusion-one-full fusion-column-first fusion-column-last fusion-column-inner-bg-wrapper\" style=\"--awb-padding-top:10%;--awb-padding-bottom:10%;--awb-inner-bg-image:url(&#039;http:\/\/termix.net\/blog\/wp-content\/uploads\/2019\/03\/single-blog-post-feat.jpg&#039;);--awb-inner-bg-position:center center;--awb-inner-bg-size:cover;\"><span class=\"fusion-column-inner-bg hover-type-zoomout\"><span class=\"fusion-column-anchor\"><span class=\"fusion-column-inner-bg-image\"><\/span><\/span><\/span><div class=\"fusion-column-wrapper fusion-flex-column-wrapper-legacy\" data-bg-url=\"http:\/\/termix.net\/blog\/wp-content\/uploads\/2019\/03\/single-blog-post-feat.jpg\"><div class=\"fusion-sep-clear\"><\/div><div class=\"fusion-separator fusion-no-large-visibility fusion-full-width-sep\" style=\"margin-left: auto;margin-right: auto;margin-top:200px;width:100%;\"><\/div><div class=\"fusion-sep-clear\"><\/div><div class=\"fusion-clearfix\"><\/div><\/div><\/div><div class=\"fusion-layout-column fusion_builder_column fusion-builder-column-2 fusion_builder_column_1_1 1_1 fusion-one-full fusion-column-first fusion-column-last\" style=\"--awb-padding-top:6%;--awb-bg-color:#ffffff;--awb-bg-size:cover;--awb-margin-top:0px;--awb-margin-bottom:0px;\"><div class=\"fusion-column-wrapper fusion-flex-column-wrapper-legacy\"><div class=\"fusion-text fusion-text-2 caption\"><p style=\"text-align: center;\">Novedades \u2014 3 min de lectura<\/p>\n<\/div><div class=\"fusion-title title fusion-title-2 fusion-sep-none fusion-title-center fusion-title-text fusion-title-size-two\" style=\"--awb-margin-top:30px;--awb-margin-bottom:20px;\"><h2 class=\"title-heading-center fusion-responsive-typography-calculated\" style=\"margin:0;--fontSize:50;line-height:1.28;\">Celebra los 30 a\u00f1os de Termix en Cosmobeauty<\/h2><\/div><div class=\"fusion-clearfix\"><\/div><\/div><\/div><\/div><\/div><div class=\"fusion-fullwidth fullwidth-box fusion-builder-row-3 nonhundred-percent-fullwidth non-hundred-percent-height-scrolling\" style=\"--awb-border-radius-top-left:0px;--awb-border-radius-top-right:0px;--awb-border-radius-bottom-right:0px;--awb-border-radius-bottom-left:0px;--awb-padding-top:10px;--awb-padding-bottom:4%;\" ><div class=\"fusion-builder-row fusion-row\"><div class=\"fusion-layout-column fusion_builder_column fusion-builder-column-3 fusion_builder_column_1_6 1_6 fusion-one-sixth fusion-column-first fusion-no-small-visibility fusion-no-medium-visibility\" style=\"--awb-bg-size:cover;width:16.666666666667%;width:calc(16.666666666667% - ( ( 0 ) * 0.16666666666667 ) );margin-right: 0px;\"><div class=\"fusion-column-wrapper fusion-flex-column-wrapper-legacy\"><div class=\"fusion-clearfix\"><\/div><\/div><\/div><div class=\"fusion-layout-column fusion_builder_column fusion-builder-column-4 fusion_builder_column_2_3 2_3 fusion-two-third fusion-column-last\" style=\"--awb-bg-size:cover;width:66.666666666667%;width:calc(66.666666666667% - ( ( 0 ) * 0.66666666666667 ) );\"><div class=\"fusion-column-wrapper fusion-flex-column-wrapper-legacy\"><div class=\"fusion-sep-clear\"><\/div><div class=\"fusion-separator fusion-full-width-sep\" style=\"margin-left: auto;margin-right: auto;margin-top:30px;width:100%;\"><\/div><div class=\"fusion-sep-clear\"><\/div><div class=\"fusion-text fusion-text-3\"><p style=\"text-align: center;\"><span style=\"font-size: 22px; line-height: 1.5em;\"> Del 1 al 3 de abril llega a Barcelona el I sal\u00f3n CosmoBeauty y Termix ya est\u00e1 ultimando los detalles para esta gran cita, que promete ser una experiencia cargada de novedades del sector \u201cbeauty\u201d. Una exposici\u00f3n que nace de la fusi\u00f3n de Cosmobelleza y STS Beauty Barcelona, las dos ferias que hasta la fecha han sido las referentes del sector de la est\u00e9tica, peluquer\u00eda y maquillaje.<\/p>\n<\/div><div class=\"fusion-sep-clear\"><\/div><div class=\"fusion-separator fusion-full-width-sep\" style=\"margin-left: auto;margin-right: auto;margin-top:30px;width:100%;\"><\/div><div class=\"fusion-sep-clear\"><\/div><div class=\"fusion-text fusion-text-4\"><p><\/span><\/p>\n<h3 style=\"text-align: justify;\"><img decoding=\"async\" class=\"aligncenter size-full wp-image-9391\" src=\"http:\/\/termix.net\/wp-content\/uploads\/2017\/03\/bannerweb_cosmobeauty0_cabNEW.jpg\" alt=\"S\u00famergete en una nueva experiencia. Celebra los 30 a\u00f1os de Termix en la CosmoBeauty de BCN\" width=\"800\" height=\"299\" \/><\/h3>\n<p style=\"text-align: justify;\">Para <strong>Termix<\/strong> este evento global de <strong>belleza profesional<\/strong>, tiene un sentido doblemente especial y es que significa la conmemoraci\u00f3n de los <strong>30 a\u00f1os de experiencia<\/strong> dedicados al cuidado y bienestar del cabello. Ya son <strong>tres d\u00e9cadas<\/strong> de total devoci\u00f3n por el cabello, en las que no han parado de surgir <strong>novedades<\/strong> e <strong>innovaciones t\u00e9cnicas<\/strong> para que profesionales de la peluquer\u00eda puedan seguir desarrollando<strong> magn\u00edficos looks<\/strong> y peinados.<\/p>\n<h2 style=\"text-align: justify;\"><span style=\"color: #000000;\">LAS NOVEDADES TERMIX M\u00c1S ESPERADAS<\/span><\/h2>\n<p style=\"text-align: justify;\">En esta ocasi\u00f3n, la estrella abanderada es el <strong>Evolution Gold<\/strong>, un cepillo de <strong>edici\u00f3n limitada<\/strong> presentado en<strong> color dorado<\/strong> que incorpora un <strong>dise\u00f1o Premium<\/strong> para proporcionar un <strong>cuidado espec\u00edfico<\/strong> y personalizado de los cabellos m\u00e1s <strong>delicados y sensibles<\/strong>. Adem\u00e1s nos sumamos a la alegr\u00eda primaveral con los <strong>C\u00b7ramic Colors<\/strong>, los cepillos cer\u00e1micos que se reinventan y eligen los tonos <strong>Pantone<\/strong> m\u00e1s carism\u00e1ticos del a\u00f1o. Sin olvidar la <strong>Black Velvet<\/strong>, otra de las novedades m\u00e1s esperadas de Termix, la <strong>plancha con tacto terciopelo<\/strong> que ofrece un cuidado especial para tu cabello gracias a la incorporaci\u00f3n de la m\u00e1s alta\u00a0<strong>tecnolog\u00eda<\/strong>.<\/p>\n<p style=\"text-align: justify;\"><img decoding=\"async\" class=\"alignnone size-full wp-image-22717\" src=\"https:\/\/termix.net\/blog\/wp-content\/uploads\/2017\/03\/bannerweb_cosmobeauty1_lanzamientos.jpg\" alt=\"\" width=\"800\" height=\"495\" srcset=\"https:\/\/termix.net\/blog\/wp-content\/uploads\/2017\/03\/bannerweb_cosmobeauty1_lanzamientos-200x124.jpg 200w, https:\/\/termix.net\/blog\/wp-content\/uploads\/2017\/03\/bannerweb_cosmobeauty1_lanzamientos-300x186.jpg 300w, https:\/\/termix.net\/blog\/wp-content\/uploads\/2017\/03\/bannerweb_cosmobeauty1_lanzamientos-400x248.jpg 400w, https:\/\/termix.net\/blog\/wp-content\/uploads\/2017\/03\/bannerweb_cosmobeauty1_lanzamientos-600x371.jpg 600w, https:\/\/termix.net\/blog\/wp-content\/uploads\/2017\/03\/bannerweb_cosmobeauty1_lanzamientos-768x475.jpg 768w, https:\/\/termix.net\/blog\/wp-content\/uploads\/2017\/03\/bannerweb_cosmobeauty1_lanzamientos.jpg 800w\" sizes=\"(max-width: 800px) 100vw, 800px\" \/><\/p>\n<p style=\"text-align: justify;\">Pero no solo en cuesti\u00f3n de cepillos optamos por el dorado y es que Termix viste tambi\u00e9n su <strong>Stand de sorpresas<\/strong> para cautivar: cortes de pelo y estilismos en directo de la mano de nuestro t\u00e9cnico <strong>Cristian Ruenes<\/strong>, <strong>DJ<\/strong> con la m\u00fasica m\u00e1s fresca, <strong>c\u00f3ctel\u00a0especial<\/strong> de los treinta a\u00f1os y <strong>concursos<\/strong> con los que llevarte premios genuinos. De momento parece que las <strong>expectativas<\/strong> en cuanto a celebraci\u00f3n se est\u00e1n cumpliendo. Pero es que todav\u00eda hay m\u00e1s, porque treinta a\u00f1os no se cumplen todos los d\u00edas.<\/p>\n<h2 style=\"text-align: justify;\"><span style=\"color: #000000;\">LOS SHOWS M\u00c1S DIN\u00c1MICOS<\/span><\/h2>\n<p style=\"text-align: justify;\">Esta explosi\u00f3n de felicidad debe ir acompa\u00f1ada por personalidades que hagan aumentar m\u00e1s esta sensaci\u00f3n de ambiente festivo. El <span style=\"color: #000000;\"><strong>s\u00e1bado 1 de abril<\/strong><\/span> tendremos a la <strong>periodista Laura Fa<\/strong> y al sorprendente <strong>Torito<\/strong>, con los que contaremos para dinamizar los shows de <strong>Backstage Barcelona<\/strong> y del barbero galardonado <strong>Jordi P\u00e9rez<\/strong>.<\/p>\n<p style=\"text-align: justify;\">Completaremos esta formaci\u00f3n de estrellas televisivas el<strong> domingo 2 de abril<\/strong>, con la<strong> actriz y colaboradora Esmeralda Moya<\/strong> y el <strong>cantante \u00c1lex Casademunt<\/strong> que se pondr\u00e1n en manos expertas de <strong>Jaime Sol\u00e9<\/strong>, propietario del <strong>sal\u00f3n BO de Barcelona<\/strong>, para un cambio de look.<\/p>\n<p style=\"text-align: justify;\"><img decoding=\"async\" class=\"alignnone size-full wp-image-22715\" src=\"https:\/\/termix.net\/blog\/wp-content\/uploads\/2017\/03\/bannerweb_cosmobeauty2_shows.jpg\" alt=\"celebra-los-30-anos-termix-cosmobeauty\" width=\"800\" height=\"989\" srcset=\"https:\/\/termix.net\/blog\/wp-content\/uploads\/2017\/03\/bannerweb_cosmobeauty2_shows-200x247.jpg 200w, https:\/\/termix.net\/blog\/wp-content\/uploads\/2017\/03\/bannerweb_cosmobeauty2_shows-243x300.jpg 243w, https:\/\/termix.net\/blog\/wp-content\/uploads\/2017\/03\/bannerweb_cosmobeauty2_shows-400x495.jpg 400w, https:\/\/termix.net\/blog\/wp-content\/uploads\/2017\/03\/bannerweb_cosmobeauty2_shows-600x742.jpg 600w, https:\/\/termix.net\/blog\/wp-content\/uploads\/2017\/03\/bannerweb_cosmobeauty2_shows-768x949.jpg 768w, https:\/\/termix.net\/blog\/wp-content\/uploads\/2017\/03\/bannerweb_cosmobeauty2_shows.jpg 800w\" sizes=\"(max-width: 800px) 100vw, 800px\" \/><\/p>\n<h2 style=\"text-align: justify;\"><span style=\"color: #000000;\">LA CITA M\u00c1S SOLIDARIA<\/span><\/h2>\n<p style=\"text-align: justify;\">El d\u00eda <span style=\"color: #000000;\"><strong>2 de abril<\/strong><\/span>\u00a0 a las <strong>12:15h<\/strong>, Termix estar\u00e1 colaborando en el <strong>Collage Show Solidario<\/strong>, un proyecto ben\u00e9fico que apoya las investigaciones contra la enfermedad de Alzheimer. Para ello,\u00a0los mejores estilistas demostraran sus habilidades en directo en un show especial en el que dar\u00e1n todo su apoyo a la causa. La entrada tiene\u00a0un precio de<strong> 20\u20ac<\/strong> y todo lo recaudado <strong>se\u00a0donar\u00e1<\/strong>\u00a0\u00edntegramente a la <strong>Unidad de Memoria y el Laboratorio de Alzheimer del Hospital Sant Pau<\/strong>.<\/p>\n<h2 style=\"text-align: justify;\">\u00bfA qu\u00e9 esperas para comprar tu entrada?<\/h2>\n<p style=\"text-align: justify;\">\u00bfQuieres celebrar con nosotros los 30 a\u00f1os? Pues vis\u00edtanos en el<strong> stand C159<\/strong> del <strong><span style=\"color: #000000;\">1 al 3 de abril<\/span><\/strong> en la <strong>Cosmobeauty<\/strong> de Barcelona en el <strong>recinto ferial de Gran V\u00eda<\/strong> (L\u2019Hospitalet de Llobregat). <strong>Te esperan muchas sorpresas m\u00e1s<\/strong>.<\/p>\n<p style=\"text-align: justify;\">Si te suscribes en el siguiente<strong> link<\/strong>, conseguir\u00e1s un cepillo como obsequio <strong>\u00a1sin hacer colas!<\/strong><\/p>\n<p style=\"text-align: justify;\">No lo dejes escapar.<\/p>\n<\/div><div class=\"fusion-clearfix\"><\/div><\/div><\/div><\/div><\/div><div class=\"fusion-fullwidth fullwidth-box fusion-builder-row-4 nonhundred-percent-fullwidth non-hundred-percent-height-scrolling\" style=\"--awb-border-radius-top-left:0px;--awb-border-radius-top-right:0px;--awb-border-radius-bottom-right:0px;--awb-border-radius-bottom-left:0px;\" ><\/div><\/p>\n","protected":false},"excerpt":{"rendered":"<p>\t\t\t\tDel 1 al 3 de abril llega a Barcelona el I sal\u00f3n CosmoBeauty y Termix ya est\u00e1 ultimando los detalles para esta gran cita, que promete ser una experiencia cargada de novedades del sector \u201cbeauty\u201d. \t\t<\/p>\n","protected":false},"author":2,"featured_media":22717,"comment_status":"open","ping_status":"open","sticky":false,"template":"","format":"standard","meta":[],"categories":[6],"tags":[],"yoast_head":"<!-- This site is optimized with the Yoast SEO plugin v20.0 - https:\/\/yoast.com\/wordpress\/plugins\/seo\/ -->\n<title>Celebra los 30 a\u00f1os de Termix en Cosmobeauty - Blog Termix Spain<\/title>\n<meta name=\"description\" content=\"Blog Termix Spain - Celebra los 30 a\u00f1os de Termix en Cosmobeauty -\" \/>\n<meta name=\"robots\" content=\"index, follow, max-snippet:-1, max-image-preview:large, max-video-preview:-1\" \/>\n<link rel=\"canonical\" href=\"https:\/\/termix.net\/blog\/es\/celebra-los-30-anos-termix-cosmobeauty\/\" \/>\n<meta property=\"og:locale\" content=\"es_ES\" \/>\n<meta property=\"og:type\" content=\"article\" \/>\n<meta property=\"og:title\" content=\"Celebra los 30 a\u00f1os de Termix en Cosmobeauty - Blog Termix Spain\" \/>\n<meta property=\"og:description\" content=\"Blog Termix Spain - Celebra los 30 a\u00f1os de Termix en Cosmobeauty -\" \/>\n<meta property=\"og:url\" content=\"https:\/\/termix.net\/blog\/es\/celebra-los-30-anos-termix-cosmobeauty\/\" \/>\n<meta property=\"og:site_name\" content=\"Blog Termix Spain\" \/>\n<meta property=\"article:published_time\" content=\"2017-03-28T10:41:35+00:00\" \/>\n<meta property=\"article:modified_time\" content=\"2019-12-16T11:33:03+00:00\" \/>\n<meta property=\"og:image\" content=\"https:\/\/termix.net\/blog\/wp-content\/uploads\/2017\/03\/bannerweb_cosmobeauty1_lanzamientos.jpg\" \/>\n\t<meta property=\"og:image:width\" content=\"800\" \/>\n\t<meta property=\"og:image:height\" content=\"495\" \/>\n\t<meta property=\"og:image:type\" content=\"image\/jpeg\" \/>\n<meta name=\"author\" content=\"TermixTeam\" \/>\n<meta name=\"twitter:card\" content=\"summary_large_image\" \/>\n<meta name=\"twitter:label1\" content=\"Escrito por\" \/>\n\t<meta name=\"twitter:data1\" content=\"TermixTeam\" \/>\n\t<meta name=\"twitter:label2\" content=\"Tiempo de lectura\" \/>\n\t<meta name=\"twitter:data2\" content=\"9 minutos\" \/>\n<script type=\"application\/ld+json\" class=\"yoast-schema-graph\">{\"@context\":\"https:\/\/schema.org\",\"@graph\":[{\"@type\":\"Article\",\"@id\":\"https:\/\/termix.net\/blog\/es\/celebra-los-30-anos-termix-cosmobeauty\/#article\",\"isPartOf\":{\"@id\":\"https:\/\/termix.net\/blog\/es\/celebra-los-30-anos-termix-cosmobeauty\/\"},\"author\":{\"name\":\"TermixTeam\",\"@id\":\"https:\/\/termix.net\/blog\/es\/#\/schema\/person\/9096c98bdf03c8ddf91ad7172f254f40\"},\"headline\":\"Celebra los 30 a\u00f1os de Termix en Cosmobeauty\",\"datePublished\":\"2017-03-28T10:41:35+00:00\",\"dateModified\":\"2019-12-16T11:33:03+00:00\",\"mainEntityOfPage\":{\"@id\":\"https:\/\/termix.net\/blog\/es\/celebra-los-30-anos-termix-cosmobeauty\/\"},\"wordCount\":1796,\"commentCount\":0,\"publisher\":{\"@id\":\"https:\/\/termix.net\/blog\/es\/#organization\"},\"articleSection\":[\"NOTICIAS\"],\"inLanguage\":\"es\",\"potentialAction\":[{\"@type\":\"CommentAction\",\"name\":\"Comment\",\"target\":[\"https:\/\/termix.net\/blog\/es\/celebra-los-30-anos-termix-cosmobeauty\/#respond\"]}]},{\"@type\":\"WebPage\",\"@id\":\"https:\/\/termix.net\/blog\/es\/celebra-los-30-anos-termix-cosmobeauty\/\",\"url\":\"https:\/\/termix.net\/blog\/es\/celebra-los-30-anos-termix-cosmobeauty\/\",\"name\":\"Celebra los 30 a\u00f1os de Termix en Cosmobeauty - Blog Termix Spain\",\"isPartOf\":{\"@id\":\"https:\/\/termix.net\/blog\/es\/#website\"},\"datePublished\":\"2017-03-28T10:41:35+00:00\",\"dateModified\":\"2019-12-16T11:33:03+00:00\",\"description\":\"Blog Termix Spain - Celebra los 30 a\u00f1os de Termix en Cosmobeauty -\",\"breadcrumb\":{\"@id\":\"https:\/\/termix.net\/blog\/es\/celebra-los-30-anos-termix-cosmobeauty\/#breadcrumb\"},\"inLanguage\":\"es\",\"potentialAction\":[{\"@type\":\"ReadAction\",\"target\":[\"https:\/\/termix.net\/blog\/es\/celebra-los-30-anos-termix-cosmobeauty\/\"]}]},{\"@type\":\"BreadcrumbList\",\"@id\":\"https:\/\/termix.net\/blog\/es\/celebra-los-30-anos-termix-cosmobeauty\/#breadcrumb\",\"itemListElement\":[{\"@type\":\"ListItem\",\"position\":1,\"name\":\"Home\",\"item\":\"https:\/\/termix.net\/blog\/es\/\"},{\"@type\":\"ListItem\",\"position\":2,\"name\":\"Celebra los 30 a\u00f1os de Termix en Cosmobeauty\"}]},{\"@type\":\"WebSite\",\"@id\":\"https:\/\/termix.net\/blog\/es\/#website\",\"url\":\"https:\/\/termix.net\/blog\/es\/\",\"name\":\"Blog Termix Spain\",\"description\":\"Blog de tendencias y productos de peluquer\u00eda profesional.\",\"publisher\":{\"@id\":\"https:\/\/termix.net\/blog\/es\/#organization\"},\"potentialAction\":[{\"@type\":\"SearchAction\",\"target\":{\"@type\":\"EntryPoint\",\"urlTemplate\":\"https:\/\/termix.net\/blog\/es\/?s={search_term_string}\"},\"query-input\":\"required name=search_term_string\"}],\"inLanguage\":\"es\"},{\"@type\":\"Organization\",\"@id\":\"https:\/\/termix.net\/blog\/es\/#organization\",\"name\":\"Dols Industrial de Peluquer\u00eda SA\",\"url\":\"https:\/\/termix.net\/blog\/es\/\",\"logo\":{\"@type\":\"ImageObject\",\"inLanguage\":\"es\",\"@id\":\"https:\/\/termix.net\/blog\/es\/#\/schema\/logo\/image\/\",\"url\":\"https:\/\/termix.net\/blog\/wp-content\/uploads\/2020\/10\/OGbDAeng.jpeg\",\"contentUrl\":\"https:\/\/termix.net\/blog\/wp-content\/uploads\/2020\/10\/OGbDAeng.jpeg\",\"width\":800,\"height\":800,\"caption\":\"Dols Industrial de Peluquer\u00eda SA\"},\"image\":{\"@id\":\"https:\/\/termix.net\/blog\/es\/#\/schema\/logo\/image\/\"}},{\"@type\":\"Person\",\"@id\":\"https:\/\/termix.net\/blog\/es\/#\/schema\/person\/9096c98bdf03c8ddf91ad7172f254f40\",\"name\":\"TermixTeam\",\"image\":{\"@type\":\"ImageObject\",\"inLanguage\":\"es\",\"@id\":\"https:\/\/termix.net\/blog\/es\/#\/schema\/person\/image\/\",\"url\":\"https:\/\/secure.gravatar.com\/avatar\/d89f61f6bd1c29a4acb231736d1c74b3?s=96&d=mm&r=g\",\"contentUrl\":\"https:\/\/secure.gravatar.com\/avatar\/d89f61f6bd1c29a4acb231736d1c74b3?s=96&d=mm&r=g\",\"caption\":\"TermixTeam\"},\"url\":\"https:\/\/termix.net\/blog\/es\/author\/termixteam\/\"}]}<\/script>\n<!-- \/ Yoast SEO plugin. -->","yoast_head_json":{"title":"Celebra los 30 a\u00f1os de Termix en Cosmobeauty - Blog Termix Spain","description":"Blog Termix Spain - Celebra los 30 a\u00f1os de Termix en Cosmobeauty -","robots":{"index":"index","follow":"follow","max-snippet":"max-snippet:-1","max-image-preview":"max-image-preview:large","max-video-preview":"max-video-preview:-1"},"canonical":"https:\/\/termix.net\/blog\/es\/celebra-los-30-anos-termix-cosmobeauty\/","og_locale":"es_ES","og_type":"article","og_title":"Celebra los 30 a\u00f1os de Termix en Cosmobeauty - Blog Termix Spain","og_description":"Blog Termix Spain - Celebra los 30 a\u00f1os de Termix en Cosmobeauty -","og_url":"https:\/\/termix.net\/blog\/es\/celebra-los-30-anos-termix-cosmobeauty\/","og_site_name":"Blog Termix Spain","article_published_time":"2017-03-28T10:41:35+00:00","article_modified_time":"2019-12-16T11:33:03+00:00","og_image":[{"width":800,"height":495,"url":"https:\/\/termix.net\/blog\/wp-content\/uploads\/2017\/03\/bannerweb_cosmobeauty1_lanzamientos.jpg","type":"image\/jpeg"}],"author":"TermixTeam","twitter_card":"summary_large_image","twitter_misc":{"Escrito por":"TermixTeam","Tiempo de lectura":"9 minutos"},"schema":{"@context":"https:\/\/schema.org","@graph":[{"@type":"Article","@id":"https:\/\/termix.net\/blog\/es\/celebra-los-30-anos-termix-cosmobeauty\/#article","isPartOf":{"@id":"https:\/\/termix.net\/blog\/es\/celebra-los-30-anos-termix-cosmobeauty\/"},"author":{"name":"TermixTeam","@id":"https:\/\/termix.net\/blog\/es\/#\/schema\/person\/9096c98bdf03c8ddf91ad7172f254f40"},"headline":"Celebra los 30 a\u00f1os de Termix en Cosmobeauty","datePublished":"2017-03-28T10:41:35+00:00","dateModified":"2019-12-16T11:33:03+00:00","mainEntityOfPage":{"@id":"https:\/\/termix.net\/blog\/es\/celebra-los-30-anos-termix-cosmobeauty\/"},"wordCount":1796,"commentCount":0,"publisher":{"@id":"https:\/\/termix.net\/blog\/es\/#organization"},"articleSection":["NOTICIAS"],"inLanguage":"es","potentialAction":[{"@type":"CommentAction","name":"Comment","target":["https:\/\/termix.net\/blog\/es\/celebra-los-30-anos-termix-cosmobeauty\/#respond"]}]},{"@type":"WebPage","@id":"https:\/\/termix.net\/blog\/es\/celebra-los-30-anos-termix-cosmobeauty\/","url":"https:\/\/termix.net\/blog\/es\/celebra-los-30-anos-termix-cosmobeauty\/","name":"Celebra los 30 a\u00f1os de Termix en Cosmobeauty - Blog Termix Spain","isPartOf":{"@id":"https:\/\/termix.net\/blog\/es\/#website"},"datePublished":"2017-03-28T10:41:35+00:00","dateModified":"2019-12-16T11:33:03+00:00","description":"Blog Termix Spain - Celebra los 30 a\u00f1os de Termix en Cosmobeauty -","breadcrumb":{"@id":"https:\/\/termix.net\/blog\/es\/celebra-los-30-anos-termix-cosmobeauty\/#breadcrumb"},"inLanguage":"es","potentialAction":[{"@type":"ReadAction","target":["https:\/\/termix.net\/blog\/es\/celebra-los-30-anos-termix-cosmobeauty\/"]}]},{"@type":"BreadcrumbList","@id":"https:\/\/termix.net\/blog\/es\/celebra-los-30-anos-termix-cosmobeauty\/#breadcrumb","itemListElement":[{"@type":"ListItem","position":1,"name":"Home","item":"https:\/\/termix.net\/blog\/es\/"},{"@type":"ListItem","position":2,"name":"Celebra los 30 a\u00f1os de Termix en Cosmobeauty"}]},{"@type":"WebSite","@id":"https:\/\/termix.net\/blog\/es\/#website","url":"https:\/\/termix.net\/blog\/es\/","name":"Blog Termix Spain","description":"Blog de tendencias y productos de peluquer\u00eda profesional.","publisher":{"@id":"https:\/\/termix.net\/blog\/es\/#organization"},"potentialAction":[{"@type":"SearchAction","target":{"@type":"EntryPoint","urlTemplate":"https:\/\/termix.net\/blog\/es\/?s={search_term_string}"},"query-input":"required name=search_term_string"}],"inLanguage":"es"},{"@type":"Organization","@id":"https:\/\/termix.net\/blog\/es\/#organization","name":"Dols Industrial de Peluquer\u00eda SA","url":"https:\/\/termix.net\/blog\/es\/","logo":{"@type":"ImageObject","inLanguage":"es","@id":"https:\/\/termix.net\/blog\/es\/#\/schema\/logo\/image\/","url":"https:\/\/termix.net\/blog\/wp-content\/uploads\/2020\/10\/OGbDAeng.jpeg","contentUrl":"https:\/\/termix.net\/blog\/wp-content\/uploads\/2020\/10\/OGbDAeng.jpeg","width":800,"height":800,"caption":"Dols Industrial de Peluquer\u00eda SA"},"image":{"@id":"https:\/\/termix.net\/blog\/es\/#\/schema\/logo\/image\/"}},{"@type":"Person","@id":"https:\/\/termix.net\/blog\/es\/#\/schema\/person\/9096c98bdf03c8ddf91ad7172f254f40","name":"TermixTeam","image":{"@type":"ImageObject","inLanguage":"es","@id":"https:\/\/termix.net\/blog\/es\/#\/schema\/person\/image\/","url":"https:\/\/secure.gravatar.com\/avatar\/d89f61f6bd1c29a4acb231736d1c74b3?s=96&d=mm&r=g","contentUrl":"https:\/\/secure.gravatar.com\/avatar\/d89f61f6bd1c29a4acb231736d1c74b3?s=96&d=mm&r=g","caption":"TermixTeam"},"url":"https:\/\/termix.net\/blog\/es\/author\/termixteam\/"}]}},"_links":{"self":[{"href":"https:\/\/termix.net\/blog\/es\/wp-json\/wp\/v2\/posts\/9351"}],"collection":[{"href":"https:\/\/termix.net\/blog\/es\/wp-json\/wp\/v2\/posts"}],"about":[{"href":"https:\/\/termix.net\/blog\/es\/wp-json\/wp\/v2\/types\/post"}],"author":[{"embeddable":true,"href":"https:\/\/termix.net\/blog\/es\/wp-json\/wp\/v2\/users\/2"}],"replies":[{"embeddable":true,"href":"https:\/\/termix.net\/blog\/es\/wp-json\/wp\/v2\/comments?post=9351"}],"version-history":[{"count":4,"href":"https:\/\/termix.net\/blog\/es\/wp-json\/wp\/v2\/posts\/9351\/revisions"}],"predecessor-version":[{"id":22734,"href":"https:\/\/termix.net\/blog\/es\/wp-json\/wp\/v2\/posts\/9351\/revisions\/22734"}],"wp:featuredmedia":[{"embeddable":true,"href":"https:\/\/termix.net\/blog\/es\/wp-json\/wp\/v2\/media\/22717"}],"wp:attachment":[{"href":"https:\/\/termix.net\/blog\/es\/wp-json\/wp\/v2\/media?parent=9351"}],"wp:term":[{"taxonomy":"category","embeddable":true,"href":"https:\/\/termix.net\/blog\/es\/wp-json\/wp\/v2\/categories?post=9351"},{"taxonomy":"post_tag","embeddable":true,"href":"https:\/\/termix.net\/blog\/es\/wp-json\/wp\/v2\/tags?post=9351"}],"curies":[{"name":"wp","href":"https:\/\/api.w.org\/{rel}","templated":true}]}}