{"id":9263,"date":"2017-03-21T13:02:50","date_gmt":"2017-03-21T13:02:50","guid":{"rendered":"http:\/\/termix.net\/?p=9263"},"modified":"2019-12-11T14:33:09","modified_gmt":"2019-12-11T13:33:09","slug":"termix-viaja-a-cosmoprof-y-consigue-brillar-celebrando-sus-30-anos","status":"publish","type":"post","link":"https:\/\/termix.net\/blog\/es\/termix-viaja-a-cosmoprof-y-consigue-brillar-celebrando-sus-30-anos\/","title":{"rendered":"Termix viaja a Bolonia y consigue brillar celebrando sus 30 a\u00f1os"},"content":{"rendered":"<p><div class=\"fusion-fullwidth fullwidth-box fusion-builder-row-1 faded-background fusion-parallax-none nonhundred-percent-fullwidth non-hundred-percent-height-scrolling fusion-no-small-visibility fusion-no-medium-visibility\" style=\"--awb-border-radius-top-left:0px;--awb-border-radius-top-right:0px;--awb-border-radius-bottom-right:0px;--awb-border-radius-bottom-left:0px;--awb-padding-top:24%;--awb-padding-right:3%;--awb-padding-left:3%;--awb-background-size:cover;\" ><div class=\"fullwidth-faded\" style=\"--awb-background-color:#181818;--awb-background-image:url(https:\/\/termix.net\/blog\/wp-content\/uploads\/2017\/03\/cosmoprofchicas1.jpg);--awb-background-size:cover;\" ><\/div><div class=\"fusion-builder-row fusion-row\"><div class=\"fusion-layout-column fusion_builder_column fusion-builder-column-0 fusion_builder_column_1_1 1_1 fusion-one-full fusion-column-first fusion-column-last\" style=\"--awb-padding-top:6%;--awb-padding-right:8%;--awb-padding-bottom:6%;--awb-padding-left:8%;--awb-bg-color:rgba(255,255,255,0.7);--awb-bg-size:cover;--awb-margin-top:0px;--awb-margin-bottom:0px;\"><div class=\"fusion-column-wrapper fusion-column-has-shadow fusion-flex-column-wrapper-legacy\"><div class=\"fusion-text fusion-text-1 caption\"><p style=\"text-align: center;\">Novedades \u2014 3 min de lectura<\/p>\n<\/div><div class=\"fusion-title title fusion-title-1 fusion-sep-none fusion-title-center fusion-title-text fusion-title-size-two\" style=\"--awb-margin-top:30px;--awb-margin-bottom:20px;\"><h2 class=\"title-heading-center fusion-responsive-typography-calculated\" style=\"margin:0;--fontSize:50;line-height:1.28;\">Termix viaja a Bolonia y consigue brillar celebrando sus 30 a\u00f1os<\/h2><\/div><div class=\"fusion-clearfix\"><\/div><\/div><\/div><\/div><\/div><div class=\"fusion-fullwidth fullwidth-box fusion-builder-row-2 fusion-parallax-none nonhundred-percent-fullwidth non-hundred-percent-height-scrolling fusion-no-large-visibility\" style=\"--awb-border-radius-top-left:0px;--awb-border-radius-top-right:0px;--awb-border-radius-bottom-right:0px;--awb-border-radius-bottom-left:0px;--awb-background-image:url(&quot;https:\/\/termix.net\/blog\/wp-content\/uploads\/2019\/11\/con-el-secador-compacto-profesioanl-4300-de-termix-damos-volumen-al-cabello-1.jpg&quot;);--awb-background-size:cover;\" ><div class=\"fusion-builder-row fusion-row\"><div class=\"fusion-layout-column fusion_builder_column fusion-builder-column-1 fusion_builder_column_1_1 1_1 fusion-one-full fusion-column-first fusion-column-last fusion-column-inner-bg-wrapper\" style=\"--awb-padding-top:10%;--awb-padding-bottom:10%;--awb-inner-bg-image:url(&#039;http:\/\/termix.net\/blog\/wp-content\/uploads\/2019\/03\/single-blog-post-feat.jpg&#039;);--awb-inner-bg-position:center center;--awb-inner-bg-size:cover;\"><span class=\"fusion-column-inner-bg hover-type-zoomout\"><span class=\"fusion-column-anchor\"><span class=\"fusion-column-inner-bg-image\"><\/span><\/span><\/span><div class=\"fusion-column-wrapper fusion-flex-column-wrapper-legacy\" data-bg-url=\"http:\/\/termix.net\/blog\/wp-content\/uploads\/2019\/03\/single-blog-post-feat.jpg\"><div class=\"fusion-sep-clear\"><\/div><div class=\"fusion-separator fusion-no-large-visibility fusion-full-width-sep\" style=\"margin-left: auto;margin-right: auto;margin-top:200px;width:100%;\"><\/div><div class=\"fusion-sep-clear\"><\/div><div class=\"fusion-clearfix\"><\/div><\/div><\/div><div class=\"fusion-layout-column fusion_builder_column fusion-builder-column-2 fusion_builder_column_1_1 1_1 fusion-one-full fusion-column-first fusion-column-last\" style=\"--awb-padding-top:6%;--awb-bg-color:#ffffff;--awb-bg-size:cover;--awb-margin-top:0px;--awb-margin-bottom:0px;\"><div class=\"fusion-column-wrapper fusion-flex-column-wrapper-legacy\"><div class=\"fusion-text fusion-text-2 caption\"><p style=\"text-align: center;\">Novedades \u2014 3 min de lectura<\/p>\n<\/div><div class=\"fusion-title title fusion-title-2 fusion-sep-none fusion-title-center fusion-title-text fusion-title-size-two\" style=\"--awb-margin-top:30px;--awb-margin-bottom:20px;\"><h2 class=\"title-heading-center fusion-responsive-typography-calculated\" style=\"margin:0;--fontSize:50;line-height:1.28;\">Termix viaja a Bolonia y consigue brillar celebrando sus 30 a\u00f1os<\/h2><\/div><div class=\"fusion-clearfix\"><\/div><\/div><\/div><\/div><\/div><div class=\"fusion-fullwidth fullwidth-box fusion-builder-row-3 nonhundred-percent-fullwidth non-hundred-percent-height-scrolling\" style=\"--awb-border-radius-top-left:0px;--awb-border-radius-top-right:0px;--awb-border-radius-bottom-right:0px;--awb-border-radius-bottom-left:0px;--awb-padding-top:10px;--awb-padding-bottom:4%;\" ><div class=\"fusion-builder-row fusion-row\"><div class=\"fusion-layout-column fusion_builder_column fusion-builder-column-3 fusion_builder_column_1_6 1_6 fusion-one-sixth fusion-column-first fusion-no-small-visibility fusion-no-medium-visibility\" style=\"--awb-bg-size:cover;width:16.666666666667%;width:calc(16.666666666667% - ( ( 0 ) * 0.16666666666667 ) );margin-right: 0px;\"><div class=\"fusion-column-wrapper fusion-flex-column-wrapper-legacy\"><div class=\"fusion-clearfix\"><\/div><\/div><\/div><div class=\"fusion-layout-column fusion_builder_column fusion-builder-column-4 fusion_builder_column_2_3 2_3 fusion-two-third fusion-column-last\" style=\"--awb-bg-size:cover;width:66.666666666667%;width:calc(66.666666666667% - ( ( 0 ) * 0.66666666666667 ) );\"><div class=\"fusion-column-wrapper fusion-flex-column-wrapper-legacy\"><div class=\"fusion-sep-clear\"><\/div><div class=\"fusion-separator fusion-full-width-sep\" style=\"margin-left: auto;margin-right: auto;margin-top:30px;width:100%;\"><\/div><div class=\"fusion-sep-clear\"><\/div><div class=\"fusion-text fusion-text-3\"><p style=\"text-align: center;\"><span style=\"font-size: 22px; line-height: 1.5em;\"> El evento de la belleza por antonomasia ha llegado a su fin. Hablamos de la Cosmoprof de Bolonia, una feria dedicada a la cosm\u00e9tica y el bienestar, que en su 50 aniversario ha destacado por su dinamismo e innovaci\u00f3n. Termix ha estado all\u00ed, en un doble aniversario, celebrando por todo lo alto sus 30 a\u00f1os dedicados al bienestar y salud del cabello.<\/span><\/p>\n<\/div><div class=\"fusion-sep-clear\"><\/div><div class=\"fusion-separator fusion-full-width-sep\" style=\"margin-left: auto;margin-right: auto;margin-top:30px;width:100%;\"><\/div><div class=\"fusion-sep-clear\"><\/div><div class=\"fusion-text fusion-text-4\"><p>\u00a0<\/p>\n<p><img decoding=\"async\" class=\"alignnone size-full wp-image-22804\" src=\"https:\/\/termix.net\/blog\/wp-content\/uploads\/2017\/03\/todosstand.jpg\" alt=\"\" width=\"5816\" height=\"3632\" srcset=\"https:\/\/termix.net\/blog\/wp-content\/uploads\/2017\/03\/todosstand-200x125.jpg 200w, https:\/\/termix.net\/blog\/wp-content\/uploads\/2017\/03\/todosstand-300x187.jpg 300w, https:\/\/termix.net\/blog\/wp-content\/uploads\/2017\/03\/todosstand-400x250.jpg 400w, https:\/\/termix.net\/blog\/wp-content\/uploads\/2017\/03\/todosstand-600x375.jpg 600w, https:\/\/termix.net\/blog\/wp-content\/uploads\/2017\/03\/todosstand-768x480.jpg 768w, https:\/\/termix.net\/blog\/wp-content\/uploads\/2017\/03\/todosstand-800x500.jpg 800w, https:\/\/termix.net\/blog\/wp-content\/uploads\/2017\/03\/todosstand-1024x639.jpg 1024w, https:\/\/termix.net\/blog\/wp-content\/uploads\/2017\/03\/todosstand-1200x749.jpg 1200w, https:\/\/termix.net\/blog\/wp-content\/uploads\/2017\/03\/todosstand.jpg 5816w\" sizes=\"(max-width: 5816px) 100vw, 5816px\" \/><\/p>\n<p>\u00a0<\/p>\n<p>Con un n\u00famero muy amplio de profesionales del sector, <span style=\"color: #000000;\"><strong>Cosmoprof<\/strong><\/span> ha presentado al gran p\u00fablico las <span style=\"color: #000000;\"><strong>novedades m\u00e1s impactantes<\/strong> <\/span>del mundo de la belleza en todas sus vertientes. El <strong>stand de Termix<\/strong>\u00a0 <strong>ha triunfado<\/strong> por todo lo alto con la presentaci\u00f3n de los lanzamientos de este a\u00f1o.<\/p>\n<p style=\"text-align: justify;\">\u00a0<\/p>\n<p style=\"text-align: justify;\">Una de las <strong>grandes estrellas<\/strong> de esta edici\u00f3n ha sido la plancha de pelo<strong> Black Velvet<\/strong>, presentada en un dise\u00f1o atractivo, tacto terciopelo y con la m\u00e1s novedosa nanotecnolog\u00eda, perfecta para todo tipo de cabellos. <strong>Los C\u00b7RAMIC COLORS<\/strong>\u00a0tambi\u00e9n han brillado gracias a sus magn\u00e9ticos <strong>Pantone<\/strong> que han logrado cautivar la atenci\u00f3n de muchos curiosos, tanto profesionales como no profesionales del sector.<\/p>\n<p><strong><img decoding=\"async\" class=\"alignnone size-full wp-image-22802\" src=\"https:\/\/termix.net\/blog\/wp-content\/uploads\/2017\/03\/IMG_2441.jpg\" alt=\"\" width=\"1600\" height=\"1200\" srcset=\"https:\/\/termix.net\/blog\/wp-content\/uploads\/2017\/03\/IMG_2441-200x150.jpg 200w, https:\/\/termix.net\/blog\/wp-content\/uploads\/2017\/03\/IMG_2441-300x225.jpg 300w, https:\/\/termix.net\/blog\/wp-content\/uploads\/2017\/03\/IMG_2441-400x300.jpg 400w, https:\/\/termix.net\/blog\/wp-content\/uploads\/2017\/03\/IMG_2441-600x450.jpg 600w, https:\/\/termix.net\/blog\/wp-content\/uploads\/2017\/03\/IMG_2441-768x576.jpg 768w, https:\/\/termix.net\/blog\/wp-content\/uploads\/2017\/03\/IMG_2441-800x600.jpg 800w, https:\/\/termix.net\/blog\/wp-content\/uploads\/2017\/03\/IMG_2441-1024x768.jpg 1024w, https:\/\/termix.net\/blog\/wp-content\/uploads\/2017\/03\/IMG_2441-1200x900.jpg 1200w, https:\/\/termix.net\/blog\/wp-content\/uploads\/2017\/03\/IMG_2441.jpg 1600w\" sizes=\"(max-width: 1600px) 100vw, 1600px\" \/><\/strong><\/p>\n<p>\u00a0<\/p>\n<p style=\"text-align: justify;\">Por \u00faltimo, el <strong>Evolution Gold<\/strong> ha sido uno de los m\u00e1s reclamados en la Cosmoprof. Un <strong>cepillo de edici\u00f3n limitada<\/strong> presentado con un <strong>recubrimiento dorado<\/strong> que incorpora un dise\u00f1o Premium ideado para proporcionar un cuidado espec\u00edfico y personalizado de los cabellos m\u00e1s delicados y sensibles. El cepillo de edici\u00f3n limitada ideal para <strong>conmemorar los 30 a\u00f1os<\/strong> que Termix lleva dedicados al cuidado, salud y brillo del cabello.<\/p>\n<p style=\"text-align: justify;\"><img decoding=\"async\" class=\"alignnone size-full wp-image-22800\" src=\"https:\/\/termix.net\/blog\/wp-content\/uploads\/2017\/03\/chicatermixstand1.jpg\" alt=\"\" width=\"5816\" height=\"3632\" srcset=\"https:\/\/termix.net\/blog\/wp-content\/uploads\/2017\/03\/chicatermixstand1-200x125.jpg 200w, https:\/\/termix.net\/blog\/wp-content\/uploads\/2017\/03\/chicatermixstand1-300x187.jpg 300w, https:\/\/termix.net\/blog\/wp-content\/uploads\/2017\/03\/chicatermixstand1-400x250.jpg 400w, https:\/\/termix.net\/blog\/wp-content\/uploads\/2017\/03\/chicatermixstand1-600x375.jpg 600w, https:\/\/termix.net\/blog\/wp-content\/uploads\/2017\/03\/chicatermixstand1-768x480.jpg 768w, https:\/\/termix.net\/blog\/wp-content\/uploads\/2017\/03\/chicatermixstand1-800x500.jpg 800w, https:\/\/termix.net\/blog\/wp-content\/uploads\/2017\/03\/chicatermixstand1-1024x639.jpg 1024w, https:\/\/termix.net\/blog\/wp-content\/uploads\/2017\/03\/chicatermixstand1-1200x749.jpg 1200w, https:\/\/termix.net\/blog\/wp-content\/uploads\/2017\/03\/chicatermixstand1.jpg 5816w\" sizes=\"(max-width: 5816px) 100vw, 5816px\" \/><\/p>\n<p style=\"text-align: justify;\">Una <strong>celebraci\u00f3n de aniversario por partida doble<\/strong> que cierra sus puertas y nos deja un magn\u00edfico recuerdo. \u00a1<strong>Gracias a todos<\/strong> los colaboradores, participantes y asistentes!<\/p>\n<p style=\"text-align: justify;\">Por parte de Termix, esto no se acaba. Y es que el <strong>1 de abril<\/strong> seguimos celebrando nuestros 30 a\u00f1os, aunque esta vez, en <strong>Barcelona<\/strong>.\u00a0 Ven a visitarnos a la <strong>CosmoBeauty del <span style=\"color: #000000;\">1 al 3 de abril<\/span><\/strong> y d\u00e9jate sorprender\u2026<\/p>\n<h2 style=\"text-align: justify;\"><strong> \u00a1te esperamos!<\/strong><\/h2>\n<p>\u00a0<\/p>\n<\/div><div class=\"fusion-clearfix\"><\/div><\/div><\/div><\/div><\/div><div class=\"fusion-fullwidth fullwidth-box fusion-builder-row-4 nonhundred-percent-fullwidth non-hundred-percent-height-scrolling\" style=\"--awb-border-radius-top-left:0px;--awb-border-radius-top-right:0px;--awb-border-radius-bottom-right:0px;--awb-border-radius-bottom-left:0px;\" ><\/div><\/p>\n","protected":false},"excerpt":{"rendered":"","protected":false},"author":2,"featured_media":22806,"comment_status":"open","ping_status":"open","sticky":false,"template":"","format":"standard","meta":[],"categories":[6],"tags":[],"yoast_head":"<!-- This site is optimized with the Yoast SEO plugin v20.0 - https:\/\/yoast.com\/wordpress\/plugins\/seo\/ -->\n<title>Termix viaja a Bolonia y consigue brillar celebrando sus 30 a\u00f1os - Blog Termix Spain<\/title>\n<meta name=\"description\" content=\"Blog Termix Spain - Termix viaja a Bolonia y consigue brillar celebrando sus 30 a\u00f1os -\" \/>\n<meta name=\"robots\" content=\"index, follow, max-snippet:-1, max-image-preview:large, max-video-preview:-1\" \/>\n<link rel=\"canonical\" href=\"https:\/\/termix.net\/blog\/es\/termix-viaja-a-cosmoprof-y-consigue-brillar-celebrando-sus-30-anos\/\" \/>\n<meta property=\"og:locale\" content=\"es_ES\" \/>\n<meta property=\"og:type\" content=\"article\" \/>\n<meta property=\"og:title\" content=\"Termix viaja a Bolonia y consigue brillar celebrando sus 30 a\u00f1os - Blog Termix Spain\" \/>\n<meta property=\"og:description\" content=\"Blog Termix Spain - Termix viaja a Bolonia y consigue brillar celebrando sus 30 a\u00f1os -\" \/>\n<meta property=\"og:url\" content=\"https:\/\/termix.net\/blog\/es\/termix-viaja-a-cosmoprof-y-consigue-brillar-celebrando-sus-30-anos\/\" \/>\n<meta property=\"og:site_name\" content=\"Blog Termix Spain\" \/>\n<meta property=\"article:published_time\" content=\"2017-03-21T13:02:50+00:00\" \/>\n<meta property=\"article:modified_time\" content=\"2019-12-11T13:33:09+00:00\" \/>\n<meta property=\"og:image\" content=\"https:\/\/termix.net\/blog\/wp-content\/uploads\/2017\/03\/cosmoprofchicas1.jpg\" \/>\n\t<meta property=\"og:image:width\" content=\"960\" \/>\n\t<meta property=\"og:image:height\" content=\"640\" \/>\n\t<meta property=\"og:image:type\" content=\"image\/jpeg\" \/>\n<meta name=\"author\" content=\"TermixTeam\" \/>\n<meta name=\"twitter:card\" content=\"summary_large_image\" \/>\n<meta name=\"twitter:label1\" content=\"Escrito por\" \/>\n\t<meta name=\"twitter:data1\" content=\"TermixTeam\" \/>\n\t<meta name=\"twitter:label2\" content=\"Tiempo de lectura\" \/>\n\t<meta name=\"twitter:data2\" content=\"7 minutos\" \/>\n<script type=\"application\/ld+json\" class=\"yoast-schema-graph\">{\"@context\":\"https:\/\/schema.org\",\"@graph\":[{\"@type\":\"Article\",\"@id\":\"https:\/\/termix.net\/blog\/es\/termix-viaja-a-cosmoprof-y-consigue-brillar-celebrando-sus-30-anos\/#article\",\"isPartOf\":{\"@id\":\"https:\/\/termix.net\/blog\/es\/termix-viaja-a-cosmoprof-y-consigue-brillar-celebrando-sus-30-anos\/\"},\"author\":{\"name\":\"TermixTeam\",\"@id\":\"https:\/\/termix.net\/blog\/es\/#\/schema\/person\/9096c98bdf03c8ddf91ad7172f254f40\"},\"headline\":\"Termix viaja a Bolonia y consigue brillar celebrando sus 30 a\u00f1os\",\"datePublished\":\"2017-03-21T13:02:50+00:00\",\"dateModified\":\"2019-12-11T13:33:09+00:00\",\"mainEntityOfPage\":{\"@id\":\"https:\/\/termix.net\/blog\/es\/termix-viaja-a-cosmoprof-y-consigue-brillar-celebrando-sus-30-anos\/\"},\"wordCount\":1505,\"commentCount\":0,\"publisher\":{\"@id\":\"https:\/\/termix.net\/blog\/es\/#organization\"},\"articleSection\":[\"NOTICIAS\"],\"inLanguage\":\"es\",\"potentialAction\":[{\"@type\":\"CommentAction\",\"name\":\"Comment\",\"target\":[\"https:\/\/termix.net\/blog\/es\/termix-viaja-a-cosmoprof-y-consigue-brillar-celebrando-sus-30-anos\/#respond\"]}]},{\"@type\":\"WebPage\",\"@id\":\"https:\/\/termix.net\/blog\/es\/termix-viaja-a-cosmoprof-y-consigue-brillar-celebrando-sus-30-anos\/\",\"url\":\"https:\/\/termix.net\/blog\/es\/termix-viaja-a-cosmoprof-y-consigue-brillar-celebrando-sus-30-anos\/\",\"name\":\"Termix viaja a Bolonia y consigue brillar celebrando sus 30 a\u00f1os - Blog Termix Spain\",\"isPartOf\":{\"@id\":\"https:\/\/termix.net\/blog\/es\/#website\"},\"datePublished\":\"2017-03-21T13:02:50+00:00\",\"dateModified\":\"2019-12-11T13:33:09+00:00\",\"description\":\"Blog Termix Spain - Termix viaja a Bolonia y consigue brillar celebrando sus 30 a\u00f1os -\",\"breadcrumb\":{\"@id\":\"https:\/\/termix.net\/blog\/es\/termix-viaja-a-cosmoprof-y-consigue-brillar-celebrando-sus-30-anos\/#breadcrumb\"},\"inLanguage\":\"es\",\"potentialAction\":[{\"@type\":\"ReadAction\",\"target\":[\"https:\/\/termix.net\/blog\/es\/termix-viaja-a-cosmoprof-y-consigue-brillar-celebrando-sus-30-anos\/\"]}]},{\"@type\":\"BreadcrumbList\",\"@id\":\"https:\/\/termix.net\/blog\/es\/termix-viaja-a-cosmoprof-y-consigue-brillar-celebrando-sus-30-anos\/#breadcrumb\",\"itemListElement\":[{\"@type\":\"ListItem\",\"position\":1,\"name\":\"Home\",\"item\":\"https:\/\/termix.net\/blog\/es\/\"},{\"@type\":\"ListItem\",\"position\":2,\"name\":\"Termix viaja a Bolonia y consigue brillar celebrando sus 30 a\u00f1os\"}]},{\"@type\":\"WebSite\",\"@id\":\"https:\/\/termix.net\/blog\/es\/#website\",\"url\":\"https:\/\/termix.net\/blog\/es\/\",\"name\":\"Blog Termix Spain\",\"description\":\"Blog de tendencias y productos de peluquer\u00eda profesional.\",\"publisher\":{\"@id\":\"https:\/\/termix.net\/blog\/es\/#organization\"},\"potentialAction\":[{\"@type\":\"SearchAction\",\"target\":{\"@type\":\"EntryPoint\",\"urlTemplate\":\"https:\/\/termix.net\/blog\/es\/?s={search_term_string}\"},\"query-input\":\"required name=search_term_string\"}],\"inLanguage\":\"es\"},{\"@type\":\"Organization\",\"@id\":\"https:\/\/termix.net\/blog\/es\/#organization\",\"name\":\"Dols Industrial de Peluquer\u00eda SA\",\"url\":\"https:\/\/termix.net\/blog\/es\/\",\"logo\":{\"@type\":\"ImageObject\",\"inLanguage\":\"es\",\"@id\":\"https:\/\/termix.net\/blog\/es\/#\/schema\/logo\/image\/\",\"url\":\"https:\/\/termix.net\/blog\/wp-content\/uploads\/2020\/10\/OGbDAeng.jpeg\",\"contentUrl\":\"https:\/\/termix.net\/blog\/wp-content\/uploads\/2020\/10\/OGbDAeng.jpeg\",\"width\":800,\"height\":800,\"caption\":\"Dols Industrial de Peluquer\u00eda SA\"},\"image\":{\"@id\":\"https:\/\/termix.net\/blog\/es\/#\/schema\/logo\/image\/\"}},{\"@type\":\"Person\",\"@id\":\"https:\/\/termix.net\/blog\/es\/#\/schema\/person\/9096c98bdf03c8ddf91ad7172f254f40\",\"name\":\"TermixTeam\",\"image\":{\"@type\":\"ImageObject\",\"inLanguage\":\"es\",\"@id\":\"https:\/\/termix.net\/blog\/es\/#\/schema\/person\/image\/\",\"url\":\"https:\/\/secure.gravatar.com\/avatar\/d89f61f6bd1c29a4acb231736d1c74b3?s=96&d=mm&r=g\",\"contentUrl\":\"https:\/\/secure.gravatar.com\/avatar\/d89f61f6bd1c29a4acb231736d1c74b3?s=96&d=mm&r=g\",\"caption\":\"TermixTeam\"},\"url\":\"https:\/\/termix.net\/blog\/es\/author\/termixteam\/\"}]}<\/script>\n<!-- \/ Yoast SEO plugin. -->","yoast_head_json":{"title":"Termix viaja a Bolonia y consigue brillar celebrando sus 30 a\u00f1os - Blog Termix Spain","description":"Blog Termix Spain - Termix viaja a Bolonia y consigue brillar celebrando sus 30 a\u00f1os -","robots":{"index":"index","follow":"follow","max-snippet":"max-snippet:-1","max-image-preview":"max-image-preview:large","max-video-preview":"max-video-preview:-1"},"canonical":"https:\/\/termix.net\/blog\/es\/termix-viaja-a-cosmoprof-y-consigue-brillar-celebrando-sus-30-anos\/","og_locale":"es_ES","og_type":"article","og_title":"Termix viaja a Bolonia y consigue brillar celebrando sus 30 a\u00f1os - Blog Termix Spain","og_description":"Blog Termix Spain - Termix viaja a Bolonia y consigue brillar celebrando sus 30 a\u00f1os -","og_url":"https:\/\/termix.net\/blog\/es\/termix-viaja-a-cosmoprof-y-consigue-brillar-celebrando-sus-30-anos\/","og_site_name":"Blog Termix Spain","article_published_time":"2017-03-21T13:02:50+00:00","article_modified_time":"2019-12-11T13:33:09+00:00","og_image":[{"width":960,"height":640,"url":"https:\/\/termix.net\/blog\/wp-content\/uploads\/2017\/03\/cosmoprofchicas1.jpg","type":"image\/jpeg"}],"author":"TermixTeam","twitter_card":"summary_large_image","twitter_misc":{"Escrito por":"TermixTeam","Tiempo de lectura":"7 minutos"},"schema":{"@context":"https:\/\/schema.org","@graph":[{"@type":"Article","@id":"https:\/\/termix.net\/blog\/es\/termix-viaja-a-cosmoprof-y-consigue-brillar-celebrando-sus-30-anos\/#article","isPartOf":{"@id":"https:\/\/termix.net\/blog\/es\/termix-viaja-a-cosmoprof-y-consigue-brillar-celebrando-sus-30-anos\/"},"author":{"name":"TermixTeam","@id":"https:\/\/termix.net\/blog\/es\/#\/schema\/person\/9096c98bdf03c8ddf91ad7172f254f40"},"headline":"Termix viaja a Bolonia y consigue brillar celebrando sus 30 a\u00f1os","datePublished":"2017-03-21T13:02:50+00:00","dateModified":"2019-12-11T13:33:09+00:00","mainEntityOfPage":{"@id":"https:\/\/termix.net\/blog\/es\/termix-viaja-a-cosmoprof-y-consigue-brillar-celebrando-sus-30-anos\/"},"wordCount":1505,"commentCount":0,"publisher":{"@id":"https:\/\/termix.net\/blog\/es\/#organization"},"articleSection":["NOTICIAS"],"inLanguage":"es","potentialAction":[{"@type":"CommentAction","name":"Comment","target":["https:\/\/termix.net\/blog\/es\/termix-viaja-a-cosmoprof-y-consigue-brillar-celebrando-sus-30-anos\/#respond"]}]},{"@type":"WebPage","@id":"https:\/\/termix.net\/blog\/es\/termix-viaja-a-cosmoprof-y-consigue-brillar-celebrando-sus-30-anos\/","url":"https:\/\/termix.net\/blog\/es\/termix-viaja-a-cosmoprof-y-consigue-brillar-celebrando-sus-30-anos\/","name":"Termix viaja a Bolonia y consigue brillar celebrando sus 30 a\u00f1os - Blog Termix Spain","isPartOf":{"@id":"https:\/\/termix.net\/blog\/es\/#website"},"datePublished":"2017-03-21T13:02:50+00:00","dateModified":"2019-12-11T13:33:09+00:00","description":"Blog Termix Spain - Termix viaja a Bolonia y consigue brillar celebrando sus 30 a\u00f1os -","breadcrumb":{"@id":"https:\/\/termix.net\/blog\/es\/termix-viaja-a-cosmoprof-y-consigue-brillar-celebrando-sus-30-anos\/#breadcrumb"},"inLanguage":"es","potentialAction":[{"@type":"ReadAction","target":["https:\/\/termix.net\/blog\/es\/termix-viaja-a-cosmoprof-y-consigue-brillar-celebrando-sus-30-anos\/"]}]},{"@type":"BreadcrumbList","@id":"https:\/\/termix.net\/blog\/es\/termix-viaja-a-cosmoprof-y-consigue-brillar-celebrando-sus-30-anos\/#breadcrumb","itemListElement":[{"@type":"ListItem","position":1,"name":"Home","item":"https:\/\/termix.net\/blog\/es\/"},{"@type":"ListItem","position":2,"name":"Termix viaja a Bolonia y consigue brillar celebrando sus 30 a\u00f1os"}]},{"@type":"WebSite","@id":"https:\/\/termix.net\/blog\/es\/#website","url":"https:\/\/termix.net\/blog\/es\/","name":"Blog Termix Spain","description":"Blog de tendencias y productos de peluquer\u00eda profesional.","publisher":{"@id":"https:\/\/termix.net\/blog\/es\/#organization"},"potentialAction":[{"@type":"SearchAction","target":{"@type":"EntryPoint","urlTemplate":"https:\/\/termix.net\/blog\/es\/?s={search_term_string}"},"query-input":"required name=search_term_string"}],"inLanguage":"es"},{"@type":"Organization","@id":"https:\/\/termix.net\/blog\/es\/#organization","name":"Dols Industrial de Peluquer\u00eda SA","url":"https:\/\/termix.net\/blog\/es\/","logo":{"@type":"ImageObject","inLanguage":"es","@id":"https:\/\/termix.net\/blog\/es\/#\/schema\/logo\/image\/","url":"https:\/\/termix.net\/blog\/wp-content\/uploads\/2020\/10\/OGbDAeng.jpeg","contentUrl":"https:\/\/termix.net\/blog\/wp-content\/uploads\/2020\/10\/OGbDAeng.jpeg","width":800,"height":800,"caption":"Dols Industrial de Peluquer\u00eda SA"},"image":{"@id":"https:\/\/termix.net\/blog\/es\/#\/schema\/logo\/image\/"}},{"@type":"Person","@id":"https:\/\/termix.net\/blog\/es\/#\/schema\/person\/9096c98bdf03c8ddf91ad7172f254f40","name":"TermixTeam","image":{"@type":"ImageObject","inLanguage":"es","@id":"https:\/\/termix.net\/blog\/es\/#\/schema\/person\/image\/","url":"https:\/\/secure.gravatar.com\/avatar\/d89f61f6bd1c29a4acb231736d1c74b3?s=96&d=mm&r=g","contentUrl":"https:\/\/secure.gravatar.com\/avatar\/d89f61f6bd1c29a4acb231736d1c74b3?s=96&d=mm&r=g","caption":"TermixTeam"},"url":"https:\/\/termix.net\/blog\/es\/author\/termixteam\/"}]}},"_links":{"self":[{"href":"https:\/\/termix.net\/blog\/es\/wp-json\/wp\/v2\/posts\/9263"}],"collection":[{"href":"https:\/\/termix.net\/blog\/es\/wp-json\/wp\/v2\/posts"}],"about":[{"href":"https:\/\/termix.net\/blog\/es\/wp-json\/wp\/v2\/types\/post"}],"author":[{"embeddable":true,"href":"https:\/\/termix.net\/blog\/es\/wp-json\/wp\/v2\/users\/2"}],"replies":[{"embeddable":true,"href":"https:\/\/termix.net\/blog\/es\/wp-json\/wp\/v2\/comments?post=9263"}],"version-history":[{"count":2,"href":"https:\/\/termix.net\/blog\/es\/wp-json\/wp\/v2\/posts\/9263\/revisions"}],"predecessor-version":[{"id":22809,"href":"https:\/\/termix.net\/blog\/es\/wp-json\/wp\/v2\/posts\/9263\/revisions\/22809"}],"wp:featuredmedia":[{"embeddable":true,"href":"https:\/\/termix.net\/blog\/es\/wp-json\/wp\/v2\/media\/22806"}],"wp:attachment":[{"href":"https:\/\/termix.net\/blog\/es\/wp-json\/wp\/v2\/media?parent=9263"}],"wp:term":[{"taxonomy":"category","embeddable":true,"href":"https:\/\/termix.net\/blog\/es\/wp-json\/wp\/v2\/categories?post=9263"},{"taxonomy":"post_tag","embeddable":true,"href":"https:\/\/termix.net\/blog\/es\/wp-json\/wp\/v2\/tags?post=9263"}],"curies":[{"name":"wp","href":"https:\/\/api.w.org\/{rel}","templated":true}]}}