{"id":9133,"date":"2017-03-14T12:59:24","date_gmt":"2017-03-14T12:59:24","guid":{"rendered":"http:\/\/termix.net\/?p=9133"},"modified":"2019-12-11T15:26:51","modified_gmt":"2019-12-11T14:26:51","slug":"color-shock-tambien-llega-termix-la-mano-los-c%c2%b7ramic-colors","status":"publish","type":"post","link":"https:\/\/termix.net\/blog\/es\/color-shock-tambien-llega-termix-la-mano-los-c%c2%b7ramic-colors\/","title":{"rendered":"El color shock tambi\u00e9n llega a Termix de la mano de los C\u00b7Ramic Colors"},"content":{"rendered":"<p><div class=\"fusion-fullwidth fullwidth-box fusion-builder-row-1 faded-background fusion-parallax-none nonhundred-percent-fullwidth non-hundred-percent-height-scrolling fusion-no-small-visibility fusion-no-medium-visibility\" style=\"--awb-border-radius-top-left:0px;--awb-border-radius-top-right:0px;--awb-border-radius-bottom-right:0px;--awb-border-radius-bottom-left:0px;--awb-padding-top:24%;--awb-padding-right:3%;--awb-padding-left:3%;--awb-background-size:cover;\" ><div class=\"fullwidth-faded\" style=\"--awb-background-color:#181818;--awb-background-image:url(https:\/\/termix.net\/blog\/wp-content\/uploads\/2017\/03\/Nuevos-cepillos-Cramic-colors-de-Termix-2017.jpg);--awb-background-size:cover;\" ><\/div><div class=\"fusion-builder-row fusion-row\"><div class=\"fusion-layout-column fusion_builder_column fusion-builder-column-0 fusion_builder_column_1_1 1_1 fusion-one-full fusion-column-first fusion-column-last\" style=\"--awb-padding-top:6%;--awb-padding-right:8%;--awb-padding-bottom:6%;--awb-padding-left:8%;--awb-bg-color:rgba(255,255,255,0.7);--awb-bg-size:cover;--awb-margin-top:0px;--awb-margin-bottom:0px;\"><div class=\"fusion-column-wrapper fusion-column-has-shadow fusion-flex-column-wrapper-legacy\"><div class=\"fusion-text fusion-text-1 caption\"><p style=\"text-align: center;\">Novedades \u2014 3 min de lectura<\/p>\n<\/div><div class=\"fusion-title title fusion-title-1 fusion-sep-none fusion-title-center fusion-title-text fusion-title-size-two\" style=\"--awb-margin-top:30px;--awb-margin-bottom:20px;\"><h2 class=\"title-heading-center fusion-responsive-typography-calculated\" style=\"margin:0;--fontSize:50;line-height:1.28;\">El color shock tambi\u00e9n llega a Termix de la mano de los C\u00b7Ramic Colors<\/h2><\/div><div class=\"fusion-clearfix\"><\/div><\/div><\/div><\/div><\/div><div class=\"fusion-fullwidth fullwidth-box fusion-builder-row-2 fusion-parallax-none nonhundred-percent-fullwidth non-hundred-percent-height-scrolling fusion-no-large-visibility\" style=\"--awb-border-radius-top-left:0px;--awb-border-radius-top-right:0px;--awb-border-radius-bottom-right:0px;--awb-border-radius-bottom-left:0px;--awb-background-image:url(&quot;https:\/\/termix.net\/blog\/wp-content\/uploads\/2019\/11\/con-el-secador-compacto-profesioanl-4300-de-termix-damos-volumen-al-cabello-1.jpg&quot;);--awb-background-size:cover;\" ><div class=\"fusion-builder-row fusion-row\"><div class=\"fusion-layout-column fusion_builder_column fusion-builder-column-1 fusion_builder_column_1_1 1_1 fusion-one-full fusion-column-first fusion-column-last fusion-column-inner-bg-wrapper\" style=\"--awb-padding-top:10%;--awb-padding-bottom:10%;--awb-inner-bg-image:url(&#039;http:\/\/termix.net\/blog\/wp-content\/uploads\/2019\/03\/single-blog-post-feat.jpg&#039;);--awb-inner-bg-position:center center;--awb-inner-bg-size:cover;\"><span class=\"fusion-column-inner-bg hover-type-zoomout\"><span class=\"fusion-column-anchor\"><span class=\"fusion-column-inner-bg-image\"><\/span><\/span><\/span><div class=\"fusion-column-wrapper fusion-flex-column-wrapper-legacy\" data-bg-url=\"http:\/\/termix.net\/blog\/wp-content\/uploads\/2019\/03\/single-blog-post-feat.jpg\"><div class=\"fusion-sep-clear\"><\/div><div class=\"fusion-separator fusion-no-large-visibility fusion-full-width-sep\" style=\"margin-left: auto;margin-right: auto;margin-top:200px;width:100%;\"><\/div><div class=\"fusion-sep-clear\"><\/div><div class=\"fusion-clearfix\"><\/div><\/div><\/div><div class=\"fusion-layout-column fusion_builder_column fusion-builder-column-2 fusion_builder_column_1_1 1_1 fusion-one-full fusion-column-first fusion-column-last\" style=\"--awb-padding-top:6%;--awb-bg-color:#ffffff;--awb-bg-size:cover;--awb-margin-top:0px;--awb-margin-bottom:0px;\"><div class=\"fusion-column-wrapper fusion-flex-column-wrapper-legacy\"><div class=\"fusion-text fusion-text-2 caption\"><p style=\"text-align: center;\">Novedades \u2014 3 min de lectura<\/p>\n<\/div><div class=\"fusion-title title fusion-title-2 fusion-sep-none fusion-title-center fusion-title-text fusion-title-size-two\" style=\"--awb-margin-top:30px;--awb-margin-bottom:20px;\"><h2 class=\"title-heading-center fusion-responsive-typography-calculated\" style=\"margin:0;--fontSize:50;line-height:1.28;\">El color shock tambi\u00e9n llega a Termix de la mano de los C\u00b7Ramic Colors<\/h2><\/div><div class=\"fusion-clearfix\"><\/div><\/div><\/div><\/div><\/div><div class=\"fusion-fullwidth fullwidth-box fusion-builder-row-3 nonhundred-percent-fullwidth non-hundred-percent-height-scrolling\" style=\"--awb-border-radius-top-left:0px;--awb-border-radius-top-right:0px;--awb-border-radius-bottom-right:0px;--awb-border-radius-bottom-left:0px;--awb-padding-top:10px;--awb-padding-bottom:4%;\" ><div class=\"fusion-builder-row fusion-row\"><div class=\"fusion-layout-column fusion_builder_column fusion-builder-column-3 fusion_builder_column_1_6 1_6 fusion-one-sixth fusion-column-first fusion-no-small-visibility fusion-no-medium-visibility\" style=\"--awb-bg-size:cover;width:16.666666666667%;width:calc(16.666666666667% - ( ( 0 ) * 0.16666666666667 ) );margin-right: 0px;\"><div class=\"fusion-column-wrapper fusion-flex-column-wrapper-legacy\"><div class=\"fusion-clearfix\"><\/div><\/div><\/div><div class=\"fusion-layout-column fusion_builder_column fusion-builder-column-4 fusion_builder_column_2_3 2_3 fusion-two-third fusion-column-last\" style=\"--awb-bg-size:cover;width:66.666666666667%;width:calc(66.666666666667% - ( ( 0 ) * 0.66666666666667 ) );\"><div class=\"fusion-column-wrapper fusion-flex-column-wrapper-legacy\"><div class=\"fusion-sep-clear\"><\/div><div class=\"fusion-separator fusion-full-width-sep\" style=\"margin-left: auto;margin-right: auto;margin-top:30px;width:100%;\"><\/div><div class=\"fusion-sep-clear\"><\/div><div class=\"fusion-text fusion-text-3\"><p style=\"text-align: center;\"><span style=\"font-size: 22px; line-height: 1.5em;\"> Termix siempre pendiente de las tendencias en moda, nos sorprende de nuevo con una edici\u00f3n limitada de su cepillo C\u00b7Ramic en tres de los colores que ha fijado Pantone para este a\u00f1o: el Primrose Yellow, el Pink Yarrow y el Island Paradise.<\/span><\/p>\n<\/div><div class=\"fusion-sep-clear\"><\/div><div class=\"fusion-separator fusion-full-width-sep\" style=\"margin-left: auto;margin-right: auto;margin-top:30px;width:100%;\"><\/div><div class=\"fusion-sep-clear\"><\/div><div class=\"fusion-text fusion-text-4\"><p style=\"text-align: justify;\">Con la misma<strong> tecnolog\u00eda i\u00f3nica de sus fibras<\/strong>, el <strong>recubrimiento de cer\u00e1mica<\/strong> y con el sello de calidad de la fabricaci\u00f3n <strong>\u201cMade in Spain\u201d<\/strong>, los cepillos <strong>Termix C\u00b7Ramic Colors se presentan en tendencia con la fuerza del Color Shock.<\/strong><\/p>\n<p style=\"text-align: justify;\">Este a\u00f1o est\u00e1 en boga mezclar colores que, a priori, parece imposible que puedan combinar bien entre ellos. Pero no es as\u00ed, el <strong>Color Shock<\/strong> es la tendencia que permite experimentar con las combinaciones m\u00e1s osadas. La tr\u00edada de colores de los cepillos t\u00e9rmicos <strong>C\u00b7Ramic Colors de Termix<\/strong> se al\u00edan para llevar el color a la m\u00e1xima potencia consiguiendo un <strong>efecto crom\u00e1tico energizante en tu espacio beauty.<\/strong><\/p>\n<p style=\"text-align: justify;\"><img decoding=\"async\" class=\"alignnone size-full wp-image-22883\" src=\"https:\/\/termix.net\/blog\/wp-content\/uploads\/2017\/03\/Colores-pantone-2017.jpg\" alt=\"\" width=\"800\" height=\"462\" srcset=\"https:\/\/termix.net\/blog\/wp-content\/uploads\/2017\/03\/Colores-pantone-2017-200x116.jpg 200w, https:\/\/termix.net\/blog\/wp-content\/uploads\/2017\/03\/Colores-pantone-2017-300x173.jpg 300w, https:\/\/termix.net\/blog\/wp-content\/uploads\/2017\/03\/Colores-pantone-2017-400x231.jpg 400w, https:\/\/termix.net\/blog\/wp-content\/uploads\/2017\/03\/Colores-pantone-2017-600x347.jpg 600w, https:\/\/termix.net\/blog\/wp-content\/uploads\/2017\/03\/Colores-pantone-2017-768x444.jpg 768w, https:\/\/termix.net\/blog\/wp-content\/uploads\/2017\/03\/Colores-pantone-2017.jpg 800w\" sizes=\"(max-width: 800px) 100vw, 800px\" \/><\/p>\n<h2>\u00a0<\/h2>\n<h2 style=\"text-align: justify;\"><span style=\"color: #000000;\">AMARILLO PRIMROSE YELLOW<\/span><\/h2>\n<p><strong>En el color m\u00e1s vigorizante, el Primrose Yellow<\/strong>, transmitiendo <strong>belleza y juventud<\/strong>, y con todas las caracter\u00edsticas que hacen de estos cepillos \u00fanicos para conseguir un acabado excepcional. Sus <strong>p\u00faas ionizadas <\/strong>son las responsables de conseguir un <strong>brillo espejo sin da\u00f1ar el cabello<\/strong>, a la vez que <strong>evita el encrespamiento. <\/strong><\/p>\n<p style=\"text-align: justify;\">Adem\u00e1s su <strong>recubrimiento cer\u00e1mico<\/strong> posibilita el <strong>reparto uniforme del calor obteniendo una temperatura \u00f3ptima que reduce el tiempo de secado y facilita el moldeado.<\/strong><\/p>\n<p style=\"text-align: justify;\">Sin duda es un color que vamos a ver mucho durante la primavera-verano de este a\u00f1o.<\/p>\n<p style=\"text-align: justify;\"><img decoding=\"async\" class=\"alignnone size-full wp-image-22881\" src=\"https:\/\/termix.net\/blog\/wp-content\/uploads\/2017\/03\/Cepillo-Cramic-Colors-Yellow-.jpg\" alt=\"\" width=\"800\" height=\"462\" srcset=\"https:\/\/termix.net\/blog\/wp-content\/uploads\/2017\/03\/Cepillo-Cramic-Colors-Yellow--200x116.jpg 200w, https:\/\/termix.net\/blog\/wp-content\/uploads\/2017\/03\/Cepillo-Cramic-Colors-Yellow--300x173.jpg 300w, https:\/\/termix.net\/blog\/wp-content\/uploads\/2017\/03\/Cepillo-Cramic-Colors-Yellow--400x231.jpg 400w, https:\/\/termix.net\/blog\/wp-content\/uploads\/2017\/03\/Cepillo-Cramic-Colors-Yellow--600x347.jpg 600w, https:\/\/termix.net\/blog\/wp-content\/uploads\/2017\/03\/Cepillo-Cramic-Colors-Yellow--768x444.jpg 768w, https:\/\/termix.net\/blog\/wp-content\/uploads\/2017\/03\/Cepillo-Cramic-Colors-Yellow-.jpg 800w\" sizes=\"(max-width: 800px) 100vw, 800px\" \/><\/p>\n<h2><span style=\"color: #000000;\">ROSA PINK YARROW<\/span><\/h2>\n<p style=\"text-align: justify;\"><strong>Amor y protecci\u00f3n<\/strong>, <strong>son cualidades que transmite el color Pink Yarrow.<\/strong> Su proceso de fabricaci\u00f3n que incluye el <strong>ensamblaje de las piezas por calor<\/strong>, hace que el cepillo t\u00e9rmico C\u00b7Ramic Colors sea <strong>resistente y duradero<\/strong>. El <strong>mango de polipropileno es ligero, ergon\u00f3mico<\/strong> <strong>y antiadherente<\/strong> que facilita que el cabello no se quede enganchado. Adem\u00e1s <strong>incorpora una p\u00faa transparente<\/strong> que <strong>sirve para separar mechones<\/strong> de cabello mientras se est\u00e1 realizando el moldeado, ahorrando tiempo y aumentando el confort.<\/p>\n<p style=\"text-align: justify;\"><strong><img decoding=\"async\" class=\"alignnone size-full wp-image-22879\" src=\"https:\/\/termix.net\/blog\/wp-content\/uploads\/2017\/03\/Cepillo-Cramic-Colors-Pink.jpg\" alt=\"\" width=\"800\" height=\"462\" srcset=\"https:\/\/termix.net\/blog\/wp-content\/uploads\/2017\/03\/Cepillo-Cramic-Colors-Pink-200x116.jpg 200w, https:\/\/termix.net\/blog\/wp-content\/uploads\/2017\/03\/Cepillo-Cramic-Colors-Pink-300x173.jpg 300w, https:\/\/termix.net\/blog\/wp-content\/uploads\/2017\/03\/Cepillo-Cramic-Colors-Pink-400x231.jpg 400w, https:\/\/termix.net\/blog\/wp-content\/uploads\/2017\/03\/Cepillo-Cramic-Colors-Pink-600x347.jpg 600w, https:\/\/termix.net\/blog\/wp-content\/uploads\/2017\/03\/Cepillo-Cramic-Colors-Pink-768x444.jpg 768w, https:\/\/termix.net\/blog\/wp-content\/uploads\/2017\/03\/Cepillo-Cramic-Colors-Pink.jpg 800w\" sizes=\"(max-width: 800px) 100vw, 800px\" \/><\/strong><\/p>\n<h2 style=\"text-align: justify;\"><span style=\"color: #000000;\">AZUL ISLAND PARADISE<\/span><\/h2>\n<p>El color <strong>Island Paradise<\/strong>, te sumerge en un mar de frescor y tranquilidad, perfecto para iniciar el proceso de secado del cabello dentro de tu rutina beauty. La tecnolog\u00eda i\u00f3nica genera una corriente de iones negativos, que facilita que el cabello pueda expulsar f\u00e1cilmente la humedad pero sin perder la humectaci\u00f3n natural de la fibra capilar. Este efecto se traduce en un aumento de peso del cabello, ya que queda hidratado de una forma natural. Adem\u00e1s tiene un efecto bactericida y desodorante que hace que el cabello luzca m\u00e1s suelto y brillante.<\/p>\n<p style=\"text-align: justify;\"><strong><img decoding=\"async\" class=\"alignnone size-full wp-image-22877\" src=\"https:\/\/termix.net\/blog\/wp-content\/uploads\/2017\/03\/Cepillos-Cramic-Colors-Blue.jpg\" alt=\"\" width=\"800\" height=\"462\" srcset=\"https:\/\/termix.net\/blog\/wp-content\/uploads\/2017\/03\/Cepillos-Cramic-Colors-Blue-200x116.jpg 200w, https:\/\/termix.net\/blog\/wp-content\/uploads\/2017\/03\/Cepillos-Cramic-Colors-Blue-300x173.jpg 300w, https:\/\/termix.net\/blog\/wp-content\/uploads\/2017\/03\/Cepillos-Cramic-Colors-Blue-400x231.jpg 400w, https:\/\/termix.net\/blog\/wp-content\/uploads\/2017\/03\/Cepillos-Cramic-Colors-Blue-600x347.jpg 600w, https:\/\/termix.net\/blog\/wp-content\/uploads\/2017\/03\/Cepillos-Cramic-Colors-Blue-768x444.jpg 768w, https:\/\/termix.net\/blog\/wp-content\/uploads\/2017\/03\/Cepillos-Cramic-Colors-Blue.jpg 800w\" sizes=\"(max-width: 800px) 100vw, 800px\" \/><\/strong><\/p>\n<p style=\"text-align: justify;\"><strong>Los nuevos cepillos t\u00e9rmicos C\u00b7Ramic Colors<\/strong> arrasan con su <strong>imagen actual y atrevida en tendencia con el Color Shock<\/strong>. Un estilo que, indudablemente, las m\u00e1s fashionistas ya est\u00e1n adoptando y que Termix ha aplicado en el dise\u00f1o de sus cepillos profesionales provocando una <strong>explosi\u00f3n de color en tu momento beauty<\/strong>.<\/p>\n<h2 style=\"text-align: justify;\">\u00bfTe atreves?<\/h2>\n<p><strong>\u00a0<\/strong><\/p>\n<\/div><div class=\"fusion-clearfix\"><\/div><\/div><\/div><\/div><\/div><div class=\"fusion-fullwidth fullwidth-box fusion-builder-row-4 nonhundred-percent-fullwidth non-hundred-percent-height-scrolling\" style=\"--awb-border-radius-top-left:0px;--awb-border-radius-top-right:0px;--awb-border-radius-bottom-right:0px;--awb-border-radius-bottom-left:0px;\" ><\/div><\/p>\n","protected":false},"excerpt":{"rendered":"<p>\t\t\t\tTermix siempre pendiente de las tendencias en moda, nos sorprende de nuevo con una edici\u00f3n limitada de su cepillo C\u00b7Ramic en tres de los colores que ha fijado Pantone para este a\u00f1o: el Primrose Yellow, el Pink Yarrow y el Island Paradise. \u00a1Te los presentamos!\t\t<\/p>\n","protected":false},"author":2,"featured_media":22885,"comment_status":"open","ping_status":"open","sticky":false,"template":"","format":"standard","meta":[],"categories":[6],"tags":[],"yoast_head":"<!-- This site is optimized with the Yoast SEO plugin v20.0 - https:\/\/yoast.com\/wordpress\/plugins\/seo\/ -->\n<title>El color shock tambi\u00e9n llega a Termix de la mano de los C\u00b7Ramic Colors - Blog Termix Spain<\/title>\n<meta name=\"description\" content=\"Blog Termix Spain - El color shock tambi\u00e9n llega a Termix de la mano de los C\u00b7Ramic Colors -\" \/>\n<meta name=\"robots\" content=\"index, follow, max-snippet:-1, max-image-preview:large, max-video-preview:-1\" \/>\n<link rel=\"canonical\" href=\"https:\/\/termix.net\/blog\/es\/color-shock-tambien-llega-termix-la-mano-los-c%c2%b7ramic-colors\/\" \/>\n<meta property=\"og:locale\" content=\"es_ES\" \/>\n<meta property=\"og:type\" content=\"article\" \/>\n<meta property=\"og:title\" content=\"El color shock tambi\u00e9n llega a Termix de la mano de los C\u00b7Ramic Colors - Blog Termix Spain\" \/>\n<meta property=\"og:description\" content=\"Blog Termix Spain - El color shock tambi\u00e9n llega a Termix de la mano de los C\u00b7Ramic Colors -\" \/>\n<meta property=\"og:url\" content=\"https:\/\/termix.net\/blog\/es\/color-shock-tambien-llega-termix-la-mano-los-c%c2%b7ramic-colors\/\" \/>\n<meta property=\"og:site_name\" content=\"Blog Termix Spain\" \/>\n<meta property=\"article:published_time\" content=\"2017-03-14T12:59:24+00:00\" \/>\n<meta property=\"article:modified_time\" content=\"2019-12-11T14:26:51+00:00\" \/>\n<meta property=\"og:image\" content=\"https:\/\/termix.net\/blog\/wp-content\/uploads\/2017\/03\/Nuevos-cepillos-Cramic-colors-de-Termix-2017.jpg\" \/>\n\t<meta property=\"og:image:width\" content=\"800\" \/>\n\t<meta property=\"og:image:height\" content=\"462\" \/>\n\t<meta property=\"og:image:type\" content=\"image\/jpeg\" \/>\n<meta name=\"author\" content=\"TermixTeam\" \/>\n<meta name=\"twitter:card\" content=\"summary_large_image\" \/>\n<meta name=\"twitter:label1\" content=\"Escrito por\" \/>\n\t<meta name=\"twitter:data1\" content=\"TermixTeam\" \/>\n\t<meta name=\"twitter:label2\" content=\"Tiempo de lectura\" \/>\n\t<meta name=\"twitter:data2\" content=\"8 minutos\" \/>\n<script type=\"application\/ld+json\" class=\"yoast-schema-graph\">{\"@context\":\"https:\/\/schema.org\",\"@graph\":[{\"@type\":\"Article\",\"@id\":\"https:\/\/termix.net\/blog\/es\/color-shock-tambien-llega-termix-la-mano-los-c%c2%b7ramic-colors\/#article\",\"isPartOf\":{\"@id\":\"https:\/\/termix.net\/blog\/es\/color-shock-tambien-llega-termix-la-mano-los-c%c2%b7ramic-colors\/\"},\"author\":{\"name\":\"TermixTeam\",\"@id\":\"https:\/\/termix.net\/blog\/es\/#\/schema\/person\/9096c98bdf03c8ddf91ad7172f254f40\"},\"headline\":\"El color shock tambi\u00e9n llega a Termix de la mano de los C\u00b7Ramic Colors\",\"datePublished\":\"2017-03-14T12:59:24+00:00\",\"dateModified\":\"2019-12-11T14:26:51+00:00\",\"mainEntityOfPage\":{\"@id\":\"https:\/\/termix.net\/blog\/es\/color-shock-tambien-llega-termix-la-mano-los-c%c2%b7ramic-colors\/\"},\"wordCount\":1705,\"commentCount\":0,\"publisher\":{\"@id\":\"https:\/\/termix.net\/blog\/es\/#organization\"},\"articleSection\":[\"NOTICIAS\"],\"inLanguage\":\"es\",\"potentialAction\":[{\"@type\":\"CommentAction\",\"name\":\"Comment\",\"target\":[\"https:\/\/termix.net\/blog\/es\/color-shock-tambien-llega-termix-la-mano-los-c%c2%b7ramic-colors\/#respond\"]}]},{\"@type\":\"WebPage\",\"@id\":\"https:\/\/termix.net\/blog\/es\/color-shock-tambien-llega-termix-la-mano-los-c%c2%b7ramic-colors\/\",\"url\":\"https:\/\/termix.net\/blog\/es\/color-shock-tambien-llega-termix-la-mano-los-c%c2%b7ramic-colors\/\",\"name\":\"El color shock tambi\u00e9n llega a Termix de la mano de los C\u00b7Ramic Colors - Blog Termix Spain\",\"isPartOf\":{\"@id\":\"https:\/\/termix.net\/blog\/es\/#website\"},\"datePublished\":\"2017-03-14T12:59:24+00:00\",\"dateModified\":\"2019-12-11T14:26:51+00:00\",\"description\":\"Blog Termix Spain - El color shock tambi\u00e9n llega a Termix de la mano de los C\u00b7Ramic Colors -\",\"breadcrumb\":{\"@id\":\"https:\/\/termix.net\/blog\/es\/color-shock-tambien-llega-termix-la-mano-los-c%c2%b7ramic-colors\/#breadcrumb\"},\"inLanguage\":\"es\",\"potentialAction\":[{\"@type\":\"ReadAction\",\"target\":[\"https:\/\/termix.net\/blog\/es\/color-shock-tambien-llega-termix-la-mano-los-c%c2%b7ramic-colors\/\"]}]},{\"@type\":\"BreadcrumbList\",\"@id\":\"https:\/\/termix.net\/blog\/es\/color-shock-tambien-llega-termix-la-mano-los-c%c2%b7ramic-colors\/#breadcrumb\",\"itemListElement\":[{\"@type\":\"ListItem\",\"position\":1,\"name\":\"Home\",\"item\":\"https:\/\/termix.net\/blog\/es\/\"},{\"@type\":\"ListItem\",\"position\":2,\"name\":\"El color shock tambi\u00e9n llega a Termix de la mano de los C\u00b7Ramic Colors\"}]},{\"@type\":\"WebSite\",\"@id\":\"https:\/\/termix.net\/blog\/es\/#website\",\"url\":\"https:\/\/termix.net\/blog\/es\/\",\"name\":\"Blog Termix Spain\",\"description\":\"Blog de tendencias y productos de peluquer\u00eda profesional.\",\"publisher\":{\"@id\":\"https:\/\/termix.net\/blog\/es\/#organization\"},\"potentialAction\":[{\"@type\":\"SearchAction\",\"target\":{\"@type\":\"EntryPoint\",\"urlTemplate\":\"https:\/\/termix.net\/blog\/es\/?s={search_term_string}\"},\"query-input\":\"required name=search_term_string\"}],\"inLanguage\":\"es\"},{\"@type\":\"Organization\",\"@id\":\"https:\/\/termix.net\/blog\/es\/#organization\",\"name\":\"Dols Industrial de Peluquer\u00eda SA\",\"url\":\"https:\/\/termix.net\/blog\/es\/\",\"logo\":{\"@type\":\"ImageObject\",\"inLanguage\":\"es\",\"@id\":\"https:\/\/termix.net\/blog\/es\/#\/schema\/logo\/image\/\",\"url\":\"https:\/\/termix.net\/blog\/wp-content\/uploads\/2020\/10\/OGbDAeng.jpeg\",\"contentUrl\":\"https:\/\/termix.net\/blog\/wp-content\/uploads\/2020\/10\/OGbDAeng.jpeg\",\"width\":800,\"height\":800,\"caption\":\"Dols Industrial de Peluquer\u00eda SA\"},\"image\":{\"@id\":\"https:\/\/termix.net\/blog\/es\/#\/schema\/logo\/image\/\"}},{\"@type\":\"Person\",\"@id\":\"https:\/\/termix.net\/blog\/es\/#\/schema\/person\/9096c98bdf03c8ddf91ad7172f254f40\",\"name\":\"TermixTeam\",\"image\":{\"@type\":\"ImageObject\",\"inLanguage\":\"es\",\"@id\":\"https:\/\/termix.net\/blog\/es\/#\/schema\/person\/image\/\",\"url\":\"https:\/\/secure.gravatar.com\/avatar\/d89f61f6bd1c29a4acb231736d1c74b3?s=96&d=mm&r=g\",\"contentUrl\":\"https:\/\/secure.gravatar.com\/avatar\/d89f61f6bd1c29a4acb231736d1c74b3?s=96&d=mm&r=g\",\"caption\":\"TermixTeam\"},\"url\":\"https:\/\/termix.net\/blog\/es\/author\/termixteam\/\"}]}<\/script>\n<!-- \/ Yoast SEO plugin. -->","yoast_head_json":{"title":"El color shock tambi\u00e9n llega a Termix de la mano de los C\u00b7Ramic Colors - Blog Termix Spain","description":"Blog Termix Spain - El color shock tambi\u00e9n llega a Termix de la mano de los C\u00b7Ramic Colors -","robots":{"index":"index","follow":"follow","max-snippet":"max-snippet:-1","max-image-preview":"max-image-preview:large","max-video-preview":"max-video-preview:-1"},"canonical":"https:\/\/termix.net\/blog\/es\/color-shock-tambien-llega-termix-la-mano-los-c%c2%b7ramic-colors\/","og_locale":"es_ES","og_type":"article","og_title":"El color shock tambi\u00e9n llega a Termix de la mano de los C\u00b7Ramic Colors - Blog Termix Spain","og_description":"Blog Termix Spain - El color shock tambi\u00e9n llega a Termix de la mano de los C\u00b7Ramic Colors -","og_url":"https:\/\/termix.net\/blog\/es\/color-shock-tambien-llega-termix-la-mano-los-c%c2%b7ramic-colors\/","og_site_name":"Blog Termix Spain","article_published_time":"2017-03-14T12:59:24+00:00","article_modified_time":"2019-12-11T14:26:51+00:00","og_image":[{"width":800,"height":462,"url":"https:\/\/termix.net\/blog\/wp-content\/uploads\/2017\/03\/Nuevos-cepillos-Cramic-colors-de-Termix-2017.jpg","type":"image\/jpeg"}],"author":"TermixTeam","twitter_card":"summary_large_image","twitter_misc":{"Escrito por":"TermixTeam","Tiempo de lectura":"8 minutos"},"schema":{"@context":"https:\/\/schema.org","@graph":[{"@type":"Article","@id":"https:\/\/termix.net\/blog\/es\/color-shock-tambien-llega-termix-la-mano-los-c%c2%b7ramic-colors\/#article","isPartOf":{"@id":"https:\/\/termix.net\/blog\/es\/color-shock-tambien-llega-termix-la-mano-los-c%c2%b7ramic-colors\/"},"author":{"name":"TermixTeam","@id":"https:\/\/termix.net\/blog\/es\/#\/schema\/person\/9096c98bdf03c8ddf91ad7172f254f40"},"headline":"El color shock tambi\u00e9n llega a Termix de la mano de los C\u00b7Ramic Colors","datePublished":"2017-03-14T12:59:24+00:00","dateModified":"2019-12-11T14:26:51+00:00","mainEntityOfPage":{"@id":"https:\/\/termix.net\/blog\/es\/color-shock-tambien-llega-termix-la-mano-los-c%c2%b7ramic-colors\/"},"wordCount":1705,"commentCount":0,"publisher":{"@id":"https:\/\/termix.net\/blog\/es\/#organization"},"articleSection":["NOTICIAS"],"inLanguage":"es","potentialAction":[{"@type":"CommentAction","name":"Comment","target":["https:\/\/termix.net\/blog\/es\/color-shock-tambien-llega-termix-la-mano-los-c%c2%b7ramic-colors\/#respond"]}]},{"@type":"WebPage","@id":"https:\/\/termix.net\/blog\/es\/color-shock-tambien-llega-termix-la-mano-los-c%c2%b7ramic-colors\/","url":"https:\/\/termix.net\/blog\/es\/color-shock-tambien-llega-termix-la-mano-los-c%c2%b7ramic-colors\/","name":"El color shock tambi\u00e9n llega a Termix de la mano de los C\u00b7Ramic Colors - Blog Termix Spain","isPartOf":{"@id":"https:\/\/termix.net\/blog\/es\/#website"},"datePublished":"2017-03-14T12:59:24+00:00","dateModified":"2019-12-11T14:26:51+00:00","description":"Blog Termix Spain - El color shock tambi\u00e9n llega a Termix de la mano de los C\u00b7Ramic Colors -","breadcrumb":{"@id":"https:\/\/termix.net\/blog\/es\/color-shock-tambien-llega-termix-la-mano-los-c%c2%b7ramic-colors\/#breadcrumb"},"inLanguage":"es","potentialAction":[{"@type":"ReadAction","target":["https:\/\/termix.net\/blog\/es\/color-shock-tambien-llega-termix-la-mano-los-c%c2%b7ramic-colors\/"]}]},{"@type":"BreadcrumbList","@id":"https:\/\/termix.net\/blog\/es\/color-shock-tambien-llega-termix-la-mano-los-c%c2%b7ramic-colors\/#breadcrumb","itemListElement":[{"@type":"ListItem","position":1,"name":"Home","item":"https:\/\/termix.net\/blog\/es\/"},{"@type":"ListItem","position":2,"name":"El color shock tambi\u00e9n llega a Termix de la mano de los C\u00b7Ramic Colors"}]},{"@type":"WebSite","@id":"https:\/\/termix.net\/blog\/es\/#website","url":"https:\/\/termix.net\/blog\/es\/","name":"Blog Termix Spain","description":"Blog de tendencias y productos de peluquer\u00eda profesional.","publisher":{"@id":"https:\/\/termix.net\/blog\/es\/#organization"},"potentialAction":[{"@type":"SearchAction","target":{"@type":"EntryPoint","urlTemplate":"https:\/\/termix.net\/blog\/es\/?s={search_term_string}"},"query-input":"required name=search_term_string"}],"inLanguage":"es"},{"@type":"Organization","@id":"https:\/\/termix.net\/blog\/es\/#organization","name":"Dols Industrial de Peluquer\u00eda SA","url":"https:\/\/termix.net\/blog\/es\/","logo":{"@type":"ImageObject","inLanguage":"es","@id":"https:\/\/termix.net\/blog\/es\/#\/schema\/logo\/image\/","url":"https:\/\/termix.net\/blog\/wp-content\/uploads\/2020\/10\/OGbDAeng.jpeg","contentUrl":"https:\/\/termix.net\/blog\/wp-content\/uploads\/2020\/10\/OGbDAeng.jpeg","width":800,"height":800,"caption":"Dols Industrial de Peluquer\u00eda SA"},"image":{"@id":"https:\/\/termix.net\/blog\/es\/#\/schema\/logo\/image\/"}},{"@type":"Person","@id":"https:\/\/termix.net\/blog\/es\/#\/schema\/person\/9096c98bdf03c8ddf91ad7172f254f40","name":"TermixTeam","image":{"@type":"ImageObject","inLanguage":"es","@id":"https:\/\/termix.net\/blog\/es\/#\/schema\/person\/image\/","url":"https:\/\/secure.gravatar.com\/avatar\/d89f61f6bd1c29a4acb231736d1c74b3?s=96&d=mm&r=g","contentUrl":"https:\/\/secure.gravatar.com\/avatar\/d89f61f6bd1c29a4acb231736d1c74b3?s=96&d=mm&r=g","caption":"TermixTeam"},"url":"https:\/\/termix.net\/blog\/es\/author\/termixteam\/"}]}},"_links":{"self":[{"href":"https:\/\/termix.net\/blog\/es\/wp-json\/wp\/v2\/posts\/9133"}],"collection":[{"href":"https:\/\/termix.net\/blog\/es\/wp-json\/wp\/v2\/posts"}],"about":[{"href":"https:\/\/termix.net\/blog\/es\/wp-json\/wp\/v2\/types\/post"}],"author":[{"embeddable":true,"href":"https:\/\/termix.net\/blog\/es\/wp-json\/wp\/v2\/users\/2"}],"replies":[{"embeddable":true,"href":"https:\/\/termix.net\/blog\/es\/wp-json\/wp\/v2\/comments?post=9133"}],"version-history":[{"count":2,"href":"https:\/\/termix.net\/blog\/es\/wp-json\/wp\/v2\/posts\/9133\/revisions"}],"predecessor-version":[{"id":22892,"href":"https:\/\/termix.net\/blog\/es\/wp-json\/wp\/v2\/posts\/9133\/revisions\/22892"}],"wp:featuredmedia":[{"embeddable":true,"href":"https:\/\/termix.net\/blog\/es\/wp-json\/wp\/v2\/media\/22885"}],"wp:attachment":[{"href":"https:\/\/termix.net\/blog\/es\/wp-json\/wp\/v2\/media?parent=9133"}],"wp:term":[{"taxonomy":"category","embeddable":true,"href":"https:\/\/termix.net\/blog\/es\/wp-json\/wp\/v2\/categories?post=9133"},{"taxonomy":"post_tag","embeddable":true,"href":"https:\/\/termix.net\/blog\/es\/wp-json\/wp\/v2\/tags?post=9133"}],"curies":[{"name":"wp","href":"https:\/\/api.w.org\/{rel}","templated":true}]}}