{"id":8969,"date":"2017-03-01T13:24:50","date_gmt":"2017-03-01T13:24:50","guid":{"rendered":"http:\/\/termix.net\/?p=8969"},"modified":"2019-12-16T12:25:10","modified_gmt":"2019-12-16T11:25:10","slug":"edicion-limitada-cepillo-termix","status":"publish","type":"post","link":"https:\/\/termix.net\/blog\/es\/edicion-limitada-cepillo-termix\/","title":{"rendered":"Nueva edici\u00f3n limitada de los cepillos Termix profesional"},"content":{"rendered":"<p><div class=\"fusion-fullwidth fullwidth-box fusion-builder-row-1 faded-background fusion-parallax-none nonhundred-percent-fullwidth non-hundred-percent-height-scrolling fusion-no-small-visibility fusion-no-medium-visibility\" style=\"--awb-border-radius-top-left:0px;--awb-border-radius-top-right:0px;--awb-border-radius-bottom-right:0px;--awb-border-radius-bottom-left:0px;--awb-padding-top:24%;--awb-padding-right:3%;--awb-padding-left:3%;--awb-background-size:cover;\" ><div class=\"fullwidth-faded\" style=\"--awb-background-color:#181818;--awb-background-image:url(https:\/\/termix.net\/blog\/wp-content\/uploads\/2017\/03\/Cepillos-Termix-profesional-30-aniversario.jpg);--awb-background-size:cover;\" ><\/div><div class=\"fusion-builder-row fusion-row\"><div class=\"fusion-layout-column fusion_builder_column fusion-builder-column-0 fusion_builder_column_1_1 1_1 fusion-one-full fusion-column-first fusion-column-last\" style=\"--awb-padding-top:6%;--awb-padding-right:8%;--awb-padding-bottom:6%;--awb-padding-left:8%;--awb-bg-color:rgba(255,255,255,0.7);--awb-bg-size:cover;--awb-margin-top:0px;--awb-margin-bottom:0px;\"><div class=\"fusion-column-wrapper fusion-column-has-shadow fusion-flex-column-wrapper-legacy\"><div class=\"fusion-text fusion-text-1 caption\"><p style=\"text-align: center;\">Novedades \u2014 3 min de lectura<\/p>\n<\/div><div class=\"fusion-title title fusion-title-1 fusion-sep-none fusion-title-center fusion-title-text fusion-title-size-two\" style=\"--awb-margin-top:30px;--awb-margin-bottom:20px;\"><h2 class=\"title-heading-center fusion-responsive-typography-calculated\" style=\"margin:0;--fontSize:50;line-height:1.28;\">Nueva edici\u00f3n limitada de los cepillos Termix profesional<\/h2><\/div><div class=\"fusion-clearfix\"><\/div><\/div><\/div><\/div><\/div><div class=\"fusion-fullwidth fullwidth-box fusion-builder-row-2 fusion-parallax-none nonhundred-percent-fullwidth non-hundred-percent-height-scrolling fusion-no-large-visibility\" style=\"--awb-border-radius-top-left:0px;--awb-border-radius-top-right:0px;--awb-border-radius-bottom-right:0px;--awb-border-radius-bottom-left:0px;--awb-background-image:url(&quot;https:\/\/termix.net\/blog\/wp-content\/uploads\/2019\/11\/con-el-secador-compacto-profesioanl-4300-de-termix-damos-volumen-al-cabello-1.jpg&quot;);--awb-background-size:cover;\" ><div class=\"fusion-builder-row fusion-row\"><div class=\"fusion-layout-column fusion_builder_column fusion-builder-column-1 fusion_builder_column_1_1 1_1 fusion-one-full fusion-column-first fusion-column-last fusion-column-inner-bg-wrapper\" style=\"--awb-padding-top:10%;--awb-padding-bottom:10%;--awb-inner-bg-image:url(&#039;http:\/\/termix.net\/blog\/wp-content\/uploads\/2019\/03\/single-blog-post-feat.jpg&#039;);--awb-inner-bg-position:center center;--awb-inner-bg-size:cover;\"><span class=\"fusion-column-inner-bg hover-type-zoomout\"><span class=\"fusion-column-anchor\"><span class=\"fusion-column-inner-bg-image\"><\/span><\/span><\/span><div class=\"fusion-column-wrapper fusion-flex-column-wrapper-legacy\" data-bg-url=\"http:\/\/termix.net\/blog\/wp-content\/uploads\/2019\/03\/single-blog-post-feat.jpg\"><div class=\"fusion-sep-clear\"><\/div><div class=\"fusion-separator fusion-no-large-visibility fusion-full-width-sep\" style=\"margin-left: auto;margin-right: auto;margin-top:200px;width:100%;\"><\/div><div class=\"fusion-sep-clear\"><\/div><div class=\"fusion-clearfix\"><\/div><\/div><\/div><div class=\"fusion-layout-column fusion_builder_column fusion-builder-column-2 fusion_builder_column_1_1 1_1 fusion-one-full fusion-column-first fusion-column-last\" style=\"--awb-padding-top:6%;--awb-bg-color:#ffffff;--awb-bg-size:cover;--awb-margin-top:0px;--awb-margin-bottom:0px;\"><div class=\"fusion-column-wrapper fusion-flex-column-wrapper-legacy\"><div class=\"fusion-text fusion-text-2 caption\"><p style=\"text-align: center;\">Novedades \u2014 3 min de lectura<\/p>\n<\/div><div class=\"fusion-title title fusion-title-2 fusion-sep-none fusion-title-center fusion-title-text fusion-title-size-two\" style=\"--awb-margin-top:30px;--awb-margin-bottom:20px;\"><h2 class=\"title-heading-center fusion-responsive-typography-calculated\" style=\"margin:0;--fontSize:50;line-height:1.28;\">Nueva edici\u00f3n limitada de los cepillos Termix profesional<\/h2><\/div><div class=\"fusion-clearfix\"><\/div><\/div><\/div><\/div><\/div><div class=\"fusion-fullwidth fullwidth-box fusion-builder-row-3 nonhundred-percent-fullwidth non-hundred-percent-height-scrolling\" style=\"--awb-border-radius-top-left:0px;--awb-border-radius-top-right:0px;--awb-border-radius-bottom-right:0px;--awb-border-radius-bottom-left:0px;--awb-padding-top:10px;--awb-padding-bottom:4%;\" ><div class=\"fusion-builder-row fusion-row\"><div class=\"fusion-layout-column fusion_builder_column fusion-builder-column-3 fusion_builder_column_1_6 1_6 fusion-one-sixth fusion-column-first fusion-no-small-visibility fusion-no-medium-visibility\" style=\"--awb-bg-size:cover;width:16.666666666667%;width:calc(16.666666666667% - ( ( 0 ) * 0.16666666666667 ) );margin-right: 0px;\"><div class=\"fusion-column-wrapper fusion-flex-column-wrapper-legacy\"><div class=\"fusion-clearfix\"><\/div><\/div><\/div><div class=\"fusion-layout-column fusion_builder_column fusion-builder-column-4 fusion_builder_column_2_3 2_3 fusion-two-third fusion-column-last\" style=\"--awb-bg-size:cover;width:66.666666666667%;width:calc(66.666666666667% - ( ( 0 ) * 0.66666666666667 ) );\"><div class=\"fusion-column-wrapper fusion-flex-column-wrapper-legacy\"><div class=\"fusion-sep-clear\"><\/div><div class=\"fusion-separator fusion-full-width-sep\" style=\"margin-left: auto;margin-right: auto;margin-top:30px;width:100%;\"><\/div><div class=\"fusion-sep-clear\"><\/div><div class=\"fusion-text fusion-text-3\"><p style=\"text-align: center;\"><span style=\"font-size: 22px; line-height: 1.5em;\"> De negro y con el logo del 30 aniversario en plateado, as\u00ed se presenta una edici\u00f3n especial limitada del cepillo Termix profesional m\u00e1s vendido en el mundo. El cepillo profesional de toda la vida, con el que tantos peluqueros han aprendido el oficio pasando de padres a hijos, siendo la herramienta m\u00e1s utilizada y valorada por todos los profesionales.<\/span><\/p>\n<\/div><div class=\"fusion-sep-clear\"><\/div><div class=\"fusion-separator fusion-full-width-sep\" style=\"margin-left: auto;margin-right: auto;margin-top:30px;width:100%;\"><\/div><div class=\"fusion-sep-clear\"><\/div><div class=\"fusion-text fusion-text-4\"><p style=\"text-align: justify;\">C<strong>on motivo del 30 aniversario de Termix<\/strong>, el cepillo profesional se viste de gala renovando su imagen y con ello algunas de sus caracter\u00edsticas. <strong>Estrena nuevo recubrimiento cer\u00e1mico del tubo en color negro, consiguiendo repartir uniformemente el calor y manteni\u00e9ndolo durante m\u00e1s tiempo.<\/strong> Adem\u00e1s, el efecto es un peinado m\u00e1s duradero y un cabello m\u00e1s sano ya que la aplicaci\u00f3n de calor no es tan focalizada.<\/p>\n<p style=\"text-align: justify;\"><img decoding=\"async\" class=\"alignnone size-full wp-image-22915\" src=\"https:\/\/termix.net\/blog\/wp-content\/uploads\/2017\/03\/Cepillos-Termix-profesional-30-aniversario.jpg\" alt=\"\" width=\"2032\" height=\"1257\" srcset=\"https:\/\/termix.net\/blog\/wp-content\/uploads\/2017\/03\/Cepillos-Termix-profesional-30-aniversario-200x124.jpg 200w, https:\/\/termix.net\/blog\/wp-content\/uploads\/2017\/03\/Cepillos-Termix-profesional-30-aniversario-300x186.jpg 300w, https:\/\/termix.net\/blog\/wp-content\/uploads\/2017\/03\/Cepillos-Termix-profesional-30-aniversario-400x247.jpg 400w, https:\/\/termix.net\/blog\/wp-content\/uploads\/2017\/03\/Cepillos-Termix-profesional-30-aniversario-600x371.jpg 600w, https:\/\/termix.net\/blog\/wp-content\/uploads\/2017\/03\/Cepillos-Termix-profesional-30-aniversario-768x475.jpg 768w, https:\/\/termix.net\/blog\/wp-content\/uploads\/2017\/03\/Cepillos-Termix-profesional-30-aniversario-800x495.jpg 800w, https:\/\/termix.net\/blog\/wp-content\/uploads\/2017\/03\/Cepillos-Termix-profesional-30-aniversario-1024x633.jpg 1024w, https:\/\/termix.net\/blog\/wp-content\/uploads\/2017\/03\/Cepillos-Termix-profesional-30-aniversario-1200x742.jpg 1200w, https:\/\/termix.net\/blog\/wp-content\/uploads\/2017\/03\/Cepillos-Termix-profesional-30-aniversario.jpg 2032w\" sizes=\"(max-width: 2032px) 100vw, 2032px\" \/><\/p>\n<p style=\"text-align: justify;\">Se mantiene el resto de sus caracter\u00edsticas como <strong>las fibras de nylon 6.6 con alta resistencia al calor y efecto memoria que recupera la forma inicial una vez enfriado el cepillo.\u00a0<\/strong> El grosor de las fibras proporciona un agarre medio que es perfecto para cualquier tipo de cabello, y se mantiene en todos los di\u00e1metros del cepillo Termix profesional.<\/p>\n<p style=\"text-align: justify;\"><strong>El ensamblado de todas las piez<\/strong><strong>as del cepillo es por dilataci\u00f3n, sin utilizar colas ni pegamentos, esto hace que los cepillos Termix sean diferentes y \u00fanicos.<\/strong> Esta t\u00e9cnica dota al cepillo de m\u00e1s durabilidad ya que sus componentes, como el mango y el tap\u00f3n, no se separan con el uso continuado del mismo. \u00a0Este proceso ha sido fruto de la investigaci\u00f3n del <strong>departamento de I+D+i de Termix<\/strong>, y se ha convertido en una t\u00e9cnica que marca la diferencia dentro del sector de la fabricaci\u00f3n de utensilios de uso profesional.<\/p>\n<p style=\"text-align: justify;\"><img decoding=\"async\" class=\"alignnone size-full wp-image-22933\" src=\"https:\/\/termix.net\/blog\/wp-content\/uploads\/2017\/03\/Cepillos-Profesional-30-aniversario.jpg\" alt=\"edicion-limitada-cepillo-termix\" width=\"2032\" height=\"1257\" srcset=\"https:\/\/termix.net\/blog\/wp-content\/uploads\/2017\/03\/Cepillos-Profesional-30-aniversario-200x124.jpg 200w, https:\/\/termix.net\/blog\/wp-content\/uploads\/2017\/03\/Cepillos-Profesional-30-aniversario-300x186.jpg 300w, https:\/\/termix.net\/blog\/wp-content\/uploads\/2017\/03\/Cepillos-Profesional-30-aniversario-400x247.jpg 400w, https:\/\/termix.net\/blog\/wp-content\/uploads\/2017\/03\/Cepillos-Profesional-30-aniversario-600x371.jpg 600w, https:\/\/termix.net\/blog\/wp-content\/uploads\/2017\/03\/Cepillos-Profesional-30-aniversario-768x475.jpg 768w, https:\/\/termix.net\/blog\/wp-content\/uploads\/2017\/03\/Cepillos-Profesional-30-aniversario-800x495.jpg 800w, https:\/\/termix.net\/blog\/wp-content\/uploads\/2017\/03\/Cepillos-Profesional-30-aniversario-1024x633.jpg 1024w, https:\/\/termix.net\/blog\/wp-content\/uploads\/2017\/03\/Cepillos-Profesional-30-aniversario-1200x742.jpg 1200w, https:\/\/termix.net\/blog\/wp-content\/uploads\/2017\/03\/Cepillos-Profesional-30-aniversario.jpg 2032w\" sizes=\"(max-width: 2032px) 100vw, 2032px\" \/><\/p>\n<p style=\"text-align: justify;\">Esta edici\u00f3n especial 30 aniversario del cepillo profesional Termix <strong>se presenta con el logotipo del 30 aniversario en color plateado, d\u00e1ndole un aire m\u00e1s sofisticado.<\/strong> Adem\u00e1s su neceser tambi\u00e9n ha cambiado de imagen, con el logotipo del 30 aniversario sobre una superficie transparente en la parte frontal que deja ver los nuevos cepillos. <strong>En el interior encontraremos 5 cepillos, en los di\u00e1metros 17, 23, 28, 32 y 43mm.<\/strong><\/p>\n<\/div><div class=\"fusion-text fusion-text-5\"><p style=\"text-align: justify;\">C<strong>on motivo del 30 aniversario de Termix<\/strong>, el cepillo profesional se viste de gala renovando su imagen y con ello algunas de sus caracter\u00edsticas. <strong>Estrena nuevo recubrimiento cer\u00e1mico del tubo en color negro, consiguiendo repartir uniformemente el calor y manteni\u00e9ndolo durante m\u00e1s tiempo.<\/strong> Adem\u00e1s, el efecto es un peinado m\u00e1s duradero y un cabello m\u00e1s sano ya que la aplicaci\u00f3n de calor no es tan focalizada.<\/p>\n<p style=\"text-align: justify;\"><img decoding=\"async\" class=\"alignnone size-full wp-image-22915\" src=\"https:\/\/termix.net\/blog\/wp-content\/uploads\/2017\/03\/Cepillos-Termix-profesional-30-aniversario.jpg\" alt=\"\" width=\"2032\" height=\"1257\" srcset=\"https:\/\/termix.net\/blog\/wp-content\/uploads\/2017\/03\/Cepillos-Termix-profesional-30-aniversario-200x124.jpg 200w, https:\/\/termix.net\/blog\/wp-content\/uploads\/2017\/03\/Cepillos-Termix-profesional-30-aniversario-300x186.jpg 300w, https:\/\/termix.net\/blog\/wp-content\/uploads\/2017\/03\/Cepillos-Termix-profesional-30-aniversario-400x247.jpg 400w, https:\/\/termix.net\/blog\/wp-content\/uploads\/2017\/03\/Cepillos-Termix-profesional-30-aniversario-600x371.jpg 600w, https:\/\/termix.net\/blog\/wp-content\/uploads\/2017\/03\/Cepillos-Termix-profesional-30-aniversario-768x475.jpg 768w, https:\/\/termix.net\/blog\/wp-content\/uploads\/2017\/03\/Cepillos-Termix-profesional-30-aniversario-800x495.jpg 800w, https:\/\/termix.net\/blog\/wp-content\/uploads\/2017\/03\/Cepillos-Termix-profesional-30-aniversario-1024x633.jpg 1024w, https:\/\/termix.net\/blog\/wp-content\/uploads\/2017\/03\/Cepillos-Termix-profesional-30-aniversario-1200x742.jpg 1200w, https:\/\/termix.net\/blog\/wp-content\/uploads\/2017\/03\/Cepillos-Termix-profesional-30-aniversario.jpg 2032w\" sizes=\"(max-width: 2032px) 100vw, 2032px\" \/><\/p>\n<p style=\"text-align: justify;\">Se mantiene el resto de sus caracter\u00edsticas como <strong>las fibras de nylon 6.6 con alta resistencia al calor y efecto memoria que recupera la forma inicial una vez enfriado el cepillo.\u00a0<\/strong> El grosor de las fibras proporciona un agarre medio que es perfecto para cualquier tipo de cabello, y se mantiene en todos los di\u00e1metros del cepillo Termix profesional.<\/p>\n<p style=\"text-align: justify;\"><strong>El ensamblado de todas las piez<\/strong><strong>as del cepillo es por dilataci\u00f3n, sin utilizar colas ni pegamentos, esto hace que los cepillos Termix sean diferentes y \u00fanicos.<\/strong> Esta t\u00e9cnica dota al cepillo de m\u00e1s durabilidad ya que sus componentes, como el mango y el tap\u00f3n, no se separan con el uso continuado del mismo. \u00a0Este proceso ha sido fruto de la investigaci\u00f3n del <strong>departamento de I+D+i de Termix<\/strong>, y se ha convertido en una t\u00e9cnica que marca la diferencia dentro del sector de la fabricaci\u00f3n de utensilios de uso profesional.<\/p>\n<p style=\"text-align: justify;\"><img decoding=\"async\" class=\"alignnone size-full wp-image-22933\" src=\"https:\/\/termix.net\/blog\/wp-content\/uploads\/2017\/03\/Cepillos-Profesional-30-aniversario.jpg\" alt=\"edicion-limitada-cepillo-termix\" width=\"2032\" height=\"1257\" srcset=\"https:\/\/termix.net\/blog\/wp-content\/uploads\/2017\/03\/Cepillos-Profesional-30-aniversario-200x124.jpg 200w, https:\/\/termix.net\/blog\/wp-content\/uploads\/2017\/03\/Cepillos-Profesional-30-aniversario-300x186.jpg 300w, https:\/\/termix.net\/blog\/wp-content\/uploads\/2017\/03\/Cepillos-Profesional-30-aniversario-400x247.jpg 400w, https:\/\/termix.net\/blog\/wp-content\/uploads\/2017\/03\/Cepillos-Profesional-30-aniversario-600x371.jpg 600w, https:\/\/termix.net\/blog\/wp-content\/uploads\/2017\/03\/Cepillos-Profesional-30-aniversario-768x475.jpg 768w, https:\/\/termix.net\/blog\/wp-content\/uploads\/2017\/03\/Cepillos-Profesional-30-aniversario-800x495.jpg 800w, https:\/\/termix.net\/blog\/wp-content\/uploads\/2017\/03\/Cepillos-Profesional-30-aniversario-1024x633.jpg 1024w, https:\/\/termix.net\/blog\/wp-content\/uploads\/2017\/03\/Cepillos-Profesional-30-aniversario-1200x742.jpg 1200w, https:\/\/termix.net\/blog\/wp-content\/uploads\/2017\/03\/Cepillos-Profesional-30-aniversario.jpg 2032w\" sizes=\"(max-width: 2032px) 100vw, 2032px\" \/><\/p>\n<p style=\"text-align: justify;\">Esta edici\u00f3n especial 30 aniversario del cepillo profesional Termix <strong>se presenta con el logotipo del 30 aniversario en color plateado, d\u00e1ndole un aire m\u00e1s sofisticado.<\/strong> Adem\u00e1s su neceser tambi\u00e9n ha cambiado de imagen, con el logotipo del 30 aniversario sobre una superficie transparente en la parte frontal que deja ver los nuevos cepillos. <strong>En el interior encontraremos 5 cepillos, en los di\u00e1metros 17, 23, 28, 32 y 43mm.<\/strong><\/p>\n<\/div><div class=\"fusion-clearfix\"><\/div><\/div><\/div><div class=\"fusion-layout-column fusion_builder_column fusion-builder-column-5 fusion_builder_column_1_1 1_1 fusion-one-full fusion-column-first fusion-column-last\" style=\"--awb-bg-size:cover;--awb-margin-top:0px;--awb-margin-bottom:0px;\"><div class=\"fusion-column-wrapper fusion-flex-column-wrapper-legacy\"><div class=\"fusion-text fusion-text-6\"><p style=\"text-align: justify;\">C<strong>on motivo del 30 aniversario de Termix<\/strong>, el cepillo profesional se viste de gala renovando su imagen y con ello algunas de sus caracter\u00edsticas. <strong>Estrena nuevo recubrimiento cer\u00e1mico del tubo en color negro, consiguiendo repartir uniformemente el calor y manteni\u00e9ndolo durante m\u00e1s tiempo.<\/strong> Adem\u00e1s, el efecto es un peinado m\u00e1s duradero y un cabello m\u00e1s sano ya que la aplicaci\u00f3n de calor no es tan focalizada.<\/p>\n<p style=\"text-align: justify;\"><img decoding=\"async\" class=\"alignnone size-full wp-image-22915\" src=\"https:\/\/termix.net\/blog\/wp-content\/uploads\/2017\/03\/Cepillos-Termix-profesional-30-aniversario.jpg\" alt=\"\" width=\"2032\" height=\"1257\" srcset=\"https:\/\/termix.net\/blog\/wp-content\/uploads\/2017\/03\/Cepillos-Termix-profesional-30-aniversario-200x124.jpg 200w, https:\/\/termix.net\/blog\/wp-content\/uploads\/2017\/03\/Cepillos-Termix-profesional-30-aniversario-300x186.jpg 300w, https:\/\/termix.net\/blog\/wp-content\/uploads\/2017\/03\/Cepillos-Termix-profesional-30-aniversario-400x247.jpg 400w, https:\/\/termix.net\/blog\/wp-content\/uploads\/2017\/03\/Cepillos-Termix-profesional-30-aniversario-600x371.jpg 600w, https:\/\/termix.net\/blog\/wp-content\/uploads\/2017\/03\/Cepillos-Termix-profesional-30-aniversario-768x475.jpg 768w, https:\/\/termix.net\/blog\/wp-content\/uploads\/2017\/03\/Cepillos-Termix-profesional-30-aniversario-800x495.jpg 800w, https:\/\/termix.net\/blog\/wp-content\/uploads\/2017\/03\/Cepillos-Termix-profesional-30-aniversario-1024x633.jpg 1024w, https:\/\/termix.net\/blog\/wp-content\/uploads\/2017\/03\/Cepillos-Termix-profesional-30-aniversario-1200x742.jpg 1200w, https:\/\/termix.net\/blog\/wp-content\/uploads\/2017\/03\/Cepillos-Termix-profesional-30-aniversario.jpg 2032w\" sizes=\"(max-width: 2032px) 100vw, 2032px\" \/><\/p>\n<p style=\"text-align: justify;\">Se mantiene el resto de sus caracter\u00edsticas como <strong>las fibras de nylon 6.6 con alta resistencia al calor y efecto memoria que recupera la forma inicial una vez enfriado el cepillo.\u00a0<\/strong> El grosor de las fibras proporciona un agarre medio que es perfecto para cualquier tipo de cabello, y se mantiene en todos los di\u00e1metros del cepillo Termix profesional.<\/p>\n<p style=\"text-align: justify;\"><strong>El ensamblado de todas las piez<\/strong><strong>as del cepillo es por dilataci\u00f3n, sin utilizar colas ni pegamentos, esto hace que los cepillos Termix sean diferentes y \u00fanicos.<\/strong> Esta t\u00e9cnica dota al cepillo de m\u00e1s durabilidad ya que sus componentes, como el mango y el tap\u00f3n, no se separan con el uso continuado del mismo. \u00a0Este proceso ha sido fruto de la investigaci\u00f3n del <strong>departamento de I+D+i de Termix<\/strong>, y se ha convertido en una t\u00e9cnica que marca la diferencia dentro del sector de la fabricaci\u00f3n de utensilios de uso profesional.<\/p>\n<p style=\"text-align: justify;\"><img decoding=\"async\" class=\"alignnone size-full wp-image-22933\" src=\"https:\/\/termix.net\/blog\/wp-content\/uploads\/2017\/03\/Cepillos-Profesional-30-aniversario.jpg\" alt=\"edicion-limitada-cepillo-termix\" width=\"2032\" height=\"1257\" srcset=\"https:\/\/termix.net\/blog\/wp-content\/uploads\/2017\/03\/Cepillos-Profesional-30-aniversario-200x124.jpg 200w, https:\/\/termix.net\/blog\/wp-content\/uploads\/2017\/03\/Cepillos-Profesional-30-aniversario-300x186.jpg 300w, https:\/\/termix.net\/blog\/wp-content\/uploads\/2017\/03\/Cepillos-Profesional-30-aniversario-400x247.jpg 400w, https:\/\/termix.net\/blog\/wp-content\/uploads\/2017\/03\/Cepillos-Profesional-30-aniversario-600x371.jpg 600w, https:\/\/termix.net\/blog\/wp-content\/uploads\/2017\/03\/Cepillos-Profesional-30-aniversario-768x475.jpg 768w, https:\/\/termix.net\/blog\/wp-content\/uploads\/2017\/03\/Cepillos-Profesional-30-aniversario-800x495.jpg 800w, https:\/\/termix.net\/blog\/wp-content\/uploads\/2017\/03\/Cepillos-Profesional-30-aniversario-1024x633.jpg 1024w, https:\/\/termix.net\/blog\/wp-content\/uploads\/2017\/03\/Cepillos-Profesional-30-aniversario-1200x742.jpg 1200w, https:\/\/termix.net\/blog\/wp-content\/uploads\/2017\/03\/Cepillos-Profesional-30-aniversario.jpg 2032w\" sizes=\"(max-width: 2032px) 100vw, 2032px\" \/><\/p>\n<p style=\"text-align: justify;\">Esta edici\u00f3n especial 30 aniversario del cepillo profesional Termix <strong>se presenta con el logotipo del 30 aniversario en color plateado, d\u00e1ndole un aire m\u00e1s sofisticado.<\/strong> Adem\u00e1s su neceser tambi\u00e9n ha cambiado de imagen, con el logotipo del 30 aniversario sobre una superficie transparente en la parte frontal que deja ver los nuevos cepillos. <strong>En el interior encontraremos 5 cepillos, en los di\u00e1metros 17, 23, 28, 32 y 43mm.<\/strong><\/p>\n<\/div><div class=\"fusion-clearfix\"><\/div><\/div><\/div><\/div><div class=\"fusion-builder-row fusion-row\"><div class=\"fusion-layout-column fusion_builder_column fusion-builder-column-6 fusion_builder_column_1_1 1_1 fusion-one-full fusion-column-first fusion-column-last\" style=\"--awb-bg-size:cover;--awb-margin-top:0px;--awb-margin-bottom:0px;\"><div class=\"fusion-column-wrapper fusion-flex-column-wrapper-legacy\"><div class=\"fusion-text fusion-text-7\"><p style=\"text-align: justify;\">C<strong>on motivo del 30 aniversario de Termix<\/strong>, el cepillo profesional se viste de gala renovando su imagen y con ello algunas de sus caracter\u00edsticas. <strong>Estrena nuevo recubrimiento cer\u00e1mico del tubo en color negro, consiguiendo repartir uniformemente el calor y manteni\u00e9ndolo durante m\u00e1s tiempo.<\/strong> Adem\u00e1s, el efecto es un peinado m\u00e1s duradero y un cabello m\u00e1s sano ya que la aplicaci\u00f3n de calor no es tan focalizada.<\/p>\n<p style=\"text-align: justify;\"><img decoding=\"async\" class=\"alignnone size-full wp-image-22915\" src=\"https:\/\/termix.net\/blog\/wp-content\/uploads\/2017\/03\/Cepillos-Termix-profesional-30-aniversario.jpg\" alt=\"\" width=\"2032\" height=\"1257\" srcset=\"https:\/\/termix.net\/blog\/wp-content\/uploads\/2017\/03\/Cepillos-Termix-profesional-30-aniversario-200x124.jpg 200w, https:\/\/termix.net\/blog\/wp-content\/uploads\/2017\/03\/Cepillos-Termix-profesional-30-aniversario-300x186.jpg 300w, https:\/\/termix.net\/blog\/wp-content\/uploads\/2017\/03\/Cepillos-Termix-profesional-30-aniversario-400x247.jpg 400w, https:\/\/termix.net\/blog\/wp-content\/uploads\/2017\/03\/Cepillos-Termix-profesional-30-aniversario-600x371.jpg 600w, https:\/\/termix.net\/blog\/wp-content\/uploads\/2017\/03\/Cepillos-Termix-profesional-30-aniversario-768x475.jpg 768w, https:\/\/termix.net\/blog\/wp-content\/uploads\/2017\/03\/Cepillos-Termix-profesional-30-aniversario-800x495.jpg 800w, https:\/\/termix.net\/blog\/wp-content\/uploads\/2017\/03\/Cepillos-Termix-profesional-30-aniversario-1024x633.jpg 1024w, https:\/\/termix.net\/blog\/wp-content\/uploads\/2017\/03\/Cepillos-Termix-profesional-30-aniversario-1200x742.jpg 1200w, https:\/\/termix.net\/blog\/wp-content\/uploads\/2017\/03\/Cepillos-Termix-profesional-30-aniversario.jpg 2032w\" sizes=\"(max-width: 2032px) 100vw, 2032px\" \/><\/p>\n<p style=\"text-align: justify;\">Se mantiene el resto de sus caracter\u00edsticas como <strong>las fibras de nylon 6.6 con alta resistencia al calor y efecto memoria que recupera la forma inicial una vez enfriado el cepillo.\u00a0<\/strong> El grosor de las fibras proporciona un agarre medio que es perfecto para cualquier tipo de cabello, y se mantiene en todos los di\u00e1metros del cepillo Termix profesional.<\/p>\n<p style=\"text-align: justify;\"><strong>El ensamblado de todas las piez<\/strong><strong>as del cepillo es por dilataci\u00f3n, sin utilizar colas ni pegamentos, esto hace que los cepillos Termix sean diferentes y \u00fanicos.<\/strong> Esta t\u00e9cnica dota al cepillo de m\u00e1s durabilidad ya que sus componentes, como el mango y el tap\u00f3n, no se separan con el uso continuado del mismo. \u00a0Este proceso ha sido fruto de la investigaci\u00f3n del <strong>departamento de I+D+i de Termix<\/strong>, y se ha convertido en una t\u00e9cnica que marca la diferencia dentro del sector de la fabricaci\u00f3n de utensilios de uso profesional.<\/p>\n<p style=\"text-align: justify;\"><img decoding=\"async\" class=\"alignnone size-full wp-image-22933\" src=\"https:\/\/termix.net\/blog\/wp-content\/uploads\/2017\/03\/Cepillos-Profesional-30-aniversario.jpg\" alt=\"edicion-limitada-cepillo-termix\" width=\"2032\" height=\"1257\" srcset=\"https:\/\/termix.net\/blog\/wp-content\/uploads\/2017\/03\/Cepillos-Profesional-30-aniversario-200x124.jpg 200w, https:\/\/termix.net\/blog\/wp-content\/uploads\/2017\/03\/Cepillos-Profesional-30-aniversario-300x186.jpg 300w, https:\/\/termix.net\/blog\/wp-content\/uploads\/2017\/03\/Cepillos-Profesional-30-aniversario-400x247.jpg 400w, https:\/\/termix.net\/blog\/wp-content\/uploads\/2017\/03\/Cepillos-Profesional-30-aniversario-600x371.jpg 600w, https:\/\/termix.net\/blog\/wp-content\/uploads\/2017\/03\/Cepillos-Profesional-30-aniversario-768x475.jpg 768w, https:\/\/termix.net\/blog\/wp-content\/uploads\/2017\/03\/Cepillos-Profesional-30-aniversario-800x495.jpg 800w, https:\/\/termix.net\/blog\/wp-content\/uploads\/2017\/03\/Cepillos-Profesional-30-aniversario-1024x633.jpg 1024w, https:\/\/termix.net\/blog\/wp-content\/uploads\/2017\/03\/Cepillos-Profesional-30-aniversario-1200x742.jpg 1200w, https:\/\/termix.net\/blog\/wp-content\/uploads\/2017\/03\/Cepillos-Profesional-30-aniversario.jpg 2032w\" sizes=\"(max-width: 2032px) 100vw, 2032px\" \/><\/p>\n<p style=\"text-align: justify;\">Esta edici\u00f3n especial 30 aniversario del cepillo profesional Termix <strong>se presenta con el logotipo del 30 aniversario en color plateado, d\u00e1ndole un aire m\u00e1s sofisticado.<\/strong> Adem\u00e1s su neceser tambi\u00e9n ha cambiado de imagen, con el logotipo del 30 aniversario sobre una superficie transparente en la parte frontal que deja ver los nuevos cepillos. <strong>En el interior encontraremos 5 cepillos, en los di\u00e1metros 17, 23, 28, 32 y 43mm.<\/strong><\/p>\n<\/div><div class=\"fusion-clearfix\"><\/div><\/div><\/div><\/div><\/div><div class=\"fusion-fullwidth fullwidth-box fusion-builder-row-4 nonhundred-percent-fullwidth non-hundred-percent-height-scrolling\" style=\"--awb-border-radius-top-left:0px;--awb-border-radius-top-right:0px;--awb-border-radius-bottom-right:0px;--awb-border-radius-bottom-left:0px;\" ><\/div><\/p>\n","protected":false},"excerpt":{"rendered":"<p>\t\t\t\tCon motivo del 30 aniversario de Termix, el cepillo profesional se viste de gala renovando su imagen y con ello algunas de sus caracter\u00edsticas. Estrena nuevo recubrimiento cer\u00e1mico del tubo en color negro, consiguiendo repartir uniformemente el calor y manteni\u00e9ndolo durante m\u00e1s tiempo.\t\t<\/p>\n","protected":false},"author":2,"featured_media":22933,"comment_status":"open","ping_status":"open","sticky":false,"template":"","format":"standard","meta":[],"categories":[6],"tags":[],"yoast_head":"<!-- This site is optimized with the Yoast SEO plugin v20.0 - https:\/\/yoast.com\/wordpress\/plugins\/seo\/ -->\n<title>Nueva edici\u00f3n del CEPILLO TERMIX PROFESIONAL<\/title>\n<meta name=\"description\" content=\"Con motivo del 30 aniversario, el cepillo Termix profesional se viste de gala renovando su imagen y con ello algunas de sus caracter\u00edsticas.\" \/>\n<meta name=\"robots\" content=\"index, follow, max-snippet:-1, max-image-preview:large, max-video-preview:-1\" \/>\n<link rel=\"canonical\" href=\"https:\/\/termix.net\/blog\/es\/edicion-limitada-cepillo-termix\/\" \/>\n<meta property=\"og:locale\" content=\"es_ES\" \/>\n<meta property=\"og:type\" content=\"article\" \/>\n<meta property=\"og:title\" content=\"Nueva edici\u00f3n del CEPILLO TERMIX PROFESIONAL\" \/>\n<meta property=\"og:description\" content=\"Con motivo del 30 aniversario, el cepillo Termix profesional se viste de gala renovando su imagen y con ello algunas de sus caracter\u00edsticas.\" \/>\n<meta property=\"og:url\" content=\"https:\/\/termix.net\/blog\/es\/edicion-limitada-cepillo-termix\/\" \/>\n<meta property=\"og:site_name\" content=\"Blog Termix Spain\" \/>\n<meta property=\"article:published_time\" content=\"2017-03-01T13:24:50+00:00\" \/>\n<meta property=\"article:modified_time\" content=\"2019-12-16T11:25:10+00:00\" \/>\n<meta property=\"og:image\" content=\"https:\/\/termix.net\/blog\/wp-content\/uploads\/2017\/03\/Cepillos-Profesional-30-aniversario.jpg\" \/>\n\t<meta property=\"og:image:width\" content=\"2032\" \/>\n\t<meta property=\"og:image:height\" content=\"1257\" \/>\n\t<meta property=\"og:image:type\" content=\"image\/jpeg\" \/>\n<meta name=\"author\" content=\"TermixTeam\" \/>\n<meta name=\"twitter:card\" content=\"summary_large_image\" \/>\n<meta name=\"twitter:label1\" content=\"Escrito por\" \/>\n\t<meta name=\"twitter:data1\" content=\"TermixTeam\" \/>\n\t<meta name=\"twitter:label2\" content=\"Tiempo de lectura\" \/>\n\t<meta name=\"twitter:data2\" content=\"13 minutos\" \/>\n<script type=\"application\/ld+json\" class=\"yoast-schema-graph\">{\"@context\":\"https:\/\/schema.org\",\"@graph\":[{\"@type\":\"Article\",\"@id\":\"https:\/\/termix.net\/blog\/es\/edicion-limitada-cepillo-termix\/#article\",\"isPartOf\":{\"@id\":\"https:\/\/termix.net\/blog\/es\/edicion-limitada-cepillo-termix\/\"},\"author\":{\"name\":\"TermixTeam\",\"@id\":\"https:\/\/termix.net\/blog\/es\/#\/schema\/person\/9096c98bdf03c8ddf91ad7172f254f40\"},\"headline\":\"Nueva edici\u00f3n limitada de los cepillos Termix profesional\",\"datePublished\":\"2017-03-01T13:24:50+00:00\",\"dateModified\":\"2019-12-16T11:25:10+00:00\",\"mainEntityOfPage\":{\"@id\":\"https:\/\/termix.net\/blog\/es\/edicion-limitada-cepillo-termix\/\"},\"wordCount\":2651,\"commentCount\":5,\"publisher\":{\"@id\":\"https:\/\/termix.net\/blog\/es\/#organization\"},\"articleSection\":[\"NOTICIAS\"],\"inLanguage\":\"es\",\"potentialAction\":[{\"@type\":\"CommentAction\",\"name\":\"Comment\",\"target\":[\"https:\/\/termix.net\/blog\/es\/edicion-limitada-cepillo-termix\/#respond\"]}]},{\"@type\":\"WebPage\",\"@id\":\"https:\/\/termix.net\/blog\/es\/edicion-limitada-cepillo-termix\/\",\"url\":\"https:\/\/termix.net\/blog\/es\/edicion-limitada-cepillo-termix\/\",\"name\":\"Nueva edici\u00f3n del CEPILLO TERMIX PROFESIONAL\",\"isPartOf\":{\"@id\":\"https:\/\/termix.net\/blog\/es\/#website\"},\"datePublished\":\"2017-03-01T13:24:50+00:00\",\"dateModified\":\"2019-12-16T11:25:10+00:00\",\"description\":\"Con motivo del 30 aniversario, el cepillo Termix profesional se viste de gala renovando su imagen y con ello algunas de sus caracter\u00edsticas.\",\"breadcrumb\":{\"@id\":\"https:\/\/termix.net\/blog\/es\/edicion-limitada-cepillo-termix\/#breadcrumb\"},\"inLanguage\":\"es\",\"potentialAction\":[{\"@type\":\"ReadAction\",\"target\":[\"https:\/\/termix.net\/blog\/es\/edicion-limitada-cepillo-termix\/\"]}]},{\"@type\":\"BreadcrumbList\",\"@id\":\"https:\/\/termix.net\/blog\/es\/edicion-limitada-cepillo-termix\/#breadcrumb\",\"itemListElement\":[{\"@type\":\"ListItem\",\"position\":1,\"name\":\"Home\",\"item\":\"https:\/\/termix.net\/blog\/es\/\"},{\"@type\":\"ListItem\",\"position\":2,\"name\":\"Nueva edici\u00f3n limitada de los cepillos Termix profesional\"}]},{\"@type\":\"WebSite\",\"@id\":\"https:\/\/termix.net\/blog\/es\/#website\",\"url\":\"https:\/\/termix.net\/blog\/es\/\",\"name\":\"Blog Termix Spain\",\"description\":\"Blog de tendencias y productos de peluquer\u00eda profesional.\",\"publisher\":{\"@id\":\"https:\/\/termix.net\/blog\/es\/#organization\"},\"potentialAction\":[{\"@type\":\"SearchAction\",\"target\":{\"@type\":\"EntryPoint\",\"urlTemplate\":\"https:\/\/termix.net\/blog\/es\/?s={search_term_string}\"},\"query-input\":\"required name=search_term_string\"}],\"inLanguage\":\"es\"},{\"@type\":\"Organization\",\"@id\":\"https:\/\/termix.net\/blog\/es\/#organization\",\"name\":\"Dols Industrial de Peluquer\u00eda SA\",\"url\":\"https:\/\/termix.net\/blog\/es\/\",\"logo\":{\"@type\":\"ImageObject\",\"inLanguage\":\"es\",\"@id\":\"https:\/\/termix.net\/blog\/es\/#\/schema\/logo\/image\/\",\"url\":\"https:\/\/termix.net\/blog\/wp-content\/uploads\/2020\/10\/OGbDAeng.jpeg\",\"contentUrl\":\"https:\/\/termix.net\/blog\/wp-content\/uploads\/2020\/10\/OGbDAeng.jpeg\",\"width\":800,\"height\":800,\"caption\":\"Dols Industrial de Peluquer\u00eda SA\"},\"image\":{\"@id\":\"https:\/\/termix.net\/blog\/es\/#\/schema\/logo\/image\/\"}},{\"@type\":\"Person\",\"@id\":\"https:\/\/termix.net\/blog\/es\/#\/schema\/person\/9096c98bdf03c8ddf91ad7172f254f40\",\"name\":\"TermixTeam\",\"image\":{\"@type\":\"ImageObject\",\"inLanguage\":\"es\",\"@id\":\"https:\/\/termix.net\/blog\/es\/#\/schema\/person\/image\/\",\"url\":\"https:\/\/secure.gravatar.com\/avatar\/d89f61f6bd1c29a4acb231736d1c74b3?s=96&d=mm&r=g\",\"contentUrl\":\"https:\/\/secure.gravatar.com\/avatar\/d89f61f6bd1c29a4acb231736d1c74b3?s=96&d=mm&r=g\",\"caption\":\"TermixTeam\"},\"url\":\"https:\/\/termix.net\/blog\/es\/author\/termixteam\/\"}]}<\/script>\n<!-- \/ Yoast SEO plugin. -->","yoast_head_json":{"title":"Nueva edici\u00f3n del CEPILLO TERMIX PROFESIONAL","description":"Con motivo del 30 aniversario, el cepillo Termix profesional se viste de gala renovando su imagen y con ello algunas de sus caracter\u00edsticas.","robots":{"index":"index","follow":"follow","max-snippet":"max-snippet:-1","max-image-preview":"max-image-preview:large","max-video-preview":"max-video-preview:-1"},"canonical":"https:\/\/termix.net\/blog\/es\/edicion-limitada-cepillo-termix\/","og_locale":"es_ES","og_type":"article","og_title":"Nueva edici\u00f3n del CEPILLO TERMIX PROFESIONAL","og_description":"Con motivo del 30 aniversario, el cepillo Termix profesional se viste de gala renovando su imagen y con ello algunas de sus caracter\u00edsticas.","og_url":"https:\/\/termix.net\/blog\/es\/edicion-limitada-cepillo-termix\/","og_site_name":"Blog Termix Spain","article_published_time":"2017-03-01T13:24:50+00:00","article_modified_time":"2019-12-16T11:25:10+00:00","og_image":[{"width":2032,"height":1257,"url":"https:\/\/termix.net\/blog\/wp-content\/uploads\/2017\/03\/Cepillos-Profesional-30-aniversario.jpg","type":"image\/jpeg"}],"author":"TermixTeam","twitter_card":"summary_large_image","twitter_misc":{"Escrito por":"TermixTeam","Tiempo de lectura":"13 minutos"},"schema":{"@context":"https:\/\/schema.org","@graph":[{"@type":"Article","@id":"https:\/\/termix.net\/blog\/es\/edicion-limitada-cepillo-termix\/#article","isPartOf":{"@id":"https:\/\/termix.net\/blog\/es\/edicion-limitada-cepillo-termix\/"},"author":{"name":"TermixTeam","@id":"https:\/\/termix.net\/blog\/es\/#\/schema\/person\/9096c98bdf03c8ddf91ad7172f254f40"},"headline":"Nueva edici\u00f3n limitada de los cepillos Termix profesional","datePublished":"2017-03-01T13:24:50+00:00","dateModified":"2019-12-16T11:25:10+00:00","mainEntityOfPage":{"@id":"https:\/\/termix.net\/blog\/es\/edicion-limitada-cepillo-termix\/"},"wordCount":2651,"commentCount":5,"publisher":{"@id":"https:\/\/termix.net\/blog\/es\/#organization"},"articleSection":["NOTICIAS"],"inLanguage":"es","potentialAction":[{"@type":"CommentAction","name":"Comment","target":["https:\/\/termix.net\/blog\/es\/edicion-limitada-cepillo-termix\/#respond"]}]},{"@type":"WebPage","@id":"https:\/\/termix.net\/blog\/es\/edicion-limitada-cepillo-termix\/","url":"https:\/\/termix.net\/blog\/es\/edicion-limitada-cepillo-termix\/","name":"Nueva edici\u00f3n del CEPILLO TERMIX PROFESIONAL","isPartOf":{"@id":"https:\/\/termix.net\/blog\/es\/#website"},"datePublished":"2017-03-01T13:24:50+00:00","dateModified":"2019-12-16T11:25:10+00:00","description":"Con motivo del 30 aniversario, el cepillo Termix profesional se viste de gala renovando su imagen y con ello algunas de sus caracter\u00edsticas.","breadcrumb":{"@id":"https:\/\/termix.net\/blog\/es\/edicion-limitada-cepillo-termix\/#breadcrumb"},"inLanguage":"es","potentialAction":[{"@type":"ReadAction","target":["https:\/\/termix.net\/blog\/es\/edicion-limitada-cepillo-termix\/"]}]},{"@type":"BreadcrumbList","@id":"https:\/\/termix.net\/blog\/es\/edicion-limitada-cepillo-termix\/#breadcrumb","itemListElement":[{"@type":"ListItem","position":1,"name":"Home","item":"https:\/\/termix.net\/blog\/es\/"},{"@type":"ListItem","position":2,"name":"Nueva edici\u00f3n limitada de los cepillos Termix profesional"}]},{"@type":"WebSite","@id":"https:\/\/termix.net\/blog\/es\/#website","url":"https:\/\/termix.net\/blog\/es\/","name":"Blog Termix Spain","description":"Blog de tendencias y productos de peluquer\u00eda profesional.","publisher":{"@id":"https:\/\/termix.net\/blog\/es\/#organization"},"potentialAction":[{"@type":"SearchAction","target":{"@type":"EntryPoint","urlTemplate":"https:\/\/termix.net\/blog\/es\/?s={search_term_string}"},"query-input":"required name=search_term_string"}],"inLanguage":"es"},{"@type":"Organization","@id":"https:\/\/termix.net\/blog\/es\/#organization","name":"Dols Industrial de Peluquer\u00eda SA","url":"https:\/\/termix.net\/blog\/es\/","logo":{"@type":"ImageObject","inLanguage":"es","@id":"https:\/\/termix.net\/blog\/es\/#\/schema\/logo\/image\/","url":"https:\/\/termix.net\/blog\/wp-content\/uploads\/2020\/10\/OGbDAeng.jpeg","contentUrl":"https:\/\/termix.net\/blog\/wp-content\/uploads\/2020\/10\/OGbDAeng.jpeg","width":800,"height":800,"caption":"Dols Industrial de Peluquer\u00eda SA"},"image":{"@id":"https:\/\/termix.net\/blog\/es\/#\/schema\/logo\/image\/"}},{"@type":"Person","@id":"https:\/\/termix.net\/blog\/es\/#\/schema\/person\/9096c98bdf03c8ddf91ad7172f254f40","name":"TermixTeam","image":{"@type":"ImageObject","inLanguage":"es","@id":"https:\/\/termix.net\/blog\/es\/#\/schema\/person\/image\/","url":"https:\/\/secure.gravatar.com\/avatar\/d89f61f6bd1c29a4acb231736d1c74b3?s=96&d=mm&r=g","contentUrl":"https:\/\/secure.gravatar.com\/avatar\/d89f61f6bd1c29a4acb231736d1c74b3?s=96&d=mm&r=g","caption":"TermixTeam"},"url":"https:\/\/termix.net\/blog\/es\/author\/termixteam\/"}]}},"_links":{"self":[{"href":"https:\/\/termix.net\/blog\/es\/wp-json\/wp\/v2\/posts\/8969"}],"collection":[{"href":"https:\/\/termix.net\/blog\/es\/wp-json\/wp\/v2\/posts"}],"about":[{"href":"https:\/\/termix.net\/blog\/es\/wp-json\/wp\/v2\/types\/post"}],"author":[{"embeddable":true,"href":"https:\/\/termix.net\/blog\/es\/wp-json\/wp\/v2\/users\/2"}],"replies":[{"embeddable":true,"href":"https:\/\/termix.net\/blog\/es\/wp-json\/wp\/v2\/comments?post=8969"}],"version-history":[{"count":3,"href":"https:\/\/termix.net\/blog\/es\/wp-json\/wp\/v2\/posts\/8969\/revisions"}],"predecessor-version":[{"id":22937,"href":"https:\/\/termix.net\/blog\/es\/wp-json\/wp\/v2\/posts\/8969\/revisions\/22937"}],"wp:featuredmedia":[{"embeddable":true,"href":"https:\/\/termix.net\/blog\/es\/wp-json\/wp\/v2\/media\/22933"}],"wp:attachment":[{"href":"https:\/\/termix.net\/blog\/es\/wp-json\/wp\/v2\/media?parent=8969"}],"wp:term":[{"taxonomy":"category","embeddable":true,"href":"https:\/\/termix.net\/blog\/es\/wp-json\/wp\/v2\/categories?post=8969"},{"taxonomy":"post_tag","embeddable":true,"href":"https:\/\/termix.net\/blog\/es\/wp-json\/wp\/v2\/tags?post=8969"}],"curies":[{"name":"wp","href":"https:\/\/api.w.org\/{rel}","templated":true}]}}