{"id":8900,"date":"2017-03-07T11:19:39","date_gmt":"2017-03-07T11:19:39","guid":{"rendered":"http:\/\/termix.net\/?p=8900"},"modified":"2019-12-11T15:44:20","modified_gmt":"2019-12-11T14:44:20","slug":"gana-neceser-30-anos-profesional-termix","status":"publish","type":"post","link":"https:\/\/termix.net\/blog\/es\/gana-neceser-30-anos-profesional-termix\/","title":{"rendered":"Gana un neceser 30 a\u00f1os profesional de Termix"},"content":{"rendered":"<p><div class=\"fusion-fullwidth fullwidth-box fusion-builder-row-1 faded-background fusion-parallax-none nonhundred-percent-fullwidth non-hundred-percent-height-scrolling fusion-no-small-visibility fusion-no-medium-visibility\" style=\"--awb-border-radius-top-left:0px;--awb-border-radius-top-right:0px;--awb-border-radius-bottom-right:0px;--awb-border-radius-bottom-left:0px;--awb-padding-top:24%;--awb-padding-right:3%;--awb-padding-left:3%;--awb-background-size:cover;\" ><div class=\"fullwidth-faded\" style=\"--awb-background-color:#181818;--awb-background-image:url(https:\/\/termix.net\/blog\/wp-content\/uploads\/2017\/03\/bannerweb_sorteo30anivTermix.jpg);--awb-background-size:cover;\" ><\/div><div class=\"fusion-builder-row fusion-row\"><div class=\"fusion-layout-column fusion_builder_column fusion-builder-column-0 fusion_builder_column_1_1 1_1 fusion-one-full fusion-column-first fusion-column-last\" style=\"--awb-padding-top:6%;--awb-padding-right:8%;--awb-padding-bottom:6%;--awb-padding-left:8%;--awb-bg-color:rgba(255,255,255,0.7);--awb-bg-size:cover;--awb-margin-top:0px;--awb-margin-bottom:0px;\"><div class=\"fusion-column-wrapper fusion-column-has-shadow fusion-flex-column-wrapper-legacy\"><div class=\"fusion-text fusion-text-1 caption\"><p style=\"text-align: center;\">Concursos \u2014 3 min de lectura<\/p>\n<\/div><div class=\"fusion-title title fusion-title-1 fusion-sep-none fusion-title-center fusion-title-text fusion-title-size-two\" style=\"--awb-margin-top:30px;--awb-margin-bottom:20px;\"><h2 class=\"title-heading-center fusion-responsive-typography-calculated\" style=\"margin:0;--fontSize:50;line-height:1.28;\">Gana un neceser 30 a\u00f1os profesional de Termix<\/h2><\/div><div class=\"fusion-clearfix\"><\/div><\/div><\/div><\/div><\/div><div class=\"fusion-fullwidth fullwidth-box fusion-builder-row-2 fusion-parallax-none nonhundred-percent-fullwidth non-hundred-percent-height-scrolling fusion-no-large-visibility\" style=\"--awb-border-radius-top-left:0px;--awb-border-radius-top-right:0px;--awb-border-radius-bottom-right:0px;--awb-border-radius-bottom-left:0px;--awb-background-image:url(&quot;https:\/\/termix.net\/blog\/wp-content\/uploads\/2019\/11\/con-el-secador-compacto-profesioanl-4300-de-termix-damos-volumen-al-cabello-1.jpg&quot;);--awb-background-size:cover;\" ><div class=\"fusion-builder-row fusion-row\"><div class=\"fusion-layout-column fusion_builder_column fusion-builder-column-1 fusion_builder_column_1_1 1_1 fusion-one-full fusion-column-first fusion-column-last fusion-column-inner-bg-wrapper\" style=\"--awb-padding-top:10%;--awb-padding-bottom:10%;--awb-inner-bg-image:url(&#039;http:\/\/termix.net\/blog\/wp-content\/uploads\/2019\/03\/single-blog-post-feat.jpg&#039;);--awb-inner-bg-position:center center;--awb-inner-bg-size:cover;\"><span class=\"fusion-column-inner-bg hover-type-zoomout\"><span class=\"fusion-column-anchor\"><span class=\"fusion-column-inner-bg-image\"><\/span><\/span><\/span><div class=\"fusion-column-wrapper fusion-flex-column-wrapper-legacy\" data-bg-url=\"http:\/\/termix.net\/blog\/wp-content\/uploads\/2019\/03\/single-blog-post-feat.jpg\"><div class=\"fusion-sep-clear\"><\/div><div class=\"fusion-separator fusion-no-large-visibility fusion-full-width-sep\" style=\"margin-left: auto;margin-right: auto;margin-top:200px;width:100%;\"><\/div><div class=\"fusion-sep-clear\"><\/div><div class=\"fusion-clearfix\"><\/div><\/div><\/div><div class=\"fusion-layout-column fusion_builder_column fusion-builder-column-2 fusion_builder_column_1_1 1_1 fusion-one-full fusion-column-first fusion-column-last\" style=\"--awb-padding-top:6%;--awb-bg-color:#ffffff;--awb-bg-size:cover;--awb-margin-top:0px;--awb-margin-bottom:0px;\"><div class=\"fusion-column-wrapper fusion-flex-column-wrapper-legacy\"><div class=\"fusion-text fusion-text-2 caption\"><p style=\"text-align: center;\">Concursos \u2014 3 min de lectura<\/p>\n<\/div><div class=\"fusion-title title fusion-title-2 fusion-sep-none fusion-title-center fusion-title-text fusion-title-size-two\" style=\"--awb-margin-top:30px;--awb-margin-bottom:20px;\"><h2 class=\"title-heading-center fusion-responsive-typography-calculated\" style=\"margin:0;--fontSize:50;line-height:1.28;\">Gana un neceser 30 a\u00f1os profesional de Termix<\/h2><\/div><div class=\"fusion-clearfix\"><\/div><\/div><\/div><\/div><\/div><div class=\"fusion-fullwidth fullwidth-box fusion-builder-row-3 nonhundred-percent-fullwidth non-hundred-percent-height-scrolling\" style=\"--awb-border-radius-top-left:0px;--awb-border-radius-top-right:0px;--awb-border-radius-bottom-right:0px;--awb-border-radius-bottom-left:0px;--awb-padding-top:10px;--awb-padding-bottom:4%;\" ><div class=\"fusion-builder-row fusion-row\"><div class=\"fusion-layout-column fusion_builder_column fusion-builder-column-3 fusion_builder_column_1_6 1_6 fusion-one-sixth fusion-column-first fusion-no-small-visibility fusion-no-medium-visibility\" style=\"--awb-bg-size:cover;width:16.666666666667%;width:calc(16.666666666667% - ( ( 0 ) * 0.16666666666667 ) );margin-right: 0px;\"><div class=\"fusion-column-wrapper fusion-flex-column-wrapper-legacy\"><div class=\"fusion-clearfix\"><\/div><\/div><\/div><div class=\"fusion-layout-column fusion_builder_column fusion-builder-column-4 fusion_builder_column_2_3 2_3 fusion-two-third fusion-column-last\" style=\"--awb-bg-size:cover;width:66.666666666667%;width:calc(66.666666666667% - ( ( 0 ) * 0.66666666666667 ) );\"><div class=\"fusion-column-wrapper fusion-flex-column-wrapper-legacy\"><div class=\"fusion-sep-clear\"><\/div><div class=\"fusion-separator fusion-full-width-sep\" style=\"margin-left: auto;margin-right: auto;margin-top:30px;width:100%;\"><\/div><div class=\"fusion-sep-clear\"><\/div><div class=\"fusion-text fusion-text-3\"><p style=\"text-align: center;\"><span style=\"font-size: 22px; line-height: 1.5em;\"> Gana un neceser de cepillos Termix especial 30 aniversario y celebra con nosotros una fecha \u00fanica.<\/span><span style=\"font-size: 22px;\">\u00a1Termix est\u00e1 de celebraci\u00f3n! Ya son 30 a\u00f1os los que llevamos dedicados al cuidado y belleza del cabello y \u00a1queremos celebrarlos contigo! Por eso vestimos de gala a nuestros emblem\u00e1ticos cepillos y renovamos su look con un neceser que despunta elegancia.<\/span><\/p>\n<\/div><div class=\"fusion-sep-clear\"><\/div><div class=\"fusion-separator fusion-full-width-sep\" style=\"margin-left: auto;margin-right: auto;margin-top:30px;width:100%;\"><\/div><div class=\"fusion-sep-clear\"><\/div><div class=\"fusion-text fusion-text-4\"><p style=\"text-align: justify;\"><strong>En nuestras redes sociales sorteamos 3 neceseres de la edici\u00f3n especial 30 aniversario<\/strong> para todos los adictos del brushing que nos demuestren su alegr\u00eda con una <strong>felicitaci\u00f3n acompa\u00f1ada del hashtag <span style=\"color: #000000;\">#Termix30<\/span><\/strong>. Porque 30 a\u00f1os no se cumplen todos los d\u00edas y queremos hacerlo a tu lado.<\/p>\n<h2>Participar es <strong>sencillo<\/strong> y <strong>r\u00e1pido<\/strong>:<\/h2>\n<h3><span style=\"color: #000000;\">PASO 1<\/span><\/h3>\n<p><strong>Sigue nuestra p\u00e1gina de Facebook <\/strong>(@termixspain)\u00a0o <strong>cuenta de Twitter <\/strong>(@Termix), seg\u00fan tus preferencias.<\/p>\n<h3><span style=\"color: #000000;\">PASO 2<\/span><\/h3>\n<p><strong>Felic\u00edtanos de forma especial<\/strong> e ingeniosa los 30 a\u00f1os que cumplimos, incluyendo el <strong>hashtag <span style=\"color: #000000;\">#Termix30<\/span><\/strong> en tu comentario.<\/p>\n<h3><span style=\"color: #000000;\">PASO 3<\/span><\/h3>\n<p>Estate <strong>atento a nuestras redes sociales<\/strong> para conocer los ganadores.<\/p>\n<h3>\u00a0<\/h3>\n<h2 style=\"text-align: justify;\">\u00a1Tienes tiempo hasta el <strong><span style=\"color: #000000;\">d\u00eda 19 de marzo<\/span><\/strong>! <strong>\u00a1Mucha suerte!<\/strong><\/h2>\n<p><img decoding=\"async\" class=\"alignnone size-full wp-image-22915\" src=\"https:\/\/termix.net\/blog\/wp-content\/uploads\/2017\/03\/Cepillos-Termix-profesional-30-aniversario.jpg\" alt=\"\" width=\"2032\" height=\"1257\" srcset=\"https:\/\/termix.net\/blog\/wp-content\/uploads\/2017\/03\/Cepillos-Termix-profesional-30-aniversario-200x124.jpg 200w, https:\/\/termix.net\/blog\/wp-content\/uploads\/2017\/03\/Cepillos-Termix-profesional-30-aniversario-300x186.jpg 300w, https:\/\/termix.net\/blog\/wp-content\/uploads\/2017\/03\/Cepillos-Termix-profesional-30-aniversario-400x247.jpg 400w, https:\/\/termix.net\/blog\/wp-content\/uploads\/2017\/03\/Cepillos-Termix-profesional-30-aniversario-600x371.jpg 600w, https:\/\/termix.net\/blog\/wp-content\/uploads\/2017\/03\/Cepillos-Termix-profesional-30-aniversario-768x475.jpg 768w, https:\/\/termix.net\/blog\/wp-content\/uploads\/2017\/03\/Cepillos-Termix-profesional-30-aniversario-800x495.jpg 800w, https:\/\/termix.net\/blog\/wp-content\/uploads\/2017\/03\/Cepillos-Termix-profesional-30-aniversario-1024x633.jpg 1024w, https:\/\/termix.net\/blog\/wp-content\/uploads\/2017\/03\/Cepillos-Termix-profesional-30-aniversario-1200x742.jpg 1200w, https:\/\/termix.net\/blog\/wp-content\/uploads\/2017\/03\/Cepillos-Termix-profesional-30-aniversario.jpg 2032w\" sizes=\"(max-width: 2032px) 100vw, 2032px\" \/><\/p>\n<p style=\"text-align: justify;\">Para potenciar tus ganas de participar en el sorteo te invitamos a conocer la descripci\u00f3n del <strong>pack 30 aniversario <\/strong>edici\u00f3n especial. <strong>\u00a1No te pierdas nada!<\/strong><\/p>\n<h3 style=\"text-align: justify;\"><span style=\"color: #000000;\">El premio:\u00a0<\/span><\/h3>\n<ul>\n<li style=\"text-align: justify;\">El neceser incluye los<strong> cinco cepillos m\u00e1s conocidos de Termix<\/strong>, con un aspecto renovado, aunque manteniendo sus di\u00e1metros y caracter\u00edsticas m\u00e1s funcionales.<\/li>\n<li style=\"text-align: justify;\">Los cepillos incorporan un <strong>nuevo recubrimiento en color negro<\/strong> que ayuda a repartir el calor uniformemente en toda la superficie de secado del cabello, para que <strong>consigas un peinado m\u00e1s duradero<\/strong> y un cabello m\u00e1s sano.<\/li>\n<li style=\"text-align: justify;\">Incluye <strong>nylon 6.6<\/strong>, un material altamente resistente al calor y con <strong>efecto memoria<\/strong> para recuperar la forma inicial una vez enfriado. Una tecnolog\u00eda que ayuda a la <strong>conservaci\u00f3n duradera de los cepillos<\/strong> m\u00e1s elegantes.<\/li>\n<li style=\"text-align: justify;\">El mango est\u00e1 hecho de <strong>polipropileno<\/strong>, un material muy resistente y <strong>antiadherente que facilita el peinado<\/strong>, evitando la molesta tarea de controlar los mechones que se pegan al mango durante el proceso de peinado.<\/li>\n<\/ul>\n<p>\u00a0<\/p>\n<p><strong>\u00a1No olvides felicitarnos!<\/strong> Recuerda que tienes tiempo hasta el <strong>19 de marzo<\/strong>.<\/p>\n<p><em>Sorteo v\u00e1lido \u00fanicamente en Espa\u00f1a.<\/em><\/p>\n<p>\u00a0<\/p>\n<\/div><div class=\"fusion-clearfix\"><\/div><\/div><\/div><\/div><\/div><div class=\"fusion-fullwidth fullwidth-box fusion-builder-row-4 nonhundred-percent-fullwidth non-hundred-percent-height-scrolling\" style=\"--awb-border-radius-top-left:0px;--awb-border-radius-top-right:0px;--awb-border-radius-bottom-right:0px;--awb-border-radius-bottom-left:0px;\" ><\/div><\/p>\n","protected":false},"excerpt":{"rendered":"<p>\t\t\t\tEn nuestras redes sociales sorteamos 3 neceseres de la edici\u00f3n especial 30 aniversario para todos los adictos del brushing que nos demuestren su alegr\u00eda con una felicitaci\u00f3n acompa\u00f1ada del hashtag #Termix30. Porque 30 a\u00f1os no se cumplen todos los d\u00edas y queremos hacerlo a tu lado.\t\t<\/p>\n","protected":false},"author":2,"featured_media":22917,"comment_status":"open","ping_status":"open","sticky":false,"template":"","format":"standard","meta":[],"categories":[6],"tags":[],"yoast_head":"<!-- This site is optimized with the Yoast SEO plugin v20.0 - https:\/\/yoast.com\/wordpress\/plugins\/seo\/ -->\n<title>Gana un neceser 30 a\u00f1os profesional de Termix - Blog Termix Spain<\/title>\n<meta name=\"description\" content=\"Blog Termix Spain - Gana un neceser 30 a\u00f1os profesional de Termix -\" \/>\n<meta name=\"robots\" content=\"index, follow, max-snippet:-1, max-image-preview:large, max-video-preview:-1\" \/>\n<link rel=\"canonical\" href=\"https:\/\/termix.net\/blog\/es\/gana-neceser-30-anos-profesional-termix\/\" \/>\n<meta property=\"og:locale\" content=\"es_ES\" \/>\n<meta property=\"og:type\" content=\"article\" \/>\n<meta property=\"og:title\" content=\"Gana un neceser 30 a\u00f1os profesional de Termix - Blog Termix Spain\" \/>\n<meta property=\"og:description\" content=\"Blog Termix Spain - Gana un neceser 30 a\u00f1os profesional de Termix -\" \/>\n<meta property=\"og:url\" content=\"https:\/\/termix.net\/blog\/es\/gana-neceser-30-anos-profesional-termix\/\" \/>\n<meta property=\"og:site_name\" content=\"Blog Termix Spain\" \/>\n<meta property=\"article:published_time\" content=\"2017-03-07T11:19:39+00:00\" \/>\n<meta property=\"article:modified_time\" content=\"2019-12-11T14:44:20+00:00\" \/>\n<meta property=\"og:image\" content=\"https:\/\/termix.net\/blog\/wp-content\/uploads\/2017\/03\/bannerweb_sorteo30anivTermix.jpg\" \/>\n\t<meta property=\"og:image:width\" content=\"800\" \/>\n\t<meta property=\"og:image:height\" content=\"397\" \/>\n\t<meta property=\"og:image:type\" content=\"image\/jpeg\" \/>\n<meta name=\"author\" content=\"TermixTeam\" \/>\n<meta name=\"twitter:card\" content=\"summary_large_image\" \/>\n<meta name=\"twitter:label1\" content=\"Escrito por\" \/>\n\t<meta name=\"twitter:data1\" content=\"TermixTeam\" \/>\n\t<meta name=\"twitter:label2\" content=\"Tiempo de lectura\" \/>\n\t<meta name=\"twitter:data2\" content=\"8 minutos\" \/>\n<script type=\"application\/ld+json\" class=\"yoast-schema-graph\">{\"@context\":\"https:\/\/schema.org\",\"@graph\":[{\"@type\":\"Article\",\"@id\":\"https:\/\/termix.net\/blog\/es\/gana-neceser-30-anos-profesional-termix\/#article\",\"isPartOf\":{\"@id\":\"https:\/\/termix.net\/blog\/es\/gana-neceser-30-anos-profesional-termix\/\"},\"author\":{\"name\":\"TermixTeam\",\"@id\":\"https:\/\/termix.net\/blog\/es\/#\/schema\/person\/9096c98bdf03c8ddf91ad7172f254f40\"},\"headline\":\"Gana un neceser 30 a\u00f1os profesional de Termix\",\"datePublished\":\"2017-03-07T11:19:39+00:00\",\"dateModified\":\"2019-12-11T14:44:20+00:00\",\"mainEntityOfPage\":{\"@id\":\"https:\/\/termix.net\/blog\/es\/gana-neceser-30-anos-profesional-termix\/\"},\"wordCount\":1524,\"commentCount\":4,\"publisher\":{\"@id\":\"https:\/\/termix.net\/blog\/es\/#organization\"},\"articleSection\":[\"NOTICIAS\"],\"inLanguage\":\"es\",\"potentialAction\":[{\"@type\":\"CommentAction\",\"name\":\"Comment\",\"target\":[\"https:\/\/termix.net\/blog\/es\/gana-neceser-30-anos-profesional-termix\/#respond\"]}]},{\"@type\":\"WebPage\",\"@id\":\"https:\/\/termix.net\/blog\/es\/gana-neceser-30-anos-profesional-termix\/\",\"url\":\"https:\/\/termix.net\/blog\/es\/gana-neceser-30-anos-profesional-termix\/\",\"name\":\"Gana un neceser 30 a\u00f1os profesional de Termix - Blog Termix Spain\",\"isPartOf\":{\"@id\":\"https:\/\/termix.net\/blog\/es\/#website\"},\"datePublished\":\"2017-03-07T11:19:39+00:00\",\"dateModified\":\"2019-12-11T14:44:20+00:00\",\"description\":\"Blog Termix Spain - Gana un neceser 30 a\u00f1os profesional de Termix -\",\"breadcrumb\":{\"@id\":\"https:\/\/termix.net\/blog\/es\/gana-neceser-30-anos-profesional-termix\/#breadcrumb\"},\"inLanguage\":\"es\",\"potentialAction\":[{\"@type\":\"ReadAction\",\"target\":[\"https:\/\/termix.net\/blog\/es\/gana-neceser-30-anos-profesional-termix\/\"]}]},{\"@type\":\"BreadcrumbList\",\"@id\":\"https:\/\/termix.net\/blog\/es\/gana-neceser-30-anos-profesional-termix\/#breadcrumb\",\"itemListElement\":[{\"@type\":\"ListItem\",\"position\":1,\"name\":\"Home\",\"item\":\"https:\/\/termix.net\/blog\/es\/\"},{\"@type\":\"ListItem\",\"position\":2,\"name\":\"Gana un neceser 30 a\u00f1os profesional de Termix\"}]},{\"@type\":\"WebSite\",\"@id\":\"https:\/\/termix.net\/blog\/es\/#website\",\"url\":\"https:\/\/termix.net\/blog\/es\/\",\"name\":\"Blog Termix Spain\",\"description\":\"Blog de tendencias y productos de peluquer\u00eda profesional.\",\"publisher\":{\"@id\":\"https:\/\/termix.net\/blog\/es\/#organization\"},\"potentialAction\":[{\"@type\":\"SearchAction\",\"target\":{\"@type\":\"EntryPoint\",\"urlTemplate\":\"https:\/\/termix.net\/blog\/es\/?s={search_term_string}\"},\"query-input\":\"required name=search_term_string\"}],\"inLanguage\":\"es\"},{\"@type\":\"Organization\",\"@id\":\"https:\/\/termix.net\/blog\/es\/#organization\",\"name\":\"Dols Industrial de Peluquer\u00eda SA\",\"url\":\"https:\/\/termix.net\/blog\/es\/\",\"logo\":{\"@type\":\"ImageObject\",\"inLanguage\":\"es\",\"@id\":\"https:\/\/termix.net\/blog\/es\/#\/schema\/logo\/image\/\",\"url\":\"https:\/\/termix.net\/blog\/wp-content\/uploads\/2020\/10\/OGbDAeng.jpeg\",\"contentUrl\":\"https:\/\/termix.net\/blog\/wp-content\/uploads\/2020\/10\/OGbDAeng.jpeg\",\"width\":800,\"height\":800,\"caption\":\"Dols Industrial de Peluquer\u00eda SA\"},\"image\":{\"@id\":\"https:\/\/termix.net\/blog\/es\/#\/schema\/logo\/image\/\"}},{\"@type\":\"Person\",\"@id\":\"https:\/\/termix.net\/blog\/es\/#\/schema\/person\/9096c98bdf03c8ddf91ad7172f254f40\",\"name\":\"TermixTeam\",\"image\":{\"@type\":\"ImageObject\",\"inLanguage\":\"es\",\"@id\":\"https:\/\/termix.net\/blog\/es\/#\/schema\/person\/image\/\",\"url\":\"https:\/\/secure.gravatar.com\/avatar\/d89f61f6bd1c29a4acb231736d1c74b3?s=96&d=mm&r=g\",\"contentUrl\":\"https:\/\/secure.gravatar.com\/avatar\/d89f61f6bd1c29a4acb231736d1c74b3?s=96&d=mm&r=g\",\"caption\":\"TermixTeam\"},\"url\":\"https:\/\/termix.net\/blog\/es\/author\/termixteam\/\"}]}<\/script>\n<!-- \/ Yoast SEO plugin. -->","yoast_head_json":{"title":"Gana un neceser 30 a\u00f1os profesional de Termix - Blog Termix Spain","description":"Blog Termix Spain - Gana un neceser 30 a\u00f1os profesional de Termix -","robots":{"index":"index","follow":"follow","max-snippet":"max-snippet:-1","max-image-preview":"max-image-preview:large","max-video-preview":"max-video-preview:-1"},"canonical":"https:\/\/termix.net\/blog\/es\/gana-neceser-30-anos-profesional-termix\/","og_locale":"es_ES","og_type":"article","og_title":"Gana un neceser 30 a\u00f1os profesional de Termix - Blog Termix Spain","og_description":"Blog Termix Spain - Gana un neceser 30 a\u00f1os profesional de Termix -","og_url":"https:\/\/termix.net\/blog\/es\/gana-neceser-30-anos-profesional-termix\/","og_site_name":"Blog Termix Spain","article_published_time":"2017-03-07T11:19:39+00:00","article_modified_time":"2019-12-11T14:44:20+00:00","og_image":[{"width":800,"height":397,"url":"https:\/\/termix.net\/blog\/wp-content\/uploads\/2017\/03\/bannerweb_sorteo30anivTermix.jpg","type":"image\/jpeg"}],"author":"TermixTeam","twitter_card":"summary_large_image","twitter_misc":{"Escrito por":"TermixTeam","Tiempo de lectura":"8 minutos"},"schema":{"@context":"https:\/\/schema.org","@graph":[{"@type":"Article","@id":"https:\/\/termix.net\/blog\/es\/gana-neceser-30-anos-profesional-termix\/#article","isPartOf":{"@id":"https:\/\/termix.net\/blog\/es\/gana-neceser-30-anos-profesional-termix\/"},"author":{"name":"TermixTeam","@id":"https:\/\/termix.net\/blog\/es\/#\/schema\/person\/9096c98bdf03c8ddf91ad7172f254f40"},"headline":"Gana un neceser 30 a\u00f1os profesional de Termix","datePublished":"2017-03-07T11:19:39+00:00","dateModified":"2019-12-11T14:44:20+00:00","mainEntityOfPage":{"@id":"https:\/\/termix.net\/blog\/es\/gana-neceser-30-anos-profesional-termix\/"},"wordCount":1524,"commentCount":4,"publisher":{"@id":"https:\/\/termix.net\/blog\/es\/#organization"},"articleSection":["NOTICIAS"],"inLanguage":"es","potentialAction":[{"@type":"CommentAction","name":"Comment","target":["https:\/\/termix.net\/blog\/es\/gana-neceser-30-anos-profesional-termix\/#respond"]}]},{"@type":"WebPage","@id":"https:\/\/termix.net\/blog\/es\/gana-neceser-30-anos-profesional-termix\/","url":"https:\/\/termix.net\/blog\/es\/gana-neceser-30-anos-profesional-termix\/","name":"Gana un neceser 30 a\u00f1os profesional de Termix - Blog Termix Spain","isPartOf":{"@id":"https:\/\/termix.net\/blog\/es\/#website"},"datePublished":"2017-03-07T11:19:39+00:00","dateModified":"2019-12-11T14:44:20+00:00","description":"Blog Termix Spain - Gana un neceser 30 a\u00f1os profesional de Termix -","breadcrumb":{"@id":"https:\/\/termix.net\/blog\/es\/gana-neceser-30-anos-profesional-termix\/#breadcrumb"},"inLanguage":"es","potentialAction":[{"@type":"ReadAction","target":["https:\/\/termix.net\/blog\/es\/gana-neceser-30-anos-profesional-termix\/"]}]},{"@type":"BreadcrumbList","@id":"https:\/\/termix.net\/blog\/es\/gana-neceser-30-anos-profesional-termix\/#breadcrumb","itemListElement":[{"@type":"ListItem","position":1,"name":"Home","item":"https:\/\/termix.net\/blog\/es\/"},{"@type":"ListItem","position":2,"name":"Gana un neceser 30 a\u00f1os profesional de Termix"}]},{"@type":"WebSite","@id":"https:\/\/termix.net\/blog\/es\/#website","url":"https:\/\/termix.net\/blog\/es\/","name":"Blog Termix Spain","description":"Blog de tendencias y productos de peluquer\u00eda profesional.","publisher":{"@id":"https:\/\/termix.net\/blog\/es\/#organization"},"potentialAction":[{"@type":"SearchAction","target":{"@type":"EntryPoint","urlTemplate":"https:\/\/termix.net\/blog\/es\/?s={search_term_string}"},"query-input":"required name=search_term_string"}],"inLanguage":"es"},{"@type":"Organization","@id":"https:\/\/termix.net\/blog\/es\/#organization","name":"Dols Industrial de Peluquer\u00eda SA","url":"https:\/\/termix.net\/blog\/es\/","logo":{"@type":"ImageObject","inLanguage":"es","@id":"https:\/\/termix.net\/blog\/es\/#\/schema\/logo\/image\/","url":"https:\/\/termix.net\/blog\/wp-content\/uploads\/2020\/10\/OGbDAeng.jpeg","contentUrl":"https:\/\/termix.net\/blog\/wp-content\/uploads\/2020\/10\/OGbDAeng.jpeg","width":800,"height":800,"caption":"Dols Industrial de Peluquer\u00eda SA"},"image":{"@id":"https:\/\/termix.net\/blog\/es\/#\/schema\/logo\/image\/"}},{"@type":"Person","@id":"https:\/\/termix.net\/blog\/es\/#\/schema\/person\/9096c98bdf03c8ddf91ad7172f254f40","name":"TermixTeam","image":{"@type":"ImageObject","inLanguage":"es","@id":"https:\/\/termix.net\/blog\/es\/#\/schema\/person\/image\/","url":"https:\/\/secure.gravatar.com\/avatar\/d89f61f6bd1c29a4acb231736d1c74b3?s=96&d=mm&r=g","contentUrl":"https:\/\/secure.gravatar.com\/avatar\/d89f61f6bd1c29a4acb231736d1c74b3?s=96&d=mm&r=g","caption":"TermixTeam"},"url":"https:\/\/termix.net\/blog\/es\/author\/termixteam\/"}]}},"_links":{"self":[{"href":"https:\/\/termix.net\/blog\/es\/wp-json\/wp\/v2\/posts\/8900"}],"collection":[{"href":"https:\/\/termix.net\/blog\/es\/wp-json\/wp\/v2\/posts"}],"about":[{"href":"https:\/\/termix.net\/blog\/es\/wp-json\/wp\/v2\/types\/post"}],"author":[{"embeddable":true,"href":"https:\/\/termix.net\/blog\/es\/wp-json\/wp\/v2\/users\/2"}],"replies":[{"embeddable":true,"href":"https:\/\/termix.net\/blog\/es\/wp-json\/wp\/v2\/comments?post=8900"}],"version-history":[{"count":2,"href":"https:\/\/termix.net\/blog\/es\/wp-json\/wp\/v2\/posts\/8900\/revisions"}],"predecessor-version":[{"id":22919,"href":"https:\/\/termix.net\/blog\/es\/wp-json\/wp\/v2\/posts\/8900\/revisions\/22919"}],"wp:featuredmedia":[{"embeddable":true,"href":"https:\/\/termix.net\/blog\/es\/wp-json\/wp\/v2\/media\/22917"}],"wp:attachment":[{"href":"https:\/\/termix.net\/blog\/es\/wp-json\/wp\/v2\/media?parent=8900"}],"wp:term":[{"taxonomy":"category","embeddable":true,"href":"https:\/\/termix.net\/blog\/es\/wp-json\/wp\/v2\/categories?post=8900"},{"taxonomy":"post_tag","embeddable":true,"href":"https:\/\/termix.net\/blog\/es\/wp-json\/wp\/v2\/tags?post=8900"}],"curies":[{"name":"wp","href":"https:\/\/api.w.org\/{rel}","templated":true}]}}