{"id":8845,"date":"2017-02-14T07:37:59","date_gmt":"2017-02-14T07:37:59","guid":{"rendered":"http:\/\/termix.net\/?p=8845"},"modified":"2019-12-16T12:25:35","modified_gmt":"2019-12-16T11:25:35","slug":"celebra-termix-30-aniversario-cosmoprof-bolonia-2017","status":"publish","type":"post","link":"https:\/\/termix.net\/blog\/es\/celebra-termix-30-aniversario-cosmoprof-bolonia-2017\/","title":{"rendered":"Ven a celebrar con Termix sus 30 a\u00f1os en Cosmoprof Bolonia 2017"},"content":{"rendered":"<p><div class=\"fusion-fullwidth fullwidth-box fusion-builder-row-1 faded-background fusion-parallax-none nonhundred-percent-fullwidth non-hundred-percent-height-scrolling fusion-no-small-visibility fusion-no-medium-visibility\" style=\"--awb-border-radius-top-left:0px;--awb-border-radius-top-right:0px;--awb-border-radius-bottom-right:0px;--awb-border-radius-bottom-left:0px;--awb-padding-top:24%;--awb-padding-right:3%;--awb-padding-left:3%;--awb-background-size:cover;\" ><div class=\"fullwidth-faded\" style=\"--awb-background-color:#181818;--awb-background-image:url(https:\/\/termix.net\/blog\/wp-content\/uploads\/2017\/02\/Termix-vuelve-a-la-feria-Cosmoprof-2017.jpg);--awb-background-size:cover;\" ><\/div><div class=\"fusion-builder-row fusion-row\"><div class=\"fusion-layout-column fusion_builder_column fusion-builder-column-0 fusion_builder_column_1_1 1_1 fusion-one-full fusion-column-first fusion-column-last\" style=\"--awb-padding-top:6%;--awb-padding-right:8%;--awb-padding-bottom:6%;--awb-padding-left:8%;--awb-bg-color:rgba(255,255,255,0.7);--awb-bg-size:cover;--awb-margin-top:0px;--awb-margin-bottom:0px;\"><div class=\"fusion-column-wrapper fusion-column-has-shadow fusion-flex-column-wrapper-legacy\"><div class=\"fusion-text fusion-text-1 caption\"><p style=\"text-align: center;\">Ferias \u2014 3 min de lectura<\/p>\n<\/div><div class=\"fusion-title title fusion-title-1 fusion-sep-none fusion-title-center fusion-title-text fusion-title-size-two\" style=\"--awb-margin-top:30px;--awb-margin-bottom:20px;\"><h2 class=\"title-heading-center fusion-responsive-typography-calculated\" style=\"margin:0;--fontSize:50;line-height:1.28;\">Ven a celebrar con Termix sus 30 a\u00f1os en Cosmoprof Bolonia 2017<\/h2><\/div><div class=\"fusion-clearfix\"><\/div><\/div><\/div><\/div><\/div><div class=\"fusion-fullwidth fullwidth-box fusion-builder-row-2 fusion-parallax-none nonhundred-percent-fullwidth non-hundred-percent-height-scrolling fusion-no-large-visibility\" style=\"--awb-border-radius-top-left:0px;--awb-border-radius-top-right:0px;--awb-border-radius-bottom-right:0px;--awb-border-radius-bottom-left:0px;--awb-background-image:url(&quot;https:\/\/termix.net\/blog\/wp-content\/uploads\/2019\/11\/con-el-secador-compacto-profesioanl-4300-de-termix-damos-volumen-al-cabello-1.jpg&quot;);--awb-background-size:cover;\" ><div class=\"fusion-builder-row fusion-row\"><div class=\"fusion-layout-column fusion_builder_column fusion-builder-column-1 fusion_builder_column_1_1 1_1 fusion-one-full fusion-column-first fusion-column-last fusion-column-inner-bg-wrapper\" style=\"--awb-padding-top:10%;--awb-padding-bottom:10%;--awb-inner-bg-image:url(&#039;http:\/\/termix.net\/blog\/wp-content\/uploads\/2019\/03\/single-blog-post-feat.jpg&#039;);--awb-inner-bg-position:center center;--awb-inner-bg-size:cover;\"><span class=\"fusion-column-inner-bg hover-type-zoomout\"><span class=\"fusion-column-anchor\"><span class=\"fusion-column-inner-bg-image\"><\/span><\/span><\/span><div class=\"fusion-column-wrapper fusion-flex-column-wrapper-legacy\" data-bg-url=\"http:\/\/termix.net\/blog\/wp-content\/uploads\/2019\/03\/single-blog-post-feat.jpg\"><div class=\"fusion-sep-clear\"><\/div><div class=\"fusion-separator fusion-no-large-visibility fusion-full-width-sep\" style=\"margin-left: auto;margin-right: auto;margin-top:200px;width:100%;\"><\/div><div class=\"fusion-sep-clear\"><\/div><div class=\"fusion-clearfix\"><\/div><\/div><\/div><div class=\"fusion-layout-column fusion_builder_column fusion-builder-column-2 fusion_builder_column_1_1 1_1 fusion-one-full fusion-column-first fusion-column-last\" style=\"--awb-padding-top:6%;--awb-bg-color:#ffffff;--awb-bg-size:cover;--awb-margin-top:0px;--awb-margin-bottom:0px;\"><div class=\"fusion-column-wrapper fusion-flex-column-wrapper-legacy\"><div class=\"fusion-text fusion-text-2 caption\"><p style=\"text-align: center;\">Ferias \u2014 3 min de lectura<\/p>\n<\/div><div class=\"fusion-title title fusion-title-2 fusion-sep-none fusion-title-center fusion-title-text fusion-title-size-two\" style=\"--awb-margin-top:30px;--awb-margin-bottom:20px;\"><h2 class=\"title-heading-center fusion-responsive-typography-calculated\" style=\"margin:0;--fontSize:50;line-height:1.28;\">Ven a celebrar con Termix sus 30 a\u00f1os en Cosmoprof Bolonia 2017<\/h2><\/div><div class=\"fusion-clearfix\"><\/div><\/div><\/div><\/div><\/div><div class=\"fusion-fullwidth fullwidth-box fusion-builder-row-3 nonhundred-percent-fullwidth non-hundred-percent-height-scrolling\" style=\"--awb-border-radius-top-left:0px;--awb-border-radius-top-right:0px;--awb-border-radius-bottom-right:0px;--awb-border-radius-bottom-left:0px;--awb-padding-top:10px;--awb-padding-bottom:4%;\" ><div class=\"fusion-builder-row fusion-row\"><div class=\"fusion-layout-column fusion_builder_column fusion-builder-column-3 fusion_builder_column_1_6 1_6 fusion-one-sixth fusion-column-first fusion-no-small-visibility fusion-no-medium-visibility\" style=\"--awb-bg-size:cover;width:16.666666666667%;width:calc(16.666666666667% - ( ( 0 ) * 0.16666666666667 ) );margin-right: 0px;\"><div class=\"fusion-column-wrapper fusion-flex-column-wrapper-legacy\"><div class=\"fusion-clearfix\"><\/div><\/div><\/div><div class=\"fusion-layout-column fusion_builder_column fusion-builder-column-4 fusion_builder_column_2_3 2_3 fusion-two-third fusion-column-last\" style=\"--awb-bg-size:cover;width:66.666666666667%;width:calc(66.666666666667% - ( ( 0 ) * 0.66666666666667 ) );\"><div class=\"fusion-column-wrapper fusion-flex-column-wrapper-legacy\"><div class=\"fusion-sep-clear\"><\/div><div class=\"fusion-separator fusion-full-width-sep\" style=\"margin-left: auto;margin-right: auto;margin-top:30px;width:100%;\"><\/div><div class=\"fusion-sep-clear\"><\/div><div class=\"fusion-text fusion-text-3\"><p style=\"text-align: center;\"><span style=\"font-size: 22px; line-height: 1.5em;\"> \u00a1Estamos de celebraci\u00f3n! Este a\u00f1o Termix cumple su 30 aniversario y qu\u00e9 mejor que celebrarlo en un evento tan importante como la cita internacional m\u00e1s importante del sector. Adem\u00e1s, la celebraci\u00f3n es doble porque la feria Cosmoprof Worldwide Bologna cumple su 50 aniversario.<\/span><\/p>\n<\/div><div class=\"fusion-sep-clear\"><\/div><div class=\"fusion-separator fusion-full-width-sep\" style=\"margin-left: auto;margin-right: auto;margin-top:30px;width:100%;\"><\/div><div class=\"fusion-sep-clear\"><\/div><div class=\"fusion-text fusion-text-4\"><p style=\"text-align: justify;\">Del 17 al 20 marzo, un a\u00f1o m\u00e1s, el recinto ferial de Bolonia abre sus puertas con la feria del sector de la belleza y est\u00e9tica m\u00e1s importante de toda Europa. Con cifras tan espectaculares como las del a\u00f1o 2016 como 2.510 expositores, 90.000 m2 de superficie y 250.000 visitantes, la feria <strong>Cosmoprof tiene unas expectativas muy positivas para su 89 edici\u00f3n. Se espera superar el n\u00famero de visitantes dispuestos a conocer las \u00faltimas tendencias que presentar\u00e1n las mejores empresas y profesionales del sector.<\/strong><\/p>\n<p style=\"text-align: justify;\"><strong><img decoding=\"async\" class=\"size-full wp-image-8847 aligncenter\" src=\"http:\/\/termix.net\/wp-content\/uploads\/2017\/02\/Coge-cita-con-Termix-en-la-feria-Cosmoprof-2017.jpg\" alt=\"Coge cita con Termix en la feria Cosmoprof 2017\" width=\"2032\" height=\"1257\" \/>Termix, fabricante l\u00edder de productos de peluquer\u00eda profesional, estar\u00e1 presente con sus novedades entre las que destacar\u00e1 el \u00faltimo lanzamiento: \u00a0la plancha de cabello Termix Black Velvet.<\/strong> Adem\u00e1s, habr\u00e1 una sorpresa para todo el que pase a visitar el stand.<\/p>\n<p style=\"text-align: justify;\">Este 2017 ser\u00e1 una cita muy especial con motivo del 50 aniversario de la feria. Hay mucha expectaci\u00f3n ante todas las actividades que van a tener lugar. <strong>Talleres, conferencias, la zona de pasarela ser\u00e1n el marco perfecto para una feria llena de elegancia. Los mejores profesionales mostrar\u00e1n las tendencias actuales en corte de cabello, color, belleza y cosm\u00e9tica en los diversos escenarios repartidos por todo el recinto ferial.<\/strong><\/p>\n<p><img decoding=\"async\" class=\"size-full wp-image-8747 aligncenter\" src=\"http:\/\/termix.net\/wp-content\/uploads\/2017\/02\/La-nueva-plancha-Black-Velvet-de-Termix.jpg\" alt=\"La nueva plancha Black Velvet de Termix\" width=\"800\" height=\"495\" \/><\/p>\n<p style=\"text-align: justify;\"><strong>Termix te estar\u00e1 esperando en el <span style=\"color: #000000;\">stand A23 del Pabell\u00f3n 33<\/span> del recinto ferial de Bolonia.<\/strong> Como puedes comprobar, va a ser un verdadero espect\u00e1culo de tendencia. \u00a1As\u00ed que no te puedes perder esta cita con la belleza!<\/p>\n<\/div><div class=\"fusion-clearfix\"><\/div><\/div><\/div><\/div><\/div><div class=\"fusion-fullwidth fullwidth-box fusion-builder-row-4 nonhundred-percent-fullwidth non-hundred-percent-height-scrolling\" style=\"--awb-border-radius-top-left:0px;--awb-border-radius-top-right:0px;--awb-border-radius-bottom-right:0px;--awb-border-radius-bottom-left:0px;\" ><\/div><\/p>\n","protected":false},"excerpt":{"rendered":"<p>\t\t\t\tDel 17 al 21 de marzo Termix participar\u00e1 en la gran cita internacional del sector, Cosmoprof Worldwide Bologna, en un a\u00f1o de doble celebraci\u00f3n. Termix cumple su 30 aniversario coincidiendo con los 50 que tambi\u00e9n celebrar\u00e1 la feria. \u00a1No te lo pierdas y ven a descubrir nuestras \u00faltimas novedades! \t\t<\/p>\n","protected":false},"author":2,"featured_media":23035,"comment_status":"open","ping_status":"open","sticky":false,"template":"","format":"standard","meta":[],"categories":[6],"tags":[],"yoast_head":"<!-- This site is optimized with the Yoast SEO plugin v20.0 - https:\/\/yoast.com\/wordpress\/plugins\/seo\/ -->\n<title>Ven a celebrar con Termix sus 30 a\u00f1os en Cosmoprof Bolonia 2017 - Blog Termix Spain<\/title>\n<meta name=\"description\" content=\"Blog Termix Spain - Ven a celebrar con Termix sus 30 a\u00f1os en Cosmoprof Bolonia 2017 -\" \/>\n<meta name=\"robots\" content=\"index, follow, max-snippet:-1, max-image-preview:large, max-video-preview:-1\" \/>\n<link rel=\"canonical\" href=\"https:\/\/termix.net\/blog\/es\/celebra-termix-30-aniversario-cosmoprof-bolonia-2017\/\" \/>\n<meta property=\"og:locale\" content=\"es_ES\" \/>\n<meta property=\"og:type\" content=\"article\" \/>\n<meta property=\"og:title\" content=\"Ven a celebrar con Termix sus 30 a\u00f1os en Cosmoprof Bolonia 2017 - Blog Termix Spain\" \/>\n<meta property=\"og:description\" content=\"Blog Termix Spain - Ven a celebrar con Termix sus 30 a\u00f1os en Cosmoprof Bolonia 2017 -\" \/>\n<meta property=\"og:url\" content=\"https:\/\/termix.net\/blog\/es\/celebra-termix-30-aniversario-cosmoprof-bolonia-2017\/\" \/>\n<meta property=\"og:site_name\" content=\"Blog Termix Spain\" \/>\n<meta property=\"article:published_time\" content=\"2017-02-14T07:37:59+00:00\" \/>\n<meta property=\"article:modified_time\" content=\"2019-12-16T11:25:35+00:00\" \/>\n<meta property=\"og:image\" content=\"https:\/\/termix.net\/blog\/wp-content\/uploads\/2017\/02\/Termix-vuelve-a-la-feria-Cosmoprof-2017.jpg\" \/>\n\t<meta property=\"og:image:width\" content=\"2032\" \/>\n\t<meta property=\"og:image:height\" content=\"1257\" \/>\n\t<meta property=\"og:image:type\" content=\"image\/jpeg\" \/>\n<meta name=\"author\" content=\"TermixTeam\" \/>\n<meta name=\"twitter:card\" content=\"summary_large_image\" \/>\n<meta name=\"twitter:label1\" content=\"Escrito por\" \/>\n\t<meta name=\"twitter:data1\" content=\"TermixTeam\" \/>\n\t<meta name=\"twitter:label2\" content=\"Tiempo de lectura\" \/>\n\t<meta name=\"twitter:data2\" content=\"7 minutos\" \/>\n<script type=\"application\/ld+json\" class=\"yoast-schema-graph\">{\"@context\":\"https:\/\/schema.org\",\"@graph\":[{\"@type\":\"Article\",\"@id\":\"https:\/\/termix.net\/blog\/es\/celebra-termix-30-aniversario-cosmoprof-bolonia-2017\/#article\",\"isPartOf\":{\"@id\":\"https:\/\/termix.net\/blog\/es\/celebra-termix-30-aniversario-cosmoprof-bolonia-2017\/\"},\"author\":{\"name\":\"TermixTeam\",\"@id\":\"https:\/\/termix.net\/blog\/es\/#\/schema\/person\/9096c98bdf03c8ddf91ad7172f254f40\"},\"headline\":\"Ven a celebrar con Termix sus 30 a\u00f1os en Cosmoprof Bolonia 2017\",\"datePublished\":\"2017-02-14T07:37:59+00:00\",\"dateModified\":\"2019-12-16T11:25:35+00:00\",\"mainEntityOfPage\":{\"@id\":\"https:\/\/termix.net\/blog\/es\/celebra-termix-30-aniversario-cosmoprof-bolonia-2017\/\"},\"wordCount\":1463,\"commentCount\":0,\"publisher\":{\"@id\":\"https:\/\/termix.net\/blog\/es\/#organization\"},\"articleSection\":[\"NOTICIAS\"],\"inLanguage\":\"es\",\"potentialAction\":[{\"@type\":\"CommentAction\",\"name\":\"Comment\",\"target\":[\"https:\/\/termix.net\/blog\/es\/celebra-termix-30-aniversario-cosmoprof-bolonia-2017\/#respond\"]}]},{\"@type\":\"WebPage\",\"@id\":\"https:\/\/termix.net\/blog\/es\/celebra-termix-30-aniversario-cosmoprof-bolonia-2017\/\",\"url\":\"https:\/\/termix.net\/blog\/es\/celebra-termix-30-aniversario-cosmoprof-bolonia-2017\/\",\"name\":\"Ven a celebrar con Termix sus 30 a\u00f1os en Cosmoprof Bolonia 2017 - Blog Termix Spain\",\"isPartOf\":{\"@id\":\"https:\/\/termix.net\/blog\/es\/#website\"},\"datePublished\":\"2017-02-14T07:37:59+00:00\",\"dateModified\":\"2019-12-16T11:25:35+00:00\",\"description\":\"Blog Termix Spain - Ven a celebrar con Termix sus 30 a\u00f1os en Cosmoprof Bolonia 2017 -\",\"breadcrumb\":{\"@id\":\"https:\/\/termix.net\/blog\/es\/celebra-termix-30-aniversario-cosmoprof-bolonia-2017\/#breadcrumb\"},\"inLanguage\":\"es\",\"potentialAction\":[{\"@type\":\"ReadAction\",\"target\":[\"https:\/\/termix.net\/blog\/es\/celebra-termix-30-aniversario-cosmoprof-bolonia-2017\/\"]}]},{\"@type\":\"BreadcrumbList\",\"@id\":\"https:\/\/termix.net\/blog\/es\/celebra-termix-30-aniversario-cosmoprof-bolonia-2017\/#breadcrumb\",\"itemListElement\":[{\"@type\":\"ListItem\",\"position\":1,\"name\":\"Home\",\"item\":\"https:\/\/termix.net\/blog\/es\/\"},{\"@type\":\"ListItem\",\"position\":2,\"name\":\"Ven a celebrar con Termix sus 30 a\u00f1os en Cosmoprof Bolonia 2017\"}]},{\"@type\":\"WebSite\",\"@id\":\"https:\/\/termix.net\/blog\/es\/#website\",\"url\":\"https:\/\/termix.net\/blog\/es\/\",\"name\":\"Blog Termix Spain\",\"description\":\"Blog de tendencias y productos de peluquer\u00eda profesional.\",\"publisher\":{\"@id\":\"https:\/\/termix.net\/blog\/es\/#organization\"},\"potentialAction\":[{\"@type\":\"SearchAction\",\"target\":{\"@type\":\"EntryPoint\",\"urlTemplate\":\"https:\/\/termix.net\/blog\/es\/?s={search_term_string}\"},\"query-input\":\"required name=search_term_string\"}],\"inLanguage\":\"es\"},{\"@type\":\"Organization\",\"@id\":\"https:\/\/termix.net\/blog\/es\/#organization\",\"name\":\"Dols Industrial de Peluquer\u00eda SA\",\"url\":\"https:\/\/termix.net\/blog\/es\/\",\"logo\":{\"@type\":\"ImageObject\",\"inLanguage\":\"es\",\"@id\":\"https:\/\/termix.net\/blog\/es\/#\/schema\/logo\/image\/\",\"url\":\"https:\/\/termix.net\/blog\/wp-content\/uploads\/2020\/10\/OGbDAeng.jpeg\",\"contentUrl\":\"https:\/\/termix.net\/blog\/wp-content\/uploads\/2020\/10\/OGbDAeng.jpeg\",\"width\":800,\"height\":800,\"caption\":\"Dols Industrial de Peluquer\u00eda SA\"},\"image\":{\"@id\":\"https:\/\/termix.net\/blog\/es\/#\/schema\/logo\/image\/\"}},{\"@type\":\"Person\",\"@id\":\"https:\/\/termix.net\/blog\/es\/#\/schema\/person\/9096c98bdf03c8ddf91ad7172f254f40\",\"name\":\"TermixTeam\",\"image\":{\"@type\":\"ImageObject\",\"inLanguage\":\"es\",\"@id\":\"https:\/\/termix.net\/blog\/es\/#\/schema\/person\/image\/\",\"url\":\"https:\/\/secure.gravatar.com\/avatar\/d89f61f6bd1c29a4acb231736d1c74b3?s=96&d=mm&r=g\",\"contentUrl\":\"https:\/\/secure.gravatar.com\/avatar\/d89f61f6bd1c29a4acb231736d1c74b3?s=96&d=mm&r=g\",\"caption\":\"TermixTeam\"},\"url\":\"https:\/\/termix.net\/blog\/es\/author\/termixteam\/\"}]}<\/script>\n<!-- \/ Yoast SEO plugin. -->","yoast_head_json":{"title":"Ven a celebrar con Termix sus 30 a\u00f1os en Cosmoprof Bolonia 2017 - Blog Termix Spain","description":"Blog Termix Spain - Ven a celebrar con Termix sus 30 a\u00f1os en Cosmoprof Bolonia 2017 -","robots":{"index":"index","follow":"follow","max-snippet":"max-snippet:-1","max-image-preview":"max-image-preview:large","max-video-preview":"max-video-preview:-1"},"canonical":"https:\/\/termix.net\/blog\/es\/celebra-termix-30-aniversario-cosmoprof-bolonia-2017\/","og_locale":"es_ES","og_type":"article","og_title":"Ven a celebrar con Termix sus 30 a\u00f1os en Cosmoprof Bolonia 2017 - Blog Termix Spain","og_description":"Blog Termix Spain - Ven a celebrar con Termix sus 30 a\u00f1os en Cosmoprof Bolonia 2017 -","og_url":"https:\/\/termix.net\/blog\/es\/celebra-termix-30-aniversario-cosmoprof-bolonia-2017\/","og_site_name":"Blog Termix Spain","article_published_time":"2017-02-14T07:37:59+00:00","article_modified_time":"2019-12-16T11:25:35+00:00","og_image":[{"width":2032,"height":1257,"url":"https:\/\/termix.net\/blog\/wp-content\/uploads\/2017\/02\/Termix-vuelve-a-la-feria-Cosmoprof-2017.jpg","type":"image\/jpeg"}],"author":"TermixTeam","twitter_card":"summary_large_image","twitter_misc":{"Escrito por":"TermixTeam","Tiempo de lectura":"7 minutos"},"schema":{"@context":"https:\/\/schema.org","@graph":[{"@type":"Article","@id":"https:\/\/termix.net\/blog\/es\/celebra-termix-30-aniversario-cosmoprof-bolonia-2017\/#article","isPartOf":{"@id":"https:\/\/termix.net\/blog\/es\/celebra-termix-30-aniversario-cosmoprof-bolonia-2017\/"},"author":{"name":"TermixTeam","@id":"https:\/\/termix.net\/blog\/es\/#\/schema\/person\/9096c98bdf03c8ddf91ad7172f254f40"},"headline":"Ven a celebrar con Termix sus 30 a\u00f1os en Cosmoprof Bolonia 2017","datePublished":"2017-02-14T07:37:59+00:00","dateModified":"2019-12-16T11:25:35+00:00","mainEntityOfPage":{"@id":"https:\/\/termix.net\/blog\/es\/celebra-termix-30-aniversario-cosmoprof-bolonia-2017\/"},"wordCount":1463,"commentCount":0,"publisher":{"@id":"https:\/\/termix.net\/blog\/es\/#organization"},"articleSection":["NOTICIAS"],"inLanguage":"es","potentialAction":[{"@type":"CommentAction","name":"Comment","target":["https:\/\/termix.net\/blog\/es\/celebra-termix-30-aniversario-cosmoprof-bolonia-2017\/#respond"]}]},{"@type":"WebPage","@id":"https:\/\/termix.net\/blog\/es\/celebra-termix-30-aniversario-cosmoprof-bolonia-2017\/","url":"https:\/\/termix.net\/blog\/es\/celebra-termix-30-aniversario-cosmoprof-bolonia-2017\/","name":"Ven a celebrar con Termix sus 30 a\u00f1os en Cosmoprof Bolonia 2017 - Blog Termix Spain","isPartOf":{"@id":"https:\/\/termix.net\/blog\/es\/#website"},"datePublished":"2017-02-14T07:37:59+00:00","dateModified":"2019-12-16T11:25:35+00:00","description":"Blog Termix Spain - Ven a celebrar con Termix sus 30 a\u00f1os en Cosmoprof Bolonia 2017 -","breadcrumb":{"@id":"https:\/\/termix.net\/blog\/es\/celebra-termix-30-aniversario-cosmoprof-bolonia-2017\/#breadcrumb"},"inLanguage":"es","potentialAction":[{"@type":"ReadAction","target":["https:\/\/termix.net\/blog\/es\/celebra-termix-30-aniversario-cosmoprof-bolonia-2017\/"]}]},{"@type":"BreadcrumbList","@id":"https:\/\/termix.net\/blog\/es\/celebra-termix-30-aniversario-cosmoprof-bolonia-2017\/#breadcrumb","itemListElement":[{"@type":"ListItem","position":1,"name":"Home","item":"https:\/\/termix.net\/blog\/es\/"},{"@type":"ListItem","position":2,"name":"Ven a celebrar con Termix sus 30 a\u00f1os en Cosmoprof Bolonia 2017"}]},{"@type":"WebSite","@id":"https:\/\/termix.net\/blog\/es\/#website","url":"https:\/\/termix.net\/blog\/es\/","name":"Blog Termix Spain","description":"Blog de tendencias y productos de peluquer\u00eda profesional.","publisher":{"@id":"https:\/\/termix.net\/blog\/es\/#organization"},"potentialAction":[{"@type":"SearchAction","target":{"@type":"EntryPoint","urlTemplate":"https:\/\/termix.net\/blog\/es\/?s={search_term_string}"},"query-input":"required name=search_term_string"}],"inLanguage":"es"},{"@type":"Organization","@id":"https:\/\/termix.net\/blog\/es\/#organization","name":"Dols Industrial de Peluquer\u00eda SA","url":"https:\/\/termix.net\/blog\/es\/","logo":{"@type":"ImageObject","inLanguage":"es","@id":"https:\/\/termix.net\/blog\/es\/#\/schema\/logo\/image\/","url":"https:\/\/termix.net\/blog\/wp-content\/uploads\/2020\/10\/OGbDAeng.jpeg","contentUrl":"https:\/\/termix.net\/blog\/wp-content\/uploads\/2020\/10\/OGbDAeng.jpeg","width":800,"height":800,"caption":"Dols Industrial de Peluquer\u00eda SA"},"image":{"@id":"https:\/\/termix.net\/blog\/es\/#\/schema\/logo\/image\/"}},{"@type":"Person","@id":"https:\/\/termix.net\/blog\/es\/#\/schema\/person\/9096c98bdf03c8ddf91ad7172f254f40","name":"TermixTeam","image":{"@type":"ImageObject","inLanguage":"es","@id":"https:\/\/termix.net\/blog\/es\/#\/schema\/person\/image\/","url":"https:\/\/secure.gravatar.com\/avatar\/d89f61f6bd1c29a4acb231736d1c74b3?s=96&d=mm&r=g","contentUrl":"https:\/\/secure.gravatar.com\/avatar\/d89f61f6bd1c29a4acb231736d1c74b3?s=96&d=mm&r=g","caption":"TermixTeam"},"url":"https:\/\/termix.net\/blog\/es\/author\/termixteam\/"}]}},"_links":{"self":[{"href":"https:\/\/termix.net\/blog\/es\/wp-json\/wp\/v2\/posts\/8845"}],"collection":[{"href":"https:\/\/termix.net\/blog\/es\/wp-json\/wp\/v2\/posts"}],"about":[{"href":"https:\/\/termix.net\/blog\/es\/wp-json\/wp\/v2\/types\/post"}],"author":[{"embeddable":true,"href":"https:\/\/termix.net\/blog\/es\/wp-json\/wp\/v2\/users\/2"}],"replies":[{"embeddable":true,"href":"https:\/\/termix.net\/blog\/es\/wp-json\/wp\/v2\/comments?post=8845"}],"version-history":[{"count":3,"href":"https:\/\/termix.net\/blog\/es\/wp-json\/wp\/v2\/posts\/8845\/revisions"}],"predecessor-version":[{"id":23038,"href":"https:\/\/termix.net\/blog\/es\/wp-json\/wp\/v2\/posts\/8845\/revisions\/23038"}],"wp:featuredmedia":[{"embeddable":true,"href":"https:\/\/termix.net\/blog\/es\/wp-json\/wp\/v2\/media\/23035"}],"wp:attachment":[{"href":"https:\/\/termix.net\/blog\/es\/wp-json\/wp\/v2\/media?parent=8845"}],"wp:term":[{"taxonomy":"category","embeddable":true,"href":"https:\/\/termix.net\/blog\/es\/wp-json\/wp\/v2\/categories?post=8845"},{"taxonomy":"post_tag","embeddable":true,"href":"https:\/\/termix.net\/blog\/es\/wp-json\/wp\/v2\/tags?post=8845"}],"curies":[{"name":"wp","href":"https:\/\/api.w.org\/{rel}","templated":true}]}}