{"id":8788,"date":"2017-02-16T07:08:00","date_gmt":"2017-02-16T07:08:00","guid":{"rendered":"http:\/\/termix.net\/?p=8788"},"modified":"2019-12-12T09:24:31","modified_gmt":"2019-12-12T08:24:31","slug":"terciopelo-conquista-la-nueva-plancha-pelo-termix","status":"publish","type":"post","link":"https:\/\/termix.net\/blog\/es\/terciopelo-conquista-la-nueva-plancha-pelo-termix\/","title":{"rendered":"El terciopelo conquista la nueva plancha de pelo de Termix"},"content":{"rendered":"<p><div class=\"fusion-fullwidth fullwidth-box fusion-builder-row-1 faded-background fusion-parallax-none nonhundred-percent-fullwidth non-hundred-percent-height-scrolling fusion-no-small-visibility fusion-no-medium-visibility\" style=\"--awb-border-radius-top-left:0px;--awb-border-radius-top-right:0px;--awb-border-radius-bottom-right:0px;--awb-border-radius-bottom-left:0px;--awb-padding-top:24%;--awb-padding-right:3%;--awb-padding-left:3%;--awb-background-size:cover;\" ><div class=\"fullwidth-faded\" style=\"--awb-background-color:#181818;--awb-background-image:url(https:\/\/termix.net\/blog\/wp-content\/uploads\/2017\/02\/Prendas-de-terciopelo-la-nueva-moda-2.jpg);--awb-background-size:cover;\" ><\/div><div class=\"fusion-builder-row fusion-row\"><div class=\"fusion-layout-column fusion_builder_column fusion-builder-column-0 fusion_builder_column_1_1 1_1 fusion-one-full fusion-column-first fusion-column-last\" style=\"--awb-padding-top:6%;--awb-padding-right:8%;--awb-padding-bottom:6%;--awb-padding-left:8%;--awb-bg-color:rgba(255,255,255,0.7);--awb-bg-size:cover;--awb-margin-top:0px;--awb-margin-bottom:0px;\"><div class=\"fusion-column-wrapper fusion-column-has-shadow fusion-flex-column-wrapper-legacy\"><div class=\"fusion-text fusion-text-1 caption\"><p style=\"text-align: center;\">Tendencias \u2014 3 min de lectura<\/p>\n<\/div><div class=\"fusion-title title fusion-title-1 fusion-sep-none fusion-title-center fusion-title-text fusion-title-size-two\" style=\"--awb-margin-top:30px;--awb-margin-bottom:20px;\"><h2 class=\"title-heading-center fusion-responsive-typography-calculated\" style=\"margin:0;--fontSize:50;line-height:1.28;\">El terciopelo conquista la nueva plancha de pelo de Termix<\/h2><\/div><div class=\"fusion-clearfix\"><\/div><\/div><\/div><\/div><\/div><div class=\"fusion-fullwidth fullwidth-box fusion-builder-row-2 fusion-parallax-none nonhundred-percent-fullwidth non-hundred-percent-height-scrolling fusion-no-large-visibility\" style=\"--awb-border-radius-top-left:0px;--awb-border-radius-top-right:0px;--awb-border-radius-bottom-right:0px;--awb-border-radius-bottom-left:0px;--awb-background-image:url(&quot;https:\/\/termix.net\/blog\/wp-content\/uploads\/2019\/11\/con-el-secador-compacto-profesioanl-4300-de-termix-damos-volumen-al-cabello-1.jpg&quot;);--awb-background-size:cover;\" ><div class=\"fusion-builder-row fusion-row\"><div class=\"fusion-layout-column fusion_builder_column fusion-builder-column-1 fusion_builder_column_1_1 1_1 fusion-one-full fusion-column-first fusion-column-last fusion-column-inner-bg-wrapper\" style=\"--awb-padding-top:10%;--awb-padding-bottom:10%;--awb-inner-bg-image:url(&#039;http:\/\/termix.net\/blog\/wp-content\/uploads\/2019\/03\/single-blog-post-feat.jpg&#039;);--awb-inner-bg-position:center center;--awb-inner-bg-size:cover;\"><span class=\"fusion-column-inner-bg hover-type-zoomout\"><span class=\"fusion-column-anchor\"><span class=\"fusion-column-inner-bg-image\"><\/span><\/span><\/span><div class=\"fusion-column-wrapper fusion-flex-column-wrapper-legacy\" data-bg-url=\"http:\/\/termix.net\/blog\/wp-content\/uploads\/2019\/03\/single-blog-post-feat.jpg\"><div class=\"fusion-sep-clear\"><\/div><div class=\"fusion-separator fusion-no-large-visibility fusion-full-width-sep\" style=\"margin-left: auto;margin-right: auto;margin-top:200px;width:100%;\"><\/div><div class=\"fusion-sep-clear\"><\/div><div class=\"fusion-clearfix\"><\/div><\/div><\/div><div class=\"fusion-layout-column fusion_builder_column fusion-builder-column-2 fusion_builder_column_1_1 1_1 fusion-one-full fusion-column-first fusion-column-last\" style=\"--awb-padding-top:6%;--awb-bg-color:#ffffff;--awb-bg-size:cover;--awb-margin-top:0px;--awb-margin-bottom:0px;\"><div class=\"fusion-column-wrapper fusion-flex-column-wrapper-legacy\"><div class=\"fusion-text fusion-text-2 caption\"><p style=\"text-align: center;\">Tendencias \u2014 3 min de lectura<\/p>\n<\/div><div class=\"fusion-title title fusion-title-2 fusion-sep-none fusion-title-center fusion-title-text fusion-title-size-two\" style=\"--awb-margin-top:30px;--awb-margin-bottom:20px;\"><h2 class=\"title-heading-center fusion-responsive-typography-calculated\" style=\"margin:0;--fontSize:50;line-height:1.28;\">El terciopelo conquista la nueva plancha de pelo de Termix<\/h2><\/div><div class=\"fusion-clearfix\"><\/div><\/div><\/div><\/div><\/div><div class=\"fusion-fullwidth fullwidth-box fusion-builder-row-3 nonhundred-percent-fullwidth non-hundred-percent-height-scrolling\" style=\"--awb-border-radius-top-left:0px;--awb-border-radius-top-right:0px;--awb-border-radius-bottom-right:0px;--awb-border-radius-bottom-left:0px;--awb-padding-top:10px;--awb-padding-bottom:4%;\" ><div class=\"fusion-builder-row fusion-row\"><div class=\"fusion-layout-column fusion_builder_column fusion-builder-column-3 fusion_builder_column_1_6 1_6 fusion-one-sixth fusion-column-first fusion-no-small-visibility fusion-no-medium-visibility\" style=\"--awb-bg-size:cover;width:16.666666666667%;width:calc(16.666666666667% - ( ( 0 ) * 0.16666666666667 ) );margin-right: 0px;\"><div class=\"fusion-column-wrapper fusion-flex-column-wrapper-legacy\"><div class=\"fusion-clearfix\"><\/div><\/div><\/div><div class=\"fusion-layout-column fusion_builder_column fusion-builder-column-4 fusion_builder_column_2_3 2_3 fusion-two-third fusion-column-last\" style=\"--awb-bg-size:cover;width:66.666666666667%;width:calc(66.666666666667% - ( ( 0 ) * 0.66666666666667 ) );\"><div class=\"fusion-column-wrapper fusion-flex-column-wrapper-legacy\"><div class=\"fusion-sep-clear\"><\/div><div class=\"fusion-separator fusion-full-width-sep\" style=\"margin-left: auto;margin-right: auto;margin-top:30px;width:100%;\"><\/div><div class=\"fusion-sep-clear\"><\/div><div class=\"fusion-text fusion-text-3\"><p style=\"text-align: center;\"><span style=\"font-size: 22px; line-height: 1.5em;\"> Si hay una tendencia en moda que se puede decir que \u201cha llegado para quedarse\u201d esa no es una prenda en concreto, sino un tejido: el terciopelo. Cuando no ha estado de moda, las prendas de terciopelo pod\u00edan llegar a parecer un poco decadentes, pero la conquista reciente en todas las pasarelas ha robado el coraz\u00f3n a los amantes de este tejido tan sofisticado. Y Termix, siempre pendiente de las tendencias, ahora presenta una nueva propuesta inspirada en este noble tejido: la plancha de pelo Black Velvet.<\/span><\/p>\n<\/div><div class=\"fusion-sep-clear\"><\/div><div class=\"fusion-separator fusion-full-width-sep\" style=\"margin-left: auto;margin-right: auto;margin-top:30px;width:100%;\"><\/div><div class=\"fusion-sep-clear\"><\/div><div class=\"fusion-text fusion-text-4\"><h3 style=\"text-align: justify;\"><img decoding=\"async\" class=\"alignnone size-full wp-image-23020\" src=\"https:\/\/termix.net\/blog\/wp-content\/uploads\/2017\/02\/La-nueva-moda-es-el-terciopelo.jpg\" alt=\"terciopelo-conquista-la-nueva-plancha-pelo-termix\" width=\"1160\" height=\"660\" srcset=\"https:\/\/termix.net\/blog\/wp-content\/uploads\/2017\/02\/La-nueva-moda-es-el-terciopelo-200x114.jpg 200w, https:\/\/termix.net\/blog\/wp-content\/uploads\/2017\/02\/La-nueva-moda-es-el-terciopelo-300x171.jpg 300w, https:\/\/termix.net\/blog\/wp-content\/uploads\/2017\/02\/La-nueva-moda-es-el-terciopelo-400x228.jpg 400w, https:\/\/termix.net\/blog\/wp-content\/uploads\/2017\/02\/La-nueva-moda-es-el-terciopelo-600x341.jpg 600w, https:\/\/termix.net\/blog\/wp-content\/uploads\/2017\/02\/La-nueva-moda-es-el-terciopelo-768x437.jpg 768w, https:\/\/termix.net\/blog\/wp-content\/uploads\/2017\/02\/La-nueva-moda-es-el-terciopelo-800x455.jpg 800w, https:\/\/termix.net\/blog\/wp-content\/uploads\/2017\/02\/La-nueva-moda-es-el-terciopelo-1024x583.jpg 1024w, https:\/\/termix.net\/blog\/wp-content\/uploads\/2017\/02\/La-nueva-moda-es-el-terciopelo.jpg 1160w\" sizes=\"(max-width: 1160px) 100vw, 1160px\" \/><\/h3>\n<h3 style=\"text-align: justify;\"><\/h3>\n<h2 style=\"text-align: justify;\"><span style=\"color: #000000;\">EL TERCIOPELO Y SUS OR\u00cdGENES<\/span><\/h2>\n<p style=\"text-align: justify;\">Es un tejido que en sus or\u00edgenes se consideraba de lujo ya que se asociaba a la nobleza y la realeza. Era muy valorado por aquellos que lo usaban ya que simbolizaba la riqueza, el poder, la exquisitez y el prestigio. <strong>Este tejido tiene su origen varios siglos atr\u00e1s en la India y se trabajaba en telares manuales.<\/strong> Hoy en d\u00eda, el proceso de fabricaci\u00f3n est\u00e1 mecanizado pero no por ello ha perdido su aspecto sofisticado tan caracter\u00edstico\u2026\u00a1y glamouroso!<\/p>\n<h2 style=\"text-align: justify;\"><span style=\"color: #000000;\">TE ACONSEJAMOS C\u00d3MO LLEVAR TU PRENDA DE TERCIOPELO<\/span><\/h2>\n<p style=\"text-align: justify;\">Como el tejido es tan noble,<strong> una de las opciones es mezclarlo con tejidos de estilo m\u00e1s casual.<\/strong> Un blazer o un top de terciopelo combinan a la perfecci\u00f3n con unos jeans, y si son un poco acampanados mucho mejor ya que el resultado es un look retro pero totalmente actualizado.<\/p>\n<p style=\"text-align: justify;\"><img decoding=\"async\" class=\"alignnone size-full wp-image-23022\" src=\"https:\/\/termix.net\/blog\/wp-content\/uploads\/2017\/02\/Prendas-de-terciopelo-la-nueva-moda-2.jpg\" alt=\"terciopelo-conquista-la-nueva-plancha-pelo-termix\" width=\"1160\" height=\"660\" srcset=\"https:\/\/termix.net\/blog\/wp-content\/uploads\/2017\/02\/Prendas-de-terciopelo-la-nueva-moda-2-200x114.jpg 200w, https:\/\/termix.net\/blog\/wp-content\/uploads\/2017\/02\/Prendas-de-terciopelo-la-nueva-moda-2-300x171.jpg 300w, https:\/\/termix.net\/blog\/wp-content\/uploads\/2017\/02\/Prendas-de-terciopelo-la-nueva-moda-2-400x228.jpg 400w, https:\/\/termix.net\/blog\/wp-content\/uploads\/2017\/02\/Prendas-de-terciopelo-la-nueva-moda-2-600x341.jpg 600w, https:\/\/termix.net\/blog\/wp-content\/uploads\/2017\/02\/Prendas-de-terciopelo-la-nueva-moda-2-768x437.jpg 768w, https:\/\/termix.net\/blog\/wp-content\/uploads\/2017\/02\/Prendas-de-terciopelo-la-nueva-moda-2-800x455.jpg 800w, https:\/\/termix.net\/blog\/wp-content\/uploads\/2017\/02\/Prendas-de-terciopelo-la-nueva-moda-2-1024x583.jpg 1024w, https:\/\/termix.net\/blog\/wp-content\/uploads\/2017\/02\/Prendas-de-terciopelo-la-nueva-moda-2.jpg 1160w\" sizes=\"(max-width: 1160px) 100vw, 1160px\" \/><\/p>\n<p style=\"text-align: justify;\">Otra opci\u00f3n es combinar un vestido <strong>estilo lencero de terciopelo con una camiseta b\u00e1sica debajo<\/strong>. Si te fijas, no has parado de ver este look en las pasarelas y funciona a la perfecci\u00f3n.<\/p>\n<h2 style=\"text-align: justify;\">\u00bfY un traje de terciopelo?<\/h2>\n<p style=\"text-align: justify;\">Si es as\u00ed, <strong>esc\u00f3gelo en un color oscuro como burdeos o azul marino y te facilitar\u00e1 el trabajo en el momento de hacer combinaciones<\/strong> de las piezas por separado. Estos tonos hacen un mix % match perfecto con camisas en tonos blancos y grises.<\/p>\n<p style=\"text-align: justify;\"><img decoding=\"async\" class=\"alignnone size-full wp-image-23024\" src=\"https:\/\/termix.net\/blog\/wp-content\/uploads\/2017\/02\/Trajes-de-terciopelo.jpg\" alt=\"terciopelo-conquista-la-nueva-plancha-pelo-termix\" width=\"1160\" height=\"660\" srcset=\"https:\/\/termix.net\/blog\/wp-content\/uploads\/2017\/02\/Trajes-de-terciopelo-200x114.jpg 200w, https:\/\/termix.net\/blog\/wp-content\/uploads\/2017\/02\/Trajes-de-terciopelo-300x171.jpg 300w, https:\/\/termix.net\/blog\/wp-content\/uploads\/2017\/02\/Trajes-de-terciopelo-400x228.jpg 400w, https:\/\/termix.net\/blog\/wp-content\/uploads\/2017\/02\/Trajes-de-terciopelo-600x341.jpg 600w, https:\/\/termix.net\/blog\/wp-content\/uploads\/2017\/02\/Trajes-de-terciopelo-768x437.jpg 768w, https:\/\/termix.net\/blog\/wp-content\/uploads\/2017\/02\/Trajes-de-terciopelo-800x455.jpg 800w, https:\/\/termix.net\/blog\/wp-content\/uploads\/2017\/02\/Trajes-de-terciopelo-1024x583.jpg 1024w, https:\/\/termix.net\/blog\/wp-content\/uploads\/2017\/02\/Trajes-de-terciopelo.jpg 1160w\" sizes=\"(max-width: 1160px) 100vw, 1160px\" \/><\/p>\n<p style=\"text-align: justify;\">Si no te gusta el terciopelo en una prenda de vestir, \u00bfpor qu\u00e9 no un accesorio? <strong>Tienes desde collares estilo ch\u00f3ker, cinturones, bolsos, calzado y, \u00a1hasta gafas!<\/strong><\/p>\n<p style=\"text-align: justify;\"><img decoding=\"async\" class=\"alignnone size-full wp-image-23026\" src=\"https:\/\/termix.net\/blog\/wp-content\/uploads\/2017\/02\/Complementos-para-un-look-de-terciopelo-1.jpg\" alt=\"terciopelo-conquista-la-nueva-plancha-pelo-termix\" width=\"1160\" height=\"660\" srcset=\"https:\/\/termix.net\/blog\/wp-content\/uploads\/2017\/02\/Complementos-para-un-look-de-terciopelo-1-200x114.jpg 200w, https:\/\/termix.net\/blog\/wp-content\/uploads\/2017\/02\/Complementos-para-un-look-de-terciopelo-1-300x171.jpg 300w, https:\/\/termix.net\/blog\/wp-content\/uploads\/2017\/02\/Complementos-para-un-look-de-terciopelo-1-400x228.jpg 400w, https:\/\/termix.net\/blog\/wp-content\/uploads\/2017\/02\/Complementos-para-un-look-de-terciopelo-1-600x341.jpg 600w, https:\/\/termix.net\/blog\/wp-content\/uploads\/2017\/02\/Complementos-para-un-look-de-terciopelo-1-768x437.jpg 768w, https:\/\/termix.net\/blog\/wp-content\/uploads\/2017\/02\/Complementos-para-un-look-de-terciopelo-1-800x455.jpg 800w, https:\/\/termix.net\/blog\/wp-content\/uploads\/2017\/02\/Complementos-para-un-look-de-terciopelo-1-1024x583.jpg 1024w, https:\/\/termix.net\/blog\/wp-content\/uploads\/2017\/02\/Complementos-para-un-look-de-terciopelo-1.jpg 1160w\" sizes=\"(max-width: 1160px) 100vw, 1160px\" \/><\/p>\n<h2 style=\"text-align: justify;\"><span style=\"color: #000000;\">TU PLANCHA DE CABELLO BLACK VELVET, TU NUEVO COMPLEMENTO PERFECTO<\/span><\/h2>\n<p style=\"text-align: justify;\">Termix est\u00e1 siempre a la vanguardia de la expresi\u00f3n, y ha recogido esta tendencia para aplicarla a uno de sus productos m\u00e1s deseados: la plancha de cabello Black Velvet. <strong>El material de la plancha tiene un acabado \u201cvelvet touch\u201d inspirado en este tejido tan noble y exquisito que sin duda se convertir\u00e1 en un objeto de deseo por su dise\u00f1o tan sofisticado<\/strong>\u2026\u00bfTe animas a probarla? Si eres una <strong>#TermixLover<\/strong> no te puedes quedar sin ella.<\/p>\n<p style=\"text-align: justify;\"><img decoding=\"async\" class=\"alignnone size-full wp-image-23028\" src=\"https:\/\/termix.net\/blog\/wp-content\/uploads\/2017\/02\/La-nueva-plancha-Black-Velvet-de-Termix-1.jpg\" alt=\"terciopelo-conquista-la-nueva-plancha-pelo-termix\" width=\"1160\" height=\"660\" srcset=\"https:\/\/termix.net\/blog\/wp-content\/uploads\/2017\/02\/La-nueva-plancha-Black-Velvet-de-Termix-1-200x114.jpg 200w, https:\/\/termix.net\/blog\/wp-content\/uploads\/2017\/02\/La-nueva-plancha-Black-Velvet-de-Termix-1-300x171.jpg 300w, https:\/\/termix.net\/blog\/wp-content\/uploads\/2017\/02\/La-nueva-plancha-Black-Velvet-de-Termix-1-400x228.jpg 400w, https:\/\/termix.net\/blog\/wp-content\/uploads\/2017\/02\/La-nueva-plancha-Black-Velvet-de-Termix-1-600x341.jpg 600w, https:\/\/termix.net\/blog\/wp-content\/uploads\/2017\/02\/La-nueva-plancha-Black-Velvet-de-Termix-1-768x437.jpg 768w, https:\/\/termix.net\/blog\/wp-content\/uploads\/2017\/02\/La-nueva-plancha-Black-Velvet-de-Termix-1-800x455.jpg 800w, https:\/\/termix.net\/blog\/wp-content\/uploads\/2017\/02\/La-nueva-plancha-Black-Velvet-de-Termix-1-1024x583.jpg 1024w, https:\/\/termix.net\/blog\/wp-content\/uploads\/2017\/02\/La-nueva-plancha-Black-Velvet-de-Termix-1.jpg 1160w\" sizes=\"(max-width: 1160px) 100vw, 1160px\" \/><\/p>\n<\/div><div class=\"fusion-clearfix\"><\/div><\/div><\/div><\/div><\/div><div class=\"fusion-fullwidth fullwidth-box fusion-builder-row-4 nonhundred-percent-fullwidth non-hundred-percent-height-scrolling\" style=\"--awb-border-radius-top-left:0px;--awb-border-radius-top-right:0px;--awb-border-radius-bottom-right:0px;--awb-border-radius-bottom-left:0px;\" ><\/div><\/p>\n","protected":false},"excerpt":{"rendered":"<p>\t\t\t\tEl terciopelo ha llegado para quedarse. La conquista reciente en todas las pasarelas ha robado el coraz\u00f3n a los amantes de este tejido tan sofisticado. Y Termix, ahora presenta una nueva propuesta inspirada en este noble tejido: la plancha de pelo Black Velvet.\t\t<\/p>\n","protected":false},"author":2,"featured_media":23022,"comment_status":"open","ping_status":"open","sticky":false,"template":"","format":"standard","meta":[],"categories":[6],"tags":[],"yoast_head":"<!-- This site is optimized with the Yoast SEO plugin v20.0 - https:\/\/yoast.com\/wordpress\/plugins\/seo\/ -->\n<title>El terciopelo conquista la nueva plancha de pelo de Termix - Blog Termix Spain<\/title>\n<meta name=\"description\" content=\"Blog Termix Spain - El terciopelo conquista la nueva plancha de pelo de Termix -\" \/>\n<meta name=\"robots\" content=\"index, follow, max-snippet:-1, max-image-preview:large, max-video-preview:-1\" \/>\n<link rel=\"canonical\" href=\"https:\/\/termix.net\/blog\/es\/terciopelo-conquista-la-nueva-plancha-pelo-termix\/\" \/>\n<meta property=\"og:locale\" content=\"es_ES\" \/>\n<meta property=\"og:type\" content=\"article\" \/>\n<meta property=\"og:title\" content=\"El terciopelo conquista la nueva plancha de pelo de Termix - Blog Termix Spain\" \/>\n<meta property=\"og:description\" content=\"Blog Termix Spain - El terciopelo conquista la nueva plancha de pelo de Termix -\" \/>\n<meta property=\"og:url\" content=\"https:\/\/termix.net\/blog\/es\/terciopelo-conquista-la-nueva-plancha-pelo-termix\/\" \/>\n<meta property=\"og:site_name\" content=\"Blog Termix Spain\" \/>\n<meta property=\"article:published_time\" content=\"2017-02-16T07:08:00+00:00\" \/>\n<meta property=\"article:modified_time\" content=\"2019-12-12T08:24:31+00:00\" \/>\n<meta property=\"og:image\" content=\"https:\/\/termix.net\/blog\/wp-content\/uploads\/2017\/02\/Prendas-de-terciopelo-la-nueva-moda-2.jpg\" \/>\n\t<meta property=\"og:image:width\" content=\"1160\" \/>\n\t<meta property=\"og:image:height\" content=\"660\" \/>\n\t<meta property=\"og:image:type\" content=\"image\/jpeg\" \/>\n<meta name=\"author\" content=\"TermixTeam\" \/>\n<meta name=\"twitter:card\" content=\"summary_large_image\" \/>\n<meta name=\"twitter:label1\" content=\"Escrito por\" \/>\n\t<meta name=\"twitter:data1\" content=\"TermixTeam\" \/>\n\t<meta name=\"twitter:label2\" content=\"Tiempo de lectura\" \/>\n\t<meta name=\"twitter:data2\" content=\"8 minutos\" \/>\n<script type=\"application\/ld+json\" class=\"yoast-schema-graph\">{\"@context\":\"https:\/\/schema.org\",\"@graph\":[{\"@type\":\"Article\",\"@id\":\"https:\/\/termix.net\/blog\/es\/terciopelo-conquista-la-nueva-plancha-pelo-termix\/#article\",\"isPartOf\":{\"@id\":\"https:\/\/termix.net\/blog\/es\/terciopelo-conquista-la-nueva-plancha-pelo-termix\/\"},\"author\":{\"name\":\"TermixTeam\",\"@id\":\"https:\/\/termix.net\/blog\/es\/#\/schema\/person\/9096c98bdf03c8ddf91ad7172f254f40\"},\"headline\":\"El terciopelo conquista la nueva plancha de pelo de Termix\",\"datePublished\":\"2017-02-16T07:08:00+00:00\",\"dateModified\":\"2019-12-12T08:24:31+00:00\",\"mainEntityOfPage\":{\"@id\":\"https:\/\/termix.net\/blog\/es\/terciopelo-conquista-la-nueva-plancha-pelo-termix\/\"},\"wordCount\":1621,\"commentCount\":0,\"publisher\":{\"@id\":\"https:\/\/termix.net\/blog\/es\/#organization\"},\"articleSection\":[\"NOTICIAS\"],\"inLanguage\":\"es\",\"potentialAction\":[{\"@type\":\"CommentAction\",\"name\":\"Comment\",\"target\":[\"https:\/\/termix.net\/blog\/es\/terciopelo-conquista-la-nueva-plancha-pelo-termix\/#respond\"]}]},{\"@type\":\"WebPage\",\"@id\":\"https:\/\/termix.net\/blog\/es\/terciopelo-conquista-la-nueva-plancha-pelo-termix\/\",\"url\":\"https:\/\/termix.net\/blog\/es\/terciopelo-conquista-la-nueva-plancha-pelo-termix\/\",\"name\":\"El terciopelo conquista la nueva plancha de pelo de Termix - Blog Termix Spain\",\"isPartOf\":{\"@id\":\"https:\/\/termix.net\/blog\/es\/#website\"},\"datePublished\":\"2017-02-16T07:08:00+00:00\",\"dateModified\":\"2019-12-12T08:24:31+00:00\",\"description\":\"Blog Termix Spain - El terciopelo conquista la nueva plancha de pelo de Termix -\",\"breadcrumb\":{\"@id\":\"https:\/\/termix.net\/blog\/es\/terciopelo-conquista-la-nueva-plancha-pelo-termix\/#breadcrumb\"},\"inLanguage\":\"es\",\"potentialAction\":[{\"@type\":\"ReadAction\",\"target\":[\"https:\/\/termix.net\/blog\/es\/terciopelo-conquista-la-nueva-plancha-pelo-termix\/\"]}]},{\"@type\":\"BreadcrumbList\",\"@id\":\"https:\/\/termix.net\/blog\/es\/terciopelo-conquista-la-nueva-plancha-pelo-termix\/#breadcrumb\",\"itemListElement\":[{\"@type\":\"ListItem\",\"position\":1,\"name\":\"Home\",\"item\":\"https:\/\/termix.net\/blog\/es\/\"},{\"@type\":\"ListItem\",\"position\":2,\"name\":\"El terciopelo conquista la nueva plancha de pelo de Termix\"}]},{\"@type\":\"WebSite\",\"@id\":\"https:\/\/termix.net\/blog\/es\/#website\",\"url\":\"https:\/\/termix.net\/blog\/es\/\",\"name\":\"Blog Termix Spain\",\"description\":\"Blog de tendencias y productos de peluquer\u00eda profesional.\",\"publisher\":{\"@id\":\"https:\/\/termix.net\/blog\/es\/#organization\"},\"potentialAction\":[{\"@type\":\"SearchAction\",\"target\":{\"@type\":\"EntryPoint\",\"urlTemplate\":\"https:\/\/termix.net\/blog\/es\/?s={search_term_string}\"},\"query-input\":\"required name=search_term_string\"}],\"inLanguage\":\"es\"},{\"@type\":\"Organization\",\"@id\":\"https:\/\/termix.net\/blog\/es\/#organization\",\"name\":\"Dols Industrial de Peluquer\u00eda SA\",\"url\":\"https:\/\/termix.net\/blog\/es\/\",\"logo\":{\"@type\":\"ImageObject\",\"inLanguage\":\"es\",\"@id\":\"https:\/\/termix.net\/blog\/es\/#\/schema\/logo\/image\/\",\"url\":\"https:\/\/termix.net\/blog\/wp-content\/uploads\/2020\/10\/OGbDAeng.jpeg\",\"contentUrl\":\"https:\/\/termix.net\/blog\/wp-content\/uploads\/2020\/10\/OGbDAeng.jpeg\",\"width\":800,\"height\":800,\"caption\":\"Dols Industrial de Peluquer\u00eda SA\"},\"image\":{\"@id\":\"https:\/\/termix.net\/blog\/es\/#\/schema\/logo\/image\/\"}},{\"@type\":\"Person\",\"@id\":\"https:\/\/termix.net\/blog\/es\/#\/schema\/person\/9096c98bdf03c8ddf91ad7172f254f40\",\"name\":\"TermixTeam\",\"image\":{\"@type\":\"ImageObject\",\"inLanguage\":\"es\",\"@id\":\"https:\/\/termix.net\/blog\/es\/#\/schema\/person\/image\/\",\"url\":\"https:\/\/secure.gravatar.com\/avatar\/d89f61f6bd1c29a4acb231736d1c74b3?s=96&d=mm&r=g\",\"contentUrl\":\"https:\/\/secure.gravatar.com\/avatar\/d89f61f6bd1c29a4acb231736d1c74b3?s=96&d=mm&r=g\",\"caption\":\"TermixTeam\"},\"url\":\"https:\/\/termix.net\/blog\/es\/author\/termixteam\/\"}]}<\/script>\n<!-- \/ Yoast SEO plugin. -->","yoast_head_json":{"title":"El terciopelo conquista la nueva plancha de pelo de Termix - Blog Termix Spain","description":"Blog Termix Spain - El terciopelo conquista la nueva plancha de pelo de Termix -","robots":{"index":"index","follow":"follow","max-snippet":"max-snippet:-1","max-image-preview":"max-image-preview:large","max-video-preview":"max-video-preview:-1"},"canonical":"https:\/\/termix.net\/blog\/es\/terciopelo-conquista-la-nueva-plancha-pelo-termix\/","og_locale":"es_ES","og_type":"article","og_title":"El terciopelo conquista la nueva plancha de pelo de Termix - Blog Termix Spain","og_description":"Blog Termix Spain - El terciopelo conquista la nueva plancha de pelo de Termix -","og_url":"https:\/\/termix.net\/blog\/es\/terciopelo-conquista-la-nueva-plancha-pelo-termix\/","og_site_name":"Blog Termix Spain","article_published_time":"2017-02-16T07:08:00+00:00","article_modified_time":"2019-12-12T08:24:31+00:00","og_image":[{"width":1160,"height":660,"url":"https:\/\/termix.net\/blog\/wp-content\/uploads\/2017\/02\/Prendas-de-terciopelo-la-nueva-moda-2.jpg","type":"image\/jpeg"}],"author":"TermixTeam","twitter_card":"summary_large_image","twitter_misc":{"Escrito por":"TermixTeam","Tiempo de lectura":"8 minutos"},"schema":{"@context":"https:\/\/schema.org","@graph":[{"@type":"Article","@id":"https:\/\/termix.net\/blog\/es\/terciopelo-conquista-la-nueva-plancha-pelo-termix\/#article","isPartOf":{"@id":"https:\/\/termix.net\/blog\/es\/terciopelo-conquista-la-nueva-plancha-pelo-termix\/"},"author":{"name":"TermixTeam","@id":"https:\/\/termix.net\/blog\/es\/#\/schema\/person\/9096c98bdf03c8ddf91ad7172f254f40"},"headline":"El terciopelo conquista la nueva plancha de pelo de Termix","datePublished":"2017-02-16T07:08:00+00:00","dateModified":"2019-12-12T08:24:31+00:00","mainEntityOfPage":{"@id":"https:\/\/termix.net\/blog\/es\/terciopelo-conquista-la-nueva-plancha-pelo-termix\/"},"wordCount":1621,"commentCount":0,"publisher":{"@id":"https:\/\/termix.net\/blog\/es\/#organization"},"articleSection":["NOTICIAS"],"inLanguage":"es","potentialAction":[{"@type":"CommentAction","name":"Comment","target":["https:\/\/termix.net\/blog\/es\/terciopelo-conquista-la-nueva-plancha-pelo-termix\/#respond"]}]},{"@type":"WebPage","@id":"https:\/\/termix.net\/blog\/es\/terciopelo-conquista-la-nueva-plancha-pelo-termix\/","url":"https:\/\/termix.net\/blog\/es\/terciopelo-conquista-la-nueva-plancha-pelo-termix\/","name":"El terciopelo conquista la nueva plancha de pelo de Termix - Blog Termix Spain","isPartOf":{"@id":"https:\/\/termix.net\/blog\/es\/#website"},"datePublished":"2017-02-16T07:08:00+00:00","dateModified":"2019-12-12T08:24:31+00:00","description":"Blog Termix Spain - El terciopelo conquista la nueva plancha de pelo de Termix -","breadcrumb":{"@id":"https:\/\/termix.net\/blog\/es\/terciopelo-conquista-la-nueva-plancha-pelo-termix\/#breadcrumb"},"inLanguage":"es","potentialAction":[{"@type":"ReadAction","target":["https:\/\/termix.net\/blog\/es\/terciopelo-conquista-la-nueva-plancha-pelo-termix\/"]}]},{"@type":"BreadcrumbList","@id":"https:\/\/termix.net\/blog\/es\/terciopelo-conquista-la-nueva-plancha-pelo-termix\/#breadcrumb","itemListElement":[{"@type":"ListItem","position":1,"name":"Home","item":"https:\/\/termix.net\/blog\/es\/"},{"@type":"ListItem","position":2,"name":"El terciopelo conquista la nueva plancha de pelo de Termix"}]},{"@type":"WebSite","@id":"https:\/\/termix.net\/blog\/es\/#website","url":"https:\/\/termix.net\/blog\/es\/","name":"Blog Termix Spain","description":"Blog de tendencias y productos de peluquer\u00eda profesional.","publisher":{"@id":"https:\/\/termix.net\/blog\/es\/#organization"},"potentialAction":[{"@type":"SearchAction","target":{"@type":"EntryPoint","urlTemplate":"https:\/\/termix.net\/blog\/es\/?s={search_term_string}"},"query-input":"required name=search_term_string"}],"inLanguage":"es"},{"@type":"Organization","@id":"https:\/\/termix.net\/blog\/es\/#organization","name":"Dols Industrial de Peluquer\u00eda SA","url":"https:\/\/termix.net\/blog\/es\/","logo":{"@type":"ImageObject","inLanguage":"es","@id":"https:\/\/termix.net\/blog\/es\/#\/schema\/logo\/image\/","url":"https:\/\/termix.net\/blog\/wp-content\/uploads\/2020\/10\/OGbDAeng.jpeg","contentUrl":"https:\/\/termix.net\/blog\/wp-content\/uploads\/2020\/10\/OGbDAeng.jpeg","width":800,"height":800,"caption":"Dols Industrial de Peluquer\u00eda SA"},"image":{"@id":"https:\/\/termix.net\/blog\/es\/#\/schema\/logo\/image\/"}},{"@type":"Person","@id":"https:\/\/termix.net\/blog\/es\/#\/schema\/person\/9096c98bdf03c8ddf91ad7172f254f40","name":"TermixTeam","image":{"@type":"ImageObject","inLanguage":"es","@id":"https:\/\/termix.net\/blog\/es\/#\/schema\/person\/image\/","url":"https:\/\/secure.gravatar.com\/avatar\/d89f61f6bd1c29a4acb231736d1c74b3?s=96&d=mm&r=g","contentUrl":"https:\/\/secure.gravatar.com\/avatar\/d89f61f6bd1c29a4acb231736d1c74b3?s=96&d=mm&r=g","caption":"TermixTeam"},"url":"https:\/\/termix.net\/blog\/es\/author\/termixteam\/"}]}},"_links":{"self":[{"href":"https:\/\/termix.net\/blog\/es\/wp-json\/wp\/v2\/posts\/8788"}],"collection":[{"href":"https:\/\/termix.net\/blog\/es\/wp-json\/wp\/v2\/posts"}],"about":[{"href":"https:\/\/termix.net\/blog\/es\/wp-json\/wp\/v2\/types\/post"}],"author":[{"embeddable":true,"href":"https:\/\/termix.net\/blog\/es\/wp-json\/wp\/v2\/users\/2"}],"replies":[{"embeddable":true,"href":"https:\/\/termix.net\/blog\/es\/wp-json\/wp\/v2\/comments?post=8788"}],"version-history":[{"count":3,"href":"https:\/\/termix.net\/blog\/es\/wp-json\/wp\/v2\/posts\/8788\/revisions"}],"predecessor-version":[{"id":23032,"href":"https:\/\/termix.net\/blog\/es\/wp-json\/wp\/v2\/posts\/8788\/revisions\/23032"}],"wp:featuredmedia":[{"embeddable":true,"href":"https:\/\/termix.net\/blog\/es\/wp-json\/wp\/v2\/media\/23022"}],"wp:attachment":[{"href":"https:\/\/termix.net\/blog\/es\/wp-json\/wp\/v2\/media?parent=8788"}],"wp:term":[{"taxonomy":"category","embeddable":true,"href":"https:\/\/termix.net\/blog\/es\/wp-json\/wp\/v2\/categories?post=8788"},{"taxonomy":"post_tag","embeddable":true,"href":"https:\/\/termix.net\/blog\/es\/wp-json\/wp\/v2\/tags?post=8788"}],"curies":[{"name":"wp","href":"https:\/\/api.w.org\/{rel}","templated":true}]}}