{"id":8746,"date":"2017-02-17T12:38:48","date_gmt":"2017-02-17T12:38:48","guid":{"rendered":"http:\/\/termix.net\/?p=8746"},"modified":"2019-12-16T12:25:27","modified_gmt":"2019-12-16T11:25:27","slug":"nueva-plancha-termix-black-velvet-unica-intuitiva-versatil","status":"publish","type":"post","link":"https:\/\/termix.net\/blog\/es\/nueva-plancha-termix-black-velvet-unica-intuitiva-versatil\/","title":{"rendered":"Nueva plancha Termix Black Velvet: \u00fanica, intuitiva y vers\u00e1til"},"content":{"rendered":"<p><div class=\"fusion-fullwidth fullwidth-box fusion-builder-row-1 faded-background fusion-parallax-none nonhundred-percent-fullwidth non-hundred-percent-height-scrolling fusion-no-small-visibility fusion-no-medium-visibility\" style=\"--awb-border-radius-top-left:0px;--awb-border-radius-top-right:0px;--awb-border-radius-bottom-right:0px;--awb-border-radius-bottom-left:0px;--awb-padding-top:24%;--awb-padding-right:3%;--awb-padding-left:3%;--awb-background-size:cover;\" ><div class=\"fullwidth-faded\" style=\"--awb-background-color:#181818;--awb-background-image:url(https:\/\/termix.net\/blog\/wp-content\/uploads\/2017\/02\/La-nueva-plancha-de-pelo-Blanck-Velvet-de-Termix-es-tendencia.jpg);--awb-background-size:cover;\" ><\/div><div class=\"fusion-builder-row fusion-row\"><div class=\"fusion-layout-column fusion_builder_column fusion-builder-column-0 fusion_builder_column_1_1 1_1 fusion-one-full fusion-column-first fusion-column-last\" style=\"--awb-padding-top:6%;--awb-padding-right:8%;--awb-padding-bottom:6%;--awb-padding-left:8%;--awb-bg-color:rgba(255,255,255,0.7);--awb-bg-size:cover;--awb-margin-top:0px;--awb-margin-bottom:0px;\"><div class=\"fusion-column-wrapper fusion-column-has-shadow fusion-flex-column-wrapper-legacy\"><div class=\"fusion-text fusion-text-1 caption\"><p style=\"text-align: center;\">Novedades \u2014 3 min de lectura<\/p>\n<\/div><div class=\"fusion-title title fusion-title-1 fusion-sep-none fusion-title-center fusion-title-text fusion-title-size-two\" style=\"--awb-margin-top:30px;--awb-margin-bottom:20px;\"><h2 class=\"title-heading-center fusion-responsive-typography-calculated\" style=\"margin:0;--fontSize:50;line-height:1.28;\">Nueva plancha Termix Black Velvet: \u00fanica, intuitiva y vers\u00e1til<\/h2><\/div><div class=\"fusion-clearfix\"><\/div><\/div><\/div><\/div><\/div><div class=\"fusion-fullwidth fullwidth-box fusion-builder-row-2 fusion-parallax-none nonhundred-percent-fullwidth non-hundred-percent-height-scrolling fusion-no-large-visibility\" style=\"--awb-border-radius-top-left:0px;--awb-border-radius-top-right:0px;--awb-border-radius-bottom-right:0px;--awb-border-radius-bottom-left:0px;--awb-background-image:url(&quot;https:\/\/termix.net\/blog\/wp-content\/uploads\/2019\/11\/con-el-secador-compacto-profesioanl-4300-de-termix-damos-volumen-al-cabello-1.jpg&quot;);--awb-background-size:cover;\" ><div class=\"fusion-builder-row fusion-row\"><div class=\"fusion-layout-column fusion_builder_column fusion-builder-column-1 fusion_builder_column_1_1 1_1 fusion-one-full fusion-column-first fusion-column-last fusion-column-inner-bg-wrapper\" style=\"--awb-padding-top:10%;--awb-padding-bottom:10%;--awb-inner-bg-image:url(&#039;http:\/\/termix.net\/blog\/wp-content\/uploads\/2019\/03\/single-blog-post-feat.jpg&#039;);--awb-inner-bg-position:center center;--awb-inner-bg-size:cover;\"><span class=\"fusion-column-inner-bg hover-type-zoomout\"><span class=\"fusion-column-anchor\"><span class=\"fusion-column-inner-bg-image\"><\/span><\/span><\/span><div class=\"fusion-column-wrapper fusion-flex-column-wrapper-legacy\" data-bg-url=\"http:\/\/termix.net\/blog\/wp-content\/uploads\/2019\/03\/single-blog-post-feat.jpg\"><div class=\"fusion-sep-clear\"><\/div><div class=\"fusion-separator fusion-no-large-visibility fusion-full-width-sep\" style=\"margin-left: auto;margin-right: auto;margin-top:200px;width:100%;\"><\/div><div class=\"fusion-sep-clear\"><\/div><div class=\"fusion-clearfix\"><\/div><\/div><\/div><div class=\"fusion-layout-column fusion_builder_column fusion-builder-column-2 fusion_builder_column_1_1 1_1 fusion-one-full fusion-column-first fusion-column-last\" style=\"--awb-padding-top:6%;--awb-bg-color:#ffffff;--awb-bg-size:cover;--awb-margin-top:0px;--awb-margin-bottom:0px;\"><div class=\"fusion-column-wrapper fusion-flex-column-wrapper-legacy\"><div class=\"fusion-text fusion-text-2 caption\"><p style=\"text-align: center;\">Novedades \u2014 3 min de lectura<\/p>\n<\/div><div class=\"fusion-title title fusion-title-2 fusion-sep-none fusion-title-center fusion-title-text fusion-title-size-two\" style=\"--awb-margin-top:30px;--awb-margin-bottom:20px;\"><h2 class=\"title-heading-center fusion-responsive-typography-calculated\" style=\"margin:0;--fontSize:50;line-height:1.28;\">Nueva plancha Termix Black Velvet: \u00fanica, intuitiva y vers\u00e1til<\/h2><\/div><div class=\"fusion-clearfix\"><\/div><\/div><\/div><\/div><\/div><div class=\"fusion-fullwidth fullwidth-box fusion-builder-row-3 nonhundred-percent-fullwidth non-hundred-percent-height-scrolling\" style=\"--awb-border-radius-top-left:0px;--awb-border-radius-top-right:0px;--awb-border-radius-bottom-right:0px;--awb-border-radius-bottom-left:0px;--awb-padding-top:10px;--awb-padding-bottom:4%;\" ><div class=\"fusion-builder-row fusion-row\"><div class=\"fusion-layout-column fusion_builder_column fusion-builder-column-3 fusion_builder_column_1_6 1_6 fusion-one-sixth fusion-column-first fusion-no-small-visibility fusion-no-medium-visibility\" style=\"--awb-bg-size:cover;width:16.666666666667%;width:calc(16.666666666667% - ( ( 0 ) * 0.16666666666667 ) );margin-right: 0px;\"><div class=\"fusion-column-wrapper fusion-flex-column-wrapper-legacy\"><div class=\"fusion-clearfix\"><\/div><\/div><\/div><div class=\"fusion-layout-column fusion_builder_column fusion-builder-column-4 fusion_builder_column_2_3 2_3 fusion-two-third fusion-column-last\" style=\"--awb-bg-size:cover;width:66.666666666667%;width:calc(66.666666666667% - ( ( 0 ) * 0.66666666666667 ) );\"><div class=\"fusion-column-wrapper fusion-flex-column-wrapper-legacy\"><div class=\"fusion-sep-clear\"><\/div><div class=\"fusion-separator fusion-full-width-sep\" style=\"margin-left: auto;margin-right: auto;margin-top:30px;width:100%;\"><\/div><div class=\"fusion-sep-clear\"><\/div><div class=\"fusion-text fusion-text-3\"><p style=\"text-align: center;\"><span style=\"font-size: 22px; line-height: 1.5em;\"> Con el af\u00e1n de innovar siempre pensando en el cuidado del cabello, Termix lanza una nueva plancha fruto de la tecnolog\u00eda m\u00e1s innovadora con un dise\u00f1o muy sofisticado. La plancha de pelo Black Velvet llega en un momento perfecto coincidiendo con la celebraci\u00f3n del 30 aniversario de la compa\u00f1\u00eda, representando los valores de Termix: innovaci\u00f3n, versatilidad y cuidado del cabello.<\/span><\/p>\n<\/div><div class=\"fusion-sep-clear\"><\/div><div class=\"fusion-separator fusion-full-width-sep\" style=\"margin-left: auto;margin-right: auto;margin-top:30px;width:100%;\"><\/div><div class=\"fusion-sep-clear\"><\/div><div class=\"fusion-text fusion-text-4\"><p style=\"text-align: justify;\">La <strong>plancha de pelo<\/strong> Black Velvet <strong>es perfecta para todo tipo de cabello ya que es posible adaptar la temperatura a cada tipo.<\/strong> Muy f\u00e1cil de utilizar e intuitiva. El dise\u00f1o de la plancha con un acabado innovador tacto efecto terciopelo proporciona un mayor confort en el uso.<\/p>\n<p style=\"text-align: justify;\"><strong>Las placas son m\u00e1s anchas, se deslizan mejor consiguiendo un resultado profesional de forma r\u00e1pida.<\/strong> Sin olvidar el cuidado del cabello gracias a su tecnolog\u00eda i\u00f3nica y de infrarrojos.<\/p>\n<p><img decoding=\"async\" class=\"alignnone size-full wp-image-22506\" src=\"https:\/\/termix.net\/blog\/wp-content\/uploads\/2017\/06\/termixchallenge2.jpg\" alt=\"\" width=\"800\" height=\"462\" srcset=\"https:\/\/termix.net\/blog\/wp-content\/uploads\/2017\/06\/termixchallenge2-200x116.jpg 200w, https:\/\/termix.net\/blog\/wp-content\/uploads\/2017\/06\/termixchallenge2-300x173.jpg 300w, https:\/\/termix.net\/blog\/wp-content\/uploads\/2017\/06\/termixchallenge2-400x231.jpg 400w, https:\/\/termix.net\/blog\/wp-content\/uploads\/2017\/06\/termixchallenge2-600x347.jpg 600w, https:\/\/termix.net\/blog\/wp-content\/uploads\/2017\/06\/termixchallenge2-768x444.jpg 768w, https:\/\/termix.net\/blog\/wp-content\/uploads\/2017\/06\/termixchallenge2.jpg 800w\" sizes=\"(max-width: 800px) 100vw, 800px\" \/><\/p>\n<h2 style=\"text-align: justify;\">Las <strong>caracter\u00edsticas destacables<\/strong> de la nueva plancha Black Velvet son:<\/h2>\n<p style=\"text-align: justify;\"><strong>TACTO VELVET. <\/strong>recubrimiento efecto terciopelo antideslizante pensado para un m\u00e1ximo confort, precisi\u00f3n y control absoluto en su uso, convirti\u00e9ndola en una plancha altamente intuitiva.<\/p>\n<p style=\"text-align: justify;\"><strong>PLACAS PERFECTGLIDE.<\/strong>\u00a0placas 100% de cer\u00e1mica y turmalina basculantes de 32mm de ancho que se deslizan 3 veces mejor para conseguir peinados r\u00e1pidos con menos pasadas.<\/p>\n<p style=\"text-align: justify;\"><strong>TEMPERATURA ULTRA-INTELIGENTE. <\/strong>el control constante de la temperatura ha sido mejorado al implantar un avanzado sistema LED. El regulador est\u00e1 controlado por PCB (Printed Circuit Board) de manera independiente, pudiendo as\u00ed ajustar y controlar la temperatura de la plancha desde los 130\u00ba hasta los 230\u00ba para un protecci\u00f3n excelente de la salud del cabello.<\/p>\n<p style=\"text-align: justify;\"><strong>SISTEMA INTEGRADO DE CALENTAMIENTO. <\/strong>con Cer\u00e1mica (ICHS): este patentado sistema de recuperaci\u00f3n instant\u00e1nea del calor en las placas cer\u00e1micas consigue que la temperatura se conserve y se reparta de manera uniforme, mejorando la duraci\u00f3n y calidad del peinado.<\/p>\n<p style=\"text-align: justify;\"><strong>TECNOLOG\u00cdA I\u00d3NICA.<\/strong>\u00a0El control de los iones ayuda a evitar el encrespamiento, lucir un cabello suave y de aspecto saludable, as\u00ed como para lograr un brillo duradero.<\/p>\n<p style=\"text-align: justify;\"><strong>SISTEMA DE INFRARROJOS. <\/strong>su tecnolog\u00eda de rayos infrarrojos le permite tener una mayor capacidad de trabajo consiguiendo as\u00ed mejores y m\u00e1s r\u00e1pidos resultados, as\u00ed como un cabello m\u00e1s saludable.<\/p>\n<p style=\"text-align: justify;\"><strong>NANOTECNOLOG\u00cdA.<\/strong> dispone de Nano Titanio (NanoTi), Nano Oxido de Titanio (Nano TiO.) y Nano Plata (NanoAg) para disminuir la acumulacion de residuos en el cabello y conseguir un efecto purificante y desinfectante en el cabello.<\/p>\n<p style=\"text-align: justify;\"><strong>APAGADO AUTOM\u00c1TICO Y CALENTAMIENTO R\u00c1PIDO.<\/strong> a los 60 minutos de inactividad se apaga autom\u00e1ticamente para evitar un consumo de energ\u00eda innecesario. El tiempo necesario para alcanzar nuevamente la temperatura indicada en la pantalla LED es de 15 segundos una vez se pulse el bot\u00f3n ON.<\/p>\n<p style=\"text-align: justify;\"><strong>KIT COMPLETO.<\/strong> incluye un neceser termo resistente y un protector de placas.<\/p>\n<h2 style=\"text-align: justify;\"><span style=\"color: #000000;\">REJUVENECE EL CABELLO Y POTENCIA EL BRILLO\u00a0<\/span><\/h2>\n<p style=\"text-align: justify;\"><img decoding=\"async\" class=\"alignnone size-full wp-image-22994\" src=\"https:\/\/termix.net\/blog\/wp-content\/uploads\/2017\/02\/La-nueva-plancha-de-pelo-Black-Velvet-de-Termix-rejuvenece-el-cabello-y-potencia-el-brillo.jpg\" alt=\"ueva-plancha-termix-black-velvet-unica-intuitiva-versatil\" width=\"800\" height=\"294\" srcset=\"https:\/\/termix.net\/blog\/wp-content\/uploads\/2017\/02\/La-nueva-plancha-de-pelo-Black-Velvet-de-Termix-rejuvenece-el-cabello-y-potencia-el-brillo-200x74.jpg 200w, https:\/\/termix.net\/blog\/wp-content\/uploads\/2017\/02\/La-nueva-plancha-de-pelo-Black-Velvet-de-Termix-rejuvenece-el-cabello-y-potencia-el-brillo-300x110.jpg 300w, https:\/\/termix.net\/blog\/wp-content\/uploads\/2017\/02\/La-nueva-plancha-de-pelo-Black-Velvet-de-Termix-rejuvenece-el-cabello-y-potencia-el-brillo-400x147.jpg 400w, https:\/\/termix.net\/blog\/wp-content\/uploads\/2017\/02\/La-nueva-plancha-de-pelo-Black-Velvet-de-Termix-rejuvenece-el-cabello-y-potencia-el-brillo-600x221.jpg 600w, https:\/\/termix.net\/blog\/wp-content\/uploads\/2017\/02\/La-nueva-plancha-de-pelo-Black-Velvet-de-Termix-rejuvenece-el-cabello-y-potencia-el-brillo-768x282.jpg 768w, https:\/\/termix.net\/blog\/wp-content\/uploads\/2017\/02\/La-nueva-plancha-de-pelo-Black-Velvet-de-Termix-rejuvenece-el-cabello-y-potencia-el-brillo.jpg 800w\" sizes=\"(max-width: 800px) 100vw, 800px\" \/><\/p>\n<p style=\"text-align: justify;\">El uso de una temperatura extrema puede causar porosidad y deshidrataci\u00f3n del cabello, lo que se traduce en un cabello quebradizo y sin brillo.<\/p>\n<p style=\"text-align: justify;\">La plancha Black Velvet utiliza una <strong>tecnolog\u00eda pionera en el mercado e incorpora un regulador inteligente del calor para adaptar la temperatura \u00f3ptima a cada tipo de cabello<\/strong>. As\u00ed se consigue un cabello sano, con la cut\u00edcula sellada, que refleja la luz y potencia el brillo.<\/p>\n<h2><span style=\"color: #000000;\">DE LA PASARELA A TERMIX: EL TERCIOPELO COMO TEJIDO DE TENDENCIA<\/span><\/h2>\n<p><img decoding=\"async\" class=\"alignnone size-full wp-image-22998\" src=\"https:\/\/termix.net\/blog\/wp-content\/uploads\/2017\/02\/Adapta-la-temperatura-de-la-nueva-plancha-Black-Velvet.jpg\" alt=\"\" width=\"800\" height=\"495\" srcset=\"https:\/\/termix.net\/blog\/wp-content\/uploads\/2017\/02\/Adapta-la-temperatura-de-la-nueva-plancha-Black-Velvet-200x124.jpg 200w, https:\/\/termix.net\/blog\/wp-content\/uploads\/2017\/02\/Adapta-la-temperatura-de-la-nueva-plancha-Black-Velvet-300x186.jpg 300w, https:\/\/termix.net\/blog\/wp-content\/uploads\/2017\/02\/Adapta-la-temperatura-de-la-nueva-plancha-Black-Velvet-400x248.jpg 400w, https:\/\/termix.net\/blog\/wp-content\/uploads\/2017\/02\/Adapta-la-temperatura-de-la-nueva-plancha-Black-Velvet-600x371.jpg 600w, https:\/\/termix.net\/blog\/wp-content\/uploads\/2017\/02\/Adapta-la-temperatura-de-la-nueva-plancha-Black-Velvet-768x475.jpg 768w, https:\/\/termix.net\/blog\/wp-content\/uploads\/2017\/02\/Adapta-la-temperatura-de-la-nueva-plancha-Black-Velvet.jpg 800w\" sizes=\"(max-width: 800px) 100vw, 800px\" \/><\/p>\n<p style=\"text-align: justify;\"><strong>El terciopelo se ha impuesto como el tejido de tendencia para este a\u00f1o.<\/strong> Apodado como el new luxury en moda es perfecto tanto para looks de d\u00eda, como de noche, para ir a la oficina, aplicado en accesorios\u2026 El revestimiento de la nueva plancha Black Velvet est\u00e1 inspirado en este tejido tan de moda cuyas caracter\u00edsticas son la suavidad y que aporta un aspecto muy sofisticado.<\/p>\n<h2 style=\"text-align: justify;\"><span style=\"color: #000000;\">LOS 5 POR QU\u00c9 DE TENER LA NUEVA PLANCHA de pelo BLACK VELVET<\/span><\/h2>\n<p style=\"text-align: justify;\">1) Porque <strong>protege<\/strong> el cabello de una forma \u00f3ptima gracias a su regulador de temperatura.<\/p>\n<p style=\"text-align: justify;\">2) Porque es muy <strong>intuitiva y pr\u00e1ctica,<\/strong> con un acabado tacto terciopelo antideslizante.<\/p>\n<p style=\"text-align: justify;\">3) Porque permite realizar <strong>peinados duraderos<\/strong> con un acabado muy sedoso.<\/p>\n<p style=\"text-align: justify;\">4) Porque aporta un <strong>plus de brillo y elimina el encrespamiento<\/strong>.<\/p>\n<p style=\"text-align: justify;\">5) Porque es <strong>ultra-r\u00e1pida e inteligente<\/strong>, alcanzando la temperatura deseada en tan solo 15 segundos.<\/p>\n<\/div><div class=\"fusion-clearfix\"><\/div><\/div><\/div><\/div><\/div><div class=\"fusion-fullwidth fullwidth-box fusion-builder-row-4 nonhundred-percent-fullwidth non-hundred-percent-height-scrolling\" style=\"--awb-border-radius-top-left:0px;--awb-border-radius-top-right:0px;--awb-border-radius-bottom-right:0px;--awb-border-radius-bottom-left:0px;\" ><\/div><\/p>\n","protected":false},"excerpt":{"rendered":"<p>\t\t\t\tTermix lanza una nueva plancha fruto de la tecnolog\u00eda m\u00e1s innovadora con un dise\u00f1o muy sofisticado. La plancha Black Velvet llega en un momento perfecto coincidiendo con la celebraci\u00f3n del 30 aniversario de la compa\u00f1\u00eda, representando los valores de Termix: innovaci\u00f3n, versatilidad y cuidado del cabello.\t\t<\/p>\n","protected":false},"author":2,"featured_media":22996,"comment_status":"open","ping_status":"open","sticky":false,"template":"","format":"standard","meta":[],"categories":[6],"tags":[43],"yoast_head":"<!-- This site is optimized with the Yoast SEO plugin v20.0 - https:\/\/yoast.com\/wordpress\/plugins\/seo\/ -->\n<title>Caracter\u00edsticas la plancha de pelo Black Velvet - Termix profesional<\/title>\n<meta name=\"description\" content=\"Caracter\u00edsticas de la nueva plancha de pelo Black Velvet de Termix, planchas de pelo de calidad, productos de peluquer\u00eda profesional\" \/>\n<meta name=\"robots\" content=\"index, follow, max-snippet:-1, max-image-preview:large, max-video-preview:-1\" \/>\n<link rel=\"canonical\" href=\"https:\/\/termix.net\/blog\/es\/nueva-plancha-termix-black-velvet-unica-intuitiva-versatil\/\" \/>\n<meta property=\"og:locale\" content=\"es_ES\" \/>\n<meta property=\"og:type\" content=\"article\" \/>\n<meta property=\"og:title\" content=\"Caracter\u00edsticas la plancha de pelo Black Velvet - Termix profesional\" \/>\n<meta property=\"og:description\" content=\"Caracter\u00edsticas de la nueva plancha de pelo Black Velvet de Termix, planchas de pelo de calidad, productos de peluquer\u00eda profesional\" \/>\n<meta property=\"og:url\" content=\"https:\/\/termix.net\/blog\/es\/nueva-plancha-termix-black-velvet-unica-intuitiva-versatil\/\" \/>\n<meta property=\"og:site_name\" content=\"Blog Termix Spain\" \/>\n<meta property=\"article:published_time\" content=\"2017-02-17T12:38:48+00:00\" \/>\n<meta property=\"article:modified_time\" content=\"2019-12-16T11:25:27+00:00\" \/>\n<meta property=\"og:image\" content=\"https:\/\/termix.net\/blog\/wp-content\/uploads\/2017\/02\/La-nueva-plancha-de-pelo-Blanck-Velvet-de-Termix-es-tendencia.jpg\" \/>\n\t<meta property=\"og:image:width\" content=\"800\" \/>\n\t<meta property=\"og:image:height\" content=\"495\" \/>\n\t<meta property=\"og:image:type\" content=\"image\/jpeg\" \/>\n<meta name=\"author\" content=\"TermixTeam\" \/>\n<meta name=\"twitter:card\" content=\"summary_large_image\" \/>\n<meta name=\"twitter:label1\" content=\"Escrito por\" \/>\n\t<meta name=\"twitter:data1\" content=\"TermixTeam\" \/>\n\t<meta name=\"twitter:label2\" content=\"Tiempo de lectura\" \/>\n\t<meta name=\"twitter:data2\" content=\"9 minutos\" \/>\n<script type=\"application\/ld+json\" class=\"yoast-schema-graph\">{\"@context\":\"https:\/\/schema.org\",\"@graph\":[{\"@type\":\"Article\",\"@id\":\"https:\/\/termix.net\/blog\/es\/nueva-plancha-termix-black-velvet-unica-intuitiva-versatil\/#article\",\"isPartOf\":{\"@id\":\"https:\/\/termix.net\/blog\/es\/nueva-plancha-termix-black-velvet-unica-intuitiva-versatil\/\"},\"author\":{\"name\":\"TermixTeam\",\"@id\":\"https:\/\/termix.net\/blog\/es\/#\/schema\/person\/9096c98bdf03c8ddf91ad7172f254f40\"},\"headline\":\"Nueva plancha Termix Black Velvet: \u00fanica, intuitiva y vers\u00e1til\",\"datePublished\":\"2017-02-17T12:38:48+00:00\",\"dateModified\":\"2019-12-16T11:25:27+00:00\",\"mainEntityOfPage\":{\"@id\":\"https:\/\/termix.net\/blog\/es\/nueva-plancha-termix-black-velvet-unica-intuitiva-versatil\/\"},\"wordCount\":1877,\"commentCount\":14,\"publisher\":{\"@id\":\"https:\/\/termix.net\/blog\/es\/#organization\"},\"keywords\":[\"Planchas de Pelo\"],\"articleSection\":[\"NOTICIAS\"],\"inLanguage\":\"es\",\"potentialAction\":[{\"@type\":\"CommentAction\",\"name\":\"Comment\",\"target\":[\"https:\/\/termix.net\/blog\/es\/nueva-plancha-termix-black-velvet-unica-intuitiva-versatil\/#respond\"]}]},{\"@type\":\"WebPage\",\"@id\":\"https:\/\/termix.net\/blog\/es\/nueva-plancha-termix-black-velvet-unica-intuitiva-versatil\/\",\"url\":\"https:\/\/termix.net\/blog\/es\/nueva-plancha-termix-black-velvet-unica-intuitiva-versatil\/\",\"name\":\"Caracter\u00edsticas la plancha de pelo Black Velvet - Termix profesional\",\"isPartOf\":{\"@id\":\"https:\/\/termix.net\/blog\/es\/#website\"},\"datePublished\":\"2017-02-17T12:38:48+00:00\",\"dateModified\":\"2019-12-16T11:25:27+00:00\",\"description\":\"Caracter\u00edsticas de la nueva plancha de pelo Black Velvet de Termix, planchas de pelo de calidad, productos de peluquer\u00eda profesional\",\"breadcrumb\":{\"@id\":\"https:\/\/termix.net\/blog\/es\/nueva-plancha-termix-black-velvet-unica-intuitiva-versatil\/#breadcrumb\"},\"inLanguage\":\"es\",\"potentialAction\":[{\"@type\":\"ReadAction\",\"target\":[\"https:\/\/termix.net\/blog\/es\/nueva-plancha-termix-black-velvet-unica-intuitiva-versatil\/\"]}]},{\"@type\":\"BreadcrumbList\",\"@id\":\"https:\/\/termix.net\/blog\/es\/nueva-plancha-termix-black-velvet-unica-intuitiva-versatil\/#breadcrumb\",\"itemListElement\":[{\"@type\":\"ListItem\",\"position\":1,\"name\":\"Home\",\"item\":\"https:\/\/termix.net\/blog\/es\/\"},{\"@type\":\"ListItem\",\"position\":2,\"name\":\"Nueva plancha Termix Black Velvet: \u00fanica, intuitiva y vers\u00e1til\"}]},{\"@type\":\"WebSite\",\"@id\":\"https:\/\/termix.net\/blog\/es\/#website\",\"url\":\"https:\/\/termix.net\/blog\/es\/\",\"name\":\"Blog Termix Spain\",\"description\":\"Blog de tendencias y productos de peluquer\u00eda profesional.\",\"publisher\":{\"@id\":\"https:\/\/termix.net\/blog\/es\/#organization\"},\"potentialAction\":[{\"@type\":\"SearchAction\",\"target\":{\"@type\":\"EntryPoint\",\"urlTemplate\":\"https:\/\/termix.net\/blog\/es\/?s={search_term_string}\"},\"query-input\":\"required name=search_term_string\"}],\"inLanguage\":\"es\"},{\"@type\":\"Organization\",\"@id\":\"https:\/\/termix.net\/blog\/es\/#organization\",\"name\":\"Dols Industrial de Peluquer\u00eda SA\",\"url\":\"https:\/\/termix.net\/blog\/es\/\",\"logo\":{\"@type\":\"ImageObject\",\"inLanguage\":\"es\",\"@id\":\"https:\/\/termix.net\/blog\/es\/#\/schema\/logo\/image\/\",\"url\":\"https:\/\/termix.net\/blog\/wp-content\/uploads\/2020\/10\/OGbDAeng.jpeg\",\"contentUrl\":\"https:\/\/termix.net\/blog\/wp-content\/uploads\/2020\/10\/OGbDAeng.jpeg\",\"width\":800,\"height\":800,\"caption\":\"Dols Industrial de Peluquer\u00eda SA\"},\"image\":{\"@id\":\"https:\/\/termix.net\/blog\/es\/#\/schema\/logo\/image\/\"}},{\"@type\":\"Person\",\"@id\":\"https:\/\/termix.net\/blog\/es\/#\/schema\/person\/9096c98bdf03c8ddf91ad7172f254f40\",\"name\":\"TermixTeam\",\"image\":{\"@type\":\"ImageObject\",\"inLanguage\":\"es\",\"@id\":\"https:\/\/termix.net\/blog\/es\/#\/schema\/person\/image\/\",\"url\":\"https:\/\/secure.gravatar.com\/avatar\/d89f61f6bd1c29a4acb231736d1c74b3?s=96&d=mm&r=g\",\"contentUrl\":\"https:\/\/secure.gravatar.com\/avatar\/d89f61f6bd1c29a4acb231736d1c74b3?s=96&d=mm&r=g\",\"caption\":\"TermixTeam\"},\"url\":\"https:\/\/termix.net\/blog\/es\/author\/termixteam\/\"}]}<\/script>\n<!-- \/ Yoast SEO plugin. -->","yoast_head_json":{"title":"Caracter\u00edsticas la plancha de pelo Black Velvet - Termix profesional","description":"Caracter\u00edsticas de la nueva plancha de pelo Black Velvet de Termix, planchas de pelo de calidad, productos de peluquer\u00eda profesional","robots":{"index":"index","follow":"follow","max-snippet":"max-snippet:-1","max-image-preview":"max-image-preview:large","max-video-preview":"max-video-preview:-1"},"canonical":"https:\/\/termix.net\/blog\/es\/nueva-plancha-termix-black-velvet-unica-intuitiva-versatil\/","og_locale":"es_ES","og_type":"article","og_title":"Caracter\u00edsticas la plancha de pelo Black Velvet - Termix profesional","og_description":"Caracter\u00edsticas de la nueva plancha de pelo Black Velvet de Termix, planchas de pelo de calidad, productos de peluquer\u00eda profesional","og_url":"https:\/\/termix.net\/blog\/es\/nueva-plancha-termix-black-velvet-unica-intuitiva-versatil\/","og_site_name":"Blog Termix Spain","article_published_time":"2017-02-17T12:38:48+00:00","article_modified_time":"2019-12-16T11:25:27+00:00","og_image":[{"width":800,"height":495,"url":"https:\/\/termix.net\/blog\/wp-content\/uploads\/2017\/02\/La-nueva-plancha-de-pelo-Blanck-Velvet-de-Termix-es-tendencia.jpg","type":"image\/jpeg"}],"author":"TermixTeam","twitter_card":"summary_large_image","twitter_misc":{"Escrito por":"TermixTeam","Tiempo de lectura":"9 minutos"},"schema":{"@context":"https:\/\/schema.org","@graph":[{"@type":"Article","@id":"https:\/\/termix.net\/blog\/es\/nueva-plancha-termix-black-velvet-unica-intuitiva-versatil\/#article","isPartOf":{"@id":"https:\/\/termix.net\/blog\/es\/nueva-plancha-termix-black-velvet-unica-intuitiva-versatil\/"},"author":{"name":"TermixTeam","@id":"https:\/\/termix.net\/blog\/es\/#\/schema\/person\/9096c98bdf03c8ddf91ad7172f254f40"},"headline":"Nueva plancha Termix Black Velvet: \u00fanica, intuitiva y vers\u00e1til","datePublished":"2017-02-17T12:38:48+00:00","dateModified":"2019-12-16T11:25:27+00:00","mainEntityOfPage":{"@id":"https:\/\/termix.net\/blog\/es\/nueva-plancha-termix-black-velvet-unica-intuitiva-versatil\/"},"wordCount":1877,"commentCount":14,"publisher":{"@id":"https:\/\/termix.net\/blog\/es\/#organization"},"keywords":["Planchas de Pelo"],"articleSection":["NOTICIAS"],"inLanguage":"es","potentialAction":[{"@type":"CommentAction","name":"Comment","target":["https:\/\/termix.net\/blog\/es\/nueva-plancha-termix-black-velvet-unica-intuitiva-versatil\/#respond"]}]},{"@type":"WebPage","@id":"https:\/\/termix.net\/blog\/es\/nueva-plancha-termix-black-velvet-unica-intuitiva-versatil\/","url":"https:\/\/termix.net\/blog\/es\/nueva-plancha-termix-black-velvet-unica-intuitiva-versatil\/","name":"Caracter\u00edsticas la plancha de pelo Black Velvet - Termix profesional","isPartOf":{"@id":"https:\/\/termix.net\/blog\/es\/#website"},"datePublished":"2017-02-17T12:38:48+00:00","dateModified":"2019-12-16T11:25:27+00:00","description":"Caracter\u00edsticas de la nueva plancha de pelo Black Velvet de Termix, planchas de pelo de calidad, productos de peluquer\u00eda profesional","breadcrumb":{"@id":"https:\/\/termix.net\/blog\/es\/nueva-plancha-termix-black-velvet-unica-intuitiva-versatil\/#breadcrumb"},"inLanguage":"es","potentialAction":[{"@type":"ReadAction","target":["https:\/\/termix.net\/blog\/es\/nueva-plancha-termix-black-velvet-unica-intuitiva-versatil\/"]}]},{"@type":"BreadcrumbList","@id":"https:\/\/termix.net\/blog\/es\/nueva-plancha-termix-black-velvet-unica-intuitiva-versatil\/#breadcrumb","itemListElement":[{"@type":"ListItem","position":1,"name":"Home","item":"https:\/\/termix.net\/blog\/es\/"},{"@type":"ListItem","position":2,"name":"Nueva plancha Termix Black Velvet: \u00fanica, intuitiva y vers\u00e1til"}]},{"@type":"WebSite","@id":"https:\/\/termix.net\/blog\/es\/#website","url":"https:\/\/termix.net\/blog\/es\/","name":"Blog Termix Spain","description":"Blog de tendencias y productos de peluquer\u00eda profesional.","publisher":{"@id":"https:\/\/termix.net\/blog\/es\/#organization"},"potentialAction":[{"@type":"SearchAction","target":{"@type":"EntryPoint","urlTemplate":"https:\/\/termix.net\/blog\/es\/?s={search_term_string}"},"query-input":"required name=search_term_string"}],"inLanguage":"es"},{"@type":"Organization","@id":"https:\/\/termix.net\/blog\/es\/#organization","name":"Dols Industrial de Peluquer\u00eda SA","url":"https:\/\/termix.net\/blog\/es\/","logo":{"@type":"ImageObject","inLanguage":"es","@id":"https:\/\/termix.net\/blog\/es\/#\/schema\/logo\/image\/","url":"https:\/\/termix.net\/blog\/wp-content\/uploads\/2020\/10\/OGbDAeng.jpeg","contentUrl":"https:\/\/termix.net\/blog\/wp-content\/uploads\/2020\/10\/OGbDAeng.jpeg","width":800,"height":800,"caption":"Dols Industrial de Peluquer\u00eda SA"},"image":{"@id":"https:\/\/termix.net\/blog\/es\/#\/schema\/logo\/image\/"}},{"@type":"Person","@id":"https:\/\/termix.net\/blog\/es\/#\/schema\/person\/9096c98bdf03c8ddf91ad7172f254f40","name":"TermixTeam","image":{"@type":"ImageObject","inLanguage":"es","@id":"https:\/\/termix.net\/blog\/es\/#\/schema\/person\/image\/","url":"https:\/\/secure.gravatar.com\/avatar\/d89f61f6bd1c29a4acb231736d1c74b3?s=96&d=mm&r=g","contentUrl":"https:\/\/secure.gravatar.com\/avatar\/d89f61f6bd1c29a4acb231736d1c74b3?s=96&d=mm&r=g","caption":"TermixTeam"},"url":"https:\/\/termix.net\/blog\/es\/author\/termixteam\/"}]}},"_links":{"self":[{"href":"https:\/\/termix.net\/blog\/es\/wp-json\/wp\/v2\/posts\/8746"}],"collection":[{"href":"https:\/\/termix.net\/blog\/es\/wp-json\/wp\/v2\/posts"}],"about":[{"href":"https:\/\/termix.net\/blog\/es\/wp-json\/wp\/v2\/types\/post"}],"author":[{"embeddable":true,"href":"https:\/\/termix.net\/blog\/es\/wp-json\/wp\/v2\/users\/2"}],"replies":[{"embeddable":true,"href":"https:\/\/termix.net\/blog\/es\/wp-json\/wp\/v2\/comments?post=8746"}],"version-history":[{"count":3,"href":"https:\/\/termix.net\/blog\/es\/wp-json\/wp\/v2\/posts\/8746\/revisions"}],"predecessor-version":[{"id":23651,"href":"https:\/\/termix.net\/blog\/es\/wp-json\/wp\/v2\/posts\/8746\/revisions\/23651"}],"wp:featuredmedia":[{"embeddable":true,"href":"https:\/\/termix.net\/blog\/es\/wp-json\/wp\/v2\/media\/22996"}],"wp:attachment":[{"href":"https:\/\/termix.net\/blog\/es\/wp-json\/wp\/v2\/media?parent=8746"}],"wp:term":[{"taxonomy":"category","embeddable":true,"href":"https:\/\/termix.net\/blog\/es\/wp-json\/wp\/v2\/categories?post=8746"},{"taxonomy":"post_tag","embeddable":true,"href":"https:\/\/termix.net\/blog\/es\/wp-json\/wp\/v2\/tags?post=8746"}],"curies":[{"name":"wp","href":"https:\/\/api.w.org\/{rel}","templated":true}]}}