{"id":8657,"date":"2017-02-07T08:24:19","date_gmt":"2017-02-07T08:24:19","guid":{"rendered":"http:\/\/termix.net\/?p=8657"},"modified":"2019-12-16T12:57:47","modified_gmt":"2019-12-16T11:57:47","slug":"termix-colabora-equipo-peluqueria-alli","status":"publish","type":"post","link":"https:\/\/termix.net\/blog\/es\/termix-colabora-equipo-peluqueria-alli\/","title":{"rendered":"Termix colabora con el equipo de peluquer\u00eda de \u00abAll\u00ed Abajo\u00bb"},"content":{"rendered":"<p><div class=\"fusion-fullwidth fullwidth-box fusion-builder-row-1 faded-background fusion-parallax-none nonhundred-percent-fullwidth non-hundred-percent-height-scrolling fusion-no-small-visibility fusion-no-medium-visibility\" style=\"--awb-border-radius-top-left:0px;--awb-border-radius-top-right:0px;--awb-border-radius-bottom-right:0px;--awb-border-radius-bottom-left:0px;--awb-padding-top:24%;--awb-padding-right:3%;--awb-padding-left:3%;--awb-background-size:cover;\" ><div class=\"fullwidth-faded\" style=\"--awb-background-color:#181818;--awb-background-image:url(https:\/\/termix.net\/blog\/wp-content\/uploads\/2017\/02\/alli-abajo_3.jpg);--awb-background-size:cover;\" ><\/div><div class=\"fusion-builder-row fusion-row\"><div class=\"fusion-layout-column fusion_builder_column fusion-builder-column-0 fusion_builder_column_1_1 1_1 fusion-one-full fusion-column-first fusion-column-last\" style=\"--awb-padding-top:6%;--awb-padding-right:8%;--awb-padding-bottom:6%;--awb-padding-left:8%;--awb-bg-color:rgba(255,255,255,0.7);--awb-bg-size:cover;--awb-margin-top:0px;--awb-margin-bottom:0px;\"><div class=\"fusion-column-wrapper fusion-column-has-shadow fusion-flex-column-wrapper-legacy\"><div class=\"fusion-text fusion-text-1 caption\"><p style=\"text-align: center;\">Noticias \u2014 3 min de lectura<\/p>\n<\/div><div class=\"fusion-title title fusion-title-1 fusion-sep-none fusion-title-center fusion-title-text fusion-title-size-two\" style=\"--awb-margin-top:30px;--awb-margin-bottom:20px;\"><h2 class=\"title-heading-center fusion-responsive-typography-calculated\" style=\"margin:0;--fontSize:50;line-height:1.28;\">Termix colabora con el equipo de peluquer\u00eda de \u00abAll\u00ed Abajo\u00bb<\/h2><\/div><div class=\"fusion-clearfix\"><\/div><\/div><\/div><\/div><\/div><div class=\"fusion-fullwidth fullwidth-box fusion-builder-row-2 fusion-parallax-none nonhundred-percent-fullwidth non-hundred-percent-height-scrolling fusion-no-large-visibility\" style=\"--awb-border-radius-top-left:0px;--awb-border-radius-top-right:0px;--awb-border-radius-bottom-right:0px;--awb-border-radius-bottom-left:0px;--awb-background-image:url(&quot;https:\/\/termix.net\/info\/wp-content\/uploads\/2019\/11\/con-el-secador-compacto-profesioanl-4300-de-termix-damos-volumen-al-cabello-1.jpg&quot;);--awb-background-size:cover;\" ><div class=\"fusion-builder-row fusion-row\"><div class=\"fusion-layout-column fusion_builder_column fusion-builder-column-1 fusion_builder_column_1_1 1_1 fusion-one-full fusion-column-first fusion-column-last fusion-column-inner-bg-wrapper\" style=\"--awb-padding-top:10%;--awb-padding-bottom:10%;--awb-inner-bg-image:url(&#039;http:\/\/termix.net\/blog\/wp-content\/uploads\/2019\/03\/single-blog-post-feat.jpg&#039;);--awb-inner-bg-position:center center;--awb-inner-bg-size:cover;\"><span class=\"fusion-column-inner-bg hover-type-zoomout\"><span class=\"fusion-column-anchor\"><span class=\"fusion-column-inner-bg-image\"><\/span><\/span><\/span><div class=\"fusion-column-wrapper fusion-flex-column-wrapper-legacy\" data-bg-url=\"http:\/\/termix.net\/blog\/wp-content\/uploads\/2019\/03\/single-blog-post-feat.jpg\"><div class=\"fusion-sep-clear\"><\/div><div class=\"fusion-separator fusion-no-large-visibility fusion-full-width-sep\" style=\"margin-left: auto;margin-right: auto;margin-top:200px;width:100%;\"><\/div><div class=\"fusion-sep-clear\"><\/div><div class=\"fusion-clearfix\"><\/div><\/div><\/div><div class=\"fusion-layout-column fusion_builder_column fusion-builder-column-2 fusion_builder_column_1_1 1_1 fusion-one-full fusion-column-first fusion-column-last\" style=\"--awb-padding-top:6%;--awb-bg-color:#ffffff;--awb-bg-size:cover;--awb-margin-top:0px;--awb-margin-bottom:0px;\"><div class=\"fusion-column-wrapper fusion-flex-column-wrapper-legacy\"><div class=\"fusion-text fusion-text-2 caption\"><p style=\"text-align: center;\">Noticias \u2014 3 min de lectura<\/p>\n<\/div><div class=\"fusion-title title fusion-title-2 fusion-sep-none fusion-title-center fusion-title-text fusion-title-size-two\" style=\"--awb-margin-top:30px;--awb-margin-bottom:20px;\"><h2 class=\"title-heading-center fusion-responsive-typography-calculated\" style=\"margin:0;--fontSize:50;line-height:1.28;\">Termix colabora con el equipo de peluquer\u00eda de \u00abAll\u00ed Abajo\u00bb<\/h2><\/div><div class=\"fusion-clearfix\"><\/div><\/div><\/div><\/div><\/div><div class=\"fusion-fullwidth fullwidth-box fusion-builder-row-3 nonhundred-percent-fullwidth non-hundred-percent-height-scrolling\" style=\"--awb-border-radius-top-left:0px;--awb-border-radius-top-right:0px;--awb-border-radius-bottom-right:0px;--awb-border-radius-bottom-left:0px;--awb-padding-top:10px;--awb-padding-bottom:4%;\" ><div class=\"fusion-builder-row fusion-row\"><div class=\"fusion-layout-column fusion_builder_column fusion-builder-column-3 fusion_builder_column_1_6 1_6 fusion-one-sixth fusion-column-first fusion-no-small-visibility fusion-no-medium-visibility\" style=\"--awb-bg-size:cover;width:16.666666666667%;width:calc(16.666666666667% - ( ( 0 ) * 0.16666666666667 ) );margin-right: 0px;\"><div class=\"fusion-column-wrapper fusion-flex-column-wrapper-legacy\"><div class=\"fusion-clearfix\"><\/div><\/div><\/div><div class=\"fusion-layout-column fusion_builder_column fusion-builder-column-4 fusion_builder_column_2_3 2_3 fusion-two-third fusion-column-last\" style=\"--awb-bg-size:cover;width:66.666666666667%;width:calc(66.666666666667% - ( ( 0 ) * 0.66666666666667 ) );\"><div class=\"fusion-column-wrapper fusion-flex-column-wrapper-legacy\"><div class=\"fusion-sep-clear\"><\/div><div class=\"fusion-separator fusion-full-width-sep\" style=\"margin-left: auto;margin-right: auto;margin-top:30px;width:100%;\"><\/div><div class=\"fusion-sep-clear\"><\/div><div class=\"fusion-text fusion-text-3\"><p style=\"text-align: center;\"><span style=\"font-size: 22px; line-height: 1.5em;\"> Despu\u00e9s de su gran \u00e9xito\u00a0que logro en su primera temporada, vuelve una nueva temporada cargada de energ\u00eda y muchas risas de una de las series m\u00e1s populares de Antena 3, \u00abAll\u00ed Abajo\u00bb. Termix colabor\u00f3 con el equipo de peluquer\u00eda encabezado por Blanca D\u00edaz, que apostaron por las herramientas de peluquer\u00eda\u00a0profesionales como el secador o los cepillos Evolution.\u00a0<\/span><\/p>\n<\/div><div class=\"fusion-sep-clear\"><\/div><div class=\"fusion-separator fusion-full-width-sep\" style=\"margin-left: auto;margin-right: auto;margin-top:30px;width:100%;\"><\/div><div class=\"fusion-sep-clear\"><\/div><div class=\"fusion-text fusion-text-4\"><p>\u00a0<\/p>\n<p style=\"text-align: justify;\">La serie \u00abAll\u00ed Abajo\u00bb de Antena 3 se encuentra en pre producci\u00f3n de la segunda temporada, contando con <strong>el reparto de Mar\u00eda Le\u00f3n y Jon Plazaola como personajes principales, Mariano Pe\u00f1a, Alfonso S\u00e1nchez, Alberto L\u00f3pez, \u00d3scar Terol, Gorka Aguinagalde, Iker Galarza, Salva Reina, Mari Paz Sayago y Carmina Barrios.<\/strong><\/p>\n<p><img decoding=\"async\" class=\"alignnone size-full wp-image-23686\" src=\"https:\/\/termix.net\/blog\/wp-content\/uploads\/2017\/02\/alli-abajo_1.jpg\" alt=\"\" width=\"1160\" height=\"660\" srcset=\"https:\/\/termix.net\/blog\/wp-content\/uploads\/2017\/02\/alli-abajo_1-200x114.jpg 200w, https:\/\/termix.net\/blog\/wp-content\/uploads\/2017\/02\/alli-abajo_1-300x171.jpg 300w, https:\/\/termix.net\/blog\/wp-content\/uploads\/2017\/02\/alli-abajo_1-400x228.jpg 400w, https:\/\/termix.net\/blog\/wp-content\/uploads\/2017\/02\/alli-abajo_1-600x341.jpg 600w, https:\/\/termix.net\/blog\/wp-content\/uploads\/2017\/02\/alli-abajo_1-768x437.jpg 768w, https:\/\/termix.net\/blog\/wp-content\/uploads\/2017\/02\/alli-abajo_1-800x455.jpg 800w, https:\/\/termix.net\/blog\/wp-content\/uploads\/2017\/02\/alli-abajo_1-1024x583.jpg 1024w, https:\/\/termix.net\/blog\/wp-content\/uploads\/2017\/02\/alli-abajo_1.jpg 1160w\" sizes=\"(max-width: 1160px) 100vw, 1160px\" \/> \u00a0<\/p>\n<p style=\"text-align: justify;\">Una vez m\u00e1s, <strong>Termix ha podido formar parte de los estilismos de los actores en la serie de \u00abAll\u00ed Abajo\u00bb<\/strong>. El equipo de peluquer\u00eda dirigido por Blanca D\u00edaz, ha confiado en las herramientas de peluquer\u00eda de Termix como el secador profesional, que gracias a su r<strong>egulaci\u00f3n de velocidades y temperatura<\/strong> han podido adaptarlo para cada peinado, y junto al cepillo Evolution XL, con su nuevo tama\u00f1o de m\u00e1s que los cepillos convencionales, ayuda a aportar volumen <strong>permitiendo\u00a0crear estilos de peinados diferentes<\/strong> para cada actriz.<\/p>\n<p><img decoding=\"async\" class=\"alignnone size-full wp-image-23688\" src=\"https:\/\/termix.net\/blog\/wp-content\/uploads\/2017\/02\/all\u00ed-abajo_2.jpg\" alt=\"\" width=\"1160\" height=\"660\" srcset=\"https:\/\/termix.net\/blog\/wp-content\/uploads\/2017\/02\/all\u00ed-abajo_2-200x114.jpg 200w, https:\/\/termix.net\/blog\/wp-content\/uploads\/2017\/02\/all\u00ed-abajo_2-300x171.jpg 300w, https:\/\/termix.net\/blog\/wp-content\/uploads\/2017\/02\/all\u00ed-abajo_2-400x228.jpg 400w, https:\/\/termix.net\/blog\/wp-content\/uploads\/2017\/02\/all\u00ed-abajo_2-600x341.jpg 600w, https:\/\/termix.net\/blog\/wp-content\/uploads\/2017\/02\/all\u00ed-abajo_2-768x437.jpg 768w, https:\/\/termix.net\/blog\/wp-content\/uploads\/2017\/02\/all\u00ed-abajo_2-800x455.jpg 800w, https:\/\/termix.net\/blog\/wp-content\/uploads\/2017\/02\/all\u00ed-abajo_2-1024x583.jpg 1024w, https:\/\/termix.net\/blog\/wp-content\/uploads\/2017\/02\/all\u00ed-abajo_2.jpg 1160w\" sizes=\"(max-width: 1160px) 100vw, 1160px\" \/><\/p>\n<p style=\"text-align: justify;\">Una serie con un choque de t\u00f3picos, que se transforman en una historia de amor entre I\u00f1aki del norte, met\u00f3dico, ordenado y eficiente\u00a0 y Carmen, interpretada por Mar\u00eda Le\u00f3n, cat\u00f3lica, colorista, llena de vida y talento para vivirla.<\/p>\n<p><img decoding=\"async\" class=\"alignnone size-full wp-image-23692\" src=\"https:\/\/termix.net\/blog\/wp-content\/uploads\/2017\/02\/alli-abajo_4.jpg\" alt=\"\" width=\"1160\" height=\"660\" srcset=\"https:\/\/termix.net\/blog\/wp-content\/uploads\/2017\/02\/alli-abajo_4-200x114.jpg 200w, https:\/\/termix.net\/blog\/wp-content\/uploads\/2017\/02\/alli-abajo_4-300x171.jpg 300w, https:\/\/termix.net\/blog\/wp-content\/uploads\/2017\/02\/alli-abajo_4-400x228.jpg 400w, https:\/\/termix.net\/blog\/wp-content\/uploads\/2017\/02\/alli-abajo_4-600x341.jpg 600w, https:\/\/termix.net\/blog\/wp-content\/uploads\/2017\/02\/alli-abajo_4-768x437.jpg 768w, https:\/\/termix.net\/blog\/wp-content\/uploads\/2017\/02\/alli-abajo_4-800x455.jpg 800w, https:\/\/termix.net\/blog\/wp-content\/uploads\/2017\/02\/alli-abajo_4-1024x583.jpg 1024w, https:\/\/termix.net\/blog\/wp-content\/uploads\/2017\/02\/alli-abajo_4.jpg 1160w\" sizes=\"(max-width: 1160px) 100vw, 1160px\" \/><\/p>\n<p style=\"text-align: justify;\">Su preestreno en el FesTVal de Murcia no ha podido ser m\u00e1s positivo, ha cosechado \u00a0muy buenas cr\u00edticas como la de Cinemania \u201c<strong>Si algo destaca, adem\u00e1s del buen humor y el buen hacer de los actores es la direcci\u00f3n\u201d<\/strong> y Periodista Digital afirm\u00f3 \u201c<strong>All\u00ed Abajo va a ser la mejor serie del a\u00f1o\u201d<\/strong>.<\/p>\n<\/div><div class=\"fusion-clearfix\"><\/div><\/div><\/div><\/div><\/div><div class=\"fusion-fullwidth fullwidth-box fusion-builder-row-4 nonhundred-percent-fullwidth non-hundred-percent-height-scrolling\" style=\"--awb-border-radius-top-left:0px;--awb-border-radius-top-right:0px;--awb-border-radius-bottom-right:0px;--awb-border-radius-bottom-left:0px;\" ><\/div><\/p>\n","protected":false},"excerpt":{"rendered":"<p>\t\t\t\tVuelve la serie All\u00ed Abajo de Antena 3 de la mano de Termix. El equipo de peluqueria de la serie ha confiado en las herramientas de Termix como el secador profesional y el cepillo Evolution XL para que los actores luzcan incre\u00edbles. \t\t<\/p>\n","protected":false},"author":2,"featured_media":23690,"comment_status":"open","ping_status":"open","sticky":false,"template":"","format":"standard","meta":[],"categories":[6],"tags":[],"yoast_head":"<!-- This site is optimized with the Yoast SEO plugin v20.0 - https:\/\/yoast.com\/wordpress\/plugins\/seo\/ -->\n<title>TERMIX COLABORA - Productos de peleuquer\u00eda profesional<\/title>\n<meta name=\"description\" content=\"Blog Termix Spain - Termix colabora con el equipo de peluquer\u00eda de &quot;All\u00ed Abajo&quot; -\" \/>\n<meta name=\"robots\" content=\"noindex, follow\" \/>\n<meta property=\"og:locale\" content=\"es_ES\" \/>\n<meta property=\"og:type\" content=\"article\" \/>\n<meta property=\"og:title\" content=\"TERMIX COLABORA - Productos de peleuquer\u00eda profesional\" \/>\n<meta property=\"og:description\" content=\"Blog Termix Spain - Termix colabora con el equipo de peluquer\u00eda de &quot;All\u00ed Abajo&quot; -\" \/>\n<meta property=\"og:url\" content=\"https:\/\/termix.net\/blog\/es\/termix-colabora-equipo-peluqueria-alli\/\" \/>\n<meta property=\"og:site_name\" content=\"Blog Termix Spain\" \/>\n<meta property=\"article:published_time\" content=\"2017-02-07T08:24:19+00:00\" \/>\n<meta property=\"article:modified_time\" content=\"2019-12-16T11:57:47+00:00\" \/>\n<meta property=\"og:image\" content=\"https:\/\/termix.net\/blog\/wp-content\/uploads\/2017\/02\/alli-abajo_3.jpg\" \/>\n\t<meta property=\"og:image:width\" content=\"1160\" \/>\n\t<meta property=\"og:image:height\" content=\"660\" \/>\n\t<meta property=\"og:image:type\" content=\"image\/jpeg\" \/>\n<meta name=\"author\" content=\"TermixTeam\" \/>\n<meta name=\"twitter:card\" content=\"summary_large_image\" \/>\n<meta name=\"twitter:label1\" content=\"Escrito por\" \/>\n\t<meta name=\"twitter:data1\" content=\"TermixTeam\" \/>\n\t<meta name=\"twitter:label2\" content=\"Tiempo de lectura\" \/>\n\t<meta name=\"twitter:data2\" content=\"7 minutos\" \/>\n<script type=\"application\/ld+json\" class=\"yoast-schema-graph\">{\"@context\":\"https:\/\/schema.org\",\"@graph\":[{\"@type\":\"Article\",\"@id\":\"https:\/\/termix.net\/blog\/es\/termix-colabora-equipo-peluqueria-alli\/#article\",\"isPartOf\":{\"@id\":\"https:\/\/termix.net\/blog\/es\/termix-colabora-equipo-peluqueria-alli\/\"},\"author\":{\"name\":\"TermixTeam\",\"@id\":\"https:\/\/termix.net\/blog\/es\/#\/schema\/person\/9096c98bdf03c8ddf91ad7172f254f40\"},\"headline\":\"Termix colabora con el equipo de peluquer\u00eda de \u00abAll\u00ed Abajo\u00bb\",\"datePublished\":\"2017-02-07T08:24:19+00:00\",\"dateModified\":\"2019-12-16T11:57:47+00:00\",\"mainEntityOfPage\":{\"@id\":\"https:\/\/termix.net\/blog\/es\/termix-colabora-equipo-peluqueria-alli\/\"},\"wordCount\":1492,\"commentCount\":0,\"publisher\":{\"@id\":\"https:\/\/termix.net\/blog\/es\/#organization\"},\"articleSection\":[\"NOTICIAS\"],\"inLanguage\":\"es\",\"potentialAction\":[{\"@type\":\"CommentAction\",\"name\":\"Comment\",\"target\":[\"https:\/\/termix.net\/blog\/es\/termix-colabora-equipo-peluqueria-alli\/#respond\"]}]},{\"@type\":\"WebPage\",\"@id\":\"https:\/\/termix.net\/blog\/es\/termix-colabora-equipo-peluqueria-alli\/\",\"url\":\"https:\/\/termix.net\/blog\/es\/termix-colabora-equipo-peluqueria-alli\/\",\"name\":\"TERMIX COLABORA - Productos de peleuquer\u00eda profesional\",\"isPartOf\":{\"@id\":\"https:\/\/termix.net\/blog\/es\/#website\"},\"datePublished\":\"2017-02-07T08:24:19+00:00\",\"dateModified\":\"2019-12-16T11:57:47+00:00\",\"description\":\"Blog Termix Spain - Termix colabora con el equipo de peluquer\u00eda de \\\"All\u00ed Abajo\\\" -\",\"breadcrumb\":{\"@id\":\"https:\/\/termix.net\/blog\/es\/termix-colabora-equipo-peluqueria-alli\/#breadcrumb\"},\"inLanguage\":\"es\",\"potentialAction\":[{\"@type\":\"ReadAction\",\"target\":[\"https:\/\/termix.net\/blog\/es\/termix-colabora-equipo-peluqueria-alli\/\"]}]},{\"@type\":\"BreadcrumbList\",\"@id\":\"https:\/\/termix.net\/blog\/es\/termix-colabora-equipo-peluqueria-alli\/#breadcrumb\",\"itemListElement\":[{\"@type\":\"ListItem\",\"position\":1,\"name\":\"Home\",\"item\":\"https:\/\/termix.net\/blog\/es\/\"},{\"@type\":\"ListItem\",\"position\":2,\"name\":\"Termix colabora con el equipo de peluquer\u00eda de \u00abAll\u00ed Abajo\u00bb\"}]},{\"@type\":\"WebSite\",\"@id\":\"https:\/\/termix.net\/blog\/es\/#website\",\"url\":\"https:\/\/termix.net\/blog\/es\/\",\"name\":\"Blog Termix Spain\",\"description\":\"Blog de tendencias y productos de peluquer\u00eda profesional.\",\"publisher\":{\"@id\":\"https:\/\/termix.net\/blog\/es\/#organization\"},\"potentialAction\":[{\"@type\":\"SearchAction\",\"target\":{\"@type\":\"EntryPoint\",\"urlTemplate\":\"https:\/\/termix.net\/blog\/es\/?s={search_term_string}\"},\"query-input\":\"required name=search_term_string\"}],\"inLanguage\":\"es\"},{\"@type\":\"Organization\",\"@id\":\"https:\/\/termix.net\/blog\/es\/#organization\",\"name\":\"Dols Industrial de Peluquer\u00eda SA\",\"url\":\"https:\/\/termix.net\/blog\/es\/\",\"logo\":{\"@type\":\"ImageObject\",\"inLanguage\":\"es\",\"@id\":\"https:\/\/termix.net\/blog\/es\/#\/schema\/logo\/image\/\",\"url\":\"https:\/\/termix.net\/blog\/wp-content\/uploads\/2020\/10\/OGbDAeng.jpeg\",\"contentUrl\":\"https:\/\/termix.net\/blog\/wp-content\/uploads\/2020\/10\/OGbDAeng.jpeg\",\"width\":800,\"height\":800,\"caption\":\"Dols Industrial de Peluquer\u00eda SA\"},\"image\":{\"@id\":\"https:\/\/termix.net\/blog\/es\/#\/schema\/logo\/image\/\"}},{\"@type\":\"Person\",\"@id\":\"https:\/\/termix.net\/blog\/es\/#\/schema\/person\/9096c98bdf03c8ddf91ad7172f254f40\",\"name\":\"TermixTeam\",\"image\":{\"@type\":\"ImageObject\",\"inLanguage\":\"es\",\"@id\":\"https:\/\/termix.net\/blog\/es\/#\/schema\/person\/image\/\",\"url\":\"https:\/\/secure.gravatar.com\/avatar\/d89f61f6bd1c29a4acb231736d1c74b3?s=96&d=mm&r=g\",\"contentUrl\":\"https:\/\/secure.gravatar.com\/avatar\/d89f61f6bd1c29a4acb231736d1c74b3?s=96&d=mm&r=g\",\"caption\":\"TermixTeam\"},\"url\":\"https:\/\/termix.net\/blog\/es\/author\/termixteam\/\"}]}<\/script>\n<!-- \/ Yoast SEO plugin. -->","yoast_head_json":{"title":"TERMIX COLABORA - Productos de peleuquer\u00eda profesional","description":"Blog Termix Spain - Termix colabora con el equipo de peluquer\u00eda de \"All\u00ed Abajo\" -","robots":{"index":"noindex","follow":"follow"},"og_locale":"es_ES","og_type":"article","og_title":"TERMIX COLABORA - Productos de peleuquer\u00eda profesional","og_description":"Blog Termix Spain - Termix colabora con el equipo de peluquer\u00eda de \"All\u00ed Abajo\" -","og_url":"https:\/\/termix.net\/blog\/es\/termix-colabora-equipo-peluqueria-alli\/","og_site_name":"Blog Termix Spain","article_published_time":"2017-02-07T08:24:19+00:00","article_modified_time":"2019-12-16T11:57:47+00:00","og_image":[{"width":1160,"height":660,"url":"https:\/\/termix.net\/blog\/wp-content\/uploads\/2017\/02\/alli-abajo_3.jpg","type":"image\/jpeg"}],"author":"TermixTeam","twitter_card":"summary_large_image","twitter_misc":{"Escrito por":"TermixTeam","Tiempo de lectura":"7 minutos"},"schema":{"@context":"https:\/\/schema.org","@graph":[{"@type":"Article","@id":"https:\/\/termix.net\/blog\/es\/termix-colabora-equipo-peluqueria-alli\/#article","isPartOf":{"@id":"https:\/\/termix.net\/blog\/es\/termix-colabora-equipo-peluqueria-alli\/"},"author":{"name":"TermixTeam","@id":"https:\/\/termix.net\/blog\/es\/#\/schema\/person\/9096c98bdf03c8ddf91ad7172f254f40"},"headline":"Termix colabora con el equipo de peluquer\u00eda de \u00abAll\u00ed Abajo\u00bb","datePublished":"2017-02-07T08:24:19+00:00","dateModified":"2019-12-16T11:57:47+00:00","mainEntityOfPage":{"@id":"https:\/\/termix.net\/blog\/es\/termix-colabora-equipo-peluqueria-alli\/"},"wordCount":1492,"commentCount":0,"publisher":{"@id":"https:\/\/termix.net\/blog\/es\/#organization"},"articleSection":["NOTICIAS"],"inLanguage":"es","potentialAction":[{"@type":"CommentAction","name":"Comment","target":["https:\/\/termix.net\/blog\/es\/termix-colabora-equipo-peluqueria-alli\/#respond"]}]},{"@type":"WebPage","@id":"https:\/\/termix.net\/blog\/es\/termix-colabora-equipo-peluqueria-alli\/","url":"https:\/\/termix.net\/blog\/es\/termix-colabora-equipo-peluqueria-alli\/","name":"TERMIX COLABORA - Productos de peleuquer\u00eda profesional","isPartOf":{"@id":"https:\/\/termix.net\/blog\/es\/#website"},"datePublished":"2017-02-07T08:24:19+00:00","dateModified":"2019-12-16T11:57:47+00:00","description":"Blog Termix Spain - Termix colabora con el equipo de peluquer\u00eda de \"All\u00ed Abajo\" -","breadcrumb":{"@id":"https:\/\/termix.net\/blog\/es\/termix-colabora-equipo-peluqueria-alli\/#breadcrumb"},"inLanguage":"es","potentialAction":[{"@type":"ReadAction","target":["https:\/\/termix.net\/blog\/es\/termix-colabora-equipo-peluqueria-alli\/"]}]},{"@type":"BreadcrumbList","@id":"https:\/\/termix.net\/blog\/es\/termix-colabora-equipo-peluqueria-alli\/#breadcrumb","itemListElement":[{"@type":"ListItem","position":1,"name":"Home","item":"https:\/\/termix.net\/blog\/es\/"},{"@type":"ListItem","position":2,"name":"Termix colabora con el equipo de peluquer\u00eda de \u00abAll\u00ed Abajo\u00bb"}]},{"@type":"WebSite","@id":"https:\/\/termix.net\/blog\/es\/#website","url":"https:\/\/termix.net\/blog\/es\/","name":"Blog Termix Spain","description":"Blog de tendencias y productos de peluquer\u00eda profesional.","publisher":{"@id":"https:\/\/termix.net\/blog\/es\/#organization"},"potentialAction":[{"@type":"SearchAction","target":{"@type":"EntryPoint","urlTemplate":"https:\/\/termix.net\/blog\/es\/?s={search_term_string}"},"query-input":"required name=search_term_string"}],"inLanguage":"es"},{"@type":"Organization","@id":"https:\/\/termix.net\/blog\/es\/#organization","name":"Dols Industrial de Peluquer\u00eda SA","url":"https:\/\/termix.net\/blog\/es\/","logo":{"@type":"ImageObject","inLanguage":"es","@id":"https:\/\/termix.net\/blog\/es\/#\/schema\/logo\/image\/","url":"https:\/\/termix.net\/blog\/wp-content\/uploads\/2020\/10\/OGbDAeng.jpeg","contentUrl":"https:\/\/termix.net\/blog\/wp-content\/uploads\/2020\/10\/OGbDAeng.jpeg","width":800,"height":800,"caption":"Dols Industrial de Peluquer\u00eda SA"},"image":{"@id":"https:\/\/termix.net\/blog\/es\/#\/schema\/logo\/image\/"}},{"@type":"Person","@id":"https:\/\/termix.net\/blog\/es\/#\/schema\/person\/9096c98bdf03c8ddf91ad7172f254f40","name":"TermixTeam","image":{"@type":"ImageObject","inLanguage":"es","@id":"https:\/\/termix.net\/blog\/es\/#\/schema\/person\/image\/","url":"https:\/\/secure.gravatar.com\/avatar\/d89f61f6bd1c29a4acb231736d1c74b3?s=96&d=mm&r=g","contentUrl":"https:\/\/secure.gravatar.com\/avatar\/d89f61f6bd1c29a4acb231736d1c74b3?s=96&d=mm&r=g","caption":"TermixTeam"},"url":"https:\/\/termix.net\/blog\/es\/author\/termixteam\/"}]}},"_links":{"self":[{"href":"https:\/\/termix.net\/blog\/es\/wp-json\/wp\/v2\/posts\/8657"}],"collection":[{"href":"https:\/\/termix.net\/blog\/es\/wp-json\/wp\/v2\/posts"}],"about":[{"href":"https:\/\/termix.net\/blog\/es\/wp-json\/wp\/v2\/types\/post"}],"author":[{"embeddable":true,"href":"https:\/\/termix.net\/blog\/es\/wp-json\/wp\/v2\/users\/2"}],"replies":[{"embeddable":true,"href":"https:\/\/termix.net\/blog\/es\/wp-json\/wp\/v2\/comments?post=8657"}],"version-history":[{"count":3,"href":"https:\/\/termix.net\/blog\/es\/wp-json\/wp\/v2\/posts\/8657\/revisions"}],"predecessor-version":[{"id":23695,"href":"https:\/\/termix.net\/blog\/es\/wp-json\/wp\/v2\/posts\/8657\/revisions\/23695"}],"wp:featuredmedia":[{"embeddable":true,"href":"https:\/\/termix.net\/blog\/es\/wp-json\/wp\/v2\/media\/23690"}],"wp:attachment":[{"href":"https:\/\/termix.net\/blog\/es\/wp-json\/wp\/v2\/media?parent=8657"}],"wp:term":[{"taxonomy":"category","embeddable":true,"href":"https:\/\/termix.net\/blog\/es\/wp-json\/wp\/v2\/categories?post=8657"},{"taxonomy":"post_tag","embeddable":true,"href":"https:\/\/termix.net\/blog\/es\/wp-json\/wp\/v2\/tags?post=8657"}],"curies":[{"name":"wp","href":"https:\/\/api.w.org\/{rel}","templated":true}]}}