{"id":8585,"date":"2017-01-16T11:07:28","date_gmt":"2017-01-16T11:07:28","guid":{"rendered":"http:\/\/termix.net\/?p=8585"},"modified":"2019-12-16T12:27:16","modified_gmt":"2019-12-16T11:27:16","slug":"termix-con-la-nueva-pelicula-pau-casals","status":"publish","type":"post","link":"https:\/\/termix.net\/blog\/es\/termix-con-la-nueva-pelicula-pau-casals\/","title":{"rendered":"Termix colabora en la nueva pel\u00edcula \u201cPau Casals\u201d"},"content":{"rendered":"<p><div class=\"fusion-fullwidth fullwidth-box fusion-builder-row-1 faded-background fusion-parallax-none nonhundred-percent-fullwidth non-hundred-percent-height-scrolling fusion-no-small-visibility fusion-no-medium-visibility\" style=\"--awb-border-radius-top-left:0px;--awb-border-radius-top-right:0px;--awb-border-radius-bottom-right:0px;--awb-border-radius-bottom-left:0px;--awb-padding-top:24%;--awb-padding-right:3%;--awb-padding-left:3%;--awb-background-size:cover;\" ><div class=\"fullwidth-faded\" style=\"--awb-background-color:#181818;--awb-background-image:url(https:\/\/termix.net\/blog\/wp-content\/uploads\/2017\/01\/IMG_6894.jpg);--awb-background-size:cover;\" ><\/div><div class=\"fusion-builder-row fusion-row\"><div class=\"fusion-layout-column fusion_builder_column fusion-builder-column-0 fusion_builder_column_1_1 1_1 fusion-one-full fusion-column-first fusion-column-last\" style=\"--awb-padding-top:6%;--awb-padding-right:8%;--awb-padding-bottom:6%;--awb-padding-left:8%;--awb-bg-color:rgba(255,255,255,0.7);--awb-bg-size:cover;--awb-margin-top:0px;--awb-margin-bottom:0px;\"><div class=\"fusion-column-wrapper fusion-column-has-shadow fusion-flex-column-wrapper-legacy\"><div class=\"fusion-text fusion-text-1 caption\"><p style=\"text-align: center;\">Colaboraciones \u2014 3 min de lectura<\/p>\n<\/div><div class=\"fusion-title title fusion-title-1 fusion-sep-none fusion-title-center fusion-title-text fusion-title-size-two\" style=\"--awb-margin-top:30px;--awb-margin-bottom:20px;\"><h2 class=\"title-heading-center fusion-responsive-typography-calculated\" style=\"margin:0;--fontSize:50;line-height:1.28;\">Termix colabora en la nueva pel\u00edcula \u201cPau Casals\u201d<\/h2><\/div><div class=\"fusion-clearfix\"><\/div><\/div><\/div><\/div><\/div><div class=\"fusion-fullwidth fullwidth-box fusion-builder-row-2 fusion-parallax-none nonhundred-percent-fullwidth non-hundred-percent-height-scrolling fusion-no-large-visibility\" style=\"--awb-border-radius-top-left:0px;--awb-border-radius-top-right:0px;--awb-border-radius-bottom-right:0px;--awb-border-radius-bottom-left:0px;--awb-background-image:url(&quot;https:\/\/termix.net\/blog\/wp-content\/uploads\/2019\/11\/con-el-secador-compacto-profesioanl-4300-de-termix-damos-volumen-al-cabello-1.jpg&quot;);--awb-background-size:cover;\" ><div class=\"fusion-builder-row fusion-row\"><div class=\"fusion-layout-column fusion_builder_column fusion-builder-column-1 fusion_builder_column_1_1 1_1 fusion-one-full fusion-column-first fusion-column-last fusion-column-inner-bg-wrapper\" style=\"--awb-padding-top:10%;--awb-padding-bottom:10%;--awb-inner-bg-image:url(&#039;http:\/\/termix.net\/blog\/wp-content\/uploads\/2019\/03\/single-blog-post-feat.jpg&#039;);--awb-inner-bg-position:center center;--awb-inner-bg-size:cover;\"><span class=\"fusion-column-inner-bg hover-type-zoomout\"><span class=\"fusion-column-anchor\"><span class=\"fusion-column-inner-bg-image\"><\/span><\/span><\/span><div class=\"fusion-column-wrapper fusion-flex-column-wrapper-legacy\" data-bg-url=\"http:\/\/termix.net\/blog\/wp-content\/uploads\/2019\/03\/single-blog-post-feat.jpg\"><div class=\"fusion-sep-clear\"><\/div><div class=\"fusion-separator fusion-no-large-visibility fusion-full-width-sep\" style=\"margin-left: auto;margin-right: auto;margin-top:200px;width:100%;\"><\/div><div class=\"fusion-sep-clear\"><\/div><div class=\"fusion-clearfix\"><\/div><\/div><\/div><div class=\"fusion-layout-column fusion_builder_column fusion-builder-column-2 fusion_builder_column_1_1 1_1 fusion-one-full fusion-column-first fusion-column-last\" style=\"--awb-padding-top:6%;--awb-bg-color:#ffffff;--awb-bg-size:cover;--awb-margin-top:0px;--awb-margin-bottom:0px;\"><div class=\"fusion-column-wrapper fusion-flex-column-wrapper-legacy\"><div class=\"fusion-text fusion-text-2 caption\"><p style=\"text-align: center;\">Colaboraciones \u2014 3 min de lectura<\/p>\n<\/div><div class=\"fusion-title title fusion-title-2 fusion-sep-none fusion-title-center fusion-title-text fusion-title-size-two\" style=\"--awb-margin-top:30px;--awb-margin-bottom:20px;\"><h2 class=\"title-heading-center fusion-responsive-typography-calculated\" style=\"margin:0;--fontSize:50;line-height:1.28;\">Termix colabora en la nueva pel\u00edcula \u201cPau Casals\u201d<\/h2><\/div><div class=\"fusion-clearfix\"><\/div><\/div><\/div><\/div><\/div><div class=\"fusion-fullwidth fullwidth-box fusion-builder-row-3 nonhundred-percent-fullwidth non-hundred-percent-height-scrolling\" style=\"--awb-border-radius-top-left:0px;--awb-border-radius-top-right:0px;--awb-border-radius-bottom-right:0px;--awb-border-radius-bottom-left:0px;--awb-padding-top:10px;--awb-padding-bottom:4%;\" ><div class=\"fusion-builder-row fusion-row\"><div class=\"fusion-layout-column fusion_builder_column fusion-builder-column-3 fusion_builder_column_1_6 1_6 fusion-one-sixth fusion-column-first fusion-no-small-visibility fusion-no-medium-visibility\" style=\"--awb-bg-size:cover;width:16.666666666667%;width:calc(16.666666666667% - ( ( 0 ) * 0.16666666666667 ) );margin-right: 0px;\"><div class=\"fusion-column-wrapper fusion-flex-column-wrapper-legacy\"><div class=\"fusion-clearfix\"><\/div><\/div><\/div><div class=\"fusion-layout-column fusion_builder_column fusion-builder-column-4 fusion_builder_column_2_3 2_3 fusion-two-third fusion-column-last\" style=\"--awb-bg-size:cover;width:66.666666666667%;width:calc(66.666666666667% - ( ( 0 ) * 0.66666666666667 ) );\"><div class=\"fusion-column-wrapper fusion-flex-column-wrapper-legacy\"><div class=\"fusion-sep-clear\"><\/div><div class=\"fusion-separator fusion-full-width-sep\" style=\"margin-left: auto;margin-right: auto;margin-top:30px;width:100%;\"><\/div><div class=\"fusion-sep-clear\"><\/div><div class=\"fusion-text fusion-text-3\"><p style=\"text-align: center;\"><span style=\"font-size: 22px; line-height: 1.5em;\"> Peinados de \u00e9poca para ilustrar la vida en el exilio en los a\u00f1os 40 y 50 del ilustre violonchelista Pau Casals. Termix vuelve a la pantalla de la mano de la nueva producci\u00f3n de TV3, Pau Casals en nuestro firme compromiso de apoyo al cine. El equipo de peluquer\u00eda, liderado por la estilista Laura Bruy, ha confiado en los \u00faltimos lanzamientos como el cepillo Evo XL o las nuevas m\u00e1quinas de corte y contornos para el riguroso cuidado del cabello de los actores.<\/span><\/p>\n<\/div><div class=\"fusion-sep-clear\"><\/div><div class=\"fusion-separator fusion-full-width-sep\" style=\"margin-left: auto;margin-right: auto;margin-top:30px;width:100%;\"><\/div><div class=\"fusion-sep-clear\"><\/div><div class=\"fusion-text fusion-text-4\"><h3 style=\"text-align: justify;\"><\/h3>\n<p style=\"text-align: justify;\"><strong>Termix ha participado con equipo de peluquer\u00eda en el set de rodaje de la pel\u00edcula Pau Casals<\/strong>, dirigida por Manuel Herga. La nueva producci\u00f3n de TV3 cuenta con un exquisito elenco de actores como Carme Sansa, Marc Cartes, Nao Alber y David Bages, entre otros, teniendo como protagonista a Joan Pera, que encarna el personaje del ilustre Pau Casals.<\/p>\n<p style=\"text-align: justify;\">El telefilm trata sobre la vida en el exilio del maestro violonchelista Pau Casals en Prades, Francia, durante los a\u00f1os 40 y 50. \u201c<em><strong>Personajes como reputados m\u00fasicos internacionales con refinados estilos, asistentes ilustres a conciertos y se\u00f1oras con peinados imposibles, soldados alemanes con un escalado extremadamente exigente,\u00a0 gente del pueblo llano con aspecto aparentemente sin cuidar\u2026todos ellos forman parte del engranaje de esta obra y son veraces, gracias a tener herramientas de gran calidad y precisi\u00f3n de TERMIX<\/strong>\u201d, <\/em>asegura Laura Bruy, directora del equipo de peluquer\u00eda.<\/p>\n<p><img decoding=\"async\" class=\"alignnone size-full wp-image-23056\" src=\"https:\/\/termix.net\/blog\/wp-content\/uploads\/2017\/01\/IMG_7044.jpg\" alt=\"termix-con-la-nueva-pelicula-pau-casals\" width=\"640\" height=\"480\" srcset=\"https:\/\/termix.net\/blog\/wp-content\/uploads\/2017\/01\/IMG_7044-200x150.jpg 200w, https:\/\/termix.net\/blog\/wp-content\/uploads\/2017\/01\/IMG_7044-300x225.jpg 300w, https:\/\/termix.net\/blog\/wp-content\/uploads\/2017\/01\/IMG_7044-400x300.jpg 400w, https:\/\/termix.net\/blog\/wp-content\/uploads\/2017\/01\/IMG_7044-600x450.jpg 600w, https:\/\/termix.net\/blog\/wp-content\/uploads\/2017\/01\/IMG_7044.jpg 640w\" sizes=\"(max-width: 640px) 100vw, 640px\" \/><\/p>\n<p style=\"text-align: justify;\"><strong>La estilista ha confiado en Termix para hacer todos los peinados de \u00e9poca que ha requerido la pel\u00edcula\u00a0 y que se caracterizan por su volumen, cardados y rizos<\/strong>. Para ello, han confiado en el poder y ventajas del cepillo Evolution XL, entre otros, cuyo nuevo tama\u00f1o ayuda a potenciar el volumen y le permite crear un amplio abanico de peinados y estilos.<\/p>\n<p><img decoding=\"async\" class=\"alignnone size-full wp-image-23060\" src=\"https:\/\/termix.net\/blog\/wp-content\/uploads\/2017\/01\/IMG_7151.jpg\" alt=\"termix-con-la-nueva-pelicula-pau-casals\" width=\"640\" height=\"562\" srcset=\"https:\/\/termix.net\/blog\/wp-content\/uploads\/2017\/01\/IMG_7151-200x176.jpg 200w, https:\/\/termix.net\/blog\/wp-content\/uploads\/2017\/01\/IMG_7151-300x263.jpg 300w, https:\/\/termix.net\/blog\/wp-content\/uploads\/2017\/01\/IMG_7151-400x351.jpg 400w, https:\/\/termix.net\/blog\/wp-content\/uploads\/2017\/01\/IMG_7151-600x527.jpg 600w, https:\/\/termix.net\/blog\/wp-content\/uploads\/2017\/01\/IMG_7151.jpg 640w\" sizes=\"(max-width: 640px) 100vw, 640px\" \/><\/p>\n<p>No obstante, las m\u00e1quinas de Termix tambi\u00e9n han tenido su protagonismo.\u00a0 La m\u00e1quina de corte y la m\u00e1quina de contornos, Power Cut y Styling Cut respectivamente, han sido muy vers\u00e1tiles para el trabajo de rodaje y han ayudado a adaptar los looks de \u00e9poca de los actores.\u00a0 \u201cLa m\u00e1quina de corte ha sido de gran ayuda para crear esos cortes de pelo muy marcados como los de los alemanes de aquella \u00e9poca. Gracias a su pantalla con indicador de minutos restantes y la duraci\u00f3n de la bater\u00eda, ha sido fant\u00e1stica para no tener ninguna sorpresa en el set de rodaje\u201d, asegura Laura Bruy. \u201cMientras que la m\u00e1quina de contornos ha facilitado el trabajo de precisi\u00f3n de algunos peinados de los personajes de \u00e9poca, perfecta para hacer retoques, \u00a0incluso de la barba\u201d, a\u00f1ade.<\/p>\n<p><img decoding=\"async\" class=\"alignnone size-full wp-image-23058\" src=\"https:\/\/termix.net\/blog\/wp-content\/uploads\/2017\/01\/IMG_7142.jpg\" alt=\"termix-con-la-nueva-pelicula-pau-casals\" width=\"1600\" height=\"1600\" srcset=\"https:\/\/termix.net\/blog\/wp-content\/uploads\/2017\/01\/IMG_7142-66x66.jpg 66w, https:\/\/termix.net\/blog\/wp-content\/uploads\/2017\/01\/IMG_7142-150x150.jpg 150w, https:\/\/termix.net\/blog\/wp-content\/uploads\/2017\/01\/IMG_7142-200x200.jpg 200w, https:\/\/termix.net\/blog\/wp-content\/uploads\/2017\/01\/IMG_7142-300x300.jpg 300w, https:\/\/termix.net\/blog\/wp-content\/uploads\/2017\/01\/IMG_7142-400x400.jpg 400w, https:\/\/termix.net\/blog\/wp-content\/uploads\/2017\/01\/IMG_7142-600x600.jpg 600w, https:\/\/termix.net\/blog\/wp-content\/uploads\/2017\/01\/IMG_7142-768x768.jpg 768w, https:\/\/termix.net\/blog\/wp-content\/uploads\/2017\/01\/IMG_7142-800x800.jpg 800w, https:\/\/termix.net\/blog\/wp-content\/uploads\/2017\/01\/IMG_7142-1024x1024.jpg 1024w, https:\/\/termix.net\/blog\/wp-content\/uploads\/2017\/01\/IMG_7142-1200x1200.jpg 1200w, https:\/\/termix.net\/blog\/wp-content\/uploads\/2017\/01\/IMG_7142.jpg 1600w\" sizes=\"(max-width: 1600px) 100vw, 1600px\" \/><\/p>\n<p style=\"text-align: justify;\">Desde Termix queremos agradecer el haber podido formar parte de este equipo que ha hecho posible un gran trabajo de peluquer\u00eda.<\/p>\n<\/div><div class=\"fusion-clearfix\"><\/div><\/div><\/div><\/div><\/div><div class=\"fusion-fullwidth fullwidth-box fusion-builder-row-4 nonhundred-percent-fullwidth non-hundred-percent-height-scrolling\" style=\"--awb-border-radius-top-left:0px;--awb-border-radius-top-right:0px;--awb-border-radius-bottom-right:0px;--awb-border-radius-bottom-left:0px;\" ><\/div><\/p>\n","protected":false},"excerpt":{"rendered":"<p>\t\t\t\tTermix vuelve a la pantalla de la mano de la nueva producci\u00f3n de TV3, Pau Casals en nuestro firme compromiso de apoyo al cine. El equipo de peluquer\u00eda, liderado por la estilista Laura Bruy, ha confiado en los \u00faltimos lanzamientos como el cepillo Evo XL o las nuevas m\u00e1quinas de corte y contornos para el riguroso cuidado del cabello de los actores.\t\t<\/p>\n","protected":false},"author":2,"featured_media":23060,"comment_status":"open","ping_status":"open","sticky":false,"template":"","format":"standard","meta":[],"categories":[6],"tags":[],"yoast_head":"<!-- This site is optimized with the Yoast SEO plugin v20.0 - https:\/\/yoast.com\/wordpress\/plugins\/seo\/ -->\n<title>Termix colabora con la pel\u00edcula Pau Casals<\/title>\n<meta name=\"description\" content=\"Termix vuelve a la pantalla de la mano de la nueva producci\u00f3n de TV3, Pau Casals en nuestro firme compromiso de apoyo al cine.\" \/>\n<meta name=\"robots\" content=\"index, follow, max-snippet:-1, max-image-preview:large, max-video-preview:-1\" \/>\n<link rel=\"canonical\" href=\"https:\/\/termix.net\/blog\/es\/termix-con-la-nueva-pelicula-pau-casals\/\" \/>\n<meta property=\"og:locale\" content=\"es_ES\" \/>\n<meta property=\"og:type\" content=\"article\" \/>\n<meta property=\"og:title\" content=\"Termix colabora con la pel\u00edcula Pau Casals\" \/>\n<meta property=\"og:description\" content=\"Termix vuelve a la pantalla de la mano de la nueva producci\u00f3n de TV3, Pau Casals en nuestro firme compromiso de apoyo al cine.\" \/>\n<meta property=\"og:url\" content=\"https:\/\/termix.net\/blog\/es\/termix-con-la-nueva-pelicula-pau-casals\/\" \/>\n<meta property=\"og:site_name\" content=\"Blog Termix Spain\" \/>\n<meta property=\"article:published_time\" content=\"2017-01-16T11:07:28+00:00\" \/>\n<meta property=\"article:modified_time\" content=\"2019-12-16T11:27:16+00:00\" \/>\n<meta property=\"og:image\" content=\"https:\/\/termix.net\/blog\/wp-content\/uploads\/2017\/01\/IMG_7151.jpg\" \/>\n\t<meta property=\"og:image:width\" content=\"640\" \/>\n\t<meta property=\"og:image:height\" content=\"562\" \/>\n\t<meta property=\"og:image:type\" content=\"image\/jpeg\" \/>\n<meta name=\"author\" content=\"TermixTeam\" \/>\n<meta name=\"twitter:card\" content=\"summary_large_image\" \/>\n<meta name=\"twitter:label1\" content=\"Escrito por\" \/>\n\t<meta name=\"twitter:data1\" content=\"TermixTeam\" \/>\n\t<meta name=\"twitter:label2\" content=\"Tiempo de lectura\" \/>\n\t<meta name=\"twitter:data2\" content=\"8 minutos\" \/>\n<script type=\"application\/ld+json\" class=\"yoast-schema-graph\">{\"@context\":\"https:\/\/schema.org\",\"@graph\":[{\"@type\":\"Article\",\"@id\":\"https:\/\/termix.net\/blog\/es\/termix-con-la-nueva-pelicula-pau-casals\/#article\",\"isPartOf\":{\"@id\":\"https:\/\/termix.net\/blog\/es\/termix-con-la-nueva-pelicula-pau-casals\/\"},\"author\":{\"name\":\"TermixTeam\",\"@id\":\"https:\/\/termix.net\/blog\/es\/#\/schema\/person\/9096c98bdf03c8ddf91ad7172f254f40\"},\"headline\":\"Termix colabora en la nueva pel\u00edcula \u201cPau Casals\u201d\",\"datePublished\":\"2017-01-16T11:07:28+00:00\",\"dateModified\":\"2019-12-16T11:27:16+00:00\",\"mainEntityOfPage\":{\"@id\":\"https:\/\/termix.net\/blog\/es\/termix-con-la-nueva-pelicula-pau-casals\/\"},\"wordCount\":1641,\"commentCount\":0,\"publisher\":{\"@id\":\"https:\/\/termix.net\/blog\/es\/#organization\"},\"articleSection\":[\"NOTICIAS\"],\"inLanguage\":\"es\",\"potentialAction\":[{\"@type\":\"CommentAction\",\"name\":\"Comment\",\"target\":[\"https:\/\/termix.net\/blog\/es\/termix-con-la-nueva-pelicula-pau-casals\/#respond\"]}]},{\"@type\":\"WebPage\",\"@id\":\"https:\/\/termix.net\/blog\/es\/termix-con-la-nueva-pelicula-pau-casals\/\",\"url\":\"https:\/\/termix.net\/blog\/es\/termix-con-la-nueva-pelicula-pau-casals\/\",\"name\":\"Termix colabora con la pel\u00edcula Pau Casals\",\"isPartOf\":{\"@id\":\"https:\/\/termix.net\/blog\/es\/#website\"},\"datePublished\":\"2017-01-16T11:07:28+00:00\",\"dateModified\":\"2019-12-16T11:27:16+00:00\",\"description\":\"Termix vuelve a la pantalla de la mano de la nueva producci\u00f3n de TV3, Pau Casals en nuestro firme compromiso de apoyo al cine.\",\"breadcrumb\":{\"@id\":\"https:\/\/termix.net\/blog\/es\/termix-con-la-nueva-pelicula-pau-casals\/#breadcrumb\"},\"inLanguage\":\"es\",\"potentialAction\":[{\"@type\":\"ReadAction\",\"target\":[\"https:\/\/termix.net\/blog\/es\/termix-con-la-nueva-pelicula-pau-casals\/\"]}]},{\"@type\":\"BreadcrumbList\",\"@id\":\"https:\/\/termix.net\/blog\/es\/termix-con-la-nueva-pelicula-pau-casals\/#breadcrumb\",\"itemListElement\":[{\"@type\":\"ListItem\",\"position\":1,\"name\":\"Home\",\"item\":\"https:\/\/termix.net\/blog\/es\/\"},{\"@type\":\"ListItem\",\"position\":2,\"name\":\"Termix colabora en la nueva pel\u00edcula \u201cPau Casals\u201d\"}]},{\"@type\":\"WebSite\",\"@id\":\"https:\/\/termix.net\/blog\/es\/#website\",\"url\":\"https:\/\/termix.net\/blog\/es\/\",\"name\":\"Blog Termix Spain\",\"description\":\"Blog de tendencias y productos de peluquer\u00eda profesional.\",\"publisher\":{\"@id\":\"https:\/\/termix.net\/blog\/es\/#organization\"},\"potentialAction\":[{\"@type\":\"SearchAction\",\"target\":{\"@type\":\"EntryPoint\",\"urlTemplate\":\"https:\/\/termix.net\/blog\/es\/?s={search_term_string}\"},\"query-input\":\"required name=search_term_string\"}],\"inLanguage\":\"es\"},{\"@type\":\"Organization\",\"@id\":\"https:\/\/termix.net\/blog\/es\/#organization\",\"name\":\"Dols Industrial de Peluquer\u00eda SA\",\"url\":\"https:\/\/termix.net\/blog\/es\/\",\"logo\":{\"@type\":\"ImageObject\",\"inLanguage\":\"es\",\"@id\":\"https:\/\/termix.net\/blog\/es\/#\/schema\/logo\/image\/\",\"url\":\"https:\/\/termix.net\/blog\/wp-content\/uploads\/2020\/10\/OGbDAeng.jpeg\",\"contentUrl\":\"https:\/\/termix.net\/blog\/wp-content\/uploads\/2020\/10\/OGbDAeng.jpeg\",\"width\":800,\"height\":800,\"caption\":\"Dols Industrial de Peluquer\u00eda SA\"},\"image\":{\"@id\":\"https:\/\/termix.net\/blog\/es\/#\/schema\/logo\/image\/\"}},{\"@type\":\"Person\",\"@id\":\"https:\/\/termix.net\/blog\/es\/#\/schema\/person\/9096c98bdf03c8ddf91ad7172f254f40\",\"name\":\"TermixTeam\",\"image\":{\"@type\":\"ImageObject\",\"inLanguage\":\"es\",\"@id\":\"https:\/\/termix.net\/blog\/es\/#\/schema\/person\/image\/\",\"url\":\"https:\/\/secure.gravatar.com\/avatar\/d89f61f6bd1c29a4acb231736d1c74b3?s=96&d=mm&r=g\",\"contentUrl\":\"https:\/\/secure.gravatar.com\/avatar\/d89f61f6bd1c29a4acb231736d1c74b3?s=96&d=mm&r=g\",\"caption\":\"TermixTeam\"},\"url\":\"https:\/\/termix.net\/blog\/es\/author\/termixteam\/\"}]}<\/script>\n<!-- \/ Yoast SEO plugin. -->","yoast_head_json":{"title":"Termix colabora con la pel\u00edcula Pau Casals","description":"Termix vuelve a la pantalla de la mano de la nueva producci\u00f3n de TV3, Pau Casals en nuestro firme compromiso de apoyo al cine.","robots":{"index":"index","follow":"follow","max-snippet":"max-snippet:-1","max-image-preview":"max-image-preview:large","max-video-preview":"max-video-preview:-1"},"canonical":"https:\/\/termix.net\/blog\/es\/termix-con-la-nueva-pelicula-pau-casals\/","og_locale":"es_ES","og_type":"article","og_title":"Termix colabora con la pel\u00edcula Pau Casals","og_description":"Termix vuelve a la pantalla de la mano de la nueva producci\u00f3n de TV3, Pau Casals en nuestro firme compromiso de apoyo al cine.","og_url":"https:\/\/termix.net\/blog\/es\/termix-con-la-nueva-pelicula-pau-casals\/","og_site_name":"Blog Termix Spain","article_published_time":"2017-01-16T11:07:28+00:00","article_modified_time":"2019-12-16T11:27:16+00:00","og_image":[{"width":640,"height":562,"url":"https:\/\/termix.net\/blog\/wp-content\/uploads\/2017\/01\/IMG_7151.jpg","type":"image\/jpeg"}],"author":"TermixTeam","twitter_card":"summary_large_image","twitter_misc":{"Escrito por":"TermixTeam","Tiempo de lectura":"8 minutos"},"schema":{"@context":"https:\/\/schema.org","@graph":[{"@type":"Article","@id":"https:\/\/termix.net\/blog\/es\/termix-con-la-nueva-pelicula-pau-casals\/#article","isPartOf":{"@id":"https:\/\/termix.net\/blog\/es\/termix-con-la-nueva-pelicula-pau-casals\/"},"author":{"name":"TermixTeam","@id":"https:\/\/termix.net\/blog\/es\/#\/schema\/person\/9096c98bdf03c8ddf91ad7172f254f40"},"headline":"Termix colabora en la nueva pel\u00edcula \u201cPau Casals\u201d","datePublished":"2017-01-16T11:07:28+00:00","dateModified":"2019-12-16T11:27:16+00:00","mainEntityOfPage":{"@id":"https:\/\/termix.net\/blog\/es\/termix-con-la-nueva-pelicula-pau-casals\/"},"wordCount":1641,"commentCount":0,"publisher":{"@id":"https:\/\/termix.net\/blog\/es\/#organization"},"articleSection":["NOTICIAS"],"inLanguage":"es","potentialAction":[{"@type":"CommentAction","name":"Comment","target":["https:\/\/termix.net\/blog\/es\/termix-con-la-nueva-pelicula-pau-casals\/#respond"]}]},{"@type":"WebPage","@id":"https:\/\/termix.net\/blog\/es\/termix-con-la-nueva-pelicula-pau-casals\/","url":"https:\/\/termix.net\/blog\/es\/termix-con-la-nueva-pelicula-pau-casals\/","name":"Termix colabora con la pel\u00edcula Pau Casals","isPartOf":{"@id":"https:\/\/termix.net\/blog\/es\/#website"},"datePublished":"2017-01-16T11:07:28+00:00","dateModified":"2019-12-16T11:27:16+00:00","description":"Termix vuelve a la pantalla de la mano de la nueva producci\u00f3n de TV3, Pau Casals en nuestro firme compromiso de apoyo al cine.","breadcrumb":{"@id":"https:\/\/termix.net\/blog\/es\/termix-con-la-nueva-pelicula-pau-casals\/#breadcrumb"},"inLanguage":"es","potentialAction":[{"@type":"ReadAction","target":["https:\/\/termix.net\/blog\/es\/termix-con-la-nueva-pelicula-pau-casals\/"]}]},{"@type":"BreadcrumbList","@id":"https:\/\/termix.net\/blog\/es\/termix-con-la-nueva-pelicula-pau-casals\/#breadcrumb","itemListElement":[{"@type":"ListItem","position":1,"name":"Home","item":"https:\/\/termix.net\/blog\/es\/"},{"@type":"ListItem","position":2,"name":"Termix colabora en la nueva pel\u00edcula \u201cPau Casals\u201d"}]},{"@type":"WebSite","@id":"https:\/\/termix.net\/blog\/es\/#website","url":"https:\/\/termix.net\/blog\/es\/","name":"Blog Termix Spain","description":"Blog de tendencias y productos de peluquer\u00eda profesional.","publisher":{"@id":"https:\/\/termix.net\/blog\/es\/#organization"},"potentialAction":[{"@type":"SearchAction","target":{"@type":"EntryPoint","urlTemplate":"https:\/\/termix.net\/blog\/es\/?s={search_term_string}"},"query-input":"required name=search_term_string"}],"inLanguage":"es"},{"@type":"Organization","@id":"https:\/\/termix.net\/blog\/es\/#organization","name":"Dols Industrial de Peluquer\u00eda SA","url":"https:\/\/termix.net\/blog\/es\/","logo":{"@type":"ImageObject","inLanguage":"es","@id":"https:\/\/termix.net\/blog\/es\/#\/schema\/logo\/image\/","url":"https:\/\/termix.net\/blog\/wp-content\/uploads\/2020\/10\/OGbDAeng.jpeg","contentUrl":"https:\/\/termix.net\/blog\/wp-content\/uploads\/2020\/10\/OGbDAeng.jpeg","width":800,"height":800,"caption":"Dols Industrial de Peluquer\u00eda SA"},"image":{"@id":"https:\/\/termix.net\/blog\/es\/#\/schema\/logo\/image\/"}},{"@type":"Person","@id":"https:\/\/termix.net\/blog\/es\/#\/schema\/person\/9096c98bdf03c8ddf91ad7172f254f40","name":"TermixTeam","image":{"@type":"ImageObject","inLanguage":"es","@id":"https:\/\/termix.net\/blog\/es\/#\/schema\/person\/image\/","url":"https:\/\/secure.gravatar.com\/avatar\/d89f61f6bd1c29a4acb231736d1c74b3?s=96&d=mm&r=g","contentUrl":"https:\/\/secure.gravatar.com\/avatar\/d89f61f6bd1c29a4acb231736d1c74b3?s=96&d=mm&r=g","caption":"TermixTeam"},"url":"https:\/\/termix.net\/blog\/es\/author\/termixteam\/"}]}},"_links":{"self":[{"href":"https:\/\/termix.net\/blog\/es\/wp-json\/wp\/v2\/posts\/8585"}],"collection":[{"href":"https:\/\/termix.net\/blog\/es\/wp-json\/wp\/v2\/posts"}],"about":[{"href":"https:\/\/termix.net\/blog\/es\/wp-json\/wp\/v2\/types\/post"}],"author":[{"embeddable":true,"href":"https:\/\/termix.net\/blog\/es\/wp-json\/wp\/v2\/users\/2"}],"replies":[{"embeddable":true,"href":"https:\/\/termix.net\/blog\/es\/wp-json\/wp\/v2\/comments?post=8585"}],"version-history":[{"count":3,"href":"https:\/\/termix.net\/blog\/es\/wp-json\/wp\/v2\/posts\/8585\/revisions"}],"predecessor-version":[{"id":23063,"href":"https:\/\/termix.net\/blog\/es\/wp-json\/wp\/v2\/posts\/8585\/revisions\/23063"}],"wp:featuredmedia":[{"embeddable":true,"href":"https:\/\/termix.net\/blog\/es\/wp-json\/wp\/v2\/media\/23060"}],"wp:attachment":[{"href":"https:\/\/termix.net\/blog\/es\/wp-json\/wp\/v2\/media?parent=8585"}],"wp:term":[{"taxonomy":"category","embeddable":true,"href":"https:\/\/termix.net\/blog\/es\/wp-json\/wp\/v2\/categories?post=8585"},{"taxonomy":"post_tag","embeddable":true,"href":"https:\/\/termix.net\/blog\/es\/wp-json\/wp\/v2\/tags?post=8585"}],"curies":[{"name":"wp","href":"https:\/\/api.w.org\/{rel}","templated":true}]}}