{"id":8487,"date":"2016-12-20T09:48:03","date_gmt":"2016-12-20T09:48:03","guid":{"rendered":"http:\/\/termix.net\/?p=8487"},"modified":"2019-12-16T12:33:31","modified_gmt":"2019-12-16T11:33:31","slug":"termix-viaja-las-chicas-cosmetiktrip-cuida-cabello","status":"publish","type":"post","link":"https:\/\/termix.net\/blog\/es\/termix-viaja-las-chicas-cosmetiktrip-cuida-cabello\/","title":{"rendered":"Termix viaja con las chicas de Cosmetiktrip y cuida de su cabello"},"content":{"rendered":"<p><div class=\"fusion-fullwidth fullwidth-box fusion-builder-row-1 faded-background fusion-parallax-none nonhundred-percent-fullwidth non-hundred-percent-height-scrolling fusion-no-small-visibility fusion-no-medium-visibility\" style=\"--awb-border-radius-top-left:0px;--awb-border-radius-top-right:0px;--awb-border-radius-bottom-right:0px;--awb-border-radius-bottom-left:0px;--awb-padding-top:24%;--awb-padding-right:3%;--awb-padding-left:3%;--awb-background-size:cover;\" ><div class=\"fullwidth-faded\" style=\"--awb-background-color:#181818;--awb-background-image:url(https:\/\/termix.net\/blog\/wp-content\/uploads\/2016\/12\/Termix-participante-en-CosmetikTrip.jpg);--awb-background-size:cover;\" ><\/div><div class=\"fusion-builder-row fusion-row\"><div class=\"fusion-layout-column fusion_builder_column fusion-builder-column-0 fusion_builder_column_1_1 1_1 fusion-one-full fusion-column-first fusion-column-last\" style=\"--awb-padding-top:6%;--awb-padding-right:8%;--awb-padding-bottom:6%;--awb-padding-left:8%;--awb-bg-color:rgba(255,255,255,0.7);--awb-bg-size:cover;--awb-margin-top:0px;--awb-margin-bottom:0px;\"><div class=\"fusion-column-wrapper fusion-column-has-shadow fusion-flex-column-wrapper-legacy\"><div class=\"fusion-text fusion-text-1 caption\"><p style=\"text-align: center;\">Eventos \u2014 3 min de lectura<\/p>\n<\/div><div class=\"fusion-title title fusion-title-1 fusion-sep-none fusion-title-center fusion-title-text fusion-title-size-two\" style=\"--awb-margin-top:30px;--awb-margin-bottom:20px;\"><h2 class=\"title-heading-center fusion-responsive-typography-calculated\" style=\"margin:0;--fontSize:50;line-height:1.28;\">Termix viaja con las chicas de Cosmetiktrip y cuida de su cabello<\/h2><\/div><div class=\"fusion-clearfix\"><\/div><\/div><\/div><\/div><\/div><div class=\"fusion-fullwidth fullwidth-box fusion-builder-row-2 fusion-parallax-none nonhundred-percent-fullwidth non-hundred-percent-height-scrolling fusion-no-large-visibility\" style=\"--awb-border-radius-top-left:0px;--awb-border-radius-top-right:0px;--awb-border-radius-bottom-right:0px;--awb-border-radius-bottom-left:0px;--awb-background-image:url(&quot;https:\/\/termix.net\/blog\/wp-content\/uploads\/2019\/11\/con-el-secador-compacto-profesioanl-4300-de-termix-damos-volumen-al-cabello-1.jpg&quot;);--awb-background-size:cover;\" ><div class=\"fusion-builder-row fusion-row\"><div class=\"fusion-layout-column fusion_builder_column fusion-builder-column-1 fusion_builder_column_1_1 1_1 fusion-one-full fusion-column-first fusion-column-last fusion-column-inner-bg-wrapper\" style=\"--awb-padding-top:10%;--awb-padding-bottom:10%;--awb-inner-bg-image:url(&#039;http:\/\/termix.net\/blog\/wp-content\/uploads\/2019\/03\/single-blog-post-feat.jpg&#039;);--awb-inner-bg-position:center center;--awb-inner-bg-size:cover;\"><span class=\"fusion-column-inner-bg hover-type-zoomout\"><span class=\"fusion-column-anchor\"><span class=\"fusion-column-inner-bg-image\"><\/span><\/span><\/span><div class=\"fusion-column-wrapper fusion-flex-column-wrapper-legacy\" data-bg-url=\"http:\/\/termix.net\/blog\/wp-content\/uploads\/2019\/03\/single-blog-post-feat.jpg\"><div class=\"fusion-sep-clear\"><\/div><div class=\"fusion-separator fusion-no-large-visibility fusion-full-width-sep\" style=\"margin-left: auto;margin-right: auto;margin-top:200px;width:100%;\"><\/div><div class=\"fusion-sep-clear\"><\/div><div class=\"fusion-clearfix\"><\/div><\/div><\/div><div class=\"fusion-layout-column fusion_builder_column fusion-builder-column-2 fusion_builder_column_1_1 1_1 fusion-one-full fusion-column-first fusion-column-last\" style=\"--awb-padding-top:6%;--awb-bg-color:#ffffff;--awb-bg-size:cover;--awb-margin-top:0px;--awb-margin-bottom:0px;\"><div class=\"fusion-column-wrapper fusion-flex-column-wrapper-legacy\"><div class=\"fusion-text fusion-text-2 caption\"><p style=\"text-align: center;\">Eventos \u2014 3 min de lectura<\/p>\n<\/div><div class=\"fusion-title title fusion-title-2 fusion-sep-none fusion-title-center fusion-title-text fusion-title-size-two\" style=\"--awb-margin-top:30px;--awb-margin-bottom:20px;\"><h2 class=\"title-heading-center fusion-responsive-typography-calculated\" style=\"margin:0;--fontSize:50;line-height:1.28;\">Termix viaja con las chicas de Cosmetiktrip y cuida de su cabello<\/h2><\/div><div class=\"fusion-clearfix\"><\/div><\/div><\/div><\/div><\/div><div class=\"fusion-fullwidth fullwidth-box fusion-builder-row-3 nonhundred-percent-fullwidth non-hundred-percent-height-scrolling\" style=\"--awb-border-radius-top-left:0px;--awb-border-radius-top-right:0px;--awb-border-radius-bottom-right:0px;--awb-border-radius-bottom-left:0px;--awb-padding-top:10px;--awb-padding-bottom:4%;\" ><div class=\"fusion-builder-row fusion-row\"><div class=\"fusion-layout-column fusion_builder_column fusion-builder-column-3 fusion_builder_column_1_6 1_6 fusion-one-sixth fusion-column-first fusion-no-small-visibility fusion-no-medium-visibility\" style=\"--awb-bg-size:cover;width:16.666666666667%;width:calc(16.666666666667% - ( ( 0 ) * 0.16666666666667 ) );margin-right: 0px;\"><div class=\"fusion-column-wrapper fusion-flex-column-wrapper-legacy\"><div class=\"fusion-clearfix\"><\/div><\/div><\/div><div class=\"fusion-layout-column fusion_builder_column fusion-builder-column-4 fusion_builder_column_2_3 2_3 fusion-two-third fusion-column-last\" style=\"--awb-bg-size:cover;width:66.666666666667%;width:calc(66.666666666667% - ( ( 0 ) * 0.66666666666667 ) );\"><div class=\"fusion-column-wrapper fusion-flex-column-wrapper-legacy\"><div class=\"fusion-sep-clear\"><\/div><div class=\"fusion-separator fusion-full-width-sep\" style=\"margin-left: auto;margin-right: auto;margin-top:30px;width:100%;\"><\/div><div class=\"fusion-sep-clear\"><\/div><div class=\"fusion-text fusion-text-3\"><p style=\"text-align: center;\"><strong><span style=\"font-size: 22px; line-height: 1.5em;\"> Fue una experiencia \u00fanica para los cinco sentidos. <\/span><\/strong><\/p>\n<p style=\"text-align: center;\"><span style=\"font-size: 22px; line-height: 1.5em;\">Barcelona fue la ciudad elegida y Termix una de las marcas participantes para celebrar el sexto a\u00f1o del evento CosmetikTrip, organizado por la experta en belleza Arantza Gonz\u00e1lez. Una iniciativa viajera que cont\u00f3 con las influencers de belleza y moda del momento que conocieron de primera mano las mejores propuestas beauty, entre las que no faltaron las de Termix con los \u00faltimos lanzamientos para el cuidado del cabello como los cepillos alisadores Pro Flat y Pro Styling o la Plancha de pelo 230\u00ba.<\/span><\/p>\n<\/div><div class=\"fusion-sep-clear\"><\/div><div class=\"fusion-separator fusion-full-width-sep\" style=\"margin-left: auto;margin-right: auto;margin-top:30px;width:100%;\"><\/div><div class=\"fusion-sep-clear\"><\/div><div class=\"fusion-text fusion-text-4\"><p><img decoding=\"async\" class=\"size-full wp-image-8489 aligncenter\" src=\"http:\/\/termix.net\/wp-content\/uploads\/2016\/12\/Termix-participante-en-CosmetikTrip.jpg\" alt=\"Termix participante en CosmetikTrip\" width=\"800\" height=\"495\" \/><\/p>\n<p style=\"text-align: justify;\">El cuidado del cabello y los trucos para conseguir los mejores peinados en poco tiempo centraron la visita del pasado 14 de diciembre al sal\u00f3n Vanitas Espai, donde se presentaron las \u00faltimas novedades Termix. Venidas de diferentes partes de Espa\u00f1a, <strong>Arantza Gonz\u00e1lez, Yael Maquieira, Laura Herder, Luc\u00eda Puebla, Miriam Vuides, Mar\u00eda Jos\u00e9 Cayuela, Ana Ramos, Judith Garc\u00eda, Raisa Falcao, Rebeca Labara y Sonia Mart\u00ednez\u00a0<\/strong> aprendieron a sacarle el m\u00e1ximo partido a sus melenas de una forma r\u00e1pida y sencilla. \u201cMe ha quedado el pelo liso y genial gracias el cepillo t\u00e9rmico #flatbrush de @termixoficial. Me encanta. Qu\u00e9 invento\u201d, resalt\u00f3 la blogger de <strong>Trends and Fashion, Mar\u00eda Jos\u00e9 Cayuela.<\/strong><\/p>\n<h3 style=\"text-align: justify;\"><em><img decoding=\"async\" class=\"size-full wp-image-8493 aligncenter\" src=\"http:\/\/termix.net\/wp-content\/uploads\/2016\/12\/CosmetikTrip6.jpg\" alt=\"Termix participa en el CosmetikTrip6\" width=\"800\" height=\"128\" \/><\/em><\/h3>\n<p style=\"text-align: justify;\">Algunas como Laura Herder quisieron darle forma a su cabello y cambiar por un d\u00eda de look: <strong>\u201cCambiando mi liso absoluto por ondas con el cepillo t\u00e9rmico de termix\u201d<\/strong> destacaba en su cuenta de Instagram. La beauty blogger de Telva, tambi\u00e9n maquilladora y peluquera, <strong>Yael Maquieira<\/strong> ya conoc\u00eda los productos Termix pero volvi\u00f3 a sorprenderse con los resultados de la Plancha de pelo 230\u00ba:<strong> \u201cMirar que pelazo me dejar ayer en Vanitas Espai con las planchas de Termix\u201d<\/strong>.<\/p>\n<p style=\"text-align: justify;\"><img decoding=\"async\" class=\"size-full wp-image-8488 aligncenter\" src=\"http:\/\/termix.net\/wp-content\/uploads\/2016\/12\/Las-bloggers-de-CosmetikTrip-utilizan-los-productos-Termix.jpg\" alt=\"Las bloggers de CosmetikTrip utilizan los productos Termix\" width=\"800\" height=\"495\" \/><\/p>\n<p style=\"text-align: justify;\">Cada una de ellas dej\u00f3 que su cabello fuese el protagonista y probaron todos los productos Termix, entre ellos tambi\u00e9n la raqueta de Termix y los cepillos de jabal\u00ed, para desenredar el cabello antes de peinarlo, y <strong>se dejaron aconsejar de c\u00f3mo cuidar su cabello con herramientas de calidad y elementos tan fundamentales como el regulador de temperatura en los cepillos el\u00e9ctricos alisadores y las planchas de pelo.<\/strong><\/p>\n<p style=\"text-align: justify;\"><img decoding=\"async\" class=\"size-full wp-image-8494 aligncenter\" src=\"http:\/\/termix.net\/wp-content\/uploads\/2016\/12\/Las-bloggers-de-CosmetikTrip-peinadas-con-los-productos-de-Termix.jpg\" alt=\"Las bloggers de CosmetikTrip peinadas con los productos de Termix\" width=\"800\" height=\"495\" \/><\/p>\n<p style=\"text-align: justify;\">El sector de la peluquer\u00eda y belleza cada vez est\u00e1 m\u00e1s en alza y continuamente est\u00e1 innovando con nuevos productos, as\u00ed es como surgi\u00f3 CosmetikTrip que pretende dar a conocer la oferta beauty de diferentes ciudades espa\u00f1olas a trav\u00e9s de las mejores influencers.<\/p>\n<\/div><div class=\"fusion-clearfix\"><\/div><\/div><\/div><\/div><\/div><div class=\"fusion-fullwidth fullwidth-box fusion-builder-row-4 nonhundred-percent-fullwidth non-hundred-percent-height-scrolling\" style=\"--awb-border-radius-top-left:0px;--awb-border-radius-top-right:0px;--awb-border-radius-bottom-right:0px;--awb-border-radius-bottom-left:0px;\" ><\/div><\/p>\n","protected":false},"excerpt":{"rendered":"<p>\t\t\t\tTermix fue una de las marcas participantes para celebrar la sexta edici\u00f3n de CosmetikTrip, un evento que cont\u00f3 con las influencers  del momento que conocieron de primera mano las novedades de Termix, como los cepillos alisadores o la Plancha de pelo 230\u00ba.\t\t<\/p>\n","protected":false},"author":2,"featured_media":23073,"comment_status":"open","ping_status":"open","sticky":false,"template":"","format":"standard","meta":[],"categories":[6],"tags":[],"yoast_head":"<!-- This site is optimized with the Yoast SEO plugin v20.0 - https:\/\/yoast.com\/wordpress\/plugins\/seo\/ -->\n<title>Termix viaja con las chicas de Cosmetiktrip y cuida de su cabello - Blog Termix Spain<\/title>\n<meta name=\"description\" content=\"Blog Termix Spain - Termix viaja con las chicas de Cosmetiktrip y cuida de su cabello -\" \/>\n<meta name=\"robots\" content=\"index, follow, max-snippet:-1, max-image-preview:large, max-video-preview:-1\" \/>\n<link rel=\"canonical\" href=\"https:\/\/termix.net\/blog\/es\/termix-viaja-las-chicas-cosmetiktrip-cuida-cabello\/\" \/>\n<meta property=\"og:locale\" content=\"es_ES\" \/>\n<meta property=\"og:type\" content=\"article\" \/>\n<meta property=\"og:title\" content=\"Termix viaja con las chicas de Cosmetiktrip y cuida de su cabello - Blog Termix Spain\" \/>\n<meta property=\"og:description\" content=\"Blog Termix Spain - Termix viaja con las chicas de Cosmetiktrip y cuida de su cabello -\" \/>\n<meta property=\"og:url\" content=\"https:\/\/termix.net\/blog\/es\/termix-viaja-las-chicas-cosmetiktrip-cuida-cabello\/\" \/>\n<meta property=\"og:site_name\" content=\"Blog Termix Spain\" \/>\n<meta property=\"article:published_time\" content=\"2016-12-20T09:48:03+00:00\" \/>\n<meta property=\"article:modified_time\" content=\"2019-12-16T11:33:31+00:00\" \/>\n<meta property=\"og:image\" content=\"https:\/\/termix.net\/blog\/wp-content\/uploads\/2016\/12\/Termix-participante-en-CosmetikTrip.jpg\" \/>\n\t<meta property=\"og:image:width\" content=\"800\" \/>\n\t<meta property=\"og:image:height\" content=\"495\" \/>\n\t<meta property=\"og:image:type\" content=\"image\/jpeg\" \/>\n<meta name=\"author\" content=\"TermixTeam\" \/>\n<meta name=\"twitter:card\" content=\"summary_large_image\" \/>\n<meta name=\"twitter:label1\" content=\"Escrito por\" \/>\n\t<meta name=\"twitter:data1\" content=\"TermixTeam\" \/>\n\t<meta name=\"twitter:label2\" content=\"Tiempo de lectura\" \/>\n\t<meta name=\"twitter:data2\" content=\"8 minutos\" \/>\n<script type=\"application\/ld+json\" class=\"yoast-schema-graph\">{\"@context\":\"https:\/\/schema.org\",\"@graph\":[{\"@type\":\"Article\",\"@id\":\"https:\/\/termix.net\/blog\/es\/termix-viaja-las-chicas-cosmetiktrip-cuida-cabello\/#article\",\"isPartOf\":{\"@id\":\"https:\/\/termix.net\/blog\/es\/termix-viaja-las-chicas-cosmetiktrip-cuida-cabello\/\"},\"author\":{\"name\":\"TermixTeam\",\"@id\":\"https:\/\/termix.net\/blog\/es\/#\/schema\/person\/9096c98bdf03c8ddf91ad7172f254f40\"},\"headline\":\"Termix viaja con las chicas de Cosmetiktrip y cuida de su cabello\",\"datePublished\":\"2016-12-20T09:48:03+00:00\",\"dateModified\":\"2019-12-16T11:33:31+00:00\",\"mainEntityOfPage\":{\"@id\":\"https:\/\/termix.net\/blog\/es\/termix-viaja-las-chicas-cosmetiktrip-cuida-cabello\/\"},\"wordCount\":1592,\"commentCount\":0,\"publisher\":{\"@id\":\"https:\/\/termix.net\/blog\/es\/#organization\"},\"articleSection\":[\"NOTICIAS\"],\"inLanguage\":\"es\",\"potentialAction\":[{\"@type\":\"CommentAction\",\"name\":\"Comment\",\"target\":[\"https:\/\/termix.net\/blog\/es\/termix-viaja-las-chicas-cosmetiktrip-cuida-cabello\/#respond\"]}]},{\"@type\":\"WebPage\",\"@id\":\"https:\/\/termix.net\/blog\/es\/termix-viaja-las-chicas-cosmetiktrip-cuida-cabello\/\",\"url\":\"https:\/\/termix.net\/blog\/es\/termix-viaja-las-chicas-cosmetiktrip-cuida-cabello\/\",\"name\":\"Termix viaja con las chicas de Cosmetiktrip y cuida de su cabello - Blog Termix Spain\",\"isPartOf\":{\"@id\":\"https:\/\/termix.net\/blog\/es\/#website\"},\"datePublished\":\"2016-12-20T09:48:03+00:00\",\"dateModified\":\"2019-12-16T11:33:31+00:00\",\"description\":\"Blog Termix Spain - Termix viaja con las chicas de Cosmetiktrip y cuida de su cabello -\",\"breadcrumb\":{\"@id\":\"https:\/\/termix.net\/blog\/es\/termix-viaja-las-chicas-cosmetiktrip-cuida-cabello\/#breadcrumb\"},\"inLanguage\":\"es\",\"potentialAction\":[{\"@type\":\"ReadAction\",\"target\":[\"https:\/\/termix.net\/blog\/es\/termix-viaja-las-chicas-cosmetiktrip-cuida-cabello\/\"]}]},{\"@type\":\"BreadcrumbList\",\"@id\":\"https:\/\/termix.net\/blog\/es\/termix-viaja-las-chicas-cosmetiktrip-cuida-cabello\/#breadcrumb\",\"itemListElement\":[{\"@type\":\"ListItem\",\"position\":1,\"name\":\"Home\",\"item\":\"https:\/\/termix.net\/blog\/es\/\"},{\"@type\":\"ListItem\",\"position\":2,\"name\":\"Termix viaja con las chicas de Cosmetiktrip y cuida de su cabello\"}]},{\"@type\":\"WebSite\",\"@id\":\"https:\/\/termix.net\/blog\/es\/#website\",\"url\":\"https:\/\/termix.net\/blog\/es\/\",\"name\":\"Blog Termix Spain\",\"description\":\"Blog de tendencias y productos de peluquer\u00eda profesional.\",\"publisher\":{\"@id\":\"https:\/\/termix.net\/blog\/es\/#organization\"},\"potentialAction\":[{\"@type\":\"SearchAction\",\"target\":{\"@type\":\"EntryPoint\",\"urlTemplate\":\"https:\/\/termix.net\/blog\/es\/?s={search_term_string}\"},\"query-input\":\"required name=search_term_string\"}],\"inLanguage\":\"es\"},{\"@type\":\"Organization\",\"@id\":\"https:\/\/termix.net\/blog\/es\/#organization\",\"name\":\"Dols Industrial de Peluquer\u00eda SA\",\"url\":\"https:\/\/termix.net\/blog\/es\/\",\"logo\":{\"@type\":\"ImageObject\",\"inLanguage\":\"es\",\"@id\":\"https:\/\/termix.net\/blog\/es\/#\/schema\/logo\/image\/\",\"url\":\"https:\/\/termix.net\/blog\/wp-content\/uploads\/2020\/10\/OGbDAeng.jpeg\",\"contentUrl\":\"https:\/\/termix.net\/blog\/wp-content\/uploads\/2020\/10\/OGbDAeng.jpeg\",\"width\":800,\"height\":800,\"caption\":\"Dols Industrial de Peluquer\u00eda SA\"},\"image\":{\"@id\":\"https:\/\/termix.net\/blog\/es\/#\/schema\/logo\/image\/\"}},{\"@type\":\"Person\",\"@id\":\"https:\/\/termix.net\/blog\/es\/#\/schema\/person\/9096c98bdf03c8ddf91ad7172f254f40\",\"name\":\"TermixTeam\",\"image\":{\"@type\":\"ImageObject\",\"inLanguage\":\"es\",\"@id\":\"https:\/\/termix.net\/blog\/es\/#\/schema\/person\/image\/\",\"url\":\"https:\/\/secure.gravatar.com\/avatar\/d89f61f6bd1c29a4acb231736d1c74b3?s=96&d=mm&r=g\",\"contentUrl\":\"https:\/\/secure.gravatar.com\/avatar\/d89f61f6bd1c29a4acb231736d1c74b3?s=96&d=mm&r=g\",\"caption\":\"TermixTeam\"},\"url\":\"https:\/\/termix.net\/blog\/es\/author\/termixteam\/\"}]}<\/script>\n<!-- \/ Yoast SEO plugin. -->","yoast_head_json":{"title":"Termix viaja con las chicas de Cosmetiktrip y cuida de su cabello - Blog Termix Spain","description":"Blog Termix Spain - Termix viaja con las chicas de Cosmetiktrip y cuida de su cabello -","robots":{"index":"index","follow":"follow","max-snippet":"max-snippet:-1","max-image-preview":"max-image-preview:large","max-video-preview":"max-video-preview:-1"},"canonical":"https:\/\/termix.net\/blog\/es\/termix-viaja-las-chicas-cosmetiktrip-cuida-cabello\/","og_locale":"es_ES","og_type":"article","og_title":"Termix viaja con las chicas de Cosmetiktrip y cuida de su cabello - Blog Termix Spain","og_description":"Blog Termix Spain - Termix viaja con las chicas de Cosmetiktrip y cuida de su cabello -","og_url":"https:\/\/termix.net\/blog\/es\/termix-viaja-las-chicas-cosmetiktrip-cuida-cabello\/","og_site_name":"Blog Termix Spain","article_published_time":"2016-12-20T09:48:03+00:00","article_modified_time":"2019-12-16T11:33:31+00:00","og_image":[{"width":800,"height":495,"url":"https:\/\/termix.net\/blog\/wp-content\/uploads\/2016\/12\/Termix-participante-en-CosmetikTrip.jpg","type":"image\/jpeg"}],"author":"TermixTeam","twitter_card":"summary_large_image","twitter_misc":{"Escrito por":"TermixTeam","Tiempo de lectura":"8 minutos"},"schema":{"@context":"https:\/\/schema.org","@graph":[{"@type":"Article","@id":"https:\/\/termix.net\/blog\/es\/termix-viaja-las-chicas-cosmetiktrip-cuida-cabello\/#article","isPartOf":{"@id":"https:\/\/termix.net\/blog\/es\/termix-viaja-las-chicas-cosmetiktrip-cuida-cabello\/"},"author":{"name":"TermixTeam","@id":"https:\/\/termix.net\/blog\/es\/#\/schema\/person\/9096c98bdf03c8ddf91ad7172f254f40"},"headline":"Termix viaja con las chicas de Cosmetiktrip y cuida de su cabello","datePublished":"2016-12-20T09:48:03+00:00","dateModified":"2019-12-16T11:33:31+00:00","mainEntityOfPage":{"@id":"https:\/\/termix.net\/blog\/es\/termix-viaja-las-chicas-cosmetiktrip-cuida-cabello\/"},"wordCount":1592,"commentCount":0,"publisher":{"@id":"https:\/\/termix.net\/blog\/es\/#organization"},"articleSection":["NOTICIAS"],"inLanguage":"es","potentialAction":[{"@type":"CommentAction","name":"Comment","target":["https:\/\/termix.net\/blog\/es\/termix-viaja-las-chicas-cosmetiktrip-cuida-cabello\/#respond"]}]},{"@type":"WebPage","@id":"https:\/\/termix.net\/blog\/es\/termix-viaja-las-chicas-cosmetiktrip-cuida-cabello\/","url":"https:\/\/termix.net\/blog\/es\/termix-viaja-las-chicas-cosmetiktrip-cuida-cabello\/","name":"Termix viaja con las chicas de Cosmetiktrip y cuida de su cabello - Blog Termix Spain","isPartOf":{"@id":"https:\/\/termix.net\/blog\/es\/#website"},"datePublished":"2016-12-20T09:48:03+00:00","dateModified":"2019-12-16T11:33:31+00:00","description":"Blog Termix Spain - Termix viaja con las chicas de Cosmetiktrip y cuida de su cabello -","breadcrumb":{"@id":"https:\/\/termix.net\/blog\/es\/termix-viaja-las-chicas-cosmetiktrip-cuida-cabello\/#breadcrumb"},"inLanguage":"es","potentialAction":[{"@type":"ReadAction","target":["https:\/\/termix.net\/blog\/es\/termix-viaja-las-chicas-cosmetiktrip-cuida-cabello\/"]}]},{"@type":"BreadcrumbList","@id":"https:\/\/termix.net\/blog\/es\/termix-viaja-las-chicas-cosmetiktrip-cuida-cabello\/#breadcrumb","itemListElement":[{"@type":"ListItem","position":1,"name":"Home","item":"https:\/\/termix.net\/blog\/es\/"},{"@type":"ListItem","position":2,"name":"Termix viaja con las chicas de Cosmetiktrip y cuida de su cabello"}]},{"@type":"WebSite","@id":"https:\/\/termix.net\/blog\/es\/#website","url":"https:\/\/termix.net\/blog\/es\/","name":"Blog Termix Spain","description":"Blog de tendencias y productos de peluquer\u00eda profesional.","publisher":{"@id":"https:\/\/termix.net\/blog\/es\/#organization"},"potentialAction":[{"@type":"SearchAction","target":{"@type":"EntryPoint","urlTemplate":"https:\/\/termix.net\/blog\/es\/?s={search_term_string}"},"query-input":"required name=search_term_string"}],"inLanguage":"es"},{"@type":"Organization","@id":"https:\/\/termix.net\/blog\/es\/#organization","name":"Dols Industrial de Peluquer\u00eda SA","url":"https:\/\/termix.net\/blog\/es\/","logo":{"@type":"ImageObject","inLanguage":"es","@id":"https:\/\/termix.net\/blog\/es\/#\/schema\/logo\/image\/","url":"https:\/\/termix.net\/blog\/wp-content\/uploads\/2020\/10\/OGbDAeng.jpeg","contentUrl":"https:\/\/termix.net\/blog\/wp-content\/uploads\/2020\/10\/OGbDAeng.jpeg","width":800,"height":800,"caption":"Dols Industrial de Peluquer\u00eda SA"},"image":{"@id":"https:\/\/termix.net\/blog\/es\/#\/schema\/logo\/image\/"}},{"@type":"Person","@id":"https:\/\/termix.net\/blog\/es\/#\/schema\/person\/9096c98bdf03c8ddf91ad7172f254f40","name":"TermixTeam","image":{"@type":"ImageObject","inLanguage":"es","@id":"https:\/\/termix.net\/blog\/es\/#\/schema\/person\/image\/","url":"https:\/\/secure.gravatar.com\/avatar\/d89f61f6bd1c29a4acb231736d1c74b3?s=96&d=mm&r=g","contentUrl":"https:\/\/secure.gravatar.com\/avatar\/d89f61f6bd1c29a4acb231736d1c74b3?s=96&d=mm&r=g","caption":"TermixTeam"},"url":"https:\/\/termix.net\/blog\/es\/author\/termixteam\/"}]}},"_links":{"self":[{"href":"https:\/\/termix.net\/blog\/es\/wp-json\/wp\/v2\/posts\/8487"}],"collection":[{"href":"https:\/\/termix.net\/blog\/es\/wp-json\/wp\/v2\/posts"}],"about":[{"href":"https:\/\/termix.net\/blog\/es\/wp-json\/wp\/v2\/types\/post"}],"author":[{"embeddable":true,"href":"https:\/\/termix.net\/blog\/es\/wp-json\/wp\/v2\/users\/2"}],"replies":[{"embeddable":true,"href":"https:\/\/termix.net\/blog\/es\/wp-json\/wp\/v2\/comments?post=8487"}],"version-history":[{"count":2,"href":"https:\/\/termix.net\/blog\/es\/wp-json\/wp\/v2\/posts\/8487\/revisions"}],"predecessor-version":[{"id":23136,"href":"https:\/\/termix.net\/blog\/es\/wp-json\/wp\/v2\/posts\/8487\/revisions\/23136"}],"wp:featuredmedia":[{"embeddable":true,"href":"https:\/\/termix.net\/blog\/es\/wp-json\/wp\/v2\/media\/23073"}],"wp:attachment":[{"href":"https:\/\/termix.net\/blog\/es\/wp-json\/wp\/v2\/media?parent=8487"}],"wp:term":[{"taxonomy":"category","embeddable":true,"href":"https:\/\/termix.net\/blog\/es\/wp-json\/wp\/v2\/categories?post=8487"},{"taxonomy":"post_tag","embeddable":true,"href":"https:\/\/termix.net\/blog\/es\/wp-json\/wp\/v2\/tags?post=8487"}],"curies":[{"name":"wp","href":"https:\/\/api.w.org\/{rel}","templated":true}]}}