{"id":8458,"date":"2016-12-10T12:55:07","date_gmt":"2016-12-10T12:55:07","guid":{"rendered":"http:\/\/termix.net\/?p=8458"},"modified":"2019-12-12T12:30:26","modified_gmt":"2019-12-12T11:30:26","slug":"termix-auspiciador-del-primer-congreso-internacional-barberia-peru","status":"publish","type":"post","link":"https:\/\/termix.net\/blog\/es\/termix-auspiciador-del-primer-congreso-internacional-barberia-peru\/","title":{"rendered":"Termix, auspiciador del primer Congreso Internacional de barber\u00eda en Per\u00fa"},"content":{"rendered":"<h1 style=\"text-align: center;\">Termix, auspiciador del primer Congreso Internacional de barber\u00eda en Per\u00fa<\/h1>\n<p>&nbsp;<\/p>\n<h3 style=\"text-align: center;\"><span style=\"color: #000000;\">Termix estuvo presente como auspiciador en el primer congreso de barber\u00eda que se realiz\u00f3 el pasado 4 de diciembre en el Hotel Sheraton<\/span>. En dicho evento, se tocaron temas de inter\u00e9s actual como el marketing digital para la barber\u00eda y su importancia hoy en d\u00eda en todos los negocios.<\/h3>\n<p>&nbsp;<\/p>\n<p>&nbsp;<\/p>\n<p><img decoding=\"async\" class=\"alignnone size-full wp-image-5552\" src=\"https:\/\/termix.net\/blog\/wp-content\/uploads\/2019\/11\/the-barber-kit-shows-how-packaging-can-affect-sales.jpg\" alt=\"primer-congreso-internacional-barberia-peru\" width=\"1160\" height=\"660\" srcset=\"https:\/\/termix.net\/blog\/wp-content\/uploads\/2019\/11\/the-barber-kit-shows-how-packaging-can-affect-sales-200x114.jpg 200w, https:\/\/termix.net\/blog\/wp-content\/uploads\/2019\/11\/the-barber-kit-shows-how-packaging-can-affect-sales-300x171.jpg 300w, https:\/\/termix.net\/blog\/wp-content\/uploads\/2019\/11\/the-barber-kit-shows-how-packaging-can-affect-sales-400x228.jpg 400w, https:\/\/termix.net\/blog\/wp-content\/uploads\/2019\/11\/the-barber-kit-shows-how-packaging-can-affect-sales-600x341.jpg 600w, https:\/\/termix.net\/blog\/wp-content\/uploads\/2019\/11\/the-barber-kit-shows-how-packaging-can-affect-sales-768x437.jpg 768w, https:\/\/termix.net\/blog\/wp-content\/uploads\/2019\/11\/the-barber-kit-shows-how-packaging-can-affect-sales-800x455.jpg 800w, https:\/\/termix.net\/blog\/wp-content\/uploads\/2019\/11\/the-barber-kit-shows-how-packaging-can-affect-sales-1024x583.jpg 1024w, https:\/\/termix.net\/blog\/wp-content\/uploads\/2019\/11\/the-barber-kit-shows-how-packaging-can-affect-sales.jpg 1160w\" sizes=\"(max-width: 1160px) 100vw, 1160px\" \/><\/p>\n<p style=\"text-align: justify;\">Los exponentes locales fueron barberos reconocidos como: Michael Ru\u00edz, Yesenia Arca, Harol Mi\u00f1ano y Jes\u00fas Salazar quienes conforman el Team Culture barber. En tarima expusieron sus trabajos, cada uno con un estilo bien definido.<\/p>\n<p>El plato de fondo fue la presentaci\u00f3n de Pacinos, reconocido barbero internacional quien derroch\u00f3 todo su talento, carisma y profesionalismo en su presentaci\u00f3n.<\/p>\n<p style=\"text-align: justify;\">En escena todos los barberos usaron y recomendaron los cepillos t\u00e9rmicos <strong>Evolution Plus<\/strong> de Termix, as\u00ed como las nuevas m\u00e1quinas de corte <strong>Power Cut<\/strong> y de contornos <strong>Styling Cut<\/strong>. Todo esto, \u00a0resaltando la precisi\u00f3n y calidad de los mismos en la realizaci\u00f3n de sus trabajos como el famoso peinado pompadour. Y recalcando la importancia de invertir en herramientas de buena calidad y reconocidas mundialmente como Termix.<\/p>\n","protected":false},"excerpt":{"rendered":"<p>\t\t\t\tTermix estuvo presente como auspiciador en el primer congreso de barber\u00eda que se realiz\u00f3 el pasado 4 de diciembre en el Hotel Sheraton. En dicho evento, se tocaron temas de inter\u00e9s actual como el marketing digital para la barber\u00eda y su importancia hoy en d\u00eda en todos los negocios.\t\t<\/p>\n","protected":false},"author":2,"featured_media":1779,"comment_status":"open","ping_status":"open","sticky":false,"template":"","format":"standard","meta":[],"categories":[6],"tags":[],"yoast_head":"<!-- This site is optimized with the Yoast SEO plugin v20.0 - https:\/\/yoast.com\/wordpress\/plugins\/seo\/ -->\n<title>TERMIX, EN EL PRIMER CONGRESO INTERNACIONAL DE BARBER\u00cdA EN PER\u00da<\/title>\n<meta name=\"description\" content=\"Termix estuvo presente como auspiciador en el primer congreso de barber\u00eda que se realiz\u00f3 el pasado 4 de diciembre en el Hotel Sheraton, Per\u00fa.\" \/>\n<meta name=\"robots\" content=\"index, follow, max-snippet:-1, max-image-preview:large, max-video-preview:-1\" \/>\n<link rel=\"canonical\" href=\"https:\/\/termix.net\/blog\/es\/termix-auspiciador-del-primer-congreso-internacional-barberia-peru\/\" \/>\n<meta property=\"og:locale\" content=\"es_ES\" \/>\n<meta property=\"og:type\" content=\"article\" \/>\n<meta property=\"og:title\" content=\"TERMIX, EN EL PRIMER CONGRESO INTERNACIONAL DE BARBER\u00cdA EN PER\u00da\" \/>\n<meta property=\"og:description\" content=\"Termix estuvo presente como auspiciador en el primer congreso de barber\u00eda que se realiz\u00f3 el pasado 4 de diciembre en el Hotel Sheraton, Per\u00fa.\" \/>\n<meta property=\"og:url\" content=\"https:\/\/termix.net\/blog\/es\/termix-auspiciador-del-primer-congreso-internacional-barberia-peru\/\" \/>\n<meta property=\"og:site_name\" content=\"Blog Termix Spain\" \/>\n<meta property=\"article:published_time\" content=\"2016-12-10T12:55:07+00:00\" \/>\n<meta property=\"article:modified_time\" content=\"2019-12-12T11:30:26+00:00\" \/>\n<meta property=\"og:image\" content=\"https:\/\/termix.net\/blog\/wp-content\/uploads\/2019\/11\/jesus-cabrera-y-adrian-rodriguez-con-el-kit-barber.jpg\" \/>\n\t<meta property=\"og:image:width\" content=\"1160\" \/>\n\t<meta property=\"og:image:height\" content=\"660\" \/>\n\t<meta property=\"og:image:type\" content=\"image\/jpeg\" \/>\n<meta name=\"author\" content=\"TermixTeam\" \/>\n<meta name=\"twitter:card\" content=\"summary_large_image\" \/>\n<meta name=\"twitter:label1\" content=\"Escrito por\" \/>\n\t<meta name=\"twitter:data1\" content=\"TermixTeam\" \/>\n\t<meta name=\"twitter:label2\" content=\"Tiempo de lectura\" \/>\n\t<meta name=\"twitter:data2\" content=\"1 minuto\" \/>\n<script type=\"application\/ld+json\" class=\"yoast-schema-graph\">{\"@context\":\"https:\/\/schema.org\",\"@graph\":[{\"@type\":\"Article\",\"@id\":\"https:\/\/termix.net\/blog\/es\/termix-auspiciador-del-primer-congreso-internacional-barberia-peru\/#article\",\"isPartOf\":{\"@id\":\"https:\/\/termix.net\/blog\/es\/termix-auspiciador-del-primer-congreso-internacional-barberia-peru\/\"},\"author\":{\"name\":\"TermixTeam\",\"@id\":\"https:\/\/termix.net\/blog\/es\/#\/schema\/person\/9096c98bdf03c8ddf91ad7172f254f40\"},\"headline\":\"Termix, auspiciador del primer Congreso Internacional de barber\u00eda en Per\u00fa\",\"datePublished\":\"2016-12-10T12:55:07+00:00\",\"dateModified\":\"2019-12-12T11:30:26+00:00\",\"mainEntityOfPage\":{\"@id\":\"https:\/\/termix.net\/blog\/es\/termix-auspiciador-del-primer-congreso-internacional-barberia-peru\/\"},\"wordCount\":209,\"commentCount\":0,\"publisher\":{\"@id\":\"https:\/\/termix.net\/blog\/es\/#organization\"},\"articleSection\":[\"NOTICIAS\"],\"inLanguage\":\"es\",\"potentialAction\":[{\"@type\":\"CommentAction\",\"name\":\"Comment\",\"target\":[\"https:\/\/termix.net\/blog\/es\/termix-auspiciador-del-primer-congreso-internacional-barberia-peru\/#respond\"]}]},{\"@type\":\"WebPage\",\"@id\":\"https:\/\/termix.net\/blog\/es\/termix-auspiciador-del-primer-congreso-internacional-barberia-peru\/\",\"url\":\"https:\/\/termix.net\/blog\/es\/termix-auspiciador-del-primer-congreso-internacional-barberia-peru\/\",\"name\":\"TERMIX, EN EL PRIMER CONGRESO INTERNACIONAL DE BARBER\u00cdA EN PER\u00da\",\"isPartOf\":{\"@id\":\"https:\/\/termix.net\/blog\/es\/#website\"},\"datePublished\":\"2016-12-10T12:55:07+00:00\",\"dateModified\":\"2019-12-12T11:30:26+00:00\",\"description\":\"Termix estuvo presente como auspiciador en el primer congreso de barber\u00eda que se realiz\u00f3 el pasado 4 de diciembre en el Hotel Sheraton, Per\u00fa.\",\"breadcrumb\":{\"@id\":\"https:\/\/termix.net\/blog\/es\/termix-auspiciador-del-primer-congreso-internacional-barberia-peru\/#breadcrumb\"},\"inLanguage\":\"es\",\"potentialAction\":[{\"@type\":\"ReadAction\",\"target\":[\"https:\/\/termix.net\/blog\/es\/termix-auspiciador-del-primer-congreso-internacional-barberia-peru\/\"]}]},{\"@type\":\"BreadcrumbList\",\"@id\":\"https:\/\/termix.net\/blog\/es\/termix-auspiciador-del-primer-congreso-internacional-barberia-peru\/#breadcrumb\",\"itemListElement\":[{\"@type\":\"ListItem\",\"position\":1,\"name\":\"Home\",\"item\":\"https:\/\/termix.net\/blog\/es\/\"},{\"@type\":\"ListItem\",\"position\":2,\"name\":\"Termix, auspiciador del primer Congreso Internacional de barber\u00eda en Per\u00fa\"}]},{\"@type\":\"WebSite\",\"@id\":\"https:\/\/termix.net\/blog\/es\/#website\",\"url\":\"https:\/\/termix.net\/blog\/es\/\",\"name\":\"Blog Termix Spain\",\"description\":\"Blog de tendencias y productos de peluquer\u00eda profesional.\",\"publisher\":{\"@id\":\"https:\/\/termix.net\/blog\/es\/#organization\"},\"potentialAction\":[{\"@type\":\"SearchAction\",\"target\":{\"@type\":\"EntryPoint\",\"urlTemplate\":\"https:\/\/termix.net\/blog\/es\/?s={search_term_string}\"},\"query-input\":\"required name=search_term_string\"}],\"inLanguage\":\"es\"},{\"@type\":\"Organization\",\"@id\":\"https:\/\/termix.net\/blog\/es\/#organization\",\"name\":\"Dols Industrial de Peluquer\u00eda SA\",\"url\":\"https:\/\/termix.net\/blog\/es\/\",\"logo\":{\"@type\":\"ImageObject\",\"inLanguage\":\"es\",\"@id\":\"https:\/\/termix.net\/blog\/es\/#\/schema\/logo\/image\/\",\"url\":\"https:\/\/termix.net\/blog\/wp-content\/uploads\/2020\/10\/OGbDAeng.jpeg\",\"contentUrl\":\"https:\/\/termix.net\/blog\/wp-content\/uploads\/2020\/10\/OGbDAeng.jpeg\",\"width\":800,\"height\":800,\"caption\":\"Dols Industrial de Peluquer\u00eda SA\"},\"image\":{\"@id\":\"https:\/\/termix.net\/blog\/es\/#\/schema\/logo\/image\/\"}},{\"@type\":\"Person\",\"@id\":\"https:\/\/termix.net\/blog\/es\/#\/schema\/person\/9096c98bdf03c8ddf91ad7172f254f40\",\"name\":\"TermixTeam\",\"image\":{\"@type\":\"ImageObject\",\"inLanguage\":\"es\",\"@id\":\"https:\/\/termix.net\/blog\/es\/#\/schema\/person\/image\/\",\"url\":\"https:\/\/secure.gravatar.com\/avatar\/d89f61f6bd1c29a4acb231736d1c74b3?s=96&d=mm&r=g\",\"contentUrl\":\"https:\/\/secure.gravatar.com\/avatar\/d89f61f6bd1c29a4acb231736d1c74b3?s=96&d=mm&r=g\",\"caption\":\"TermixTeam\"},\"url\":\"https:\/\/termix.net\/blog\/es\/author\/termixteam\/\"}]}<\/script>\n<!-- \/ Yoast SEO plugin. -->","yoast_head_json":{"title":"TERMIX, EN EL PRIMER CONGRESO INTERNACIONAL DE BARBER\u00cdA EN PER\u00da","description":"Termix estuvo presente como auspiciador en el primer congreso de barber\u00eda que se realiz\u00f3 el pasado 4 de diciembre en el Hotel Sheraton, Per\u00fa.","robots":{"index":"index","follow":"follow","max-snippet":"max-snippet:-1","max-image-preview":"max-image-preview:large","max-video-preview":"max-video-preview:-1"},"canonical":"https:\/\/termix.net\/blog\/es\/termix-auspiciador-del-primer-congreso-internacional-barberia-peru\/","og_locale":"es_ES","og_type":"article","og_title":"TERMIX, EN EL PRIMER CONGRESO INTERNACIONAL DE BARBER\u00cdA EN PER\u00da","og_description":"Termix estuvo presente como auspiciador en el primer congreso de barber\u00eda que se realiz\u00f3 el pasado 4 de diciembre en el Hotel Sheraton, Per\u00fa.","og_url":"https:\/\/termix.net\/blog\/es\/termix-auspiciador-del-primer-congreso-internacional-barberia-peru\/","og_site_name":"Blog Termix Spain","article_published_time":"2016-12-10T12:55:07+00:00","article_modified_time":"2019-12-12T11:30:26+00:00","og_image":[{"width":1160,"height":660,"url":"https:\/\/termix.net\/blog\/wp-content\/uploads\/2019\/11\/jesus-cabrera-y-adrian-rodriguez-con-el-kit-barber.jpg","type":"image\/jpeg"}],"author":"TermixTeam","twitter_card":"summary_large_image","twitter_misc":{"Escrito por":"TermixTeam","Tiempo de lectura":"1 minuto"},"schema":{"@context":"https:\/\/schema.org","@graph":[{"@type":"Article","@id":"https:\/\/termix.net\/blog\/es\/termix-auspiciador-del-primer-congreso-internacional-barberia-peru\/#article","isPartOf":{"@id":"https:\/\/termix.net\/blog\/es\/termix-auspiciador-del-primer-congreso-internacional-barberia-peru\/"},"author":{"name":"TermixTeam","@id":"https:\/\/termix.net\/blog\/es\/#\/schema\/person\/9096c98bdf03c8ddf91ad7172f254f40"},"headline":"Termix, auspiciador del primer Congreso Internacional de barber\u00eda en Per\u00fa","datePublished":"2016-12-10T12:55:07+00:00","dateModified":"2019-12-12T11:30:26+00:00","mainEntityOfPage":{"@id":"https:\/\/termix.net\/blog\/es\/termix-auspiciador-del-primer-congreso-internacional-barberia-peru\/"},"wordCount":209,"commentCount":0,"publisher":{"@id":"https:\/\/termix.net\/blog\/es\/#organization"},"articleSection":["NOTICIAS"],"inLanguage":"es","potentialAction":[{"@type":"CommentAction","name":"Comment","target":["https:\/\/termix.net\/blog\/es\/termix-auspiciador-del-primer-congreso-internacional-barberia-peru\/#respond"]}]},{"@type":"WebPage","@id":"https:\/\/termix.net\/blog\/es\/termix-auspiciador-del-primer-congreso-internacional-barberia-peru\/","url":"https:\/\/termix.net\/blog\/es\/termix-auspiciador-del-primer-congreso-internacional-barberia-peru\/","name":"TERMIX, EN EL PRIMER CONGRESO INTERNACIONAL DE BARBER\u00cdA EN PER\u00da","isPartOf":{"@id":"https:\/\/termix.net\/blog\/es\/#website"},"datePublished":"2016-12-10T12:55:07+00:00","dateModified":"2019-12-12T11:30:26+00:00","description":"Termix estuvo presente como auspiciador en el primer congreso de barber\u00eda que se realiz\u00f3 el pasado 4 de diciembre en el Hotel Sheraton, Per\u00fa.","breadcrumb":{"@id":"https:\/\/termix.net\/blog\/es\/termix-auspiciador-del-primer-congreso-internacional-barberia-peru\/#breadcrumb"},"inLanguage":"es","potentialAction":[{"@type":"ReadAction","target":["https:\/\/termix.net\/blog\/es\/termix-auspiciador-del-primer-congreso-internacional-barberia-peru\/"]}]},{"@type":"BreadcrumbList","@id":"https:\/\/termix.net\/blog\/es\/termix-auspiciador-del-primer-congreso-internacional-barberia-peru\/#breadcrumb","itemListElement":[{"@type":"ListItem","position":1,"name":"Home","item":"https:\/\/termix.net\/blog\/es\/"},{"@type":"ListItem","position":2,"name":"Termix, auspiciador del primer Congreso Internacional de barber\u00eda en Per\u00fa"}]},{"@type":"WebSite","@id":"https:\/\/termix.net\/blog\/es\/#website","url":"https:\/\/termix.net\/blog\/es\/","name":"Blog Termix Spain","description":"Blog de tendencias y productos de peluquer\u00eda profesional.","publisher":{"@id":"https:\/\/termix.net\/blog\/es\/#organization"},"potentialAction":[{"@type":"SearchAction","target":{"@type":"EntryPoint","urlTemplate":"https:\/\/termix.net\/blog\/es\/?s={search_term_string}"},"query-input":"required name=search_term_string"}],"inLanguage":"es"},{"@type":"Organization","@id":"https:\/\/termix.net\/blog\/es\/#organization","name":"Dols Industrial de Peluquer\u00eda SA","url":"https:\/\/termix.net\/blog\/es\/","logo":{"@type":"ImageObject","inLanguage":"es","@id":"https:\/\/termix.net\/blog\/es\/#\/schema\/logo\/image\/","url":"https:\/\/termix.net\/blog\/wp-content\/uploads\/2020\/10\/OGbDAeng.jpeg","contentUrl":"https:\/\/termix.net\/blog\/wp-content\/uploads\/2020\/10\/OGbDAeng.jpeg","width":800,"height":800,"caption":"Dols Industrial de Peluquer\u00eda SA"},"image":{"@id":"https:\/\/termix.net\/blog\/es\/#\/schema\/logo\/image\/"}},{"@type":"Person","@id":"https:\/\/termix.net\/blog\/es\/#\/schema\/person\/9096c98bdf03c8ddf91ad7172f254f40","name":"TermixTeam","image":{"@type":"ImageObject","inLanguage":"es","@id":"https:\/\/termix.net\/blog\/es\/#\/schema\/person\/image\/","url":"https:\/\/secure.gravatar.com\/avatar\/d89f61f6bd1c29a4acb231736d1c74b3?s=96&d=mm&r=g","contentUrl":"https:\/\/secure.gravatar.com\/avatar\/d89f61f6bd1c29a4acb231736d1c74b3?s=96&d=mm&r=g","caption":"TermixTeam"},"url":"https:\/\/termix.net\/blog\/es\/author\/termixteam\/"}]}},"_links":{"self":[{"href":"https:\/\/termix.net\/blog\/es\/wp-json\/wp\/v2\/posts\/8458"}],"collection":[{"href":"https:\/\/termix.net\/blog\/es\/wp-json\/wp\/v2\/posts"}],"about":[{"href":"https:\/\/termix.net\/blog\/es\/wp-json\/wp\/v2\/types\/post"}],"author":[{"embeddable":true,"href":"https:\/\/termix.net\/blog\/es\/wp-json\/wp\/v2\/users\/2"}],"replies":[{"embeddable":true,"href":"https:\/\/termix.net\/blog\/es\/wp-json\/wp\/v2\/comments?post=8458"}],"version-history":[{"count":4,"href":"https:\/\/termix.net\/blog\/es\/wp-json\/wp\/v2\/posts\/8458\/revisions"}],"predecessor-version":[{"id":23083,"href":"https:\/\/termix.net\/blog\/es\/wp-json\/wp\/v2\/posts\/8458\/revisions\/23083"}],"wp:featuredmedia":[{"embeddable":true,"href":"https:\/\/termix.net\/blog\/es\/wp-json\/wp\/v2\/media\/1779"}],"wp:attachment":[{"href":"https:\/\/termix.net\/blog\/es\/wp-json\/wp\/v2\/media?parent=8458"}],"wp:term":[{"taxonomy":"category","embeddable":true,"href":"https:\/\/termix.net\/blog\/es\/wp-json\/wp\/v2\/categories?post=8458"},{"taxonomy":"post_tag","embeddable":true,"href":"https:\/\/termix.net\/blog\/es\/wp-json\/wp\/v2\/tags?post=8458"}],"curies":[{"name":"wp","href":"https:\/\/api.w.org\/{rel}","templated":true}]}}