{"id":8358,"date":"2016-11-28T08:15:06","date_gmt":"2016-11-28T08:15:06","guid":{"rendered":"http:\/\/termix.net\/?p=8358"},"modified":"2019-12-12T13:08:56","modified_gmt":"2019-12-12T12:08:56","slug":"termix-renueva-la-imagen-de-la-plancha-de-pelo-slim","status":"publish","type":"post","link":"https:\/\/termix.net\/blog\/es\/termix-renueva-la-imagen-de-la-plancha-de-pelo-slim\/","title":{"rendered":"Termix renueva la imagen de la plancha de pelo Slim"},"content":{"rendered":"<p><div class=\"fusion-fullwidth fullwidth-box fusion-builder-row-1 faded-background fusion-parallax-none nonhundred-percent-fullwidth non-hundred-percent-height-scrolling fusion-no-small-visibility fusion-no-medium-visibility\" style=\"--awb-border-radius-top-left:0px;--awb-border-radius-top-right:0px;--awb-border-radius-bottom-right:0px;--awb-border-radius-bottom-left:0px;--awb-padding-top:24%;--awb-padding-right:3%;--awb-padding-left:3%;--awb-background-size:cover;\" ><div class=\"fullwidth-faded\" style=\"--awb-background-color:#181818;--awb-background-image:url(https:\/\/termix.net\/blog\/wp-content\/uploads\/2019\/11\/termixslimfoto1-1024x583.jpg);--awb-background-size:cover;\" ><\/div><div class=\"fusion-builder-row fusion-row\"><div class=\"fusion-layout-column fusion_builder_column fusion-builder-column-0 fusion_builder_column_1_1 1_1 fusion-one-full fusion-column-first fusion-column-last\" style=\"--awb-padding-top:6%;--awb-padding-right:8%;--awb-padding-bottom:6%;--awb-padding-left:8%;--awb-bg-color:rgba(255,255,255,0.7);--awb-bg-size:cover;--awb-margin-top:0px;--awb-margin-bottom:0px;\"><div class=\"fusion-column-wrapper fusion-column-has-shadow fusion-flex-column-wrapper-legacy\"><div class=\"fusion-text fusion-text-1 caption\"><p style=\"text-align: center;\">Novedades \u2014 3 min de lectura<\/p>\n<\/div><div class=\"fusion-title title fusion-title-1 fusion-sep-none fusion-title-center fusion-title-text fusion-title-size-two\" style=\"--awb-margin-top:30px;--awb-margin-bottom:20px;\"><h2 class=\"title-heading-center fusion-responsive-typography-calculated\" style=\"margin:0;--fontSize:50;line-height:1.28;\">Termix renueva la imagen de la plancha de pelo Slim<\/h2><\/div><div class=\"fusion-clearfix\"><\/div><\/div><\/div><\/div><\/div><div class=\"fusion-fullwidth fullwidth-box fusion-builder-row-2 fusion-parallax-none nonhundred-percent-fullwidth non-hundred-percent-height-scrolling fusion-no-large-visibility\" style=\"--awb-border-radius-top-left:0px;--awb-border-radius-top-right:0px;--awb-border-radius-bottom-right:0px;--awb-border-radius-bottom-left:0px;--awb-background-image:url(&quot;https:\/\/termix.net\/blog\/wp-content\/uploads\/2019\/11\/con-el-secador-compacto-profesioanl-4300-de-termix-damos-volumen-al-cabello-1.jpg&quot;);--awb-background-size:cover;\" ><div class=\"fusion-builder-row fusion-row\"><div class=\"fusion-layout-column fusion_builder_column fusion-builder-column-1 fusion_builder_column_1_1 1_1 fusion-one-full fusion-column-first fusion-column-last fusion-column-inner-bg-wrapper\" style=\"--awb-padding-top:10%;--awb-padding-bottom:10%;--awb-inner-bg-image:url(&#039;http:\/\/termix.net\/blog\/wp-content\/uploads\/2019\/03\/single-blog-post-feat.jpg&#039;);--awb-inner-bg-position:center center;--awb-inner-bg-size:cover;\"><span class=\"fusion-column-inner-bg hover-type-zoomout\"><span class=\"fusion-column-anchor\"><span class=\"fusion-column-inner-bg-image\"><\/span><\/span><\/span><div class=\"fusion-column-wrapper fusion-flex-column-wrapper-legacy\" data-bg-url=\"http:\/\/termix.net\/blog\/wp-content\/uploads\/2019\/03\/single-blog-post-feat.jpg\"><div class=\"fusion-sep-clear\"><\/div><div class=\"fusion-separator fusion-no-large-visibility fusion-full-width-sep\" style=\"margin-left: auto;margin-right: auto;margin-top:200px;width:100%;\"><\/div><div class=\"fusion-sep-clear\"><\/div><div class=\"fusion-clearfix\"><\/div><\/div><\/div><div class=\"fusion-layout-column fusion_builder_column fusion-builder-column-2 fusion_builder_column_1_1 1_1 fusion-one-full fusion-column-first fusion-column-last\" style=\"--awb-padding-top:6%;--awb-bg-color:#ffffff;--awb-bg-size:cover;--awb-margin-top:0px;--awb-margin-bottom:0px;\"><div class=\"fusion-column-wrapper fusion-flex-column-wrapper-legacy\"><div class=\"fusion-text fusion-text-2 caption\"><p style=\"text-align: center;\">Novedades \u2014 3 min de lectura<\/p>\n<\/div><div class=\"fusion-title title fusion-title-2 fusion-sep-none fusion-title-center fusion-title-text fusion-title-size-two\" style=\"--awb-margin-top:30px;--awb-margin-bottom:20px;\"><h2 class=\"title-heading-center fusion-responsive-typography-calculated\" style=\"margin:0;--fontSize:50;line-height:1.28;\">Termix renueva la imagen de la plancha de pelo Slim<\/h2><\/div><div class=\"fusion-clearfix\"><\/div><\/div><\/div><\/div><\/div><div class=\"fusion-fullwidth fullwidth-box fusion-builder-row-3 nonhundred-percent-fullwidth non-hundred-percent-height-scrolling\" style=\"--awb-border-radius-top-left:0px;--awb-border-radius-top-right:0px;--awb-border-radius-bottom-right:0px;--awb-border-radius-bottom-left:0px;--awb-padding-top:10px;--awb-padding-bottom:4%;\" ><div class=\"fusion-builder-row fusion-row\"><div class=\"fusion-layout-column fusion_builder_column fusion-builder-column-3 fusion_builder_column_1_6 1_6 fusion-one-sixth fusion-column-first fusion-no-small-visibility fusion-no-medium-visibility\" style=\"--awb-bg-size:cover;width:16.666666666667%;width:calc(16.666666666667% - ( ( 0 ) * 0.16666666666667 ) );margin-right: 0px;\"><div class=\"fusion-column-wrapper fusion-flex-column-wrapper-legacy\"><div class=\"fusion-clearfix\"><\/div><\/div><\/div><div class=\"fusion-layout-column fusion_builder_column fusion-builder-column-4 fusion_builder_column_2_3 2_3 fusion-two-third fusion-column-last\" style=\"--awb-bg-size:cover;width:66.666666666667%;width:calc(66.666666666667% - ( ( 0 ) * 0.66666666666667 ) );\"><div class=\"fusion-column-wrapper fusion-flex-column-wrapper-legacy\"><div class=\"fusion-sep-clear\"><\/div><div class=\"fusion-separator fusion-full-width-sep\" style=\"margin-left: auto;margin-right: auto;margin-top:30px;width:100%;\"><\/div><div class=\"fusion-sep-clear\"><\/div><div class=\"fusion-text fusion-text-3\"><p style=\"text-align: center;\"><span style=\"font-size: 22px; line-height: 1.5em;\"> Termix renueva la imagen de la plancha de pelo Slim con un packaging m\u00e1s actual y moderno, para crear un dise\u00f1o m\u00e1s atractivo y llamativo, y as\u00ed resaltar las virtudes de una de nuestras planchas de pelo m\u00e1s compacta, ligera y manejable. La plancha de pelo Slim ofrece beneficios que ninguna otra plancha convencional puede ofrecer. <\/span><\/p>\n<p style=\"text-align: center;\"><span style=\"font-size: 22px; line-height: 1.5em;\"><strong>\u00a1Desc\u00fabrelos!<\/strong><\/span><\/p>\n<\/div><div class=\"fusion-sep-clear\"><\/div><div class=\"fusion-separator fusion-full-width-sep\" style=\"margin-left: auto;margin-right: auto;margin-top:30px;width:100%;\"><\/div><div class=\"fusion-sep-clear\"><\/div><div class=\"fusion-text fusion-text-4\"><p><img decoding=\"async\" class=\"alignleft wp-image-8377 size-full\" src=\"http:\/\/termix.net\/wp-content\/uploads\/2016\/11\/planchaTERMIXSLIMvistasup.jpg\" alt=\"Plancha de pelo Slim de Termix, m\u00e1s ligera y m\u00e1s compacta\" width=\"2362\" height=\"731\" \/><\/p>\n<h2 style=\"text-align: justify;\"><span style=\"color: #000000;\"><strong>M\u00c1S COMPACTA Y M\u00c1S LIGERA<\/strong><\/span><\/h2>\n<p><img decoding=\"async\" class=\"size-full wp-image-8366 aligncenter\" src=\"http:\/\/termix.net\/wp-content\/uploads\/2016\/11\/bannerweb2_planchaSLIM-1.jpg\" alt=\"Plancha Slim de Termix, m\u00e1s ligera y m\u00e1s compacta\" width=\"800\" height=\"850\" \/><\/p>\n<p style=\"text-align: justify;\">La <u>plancha Slim<\/u> es una plancha mucho m\u00e1s manejable, que <strong>cubre todas las necesidades de una plancha profesional en un formato m\u00e1s ligero y mucho m\u00e1s c\u00f3modo<\/strong> facilitando al usuario la elaboraci\u00f3n del peinado deseado.<\/p>\n<p style=\"text-align: justify;\">Gracias a sus <strong>placas con un recubrimiento cer\u00e1mico,<\/strong> es una styler perfecta para alisar el cabello en una sola pasada, aportando mucho m\u00e1s brillo al cabello y retrasar la decoloraci\u00f3n y as\u00ed alargar la duraci\u00f3n del tinte o coloraci\u00f3n en el cabello.<\/p>\n<p style=\"text-align: justify;\">Por otro lado, la plancha Slim cuenta con <strong>Nanotecnolog\u00eda (<\/strong>Nano Titanio, Nano Plata y Nano \u00d3xido de Titanio), un proceso patentado y \u00fanico en las herramientas Termix. <strong>Estos componentes ayudan, entre otras cosas, a disminuir la acumulaci\u00f3n de residuos como las toxinas propias del cabello o la poluci\u00f3n y de esta forma mantener el cabello limpio por m\u00e1s tiempo<\/strong>, distribuir de manera m\u00e1s homog\u00e9nea los productos para el peinado, y asimismo, proporciona protecci\u00f3n antibacteriana con efecto desinfectante para eliminar los malos olores en el cabello, como por ejemplo el del tabaco.<\/p>\n<p style=\"text-align: justify;\">Siempre pensando en el cuidado del cabello, tambi\u00e9n incorpora un <strong>sistema LED para la regulaci\u00f3n de la temperatura<\/strong> <strong>que permite adaptar su calor a cada tipo de cabello y trabajo<\/strong>. Se puede ajustar desde los 110\u00ba a 230\u00ba para realizar tanto los servicios normales de peinado y forma hasta los 210\u00ba. Tambi\u00e9n incluye la novedad de poder realizar tratamientos de hidrataci\u00f3n y Keratina gracias a sus 230\u00ba. *<em>Para m\u00e1s informaci\u00f3n sobre c\u00f3mo adaptar la temperatura de vuestra plancha os dejamos este link.\u00a0<\/em><\/p>\n<p style=\"text-align: justify;\"><img decoding=\"async\" class=\"alignleft wp-image-8377 size-full\" src=\"http:\/\/termix.net\/wp-content\/uploads\/2016\/11\/planchaTERMIXSLIMvistasup.jpg\" alt=\"Plancha de pelo Slim de Termix, m\u00e1s ligera y m\u00e1s compacta\" width=\"2362\" height=\"731\" \/><\/p>\n<p style=\"text-align: justify;\">Cuenta con <strong>un cable giratorio 360\u00ba<\/strong> para ayudar a realizar cualquier tipo de peinado sin complicaciones por enredos en el cable. Adem\u00e1s <strong>mide 2.70 m<\/strong> y as\u00ed evita otro de los problemas comunes: que el cable sea demasiado corto.<\/p>\n<p style=\"text-align: justify;\">Otra de las ventajas de la <u>plancha Slim<\/u> es que el cabello queda suave, brillante y naturalmente hidratado gracias a su <strong>tecnolog\u00eda i\u00f3nica<\/strong>, que restaura los iones negativos perdidos y de esta forma disminuye el efecto de electricidad est\u00e1tica en el cabello.<\/p>\n<p style=\"text-align: justify;\">El nuevo packaging cuenta con un <strong>exclusivo neceser t\u00e9rmico de viaje<\/strong> con bolsillo exterior para guardar el cable, para que te puedas llevar la plancha a cualquier sitio sin da\u00f1arla, y con la innovaci\u00f3n de un <strong>guante t\u00e9rmico de dos dedos<\/strong>.<\/p>\n<p><img decoding=\"async\" class=\"alignnone size-full wp-image-14498\" src=\"https:\/\/termix.net\/blog\/wp-content\/uploads\/2016\/11\/bannerweb3_planchaSLIM_con_guante_termico_incluido.jpg\" alt=\"bannerweb3_planchaSLIM_con_guante_termico_incluido\" width=\"800\" height=\"385\" \/><\/p>\n<\/div><div class=\"fusion-clearfix\"><\/div><\/div><\/div><\/div><\/div><div class=\"fusion-fullwidth fullwidth-box fusion-builder-row-4 nonhundred-percent-fullwidth non-hundred-percent-height-scrolling\" style=\"--awb-border-radius-top-left:0px;--awb-border-radius-top-right:0px;--awb-border-radius-bottom-right:0px;--awb-border-radius-bottom-left:0px;\" ><\/div><\/p>\n","protected":false},"excerpt":{"rendered":"<p>\t\t\t\tTermix renueva la imagen de la plancha Slim con un packaging m\u00e1s actual y moderno, y as\u00ed resaltar las virtudes de una de nuestras planchas m\u00e1s compacta, ligera y manejable. Descubre sus beneficios que la diferencian de otras planchas de pelo convencionales. \t\t<\/p>\n","protected":false},"author":2,"featured_media":5323,"comment_status":"open","ping_status":"open","sticky":false,"template":"","format":"standard","meta":[],"categories":[6],"tags":[43],"yoast_head":"<!-- This site is optimized with the Yoast SEO plugin v20.0 - https:\/\/yoast.com\/wordpress\/plugins\/seo\/ -->\n<title>Termix renueva la imagen de la plancha de pelo Slim - Blog Termix Spain<\/title>\n<meta name=\"description\" content=\"La plancha de pelo Slim con un packaging m\u00e1s actual y moderno, para crear un dise\u00f1o m\u00e1s atractivo y llamativo, las virtudes de las planchas de pelo Termix\" \/>\n<meta name=\"robots\" content=\"index, follow, max-snippet:-1, max-image-preview:large, max-video-preview:-1\" \/>\n<link rel=\"canonical\" href=\"https:\/\/termix.net\/blog\/es\/termix-renueva-la-imagen-de-la-plancha-de-pelo-slim\/\" \/>\n<meta property=\"og:locale\" content=\"es_ES\" \/>\n<meta property=\"og:type\" content=\"article\" \/>\n<meta property=\"og:title\" content=\"Termix renueva la imagen de la plancha de pelo Slim - Blog Termix Spain\" \/>\n<meta property=\"og:description\" content=\"La plancha de pelo Slim con un packaging m\u00e1s actual y moderno, para crear un dise\u00f1o m\u00e1s atractivo y llamativo, las virtudes de las planchas de pelo Termix\" \/>\n<meta property=\"og:url\" content=\"https:\/\/termix.net\/blog\/es\/termix-renueva-la-imagen-de-la-plancha-de-pelo-slim\/\" \/>\n<meta property=\"og:site_name\" content=\"Blog Termix Spain\" \/>\n<meta property=\"article:published_time\" content=\"2016-11-28T08:15:06+00:00\" \/>\n<meta property=\"article:modified_time\" content=\"2019-12-12T12:08:56+00:00\" \/>\n<meta property=\"og:image\" content=\"https:\/\/termix.net\/blog\/wp-content\/uploads\/2019\/11\/bannerweb1principal_planchaSLIM.jpg\" \/>\n\t<meta property=\"og:image:width\" content=\"800\" \/>\n\t<meta property=\"og:image:height\" content=\"300\" \/>\n\t<meta property=\"og:image:type\" content=\"image\/jpeg\" \/>\n<meta name=\"author\" content=\"TermixTeam\" \/>\n<meta name=\"twitter:card\" content=\"summary_large_image\" \/>\n<meta name=\"twitter:label1\" content=\"Escrito por\" \/>\n\t<meta name=\"twitter:data1\" content=\"TermixTeam\" \/>\n\t<meta name=\"twitter:label2\" content=\"Tiempo de lectura\" \/>\n\t<meta name=\"twitter:data2\" content=\"8 minutos\" \/>\n<script type=\"application\/ld+json\" class=\"yoast-schema-graph\">{\"@context\":\"https:\/\/schema.org\",\"@graph\":[{\"@type\":\"Article\",\"@id\":\"https:\/\/termix.net\/blog\/es\/termix-renueva-la-imagen-de-la-plancha-de-pelo-slim\/#article\",\"isPartOf\":{\"@id\":\"https:\/\/termix.net\/blog\/es\/termix-renueva-la-imagen-de-la-plancha-de-pelo-slim\/\"},\"author\":{\"name\":\"TermixTeam\",\"@id\":\"https:\/\/termix.net\/blog\/es\/#\/schema\/person\/9096c98bdf03c8ddf91ad7172f254f40\"},\"headline\":\"Termix renueva la imagen de la plancha de pelo Slim\",\"datePublished\":\"2016-11-28T08:15:06+00:00\",\"dateModified\":\"2019-12-12T12:08:56+00:00\",\"mainEntityOfPage\":{\"@id\":\"https:\/\/termix.net\/blog\/es\/termix-renueva-la-imagen-de-la-plancha-de-pelo-slim\/\"},\"wordCount\":1646,\"commentCount\":0,\"publisher\":{\"@id\":\"https:\/\/termix.net\/blog\/es\/#organization\"},\"keywords\":[\"Planchas de Pelo\"],\"articleSection\":[\"NOTICIAS\"],\"inLanguage\":\"es\",\"potentialAction\":[{\"@type\":\"CommentAction\",\"name\":\"Comment\",\"target\":[\"https:\/\/termix.net\/blog\/es\/termix-renueva-la-imagen-de-la-plancha-de-pelo-slim\/#respond\"]}]},{\"@type\":\"WebPage\",\"@id\":\"https:\/\/termix.net\/blog\/es\/termix-renueva-la-imagen-de-la-plancha-de-pelo-slim\/\",\"url\":\"https:\/\/termix.net\/blog\/es\/termix-renueva-la-imagen-de-la-plancha-de-pelo-slim\/\",\"name\":\"Termix renueva la imagen de la plancha de pelo Slim - Blog Termix Spain\",\"isPartOf\":{\"@id\":\"https:\/\/termix.net\/blog\/es\/#website\"},\"datePublished\":\"2016-11-28T08:15:06+00:00\",\"dateModified\":\"2019-12-12T12:08:56+00:00\",\"description\":\"La plancha de pelo Slim con un packaging m\u00e1s actual y moderno, para crear un dise\u00f1o m\u00e1s atractivo y llamativo, las virtudes de las planchas de pelo Termix\",\"breadcrumb\":{\"@id\":\"https:\/\/termix.net\/blog\/es\/termix-renueva-la-imagen-de-la-plancha-de-pelo-slim\/#breadcrumb\"},\"inLanguage\":\"es\",\"potentialAction\":[{\"@type\":\"ReadAction\",\"target\":[\"https:\/\/termix.net\/blog\/es\/termix-renueva-la-imagen-de-la-plancha-de-pelo-slim\/\"]}]},{\"@type\":\"BreadcrumbList\",\"@id\":\"https:\/\/termix.net\/blog\/es\/termix-renueva-la-imagen-de-la-plancha-de-pelo-slim\/#breadcrumb\",\"itemListElement\":[{\"@type\":\"ListItem\",\"position\":1,\"name\":\"Home\",\"item\":\"https:\/\/termix.net\/blog\/es\/\"},{\"@type\":\"ListItem\",\"position\":2,\"name\":\"Termix renueva la imagen de la plancha de pelo Slim\"}]},{\"@type\":\"WebSite\",\"@id\":\"https:\/\/termix.net\/blog\/es\/#website\",\"url\":\"https:\/\/termix.net\/blog\/es\/\",\"name\":\"Blog Termix Spain\",\"description\":\"Blog de tendencias y productos de peluquer\u00eda profesional.\",\"publisher\":{\"@id\":\"https:\/\/termix.net\/blog\/es\/#organization\"},\"potentialAction\":[{\"@type\":\"SearchAction\",\"target\":{\"@type\":\"EntryPoint\",\"urlTemplate\":\"https:\/\/termix.net\/blog\/es\/?s={search_term_string}\"},\"query-input\":\"required name=search_term_string\"}],\"inLanguage\":\"es\"},{\"@type\":\"Organization\",\"@id\":\"https:\/\/termix.net\/blog\/es\/#organization\",\"name\":\"Dols Industrial de Peluquer\u00eda SA\",\"url\":\"https:\/\/termix.net\/blog\/es\/\",\"logo\":{\"@type\":\"ImageObject\",\"inLanguage\":\"es\",\"@id\":\"https:\/\/termix.net\/blog\/es\/#\/schema\/logo\/image\/\",\"url\":\"https:\/\/termix.net\/blog\/wp-content\/uploads\/2020\/10\/OGbDAeng.jpeg\",\"contentUrl\":\"https:\/\/termix.net\/blog\/wp-content\/uploads\/2020\/10\/OGbDAeng.jpeg\",\"width\":800,\"height\":800,\"caption\":\"Dols Industrial de Peluquer\u00eda SA\"},\"image\":{\"@id\":\"https:\/\/termix.net\/blog\/es\/#\/schema\/logo\/image\/\"}},{\"@type\":\"Person\",\"@id\":\"https:\/\/termix.net\/blog\/es\/#\/schema\/person\/9096c98bdf03c8ddf91ad7172f254f40\",\"name\":\"TermixTeam\",\"image\":{\"@type\":\"ImageObject\",\"inLanguage\":\"es\",\"@id\":\"https:\/\/termix.net\/blog\/es\/#\/schema\/person\/image\/\",\"url\":\"https:\/\/secure.gravatar.com\/avatar\/d89f61f6bd1c29a4acb231736d1c74b3?s=96&d=mm&r=g\",\"contentUrl\":\"https:\/\/secure.gravatar.com\/avatar\/d89f61f6bd1c29a4acb231736d1c74b3?s=96&d=mm&r=g\",\"caption\":\"TermixTeam\"},\"url\":\"https:\/\/termix.net\/blog\/es\/author\/termixteam\/\"}]}<\/script>\n<!-- \/ Yoast SEO plugin. -->","yoast_head_json":{"title":"Termix renueva la imagen de la plancha de pelo Slim - Blog Termix Spain","description":"La plancha de pelo Slim con un packaging m\u00e1s actual y moderno, para crear un dise\u00f1o m\u00e1s atractivo y llamativo, las virtudes de las planchas de pelo Termix","robots":{"index":"index","follow":"follow","max-snippet":"max-snippet:-1","max-image-preview":"max-image-preview:large","max-video-preview":"max-video-preview:-1"},"canonical":"https:\/\/termix.net\/blog\/es\/termix-renueva-la-imagen-de-la-plancha-de-pelo-slim\/","og_locale":"es_ES","og_type":"article","og_title":"Termix renueva la imagen de la plancha de pelo Slim - Blog Termix Spain","og_description":"La plancha de pelo Slim con un packaging m\u00e1s actual y moderno, para crear un dise\u00f1o m\u00e1s atractivo y llamativo, las virtudes de las planchas de pelo Termix","og_url":"https:\/\/termix.net\/blog\/es\/termix-renueva-la-imagen-de-la-plancha-de-pelo-slim\/","og_site_name":"Blog Termix Spain","article_published_time":"2016-11-28T08:15:06+00:00","article_modified_time":"2019-12-12T12:08:56+00:00","og_image":[{"width":800,"height":300,"url":"https:\/\/termix.net\/blog\/wp-content\/uploads\/2019\/11\/bannerweb1principal_planchaSLIM.jpg","type":"image\/jpeg"}],"author":"TermixTeam","twitter_card":"summary_large_image","twitter_misc":{"Escrito por":"TermixTeam","Tiempo de lectura":"8 minutos"},"schema":{"@context":"https:\/\/schema.org","@graph":[{"@type":"Article","@id":"https:\/\/termix.net\/blog\/es\/termix-renueva-la-imagen-de-la-plancha-de-pelo-slim\/#article","isPartOf":{"@id":"https:\/\/termix.net\/blog\/es\/termix-renueva-la-imagen-de-la-plancha-de-pelo-slim\/"},"author":{"name":"TermixTeam","@id":"https:\/\/termix.net\/blog\/es\/#\/schema\/person\/9096c98bdf03c8ddf91ad7172f254f40"},"headline":"Termix renueva la imagen de la plancha de pelo Slim","datePublished":"2016-11-28T08:15:06+00:00","dateModified":"2019-12-12T12:08:56+00:00","mainEntityOfPage":{"@id":"https:\/\/termix.net\/blog\/es\/termix-renueva-la-imagen-de-la-plancha-de-pelo-slim\/"},"wordCount":1646,"commentCount":0,"publisher":{"@id":"https:\/\/termix.net\/blog\/es\/#organization"},"keywords":["Planchas de Pelo"],"articleSection":["NOTICIAS"],"inLanguage":"es","potentialAction":[{"@type":"CommentAction","name":"Comment","target":["https:\/\/termix.net\/blog\/es\/termix-renueva-la-imagen-de-la-plancha-de-pelo-slim\/#respond"]}]},{"@type":"WebPage","@id":"https:\/\/termix.net\/blog\/es\/termix-renueva-la-imagen-de-la-plancha-de-pelo-slim\/","url":"https:\/\/termix.net\/blog\/es\/termix-renueva-la-imagen-de-la-plancha-de-pelo-slim\/","name":"Termix renueva la imagen de la plancha de pelo Slim - Blog Termix Spain","isPartOf":{"@id":"https:\/\/termix.net\/blog\/es\/#website"},"datePublished":"2016-11-28T08:15:06+00:00","dateModified":"2019-12-12T12:08:56+00:00","description":"La plancha de pelo Slim con un packaging m\u00e1s actual y moderno, para crear un dise\u00f1o m\u00e1s atractivo y llamativo, las virtudes de las planchas de pelo Termix","breadcrumb":{"@id":"https:\/\/termix.net\/blog\/es\/termix-renueva-la-imagen-de-la-plancha-de-pelo-slim\/#breadcrumb"},"inLanguage":"es","potentialAction":[{"@type":"ReadAction","target":["https:\/\/termix.net\/blog\/es\/termix-renueva-la-imagen-de-la-plancha-de-pelo-slim\/"]}]},{"@type":"BreadcrumbList","@id":"https:\/\/termix.net\/blog\/es\/termix-renueva-la-imagen-de-la-plancha-de-pelo-slim\/#breadcrumb","itemListElement":[{"@type":"ListItem","position":1,"name":"Home","item":"https:\/\/termix.net\/blog\/es\/"},{"@type":"ListItem","position":2,"name":"Termix renueva la imagen de la plancha de pelo Slim"}]},{"@type":"WebSite","@id":"https:\/\/termix.net\/blog\/es\/#website","url":"https:\/\/termix.net\/blog\/es\/","name":"Blog Termix Spain","description":"Blog de tendencias y productos de peluquer\u00eda profesional.","publisher":{"@id":"https:\/\/termix.net\/blog\/es\/#organization"},"potentialAction":[{"@type":"SearchAction","target":{"@type":"EntryPoint","urlTemplate":"https:\/\/termix.net\/blog\/es\/?s={search_term_string}"},"query-input":"required name=search_term_string"}],"inLanguage":"es"},{"@type":"Organization","@id":"https:\/\/termix.net\/blog\/es\/#organization","name":"Dols Industrial de Peluquer\u00eda SA","url":"https:\/\/termix.net\/blog\/es\/","logo":{"@type":"ImageObject","inLanguage":"es","@id":"https:\/\/termix.net\/blog\/es\/#\/schema\/logo\/image\/","url":"https:\/\/termix.net\/blog\/wp-content\/uploads\/2020\/10\/OGbDAeng.jpeg","contentUrl":"https:\/\/termix.net\/blog\/wp-content\/uploads\/2020\/10\/OGbDAeng.jpeg","width":800,"height":800,"caption":"Dols Industrial de Peluquer\u00eda SA"},"image":{"@id":"https:\/\/termix.net\/blog\/es\/#\/schema\/logo\/image\/"}},{"@type":"Person","@id":"https:\/\/termix.net\/blog\/es\/#\/schema\/person\/9096c98bdf03c8ddf91ad7172f254f40","name":"TermixTeam","image":{"@type":"ImageObject","inLanguage":"es","@id":"https:\/\/termix.net\/blog\/es\/#\/schema\/person\/image\/","url":"https:\/\/secure.gravatar.com\/avatar\/d89f61f6bd1c29a4acb231736d1c74b3?s=96&d=mm&r=g","contentUrl":"https:\/\/secure.gravatar.com\/avatar\/d89f61f6bd1c29a4acb231736d1c74b3?s=96&d=mm&r=g","caption":"TermixTeam"},"url":"https:\/\/termix.net\/blog\/es\/author\/termixteam\/"}]}},"_links":{"self":[{"href":"https:\/\/termix.net\/blog\/es\/wp-json\/wp\/v2\/posts\/8358"}],"collection":[{"href":"https:\/\/termix.net\/blog\/es\/wp-json\/wp\/v2\/posts"}],"about":[{"href":"https:\/\/termix.net\/blog\/es\/wp-json\/wp\/v2\/types\/post"}],"author":[{"embeddable":true,"href":"https:\/\/termix.net\/blog\/es\/wp-json\/wp\/v2\/users\/2"}],"replies":[{"embeddable":true,"href":"https:\/\/termix.net\/blog\/es\/wp-json\/wp\/v2\/comments?post=8358"}],"version-history":[{"count":2,"href":"https:\/\/termix.net\/blog\/es\/wp-json\/wp\/v2\/posts\/8358\/revisions"}],"predecessor-version":[{"id":23090,"href":"https:\/\/termix.net\/blog\/es\/wp-json\/wp\/v2\/posts\/8358\/revisions\/23090"}],"wp:featuredmedia":[{"embeddable":true,"href":"https:\/\/termix.net\/blog\/es\/wp-json\/wp\/v2\/media\/5323"}],"wp:attachment":[{"href":"https:\/\/termix.net\/blog\/es\/wp-json\/wp\/v2\/media?parent=8358"}],"wp:term":[{"taxonomy":"category","embeddable":true,"href":"https:\/\/termix.net\/blog\/es\/wp-json\/wp\/v2\/categories?post=8358"},{"taxonomy":"post_tag","embeddable":true,"href":"https:\/\/termix.net\/blog\/es\/wp-json\/wp\/v2\/tags?post=8358"}],"curies":[{"name":"wp","href":"https:\/\/api.w.org\/{rel}","templated":true}]}}