{"id":8323,"date":"2015-11-03T12:24:48","date_gmt":"2015-11-03T12:24:48","guid":{"rendered":"http:\/\/termix.net\/?p=5552"},"modified":"2019-12-11T16:19:04","modified_gmt":"2019-12-11T15:19:04","slug":"termix-enamora-en-la-feria-ebs-2015-de-mexico","status":"publish","type":"post","link":"https:\/\/termix.net\/blog\/es\/termix-enamora-en-la-feria-ebs-2015-de-mexico\/","title":{"rendered":"Termix enamora en la feria EBS 2015 de M\u00e9xico"},"content":{"rendered":"<p><div class=\"fusion-fullwidth fullwidth-box fusion-builder-row-1 faded-background fusion-parallax-none nonhundred-percent-fullwidth non-hundred-percent-height-scrolling fusion-no-small-visibility fusion-no-medium-visibility\" style=\"--awb-border-radius-top-left:0px;--awb-border-radius-top-right:0px;--awb-border-radius-bottom-right:0px;--awb-border-radius-bottom-left:0px;--awb-padding-top:24%;--awb-padding-right:3%;--awb-padding-left:3%;--awb-background-size:cover;\" ><div class=\"fullwidth-faded\" style=\"--awb-background-color:#181818;--awb-background-image:url(https:\/\/termix.net\/blog\/wp-content\/uploads\/2015\/11\/bannerweb_news_feriaEBSmexico6.jpg);--awb-background-size:cover;\" ><\/div><div class=\"fusion-builder-row fusion-row\"><div class=\"fusion-layout-column fusion_builder_column fusion-builder-column-0 fusion_builder_column_1_1 1_1 fusion-one-full fusion-column-first fusion-column-last\" style=\"--awb-padding-top:6%;--awb-padding-right:8%;--awb-padding-bottom:6%;--awb-padding-left:8%;--awb-bg-color:rgba(255,255,255,0.7);--awb-bg-size:cover;--awb-margin-top:0px;--awb-margin-bottom:0px;\"><div class=\"fusion-column-wrapper fusion-column-has-shadow fusion-flex-column-wrapper-legacy\"><div class=\"fusion-text fusion-text-1 caption\"><p style=\"text-align: center;\">Noticias\u2014 3 min de lectura<\/p>\n<\/div><div class=\"fusion-title title fusion-title-1 fusion-sep-none fusion-title-center fusion-title-text fusion-title-size-two\" style=\"--awb-margin-top:30px;--awb-margin-bottom:20px;\"><h2 class=\"title-heading-center fusion-responsive-typography-calculated\" style=\"margin:0;--fontSize:50;line-height:1.28;\">Termix enamora en la feria EBS 2015 de M\u00e9xico<\/h2><\/div><div class=\"fusion-clearfix\"><\/div><\/div><\/div><\/div><\/div><div class=\"fusion-fullwidth fullwidth-box fusion-builder-row-2 fusion-parallax-none nonhundred-percent-fullwidth non-hundred-percent-height-scrolling fusion-no-large-visibility\" style=\"--awb-border-radius-top-left:0px;--awb-border-radius-top-right:0px;--awb-border-radius-bottom-right:0px;--awb-border-radius-bottom-left:0px;--awb-background-image:url(&quot;https:\/\/termix.net\/blog\/wp-content\/uploads\/2015\/11\/bannerweb_news_feriaEBSmexico6.jpg&quot;);--awb-background-size:cover;\" ><div class=\"fusion-builder-row fusion-row\"><div class=\"fusion-layout-column fusion_builder_column fusion-builder-column-1 fusion_builder_column_1_1 1_1 fusion-one-full fusion-column-first fusion-column-last fusion-column-inner-bg-wrapper\" style=\"--awb-padding-top:10%;--awb-padding-bottom:10%;--awb-inner-bg-image:url(&#039;http:\/\/termix.net\/blog\/wp-content\/uploads\/2019\/03\/single-blog-post-feat.jpg&#039;);--awb-inner-bg-position:center center;--awb-inner-bg-size:cover;\"><span class=\"fusion-column-inner-bg hover-type-zoomout\"><span class=\"fusion-column-anchor\"><span class=\"fusion-column-inner-bg-image\"><\/span><\/span><\/span><div class=\"fusion-column-wrapper fusion-flex-column-wrapper-legacy\" data-bg-url=\"http:\/\/termix.net\/blog\/wp-content\/uploads\/2019\/03\/single-blog-post-feat.jpg\"><div class=\"fusion-sep-clear\"><\/div><div class=\"fusion-separator fusion-no-large-visibility fusion-full-width-sep\" style=\"margin-left: auto;margin-right: auto;margin-top:200px;width:100%;\"><\/div><div class=\"fusion-sep-clear\"><\/div><div class=\"fusion-clearfix\"><\/div><\/div><\/div><div class=\"fusion-layout-column fusion_builder_column fusion-builder-column-2 fusion_builder_column_1_1 1_1 fusion-one-full fusion-column-first fusion-column-last\" style=\"--awb-padding-top:6%;--awb-bg-color:#ffffff;--awb-bg-size:cover;--awb-margin-top:0px;--awb-margin-bottom:0px;\"><div class=\"fusion-column-wrapper fusion-flex-column-wrapper-legacy\"><div class=\"fusion-text fusion-text-2 caption\"><p style=\"text-align: center;\">Noticias\u2014 3 min de lectura<\/p>\n<\/div><div class=\"fusion-title title fusion-title-2 fusion-sep-none fusion-title-center fusion-title-text fusion-title-size-two\" style=\"--awb-margin-top:30px;--awb-margin-bottom:20px;\"><h2 class=\"title-heading-center fusion-responsive-typography-calculated\" style=\"margin:0;--fontSize:50;line-height:1.28;\">Termix enamora en la feria EBS 2015 de M\u00e9xico<\/h2><\/div><div class=\"fusion-clearfix\"><\/div><\/div><\/div><\/div><\/div><div class=\"fusion-fullwidth fullwidth-box fusion-builder-row-3 nonhundred-percent-fullwidth non-hundred-percent-height-scrolling\" style=\"--awb-border-radius-top-left:0px;--awb-border-radius-top-right:0px;--awb-border-radius-bottom-right:0px;--awb-border-radius-bottom-left:0px;--awb-padding-top:10px;--awb-padding-bottom:4%;\" ><div class=\"fusion-builder-row fusion-row\"><div class=\"fusion-layout-column fusion_builder_column fusion-builder-column-3 fusion_builder_column_1_6 1_6 fusion-one-sixth fusion-column-first fusion-no-small-visibility fusion-no-medium-visibility\" style=\"--awb-bg-size:cover;width:16.666666666667%;width:calc(16.666666666667% - ( ( 0 + 0 ) * 0.16666666666667 ) );margin-right: 0px;\"><div class=\"fusion-column-wrapper fusion-flex-column-wrapper-legacy\"><div class=\"fusion-clearfix\"><\/div><\/div><\/div><div class=\"fusion-layout-column fusion_builder_column fusion-builder-column-4 fusion_builder_column_2_3 2_3 fusion-two-third\" style=\"--awb-bg-size:cover;width:66.666666666667%;width:calc(66.666666666667% - ( ( 0 + 0 ) * 0.66666666666667 ) );margin-right: 0px;\"><div class=\"fusion-column-wrapper fusion-flex-column-wrapper-legacy\"><div class=\"fusion-sep-clear\"><\/div><div class=\"fusion-separator fusion-full-width-sep\" style=\"margin-left: auto;margin-right: auto;margin-top:30px;width:100%;\"><\/div><div class=\"fusion-sep-clear\"><\/div><div class=\"fusion-text fusion-text-3\"><p>Divertidos pases, demostraciones, shows y presentaci\u00f3n de las \u00faltimas novedades\u2026 Del 25 al 27 de octubre, \u00a0el centro Banamex de la ciudad de M\u00e9xico se convirti\u00f3 en el anfitri\u00f3n de una nueva edici\u00f3n de la feria internacional Expo Beauty Show, uno de los encuentros m\u00e1s esperados e importantes para el sector de la peluquer\u00eda profesional y la belleza en M\u00e9xico. Una cita que, un a\u00f1o m\u00e1s, Termix no quiso perderse como marca l\u00edder en herramientas de peluquer\u00eda profesional.<\/p>\n<\/div><div class=\"fusion-sep-clear\"><\/div><div class=\"fusion-separator fusion-full-width-sep\" style=\"margin-left: auto;margin-right: auto;margin-top:30px;width:100%;\"><\/div><div class=\"fusion-sep-clear\"><\/div><div class=\"fusion-clearfix\"><\/div><\/div><\/div><div class=\"fusion-layout-column fusion_builder_column fusion-builder-column-5 fusion_builder_column_1_6 1_6 fusion-one-sixth fusion-column-last fusion-no-small-visibility fusion-no-medium-visibility\" style=\"--awb-bg-size:cover;width:16.666666666667%;width:calc(16.666666666667% - ( ( 0 + 0 ) * 0.16666666666667 ) );\"><div class=\"fusion-column-wrapper fusion-flex-column-wrapper-legacy\"><div class=\"fusion-clearfix\"><\/div><\/div><\/div><\/div><\/div><div class=\"fusion-fullwidth fullwidth-box fusion-builder-row-4 fusion-parallax-none nonhundred-percent-fullwidth hundred-percent-height hundred-percent-height-center-content non-hundred-percent-height-scrolling\" style=\"--awb-border-radius-top-left:0px;--awb-border-radius-top-right:0px;--awb-border-radius-bottom-right:0px;--awb-border-radius-bottom-left:0px;--awb-background-image:url(&quot;https:\/\/termix.net\/blog\/wp-content\/uploads\/2015\/11\/bannerweb_news_feriaEBSmexico5-800x400.jpg&quot;);--awb-background-size:cover;\" ><div class=\"fusion-fullwidth-center-content\"><div class=\"fusion-builder-row fusion-row\"><div class=\"fusion-layout-column fusion_builder_column fusion-builder-column-6 fusion_builder_column_1_6 1_6 fusion-one-sixth fusion-column-first fusion-no-small-visibility fusion-no-medium-visibility\" style=\"--awb-bg-size:cover;width:16.666666666667%;width:calc(16.666666666667% - ( ( 0 + 4% ) * 0.16666666666667 ) );margin-right: 0px;\"><div class=\"fusion-column-wrapper fusion-flex-column-wrapper-legacy\"><div class=\"fusion-clearfix\"><\/div><\/div><\/div><div class=\"fusion-layout-column fusion_builder_column fusion-builder-column-7 fusion_builder_column_2_3 2_3 fusion-two-third fusion-column-inner-bg-wrapper fusion-animated\" style=\"--awb-inner-bg-size:cover;--awb-margin-top:0px;--awb-margin-bottom:0px;width:66.666666666667%;width:calc(66.666666666667% - ( ( 0 + 4% ) * 0.66666666666667 ) );margin-right: 4%;\" data-animationType=\"fadeInUp\" data-animationDuration=\"0.3\" data-animationOffset=\"top-into-view\"><span class=\"fusion-column-inner-bg hover-type-zoomout\"><span class=\"fusion-column-anchor\"><span class=\"fusion-column-inner-bg-image\"><\/span><\/span><\/span><div class=\"fusion-column-wrapper fusion-column-has-shadow fusion-flex-column-wrapper-legacy\"><div class=\"fusion-title title fusion-title-3 fusion-sep-none fusion-title-text fusion-title-size-three\"><h3 class=\"title-heading-left fusion-responsive-typography-calculated\" style=\"margin:0;--fontSize:40;line-height:1.4;\"><\/h3><\/div><div class=\"fusion-clearfix\"><\/div><\/div><\/div><div class=\"fusion-layout-column fusion_builder_column fusion-builder-column-8 fusion_builder_column_1_6 1_6 fusion-one-sixth fusion-column-last fusion-no-small-visibility fusion-no-medium-visibility\" style=\"--awb-bg-size:cover;width:16.666666666667%;width:calc(16.666666666667% - ( ( 0 + 4% ) * 0.16666666666667 ) );\"><div class=\"fusion-column-wrapper fusion-flex-column-wrapper-legacy\"><div class=\"fusion-clearfix\"><\/div><\/div><\/div><\/div><\/div><\/div><div class=\"fusion-fullwidth fullwidth-box fusion-builder-row-5 nonhundred-percent-fullwidth non-hundred-percent-height-scrolling\" style=\"--awb-border-radius-top-left:0px;--awb-border-radius-top-right:0px;--awb-border-radius-bottom-right:0px;--awb-border-radius-bottom-left:0px;--awb-padding-top:5%;\" ><div class=\"fusion-builder-row fusion-row\"><div class=\"fusion-layout-column fusion_builder_column fusion-builder-column-9 fusion_builder_column_1_6 1_6 fusion-one-sixth fusion-column-first fusion-no-small-visibility fusion-no-medium-visibility\" style=\"--awb-bg-size:cover;width:16.666666666667%;width:calc(16.666666666667% - ( ( 0 ) * 0.16666666666667 ) );margin-right: 0px;\"><div class=\"fusion-column-wrapper fusion-flex-column-wrapper-legacy\"><div class=\"fusion-clearfix\"><\/div><\/div><\/div><div class=\"fusion-layout-column fusion_builder_column fusion-builder-column-10 fusion_builder_column_2_3 2_3 fusion-two-third fusion-column-last\" style=\"--awb-bg-size:cover;width:66.666666666667%;width:calc(66.666666666667% - ( ( 0 ) * 0.66666666666667 ) );\"><div class=\"fusion-column-wrapper fusion-flex-column-wrapper-legacy\"><div class=\"fusion-text fusion-text-4\"><p>Con m\u00e1s de <strong>80.000 visitantes<\/strong>, 3.000 marcas participantes y 34.000 m2 de \u00e1rea de exhibici\u00f3n, la 19 edici\u00f3n del EBS se volvi\u00f3 a convertir en el mejor escaparate de las \u00faltimas innovaciones y novedades de la industria. Lanzamientos como los que present\u00f3<strong> Termix<\/strong> junto con nuestro distribuidor oficial en el pa\u00eds, convirti\u00e9ndose en una de las marcas elegidas por los visitantes.<\/p>\n<p><img decoding=\"async\" class=\"alignnone size-full wp-image-22971\" src=\"https:\/\/termix.net\/blog\/wp-content\/uploads\/2015\/11\/bannerweb_news_feriaEBSmexico2-800x400.jpg\" alt=\"Feria EBs en M\u00e9xico con Termix\" width=\"800\" height=\"400\" srcset=\"https:\/\/termix.net\/blog\/wp-content\/uploads\/2015\/11\/bannerweb_news_feriaEBSmexico2-800x400-200x100.jpg 200w, https:\/\/termix.net\/blog\/wp-content\/uploads\/2015\/11\/bannerweb_news_feriaEBSmexico2-800x400-300x150.jpg 300w, https:\/\/termix.net\/blog\/wp-content\/uploads\/2015\/11\/bannerweb_news_feriaEBSmexico2-800x400-400x200.jpg 400w, https:\/\/termix.net\/blog\/wp-content\/uploads\/2015\/11\/bannerweb_news_feriaEBSmexico2-800x400-600x300.jpg 600w, https:\/\/termix.net\/blog\/wp-content\/uploads\/2015\/11\/bannerweb_news_feriaEBSmexico2-800x400-768x384.jpg 768w, https:\/\/termix.net\/blog\/wp-content\/uploads\/2015\/11\/bannerweb_news_feriaEBSmexico2-800x400.jpg 800w\" sizes=\"(max-width: 800px) 100vw, 800px\" \/><\/p>\n<p>Todas las gamas de cepillos Termix conquistaron al p\u00fablico, siendo la de <strong>Termix Evolution<\/strong> y C\u00b7Ramic Color las m\u00e1s demandadas por su cuidado del cabello.<\/p>\n<p><img decoding=\"async\" class=\"alignnone size-full wp-image-22967\" src=\"https:\/\/termix.net\/blog\/wp-content\/uploads\/2015\/11\/bannerweb_news_feriaEBSmexico3-800x400.jpg\" alt=\"Feria EBs en M\u00e9xico con Termix\" width=\"800\" height=\"400\" srcset=\"https:\/\/termix.net\/blog\/wp-content\/uploads\/2015\/11\/bannerweb_news_feriaEBSmexico3-800x400-200x100.jpg 200w, https:\/\/termix.net\/blog\/wp-content\/uploads\/2015\/11\/bannerweb_news_feriaEBSmexico3-800x400-300x150.jpg 300w, https:\/\/termix.net\/blog\/wp-content\/uploads\/2015\/11\/bannerweb_news_feriaEBSmexico3-800x400-400x200.jpg 400w, https:\/\/termix.net\/blog\/wp-content\/uploads\/2015\/11\/bannerweb_news_feriaEBSmexico3-800x400-600x300.jpg 600w, https:\/\/termix.net\/blog\/wp-content\/uploads\/2015\/11\/bannerweb_news_feriaEBSmexico3-800x400-768x384.jpg 768w, https:\/\/termix.net\/blog\/wp-content\/uploads\/2015\/11\/bannerweb_news_feriaEBSmexico3-800x400.jpg 800w\" sizes=\"(max-width: 800px) 100vw, 800px\" \/><\/p>\n<p>A todos los que nos visitasteis y confiasteis en los cepillos Termix, muchas gracias y hasta pronto.<\/p>\n<p><img decoding=\"async\" class=\"alignnone size-full wp-image-22961\" src=\"https:\/\/termix.net\/blog\/wp-content\/uploads\/2015\/11\/bannerweb_news_feriaEBSmexico8-800x400.jpg\" alt=\"Feria EBs en M\u00e9xico con Termix\" width=\"800\" height=\"400\" srcset=\"https:\/\/termix.net\/blog\/wp-content\/uploads\/2015\/11\/bannerweb_news_feriaEBSmexico8-800x400-200x100.jpg 200w, https:\/\/termix.net\/blog\/wp-content\/uploads\/2015\/11\/bannerweb_news_feriaEBSmexico8-800x400-300x150.jpg 300w, https:\/\/termix.net\/blog\/wp-content\/uploads\/2015\/11\/bannerweb_news_feriaEBSmexico8-800x400-400x200.jpg 400w, https:\/\/termix.net\/blog\/wp-content\/uploads\/2015\/11\/bannerweb_news_feriaEBSmexico8-800x400-600x300.jpg 600w, https:\/\/termix.net\/blog\/wp-content\/uploads\/2015\/11\/bannerweb_news_feriaEBSmexico8-800x400-768x384.jpg 768w, https:\/\/termix.net\/blog\/wp-content\/uploads\/2015\/11\/bannerweb_news_feriaEBSmexico8-800x400.jpg 800w\" sizes=\"(max-width: 800px) 100vw, 800px\" \/><\/p>\n<\/div><div class=\"fusion-clearfix\"><\/div><\/div><\/div><\/div><\/div><\/p>\n","protected":false},"excerpt":{"rendered":"<p>\t\t\t\tLos cepillos Termix conquistaron, un a\u00f1o m\u00e1s, al p\u00fablico mexicano en la feria internacional Expo Beauty Show 2015 que tuvo lugar del 25 al 27 de octubre. \t\t<\/p>\n","protected":false},"author":2,"featured_media":22975,"comment_status":"open","ping_status":"open","sticky":false,"template":"","format":"standard","meta":[],"categories":[33,6],"tags":[],"yoast_head":"<!-- This site is optimized with the Yoast SEO plugin v20.0 - https:\/\/yoast.com\/wordpress\/plugins\/seo\/ -->\n<title>Termix enamora en la feria EBS 2015 de M\u00e9xico - Blog Termix Spain<\/title>\n<meta name=\"description\" content=\"Blog Termix Spain - Termix enamora en la feria EBS 2015 de M\u00e9xico -\" \/>\n<meta name=\"robots\" content=\"index, follow, max-snippet:-1, max-image-preview:large, max-video-preview:-1\" \/>\n<link rel=\"canonical\" href=\"https:\/\/termix.net\/blog\/es\/termix-enamora-en-la-feria-ebs-2015-de-mexico\/\" \/>\n<meta property=\"og:locale\" content=\"es_ES\" \/>\n<meta property=\"og:type\" content=\"article\" \/>\n<meta property=\"og:title\" content=\"Termix enamora en la feria EBS 2015 de M\u00e9xico - Blog Termix Spain\" \/>\n<meta property=\"og:description\" content=\"Blog Termix Spain - Termix enamora en la feria EBS 2015 de M\u00e9xico -\" \/>\n<meta property=\"og:url\" content=\"https:\/\/termix.net\/blog\/es\/termix-enamora-en-la-feria-ebs-2015-de-mexico\/\" \/>\n<meta property=\"og:site_name\" content=\"Blog Termix Spain\" \/>\n<meta property=\"article:published_time\" content=\"2015-11-03T12:24:48+00:00\" \/>\n<meta property=\"article:modified_time\" content=\"2019-12-11T15:19:04+00:00\" \/>\n<meta property=\"og:image\" content=\"https:\/\/termix.net\/blog\/wp-content\/uploads\/2015\/11\/bannerweb_news_feriaEBSmexico6.jpg\" \/>\n\t<meta property=\"og:image:width\" content=\"800\" \/>\n\t<meta property=\"og:image:height\" content=\"500\" \/>\n\t<meta property=\"og:image:type\" content=\"image\/jpeg\" \/>\n<meta name=\"author\" content=\"TermixTeam\" \/>\n<meta name=\"twitter:card\" content=\"summary_large_image\" \/>\n<meta name=\"twitter:label1\" content=\"Escrito por\" \/>\n\t<meta name=\"twitter:data1\" content=\"TermixTeam\" \/>\n\t<meta name=\"twitter:label2\" content=\"Tiempo de lectura\" \/>\n\t<meta name=\"twitter:data2\" content=\"10 minutos\" \/>\n<script type=\"application\/ld+json\" class=\"yoast-schema-graph\">{\"@context\":\"https:\/\/schema.org\",\"@graph\":[{\"@type\":\"Article\",\"@id\":\"https:\/\/termix.net\/blog\/es\/termix-enamora-en-la-feria-ebs-2015-de-mexico\/#article\",\"isPartOf\":{\"@id\":\"https:\/\/termix.net\/blog\/es\/termix-enamora-en-la-feria-ebs-2015-de-mexico\/\"},\"author\":{\"name\":\"TermixTeam\",\"@id\":\"https:\/\/termix.net\/blog\/es\/#\/schema\/person\/9096c98bdf03c8ddf91ad7172f254f40\"},\"headline\":\"Termix enamora en la feria EBS 2015 de M\u00e9xico\",\"datePublished\":\"2015-11-03T12:24:48+00:00\",\"dateModified\":\"2019-12-11T15:19:04+00:00\",\"mainEntityOfPage\":{\"@id\":\"https:\/\/termix.net\/blog\/es\/termix-enamora-en-la-feria-ebs-2015-de-mexico\/\"},\"wordCount\":2055,\"commentCount\":0,\"publisher\":{\"@id\":\"https:\/\/termix.net\/blog\/es\/#organization\"},\"articleSection\":[\"Actualidad Termix\",\"NOTICIAS\"],\"inLanguage\":\"es\",\"potentialAction\":[{\"@type\":\"CommentAction\",\"name\":\"Comment\",\"target\":[\"https:\/\/termix.net\/blog\/es\/termix-enamora-en-la-feria-ebs-2015-de-mexico\/#respond\"]}]},{\"@type\":\"WebPage\",\"@id\":\"https:\/\/termix.net\/blog\/es\/termix-enamora-en-la-feria-ebs-2015-de-mexico\/\",\"url\":\"https:\/\/termix.net\/blog\/es\/termix-enamora-en-la-feria-ebs-2015-de-mexico\/\",\"name\":\"Termix enamora en la feria EBS 2015 de M\u00e9xico - Blog Termix Spain\",\"isPartOf\":{\"@id\":\"https:\/\/termix.net\/blog\/es\/#website\"},\"datePublished\":\"2015-11-03T12:24:48+00:00\",\"dateModified\":\"2019-12-11T15:19:04+00:00\",\"description\":\"Blog Termix Spain - Termix enamora en la feria EBS 2015 de M\u00e9xico -\",\"breadcrumb\":{\"@id\":\"https:\/\/termix.net\/blog\/es\/termix-enamora-en-la-feria-ebs-2015-de-mexico\/#breadcrumb\"},\"inLanguage\":\"es\",\"potentialAction\":[{\"@type\":\"ReadAction\",\"target\":[\"https:\/\/termix.net\/blog\/es\/termix-enamora-en-la-feria-ebs-2015-de-mexico\/\"]}]},{\"@type\":\"BreadcrumbList\",\"@id\":\"https:\/\/termix.net\/blog\/es\/termix-enamora-en-la-feria-ebs-2015-de-mexico\/#breadcrumb\",\"itemListElement\":[{\"@type\":\"ListItem\",\"position\":1,\"name\":\"Home\",\"item\":\"https:\/\/termix.net\/blog\/es\/\"},{\"@type\":\"ListItem\",\"position\":2,\"name\":\"Termix enamora en la feria EBS 2015 de M\u00e9xico\"}]},{\"@type\":\"WebSite\",\"@id\":\"https:\/\/termix.net\/blog\/es\/#website\",\"url\":\"https:\/\/termix.net\/blog\/es\/\",\"name\":\"Blog Termix Spain\",\"description\":\"Blog de tendencias y productos de peluquer\u00eda profesional.\",\"publisher\":{\"@id\":\"https:\/\/termix.net\/blog\/es\/#organization\"},\"potentialAction\":[{\"@type\":\"SearchAction\",\"target\":{\"@type\":\"EntryPoint\",\"urlTemplate\":\"https:\/\/termix.net\/blog\/es\/?s={search_term_string}\"},\"query-input\":\"required name=search_term_string\"}],\"inLanguage\":\"es\"},{\"@type\":\"Organization\",\"@id\":\"https:\/\/termix.net\/blog\/es\/#organization\",\"name\":\"Dols Industrial de Peluquer\u00eda SA\",\"url\":\"https:\/\/termix.net\/blog\/es\/\",\"logo\":{\"@type\":\"ImageObject\",\"inLanguage\":\"es\",\"@id\":\"https:\/\/termix.net\/blog\/es\/#\/schema\/logo\/image\/\",\"url\":\"https:\/\/termix.net\/blog\/wp-content\/uploads\/2020\/10\/OGbDAeng.jpeg\",\"contentUrl\":\"https:\/\/termix.net\/blog\/wp-content\/uploads\/2020\/10\/OGbDAeng.jpeg\",\"width\":800,\"height\":800,\"caption\":\"Dols Industrial de Peluquer\u00eda SA\"},\"image\":{\"@id\":\"https:\/\/termix.net\/blog\/es\/#\/schema\/logo\/image\/\"}},{\"@type\":\"Person\",\"@id\":\"https:\/\/termix.net\/blog\/es\/#\/schema\/person\/9096c98bdf03c8ddf91ad7172f254f40\",\"name\":\"TermixTeam\",\"image\":{\"@type\":\"ImageObject\",\"inLanguage\":\"es\",\"@id\":\"https:\/\/termix.net\/blog\/es\/#\/schema\/person\/image\/\",\"url\":\"https:\/\/secure.gravatar.com\/avatar\/d89f61f6bd1c29a4acb231736d1c74b3?s=96&d=mm&r=g\",\"contentUrl\":\"https:\/\/secure.gravatar.com\/avatar\/d89f61f6bd1c29a4acb231736d1c74b3?s=96&d=mm&r=g\",\"caption\":\"TermixTeam\"},\"url\":\"https:\/\/termix.net\/blog\/es\/author\/termixteam\/\"}]}<\/script>\n<!-- \/ Yoast SEO plugin. -->","yoast_head_json":{"title":"Termix enamora en la feria EBS 2015 de M\u00e9xico - Blog Termix Spain","description":"Blog Termix Spain - Termix enamora en la feria EBS 2015 de M\u00e9xico -","robots":{"index":"index","follow":"follow","max-snippet":"max-snippet:-1","max-image-preview":"max-image-preview:large","max-video-preview":"max-video-preview:-1"},"canonical":"https:\/\/termix.net\/blog\/es\/termix-enamora-en-la-feria-ebs-2015-de-mexico\/","og_locale":"es_ES","og_type":"article","og_title":"Termix enamora en la feria EBS 2015 de M\u00e9xico - Blog Termix Spain","og_description":"Blog Termix Spain - Termix enamora en la feria EBS 2015 de M\u00e9xico -","og_url":"https:\/\/termix.net\/blog\/es\/termix-enamora-en-la-feria-ebs-2015-de-mexico\/","og_site_name":"Blog Termix Spain","article_published_time":"2015-11-03T12:24:48+00:00","article_modified_time":"2019-12-11T15:19:04+00:00","og_image":[{"width":800,"height":500,"url":"https:\/\/termix.net\/blog\/wp-content\/uploads\/2015\/11\/bannerweb_news_feriaEBSmexico6.jpg","type":"image\/jpeg"}],"author":"TermixTeam","twitter_card":"summary_large_image","twitter_misc":{"Escrito por":"TermixTeam","Tiempo de lectura":"10 minutos"},"schema":{"@context":"https:\/\/schema.org","@graph":[{"@type":"Article","@id":"https:\/\/termix.net\/blog\/es\/termix-enamora-en-la-feria-ebs-2015-de-mexico\/#article","isPartOf":{"@id":"https:\/\/termix.net\/blog\/es\/termix-enamora-en-la-feria-ebs-2015-de-mexico\/"},"author":{"name":"TermixTeam","@id":"https:\/\/termix.net\/blog\/es\/#\/schema\/person\/9096c98bdf03c8ddf91ad7172f254f40"},"headline":"Termix enamora en la feria EBS 2015 de M\u00e9xico","datePublished":"2015-11-03T12:24:48+00:00","dateModified":"2019-12-11T15:19:04+00:00","mainEntityOfPage":{"@id":"https:\/\/termix.net\/blog\/es\/termix-enamora-en-la-feria-ebs-2015-de-mexico\/"},"wordCount":2055,"commentCount":0,"publisher":{"@id":"https:\/\/termix.net\/blog\/es\/#organization"},"articleSection":["Actualidad Termix","NOTICIAS"],"inLanguage":"es","potentialAction":[{"@type":"CommentAction","name":"Comment","target":["https:\/\/termix.net\/blog\/es\/termix-enamora-en-la-feria-ebs-2015-de-mexico\/#respond"]}]},{"@type":"WebPage","@id":"https:\/\/termix.net\/blog\/es\/termix-enamora-en-la-feria-ebs-2015-de-mexico\/","url":"https:\/\/termix.net\/blog\/es\/termix-enamora-en-la-feria-ebs-2015-de-mexico\/","name":"Termix enamora en la feria EBS 2015 de M\u00e9xico - Blog Termix Spain","isPartOf":{"@id":"https:\/\/termix.net\/blog\/es\/#website"},"datePublished":"2015-11-03T12:24:48+00:00","dateModified":"2019-12-11T15:19:04+00:00","description":"Blog Termix Spain - Termix enamora en la feria EBS 2015 de M\u00e9xico -","breadcrumb":{"@id":"https:\/\/termix.net\/blog\/es\/termix-enamora-en-la-feria-ebs-2015-de-mexico\/#breadcrumb"},"inLanguage":"es","potentialAction":[{"@type":"ReadAction","target":["https:\/\/termix.net\/blog\/es\/termix-enamora-en-la-feria-ebs-2015-de-mexico\/"]}]},{"@type":"BreadcrumbList","@id":"https:\/\/termix.net\/blog\/es\/termix-enamora-en-la-feria-ebs-2015-de-mexico\/#breadcrumb","itemListElement":[{"@type":"ListItem","position":1,"name":"Home","item":"https:\/\/termix.net\/blog\/es\/"},{"@type":"ListItem","position":2,"name":"Termix enamora en la feria EBS 2015 de M\u00e9xico"}]},{"@type":"WebSite","@id":"https:\/\/termix.net\/blog\/es\/#website","url":"https:\/\/termix.net\/blog\/es\/","name":"Blog Termix Spain","description":"Blog de tendencias y productos de peluquer\u00eda profesional.","publisher":{"@id":"https:\/\/termix.net\/blog\/es\/#organization"},"potentialAction":[{"@type":"SearchAction","target":{"@type":"EntryPoint","urlTemplate":"https:\/\/termix.net\/blog\/es\/?s={search_term_string}"},"query-input":"required name=search_term_string"}],"inLanguage":"es"},{"@type":"Organization","@id":"https:\/\/termix.net\/blog\/es\/#organization","name":"Dols Industrial de Peluquer\u00eda SA","url":"https:\/\/termix.net\/blog\/es\/","logo":{"@type":"ImageObject","inLanguage":"es","@id":"https:\/\/termix.net\/blog\/es\/#\/schema\/logo\/image\/","url":"https:\/\/termix.net\/blog\/wp-content\/uploads\/2020\/10\/OGbDAeng.jpeg","contentUrl":"https:\/\/termix.net\/blog\/wp-content\/uploads\/2020\/10\/OGbDAeng.jpeg","width":800,"height":800,"caption":"Dols Industrial de Peluquer\u00eda SA"},"image":{"@id":"https:\/\/termix.net\/blog\/es\/#\/schema\/logo\/image\/"}},{"@type":"Person","@id":"https:\/\/termix.net\/blog\/es\/#\/schema\/person\/9096c98bdf03c8ddf91ad7172f254f40","name":"TermixTeam","image":{"@type":"ImageObject","inLanguage":"es","@id":"https:\/\/termix.net\/blog\/es\/#\/schema\/person\/image\/","url":"https:\/\/secure.gravatar.com\/avatar\/d89f61f6bd1c29a4acb231736d1c74b3?s=96&d=mm&r=g","contentUrl":"https:\/\/secure.gravatar.com\/avatar\/d89f61f6bd1c29a4acb231736d1c74b3?s=96&d=mm&r=g","caption":"TermixTeam"},"url":"https:\/\/termix.net\/blog\/es\/author\/termixteam\/"}]}},"_links":{"self":[{"href":"https:\/\/termix.net\/blog\/es\/wp-json\/wp\/v2\/posts\/8323"}],"collection":[{"href":"https:\/\/termix.net\/blog\/es\/wp-json\/wp\/v2\/posts"}],"about":[{"href":"https:\/\/termix.net\/blog\/es\/wp-json\/wp\/v2\/types\/post"}],"author":[{"embeddable":true,"href":"https:\/\/termix.net\/blog\/es\/wp-json\/wp\/v2\/users\/2"}],"replies":[{"embeddable":true,"href":"https:\/\/termix.net\/blog\/es\/wp-json\/wp\/v2\/comments?post=8323"}],"version-history":[{"count":2,"href":"https:\/\/termix.net\/blog\/es\/wp-json\/wp\/v2\/posts\/8323\/revisions"}],"predecessor-version":[{"id":22977,"href":"https:\/\/termix.net\/blog\/es\/wp-json\/wp\/v2\/posts\/8323\/revisions\/22977"}],"wp:featuredmedia":[{"embeddable":true,"href":"https:\/\/termix.net\/blog\/es\/wp-json\/wp\/v2\/media\/22975"}],"wp:attachment":[{"href":"https:\/\/termix.net\/blog\/es\/wp-json\/wp\/v2\/media?parent=8323"}],"wp:term":[{"taxonomy":"category","embeddable":true,"href":"https:\/\/termix.net\/blog\/es\/wp-json\/wp\/v2\/categories?post=8323"},{"taxonomy":"post_tag","embeddable":true,"href":"https:\/\/termix.net\/blog\/es\/wp-json\/wp\/v2\/tags?post=8323"}],"curies":[{"name":"wp","href":"https:\/\/api.w.org\/{rel}","templated":true}]}}