{"id":8287,"date":"2015-06-21T09:42:19","date_gmt":"2015-06-21T09:42:19","guid":{"rendered":"http:\/\/termix.net\/?p=4663"},"modified":"2019-12-10T14:53:16","modified_gmt":"2019-12-10T13:53:16","slug":"termix-en-la-nueva-comedia-de-dani-rovira-y-maria-valverde-ahora-o-nunca-peliicula","status":"publish","type":"post","link":"https:\/\/termix.net\/blog\/es\/termix-en-la-nueva-comedia-de-dani-rovira-y-maria-valverde-ahora-o-nunca-peliicula\/","title":{"rendered":"TERMIX PEINA A DANI ROVIRA EN LA PEL\u00cdCULA AHORA O NUNCA"},"content":{"rendered":"<p><div class=\"fusion-fullwidth fullwidth-box fusion-builder-row-1 faded-background fusion-parallax-none nonhundred-percent-fullwidth non-hundred-percent-height-scrolling fusion-no-small-visibility fusion-no-medium-visibility\" style=\"--awb-border-radius-top-left:0px;--awb-border-radius-top-right:0px;--awb-border-radius-bottom-right:0px;--awb-border-radius-bottom-left:0px;--awb-padding-top:24%;--awb-padding-right:3%;--awb-padding-left:3%;--awb-background-size:cover;\" ><div class=\"fullwidth-faded\" style=\"--awb-background-color:#181818;--awb-background-image:url(https:\/\/termix.net\/blog\/wp-content\/uploads\/2018\/03\/5cepillos.jpg);--awb-background-size:cover;\" ><\/div><div class=\"fusion-builder-row fusion-row\"><div class=\"fusion-layout-column fusion_builder_column fusion-builder-column-0 fusion_builder_column_1_1 1_1 fusion-one-full fusion-column-first fusion-column-last\" style=\"--awb-padding-top:6%;--awb-padding-right:8%;--awb-padding-bottom:6%;--awb-padding-left:8%;--awb-bg-color:rgba(255,255,255,0.7);--awb-bg-size:cover;--awb-margin-top:0px;--awb-margin-bottom:0px;\"><div class=\"fusion-column-wrapper fusion-column-has-shadow fusion-flex-column-wrapper-legacy\"><div class=\"fusion-text fusion-text-1 caption\"><p style=\"text-align: center;\">Noticias\u2014 3 min de lectura<\/p>\n<\/div><div class=\"fusion-title title fusion-title-1 fusion-sep-none fusion-title-center fusion-title-text fusion-title-size-two\" style=\"--awb-margin-top:30px;--awb-margin-bottom:20px;\"><h2 class=\"title-heading-center fusion-responsive-typography-calculated\" style=\"margin:0;--fontSize:50;line-height:1.28;\">Termix peina a Dani Rovira en la pel\u00edcula <em>Ahora o nunca<\/em><\/h2><\/div><div class=\"fusion-clearfix\"><\/div><\/div><\/div><\/div><\/div><div class=\"fusion-fullwidth fullwidth-box fusion-builder-row-2 fusion-parallax-none nonhundred-percent-fullwidth non-hundred-percent-height-scrolling fusion-no-large-visibility\" style=\"--awb-border-radius-top-left:0px;--awb-border-radius-top-right:0px;--awb-border-radius-bottom-right:0px;--awb-border-radius-bottom-left:0px;--awb-background-image:url(&quot;https:\/\/termix.net\/blog\/wp-content\/uploads\/2018\/03\/5cepillos.jpg&quot;);--awb-background-size:cover;\" ><div class=\"fusion-builder-row fusion-row\"><div class=\"fusion-layout-column fusion_builder_column fusion-builder-column-1 fusion_builder_column_1_1 1_1 fusion-one-full fusion-column-first fusion-column-last fusion-column-inner-bg-wrapper\" style=\"--awb-padding-top:10%;--awb-padding-bottom:10%;--awb-inner-bg-image:url(&#039;http:\/\/termix.net\/blog\/wp-content\/uploads\/2019\/03\/single-blog-post-feat.jpg&#039;);--awb-inner-bg-position:center center;--awb-inner-bg-size:cover;\"><span class=\"fusion-column-inner-bg hover-type-zoomout\"><span class=\"fusion-column-anchor\"><span class=\"fusion-column-inner-bg-image\"><\/span><\/span><\/span><div class=\"fusion-column-wrapper fusion-flex-column-wrapper-legacy\" data-bg-url=\"http:\/\/termix.net\/blog\/wp-content\/uploads\/2019\/03\/single-blog-post-feat.jpg\"><div class=\"fusion-sep-clear\"><\/div><div class=\"fusion-separator fusion-no-large-visibility fusion-full-width-sep\" style=\"margin-left: auto;margin-right: auto;margin-top:200px;width:100%;\"><\/div><div class=\"fusion-sep-clear\"><\/div><div class=\"fusion-clearfix\"><\/div><\/div><\/div><div class=\"fusion-layout-column fusion_builder_column fusion-builder-column-2 fusion_builder_column_1_1 1_1 fusion-one-full fusion-column-first fusion-column-last\" style=\"--awb-padding-top:6%;--awb-bg-color:#ffffff;--awb-bg-size:cover;--awb-margin-top:0px;--awb-margin-bottom:0px;\"><div class=\"fusion-column-wrapper fusion-flex-column-wrapper-legacy\"><div class=\"fusion-text fusion-text-2 caption\"><p style=\"text-align: center;\">Noticias\u2014 3 min de lectura<\/p>\n<\/div><div class=\"fusion-title title fusion-title-2 fusion-sep-none fusion-title-center fusion-title-text fusion-title-size-two\" style=\"--awb-margin-top:30px;--awb-margin-bottom:20px;\"><h2 class=\"title-heading-center fusion-responsive-typography-calculated\" style=\"margin:0;--fontSize:50;line-height:1.28;\">Termix peina a Dani Rovira en la pel\u00edcula <em>Ahora o nunca<\/em><\/h2><\/div><div class=\"fusion-clearfix\"><\/div><\/div><\/div><\/div><\/div><div class=\"fusion-fullwidth fullwidth-box fusion-builder-row-3 nonhundred-percent-fullwidth non-hundred-percent-height-scrolling\" style=\"--awb-border-radius-top-left:0px;--awb-border-radius-top-right:0px;--awb-border-radius-bottom-right:0px;--awb-border-radius-bottom-left:0px;--awb-padding-top:10px;--awb-padding-bottom:4%;\" ><div class=\"fusion-builder-row fusion-row\"><div class=\"fusion-layout-column fusion_builder_column fusion-builder-column-3 fusion_builder_column_1_6 1_6 fusion-one-sixth fusion-column-first fusion-no-small-visibility fusion-no-medium-visibility\" style=\"--awb-bg-size:cover;width:16.666666666667%;width:calc(16.666666666667% - ( ( 0 + 0 ) * 0.16666666666667 ) );margin-right: 0px;\"><div class=\"fusion-column-wrapper fusion-flex-column-wrapper-legacy\"><div class=\"fusion-clearfix\"><\/div><\/div><\/div><div class=\"fusion-layout-column fusion_builder_column fusion-builder-column-4 fusion_builder_column_2_3 2_3 fusion-two-third\" style=\"--awb-bg-size:cover;width:66.666666666667%;width:calc(66.666666666667% - ( ( 0 + 0 ) * 0.66666666666667 ) );margin-right: 0px;\"><div class=\"fusion-column-wrapper fusion-flex-column-wrapper-legacy\"><div class=\"fusion-sep-clear\"><\/div><div class=\"fusion-separator fusion-full-width-sep\" style=\"margin-left: auto;margin-right: auto;margin-top:30px;width:100%;\"><\/div><div class=\"fusion-sep-clear\"><\/div><div class=\"fusion-text fusion-text-3\"><p>Tras el \u00e9xito de su primera interpretaci\u00f3n, <strong>Dani Rovira<\/strong> vuelve a la gran pantalla junto a la actriz <strong>Mar\u00eda Valverde<\/strong> en la que sin duda es la nueva comedia rom\u00e1ntica del a\u00f1o \u201c<em>Ahora o Nunca<\/em>\u201d, dirigida por Mar\u00eda Ripoll (Lluvia en los zapatos\u00a0o\u00a0Tu vida en 65&#8242;).<\/p>\n<\/div><div class=\"fusion-sep-clear\"><\/div><div class=\"fusion-separator fusion-full-width-sep\" style=\"margin-left: auto;margin-right: auto;margin-top:30px;width:100%;\"><\/div><div class=\"fusion-sep-clear\"><\/div><div class=\"fusion-clearfix\"><\/div><\/div><\/div><div class=\"fusion-layout-column fusion_builder_column fusion-builder-column-5 fusion_builder_column_1_6 1_6 fusion-one-sixth fusion-column-last fusion-no-small-visibility fusion-no-medium-visibility\" style=\"--awb-bg-size:cover;width:16.666666666667%;width:calc(16.666666666667% - ( ( 0 + 0 ) * 0.16666666666667 ) );\"><div class=\"fusion-column-wrapper fusion-flex-column-wrapper-legacy\"><div class=\"fusion-clearfix\"><\/div><\/div><\/div><\/div><\/div><div class=\"fusion-fullwidth fullwidth-box fusion-builder-row-4 fusion-parallax-none nonhundred-percent-fullwidth hundred-percent-height hundred-percent-height-center-content non-hundred-percent-height-scrolling\" style=\"--awb-border-radius-top-left:0px;--awb-border-radius-top-right:0px;--awb-border-radius-bottom-right:0px;--awb-border-radius-bottom-left:0px;--awb-background-image:url(&quot;https:\/\/termix.net\/blog\/wp-content\/uploads\/2015\/06\/03.jpg&quot;);--awb-background-size:cover;\" ><div class=\"fusion-fullwidth-center-content\"><div class=\"fusion-builder-row fusion-row\"><div class=\"fusion-layout-column fusion_builder_column fusion-builder-column-6 fusion_builder_column_1_6 1_6 fusion-one-sixth fusion-column-first fusion-no-small-visibility fusion-no-medium-visibility\" style=\"--awb-bg-size:cover;width:16.666666666667%;width:calc(16.666666666667% - ( ( 0 + 4% ) * 0.16666666666667 ) );margin-right: 0px;\"><div class=\"fusion-column-wrapper fusion-flex-column-wrapper-legacy\"><div class=\"fusion-clearfix\"><\/div><\/div><\/div><div class=\"fusion-layout-column fusion_builder_column fusion-builder-column-7 fusion_builder_column_2_3 2_3 fusion-two-third fusion-column-inner-bg-wrapper fusion-animated\" style=\"--awb-inner-bg-size:cover;--awb-margin-top:0px;--awb-margin-bottom:0px;width:66.666666666667%;width:calc(66.666666666667% - ( ( 0 + 4% ) * 0.66666666666667 ) );margin-right: 4%;\" data-animationType=\"fadeInUp\" data-animationDuration=\"0.3\" data-animationOffset=\"top-into-view\"><span class=\"fusion-column-inner-bg hover-type-zoomout\"><span class=\"fusion-column-anchor\"><span class=\"fusion-column-inner-bg-image\"><\/span><\/span><\/span><div class=\"fusion-column-wrapper fusion-column-has-shadow fusion-flex-column-wrapper-legacy\"><div class=\"fusion-title title fusion-title-3 fusion-sep-none fusion-title-text fusion-title-size-three\"><h3 class=\"title-heading-left fusion-responsive-typography-calculated\" style=\"margin:0;--fontSize:40;line-height:1.4;\"><\/h3><\/div><div class=\"fusion-clearfix\"><\/div><\/div><\/div><div class=\"fusion-layout-column fusion_builder_column fusion-builder-column-8 fusion_builder_column_1_6 1_6 fusion-one-sixth fusion-column-last fusion-no-small-visibility fusion-no-medium-visibility\" style=\"--awb-bg-size:cover;width:16.666666666667%;width:calc(16.666666666667% - ( ( 0 + 4% ) * 0.16666666666667 ) );\"><div class=\"fusion-column-wrapper fusion-flex-column-wrapper-legacy\"><div class=\"fusion-clearfix\"><\/div><\/div><\/div><\/div><\/div><\/div><div class=\"fusion-fullwidth fullwidth-box fusion-builder-row-5 nonhundred-percent-fullwidth non-hundred-percent-height-scrolling\" style=\"--awb-border-radius-top-left:0px;--awb-border-radius-top-right:0px;--awb-border-radius-bottom-right:0px;--awb-border-radius-bottom-left:0px;--awb-padding-top:5%;\" ><div class=\"fusion-builder-row fusion-row\"><div class=\"fusion-layout-column fusion_builder_column fusion-builder-column-9 fusion_builder_column_1_6 1_6 fusion-one-sixth fusion-column-first fusion-no-small-visibility fusion-no-medium-visibility\" style=\"--awb-bg-size:cover;width:16.666666666667%;width:calc(16.666666666667% - ( ( 0 ) * 0.16666666666667 ) );margin-right: 0px;\"><div class=\"fusion-column-wrapper fusion-flex-column-wrapper-legacy\"><div class=\"fusion-clearfix\"><\/div><\/div><\/div><div class=\"fusion-layout-column fusion_builder_column fusion-builder-column-10 fusion_builder_column_2_3 2_3 fusion-two-third fusion-column-last\" style=\"--awb-bg-size:cover;width:66.666666666667%;width:calc(66.666666666667% - ( ( 0 ) * 0.66666666666667 ) );\"><div class=\"fusion-column-wrapper fusion-flex-column-wrapper-legacy\"><div class=\"fusion-title title fusion-title-4 fusion-sep-none fusion-title-text fusion-title-size-three\"><h3 class=\"title-heading-left fusion-responsive-typography-calculated\" style=\"margin:0;--fontSize:40;line-height:1.4;\"><\/h3><\/div><div class=\"fusion-text fusion-text-4\"><p style=\"text-align: justify;\">En este nuevo largometraje,\u00a0<strong>la jefa de maquillaje y peluquer\u00eda Eva Fontenla ha apostado por Termix para el cuidado del cabello del elenco de actores<\/strong> entre los cuales destacan Clara Lago (8 apellidos Vascos), Jordi S\u00e1nchez (La que se avecina), Joaqu\u00edn Nu\u00f1ez ( El chiringuito de Pepe) y Melody Ruiz (peque\u00f1os gigantes), entre otros.<\/p>\n<p><img decoding=\"async\" class=\"alignnone size-full wp-image-20610\" src=\"https:\/\/termix.net\/blog\/wp-content\/uploads\/2019\/11\/termix-plancha-pelo-230_-cosmobeauty-1.jpg\" alt=\"termix-plancha-pelo-230_-cosmobeauty\" width=\"1160\" height=\"660\" srcset=\"https:\/\/termix.net\/blog\/wp-content\/uploads\/2019\/11\/termix-plancha-pelo-230_-cosmobeauty-1-200x114.jpg 200w, https:\/\/termix.net\/blog\/wp-content\/uploads\/2019\/11\/termix-plancha-pelo-230_-cosmobeauty-1-300x171.jpg 300w, https:\/\/termix.net\/blog\/wp-content\/uploads\/2019\/11\/termix-plancha-pelo-230_-cosmobeauty-1-400x228.jpg 400w, https:\/\/termix.net\/blog\/wp-content\/uploads\/2019\/11\/termix-plancha-pelo-230_-cosmobeauty-1-600x341.jpg 600w, https:\/\/termix.net\/blog\/wp-content\/uploads\/2019\/11\/termix-plancha-pelo-230_-cosmobeauty-1-768x437.jpg 768w, https:\/\/termix.net\/blog\/wp-content\/uploads\/2019\/11\/termix-plancha-pelo-230_-cosmobeauty-1-800x455.jpg 800w, https:\/\/termix.net\/blog\/wp-content\/uploads\/2019\/11\/termix-plancha-pelo-230_-cosmobeauty-1-1024x583.jpg 1024w, https:\/\/termix.net\/blog\/wp-content\/uploads\/2019\/11\/termix-plancha-pelo-230_-cosmobeauty-1.jpg 1160w\" sizes=\"(max-width: 1160px) 100vw, 1160px\" \/><\/p>\n<p style=\"text-align: justify;\">Con esta colaboraci\u00f3n, <strong>Termix sigue apoyando y trabajando mano a\u00a0 mano con \u00a0reconocidos estilistas de cine y televisi\u00f3n<\/strong> que conf\u00edan plenamente en la calidad de la marca l\u00edder en utensilios de peluquer\u00eda. En palabras de la propia Eva Fontenla, \u201cno conf\u00edo en otra marca de utensilios que no sea Termix, ya que nos permite llegar a cualquier look propuesto para nuestros actores\u201d. La protagonista, <strong>Mar\u00eda Valverde<\/strong>, es un claro ejemplo. \u201cMar\u00eda tiene un cabello fino, y con la gama de cepillos Evolution Soft conseguimos darle el cuerpo y movimiento que necesita. Por el contrario, tenemos cabellos rizados y dif\u00edciles de trabajar como el de Alicia Rubio o muy abundantes como el de <strong>Clara Lago<\/strong>, que conseguimos dominar con la Plancha Termix 230\u00ba y los <strong>cepillos Evolution Plus<\/strong> para cabellos gruesos, consiguiendo volumen con unas ondas muy naturales y evitando el encrespamiento. Para los hombres, los peines de carbono Termix son la herramienta ideal para el cuidado de su cabello\u201d, explica Fontenla.<\/p>\n<p style=\"text-align: justify;\">\u201cAhora o nunca\u201d narra una divertida historia entre dos enamorados separados por una huelga de controladores a\u00e9reos, que hacen todo lo posible por encontrarse.<\/p>\n<\/div><div class=\"fusion-clearfix\"><\/div><\/div><\/div><\/div><\/div><\/p>\n","protected":false},"excerpt":{"rendered":"<p>\t\t\t\tDani Rovira vuelve a la gran pantalla junto a Mar\u00eda Valverde que protagonizan la pel\u00edcula Ahora o Nunca junto con los productos Termix, que cuidaron del cabello de sus protagonistas en todo momento de la mano de Eva Fontenla y su equipo de estilistas.\t\t<\/p>\n","protected":false},"author":2,"featured_media":22540,"comment_status":"open","ping_status":"open","sticky":false,"template":"","format":"standard","meta":[],"categories":[42,6],"tags":[],"yoast_head":"<!-- This site is optimized with the Yoast SEO plugin v20.0 - https:\/\/yoast.com\/wordpress\/plugins\/seo\/ -->\n<title>Termix participa en en la comedia &quot;Ahora o Nunca&quot; - Termix<\/title>\n<meta name=\"description\" content=\"Los productos Termix cuidaron del cabello de los protagonistas de la pel\u00edcula Ahora o Nunca Dani Rovira y Mar\u00eda Vlaverde de la mano del equipo de estilistas\" \/>\n<meta name=\"robots\" content=\"noindex, follow\" \/>\n<meta property=\"og:locale\" content=\"es_ES\" \/>\n<meta property=\"og:type\" content=\"article\" \/>\n<meta property=\"og:title\" content=\"Termix participa en en la comedia &quot;Ahora o Nunca&quot; - Termix\" \/>\n<meta property=\"og:description\" content=\"Los productos Termix cuidaron del cabello de los protagonistas de la pel\u00edcula Ahora o Nunca Dani Rovira y Mar\u00eda Vlaverde de la mano del equipo de estilistas\" \/>\n<meta property=\"og:url\" content=\"https:\/\/termix.net\/blog\/es\/termix-en-la-nueva-comedia-de-dani-rovira-y-maria-valverde-ahora-o-nunca-peliicula\/\" \/>\n<meta property=\"og:site_name\" content=\"Blog Termix Spain\" \/>\n<meta property=\"article:published_time\" content=\"2015-06-21T09:42:19+00:00\" \/>\n<meta property=\"article:modified_time\" content=\"2019-12-10T13:53:16+00:00\" \/>\n<meta property=\"og:image\" content=\"https:\/\/termix.net\/blog\/wp-content\/uploads\/2015\/06\/03.jpg\" \/>\n\t<meta property=\"og:image:width\" content=\"800\" \/>\n\t<meta property=\"og:image:height\" content=\"400\" \/>\n\t<meta property=\"og:image:type\" content=\"image\/jpeg\" \/>\n<meta name=\"author\" content=\"TermixTeam\" \/>\n<meta name=\"twitter:card\" content=\"summary_large_image\" \/>\n<meta name=\"twitter:label1\" content=\"Escrito por\" \/>\n\t<meta name=\"twitter:data1\" content=\"TermixTeam\" \/>\n\t<meta name=\"twitter:label2\" content=\"Tiempo de lectura\" \/>\n\t<meta name=\"twitter:data2\" content=\"11 minutos\" \/>\n<script type=\"application\/ld+json\" class=\"yoast-schema-graph\">{\"@context\":\"https:\/\/schema.org\",\"@graph\":[{\"@type\":\"Article\",\"@id\":\"https:\/\/termix.net\/blog\/es\/termix-en-la-nueva-comedia-de-dani-rovira-y-maria-valverde-ahora-o-nunca-peliicula\/#article\",\"isPartOf\":{\"@id\":\"https:\/\/termix.net\/blog\/es\/termix-en-la-nueva-comedia-de-dani-rovira-y-maria-valverde-ahora-o-nunca-peliicula\/\"},\"author\":{\"name\":\"TermixTeam\",\"@id\":\"https:\/\/termix.net\/blog\/es\/#\/schema\/person\/9096c98bdf03c8ddf91ad7172f254f40\"},\"headline\":\"TERMIX PEINA A DANI ROVIRA EN LA PEL\u00cdCULA AHORA O NUNCA\",\"datePublished\":\"2015-06-21T09:42:19+00:00\",\"dateModified\":\"2019-12-10T13:53:16+00:00\",\"mainEntityOfPage\":{\"@id\":\"https:\/\/termix.net\/blog\/es\/termix-en-la-nueva-comedia-de-dani-rovira-y-maria-valverde-ahora-o-nunca-peliicula\/\"},\"wordCount\":2208,\"commentCount\":0,\"publisher\":{\"@id\":\"https:\/\/termix.net\/blog\/es\/#organization\"},\"articleSection\":[\"General\",\"NOTICIAS\"],\"inLanguage\":\"es\",\"potentialAction\":[{\"@type\":\"CommentAction\",\"name\":\"Comment\",\"target\":[\"https:\/\/termix.net\/blog\/es\/termix-en-la-nueva-comedia-de-dani-rovira-y-maria-valverde-ahora-o-nunca-peliicula\/#respond\"]}]},{\"@type\":\"WebPage\",\"@id\":\"https:\/\/termix.net\/blog\/es\/termix-en-la-nueva-comedia-de-dani-rovira-y-maria-valverde-ahora-o-nunca-peliicula\/\",\"url\":\"https:\/\/termix.net\/blog\/es\/termix-en-la-nueva-comedia-de-dani-rovira-y-maria-valverde-ahora-o-nunca-peliicula\/\",\"name\":\"Termix participa en en la comedia \\\"Ahora o Nunca\\\" - Termix\",\"isPartOf\":{\"@id\":\"https:\/\/termix.net\/blog\/es\/#website\"},\"datePublished\":\"2015-06-21T09:42:19+00:00\",\"dateModified\":\"2019-12-10T13:53:16+00:00\",\"description\":\"Los productos Termix cuidaron del cabello de los protagonistas de la pel\u00edcula Ahora o Nunca Dani Rovira y Mar\u00eda Vlaverde de la mano del equipo de estilistas\",\"breadcrumb\":{\"@id\":\"https:\/\/termix.net\/blog\/es\/termix-en-la-nueva-comedia-de-dani-rovira-y-maria-valverde-ahora-o-nunca-peliicula\/#breadcrumb\"},\"inLanguage\":\"es\",\"potentialAction\":[{\"@type\":\"ReadAction\",\"target\":[\"https:\/\/termix.net\/blog\/es\/termix-en-la-nueva-comedia-de-dani-rovira-y-maria-valverde-ahora-o-nunca-peliicula\/\"]}]},{\"@type\":\"BreadcrumbList\",\"@id\":\"https:\/\/termix.net\/blog\/es\/termix-en-la-nueva-comedia-de-dani-rovira-y-maria-valverde-ahora-o-nunca-peliicula\/#breadcrumb\",\"itemListElement\":[{\"@type\":\"ListItem\",\"position\":1,\"name\":\"Home\",\"item\":\"https:\/\/termix.net\/blog\/es\/\"},{\"@type\":\"ListItem\",\"position\":2,\"name\":\"TERMIX PEINA A DANI ROVIRA EN LA PEL\u00cdCULA AHORA O NUNCA\"}]},{\"@type\":\"WebSite\",\"@id\":\"https:\/\/termix.net\/blog\/es\/#website\",\"url\":\"https:\/\/termix.net\/blog\/es\/\",\"name\":\"Blog Termix Spain\",\"description\":\"Blog de tendencias y productos de peluquer\u00eda profesional.\",\"publisher\":{\"@id\":\"https:\/\/termix.net\/blog\/es\/#organization\"},\"potentialAction\":[{\"@type\":\"SearchAction\",\"target\":{\"@type\":\"EntryPoint\",\"urlTemplate\":\"https:\/\/termix.net\/blog\/es\/?s={search_term_string}\"},\"query-input\":\"required name=search_term_string\"}],\"inLanguage\":\"es\"},{\"@type\":\"Organization\",\"@id\":\"https:\/\/termix.net\/blog\/es\/#organization\",\"name\":\"Dols Industrial de Peluquer\u00eda SA\",\"url\":\"https:\/\/termix.net\/blog\/es\/\",\"logo\":{\"@type\":\"ImageObject\",\"inLanguage\":\"es\",\"@id\":\"https:\/\/termix.net\/blog\/es\/#\/schema\/logo\/image\/\",\"url\":\"https:\/\/termix.net\/blog\/wp-content\/uploads\/2020\/10\/OGbDAeng.jpeg\",\"contentUrl\":\"https:\/\/termix.net\/blog\/wp-content\/uploads\/2020\/10\/OGbDAeng.jpeg\",\"width\":800,\"height\":800,\"caption\":\"Dols Industrial de Peluquer\u00eda SA\"},\"image\":{\"@id\":\"https:\/\/termix.net\/blog\/es\/#\/schema\/logo\/image\/\"}},{\"@type\":\"Person\",\"@id\":\"https:\/\/termix.net\/blog\/es\/#\/schema\/person\/9096c98bdf03c8ddf91ad7172f254f40\",\"name\":\"TermixTeam\",\"image\":{\"@type\":\"ImageObject\",\"inLanguage\":\"es\",\"@id\":\"https:\/\/termix.net\/blog\/es\/#\/schema\/person\/image\/\",\"url\":\"https:\/\/secure.gravatar.com\/avatar\/d89f61f6bd1c29a4acb231736d1c74b3?s=96&d=mm&r=g\",\"contentUrl\":\"https:\/\/secure.gravatar.com\/avatar\/d89f61f6bd1c29a4acb231736d1c74b3?s=96&d=mm&r=g\",\"caption\":\"TermixTeam\"},\"url\":\"https:\/\/termix.net\/blog\/es\/author\/termixteam\/\"}]}<\/script>\n<!-- \/ Yoast SEO plugin. -->","yoast_head_json":{"title":"Termix participa en en la comedia \"Ahora o Nunca\" - Termix","description":"Los productos Termix cuidaron del cabello de los protagonistas de la pel\u00edcula Ahora o Nunca Dani Rovira y Mar\u00eda Vlaverde de la mano del equipo de estilistas","robots":{"index":"noindex","follow":"follow"},"og_locale":"es_ES","og_type":"article","og_title":"Termix participa en en la comedia \"Ahora o Nunca\" - Termix","og_description":"Los productos Termix cuidaron del cabello de los protagonistas de la pel\u00edcula Ahora o Nunca Dani Rovira y Mar\u00eda Vlaverde de la mano del equipo de estilistas","og_url":"https:\/\/termix.net\/blog\/es\/termix-en-la-nueva-comedia-de-dani-rovira-y-maria-valverde-ahora-o-nunca-peliicula\/","og_site_name":"Blog Termix Spain","article_published_time":"2015-06-21T09:42:19+00:00","article_modified_time":"2019-12-10T13:53:16+00:00","og_image":[{"width":800,"height":400,"url":"https:\/\/termix.net\/blog\/wp-content\/uploads\/2015\/06\/03.jpg","type":"image\/jpeg"}],"author":"TermixTeam","twitter_card":"summary_large_image","twitter_misc":{"Escrito por":"TermixTeam","Tiempo de lectura":"11 minutos"},"schema":{"@context":"https:\/\/schema.org","@graph":[{"@type":"Article","@id":"https:\/\/termix.net\/blog\/es\/termix-en-la-nueva-comedia-de-dani-rovira-y-maria-valverde-ahora-o-nunca-peliicula\/#article","isPartOf":{"@id":"https:\/\/termix.net\/blog\/es\/termix-en-la-nueva-comedia-de-dani-rovira-y-maria-valverde-ahora-o-nunca-peliicula\/"},"author":{"name":"TermixTeam","@id":"https:\/\/termix.net\/blog\/es\/#\/schema\/person\/9096c98bdf03c8ddf91ad7172f254f40"},"headline":"TERMIX PEINA A DANI ROVIRA EN LA PEL\u00cdCULA AHORA O NUNCA","datePublished":"2015-06-21T09:42:19+00:00","dateModified":"2019-12-10T13:53:16+00:00","mainEntityOfPage":{"@id":"https:\/\/termix.net\/blog\/es\/termix-en-la-nueva-comedia-de-dani-rovira-y-maria-valverde-ahora-o-nunca-peliicula\/"},"wordCount":2208,"commentCount":0,"publisher":{"@id":"https:\/\/termix.net\/blog\/es\/#organization"},"articleSection":["General","NOTICIAS"],"inLanguage":"es","potentialAction":[{"@type":"CommentAction","name":"Comment","target":["https:\/\/termix.net\/blog\/es\/termix-en-la-nueva-comedia-de-dani-rovira-y-maria-valverde-ahora-o-nunca-peliicula\/#respond"]}]},{"@type":"WebPage","@id":"https:\/\/termix.net\/blog\/es\/termix-en-la-nueva-comedia-de-dani-rovira-y-maria-valverde-ahora-o-nunca-peliicula\/","url":"https:\/\/termix.net\/blog\/es\/termix-en-la-nueva-comedia-de-dani-rovira-y-maria-valverde-ahora-o-nunca-peliicula\/","name":"Termix participa en en la comedia \"Ahora o Nunca\" - Termix","isPartOf":{"@id":"https:\/\/termix.net\/blog\/es\/#website"},"datePublished":"2015-06-21T09:42:19+00:00","dateModified":"2019-12-10T13:53:16+00:00","description":"Los productos Termix cuidaron del cabello de los protagonistas de la pel\u00edcula Ahora o Nunca Dani Rovira y Mar\u00eda Vlaverde de la mano del equipo de estilistas","breadcrumb":{"@id":"https:\/\/termix.net\/blog\/es\/termix-en-la-nueva-comedia-de-dani-rovira-y-maria-valverde-ahora-o-nunca-peliicula\/#breadcrumb"},"inLanguage":"es","potentialAction":[{"@type":"ReadAction","target":["https:\/\/termix.net\/blog\/es\/termix-en-la-nueva-comedia-de-dani-rovira-y-maria-valverde-ahora-o-nunca-peliicula\/"]}]},{"@type":"BreadcrumbList","@id":"https:\/\/termix.net\/blog\/es\/termix-en-la-nueva-comedia-de-dani-rovira-y-maria-valverde-ahora-o-nunca-peliicula\/#breadcrumb","itemListElement":[{"@type":"ListItem","position":1,"name":"Home","item":"https:\/\/termix.net\/blog\/es\/"},{"@type":"ListItem","position":2,"name":"TERMIX PEINA A DANI ROVIRA EN LA PEL\u00cdCULA AHORA O NUNCA"}]},{"@type":"WebSite","@id":"https:\/\/termix.net\/blog\/es\/#website","url":"https:\/\/termix.net\/blog\/es\/","name":"Blog Termix Spain","description":"Blog de tendencias y productos de peluquer\u00eda profesional.","publisher":{"@id":"https:\/\/termix.net\/blog\/es\/#organization"},"potentialAction":[{"@type":"SearchAction","target":{"@type":"EntryPoint","urlTemplate":"https:\/\/termix.net\/blog\/es\/?s={search_term_string}"},"query-input":"required name=search_term_string"}],"inLanguage":"es"},{"@type":"Organization","@id":"https:\/\/termix.net\/blog\/es\/#organization","name":"Dols Industrial de Peluquer\u00eda SA","url":"https:\/\/termix.net\/blog\/es\/","logo":{"@type":"ImageObject","inLanguage":"es","@id":"https:\/\/termix.net\/blog\/es\/#\/schema\/logo\/image\/","url":"https:\/\/termix.net\/blog\/wp-content\/uploads\/2020\/10\/OGbDAeng.jpeg","contentUrl":"https:\/\/termix.net\/blog\/wp-content\/uploads\/2020\/10\/OGbDAeng.jpeg","width":800,"height":800,"caption":"Dols Industrial de Peluquer\u00eda SA"},"image":{"@id":"https:\/\/termix.net\/blog\/es\/#\/schema\/logo\/image\/"}},{"@type":"Person","@id":"https:\/\/termix.net\/blog\/es\/#\/schema\/person\/9096c98bdf03c8ddf91ad7172f254f40","name":"TermixTeam","image":{"@type":"ImageObject","inLanguage":"es","@id":"https:\/\/termix.net\/blog\/es\/#\/schema\/person\/image\/","url":"https:\/\/secure.gravatar.com\/avatar\/d89f61f6bd1c29a4acb231736d1c74b3?s=96&d=mm&r=g","contentUrl":"https:\/\/secure.gravatar.com\/avatar\/d89f61f6bd1c29a4acb231736d1c74b3?s=96&d=mm&r=g","caption":"TermixTeam"},"url":"https:\/\/termix.net\/blog\/es\/author\/termixteam\/"}]}},"_links":{"self":[{"href":"https:\/\/termix.net\/blog\/es\/wp-json\/wp\/v2\/posts\/8287"}],"collection":[{"href":"https:\/\/termix.net\/blog\/es\/wp-json\/wp\/v2\/posts"}],"about":[{"href":"https:\/\/termix.net\/blog\/es\/wp-json\/wp\/v2\/types\/post"}],"author":[{"embeddable":true,"href":"https:\/\/termix.net\/blog\/es\/wp-json\/wp\/v2\/users\/2"}],"replies":[{"embeddable":true,"href":"https:\/\/termix.net\/blog\/es\/wp-json\/wp\/v2\/comments?post=8287"}],"version-history":[{"count":4,"href":"https:\/\/termix.net\/blog\/es\/wp-json\/wp\/v2\/posts\/8287\/revisions"}],"predecessor-version":[{"id":22544,"href":"https:\/\/termix.net\/blog\/es\/wp-json\/wp\/v2\/posts\/8287\/revisions\/22544"}],"wp:featuredmedia":[{"embeddable":true,"href":"https:\/\/termix.net\/blog\/es\/wp-json\/wp\/v2\/media\/22540"}],"wp:attachment":[{"href":"https:\/\/termix.net\/blog\/es\/wp-json\/wp\/v2\/media?parent=8287"}],"wp:term":[{"taxonomy":"category","embeddable":true,"href":"https:\/\/termix.net\/blog\/es\/wp-json\/wp\/v2\/categories?post=8287"},{"taxonomy":"post_tag","embeddable":true,"href":"https:\/\/termix.net\/blog\/es\/wp-json\/wp\/v2\/tags?post=8287"}],"curies":[{"name":"wp","href":"https:\/\/api.w.org\/{rel}","templated":true}]}}