{"id":8277,"date":"2015-05-22T09:10:15","date_gmt":"2015-05-22T09:10:15","guid":{"rendered":"http:\/\/termix.net\/?p=4474"},"modified":"2019-12-10T12:32:47","modified_gmt":"2019-12-10T11:32:47","slug":"los-cambios-de-look-de-jorge-javier-vazquez-por-manuel-zamorano-y-termix","status":"publish","type":"post","link":"https:\/\/termix.net\/blog\/es\/los-cambios-de-look-de-jorge-javier-vazquez-por-manuel-zamorano-y-termix\/","title":{"rendered":"LOS CAMBIOS DE LOOK DE JORGE JAVIER V\u00c1ZQUEZ, POR ZAMORANO Y TERMIX"},"content":{"rendered":"<p><div class=\"fusion-fullwidth fullwidth-box fusion-builder-row-1 faded-background fusion-parallax-none nonhundred-percent-fullwidth non-hundred-percent-height-scrolling fusion-no-small-visibility fusion-no-medium-visibility\" style=\"--awb-border-radius-top-left:0px;--awb-border-radius-top-right:0px;--awb-border-radius-bottom-right:0px;--awb-border-radius-bottom-left:0px;--awb-padding-top:24%;--awb-padding-right:3%;--awb-padding-left:3%;--awb-background-size:cover;\" ><div class=\"fullwidth-faded\" style=\"--awb-background-color:#181818;--awb-background-image:url(https:\/\/termix.net\/blog\/wp-content\/uploads\/2019\/11\/img-120-1024x683.jpg);--awb-background-size:cover;\" ><\/div><div class=\"fusion-builder-row fusion-row\"><div class=\"fusion-layout-column fusion_builder_column fusion-builder-column-0 fusion_builder_column_1_1 1_1 fusion-one-full fusion-column-first fusion-column-last\" style=\"--awb-padding-top:6%;--awb-padding-right:8%;--awb-padding-bottom:6%;--awb-padding-left:8%;--awb-bg-color:rgba(255,255,255,0.7);--awb-bg-size:cover;--awb-margin-top:0px;--awb-margin-bottom:0px;\"><div class=\"fusion-column-wrapper fusion-column-has-shadow fusion-flex-column-wrapper-legacy\"><div class=\"fusion-text fusion-text-1 caption\"><p style=\"text-align: center;\">Noticias\u2014 3 min de lectura<\/p>\n<\/div><div class=\"fusion-title title fusion-title-1 fusion-sep-none fusion-title-center fusion-title-text fusion-title-size-two\" style=\"--awb-margin-top:30px;--awb-margin-bottom:20px;\"><h2 class=\"title-heading-center fusion-responsive-typography-calculated\" style=\"margin:0;--fontSize:50;line-height:1.28;\">Los cambios de look de Jorge Javier V\u00e1zquez por Manuel Zamorano y Termix<\/h2><\/div><div class=\"fusion-clearfix\"><\/div><\/div><\/div><\/div><\/div><div class=\"fusion-fullwidth fullwidth-box fusion-builder-row-2 fusion-parallax-none nonhundred-percent-fullwidth non-hundred-percent-height-scrolling fusion-no-large-visibility\" style=\"--awb-border-radius-top-left:0px;--awb-border-radius-top-right:0px;--awb-border-radius-bottom-right:0px;--awb-border-radius-bottom-left:0px;--awb-background-image:url(&quot;https:\/\/termix.net\/blog\/wp-content\/uploads\/2019\/11\/img-120-1024x683.jpg&quot;);--awb-background-size:cover;\" ><div class=\"fusion-builder-row fusion-row\"><div class=\"fusion-layout-column fusion_builder_column fusion-builder-column-1 fusion_builder_column_1_1 1_1 fusion-one-full fusion-column-first fusion-column-last fusion-column-inner-bg-wrapper\" style=\"--awb-padding-top:10%;--awb-padding-bottom:10%;--awb-inner-bg-image:url(&#039;http:\/\/termix.net\/blog\/wp-content\/uploads\/2019\/03\/single-blog-post-feat.jpg&#039;);--awb-inner-bg-position:center center;--awb-inner-bg-size:cover;\"><span class=\"fusion-column-inner-bg hover-type-zoomout\"><span class=\"fusion-column-anchor\"><span class=\"fusion-column-inner-bg-image\"><\/span><\/span><\/span><div class=\"fusion-column-wrapper fusion-flex-column-wrapper-legacy\" data-bg-url=\"http:\/\/termix.net\/blog\/wp-content\/uploads\/2019\/03\/single-blog-post-feat.jpg\"><div class=\"fusion-sep-clear\"><\/div><div class=\"fusion-separator fusion-no-large-visibility fusion-full-width-sep\" style=\"margin-left: auto;margin-right: auto;margin-top:200px;width:100%;\"><\/div><div class=\"fusion-sep-clear\"><\/div><div class=\"fusion-clearfix\"><\/div><\/div><\/div><div class=\"fusion-layout-column fusion_builder_column fusion-builder-column-2 fusion_builder_column_1_1 1_1 fusion-one-full fusion-column-first fusion-column-last\" style=\"--awb-padding-top:6%;--awb-bg-color:#ffffff;--awb-bg-size:cover;--awb-margin-top:0px;--awb-margin-bottom:0px;\"><div class=\"fusion-column-wrapper fusion-flex-column-wrapper-legacy\"><div class=\"fusion-text fusion-text-2 caption\"><p style=\"text-align: center;\">Noticias\u2014 3 min de lectura<\/p>\n<\/div><div class=\"fusion-title title fusion-title-2 fusion-sep-none fusion-title-center fusion-title-text fusion-title-size-two\" style=\"--awb-margin-top:30px;--awb-margin-bottom:20px;\"><h2 class=\"title-heading-center fusion-responsive-typography-calculated\" style=\"margin:0;--fontSize:50;line-height:1.28;\">Los cambios de look de Jorge Javier V\u00e1zquez por Manuel Zamorano y Termix<\/h2><\/div><div class=\"fusion-clearfix\"><\/div><\/div><\/div><\/div><\/div><div class=\"fusion-fullwidth fullwidth-box fusion-builder-row-3 nonhundred-percent-fullwidth non-hundred-percent-height-scrolling\" style=\"--awb-border-radius-top-left:0px;--awb-border-radius-top-right:0px;--awb-border-radius-bottom-right:0px;--awb-border-radius-bottom-left:0px;--awb-padding-top:10px;--awb-padding-bottom:4%;\" ><div class=\"fusion-builder-row fusion-row\"><div class=\"fusion-layout-column fusion_builder_column fusion-builder-column-3 fusion_builder_column_1_6 1_6 fusion-one-sixth fusion-column-first fusion-no-small-visibility fusion-no-medium-visibility\" style=\"--awb-bg-size:cover;width:16.666666666667%;width:calc(16.666666666667% - ( ( 0 + 0 ) * 0.16666666666667 ) );margin-right: 0px;\"><div class=\"fusion-column-wrapper fusion-flex-column-wrapper-legacy\"><div class=\"fusion-clearfix\"><\/div><\/div><\/div><div class=\"fusion-layout-column fusion_builder_column fusion-builder-column-4 fusion_builder_column_2_3 2_3 fusion-two-third\" style=\"--awb-bg-size:cover;width:66.666666666667%;width:calc(66.666666666667% - ( ( 0 + 0 ) * 0.66666666666667 ) );margin-right: 0px;\"><div class=\"fusion-column-wrapper fusion-flex-column-wrapper-legacy\"><div class=\"fusion-sep-clear\"><\/div><div class=\"fusion-separator fusion-full-width-sep\" style=\"margin-left: auto;margin-right: auto;margin-top:30px;width:100%;\"><\/div><div class=\"fusion-sep-clear\"><\/div><div class=\"fusion-text fusion-text-3\"><p style=\"font-size: 25px;\">En busca y captura de un nuevo look. El presentador de \u201cS\u00e1lvame\u201d, Jorge Javier V\u00e1zquez se ha puesto en manos del estilista de celebrities, Manuel Zamorano, para someterse a un cambio de imagen. Nuestro estilista colaborador, no ha dudado en utilizar los productos Termix para sus propuestas.<\/p>\n<\/div><div class=\"fusion-sep-clear\"><\/div><div class=\"fusion-separator fusion-full-width-sep\" style=\"margin-left: auto;margin-right: auto;margin-top:30px;width:100%;\"><\/div><div class=\"fusion-sep-clear\"><\/div><div class=\"fusion-clearfix\"><\/div><\/div><\/div><div class=\"fusion-layout-column fusion_builder_column fusion-builder-column-5 fusion_builder_column_1_6 1_6 fusion-one-sixth fusion-column-last fusion-no-small-visibility fusion-no-medium-visibility\" style=\"--awb-bg-size:cover;width:16.666666666667%;width:calc(16.666666666667% - ( ( 0 + 0 ) * 0.16666666666667 ) );\"><div class=\"fusion-column-wrapper fusion-flex-column-wrapper-legacy\"><div class=\"fusion-clearfix\"><\/div><\/div><\/div><\/div><\/div><div id=\"fusion-scroll-section-1\" class=\"fusion-scroll-section fusion-scroll-section\" data-section=\"1\" data-animation=\"fade\" data-speed=\"800\" ><div class=\"fusion-scroll-section-element active\" data-section=\"1\" data-element=\"1\" style=\"transition-duration:450ms;&quot;\" ><div class=\"fusion-fullwidth fullwidth-box fusion-builder-row-4 video-background nonhundred-percent-fullwidth hundred-percent-height hundred-percent-height-center-content hundred-percent-height-scrolling\" style=\"--awb-border-radius-top-left:0px;--awb-border-radius-top-right:0px;--awb-border-radius-bottom-right:0px;--awb-border-radius-bottom-left:0px;\" ><div style='opacity:0;' class='fusion-background-video-wrapper' id='video-1' data-youtube-video-id='MWWAVYmZs3w' data-mute='yes' data-loop='1' data-loop-adjustment='' data-video-aspect-ratio='16:9'><div class='fusion-container-video-bg' id='video-2-inner'><\/div><\/div><div class=\"fusion-fullwidth-center-content\"><div class=\"fusion-builder-row fusion-row\"><div class=\"fusion-layout-column fusion_builder_column fusion-builder-column-6 fusion_builder_column_1_1 1_1 fusion-one-full fusion-column-first fusion-column-last\" style=\"--awb-bg-size:cover;\"><div class=\"fusion-column-wrapper fusion-column-has-shadow fusion-flex-column-wrapper-legacy\"><div class=\"fusion-clearfix\"><\/div><\/div><\/div><\/div><\/div><\/div><\/div><nav id=\"fusion-scroll-section-nav-1\" class=\"fusion-scroll-section-nav scroll-navigation-right\" data-section=\"1\" ><ul><li><a href=\"#fusion-scroll-section-element-1-1\" class=\"fusion-scroll-section-link\" data-name=\"\" data-element=\"1\"><span class=\"fusion-scroll-section-link-bullet\"><\/span><\/a><\/li><\/ul><\/nav><\/div><div class=\"fusion-fullwidth fullwidth-box fusion-builder-row-5 nonhundred-percent-fullwidth non-hundred-percent-height-scrolling\" style=\"--awb-border-radius-top-left:0px;--awb-border-radius-top-right:0px;--awb-border-radius-bottom-right:0px;--awb-border-radius-bottom-left:0px;--awb-padding-top:5%;\" ><div class=\"fusion-builder-row fusion-row\"><div class=\"fusion-layout-column fusion_builder_column fusion-builder-column-7 fusion_builder_column_1_6 1_6 fusion-one-sixth fusion-column-first fusion-no-small-visibility fusion-no-medium-visibility\" style=\"--awb-bg-size:cover;width:16.666666666667%;width:calc(16.666666666667% - ( ( 0 ) * 0.16666666666667 ) );margin-right: 0px;\"><div class=\"fusion-column-wrapper fusion-flex-column-wrapper-legacy\"><div class=\"fusion-clearfix\"><\/div><\/div><\/div><div class=\"fusion-layout-column fusion_builder_column fusion-builder-column-8 fusion_builder_column_2_3 2_3 fusion-two-third fusion-column-last\" style=\"--awb-bg-size:cover;width:66.666666666667%;width:calc(66.666666666667% - ( ( 0 ) * 0.66666666666667 ) );\"><div class=\"fusion-column-wrapper fusion-flex-column-wrapper-legacy\"><div class=\"fusion-title title fusion-title-3 fusion-sep-none fusion-title-text fusion-title-size-three\"><h3 class=\"title-heading-left fusion-responsive-typography-calculated\" style=\"margin:0;--fontSize:40;line-height:1.4;\"><\/h3><\/div><div class=\"fusion-text fusion-text-4\"><p>Un poco m\u00e1s largo, algo m\u00e1s despeinado\u2026 durante el programa, Zamorano le ha propuesto tres peinados diferentes que ha realizado con los productos Termix, como la <strong>Plancha Termix 230\u00ba<\/strong> para alisarle el cabello y darle forma hacia arriba o los <strong>cepillos C\u00b7Ramic Color<\/strong>. \u00c9ste ha sido el resultado y el look m\u00e1s aplaudido por el p\u00fablico y sus compa\u00f1eros:<\/p>\n<p><img decoding=\"async\" class=\"alignnone size-full wp-image-22464\" src=\"https:\/\/termix.net\/blog\/wp-content\/uploads\/2015\/05\/Manuel-Zamorano-cambia-look-presentador_MDSIMA20150520_0397_1.jpg\" alt=\"\" width=\"654\" height=\"368\" srcset=\"https:\/\/termix.net\/blog\/wp-content\/uploads\/2015\/05\/Manuel-Zamorano-cambia-look-presentador_MDSIMA20150520_0397_1-200x113.jpg 200w, https:\/\/termix.net\/blog\/wp-content\/uploads\/2015\/05\/Manuel-Zamorano-cambia-look-presentador_MDSIMA20150520_0397_1-300x169.jpg 300w, https:\/\/termix.net\/blog\/wp-content\/uploads\/2015\/05\/Manuel-Zamorano-cambia-look-presentador_MDSIMA20150520_0397_1-400x225.jpg 400w, https:\/\/termix.net\/blog\/wp-content\/uploads\/2015\/05\/Manuel-Zamorano-cambia-look-presentador_MDSIMA20150520_0397_1-600x338.jpg 600w, https:\/\/termix.net\/blog\/wp-content\/uploads\/2015\/05\/Manuel-Zamorano-cambia-look-presentador_MDSIMA20150520_0397_1.jpg 654w\" sizes=\"(max-width: 654px) 100vw, 654px\" \/><\/p>\n<p>\u00c9sta no es la primera vez que Manuel Zamorano conf\u00eda en los productos Termix para los cambios de look de los colaboradores del programa. Hace unos meses, la periodista Chelo Garc\u00eda Cort\u00e9s tambi\u00e9n transform\u00f3 su imagen gracias a las propuestas de Zamorano con los cepillos Termix.<\/p>\n<p><img decoding=\"async\" class=\"alignnone size-full wp-image-22462\" src=\"https:\/\/termix.net\/blog\/wp-content\/uploads\/2015\/05\/Chelo-somete-cambio-look_MDSIMA20141119_0279_1.jpg\" alt=\"jorge javier peinado zamorano termix\" width=\"654\" height=\"368\" srcset=\"https:\/\/termix.net\/blog\/wp-content\/uploads\/2015\/05\/Chelo-somete-cambio-look_MDSIMA20141119_0279_1-200x113.jpg 200w, https:\/\/termix.net\/blog\/wp-content\/uploads\/2015\/05\/Chelo-somete-cambio-look_MDSIMA20141119_0279_1-300x169.jpg 300w, https:\/\/termix.net\/blog\/wp-content\/uploads\/2015\/05\/Chelo-somete-cambio-look_MDSIMA20141119_0279_1-400x225.jpg 400w, https:\/\/termix.net\/blog\/wp-content\/uploads\/2015\/05\/Chelo-somete-cambio-look_MDSIMA20141119_0279_1-600x338.jpg 600w, https:\/\/termix.net\/blog\/wp-content\/uploads\/2015\/05\/Chelo-somete-cambio-look_MDSIMA20141119_0279_1.jpg 654w\" sizes=\"(max-width: 654px) 100vw, 654px\" \/><\/p>\n<p><img decoding=\"async\" class=\"alignnone size-full wp-image-22460\" src=\"https:\/\/termix.net\/blog\/wp-content\/uploads\/2015\/05\/Chelo-somete-cambio-look_MDSIMA20141119_0275_1.jpg\" alt=\"jorge javier peinado zamorano termix\" width=\"654\" height=\"368\" srcset=\"https:\/\/termix.net\/blog\/wp-content\/uploads\/2015\/05\/Chelo-somete-cambio-look_MDSIMA20141119_0275_1-200x113.jpg 200w, https:\/\/termix.net\/blog\/wp-content\/uploads\/2015\/05\/Chelo-somete-cambio-look_MDSIMA20141119_0275_1-300x169.jpg 300w, https:\/\/termix.net\/blog\/wp-content\/uploads\/2015\/05\/Chelo-somete-cambio-look_MDSIMA20141119_0275_1-400x225.jpg 400w, https:\/\/termix.net\/blog\/wp-content\/uploads\/2015\/05\/Chelo-somete-cambio-look_MDSIMA20141119_0275_1-600x338.jpg 600w, https:\/\/termix.net\/blog\/wp-content\/uploads\/2015\/05\/Chelo-somete-cambio-look_MDSIMA20141119_0275_1.jpg 654w\" sizes=\"(max-width: 654px) 100vw, 654px\" \/><\/p>\n<p>\u00bfQu\u00e9 os parece?<\/p>\n<\/div><div class=\"fusion-clearfix\"><\/div><\/div><\/div><\/div><\/div><div class=\"fusion-fullwidth fullwidth-box fusion-builder-row-6 nonhundred-percent-fullwidth non-hundred-percent-height-scrolling\" style=\"--awb-border-radius-top-left:0px;--awb-border-radius-top-right:0px;--awb-border-radius-bottom-right:0px;--awb-border-radius-bottom-left:0px;\" ><\/div><\/p>\n","protected":false},"excerpt":{"rendered":"<p>\t\t\t\tEl presentador de \u201cS\u00e1lvame\u201d, Jorge Javier V\u00e1zquez se ha puesto en manos del estilista de celebrities, Manuel Zamorano, para someterse a un cambio de imagen. Nuestro estilista colaborador, no ha dudado en utilizar los productos Termix para sus propuestas. \t\t<\/p>\n","protected":false},"author":2,"featured_media":22464,"comment_status":"open","ping_status":"open","sticky":false,"template":"","format":"standard","meta":[],"categories":[33,6],"tags":[],"yoast_head":"<!-- This site is optimized with the Yoast SEO plugin v20.0 - https:\/\/yoast.com\/wordpress\/plugins\/seo\/ -->\n<title>LOS CAMBIOS DE LOOK DE JORGE JAVIER V\u00c1ZQUEZ, POR ZAMORANO Y TERMIX - Blog Termix Spain<\/title>\n<meta name=\"description\" content=\"Blog Termix Spain - LOS CAMBIOS DE LOOK DE JORGE JAVIER V\u00c1ZQUEZ, POR ZAMORANO Y TERMIX -\" \/>\n<meta name=\"robots\" content=\"noindex, follow\" \/>\n<meta property=\"og:locale\" content=\"es_ES\" \/>\n<meta property=\"og:type\" content=\"article\" \/>\n<meta property=\"og:title\" content=\"LOS CAMBIOS DE LOOK DE JORGE JAVIER V\u00c1ZQUEZ, POR ZAMORANO Y TERMIX - Blog Termix Spain\" \/>\n<meta property=\"og:description\" content=\"Blog Termix Spain - LOS CAMBIOS DE LOOK DE JORGE JAVIER V\u00c1ZQUEZ, POR ZAMORANO Y TERMIX -\" \/>\n<meta property=\"og:url\" content=\"https:\/\/termix.net\/blog\/es\/los-cambios-de-look-de-jorge-javier-vazquez-por-manuel-zamorano-y-termix\/\" \/>\n<meta property=\"og:site_name\" content=\"Blog Termix Spain\" \/>\n<meta property=\"article:published_time\" content=\"2015-05-22T09:10:15+00:00\" \/>\n<meta property=\"article:modified_time\" content=\"2019-12-10T11:32:47+00:00\" \/>\n<meta property=\"og:image\" content=\"https:\/\/termix.net\/blog\/wp-content\/uploads\/2015\/05\/Manuel-Zamorano-cambia-look-presentador_MDSIMA20150520_0397_1.jpg\" \/>\n\t<meta property=\"og:image:width\" content=\"654\" \/>\n\t<meta property=\"og:image:height\" content=\"368\" \/>\n\t<meta property=\"og:image:type\" content=\"image\/jpeg\" \/>\n<meta name=\"author\" content=\"TermixTeam\" \/>\n<meta name=\"twitter:card\" content=\"summary_large_image\" \/>\n<meta name=\"twitter:label1\" content=\"Escrito por\" \/>\n\t<meta name=\"twitter:data1\" content=\"TermixTeam\" \/>\n\t<meta name=\"twitter:label2\" content=\"Tiempo de lectura\" \/>\n\t<meta name=\"twitter:data2\" content=\"10 minutos\" \/>\n<script type=\"application\/ld+json\" class=\"yoast-schema-graph\">{\"@context\":\"https:\/\/schema.org\",\"@graph\":[{\"@type\":\"Article\",\"@id\":\"https:\/\/termix.net\/blog\/es\/los-cambios-de-look-de-jorge-javier-vazquez-por-manuel-zamorano-y-termix\/#article\",\"isPartOf\":{\"@id\":\"https:\/\/termix.net\/blog\/es\/los-cambios-de-look-de-jorge-javier-vazquez-por-manuel-zamorano-y-termix\/\"},\"author\":{\"name\":\"TermixTeam\",\"@id\":\"https:\/\/termix.net\/blog\/es\/#\/schema\/person\/9096c98bdf03c8ddf91ad7172f254f40\"},\"headline\":\"LOS CAMBIOS DE LOOK DE JORGE JAVIER V\u00c1ZQUEZ, POR ZAMORANO Y TERMIX\",\"datePublished\":\"2015-05-22T09:10:15+00:00\",\"dateModified\":\"2019-12-10T11:32:47+00:00\",\"mainEntityOfPage\":{\"@id\":\"https:\/\/termix.net\/blog\/es\/los-cambios-de-look-de-jorge-javier-vazquez-por-manuel-zamorano-y-termix\/\"},\"wordCount\":1943,\"commentCount\":0,\"publisher\":{\"@id\":\"https:\/\/termix.net\/blog\/es\/#organization\"},\"articleSection\":[\"Actualidad Termix\",\"NOTICIAS\"],\"inLanguage\":\"es\",\"potentialAction\":[{\"@type\":\"CommentAction\",\"name\":\"Comment\",\"target\":[\"https:\/\/termix.net\/blog\/es\/los-cambios-de-look-de-jorge-javier-vazquez-por-manuel-zamorano-y-termix\/#respond\"]}]},{\"@type\":\"WebPage\",\"@id\":\"https:\/\/termix.net\/blog\/es\/los-cambios-de-look-de-jorge-javier-vazquez-por-manuel-zamorano-y-termix\/\",\"url\":\"https:\/\/termix.net\/blog\/es\/los-cambios-de-look-de-jorge-javier-vazquez-por-manuel-zamorano-y-termix\/\",\"name\":\"LOS CAMBIOS DE LOOK DE JORGE JAVIER V\u00c1ZQUEZ, POR ZAMORANO Y TERMIX - Blog Termix Spain\",\"isPartOf\":{\"@id\":\"https:\/\/termix.net\/blog\/es\/#website\"},\"datePublished\":\"2015-05-22T09:10:15+00:00\",\"dateModified\":\"2019-12-10T11:32:47+00:00\",\"description\":\"Blog Termix Spain - LOS CAMBIOS DE LOOK DE JORGE JAVIER V\u00c1ZQUEZ, POR ZAMORANO Y TERMIX -\",\"breadcrumb\":{\"@id\":\"https:\/\/termix.net\/blog\/es\/los-cambios-de-look-de-jorge-javier-vazquez-por-manuel-zamorano-y-termix\/#breadcrumb\"},\"inLanguage\":\"es\",\"potentialAction\":[{\"@type\":\"ReadAction\",\"target\":[\"https:\/\/termix.net\/blog\/es\/los-cambios-de-look-de-jorge-javier-vazquez-por-manuel-zamorano-y-termix\/\"]}]},{\"@type\":\"BreadcrumbList\",\"@id\":\"https:\/\/termix.net\/blog\/es\/los-cambios-de-look-de-jorge-javier-vazquez-por-manuel-zamorano-y-termix\/#breadcrumb\",\"itemListElement\":[{\"@type\":\"ListItem\",\"position\":1,\"name\":\"Home\",\"item\":\"https:\/\/termix.net\/blog\/es\/\"},{\"@type\":\"ListItem\",\"position\":2,\"name\":\"LOS CAMBIOS DE LOOK DE JORGE JAVIER V\u00c1ZQUEZ, POR ZAMORANO Y TERMIX\"}]},{\"@type\":\"WebSite\",\"@id\":\"https:\/\/termix.net\/blog\/es\/#website\",\"url\":\"https:\/\/termix.net\/blog\/es\/\",\"name\":\"Blog Termix Spain\",\"description\":\"Blog de tendencias y productos de peluquer\u00eda profesional.\",\"publisher\":{\"@id\":\"https:\/\/termix.net\/blog\/es\/#organization\"},\"potentialAction\":[{\"@type\":\"SearchAction\",\"target\":{\"@type\":\"EntryPoint\",\"urlTemplate\":\"https:\/\/termix.net\/blog\/es\/?s={search_term_string}\"},\"query-input\":\"required name=search_term_string\"}],\"inLanguage\":\"es\"},{\"@type\":\"Organization\",\"@id\":\"https:\/\/termix.net\/blog\/es\/#organization\",\"name\":\"Dols Industrial de Peluquer\u00eda SA\",\"url\":\"https:\/\/termix.net\/blog\/es\/\",\"logo\":{\"@type\":\"ImageObject\",\"inLanguage\":\"es\",\"@id\":\"https:\/\/termix.net\/blog\/es\/#\/schema\/logo\/image\/\",\"url\":\"https:\/\/termix.net\/blog\/wp-content\/uploads\/2020\/10\/OGbDAeng.jpeg\",\"contentUrl\":\"https:\/\/termix.net\/blog\/wp-content\/uploads\/2020\/10\/OGbDAeng.jpeg\",\"width\":800,\"height\":800,\"caption\":\"Dols Industrial de Peluquer\u00eda SA\"},\"image\":{\"@id\":\"https:\/\/termix.net\/blog\/es\/#\/schema\/logo\/image\/\"}},{\"@type\":\"Person\",\"@id\":\"https:\/\/termix.net\/blog\/es\/#\/schema\/person\/9096c98bdf03c8ddf91ad7172f254f40\",\"name\":\"TermixTeam\",\"image\":{\"@type\":\"ImageObject\",\"inLanguage\":\"es\",\"@id\":\"https:\/\/termix.net\/blog\/es\/#\/schema\/person\/image\/\",\"url\":\"https:\/\/secure.gravatar.com\/avatar\/d89f61f6bd1c29a4acb231736d1c74b3?s=96&d=mm&r=g\",\"contentUrl\":\"https:\/\/secure.gravatar.com\/avatar\/d89f61f6bd1c29a4acb231736d1c74b3?s=96&d=mm&r=g\",\"caption\":\"TermixTeam\"},\"url\":\"https:\/\/termix.net\/blog\/es\/author\/termixteam\/\"}]}<\/script>\n<!-- \/ Yoast SEO plugin. -->","yoast_head_json":{"title":"LOS CAMBIOS DE LOOK DE JORGE JAVIER V\u00c1ZQUEZ, POR ZAMORANO Y TERMIX - Blog Termix Spain","description":"Blog Termix Spain - LOS CAMBIOS DE LOOK DE JORGE JAVIER V\u00c1ZQUEZ, POR ZAMORANO Y TERMIX -","robots":{"index":"noindex","follow":"follow"},"og_locale":"es_ES","og_type":"article","og_title":"LOS CAMBIOS DE LOOK DE JORGE JAVIER V\u00c1ZQUEZ, POR ZAMORANO Y TERMIX - Blog Termix Spain","og_description":"Blog Termix Spain - LOS CAMBIOS DE LOOK DE JORGE JAVIER V\u00c1ZQUEZ, POR ZAMORANO Y TERMIX -","og_url":"https:\/\/termix.net\/blog\/es\/los-cambios-de-look-de-jorge-javier-vazquez-por-manuel-zamorano-y-termix\/","og_site_name":"Blog Termix Spain","article_published_time":"2015-05-22T09:10:15+00:00","article_modified_time":"2019-12-10T11:32:47+00:00","og_image":[{"width":654,"height":368,"url":"https:\/\/termix.net\/blog\/wp-content\/uploads\/2015\/05\/Manuel-Zamorano-cambia-look-presentador_MDSIMA20150520_0397_1.jpg","type":"image\/jpeg"}],"author":"TermixTeam","twitter_card":"summary_large_image","twitter_misc":{"Escrito por":"TermixTeam","Tiempo de lectura":"10 minutos"},"schema":{"@context":"https:\/\/schema.org","@graph":[{"@type":"Article","@id":"https:\/\/termix.net\/blog\/es\/los-cambios-de-look-de-jorge-javier-vazquez-por-manuel-zamorano-y-termix\/#article","isPartOf":{"@id":"https:\/\/termix.net\/blog\/es\/los-cambios-de-look-de-jorge-javier-vazquez-por-manuel-zamorano-y-termix\/"},"author":{"name":"TermixTeam","@id":"https:\/\/termix.net\/blog\/es\/#\/schema\/person\/9096c98bdf03c8ddf91ad7172f254f40"},"headline":"LOS CAMBIOS DE LOOK DE JORGE JAVIER V\u00c1ZQUEZ, POR ZAMORANO Y TERMIX","datePublished":"2015-05-22T09:10:15+00:00","dateModified":"2019-12-10T11:32:47+00:00","mainEntityOfPage":{"@id":"https:\/\/termix.net\/blog\/es\/los-cambios-de-look-de-jorge-javier-vazquez-por-manuel-zamorano-y-termix\/"},"wordCount":1943,"commentCount":0,"publisher":{"@id":"https:\/\/termix.net\/blog\/es\/#organization"},"articleSection":["Actualidad Termix","NOTICIAS"],"inLanguage":"es","potentialAction":[{"@type":"CommentAction","name":"Comment","target":["https:\/\/termix.net\/blog\/es\/los-cambios-de-look-de-jorge-javier-vazquez-por-manuel-zamorano-y-termix\/#respond"]}]},{"@type":"WebPage","@id":"https:\/\/termix.net\/blog\/es\/los-cambios-de-look-de-jorge-javier-vazquez-por-manuel-zamorano-y-termix\/","url":"https:\/\/termix.net\/blog\/es\/los-cambios-de-look-de-jorge-javier-vazquez-por-manuel-zamorano-y-termix\/","name":"LOS CAMBIOS DE LOOK DE JORGE JAVIER V\u00c1ZQUEZ, POR ZAMORANO Y TERMIX - Blog Termix Spain","isPartOf":{"@id":"https:\/\/termix.net\/blog\/es\/#website"},"datePublished":"2015-05-22T09:10:15+00:00","dateModified":"2019-12-10T11:32:47+00:00","description":"Blog Termix Spain - LOS CAMBIOS DE LOOK DE JORGE JAVIER V\u00c1ZQUEZ, POR ZAMORANO Y TERMIX -","breadcrumb":{"@id":"https:\/\/termix.net\/blog\/es\/los-cambios-de-look-de-jorge-javier-vazquez-por-manuel-zamorano-y-termix\/#breadcrumb"},"inLanguage":"es","potentialAction":[{"@type":"ReadAction","target":["https:\/\/termix.net\/blog\/es\/los-cambios-de-look-de-jorge-javier-vazquez-por-manuel-zamorano-y-termix\/"]}]},{"@type":"BreadcrumbList","@id":"https:\/\/termix.net\/blog\/es\/los-cambios-de-look-de-jorge-javier-vazquez-por-manuel-zamorano-y-termix\/#breadcrumb","itemListElement":[{"@type":"ListItem","position":1,"name":"Home","item":"https:\/\/termix.net\/blog\/es\/"},{"@type":"ListItem","position":2,"name":"LOS CAMBIOS DE LOOK DE JORGE JAVIER V\u00c1ZQUEZ, POR ZAMORANO Y TERMIX"}]},{"@type":"WebSite","@id":"https:\/\/termix.net\/blog\/es\/#website","url":"https:\/\/termix.net\/blog\/es\/","name":"Blog Termix Spain","description":"Blog de tendencias y productos de peluquer\u00eda profesional.","publisher":{"@id":"https:\/\/termix.net\/blog\/es\/#organization"},"potentialAction":[{"@type":"SearchAction","target":{"@type":"EntryPoint","urlTemplate":"https:\/\/termix.net\/blog\/es\/?s={search_term_string}"},"query-input":"required name=search_term_string"}],"inLanguage":"es"},{"@type":"Organization","@id":"https:\/\/termix.net\/blog\/es\/#organization","name":"Dols Industrial de Peluquer\u00eda SA","url":"https:\/\/termix.net\/blog\/es\/","logo":{"@type":"ImageObject","inLanguage":"es","@id":"https:\/\/termix.net\/blog\/es\/#\/schema\/logo\/image\/","url":"https:\/\/termix.net\/blog\/wp-content\/uploads\/2020\/10\/OGbDAeng.jpeg","contentUrl":"https:\/\/termix.net\/blog\/wp-content\/uploads\/2020\/10\/OGbDAeng.jpeg","width":800,"height":800,"caption":"Dols Industrial de Peluquer\u00eda SA"},"image":{"@id":"https:\/\/termix.net\/blog\/es\/#\/schema\/logo\/image\/"}},{"@type":"Person","@id":"https:\/\/termix.net\/blog\/es\/#\/schema\/person\/9096c98bdf03c8ddf91ad7172f254f40","name":"TermixTeam","image":{"@type":"ImageObject","inLanguage":"es","@id":"https:\/\/termix.net\/blog\/es\/#\/schema\/person\/image\/","url":"https:\/\/secure.gravatar.com\/avatar\/d89f61f6bd1c29a4acb231736d1c74b3?s=96&d=mm&r=g","contentUrl":"https:\/\/secure.gravatar.com\/avatar\/d89f61f6bd1c29a4acb231736d1c74b3?s=96&d=mm&r=g","caption":"TermixTeam"},"url":"https:\/\/termix.net\/blog\/es\/author\/termixteam\/"}]}},"_links":{"self":[{"href":"https:\/\/termix.net\/blog\/es\/wp-json\/wp\/v2\/posts\/8277"}],"collection":[{"href":"https:\/\/termix.net\/blog\/es\/wp-json\/wp\/v2\/posts"}],"about":[{"href":"https:\/\/termix.net\/blog\/es\/wp-json\/wp\/v2\/types\/post"}],"author":[{"embeddable":true,"href":"https:\/\/termix.net\/blog\/es\/wp-json\/wp\/v2\/users\/2"}],"replies":[{"embeddable":true,"href":"https:\/\/termix.net\/blog\/es\/wp-json\/wp\/v2\/comments?post=8277"}],"version-history":[{"count":3,"href":"https:\/\/termix.net\/blog\/es\/wp-json\/wp\/v2\/posts\/8277\/revisions"}],"predecessor-version":[{"id":22467,"href":"https:\/\/termix.net\/blog\/es\/wp-json\/wp\/v2\/posts\/8277\/revisions\/22467"}],"wp:featuredmedia":[{"embeddable":true,"href":"https:\/\/termix.net\/blog\/es\/wp-json\/wp\/v2\/media\/22464"}],"wp:attachment":[{"href":"https:\/\/termix.net\/blog\/es\/wp-json\/wp\/v2\/media?parent=8277"}],"wp:term":[{"taxonomy":"category","embeddable":true,"href":"https:\/\/termix.net\/blog\/es\/wp-json\/wp\/v2\/categories?post=8277"},{"taxonomy":"post_tag","embeddable":true,"href":"https:\/\/termix.net\/blog\/es\/wp-json\/wp\/v2\/tags?post=8277"}],"curies":[{"name":"wp","href":"https:\/\/api.w.org\/{rel}","templated":true}]}}