{"id":8253,"date":"2014-12-01T10:13:46","date_gmt":"2014-12-01T10:13:46","guid":{"rendered":"http:\/\/termix.net\/?p=2015"},"modified":"2019-11-29T08:22:45","modified_gmt":"2019-11-29T07:22:45","slug":"tenemos-ganadores","status":"publish","type":"post","link":"https:\/\/termix.net\/blog\/es\/tenemos-ganadores\/","title":{"rendered":"\u00a1Tenemos ganadores!"},"content":{"rendered":"<p>&nbsp;<\/p>\n<h1 style=\"text-align: center;\">\u00a1Tenemos ganadores!<\/h1>\n<p style=\"text-align: justify;\">La <strong>Feria Sal\u00f3n Look 2014 <\/strong>ha sido todo un \u00e9xito. Entre otras cosas porque hemos tenido la oportunidad de estar m\u00e1s cerca de vosotros y compartir divertidos momentos como los de nuestro photocall #LoveTermix<\/p>\n<p><img decoding=\"async\" class=\"alignnone size-full wp-image-20990\" src=\"https:\/\/termix.net\/blog\/wp-content\/uploads\/2019\/11\/new-cramic-colors.jpg\" alt=\"ganadores sorteo C\u00b7Ramic colors\" width=\"1160\" height=\"660\" srcset=\"https:\/\/termix.net\/blog\/wp-content\/uploads\/2019\/11\/new-cramic-colors-200x114.jpg 200w, https:\/\/termix.net\/blog\/wp-content\/uploads\/2019\/11\/new-cramic-colors-300x171.jpg 300w, https:\/\/termix.net\/blog\/wp-content\/uploads\/2019\/11\/new-cramic-colors-400x228.jpg 400w, https:\/\/termix.net\/blog\/wp-content\/uploads\/2019\/11\/new-cramic-colors-600x341.jpg 600w, https:\/\/termix.net\/blog\/wp-content\/uploads\/2019\/11\/new-cramic-colors-768x437.jpg 768w, https:\/\/termix.net\/blog\/wp-content\/uploads\/2019\/11\/new-cramic-colors-800x455.jpg 800w, https:\/\/termix.net\/blog\/wp-content\/uploads\/2019\/11\/new-cramic-colors-1024x583.jpg 1024w, https:\/\/termix.net\/blog\/wp-content\/uploads\/2019\/11\/new-cramic-colors.jpg 1160w\" sizes=\"(max-width: 1160px) 100vw, 1160px\" \/><\/p>\n<p style=\"text-align: justify;\">Sin m\u00e1s pre\u00e1mbulos, por fin ha llegado el momento de conocer a las tres fotos ganadoras de nuestro concurso, que se llevan como premio un fant\u00e1stico lote con productos Termix (<strong><span style=\"color: #000000;\">una plancha Termix Slim<\/span><\/strong>, <span style=\"color: #000000;\"><strong><a style=\"color: #000000;\" href=\"http:\/\/termixstore.com\/secadores\/secador-termix-profesional-140\">un secador Termix profesional<\/a><\/strong>, <strong><a style=\"color: #000000;\" href=\"http:\/\/termixstore.com\/cepillos\/cramic\/cramic-ionic\/promo-pack-cepillos-termix-cramic\">cinco cepillos Termix C\u00b7Ramic y 2 noches de hotel<\/a><\/strong><\/span>) valorados en m\u00e1s de 200\u20ac.<\/p>\n<h3 style=\"text-align: justify;\"><\/h3>\n<h3 style=\"text-align: justify;\"><em>Ah\u00ed van las tres fotos m\u00e1s votadas:<\/em><\/h3>\n<ul style=\"text-align: justify;\">\n<li>Foto ganadora del 17 de octubre: Patricia Garc\u00eda, Carolina D\u00edaz Manzano, Pilar Fern\u00e1ndez Castellano, Teresa Rey e Irene Fern\u00e1ndez\u00a0con 152 likes.<\/li>\n<li>Foto ganadora del 18 de octubre: Peluquer\u00eda Mc M\u00f3nica Cereijo con 528 likes.<\/li>\n<li>Foto ganadora del 19 de octubre:\u00a0\u00a0Karoppi Estilistas Santander con 289 likes.<\/li>\n<\/ul>\n<p style=\"text-align: justify;\">\u00a1Enhorabuena a tod@s! Esperamos que disfrut\u00e9is de este gran premio. Y en especial, gracias a la Peluquer\u00eda Mc M\u00f3nica Cereijo que donar\u00e1n el premio a la Asociaci\u00f3n Alba P\u00e9rez que lucha contra el c\u00e1ncer infantil.<\/p>\n<p style=\"text-align: justify;\">A los dem\u00e1s, no os perd\u00e1is los sorteos que seguiremos lanzando a trav\u00e9s de nuestra p\u00e1gina de\u00a0<strong>Facebook<\/strong>. \u00a1T\u00fa puedes ser el pr\u00f3ximo!<\/p>\n","protected":false},"excerpt":{"rendered":"<p>\t\t\t\t\u00a1Conocemos las tres fotos ganadoras de nuestro concurso! Se llevan como premio una plancha Termix Slim, un secador Termix profesional, cinco cepillos Termix C\u00b7Ramic y 2 noches de hotel).\t\t<\/p>\n","protected":false},"author":2,"featured_media":20990,"comment_status":"open","ping_status":"open","sticky":false,"template":"","format":"standard","meta":[],"categories":[6],"tags":[],"yoast_head":"<!-- This site is optimized with the Yoast SEO plugin v20.0 - https:\/\/yoast.com\/wordpress\/plugins\/seo\/ -->\n<title>Ganadores sorteo photocall #LoveTermix - Termix<\/title>\n<meta name=\"description\" content=\"Ya tenemos ganadores del sorteo photocall #LoveTermix de la Feria Sal\u00f3n Look 2014. \u00a1Descubre qui\u00e9nes son!\" \/>\n<meta name=\"robots\" content=\"noindex, follow\" \/>\n<meta property=\"og:locale\" content=\"es_ES\" \/>\n<meta property=\"og:type\" content=\"article\" \/>\n<meta property=\"og:title\" content=\"Ganadores sorteo photocall #LoveTermix - Termix\" \/>\n<meta property=\"og:description\" content=\"Ya tenemos ganadores del sorteo photocall #LoveTermix de la Feria Sal\u00f3n Look 2014. \u00a1Descubre qui\u00e9nes son!\" \/>\n<meta property=\"og:url\" content=\"https:\/\/termix.net\/blog\/es\/tenemos-ganadores\/\" \/>\n<meta property=\"og:site_name\" content=\"Blog Termix Spain\" \/>\n<meta property=\"article:published_time\" content=\"2014-12-01T10:13:46+00:00\" \/>\n<meta property=\"article:modified_time\" content=\"2019-11-29T07:22:45+00:00\" \/>\n<meta property=\"og:image\" content=\"https:\/\/termix.net\/blog\/wp-content\/uploads\/2019\/11\/new-cramic-colors.jpg\" \/>\n\t<meta property=\"og:image:width\" content=\"1160\" \/>\n\t<meta property=\"og:image:height\" content=\"660\" \/>\n\t<meta property=\"og:image:type\" content=\"image\/jpeg\" \/>\n<meta name=\"author\" content=\"TermixTeam\" \/>\n<meta name=\"twitter:card\" content=\"summary_large_image\" \/>\n<meta name=\"twitter:label1\" content=\"Escrito por\" \/>\n\t<meta name=\"twitter:data1\" content=\"TermixTeam\" \/>\n\t<meta name=\"twitter:label2\" content=\"Tiempo de lectura\" \/>\n\t<meta name=\"twitter:data2\" content=\"1 minuto\" \/>\n<script type=\"application\/ld+json\" class=\"yoast-schema-graph\">{\"@context\":\"https:\/\/schema.org\",\"@graph\":[{\"@type\":\"Article\",\"@id\":\"https:\/\/termix.net\/blog\/es\/tenemos-ganadores\/#article\",\"isPartOf\":{\"@id\":\"https:\/\/termix.net\/blog\/es\/tenemos-ganadores\/\"},\"author\":{\"name\":\"TermixTeam\",\"@id\":\"https:\/\/termix.net\/blog\/es\/#\/schema\/person\/9096c98bdf03c8ddf91ad7172f254f40\"},\"headline\":\"\u00a1Tenemos ganadores!\",\"datePublished\":\"2014-12-01T10:13:46+00:00\",\"dateModified\":\"2019-11-29T07:22:45+00:00\",\"mainEntityOfPage\":{\"@id\":\"https:\/\/termix.net\/blog\/es\/tenemos-ganadores\/\"},\"wordCount\":221,\"commentCount\":0,\"publisher\":{\"@id\":\"https:\/\/termix.net\/blog\/es\/#organization\"},\"articleSection\":[\"NOTICIAS\"],\"inLanguage\":\"es\",\"potentialAction\":[{\"@type\":\"CommentAction\",\"name\":\"Comment\",\"target\":[\"https:\/\/termix.net\/blog\/es\/tenemos-ganadores\/#respond\"]}]},{\"@type\":\"WebPage\",\"@id\":\"https:\/\/termix.net\/blog\/es\/tenemos-ganadores\/\",\"url\":\"https:\/\/termix.net\/blog\/es\/tenemos-ganadores\/\",\"name\":\"Ganadores sorteo photocall #LoveTermix - Termix\",\"isPartOf\":{\"@id\":\"https:\/\/termix.net\/blog\/es\/#website\"},\"datePublished\":\"2014-12-01T10:13:46+00:00\",\"dateModified\":\"2019-11-29T07:22:45+00:00\",\"description\":\"Ya tenemos ganadores del sorteo photocall #LoveTermix de la Feria Sal\u00f3n Look 2014. \u00a1Descubre qui\u00e9nes son!\",\"breadcrumb\":{\"@id\":\"https:\/\/termix.net\/blog\/es\/tenemos-ganadores\/#breadcrumb\"},\"inLanguage\":\"es\",\"potentialAction\":[{\"@type\":\"ReadAction\",\"target\":[\"https:\/\/termix.net\/blog\/es\/tenemos-ganadores\/\"]}]},{\"@type\":\"BreadcrumbList\",\"@id\":\"https:\/\/termix.net\/blog\/es\/tenemos-ganadores\/#breadcrumb\",\"itemListElement\":[{\"@type\":\"ListItem\",\"position\":1,\"name\":\"Home\",\"item\":\"https:\/\/termix.net\/blog\/es\/\"},{\"@type\":\"ListItem\",\"position\":2,\"name\":\"\u00a1Tenemos ganadores!\"}]},{\"@type\":\"WebSite\",\"@id\":\"https:\/\/termix.net\/blog\/es\/#website\",\"url\":\"https:\/\/termix.net\/blog\/es\/\",\"name\":\"Blog Termix Spain\",\"description\":\"Blog de tendencias y productos de peluquer\u00eda profesional.\",\"publisher\":{\"@id\":\"https:\/\/termix.net\/blog\/es\/#organization\"},\"potentialAction\":[{\"@type\":\"SearchAction\",\"target\":{\"@type\":\"EntryPoint\",\"urlTemplate\":\"https:\/\/termix.net\/blog\/es\/?s={search_term_string}\"},\"query-input\":\"required name=search_term_string\"}],\"inLanguage\":\"es\"},{\"@type\":\"Organization\",\"@id\":\"https:\/\/termix.net\/blog\/es\/#organization\",\"name\":\"Dols Industrial de Peluquer\u00eda SA\",\"url\":\"https:\/\/termix.net\/blog\/es\/\",\"logo\":{\"@type\":\"ImageObject\",\"inLanguage\":\"es\",\"@id\":\"https:\/\/termix.net\/blog\/es\/#\/schema\/logo\/image\/\",\"url\":\"https:\/\/termix.net\/blog\/wp-content\/uploads\/2020\/10\/OGbDAeng.jpeg\",\"contentUrl\":\"https:\/\/termix.net\/blog\/wp-content\/uploads\/2020\/10\/OGbDAeng.jpeg\",\"width\":800,\"height\":800,\"caption\":\"Dols Industrial de Peluquer\u00eda SA\"},\"image\":{\"@id\":\"https:\/\/termix.net\/blog\/es\/#\/schema\/logo\/image\/\"}},{\"@type\":\"Person\",\"@id\":\"https:\/\/termix.net\/blog\/es\/#\/schema\/person\/9096c98bdf03c8ddf91ad7172f254f40\",\"name\":\"TermixTeam\",\"image\":{\"@type\":\"ImageObject\",\"inLanguage\":\"es\",\"@id\":\"https:\/\/termix.net\/blog\/es\/#\/schema\/person\/image\/\",\"url\":\"https:\/\/secure.gravatar.com\/avatar\/d89f61f6bd1c29a4acb231736d1c74b3?s=96&d=mm&r=g\",\"contentUrl\":\"https:\/\/secure.gravatar.com\/avatar\/d89f61f6bd1c29a4acb231736d1c74b3?s=96&d=mm&r=g\",\"caption\":\"TermixTeam\"},\"url\":\"https:\/\/termix.net\/blog\/es\/author\/termixteam\/\"}]}<\/script>\n<!-- \/ Yoast SEO plugin. -->","yoast_head_json":{"title":"Ganadores sorteo photocall #LoveTermix - Termix","description":"Ya tenemos ganadores del sorteo photocall #LoveTermix de la Feria Sal\u00f3n Look 2014. \u00a1Descubre qui\u00e9nes son!","robots":{"index":"noindex","follow":"follow"},"og_locale":"es_ES","og_type":"article","og_title":"Ganadores sorteo photocall #LoveTermix - Termix","og_description":"Ya tenemos ganadores del sorteo photocall #LoveTermix de la Feria Sal\u00f3n Look 2014. \u00a1Descubre qui\u00e9nes son!","og_url":"https:\/\/termix.net\/blog\/es\/tenemos-ganadores\/","og_site_name":"Blog Termix Spain","article_published_time":"2014-12-01T10:13:46+00:00","article_modified_time":"2019-11-29T07:22:45+00:00","og_image":[{"width":1160,"height":660,"url":"https:\/\/termix.net\/blog\/wp-content\/uploads\/2019\/11\/new-cramic-colors.jpg","type":"image\/jpeg"}],"author":"TermixTeam","twitter_card":"summary_large_image","twitter_misc":{"Escrito por":"TermixTeam","Tiempo de lectura":"1 minuto"},"schema":{"@context":"https:\/\/schema.org","@graph":[{"@type":"Article","@id":"https:\/\/termix.net\/blog\/es\/tenemos-ganadores\/#article","isPartOf":{"@id":"https:\/\/termix.net\/blog\/es\/tenemos-ganadores\/"},"author":{"name":"TermixTeam","@id":"https:\/\/termix.net\/blog\/es\/#\/schema\/person\/9096c98bdf03c8ddf91ad7172f254f40"},"headline":"\u00a1Tenemos ganadores!","datePublished":"2014-12-01T10:13:46+00:00","dateModified":"2019-11-29T07:22:45+00:00","mainEntityOfPage":{"@id":"https:\/\/termix.net\/blog\/es\/tenemos-ganadores\/"},"wordCount":221,"commentCount":0,"publisher":{"@id":"https:\/\/termix.net\/blog\/es\/#organization"},"articleSection":["NOTICIAS"],"inLanguage":"es","potentialAction":[{"@type":"CommentAction","name":"Comment","target":["https:\/\/termix.net\/blog\/es\/tenemos-ganadores\/#respond"]}]},{"@type":"WebPage","@id":"https:\/\/termix.net\/blog\/es\/tenemos-ganadores\/","url":"https:\/\/termix.net\/blog\/es\/tenemos-ganadores\/","name":"Ganadores sorteo photocall #LoveTermix - Termix","isPartOf":{"@id":"https:\/\/termix.net\/blog\/es\/#website"},"datePublished":"2014-12-01T10:13:46+00:00","dateModified":"2019-11-29T07:22:45+00:00","description":"Ya tenemos ganadores del sorteo photocall #LoveTermix de la Feria Sal\u00f3n Look 2014. \u00a1Descubre qui\u00e9nes son!","breadcrumb":{"@id":"https:\/\/termix.net\/blog\/es\/tenemos-ganadores\/#breadcrumb"},"inLanguage":"es","potentialAction":[{"@type":"ReadAction","target":["https:\/\/termix.net\/blog\/es\/tenemos-ganadores\/"]}]},{"@type":"BreadcrumbList","@id":"https:\/\/termix.net\/blog\/es\/tenemos-ganadores\/#breadcrumb","itemListElement":[{"@type":"ListItem","position":1,"name":"Home","item":"https:\/\/termix.net\/blog\/es\/"},{"@type":"ListItem","position":2,"name":"\u00a1Tenemos ganadores!"}]},{"@type":"WebSite","@id":"https:\/\/termix.net\/blog\/es\/#website","url":"https:\/\/termix.net\/blog\/es\/","name":"Blog Termix Spain","description":"Blog de tendencias y productos de peluquer\u00eda profesional.","publisher":{"@id":"https:\/\/termix.net\/blog\/es\/#organization"},"potentialAction":[{"@type":"SearchAction","target":{"@type":"EntryPoint","urlTemplate":"https:\/\/termix.net\/blog\/es\/?s={search_term_string}"},"query-input":"required name=search_term_string"}],"inLanguage":"es"},{"@type":"Organization","@id":"https:\/\/termix.net\/blog\/es\/#organization","name":"Dols Industrial de Peluquer\u00eda SA","url":"https:\/\/termix.net\/blog\/es\/","logo":{"@type":"ImageObject","inLanguage":"es","@id":"https:\/\/termix.net\/blog\/es\/#\/schema\/logo\/image\/","url":"https:\/\/termix.net\/blog\/wp-content\/uploads\/2020\/10\/OGbDAeng.jpeg","contentUrl":"https:\/\/termix.net\/blog\/wp-content\/uploads\/2020\/10\/OGbDAeng.jpeg","width":800,"height":800,"caption":"Dols Industrial de Peluquer\u00eda SA"},"image":{"@id":"https:\/\/termix.net\/blog\/es\/#\/schema\/logo\/image\/"}},{"@type":"Person","@id":"https:\/\/termix.net\/blog\/es\/#\/schema\/person\/9096c98bdf03c8ddf91ad7172f254f40","name":"TermixTeam","image":{"@type":"ImageObject","inLanguage":"es","@id":"https:\/\/termix.net\/blog\/es\/#\/schema\/person\/image\/","url":"https:\/\/secure.gravatar.com\/avatar\/d89f61f6bd1c29a4acb231736d1c74b3?s=96&d=mm&r=g","contentUrl":"https:\/\/secure.gravatar.com\/avatar\/d89f61f6bd1c29a4acb231736d1c74b3?s=96&d=mm&r=g","caption":"TermixTeam"},"url":"https:\/\/termix.net\/blog\/es\/author\/termixteam\/"}]}},"_links":{"self":[{"href":"https:\/\/termix.net\/blog\/es\/wp-json\/wp\/v2\/posts\/8253"}],"collection":[{"href":"https:\/\/termix.net\/blog\/es\/wp-json\/wp\/v2\/posts"}],"about":[{"href":"https:\/\/termix.net\/blog\/es\/wp-json\/wp\/v2\/types\/post"}],"author":[{"embeddable":true,"href":"https:\/\/termix.net\/blog\/es\/wp-json\/wp\/v2\/users\/2"}],"replies":[{"embeddable":true,"href":"https:\/\/termix.net\/blog\/es\/wp-json\/wp\/v2\/comments?post=8253"}],"version-history":[{"count":3,"href":"https:\/\/termix.net\/blog\/es\/wp-json\/wp\/v2\/posts\/8253\/revisions"}],"predecessor-version":[{"id":21574,"href":"https:\/\/termix.net\/blog\/es\/wp-json\/wp\/v2\/posts\/8253\/revisions\/21574"}],"wp:featuredmedia":[{"embeddable":true,"href":"https:\/\/termix.net\/blog\/es\/wp-json\/wp\/v2\/media\/20990"}],"wp:attachment":[{"href":"https:\/\/termix.net\/blog\/es\/wp-json\/wp\/v2\/media?parent=8253"}],"wp:term":[{"taxonomy":"category","embeddable":true,"href":"https:\/\/termix.net\/blog\/es\/wp-json\/wp\/v2\/categories?post=8253"},{"taxonomy":"post_tag","embeddable":true,"href":"https:\/\/termix.net\/blog\/es\/wp-json\/wp\/v2\/tags?post=8253"}],"curies":[{"name":"wp","href":"https:\/\/api.w.org\/{rel}","templated":true}]}}