{"id":8244,"date":"2014-11-28T10:45:44","date_gmt":"2014-11-28T10:45:44","guid":{"rendered":"http:\/\/termix.net\/?p=1825"},"modified":"2019-11-28T10:14:37","modified_gmt":"2019-11-28T09:14:37","slug":"quien-renueva-cepillos-este-verano","status":"publish","type":"post","link":"https:\/\/termix.net\/blog\/es\/quien-renueva-cepillos-este-verano\/","title":{"rendered":"\u00bfQui\u00e9n renueva cepillos este verano?"},"content":{"rendered":"<h1 style=\"text-align: center;\">Ganadores del concurso<\/h1>\n<h1 style=\"text-align: center;\">\u00bfQui\u00e9n renueva cepillos este verano?<\/h1>\n<h3 style=\"text-align: justify;\"><\/h3>\n<p style=\"text-align: justify;\">Hay quienes ya pueden desechar sus antiguos cepillos este verano. Estos son los nombres de las cuatro ganadoras de nuestro\u00a0<strong>sorteo de 4 packs con 5 cepillos Termix C\u00b7Ramic Color en\u00a0<\/strong><strong>azul<\/strong><strong>\u00a0o\u00a0<\/strong><strong>rosa<\/strong><strong>.<\/strong>\u00a0\u00a1Enhorabuena!<\/p>\n<p style=\"text-align: justify;\"><strong>1.\u00a0\u00a0\u00a0\u00a0Patri Esquis Franco<\/strong><\/p>\n<p style=\"text-align: justify;\"><strong>\u00a02.\u00a0\u00a0\u00a0\u00a0Cristina Diez Garc\u00eda<\/strong><\/p>\n<p style=\"text-align: justify;\"><strong>\u00a0<\/strong><strong>3.\u00a0\u00a0\u00a0\u00a0Isabel Santos<\/strong><\/p>\n<p style=\"text-align: justify;\"><strong>\u00a04.\u00a0\u00a0\u00a0\u00a0Iris Mart\u00edn Rodr\u00edguez<\/strong><\/p>\n<p style=\"text-align: justify;\">Gracias a vuestra participaci\u00f3n en el sorteo y vuestros consejos v\u00eda Facebook y Twitter con \u00a0<strong>#Termixmegusta<\/strong>, ahora podr\u00e9is disfrutar de nuestros cepillos de pelo m\u00e1s veraniegos.<\/p>\n<p>&nbsp;<\/p>\n<h2>T\u00e9cnolog\u00eda y color<\/h2>\n<p style=\"text-align: justify;\">Los cepillos Termix C\u00b7Ramic Color\u00a0incorporan la \u00faltima tecnolog\u00eda con un divertido toque de color. Disponibles en\u00a0<strong>azul\u00a0y\u00a0fucsia\u00a0<\/strong>y en cinco tama\u00f1os distintos. Son ideales para conseguir el efecto deseado. Los cepillos\u00a0<strong>C\u00b7Ramic Color\u00a0<\/strong>poseen una alta transmisi\u00f3n y mantenimiento del calor gracias a que el cuerpo central est\u00e1 elaborado en aluminio con un\u00a0<strong>recubrimiento cer\u00e1mico<\/strong>. Este tipo de recubrimiento permite acumular m\u00e1s calor\u00edas en el tubo, haciendo que el cepillo tarde m\u00e1s en enfriarse y por tanto se reduzca el tiempo del secado.<\/p>\n<p style=\"text-align: justify;\">Adem\u00e1s, sus\u00a0<strong>fibras de nylon<\/strong>\u00a0son innovadoras. Son fibras extremadamente resistentes al calor y con la mayor capacidad de recuperaci\u00f3n gracias a su sistema de memoria. La colocaci\u00f3n de las fibras de manera perpendicular permite una mejor penetraci\u00f3n del cabello entre las mismas, haciendo que se deslice mejor sobre el tubo de cer\u00e1mica y tenga mucho m\u00e1s agarre.<\/p>\n<p style=\"text-align: justify;\">Y si quer\u00e9is, estaremos encantados de que compart\u00e1is con nosotros en nuestras redes sociales una foto vuestra con el regalo y con el hashtag\u00a0<strong>#Termixmegusta<\/strong>.<\/p>\n<h2 style=\"text-align: justify;\">\u00a1Gracias y hasta la pr\u00f3xima!<\/h2>\n","protected":false},"excerpt":{"rendered":"<p>\t\t\t\t\u00bfQUI\u00c9N RENUEVA CEPILLOS ESTE VERANO? Ya tenemos a las cuatro ganadoras de nuestro sorteo de 4 packs con 5 cepillos Termix C\u00b7Ramic Color en azul o rosa. \u00a1Enhorabuena!\t\t<\/p>\n","protected":false},"author":2,"featured_media":20990,"comment_status":"open","ping_status":"open","sticky":false,"template":"","format":"standard","meta":[],"categories":[6],"tags":[],"yoast_head":"<!-- This site is optimized with the Yoast SEO plugin v20.0 - https:\/\/yoast.com\/wordpress\/plugins\/seo\/ -->\n<title>\u00bfQui\u00e9n renueva cepillos este verano? - Termix<\/title>\n<meta name=\"description\" content=\"Estos son los nombres de las 4 ganadoras de nuestro sorteo de 4 packs con 5 cepillos Termix C\u00b7RAMIC en color azul y color rosa. \u00a1Enhorabuena!\" \/>\n<meta name=\"robots\" content=\"index, follow, max-snippet:-1, max-image-preview:large, max-video-preview:-1\" \/>\n<link rel=\"canonical\" href=\"https:\/\/termix.net\/blog\/es\/quien-renueva-cepillos-este-verano\/\" \/>\n<meta property=\"og:locale\" content=\"es_ES\" \/>\n<meta property=\"og:type\" content=\"article\" \/>\n<meta property=\"og:title\" content=\"\u00bfQui\u00e9n renueva cepillos este verano? - Termix\" \/>\n<meta property=\"og:description\" content=\"Estos son los nombres de las 4 ganadoras de nuestro sorteo de 4 packs con 5 cepillos Termix C\u00b7RAMIC en color azul y color rosa. \u00a1Enhorabuena!\" \/>\n<meta property=\"og:url\" content=\"https:\/\/termix.net\/blog\/es\/quien-renueva-cepillos-este-verano\/\" \/>\n<meta property=\"og:site_name\" content=\"Blog Termix Spain\" \/>\n<meta property=\"article:published_time\" content=\"2014-11-28T10:45:44+00:00\" \/>\n<meta property=\"article:modified_time\" content=\"2019-11-28T09:14:37+00:00\" \/>\n<meta property=\"og:image\" content=\"https:\/\/termix.net\/blog\/wp-content\/uploads\/2019\/11\/new-cramic-colors.jpg\" \/>\n\t<meta property=\"og:image:width\" content=\"1160\" \/>\n\t<meta property=\"og:image:height\" content=\"660\" \/>\n\t<meta property=\"og:image:type\" content=\"image\/jpeg\" \/>\n<meta name=\"author\" content=\"TermixTeam\" \/>\n<meta name=\"twitter:card\" content=\"summary_large_image\" \/>\n<meta name=\"twitter:label1\" content=\"Escrito por\" \/>\n\t<meta name=\"twitter:data1\" content=\"TermixTeam\" \/>\n\t<meta name=\"twitter:label2\" content=\"Tiempo de lectura\" \/>\n\t<meta name=\"twitter:data2\" content=\"1 minuto\" \/>\n<script type=\"application\/ld+json\" class=\"yoast-schema-graph\">{\"@context\":\"https:\/\/schema.org\",\"@graph\":[{\"@type\":\"Article\",\"@id\":\"https:\/\/termix.net\/blog\/es\/quien-renueva-cepillos-este-verano\/#article\",\"isPartOf\":{\"@id\":\"https:\/\/termix.net\/blog\/es\/quien-renueva-cepillos-este-verano\/\"},\"author\":{\"name\":\"TermixTeam\",\"@id\":\"https:\/\/termix.net\/blog\/es\/#\/schema\/person\/9096c98bdf03c8ddf91ad7172f254f40\"},\"headline\":\"\u00bfQui\u00e9n renueva cepillos este verano?\",\"datePublished\":\"2014-11-28T10:45:44+00:00\",\"dateModified\":\"2019-11-28T09:14:37+00:00\",\"mainEntityOfPage\":{\"@id\":\"https:\/\/termix.net\/blog\/es\/quien-renueva-cepillos-este-verano\/\"},\"wordCount\":291,\"commentCount\":0,\"publisher\":{\"@id\":\"https:\/\/termix.net\/blog\/es\/#organization\"},\"articleSection\":[\"NOTICIAS\"],\"inLanguage\":\"es\",\"potentialAction\":[{\"@type\":\"CommentAction\",\"name\":\"Comment\",\"target\":[\"https:\/\/termix.net\/blog\/es\/quien-renueva-cepillos-este-verano\/#respond\"]}]},{\"@type\":\"WebPage\",\"@id\":\"https:\/\/termix.net\/blog\/es\/quien-renueva-cepillos-este-verano\/\",\"url\":\"https:\/\/termix.net\/blog\/es\/quien-renueva-cepillos-este-verano\/\",\"name\":\"\u00bfQui\u00e9n renueva cepillos este verano? - Termix\",\"isPartOf\":{\"@id\":\"https:\/\/termix.net\/blog\/es\/#website\"},\"datePublished\":\"2014-11-28T10:45:44+00:00\",\"dateModified\":\"2019-11-28T09:14:37+00:00\",\"description\":\"Estos son los nombres de las 4 ganadoras de nuestro sorteo de 4 packs con 5 cepillos Termix C\u00b7RAMIC en color azul y color rosa. \u00a1Enhorabuena!\",\"breadcrumb\":{\"@id\":\"https:\/\/termix.net\/blog\/es\/quien-renueva-cepillos-este-verano\/#breadcrumb\"},\"inLanguage\":\"es\",\"potentialAction\":[{\"@type\":\"ReadAction\",\"target\":[\"https:\/\/termix.net\/blog\/es\/quien-renueva-cepillos-este-verano\/\"]}]},{\"@type\":\"BreadcrumbList\",\"@id\":\"https:\/\/termix.net\/blog\/es\/quien-renueva-cepillos-este-verano\/#breadcrumb\",\"itemListElement\":[{\"@type\":\"ListItem\",\"position\":1,\"name\":\"Home\",\"item\":\"https:\/\/termix.net\/blog\/es\/\"},{\"@type\":\"ListItem\",\"position\":2,\"name\":\"\u00bfQui\u00e9n renueva cepillos este verano?\"}]},{\"@type\":\"WebSite\",\"@id\":\"https:\/\/termix.net\/blog\/es\/#website\",\"url\":\"https:\/\/termix.net\/blog\/es\/\",\"name\":\"Blog Termix Spain\",\"description\":\"Blog de tendencias y productos de peluquer\u00eda profesional.\",\"publisher\":{\"@id\":\"https:\/\/termix.net\/blog\/es\/#organization\"},\"potentialAction\":[{\"@type\":\"SearchAction\",\"target\":{\"@type\":\"EntryPoint\",\"urlTemplate\":\"https:\/\/termix.net\/blog\/es\/?s={search_term_string}\"},\"query-input\":\"required name=search_term_string\"}],\"inLanguage\":\"es\"},{\"@type\":\"Organization\",\"@id\":\"https:\/\/termix.net\/blog\/es\/#organization\",\"name\":\"Dols Industrial de Peluquer\u00eda SA\",\"url\":\"https:\/\/termix.net\/blog\/es\/\",\"logo\":{\"@type\":\"ImageObject\",\"inLanguage\":\"es\",\"@id\":\"https:\/\/termix.net\/blog\/es\/#\/schema\/logo\/image\/\",\"url\":\"https:\/\/termix.net\/blog\/wp-content\/uploads\/2020\/10\/OGbDAeng.jpeg\",\"contentUrl\":\"https:\/\/termix.net\/blog\/wp-content\/uploads\/2020\/10\/OGbDAeng.jpeg\",\"width\":800,\"height\":800,\"caption\":\"Dols Industrial de Peluquer\u00eda SA\"},\"image\":{\"@id\":\"https:\/\/termix.net\/blog\/es\/#\/schema\/logo\/image\/\"}},{\"@type\":\"Person\",\"@id\":\"https:\/\/termix.net\/blog\/es\/#\/schema\/person\/9096c98bdf03c8ddf91ad7172f254f40\",\"name\":\"TermixTeam\",\"image\":{\"@type\":\"ImageObject\",\"inLanguage\":\"es\",\"@id\":\"https:\/\/termix.net\/blog\/es\/#\/schema\/person\/image\/\",\"url\":\"https:\/\/secure.gravatar.com\/avatar\/d89f61f6bd1c29a4acb231736d1c74b3?s=96&d=mm&r=g\",\"contentUrl\":\"https:\/\/secure.gravatar.com\/avatar\/d89f61f6bd1c29a4acb231736d1c74b3?s=96&d=mm&r=g\",\"caption\":\"TermixTeam\"},\"url\":\"https:\/\/termix.net\/blog\/es\/author\/termixteam\/\"}]}<\/script>\n<!-- \/ Yoast SEO plugin. -->","yoast_head_json":{"title":"\u00bfQui\u00e9n renueva cepillos este verano? - Termix","description":"Estos son los nombres de las 4 ganadoras de nuestro sorteo de 4 packs con 5 cepillos Termix C\u00b7RAMIC en color azul y color rosa. \u00a1Enhorabuena!","robots":{"index":"index","follow":"follow","max-snippet":"max-snippet:-1","max-image-preview":"max-image-preview:large","max-video-preview":"max-video-preview:-1"},"canonical":"https:\/\/termix.net\/blog\/es\/quien-renueva-cepillos-este-verano\/","og_locale":"es_ES","og_type":"article","og_title":"\u00bfQui\u00e9n renueva cepillos este verano? - Termix","og_description":"Estos son los nombres de las 4 ganadoras de nuestro sorteo de 4 packs con 5 cepillos Termix C\u00b7RAMIC en color azul y color rosa. \u00a1Enhorabuena!","og_url":"https:\/\/termix.net\/blog\/es\/quien-renueva-cepillos-este-verano\/","og_site_name":"Blog Termix Spain","article_published_time":"2014-11-28T10:45:44+00:00","article_modified_time":"2019-11-28T09:14:37+00:00","og_image":[{"width":1160,"height":660,"url":"https:\/\/termix.net\/blog\/wp-content\/uploads\/2019\/11\/new-cramic-colors.jpg","type":"image\/jpeg"}],"author":"TermixTeam","twitter_card":"summary_large_image","twitter_misc":{"Escrito por":"TermixTeam","Tiempo de lectura":"1 minuto"},"schema":{"@context":"https:\/\/schema.org","@graph":[{"@type":"Article","@id":"https:\/\/termix.net\/blog\/es\/quien-renueva-cepillos-este-verano\/#article","isPartOf":{"@id":"https:\/\/termix.net\/blog\/es\/quien-renueva-cepillos-este-verano\/"},"author":{"name":"TermixTeam","@id":"https:\/\/termix.net\/blog\/es\/#\/schema\/person\/9096c98bdf03c8ddf91ad7172f254f40"},"headline":"\u00bfQui\u00e9n renueva cepillos este verano?","datePublished":"2014-11-28T10:45:44+00:00","dateModified":"2019-11-28T09:14:37+00:00","mainEntityOfPage":{"@id":"https:\/\/termix.net\/blog\/es\/quien-renueva-cepillos-este-verano\/"},"wordCount":291,"commentCount":0,"publisher":{"@id":"https:\/\/termix.net\/blog\/es\/#organization"},"articleSection":["NOTICIAS"],"inLanguage":"es","potentialAction":[{"@type":"CommentAction","name":"Comment","target":["https:\/\/termix.net\/blog\/es\/quien-renueva-cepillos-este-verano\/#respond"]}]},{"@type":"WebPage","@id":"https:\/\/termix.net\/blog\/es\/quien-renueva-cepillos-este-verano\/","url":"https:\/\/termix.net\/blog\/es\/quien-renueva-cepillos-este-verano\/","name":"\u00bfQui\u00e9n renueva cepillos este verano? - Termix","isPartOf":{"@id":"https:\/\/termix.net\/blog\/es\/#website"},"datePublished":"2014-11-28T10:45:44+00:00","dateModified":"2019-11-28T09:14:37+00:00","description":"Estos son los nombres de las 4 ganadoras de nuestro sorteo de 4 packs con 5 cepillos Termix C\u00b7RAMIC en color azul y color rosa. \u00a1Enhorabuena!","breadcrumb":{"@id":"https:\/\/termix.net\/blog\/es\/quien-renueva-cepillos-este-verano\/#breadcrumb"},"inLanguage":"es","potentialAction":[{"@type":"ReadAction","target":["https:\/\/termix.net\/blog\/es\/quien-renueva-cepillos-este-verano\/"]}]},{"@type":"BreadcrumbList","@id":"https:\/\/termix.net\/blog\/es\/quien-renueva-cepillos-este-verano\/#breadcrumb","itemListElement":[{"@type":"ListItem","position":1,"name":"Home","item":"https:\/\/termix.net\/blog\/es\/"},{"@type":"ListItem","position":2,"name":"\u00bfQui\u00e9n renueva cepillos este verano?"}]},{"@type":"WebSite","@id":"https:\/\/termix.net\/blog\/es\/#website","url":"https:\/\/termix.net\/blog\/es\/","name":"Blog Termix Spain","description":"Blog de tendencias y productos de peluquer\u00eda profesional.","publisher":{"@id":"https:\/\/termix.net\/blog\/es\/#organization"},"potentialAction":[{"@type":"SearchAction","target":{"@type":"EntryPoint","urlTemplate":"https:\/\/termix.net\/blog\/es\/?s={search_term_string}"},"query-input":"required name=search_term_string"}],"inLanguage":"es"},{"@type":"Organization","@id":"https:\/\/termix.net\/blog\/es\/#organization","name":"Dols Industrial de Peluquer\u00eda SA","url":"https:\/\/termix.net\/blog\/es\/","logo":{"@type":"ImageObject","inLanguage":"es","@id":"https:\/\/termix.net\/blog\/es\/#\/schema\/logo\/image\/","url":"https:\/\/termix.net\/blog\/wp-content\/uploads\/2020\/10\/OGbDAeng.jpeg","contentUrl":"https:\/\/termix.net\/blog\/wp-content\/uploads\/2020\/10\/OGbDAeng.jpeg","width":800,"height":800,"caption":"Dols Industrial de Peluquer\u00eda SA"},"image":{"@id":"https:\/\/termix.net\/blog\/es\/#\/schema\/logo\/image\/"}},{"@type":"Person","@id":"https:\/\/termix.net\/blog\/es\/#\/schema\/person\/9096c98bdf03c8ddf91ad7172f254f40","name":"TermixTeam","image":{"@type":"ImageObject","inLanguage":"es","@id":"https:\/\/termix.net\/blog\/es\/#\/schema\/person\/image\/","url":"https:\/\/secure.gravatar.com\/avatar\/d89f61f6bd1c29a4acb231736d1c74b3?s=96&d=mm&r=g","contentUrl":"https:\/\/secure.gravatar.com\/avatar\/d89f61f6bd1c29a4acb231736d1c74b3?s=96&d=mm&r=g","caption":"TermixTeam"},"url":"https:\/\/termix.net\/blog\/es\/author\/termixteam\/"}]}},"_links":{"self":[{"href":"https:\/\/termix.net\/blog\/es\/wp-json\/wp\/v2\/posts\/8244"}],"collection":[{"href":"https:\/\/termix.net\/blog\/es\/wp-json\/wp\/v2\/posts"}],"about":[{"href":"https:\/\/termix.net\/blog\/es\/wp-json\/wp\/v2\/types\/post"}],"author":[{"embeddable":true,"href":"https:\/\/termix.net\/blog\/es\/wp-json\/wp\/v2\/users\/2"}],"replies":[{"embeddable":true,"href":"https:\/\/termix.net\/blog\/es\/wp-json\/wp\/v2\/comments?post=8244"}],"version-history":[{"count":2,"href":"https:\/\/termix.net\/blog\/es\/wp-json\/wp\/v2\/posts\/8244\/revisions"}],"predecessor-version":[{"id":21492,"href":"https:\/\/termix.net\/blog\/es\/wp-json\/wp\/v2\/posts\/8244\/revisions\/21492"}],"wp:featuredmedia":[{"embeddable":true,"href":"https:\/\/termix.net\/blog\/es\/wp-json\/wp\/v2\/media\/20990"}],"wp:attachment":[{"href":"https:\/\/termix.net\/blog\/es\/wp-json\/wp\/v2\/media?parent=8244"}],"wp:term":[{"taxonomy":"category","embeddable":true,"href":"https:\/\/termix.net\/blog\/es\/wp-json\/wp\/v2\/categories?post=8244"},{"taxonomy":"post_tag","embeddable":true,"href":"https:\/\/termix.net\/blog\/es\/wp-json\/wp\/v2\/tags?post=8244"}],"curies":[{"name":"wp","href":"https:\/\/api.w.org\/{rel}","templated":true}]}}