{"id":8243,"date":"2014-11-28T10:12:52","date_gmt":"2014-11-28T10:12:52","guid":{"rendered":"http:\/\/termix.net\/?p=1787"},"modified":"2019-11-28T10:03:34","modified_gmt":"2019-11-28T09:03:34","slug":"termix-protagonista-de-salon-look-2014","status":"publish","type":"post","link":"https:\/\/termix.net\/blog\/es\/termix-protagonista-de-salon-look-2014\/","title":{"rendered":"Termix, protagonista de Sal\u00f3n Look 2014"},"content":{"rendered":"<h1 style=\"text-align: center;\">Termix, protagonista de Sal\u00f3n Look 2014<\/h1>\n<p style=\"text-align: center;\">Salon Look sin duda es el evento de referencia del oto\u00f1o en Espa\u00f1a para el sector de la peluquer\u00eda y la est\u00e9tica.<\/p>\n<p>&nbsp;<\/p>\n<p>Salon Look sin duda ha sido el evento de referencia del oto\u00f1o en Espa\u00f1a para el sector de la peluquer\u00eda y la est\u00e9tica. Adem\u00e1s\u00a0cuenta con un 14% m\u00e1s de empresas participantes.<strong>Un a\u00f1o m\u00e1s, Termix fue uno de los grandes protagonistas de Sal\u00f3n Look Internacional 2014.<\/strong><\/p>\n<p>Con un gran espacio din\u00e1mico, que sirvi\u00f3 de zona de demostraci\u00f3n e inspiraci\u00f3n, la marca l\u00edder en herramientas profesionales de peluquer\u00eda comparti\u00f3 con sus visitantes sus \u00faltimas y grandes innovaciones tecnol\u00f3gicas lanzadas recientemente en el mercado.<\/p>\n<p>Todo un despliegue de creatividad para los visitantes, que pudieron comprobar una vez m\u00e1s por qu\u00e9 Termix sigue siendo la <strong>marca l\u00edder en cepillos de pelo<\/strong> y otras herramientas de peluquer\u00eda profesional.<\/p>\n<h2>\u00a0Termix Evolution y Plancha Termix 230\u00ba<\/h2>\n<p>Productos como el revolucionario m\u00e9todo de recogidos Termix Teacher, los <strong>cepillos Termix Evolution<\/strong>, los \u00fanicos en el mercado dise\u00f1ados para cada tipo de cabello, o la <strong>Plancha Termix 230\u00ba<\/strong> de \u00faltima generaci\u00f3n, entre otros, tuvieron una gran demanda y acogida entre el p\u00fablico, que adem\u00e1s, los pudo probar in situ junto con un experto Termix, que aclaraba dudas y ayudaba a elegir el producto que mejor se adaptaba a sus necesidades.<\/p>\n<p>Tres intensos d\u00edas de feria, donde tampoco faltaron los regalos y el entretenimiento. La zona del photocall se convirti\u00f3, sin duda, en uno de los focos de mayor tr\u00e1fico y afluencia de toda la feria. Termix prepar\u00f3 un divertido pase con sus productos, que luego se tradujo en el concurso Photocall #LoveTermix en sus redes sociales.<\/p>\n<p>&nbsp;<\/p>\n","protected":false},"excerpt":{"rendered":"<p>\t\t\t\tUn a\u00f1o m\u00e1s, Termix fue uno de los grandes protagonistas de Sal\u00f3n Look Internacional 2014. Salon Look ha sido el evento de referencia del oto\u00f1o en Espa\u00f1a para el sector de la peluquer\u00eda y la est\u00e9tica.\t\t<\/p>\n","protected":false},"author":2,"featured_media":21377,"comment_status":"open","ping_status":"open","sticky":false,"template":"","format":"standard","meta":[],"categories":[6],"tags":[],"yoast_head":"<!-- This site is optimized with the Yoast SEO plugin v20.0 - https:\/\/yoast.com\/wordpress\/plugins\/seo\/ -->\n<title>Termix, protagonista de Sal\u00f3n Look 2014 - Termix<\/title>\n<meta name=\"description\" content=\"Un a\u00f1o m\u00e1s, Termix fue uno de los grandes protagonistas de Sal\u00f3n Look Internacional 2014 que tuvo lugar en Madrid.\" \/>\n<meta name=\"robots\" content=\"noindex, follow\" \/>\n<meta property=\"og:locale\" content=\"es_ES\" \/>\n<meta property=\"og:type\" content=\"article\" \/>\n<meta property=\"og:title\" content=\"Termix, protagonista de Sal\u00f3n Look 2014 - Termix\" \/>\n<meta property=\"og:description\" content=\"Un a\u00f1o m\u00e1s, Termix fue uno de los grandes protagonistas de Sal\u00f3n Look Internacional 2014 que tuvo lugar en Madrid.\" \/>\n<meta property=\"og:url\" content=\"https:\/\/termix.net\/blog\/es\/termix-protagonista-de-salon-look-2014\/\" \/>\n<meta property=\"og:site_name\" content=\"Blog Termix Spain\" \/>\n<meta property=\"article:published_time\" content=\"2014-11-28T10:12:52+00:00\" \/>\n<meta property=\"article:modified_time\" content=\"2019-11-28T09:03:34+00:00\" \/>\n<meta property=\"og:image\" content=\"https:\/\/termix.net\/blog\/wp-content\/uploads\/2019\/10\/SALONLOOK_FOTO1.jpg\" \/>\n\t<meta property=\"og:image:width\" content=\"1160\" \/>\n\t<meta property=\"og:image:height\" content=\"660\" \/>\n\t<meta property=\"og:image:type\" content=\"image\/jpeg\" \/>\n<meta name=\"author\" content=\"TermixTeam\" \/>\n<meta name=\"twitter:card\" content=\"summary_large_image\" \/>\n<meta name=\"twitter:label1\" content=\"Escrito por\" \/>\n\t<meta name=\"twitter:data1\" content=\"TermixTeam\" \/>\n\t<meta name=\"twitter:label2\" content=\"Tiempo de lectura\" \/>\n\t<meta name=\"twitter:data2\" content=\"2 minutos\" \/>\n<script type=\"application\/ld+json\" class=\"yoast-schema-graph\">{\"@context\":\"https:\/\/schema.org\",\"@graph\":[{\"@type\":\"Article\",\"@id\":\"https:\/\/termix.net\/blog\/es\/termix-protagonista-de-salon-look-2014\/#article\",\"isPartOf\":{\"@id\":\"https:\/\/termix.net\/blog\/es\/termix-protagonista-de-salon-look-2014\/\"},\"author\":{\"name\":\"TermixTeam\",\"@id\":\"https:\/\/termix.net\/blog\/es\/#\/schema\/person\/9096c98bdf03c8ddf91ad7172f254f40\"},\"headline\":\"Termix, protagonista de Sal\u00f3n Look 2014\",\"datePublished\":\"2014-11-28T10:12:52+00:00\",\"dateModified\":\"2019-11-28T09:03:34+00:00\",\"mainEntityOfPage\":{\"@id\":\"https:\/\/termix.net\/blog\/es\/termix-protagonista-de-salon-look-2014\/\"},\"wordCount\":309,\"commentCount\":0,\"publisher\":{\"@id\":\"https:\/\/termix.net\/blog\/es\/#organization\"},\"articleSection\":[\"NOTICIAS\"],\"inLanguage\":\"es\",\"potentialAction\":[{\"@type\":\"CommentAction\",\"name\":\"Comment\",\"target\":[\"https:\/\/termix.net\/blog\/es\/termix-protagonista-de-salon-look-2014\/#respond\"]}]},{\"@type\":\"WebPage\",\"@id\":\"https:\/\/termix.net\/blog\/es\/termix-protagonista-de-salon-look-2014\/\",\"url\":\"https:\/\/termix.net\/blog\/es\/termix-protagonista-de-salon-look-2014\/\",\"name\":\"Termix, protagonista de Sal\u00f3n Look 2014 - Termix\",\"isPartOf\":{\"@id\":\"https:\/\/termix.net\/blog\/es\/#website\"},\"datePublished\":\"2014-11-28T10:12:52+00:00\",\"dateModified\":\"2019-11-28T09:03:34+00:00\",\"description\":\"Un a\u00f1o m\u00e1s, Termix fue uno de los grandes protagonistas de Sal\u00f3n Look Internacional 2014 que tuvo lugar en Madrid.\",\"breadcrumb\":{\"@id\":\"https:\/\/termix.net\/blog\/es\/termix-protagonista-de-salon-look-2014\/#breadcrumb\"},\"inLanguage\":\"es\",\"potentialAction\":[{\"@type\":\"ReadAction\",\"target\":[\"https:\/\/termix.net\/blog\/es\/termix-protagonista-de-salon-look-2014\/\"]}]},{\"@type\":\"BreadcrumbList\",\"@id\":\"https:\/\/termix.net\/blog\/es\/termix-protagonista-de-salon-look-2014\/#breadcrumb\",\"itemListElement\":[{\"@type\":\"ListItem\",\"position\":1,\"name\":\"Home\",\"item\":\"https:\/\/termix.net\/blog\/es\/\"},{\"@type\":\"ListItem\",\"position\":2,\"name\":\"Termix, protagonista de Sal\u00f3n Look 2014\"}]},{\"@type\":\"WebSite\",\"@id\":\"https:\/\/termix.net\/blog\/es\/#website\",\"url\":\"https:\/\/termix.net\/blog\/es\/\",\"name\":\"Blog Termix Spain\",\"description\":\"Blog de tendencias y productos de peluquer\u00eda profesional.\",\"publisher\":{\"@id\":\"https:\/\/termix.net\/blog\/es\/#organization\"},\"potentialAction\":[{\"@type\":\"SearchAction\",\"target\":{\"@type\":\"EntryPoint\",\"urlTemplate\":\"https:\/\/termix.net\/blog\/es\/?s={search_term_string}\"},\"query-input\":\"required name=search_term_string\"}],\"inLanguage\":\"es\"},{\"@type\":\"Organization\",\"@id\":\"https:\/\/termix.net\/blog\/es\/#organization\",\"name\":\"Dols Industrial de Peluquer\u00eda SA\",\"url\":\"https:\/\/termix.net\/blog\/es\/\",\"logo\":{\"@type\":\"ImageObject\",\"inLanguage\":\"es\",\"@id\":\"https:\/\/termix.net\/blog\/es\/#\/schema\/logo\/image\/\",\"url\":\"https:\/\/termix.net\/blog\/wp-content\/uploads\/2020\/10\/OGbDAeng.jpeg\",\"contentUrl\":\"https:\/\/termix.net\/blog\/wp-content\/uploads\/2020\/10\/OGbDAeng.jpeg\",\"width\":800,\"height\":800,\"caption\":\"Dols Industrial de Peluquer\u00eda SA\"},\"image\":{\"@id\":\"https:\/\/termix.net\/blog\/es\/#\/schema\/logo\/image\/\"}},{\"@type\":\"Person\",\"@id\":\"https:\/\/termix.net\/blog\/es\/#\/schema\/person\/9096c98bdf03c8ddf91ad7172f254f40\",\"name\":\"TermixTeam\",\"image\":{\"@type\":\"ImageObject\",\"inLanguage\":\"es\",\"@id\":\"https:\/\/termix.net\/blog\/es\/#\/schema\/person\/image\/\",\"url\":\"https:\/\/secure.gravatar.com\/avatar\/d89f61f6bd1c29a4acb231736d1c74b3?s=96&d=mm&r=g\",\"contentUrl\":\"https:\/\/secure.gravatar.com\/avatar\/d89f61f6bd1c29a4acb231736d1c74b3?s=96&d=mm&r=g\",\"caption\":\"TermixTeam\"},\"url\":\"https:\/\/termix.net\/blog\/es\/author\/termixteam\/\"}]}<\/script>\n<!-- \/ Yoast SEO plugin. -->","yoast_head_json":{"title":"Termix, protagonista de Sal\u00f3n Look 2014 - Termix","description":"Un a\u00f1o m\u00e1s, Termix fue uno de los grandes protagonistas de Sal\u00f3n Look Internacional 2014 que tuvo lugar en Madrid.","robots":{"index":"noindex","follow":"follow"},"og_locale":"es_ES","og_type":"article","og_title":"Termix, protagonista de Sal\u00f3n Look 2014 - Termix","og_description":"Un a\u00f1o m\u00e1s, Termix fue uno de los grandes protagonistas de Sal\u00f3n Look Internacional 2014 que tuvo lugar en Madrid.","og_url":"https:\/\/termix.net\/blog\/es\/termix-protagonista-de-salon-look-2014\/","og_site_name":"Blog Termix Spain","article_published_time":"2014-11-28T10:12:52+00:00","article_modified_time":"2019-11-28T09:03:34+00:00","og_image":[{"width":1160,"height":660,"url":"https:\/\/termix.net\/blog\/wp-content\/uploads\/2019\/10\/SALONLOOK_FOTO1.jpg","type":"image\/jpeg"}],"author":"TermixTeam","twitter_card":"summary_large_image","twitter_misc":{"Escrito por":"TermixTeam","Tiempo de lectura":"2 minutos"},"schema":{"@context":"https:\/\/schema.org","@graph":[{"@type":"Article","@id":"https:\/\/termix.net\/blog\/es\/termix-protagonista-de-salon-look-2014\/#article","isPartOf":{"@id":"https:\/\/termix.net\/blog\/es\/termix-protagonista-de-salon-look-2014\/"},"author":{"name":"TermixTeam","@id":"https:\/\/termix.net\/blog\/es\/#\/schema\/person\/9096c98bdf03c8ddf91ad7172f254f40"},"headline":"Termix, protagonista de Sal\u00f3n Look 2014","datePublished":"2014-11-28T10:12:52+00:00","dateModified":"2019-11-28T09:03:34+00:00","mainEntityOfPage":{"@id":"https:\/\/termix.net\/blog\/es\/termix-protagonista-de-salon-look-2014\/"},"wordCount":309,"commentCount":0,"publisher":{"@id":"https:\/\/termix.net\/blog\/es\/#organization"},"articleSection":["NOTICIAS"],"inLanguage":"es","potentialAction":[{"@type":"CommentAction","name":"Comment","target":["https:\/\/termix.net\/blog\/es\/termix-protagonista-de-salon-look-2014\/#respond"]}]},{"@type":"WebPage","@id":"https:\/\/termix.net\/blog\/es\/termix-protagonista-de-salon-look-2014\/","url":"https:\/\/termix.net\/blog\/es\/termix-protagonista-de-salon-look-2014\/","name":"Termix, protagonista de Sal\u00f3n Look 2014 - Termix","isPartOf":{"@id":"https:\/\/termix.net\/blog\/es\/#website"},"datePublished":"2014-11-28T10:12:52+00:00","dateModified":"2019-11-28T09:03:34+00:00","description":"Un a\u00f1o m\u00e1s, Termix fue uno de los grandes protagonistas de Sal\u00f3n Look Internacional 2014 que tuvo lugar en Madrid.","breadcrumb":{"@id":"https:\/\/termix.net\/blog\/es\/termix-protagonista-de-salon-look-2014\/#breadcrumb"},"inLanguage":"es","potentialAction":[{"@type":"ReadAction","target":["https:\/\/termix.net\/blog\/es\/termix-protagonista-de-salon-look-2014\/"]}]},{"@type":"BreadcrumbList","@id":"https:\/\/termix.net\/blog\/es\/termix-protagonista-de-salon-look-2014\/#breadcrumb","itemListElement":[{"@type":"ListItem","position":1,"name":"Home","item":"https:\/\/termix.net\/blog\/es\/"},{"@type":"ListItem","position":2,"name":"Termix, protagonista de Sal\u00f3n Look 2014"}]},{"@type":"WebSite","@id":"https:\/\/termix.net\/blog\/es\/#website","url":"https:\/\/termix.net\/blog\/es\/","name":"Blog Termix Spain","description":"Blog de tendencias y productos de peluquer\u00eda profesional.","publisher":{"@id":"https:\/\/termix.net\/blog\/es\/#organization"},"potentialAction":[{"@type":"SearchAction","target":{"@type":"EntryPoint","urlTemplate":"https:\/\/termix.net\/blog\/es\/?s={search_term_string}"},"query-input":"required name=search_term_string"}],"inLanguage":"es"},{"@type":"Organization","@id":"https:\/\/termix.net\/blog\/es\/#organization","name":"Dols Industrial de Peluquer\u00eda SA","url":"https:\/\/termix.net\/blog\/es\/","logo":{"@type":"ImageObject","inLanguage":"es","@id":"https:\/\/termix.net\/blog\/es\/#\/schema\/logo\/image\/","url":"https:\/\/termix.net\/blog\/wp-content\/uploads\/2020\/10\/OGbDAeng.jpeg","contentUrl":"https:\/\/termix.net\/blog\/wp-content\/uploads\/2020\/10\/OGbDAeng.jpeg","width":800,"height":800,"caption":"Dols Industrial de Peluquer\u00eda SA"},"image":{"@id":"https:\/\/termix.net\/blog\/es\/#\/schema\/logo\/image\/"}},{"@type":"Person","@id":"https:\/\/termix.net\/blog\/es\/#\/schema\/person\/9096c98bdf03c8ddf91ad7172f254f40","name":"TermixTeam","image":{"@type":"ImageObject","inLanguage":"es","@id":"https:\/\/termix.net\/blog\/es\/#\/schema\/person\/image\/","url":"https:\/\/secure.gravatar.com\/avatar\/d89f61f6bd1c29a4acb231736d1c74b3?s=96&d=mm&r=g","contentUrl":"https:\/\/secure.gravatar.com\/avatar\/d89f61f6bd1c29a4acb231736d1c74b3?s=96&d=mm&r=g","caption":"TermixTeam"},"url":"https:\/\/termix.net\/blog\/es\/author\/termixteam\/"}]}},"_links":{"self":[{"href":"https:\/\/termix.net\/blog\/es\/wp-json\/wp\/v2\/posts\/8243"}],"collection":[{"href":"https:\/\/termix.net\/blog\/es\/wp-json\/wp\/v2\/posts"}],"about":[{"href":"https:\/\/termix.net\/blog\/es\/wp-json\/wp\/v2\/types\/post"}],"author":[{"embeddable":true,"href":"https:\/\/termix.net\/blog\/es\/wp-json\/wp\/v2\/users\/2"}],"replies":[{"embeddable":true,"href":"https:\/\/termix.net\/blog\/es\/wp-json\/wp\/v2\/comments?post=8243"}],"version-history":[{"count":3,"href":"https:\/\/termix.net\/blog\/es\/wp-json\/wp\/v2\/posts\/8243\/revisions"}],"predecessor-version":[{"id":21488,"href":"https:\/\/termix.net\/blog\/es\/wp-json\/wp\/v2\/posts\/8243\/revisions\/21488"}],"wp:featuredmedia":[{"embeddable":true,"href":"https:\/\/termix.net\/blog\/es\/wp-json\/wp\/v2\/media\/21377"}],"wp:attachment":[{"href":"https:\/\/termix.net\/blog\/es\/wp-json\/wp\/v2\/media?parent=8243"}],"wp:term":[{"taxonomy":"category","embeddable":true,"href":"https:\/\/termix.net\/blog\/es\/wp-json\/wp\/v2\/categories?post=8243"},{"taxonomy":"post_tag","embeddable":true,"href":"https:\/\/termix.net\/blog\/es\/wp-json\/wp\/v2\/tags?post=8243"}],"curies":[{"name":"wp","href":"https:\/\/api.w.org\/{rel}","templated":true}]}}