{"id":8242,"date":"2014-11-28T09:50:52","date_gmt":"2014-11-28T09:50:52","guid":{"rendered":"http:\/\/termix.net\/?p=1773"},"modified":"2019-11-28T10:16:39","modified_gmt":"2019-11-28T09:16:39","slug":"tributo-la-peluqueria-peruana","status":"publish","type":"post","link":"https:\/\/termix.net\/blog\/es\/tributo-la-peluqueria-peruana\/","title":{"rendered":"Tributo a la peluquer\u00eda peruana"},"content":{"rendered":"<p>&nbsp;<\/p>\n<h1 style=\"text-align: center;\">Tributo a la peluquer\u00eda peruana<\/h1>\n<p style=\"text-align: center;\">Hair Fashion Show 2014<\/p>\n<p style=\"text-align: center;\">Un evento anual donde los 15 estilistas m\u00e1s importantes <strong>del panorama nacional peruano<\/strong> se reunieron para rendir tributo al arte de la peluquer\u00eda.<\/p>\n<h2>Noche de ingenio<\/h2>\n<p>Se convirti\u00f3 en una noche donde la explosi\u00f3n del ingenio, el arte y la creatividad se unieron para ofrecer un espect\u00e1culo \u00fanico y m\u00e1gico\u2026<\/p>\n<p>As\u00ed, el cabello y sus \u00faltimas tendencias, fueron los protagonistas de un encuentro donde m\u00e1s de 1500 profesionales y las mejores marcas se dieron cita en la <strong>discoteca m\u00e1s insigne de Lima<\/strong>, XBio. Pero sin duda, el espect\u00e1culo m\u00e1s esperado de la noche fue el <strong>patrocinado por Termix<\/strong>.<\/p>\n<p>&nbsp;<\/p>\n<h2>El espect\u00e1culo de Termix<\/h2>\n<p>Al comp\u00e1s de un baile de luces y de una est\u00e9tica tribal que fusion\u00f3 la raza africana y peruana, el estilista peruano m\u00e1s influyente en el mercado nacional y con m\u00e1s renombre internacional, Nacho del \u00c1guila, derroch\u00f3 su particular talento sobre el escenario con las <strong>herramientas de peluquer\u00eda<\/strong> Termix. Todos los detalles contribuyeron al \u00e9xito, como el vestuario, creado por la escuela de dise\u00f1o Nina Design, con trajes de pedrer\u00eda y lentejuelas hechos a mano.<\/p>\n<p style=\"text-align: justify;\">Organizada por la <strong>Cosmo Beauty International <\/strong>como broche final de las actividades de 2014 y presentando la feria que se celebrar\u00e1 el 22 y 23 de marzo, no hay duda de que el <strong>Hair Fashion Show<\/strong> fue una noche para no olvidar\u2026<\/p>\n","protected":false},"excerpt":{"rendered":"<p>\t\t\t\tHair Fashion Show 2014, un evento anual donde los 15 estilistas m\u00e1s importantes del panorama nacional peruano se reunieron para rendir tributo al arte de la peluquer\u00eda.\t\t<\/p>\n","protected":false},"author":2,"featured_media":20862,"comment_status":"open","ping_status":"open","sticky":false,"template":"","format":"standard","meta":[],"categories":[6],"tags":[],"yoast_head":"<!-- This site is optimized with the Yoast SEO plugin v20.0 - https:\/\/yoast.com\/wordpress\/plugins\/seo\/ -->\n<title>Tributo a la peluquer\u00eda peruana - Termix<\/title>\n<meta name=\"description\" content=\"Termix patrocin\u00f3 el espect\u00e1culo m\u00e1s esperado en Hair Fashion Show 2014 en Lima, Per\u00fa de las manos del estilista Nacho del \u00c1guila.\" \/>\n<meta name=\"robots\" content=\"noindex, follow\" \/>\n<meta property=\"og:locale\" content=\"es_ES\" \/>\n<meta property=\"og:type\" content=\"article\" \/>\n<meta property=\"og:title\" content=\"Tributo a la peluquer\u00eda peruana - Termix\" \/>\n<meta property=\"og:description\" content=\"Termix patrocin\u00f3 el espect\u00e1culo m\u00e1s esperado en Hair Fashion Show 2014 en Lima, Per\u00fa de las manos del estilista Nacho del \u00c1guila.\" \/>\n<meta property=\"og:url\" content=\"https:\/\/termix.net\/blog\/es\/tributo-la-peluqueria-peruana\/\" \/>\n<meta property=\"og:site_name\" content=\"Blog Termix Spain\" \/>\n<meta property=\"article:published_time\" content=\"2014-11-28T09:50:52+00:00\" \/>\n<meta property=\"article:modified_time\" content=\"2019-11-28T09:16:39+00:00\" \/>\n<meta property=\"og:image\" content=\"https:\/\/termix.net\/blog\/wp-content\/uploads\/2019\/11\/termix-trabaja-con-nosotros.jpg\" \/>\n\t<meta property=\"og:image:width\" content=\"1200\" \/>\n\t<meta property=\"og:image:height\" content=\"1200\" \/>\n\t<meta property=\"og:image:type\" content=\"image\/jpeg\" \/>\n<meta name=\"author\" content=\"TermixTeam\" \/>\n<meta name=\"twitter:card\" content=\"summary_large_image\" \/>\n<meta name=\"twitter:label1\" content=\"Escrito por\" \/>\n\t<meta name=\"twitter:data1\" content=\"TermixTeam\" \/>\n\t<meta name=\"twitter:label2\" content=\"Tiempo de lectura\" \/>\n\t<meta name=\"twitter:data2\" content=\"1 minuto\" \/>\n<script type=\"application\/ld+json\" class=\"yoast-schema-graph\">{\"@context\":\"https:\/\/schema.org\",\"@graph\":[{\"@type\":\"Article\",\"@id\":\"https:\/\/termix.net\/blog\/es\/tributo-la-peluqueria-peruana\/#article\",\"isPartOf\":{\"@id\":\"https:\/\/termix.net\/blog\/es\/tributo-la-peluqueria-peruana\/\"},\"author\":{\"name\":\"TermixTeam\",\"@id\":\"https:\/\/termix.net\/blog\/es\/#\/schema\/person\/9096c98bdf03c8ddf91ad7172f254f40\"},\"headline\":\"Tributo a la peluquer\u00eda peruana\",\"datePublished\":\"2014-11-28T09:50:52+00:00\",\"dateModified\":\"2019-11-28T09:16:39+00:00\",\"mainEntityOfPage\":{\"@id\":\"https:\/\/termix.net\/blog\/es\/tributo-la-peluqueria-peruana\/\"},\"wordCount\":248,\"commentCount\":0,\"publisher\":{\"@id\":\"https:\/\/termix.net\/blog\/es\/#organization\"},\"articleSection\":[\"NOTICIAS\"],\"inLanguage\":\"es\",\"potentialAction\":[{\"@type\":\"CommentAction\",\"name\":\"Comment\",\"target\":[\"https:\/\/termix.net\/blog\/es\/tributo-la-peluqueria-peruana\/#respond\"]}]},{\"@type\":\"WebPage\",\"@id\":\"https:\/\/termix.net\/blog\/es\/tributo-la-peluqueria-peruana\/\",\"url\":\"https:\/\/termix.net\/blog\/es\/tributo-la-peluqueria-peruana\/\",\"name\":\"Tributo a la peluquer\u00eda peruana - Termix\",\"isPartOf\":{\"@id\":\"https:\/\/termix.net\/blog\/es\/#website\"},\"datePublished\":\"2014-11-28T09:50:52+00:00\",\"dateModified\":\"2019-11-28T09:16:39+00:00\",\"description\":\"Termix patrocin\u00f3 el espect\u00e1culo m\u00e1s esperado en Hair Fashion Show 2014 en Lima, Per\u00fa de las manos del estilista Nacho del \u00c1guila.\",\"breadcrumb\":{\"@id\":\"https:\/\/termix.net\/blog\/es\/tributo-la-peluqueria-peruana\/#breadcrumb\"},\"inLanguage\":\"es\",\"potentialAction\":[{\"@type\":\"ReadAction\",\"target\":[\"https:\/\/termix.net\/blog\/es\/tributo-la-peluqueria-peruana\/\"]}]},{\"@type\":\"BreadcrumbList\",\"@id\":\"https:\/\/termix.net\/blog\/es\/tributo-la-peluqueria-peruana\/#breadcrumb\",\"itemListElement\":[{\"@type\":\"ListItem\",\"position\":1,\"name\":\"Home\",\"item\":\"https:\/\/termix.net\/blog\/es\/\"},{\"@type\":\"ListItem\",\"position\":2,\"name\":\"Tributo a la peluquer\u00eda peruana\"}]},{\"@type\":\"WebSite\",\"@id\":\"https:\/\/termix.net\/blog\/es\/#website\",\"url\":\"https:\/\/termix.net\/blog\/es\/\",\"name\":\"Blog Termix Spain\",\"description\":\"Blog de tendencias y productos de peluquer\u00eda profesional.\",\"publisher\":{\"@id\":\"https:\/\/termix.net\/blog\/es\/#organization\"},\"potentialAction\":[{\"@type\":\"SearchAction\",\"target\":{\"@type\":\"EntryPoint\",\"urlTemplate\":\"https:\/\/termix.net\/blog\/es\/?s={search_term_string}\"},\"query-input\":\"required name=search_term_string\"}],\"inLanguage\":\"es\"},{\"@type\":\"Organization\",\"@id\":\"https:\/\/termix.net\/blog\/es\/#organization\",\"name\":\"Dols Industrial de Peluquer\u00eda SA\",\"url\":\"https:\/\/termix.net\/blog\/es\/\",\"logo\":{\"@type\":\"ImageObject\",\"inLanguage\":\"es\",\"@id\":\"https:\/\/termix.net\/blog\/es\/#\/schema\/logo\/image\/\",\"url\":\"https:\/\/termix.net\/blog\/wp-content\/uploads\/2020\/10\/OGbDAeng.jpeg\",\"contentUrl\":\"https:\/\/termix.net\/blog\/wp-content\/uploads\/2020\/10\/OGbDAeng.jpeg\",\"width\":800,\"height\":800,\"caption\":\"Dols Industrial de Peluquer\u00eda SA\"},\"image\":{\"@id\":\"https:\/\/termix.net\/blog\/es\/#\/schema\/logo\/image\/\"}},{\"@type\":\"Person\",\"@id\":\"https:\/\/termix.net\/blog\/es\/#\/schema\/person\/9096c98bdf03c8ddf91ad7172f254f40\",\"name\":\"TermixTeam\",\"image\":{\"@type\":\"ImageObject\",\"inLanguage\":\"es\",\"@id\":\"https:\/\/termix.net\/blog\/es\/#\/schema\/person\/image\/\",\"url\":\"https:\/\/secure.gravatar.com\/avatar\/d89f61f6bd1c29a4acb231736d1c74b3?s=96&d=mm&r=g\",\"contentUrl\":\"https:\/\/secure.gravatar.com\/avatar\/d89f61f6bd1c29a4acb231736d1c74b3?s=96&d=mm&r=g\",\"caption\":\"TermixTeam\"},\"url\":\"https:\/\/termix.net\/blog\/es\/author\/termixteam\/\"}]}<\/script>\n<!-- \/ Yoast SEO plugin. -->","yoast_head_json":{"title":"Tributo a la peluquer\u00eda peruana - Termix","description":"Termix patrocin\u00f3 el espect\u00e1culo m\u00e1s esperado en Hair Fashion Show 2014 en Lima, Per\u00fa de las manos del estilista Nacho del \u00c1guila.","robots":{"index":"noindex","follow":"follow"},"og_locale":"es_ES","og_type":"article","og_title":"Tributo a la peluquer\u00eda peruana - Termix","og_description":"Termix patrocin\u00f3 el espect\u00e1culo m\u00e1s esperado en Hair Fashion Show 2014 en Lima, Per\u00fa de las manos del estilista Nacho del \u00c1guila.","og_url":"https:\/\/termix.net\/blog\/es\/tributo-la-peluqueria-peruana\/","og_site_name":"Blog Termix Spain","article_published_time":"2014-11-28T09:50:52+00:00","article_modified_time":"2019-11-28T09:16:39+00:00","og_image":[{"width":1200,"height":1200,"url":"https:\/\/termix.net\/blog\/wp-content\/uploads\/2019\/11\/termix-trabaja-con-nosotros.jpg","type":"image\/jpeg"}],"author":"TermixTeam","twitter_card":"summary_large_image","twitter_misc":{"Escrito por":"TermixTeam","Tiempo de lectura":"1 minuto"},"schema":{"@context":"https:\/\/schema.org","@graph":[{"@type":"Article","@id":"https:\/\/termix.net\/blog\/es\/tributo-la-peluqueria-peruana\/#article","isPartOf":{"@id":"https:\/\/termix.net\/blog\/es\/tributo-la-peluqueria-peruana\/"},"author":{"name":"TermixTeam","@id":"https:\/\/termix.net\/blog\/es\/#\/schema\/person\/9096c98bdf03c8ddf91ad7172f254f40"},"headline":"Tributo a la peluquer\u00eda peruana","datePublished":"2014-11-28T09:50:52+00:00","dateModified":"2019-11-28T09:16:39+00:00","mainEntityOfPage":{"@id":"https:\/\/termix.net\/blog\/es\/tributo-la-peluqueria-peruana\/"},"wordCount":248,"commentCount":0,"publisher":{"@id":"https:\/\/termix.net\/blog\/es\/#organization"},"articleSection":["NOTICIAS"],"inLanguage":"es","potentialAction":[{"@type":"CommentAction","name":"Comment","target":["https:\/\/termix.net\/blog\/es\/tributo-la-peluqueria-peruana\/#respond"]}]},{"@type":"WebPage","@id":"https:\/\/termix.net\/blog\/es\/tributo-la-peluqueria-peruana\/","url":"https:\/\/termix.net\/blog\/es\/tributo-la-peluqueria-peruana\/","name":"Tributo a la peluquer\u00eda peruana - Termix","isPartOf":{"@id":"https:\/\/termix.net\/blog\/es\/#website"},"datePublished":"2014-11-28T09:50:52+00:00","dateModified":"2019-11-28T09:16:39+00:00","description":"Termix patrocin\u00f3 el espect\u00e1culo m\u00e1s esperado en Hair Fashion Show 2014 en Lima, Per\u00fa de las manos del estilista Nacho del \u00c1guila.","breadcrumb":{"@id":"https:\/\/termix.net\/blog\/es\/tributo-la-peluqueria-peruana\/#breadcrumb"},"inLanguage":"es","potentialAction":[{"@type":"ReadAction","target":["https:\/\/termix.net\/blog\/es\/tributo-la-peluqueria-peruana\/"]}]},{"@type":"BreadcrumbList","@id":"https:\/\/termix.net\/blog\/es\/tributo-la-peluqueria-peruana\/#breadcrumb","itemListElement":[{"@type":"ListItem","position":1,"name":"Home","item":"https:\/\/termix.net\/blog\/es\/"},{"@type":"ListItem","position":2,"name":"Tributo a la peluquer\u00eda peruana"}]},{"@type":"WebSite","@id":"https:\/\/termix.net\/blog\/es\/#website","url":"https:\/\/termix.net\/blog\/es\/","name":"Blog Termix Spain","description":"Blog de tendencias y productos de peluquer\u00eda profesional.","publisher":{"@id":"https:\/\/termix.net\/blog\/es\/#organization"},"potentialAction":[{"@type":"SearchAction","target":{"@type":"EntryPoint","urlTemplate":"https:\/\/termix.net\/blog\/es\/?s={search_term_string}"},"query-input":"required name=search_term_string"}],"inLanguage":"es"},{"@type":"Organization","@id":"https:\/\/termix.net\/blog\/es\/#organization","name":"Dols Industrial de Peluquer\u00eda SA","url":"https:\/\/termix.net\/blog\/es\/","logo":{"@type":"ImageObject","inLanguage":"es","@id":"https:\/\/termix.net\/blog\/es\/#\/schema\/logo\/image\/","url":"https:\/\/termix.net\/blog\/wp-content\/uploads\/2020\/10\/OGbDAeng.jpeg","contentUrl":"https:\/\/termix.net\/blog\/wp-content\/uploads\/2020\/10\/OGbDAeng.jpeg","width":800,"height":800,"caption":"Dols Industrial de Peluquer\u00eda SA"},"image":{"@id":"https:\/\/termix.net\/blog\/es\/#\/schema\/logo\/image\/"}},{"@type":"Person","@id":"https:\/\/termix.net\/blog\/es\/#\/schema\/person\/9096c98bdf03c8ddf91ad7172f254f40","name":"TermixTeam","image":{"@type":"ImageObject","inLanguage":"es","@id":"https:\/\/termix.net\/blog\/es\/#\/schema\/person\/image\/","url":"https:\/\/secure.gravatar.com\/avatar\/d89f61f6bd1c29a4acb231736d1c74b3?s=96&d=mm&r=g","contentUrl":"https:\/\/secure.gravatar.com\/avatar\/d89f61f6bd1c29a4acb231736d1c74b3?s=96&d=mm&r=g","caption":"TermixTeam"},"url":"https:\/\/termix.net\/blog\/es\/author\/termixteam\/"}]}},"_links":{"self":[{"href":"https:\/\/termix.net\/blog\/es\/wp-json\/wp\/v2\/posts\/8242"}],"collection":[{"href":"https:\/\/termix.net\/blog\/es\/wp-json\/wp\/v2\/posts"}],"about":[{"href":"https:\/\/termix.net\/blog\/es\/wp-json\/wp\/v2\/types\/post"}],"author":[{"embeddable":true,"href":"https:\/\/termix.net\/blog\/es\/wp-json\/wp\/v2\/users\/2"}],"replies":[{"embeddable":true,"href":"https:\/\/termix.net\/blog\/es\/wp-json\/wp\/v2\/comments?post=8242"}],"version-history":[{"count":2,"href":"https:\/\/termix.net\/blog\/es\/wp-json\/wp\/v2\/posts\/8242\/revisions"}],"predecessor-version":[{"id":21484,"href":"https:\/\/termix.net\/blog\/es\/wp-json\/wp\/v2\/posts\/8242\/revisions\/21484"}],"wp:featuredmedia":[{"embeddable":true,"href":"https:\/\/termix.net\/blog\/es\/wp-json\/wp\/v2\/media\/20862"}],"wp:attachment":[{"href":"https:\/\/termix.net\/blog\/es\/wp-json\/wp\/v2\/media?parent=8242"}],"wp:term":[{"taxonomy":"category","embeddable":true,"href":"https:\/\/termix.net\/blog\/es\/wp-json\/wp\/v2\/categories?post=8242"},{"taxonomy":"post_tag","embeddable":true,"href":"https:\/\/termix.net\/blog\/es\/wp-json\/wp\/v2\/tags?post=8242"}],"curies":[{"name":"wp","href":"https:\/\/api.w.org\/{rel}","templated":true}]}}