{"id":8241,"date":"2014-11-28T09:35:30","date_gmt":"2014-11-28T09:35:30","guid":{"rendered":"http:\/\/termix.net\/?p=1763"},"modified":"2019-11-28T09:47:42","modified_gmt":"2019-11-28T08:47:42","slug":"te-pierdas-salon-look-2014","status":"publish","type":"post","link":"https:\/\/termix.net\/blog\/es\/te-pierdas-salon-look-2014\/","title":{"rendered":"No te pierdas Sal\u00f3n Look 2014"},"content":{"rendered":"<h1 style=\"text-align: center;\"><\/h1>\n<h1 style=\"text-align: center;\">No te pierdas Sal\u00f3n Look 2014<\/h1>\n<p style=\"text-align: center;\">Empieza la cuenta atr\u00e1s para celebrar la feria de belleza e imagen m\u00e1s importante de Espa\u00f1a. Sal\u00f3n Look Internacional 2014 se prepara para abrir sus puertas los pr\u00f3ximos d\u00edas 17, 18 y 19 de octubre en Madrid y convertirse as\u00ed en el epicentro de las \u00faltimas tendencias del sector.<\/p>\n<p>&nbsp;<\/p>\n<h2>17\u00aa edici\u00f3n de <strong>Sal\u00f3n Look<\/strong><strong>\u00a0<\/strong><\/h2>\n<p>Un encuentro d\u00f3nde, un a\u00f1o m\u00e1s, Termix har\u00e1 las delicias de sus visitantes con un stand innovador que aglutinar\u00e1 en sus 84 m2 todas las novedades y lanzamientos para esta temporada, que adem\u00e1s se podr\u00e1n adquirir con descuentos y promociones especiales.\u00a0 Y como siempre, habr\u00e1 regalos y sorpresas para todos\u2026<\/p>\n<p style=\"text-align: justify;\">En su 17\u00aa edici\u00f3n, <strong>Sal\u00f3n Look<\/strong><strong>\u00a0contar\u00e1 con el estreno de pabellones<\/strong>: el pabell\u00f3n 12, dedicado a la est\u00e9tica, y el pabell\u00f3n 14, dedicado \u00edntegramente a la peluquer\u00eda. Adem\u00e1s, tendr\u00e1n lugar demostraciones y actividades non-stop, formaciones y seminarios, as\u00ed como pasarelas tan prestigiosas como la Pasarela F\u00edgaro, que pondr\u00e1 el broche de oro a la Feria.<\/p>\n<h2 style=\"text-align: justify;\"><strong>\u00a1No te quedes sin tu entrada!<\/strong><\/h2>\n<p style=\"text-align: justify;\">No olvides de visitarnos a nuestro\u00a0<strong>stand<\/strong><strong>\u00a014C09 del pabell\u00f3n 14<\/strong> y vive con\u00a0<strong>Termix <\/strong>\u00a1una experiencia inolvidable!<\/p>\n<p style=\"text-align: justify;\">\u00bfNos acompa\u00f1as?<\/p>\n","protected":false},"excerpt":{"rendered":"<p>\t\t\t\tSal\u00f3n Look Internacional 2014 se prepara para abrir sus puertas los pr\u00f3ximos d\u00edas 17, 18 y 19 de octubre en Madrid. Empieza la cuenta atr\u00e1s para celebrar la feria de belleza e imagen m\u00e1s importante de Espa\u00f1a.\t\t<\/p>\n","protected":false},"author":2,"featured_media":21377,"comment_status":"open","ping_status":"open","sticky":false,"template":"","format":"standard","meta":[],"categories":[6],"tags":[],"yoast_head":"<!-- This site is optimized with the Yoast SEO plugin v20.0 - https:\/\/yoast.com\/wordpress\/plugins\/seo\/ -->\n<title>No te pierdas Sal\u00f3n Look 2014 - Termix<\/title>\n<meta name=\"description\" content=\"Termix participar\u00e1 un a\u00f1o m\u00e1s en Sal\u00f3n Look Internacional 2014, la feria de belleza e imagen m\u00e1s importante de Espa\u00f1a.\" \/>\n<meta name=\"robots\" content=\"noindex, follow\" \/>\n<meta property=\"og:locale\" content=\"es_ES\" \/>\n<meta property=\"og:type\" content=\"article\" \/>\n<meta property=\"og:title\" content=\"No te pierdas Sal\u00f3n Look 2014 - Termix\" \/>\n<meta property=\"og:description\" content=\"Termix participar\u00e1 un a\u00f1o m\u00e1s en Sal\u00f3n Look Internacional 2014, la feria de belleza e imagen m\u00e1s importante de Espa\u00f1a.\" \/>\n<meta property=\"og:url\" content=\"https:\/\/termix.net\/blog\/es\/te-pierdas-salon-look-2014\/\" \/>\n<meta property=\"og:site_name\" content=\"Blog Termix Spain\" \/>\n<meta property=\"article:published_time\" content=\"2014-11-28T09:35:30+00:00\" \/>\n<meta property=\"article:modified_time\" content=\"2019-11-28T08:47:42+00:00\" \/>\n<meta property=\"og:image\" content=\"https:\/\/termix.net\/blog\/wp-content\/uploads\/2019\/10\/SALONLOOK_FOTO1.jpg\" \/>\n\t<meta property=\"og:image:width\" content=\"1160\" \/>\n\t<meta property=\"og:image:height\" content=\"660\" \/>\n\t<meta property=\"og:image:type\" content=\"image\/jpeg\" \/>\n<meta name=\"author\" content=\"TermixTeam\" \/>\n<meta name=\"twitter:card\" content=\"summary_large_image\" \/>\n<meta name=\"twitter:label1\" content=\"Escrito por\" \/>\n\t<meta name=\"twitter:data1\" content=\"TermixTeam\" \/>\n\t<meta name=\"twitter:label2\" content=\"Tiempo de lectura\" \/>\n\t<meta name=\"twitter:data2\" content=\"1 minuto\" \/>\n<script type=\"application\/ld+json\" class=\"yoast-schema-graph\">{\"@context\":\"https:\/\/schema.org\",\"@graph\":[{\"@type\":\"Article\",\"@id\":\"https:\/\/termix.net\/blog\/es\/te-pierdas-salon-look-2014\/#article\",\"isPartOf\":{\"@id\":\"https:\/\/termix.net\/blog\/es\/te-pierdas-salon-look-2014\/\"},\"author\":{\"name\":\"TermixTeam\",\"@id\":\"https:\/\/termix.net\/blog\/es\/#\/schema\/person\/9096c98bdf03c8ddf91ad7172f254f40\"},\"headline\":\"No te pierdas Sal\u00f3n Look 2014\",\"datePublished\":\"2014-11-28T09:35:30+00:00\",\"dateModified\":\"2019-11-28T08:47:42+00:00\",\"mainEntityOfPage\":{\"@id\":\"https:\/\/termix.net\/blog\/es\/te-pierdas-salon-look-2014\/\"},\"wordCount\":213,\"commentCount\":0,\"publisher\":{\"@id\":\"https:\/\/termix.net\/blog\/es\/#organization\"},\"articleSection\":[\"NOTICIAS\"],\"inLanguage\":\"es\",\"potentialAction\":[{\"@type\":\"CommentAction\",\"name\":\"Comment\",\"target\":[\"https:\/\/termix.net\/blog\/es\/te-pierdas-salon-look-2014\/#respond\"]}]},{\"@type\":\"WebPage\",\"@id\":\"https:\/\/termix.net\/blog\/es\/te-pierdas-salon-look-2014\/\",\"url\":\"https:\/\/termix.net\/blog\/es\/te-pierdas-salon-look-2014\/\",\"name\":\"No te pierdas Sal\u00f3n Look 2014 - Termix\",\"isPartOf\":{\"@id\":\"https:\/\/termix.net\/blog\/es\/#website\"},\"datePublished\":\"2014-11-28T09:35:30+00:00\",\"dateModified\":\"2019-11-28T08:47:42+00:00\",\"description\":\"Termix participar\u00e1 un a\u00f1o m\u00e1s en Sal\u00f3n Look Internacional 2014, la feria de belleza e imagen m\u00e1s importante de Espa\u00f1a.\",\"breadcrumb\":{\"@id\":\"https:\/\/termix.net\/blog\/es\/te-pierdas-salon-look-2014\/#breadcrumb\"},\"inLanguage\":\"es\",\"potentialAction\":[{\"@type\":\"ReadAction\",\"target\":[\"https:\/\/termix.net\/blog\/es\/te-pierdas-salon-look-2014\/\"]}]},{\"@type\":\"BreadcrumbList\",\"@id\":\"https:\/\/termix.net\/blog\/es\/te-pierdas-salon-look-2014\/#breadcrumb\",\"itemListElement\":[{\"@type\":\"ListItem\",\"position\":1,\"name\":\"Home\",\"item\":\"https:\/\/termix.net\/blog\/es\/\"},{\"@type\":\"ListItem\",\"position\":2,\"name\":\"No te pierdas Sal\u00f3n Look 2014\"}]},{\"@type\":\"WebSite\",\"@id\":\"https:\/\/termix.net\/blog\/es\/#website\",\"url\":\"https:\/\/termix.net\/blog\/es\/\",\"name\":\"Blog Termix Spain\",\"description\":\"Blog de tendencias y productos de peluquer\u00eda profesional.\",\"publisher\":{\"@id\":\"https:\/\/termix.net\/blog\/es\/#organization\"},\"potentialAction\":[{\"@type\":\"SearchAction\",\"target\":{\"@type\":\"EntryPoint\",\"urlTemplate\":\"https:\/\/termix.net\/blog\/es\/?s={search_term_string}\"},\"query-input\":\"required name=search_term_string\"}],\"inLanguage\":\"es\"},{\"@type\":\"Organization\",\"@id\":\"https:\/\/termix.net\/blog\/es\/#organization\",\"name\":\"Dols Industrial de Peluquer\u00eda SA\",\"url\":\"https:\/\/termix.net\/blog\/es\/\",\"logo\":{\"@type\":\"ImageObject\",\"inLanguage\":\"es\",\"@id\":\"https:\/\/termix.net\/blog\/es\/#\/schema\/logo\/image\/\",\"url\":\"https:\/\/termix.net\/blog\/wp-content\/uploads\/2020\/10\/OGbDAeng.jpeg\",\"contentUrl\":\"https:\/\/termix.net\/blog\/wp-content\/uploads\/2020\/10\/OGbDAeng.jpeg\",\"width\":800,\"height\":800,\"caption\":\"Dols Industrial de Peluquer\u00eda SA\"},\"image\":{\"@id\":\"https:\/\/termix.net\/blog\/es\/#\/schema\/logo\/image\/\"}},{\"@type\":\"Person\",\"@id\":\"https:\/\/termix.net\/blog\/es\/#\/schema\/person\/9096c98bdf03c8ddf91ad7172f254f40\",\"name\":\"TermixTeam\",\"image\":{\"@type\":\"ImageObject\",\"inLanguage\":\"es\",\"@id\":\"https:\/\/termix.net\/blog\/es\/#\/schema\/person\/image\/\",\"url\":\"https:\/\/secure.gravatar.com\/avatar\/d89f61f6bd1c29a4acb231736d1c74b3?s=96&d=mm&r=g\",\"contentUrl\":\"https:\/\/secure.gravatar.com\/avatar\/d89f61f6bd1c29a4acb231736d1c74b3?s=96&d=mm&r=g\",\"caption\":\"TermixTeam\"},\"url\":\"https:\/\/termix.net\/blog\/es\/author\/termixteam\/\"}]}<\/script>\n<!-- \/ Yoast SEO plugin. -->","yoast_head_json":{"title":"No te pierdas Sal\u00f3n Look 2014 - Termix","description":"Termix participar\u00e1 un a\u00f1o m\u00e1s en Sal\u00f3n Look Internacional 2014, la feria de belleza e imagen m\u00e1s importante de Espa\u00f1a.","robots":{"index":"noindex","follow":"follow"},"og_locale":"es_ES","og_type":"article","og_title":"No te pierdas Sal\u00f3n Look 2014 - Termix","og_description":"Termix participar\u00e1 un a\u00f1o m\u00e1s en Sal\u00f3n Look Internacional 2014, la feria de belleza e imagen m\u00e1s importante de Espa\u00f1a.","og_url":"https:\/\/termix.net\/blog\/es\/te-pierdas-salon-look-2014\/","og_site_name":"Blog Termix Spain","article_published_time":"2014-11-28T09:35:30+00:00","article_modified_time":"2019-11-28T08:47:42+00:00","og_image":[{"width":1160,"height":660,"url":"https:\/\/termix.net\/blog\/wp-content\/uploads\/2019\/10\/SALONLOOK_FOTO1.jpg","type":"image\/jpeg"}],"author":"TermixTeam","twitter_card":"summary_large_image","twitter_misc":{"Escrito por":"TermixTeam","Tiempo de lectura":"1 minuto"},"schema":{"@context":"https:\/\/schema.org","@graph":[{"@type":"Article","@id":"https:\/\/termix.net\/blog\/es\/te-pierdas-salon-look-2014\/#article","isPartOf":{"@id":"https:\/\/termix.net\/blog\/es\/te-pierdas-salon-look-2014\/"},"author":{"name":"TermixTeam","@id":"https:\/\/termix.net\/blog\/es\/#\/schema\/person\/9096c98bdf03c8ddf91ad7172f254f40"},"headline":"No te pierdas Sal\u00f3n Look 2014","datePublished":"2014-11-28T09:35:30+00:00","dateModified":"2019-11-28T08:47:42+00:00","mainEntityOfPage":{"@id":"https:\/\/termix.net\/blog\/es\/te-pierdas-salon-look-2014\/"},"wordCount":213,"commentCount":0,"publisher":{"@id":"https:\/\/termix.net\/blog\/es\/#organization"},"articleSection":["NOTICIAS"],"inLanguage":"es","potentialAction":[{"@type":"CommentAction","name":"Comment","target":["https:\/\/termix.net\/blog\/es\/te-pierdas-salon-look-2014\/#respond"]}]},{"@type":"WebPage","@id":"https:\/\/termix.net\/blog\/es\/te-pierdas-salon-look-2014\/","url":"https:\/\/termix.net\/blog\/es\/te-pierdas-salon-look-2014\/","name":"No te pierdas Sal\u00f3n Look 2014 - Termix","isPartOf":{"@id":"https:\/\/termix.net\/blog\/es\/#website"},"datePublished":"2014-11-28T09:35:30+00:00","dateModified":"2019-11-28T08:47:42+00:00","description":"Termix participar\u00e1 un a\u00f1o m\u00e1s en Sal\u00f3n Look Internacional 2014, la feria de belleza e imagen m\u00e1s importante de Espa\u00f1a.","breadcrumb":{"@id":"https:\/\/termix.net\/blog\/es\/te-pierdas-salon-look-2014\/#breadcrumb"},"inLanguage":"es","potentialAction":[{"@type":"ReadAction","target":["https:\/\/termix.net\/blog\/es\/te-pierdas-salon-look-2014\/"]}]},{"@type":"BreadcrumbList","@id":"https:\/\/termix.net\/blog\/es\/te-pierdas-salon-look-2014\/#breadcrumb","itemListElement":[{"@type":"ListItem","position":1,"name":"Home","item":"https:\/\/termix.net\/blog\/es\/"},{"@type":"ListItem","position":2,"name":"No te pierdas Sal\u00f3n Look 2014"}]},{"@type":"WebSite","@id":"https:\/\/termix.net\/blog\/es\/#website","url":"https:\/\/termix.net\/blog\/es\/","name":"Blog Termix Spain","description":"Blog de tendencias y productos de peluquer\u00eda profesional.","publisher":{"@id":"https:\/\/termix.net\/blog\/es\/#organization"},"potentialAction":[{"@type":"SearchAction","target":{"@type":"EntryPoint","urlTemplate":"https:\/\/termix.net\/blog\/es\/?s={search_term_string}"},"query-input":"required name=search_term_string"}],"inLanguage":"es"},{"@type":"Organization","@id":"https:\/\/termix.net\/blog\/es\/#organization","name":"Dols Industrial de Peluquer\u00eda SA","url":"https:\/\/termix.net\/blog\/es\/","logo":{"@type":"ImageObject","inLanguage":"es","@id":"https:\/\/termix.net\/blog\/es\/#\/schema\/logo\/image\/","url":"https:\/\/termix.net\/blog\/wp-content\/uploads\/2020\/10\/OGbDAeng.jpeg","contentUrl":"https:\/\/termix.net\/blog\/wp-content\/uploads\/2020\/10\/OGbDAeng.jpeg","width":800,"height":800,"caption":"Dols Industrial de Peluquer\u00eda SA"},"image":{"@id":"https:\/\/termix.net\/blog\/es\/#\/schema\/logo\/image\/"}},{"@type":"Person","@id":"https:\/\/termix.net\/blog\/es\/#\/schema\/person\/9096c98bdf03c8ddf91ad7172f254f40","name":"TermixTeam","image":{"@type":"ImageObject","inLanguage":"es","@id":"https:\/\/termix.net\/blog\/es\/#\/schema\/person\/image\/","url":"https:\/\/secure.gravatar.com\/avatar\/d89f61f6bd1c29a4acb231736d1c74b3?s=96&d=mm&r=g","contentUrl":"https:\/\/secure.gravatar.com\/avatar\/d89f61f6bd1c29a4acb231736d1c74b3?s=96&d=mm&r=g","caption":"TermixTeam"},"url":"https:\/\/termix.net\/blog\/es\/author\/termixteam\/"}]}},"_links":{"self":[{"href":"https:\/\/termix.net\/blog\/es\/wp-json\/wp\/v2\/posts\/8241"}],"collection":[{"href":"https:\/\/termix.net\/blog\/es\/wp-json\/wp\/v2\/posts"}],"about":[{"href":"https:\/\/termix.net\/blog\/es\/wp-json\/wp\/v2\/types\/post"}],"author":[{"embeddable":true,"href":"https:\/\/termix.net\/blog\/es\/wp-json\/wp\/v2\/users\/2"}],"replies":[{"embeddable":true,"href":"https:\/\/termix.net\/blog\/es\/wp-json\/wp\/v2\/comments?post=8241"}],"version-history":[{"count":2,"href":"https:\/\/termix.net\/blog\/es\/wp-json\/wp\/v2\/posts\/8241\/revisions"}],"predecessor-version":[{"id":21482,"href":"https:\/\/termix.net\/blog\/es\/wp-json\/wp\/v2\/posts\/8241\/revisions\/21482"}],"wp:featuredmedia":[{"embeddable":true,"href":"https:\/\/termix.net\/blog\/es\/wp-json\/wp\/v2\/media\/21377"}],"wp:attachment":[{"href":"https:\/\/termix.net\/blog\/es\/wp-json\/wp\/v2\/media?parent=8241"}],"wp:term":[{"taxonomy":"category","embeddable":true,"href":"https:\/\/termix.net\/blog\/es\/wp-json\/wp\/v2\/categories?post=8241"},{"taxonomy":"post_tag","embeddable":true,"href":"https:\/\/termix.net\/blog\/es\/wp-json\/wp\/v2\/tags?post=8241"}],"curies":[{"name":"wp","href":"https:\/\/api.w.org\/{rel}","templated":true}]}}