{"id":8239,"date":"2014-11-28T09:11:10","date_gmt":"2014-11-28T09:11:10","guid":{"rendered":"http:\/\/termix.net\/?p=1740"},"modified":"2019-11-28T09:39:44","modified_gmt":"2019-11-28T08:39:44","slug":"termix-celebra-con-beauty-fair-brasil","status":"publish","type":"post","link":"https:\/\/termix.net\/blog\/es\/termix-celebra-con-beauty-fair-brasil\/","title":{"rendered":"Termix celebra su d\u00e9cimo aniversario con Beauty Fair Brasil"},"content":{"rendered":"<h1 style=\"text-align: center;\">Termix en el d\u00e9cimo aniversario de Beauty Fair Brasil<\/h1>\n<p style=\"text-align: center;\">Del 6 al 9 de septiembre,\u00a0\u00a0\u00a1Destino Brasil\u00a0 Beauty Fair 201<em>4!<\/em><\/p>\n<p>&nbsp;<\/p>\n<p style=\"text-align: justify;\">\u00a0Termix ha vuelto a hacer las maletas para asistir junto con nuestro distribuidor al segundo mayor evento del sector de la belleza en el mundo, que este a\u00f1o adem\u00e1s, ha soplado velas para celebrar su d\u00e9cimo aniversario.<\/p>\n<p style=\"text-align: justify;\">As\u00ed, tras 10 a\u00f1os de andadura, <strong>Sao Paulo<\/strong> se ha convertido en el perfecto anfitri\u00f3n de profesionales y empresarios del sector dispuestos a conocer y presentar sus productos, y entre los que Termix no pod\u00eda faltar como fabricante l\u00edder de cepillos de pelo y otros utensilios de peluquer\u00eda.<\/p>\n<p style=\"text-align: justify;\">Beauty Fair 2014 ha superado con creces los m\u00e1s de 145.000 visitantes de la anterior edici\u00f3n con una programaci\u00f3n cargada de espect\u00e1culos, demostraciones y sorpresas. M\u00e1s de 50 eventos simult\u00e1neos en <strong>cabello, manicura, maquillaje y est\u00e9tica<\/strong> que han hecho de esta cita anual un evento de renovado \u00e9xito.<\/p>\n","protected":false},"excerpt":{"rendered":"<p>\t\t\t\tDel 6 al 9 de septiembre,  \u00a1Destino Brasil  Beauty Fair 2014!  Termix ha vuelto a hacer las maletas para asistir junto con nuestro distribuidor al segundo mayor evento del sector de la belleza en el mundo.\t\t<\/p>\n","protected":false},"author":2,"featured_media":20830,"comment_status":"open","ping_status":"open","sticky":false,"template":"","format":"standard","meta":[],"categories":[6],"tags":[],"yoast_head":"<!-- This site is optimized with the Yoast SEO plugin v20.0 - https:\/\/yoast.com\/wordpress\/plugins\/seo\/ -->\n<title>Termix celebra con Beauty Fair Brasil - Termix<\/title>\n<meta name=\"description\" content=\"Termix asiste al segundo mayor evento del sector de la belleza en el mundo, Beauty Fiar Brasil en Sao Paulo en su d\u00e9cimo aniversario.\" \/>\n<meta name=\"robots\" content=\"noindex, follow\" \/>\n<meta property=\"og:locale\" content=\"es_ES\" \/>\n<meta property=\"og:type\" content=\"article\" \/>\n<meta property=\"og:title\" content=\"Termix celebra con Beauty Fair Brasil - Termix\" \/>\n<meta property=\"og:description\" content=\"Termix asiste al segundo mayor evento del sector de la belleza en el mundo, Beauty Fiar Brasil en Sao Paulo en su d\u00e9cimo aniversario.\" \/>\n<meta property=\"og:url\" content=\"https:\/\/termix.net\/blog\/es\/termix-celebra-con-beauty-fair-brasil\/\" \/>\n<meta property=\"og:site_name\" content=\"Blog Termix Spain\" \/>\n<meta property=\"article:published_time\" content=\"2014-11-28T09:11:10+00:00\" \/>\n<meta property=\"article:modified_time\" content=\"2019-11-28T08:39:44+00:00\" \/>\n<meta property=\"og:image\" content=\"https:\/\/termix.net\/blog\/wp-content\/uploads\/2019\/11\/contacta-con-nosotros-preguntas.jpg\" \/>\n\t<meta property=\"og:image:width\" content=\"1200\" \/>\n\t<meta property=\"og:image:height\" content=\"1200\" \/>\n\t<meta property=\"og:image:type\" content=\"image\/jpeg\" \/>\n<meta name=\"author\" content=\"TermixTeam\" \/>\n<meta name=\"twitter:card\" content=\"summary_large_image\" \/>\n<meta name=\"twitter:label1\" content=\"Escrito por\" \/>\n\t<meta name=\"twitter:data1\" content=\"TermixTeam\" \/>\n\t<meta name=\"twitter:label2\" content=\"Tiempo de lectura\" \/>\n\t<meta name=\"twitter:data2\" content=\"1 minuto\" \/>\n<script type=\"application\/ld+json\" class=\"yoast-schema-graph\">{\"@context\":\"https:\/\/schema.org\",\"@graph\":[{\"@type\":\"Article\",\"@id\":\"https:\/\/termix.net\/blog\/es\/termix-celebra-con-beauty-fair-brasil\/#article\",\"isPartOf\":{\"@id\":\"https:\/\/termix.net\/blog\/es\/termix-celebra-con-beauty-fair-brasil\/\"},\"author\":{\"name\":\"TermixTeam\",\"@id\":\"https:\/\/termix.net\/blog\/es\/#\/schema\/person\/9096c98bdf03c8ddf91ad7172f254f40\"},\"headline\":\"Termix celebra su d\u00e9cimo aniversario con Beauty Fair Brasil\",\"datePublished\":\"2014-11-28T09:11:10+00:00\",\"dateModified\":\"2019-11-28T08:39:44+00:00\",\"mainEntityOfPage\":{\"@id\":\"https:\/\/termix.net\/blog\/es\/termix-celebra-con-beauty-fair-brasil\/\"},\"wordCount\":173,\"commentCount\":0,\"publisher\":{\"@id\":\"https:\/\/termix.net\/blog\/es\/#organization\"},\"articleSection\":[\"NOTICIAS\"],\"inLanguage\":\"es\",\"potentialAction\":[{\"@type\":\"CommentAction\",\"name\":\"Comment\",\"target\":[\"https:\/\/termix.net\/blog\/es\/termix-celebra-con-beauty-fair-brasil\/#respond\"]}]},{\"@type\":\"WebPage\",\"@id\":\"https:\/\/termix.net\/blog\/es\/termix-celebra-con-beauty-fair-brasil\/\",\"url\":\"https:\/\/termix.net\/blog\/es\/termix-celebra-con-beauty-fair-brasil\/\",\"name\":\"Termix celebra con Beauty Fair Brasil - Termix\",\"isPartOf\":{\"@id\":\"https:\/\/termix.net\/blog\/es\/#website\"},\"datePublished\":\"2014-11-28T09:11:10+00:00\",\"dateModified\":\"2019-11-28T08:39:44+00:00\",\"description\":\"Termix asiste al segundo mayor evento del sector de la belleza en el mundo, Beauty Fiar Brasil en Sao Paulo en su d\u00e9cimo aniversario.\",\"breadcrumb\":{\"@id\":\"https:\/\/termix.net\/blog\/es\/termix-celebra-con-beauty-fair-brasil\/#breadcrumb\"},\"inLanguage\":\"es\",\"potentialAction\":[{\"@type\":\"ReadAction\",\"target\":[\"https:\/\/termix.net\/blog\/es\/termix-celebra-con-beauty-fair-brasil\/\"]}]},{\"@type\":\"BreadcrumbList\",\"@id\":\"https:\/\/termix.net\/blog\/es\/termix-celebra-con-beauty-fair-brasil\/#breadcrumb\",\"itemListElement\":[{\"@type\":\"ListItem\",\"position\":1,\"name\":\"Home\",\"item\":\"https:\/\/termix.net\/blog\/es\/\"},{\"@type\":\"ListItem\",\"position\":2,\"name\":\"Termix celebra su d\u00e9cimo aniversario con Beauty Fair Brasil\"}]},{\"@type\":\"WebSite\",\"@id\":\"https:\/\/termix.net\/blog\/es\/#website\",\"url\":\"https:\/\/termix.net\/blog\/es\/\",\"name\":\"Blog Termix Spain\",\"description\":\"Blog de tendencias y productos de peluquer\u00eda profesional.\",\"publisher\":{\"@id\":\"https:\/\/termix.net\/blog\/es\/#organization\"},\"potentialAction\":[{\"@type\":\"SearchAction\",\"target\":{\"@type\":\"EntryPoint\",\"urlTemplate\":\"https:\/\/termix.net\/blog\/es\/?s={search_term_string}\"},\"query-input\":\"required name=search_term_string\"}],\"inLanguage\":\"es\"},{\"@type\":\"Organization\",\"@id\":\"https:\/\/termix.net\/blog\/es\/#organization\",\"name\":\"Dols Industrial de Peluquer\u00eda SA\",\"url\":\"https:\/\/termix.net\/blog\/es\/\",\"logo\":{\"@type\":\"ImageObject\",\"inLanguage\":\"es\",\"@id\":\"https:\/\/termix.net\/blog\/es\/#\/schema\/logo\/image\/\",\"url\":\"https:\/\/termix.net\/blog\/wp-content\/uploads\/2020\/10\/OGbDAeng.jpeg\",\"contentUrl\":\"https:\/\/termix.net\/blog\/wp-content\/uploads\/2020\/10\/OGbDAeng.jpeg\",\"width\":800,\"height\":800,\"caption\":\"Dols Industrial de Peluquer\u00eda SA\"},\"image\":{\"@id\":\"https:\/\/termix.net\/blog\/es\/#\/schema\/logo\/image\/\"}},{\"@type\":\"Person\",\"@id\":\"https:\/\/termix.net\/blog\/es\/#\/schema\/person\/9096c98bdf03c8ddf91ad7172f254f40\",\"name\":\"TermixTeam\",\"image\":{\"@type\":\"ImageObject\",\"inLanguage\":\"es\",\"@id\":\"https:\/\/termix.net\/blog\/es\/#\/schema\/person\/image\/\",\"url\":\"https:\/\/secure.gravatar.com\/avatar\/d89f61f6bd1c29a4acb231736d1c74b3?s=96&d=mm&r=g\",\"contentUrl\":\"https:\/\/secure.gravatar.com\/avatar\/d89f61f6bd1c29a4acb231736d1c74b3?s=96&d=mm&r=g\",\"caption\":\"TermixTeam\"},\"url\":\"https:\/\/termix.net\/blog\/es\/author\/termixteam\/\"}]}<\/script>\n<!-- \/ Yoast SEO plugin. -->","yoast_head_json":{"title":"Termix celebra con Beauty Fair Brasil - Termix","description":"Termix asiste al segundo mayor evento del sector de la belleza en el mundo, Beauty Fiar Brasil en Sao Paulo en su d\u00e9cimo aniversario.","robots":{"index":"noindex","follow":"follow"},"og_locale":"es_ES","og_type":"article","og_title":"Termix celebra con Beauty Fair Brasil - Termix","og_description":"Termix asiste al segundo mayor evento del sector de la belleza en el mundo, Beauty Fiar Brasil en Sao Paulo en su d\u00e9cimo aniversario.","og_url":"https:\/\/termix.net\/blog\/es\/termix-celebra-con-beauty-fair-brasil\/","og_site_name":"Blog Termix Spain","article_published_time":"2014-11-28T09:11:10+00:00","article_modified_time":"2019-11-28T08:39:44+00:00","og_image":[{"width":1200,"height":1200,"url":"https:\/\/termix.net\/blog\/wp-content\/uploads\/2019\/11\/contacta-con-nosotros-preguntas.jpg","type":"image\/jpeg"}],"author":"TermixTeam","twitter_card":"summary_large_image","twitter_misc":{"Escrito por":"TermixTeam","Tiempo de lectura":"1 minuto"},"schema":{"@context":"https:\/\/schema.org","@graph":[{"@type":"Article","@id":"https:\/\/termix.net\/blog\/es\/termix-celebra-con-beauty-fair-brasil\/#article","isPartOf":{"@id":"https:\/\/termix.net\/blog\/es\/termix-celebra-con-beauty-fair-brasil\/"},"author":{"name":"TermixTeam","@id":"https:\/\/termix.net\/blog\/es\/#\/schema\/person\/9096c98bdf03c8ddf91ad7172f254f40"},"headline":"Termix celebra su d\u00e9cimo aniversario con Beauty Fair Brasil","datePublished":"2014-11-28T09:11:10+00:00","dateModified":"2019-11-28T08:39:44+00:00","mainEntityOfPage":{"@id":"https:\/\/termix.net\/blog\/es\/termix-celebra-con-beauty-fair-brasil\/"},"wordCount":173,"commentCount":0,"publisher":{"@id":"https:\/\/termix.net\/blog\/es\/#organization"},"articleSection":["NOTICIAS"],"inLanguage":"es","potentialAction":[{"@type":"CommentAction","name":"Comment","target":["https:\/\/termix.net\/blog\/es\/termix-celebra-con-beauty-fair-brasil\/#respond"]}]},{"@type":"WebPage","@id":"https:\/\/termix.net\/blog\/es\/termix-celebra-con-beauty-fair-brasil\/","url":"https:\/\/termix.net\/blog\/es\/termix-celebra-con-beauty-fair-brasil\/","name":"Termix celebra con Beauty Fair Brasil - Termix","isPartOf":{"@id":"https:\/\/termix.net\/blog\/es\/#website"},"datePublished":"2014-11-28T09:11:10+00:00","dateModified":"2019-11-28T08:39:44+00:00","description":"Termix asiste al segundo mayor evento del sector de la belleza en el mundo, Beauty Fiar Brasil en Sao Paulo en su d\u00e9cimo aniversario.","breadcrumb":{"@id":"https:\/\/termix.net\/blog\/es\/termix-celebra-con-beauty-fair-brasil\/#breadcrumb"},"inLanguage":"es","potentialAction":[{"@type":"ReadAction","target":["https:\/\/termix.net\/blog\/es\/termix-celebra-con-beauty-fair-brasil\/"]}]},{"@type":"BreadcrumbList","@id":"https:\/\/termix.net\/blog\/es\/termix-celebra-con-beauty-fair-brasil\/#breadcrumb","itemListElement":[{"@type":"ListItem","position":1,"name":"Home","item":"https:\/\/termix.net\/blog\/es\/"},{"@type":"ListItem","position":2,"name":"Termix celebra su d\u00e9cimo aniversario con Beauty Fair Brasil"}]},{"@type":"WebSite","@id":"https:\/\/termix.net\/blog\/es\/#website","url":"https:\/\/termix.net\/blog\/es\/","name":"Blog Termix Spain","description":"Blog de tendencias y productos de peluquer\u00eda profesional.","publisher":{"@id":"https:\/\/termix.net\/blog\/es\/#organization"},"potentialAction":[{"@type":"SearchAction","target":{"@type":"EntryPoint","urlTemplate":"https:\/\/termix.net\/blog\/es\/?s={search_term_string}"},"query-input":"required name=search_term_string"}],"inLanguage":"es"},{"@type":"Organization","@id":"https:\/\/termix.net\/blog\/es\/#organization","name":"Dols Industrial de Peluquer\u00eda SA","url":"https:\/\/termix.net\/blog\/es\/","logo":{"@type":"ImageObject","inLanguage":"es","@id":"https:\/\/termix.net\/blog\/es\/#\/schema\/logo\/image\/","url":"https:\/\/termix.net\/blog\/wp-content\/uploads\/2020\/10\/OGbDAeng.jpeg","contentUrl":"https:\/\/termix.net\/blog\/wp-content\/uploads\/2020\/10\/OGbDAeng.jpeg","width":800,"height":800,"caption":"Dols Industrial de Peluquer\u00eda SA"},"image":{"@id":"https:\/\/termix.net\/blog\/es\/#\/schema\/logo\/image\/"}},{"@type":"Person","@id":"https:\/\/termix.net\/blog\/es\/#\/schema\/person\/9096c98bdf03c8ddf91ad7172f254f40","name":"TermixTeam","image":{"@type":"ImageObject","inLanguage":"es","@id":"https:\/\/termix.net\/blog\/es\/#\/schema\/person\/image\/","url":"https:\/\/secure.gravatar.com\/avatar\/d89f61f6bd1c29a4acb231736d1c74b3?s=96&d=mm&r=g","contentUrl":"https:\/\/secure.gravatar.com\/avatar\/d89f61f6bd1c29a4acb231736d1c74b3?s=96&d=mm&r=g","caption":"TermixTeam"},"url":"https:\/\/termix.net\/blog\/es\/author\/termixteam\/"}]}},"_links":{"self":[{"href":"https:\/\/termix.net\/blog\/es\/wp-json\/wp\/v2\/posts\/8239"}],"collection":[{"href":"https:\/\/termix.net\/blog\/es\/wp-json\/wp\/v2\/posts"}],"about":[{"href":"https:\/\/termix.net\/blog\/es\/wp-json\/wp\/v2\/types\/post"}],"author":[{"embeddable":true,"href":"https:\/\/termix.net\/blog\/es\/wp-json\/wp\/v2\/users\/2"}],"replies":[{"embeddable":true,"href":"https:\/\/termix.net\/blog\/es\/wp-json\/wp\/v2\/comments?post=8239"}],"version-history":[{"count":2,"href":"https:\/\/termix.net\/blog\/es\/wp-json\/wp\/v2\/posts\/8239\/revisions"}],"predecessor-version":[{"id":21477,"href":"https:\/\/termix.net\/blog\/es\/wp-json\/wp\/v2\/posts\/8239\/revisions\/21477"}],"wp:featuredmedia":[{"embeddable":true,"href":"https:\/\/termix.net\/blog\/es\/wp-json\/wp\/v2\/media\/20830"}],"wp:attachment":[{"href":"https:\/\/termix.net\/blog\/es\/wp-json\/wp\/v2\/media?parent=8239"}],"wp:term":[{"taxonomy":"category","embeddable":true,"href":"https:\/\/termix.net\/blog\/es\/wp-json\/wp\/v2\/categories?post=8239"},{"taxonomy":"post_tag","embeddable":true,"href":"https:\/\/termix.net\/blog\/es\/wp-json\/wp\/v2\/tags?post=8239"}],"curies":[{"name":"wp","href":"https:\/\/api.w.org\/{rel}","templated":true}]}}