{"id":8237,"date":"2014-11-27T09:25:48","date_gmt":"2014-11-27T09:25:48","guid":{"rendered":"http:\/\/termix.net\/?p=768"},"modified":"2019-12-17T09:35:58","modified_gmt":"2019-12-17T08:35:58","slug":"termix-y-rizos-en-expobelleza-fest","status":"publish","type":"post","link":"https:\/\/termix.net\/blog\/es\/termix-y-rizos-en-expobelleza-fest\/","title":{"rendered":"Termix y Rizos en Expobelleza Fest"},"content":{"rendered":"<h1 style=\"text-align: center;\"><\/h1>\n<h1 style=\"text-align: center;\">Termix y Rizos en Expobelleza Fest<\/h1>\n<p style=\"text-align: center;\">Los pr\u00f3ximos d\u00edas <strong>20 y 21 de julio<\/strong>, las \u00faltimas tendencias en peluquer\u00eda aterrizan en M\u00e9xico.<\/p>\n<p>&nbsp;<\/p>\n<h2>Termix Patrocinador de Expobelleza Fest<\/h2>\n<p style=\"text-align: justify;\"><strong>Termix<\/strong> patrocina junto a su distribuidor en M\u00e9xico, las actuaciones art\u00edsticas <strong>LOOK &amp; LEARN BY Rizos<\/strong> que se realizar\u00e1n dentro del <strong>EXPOBELLEZA FEST<\/strong>, que se celebrar\u00e1 en el World Trade Center de la ciudad de M\u00e9xico.<\/p>\n<p style=\"text-align: justify;\">\u00a0Durante dos d\u00edas, el equipo art\u00edstico de <strong>Rizos<\/strong> se subir\u00e1 al escenario para presentar los paso a paso de sus \u00faltimos en trabajos de corte y recogidos. Todo un despliegue de creatividad que llevar\u00e1 a cabo con los <strong>utensilios de peluquer\u00eda Termix<\/strong>.<\/p>\n<p style=\"text-align: justify;\">Muchos se preguntan que habr\u00e1 de nuevo en esta exposici\u00f3n que la haga diferente a las dem\u00e1s&#8230; Lo mejor es venir a descubrirlo y vivir esta gran experiencia que le permitir\u00e1 estar en contacto con los mejores profesionales del sector y aprender nuevas t\u00e9cnicas.<\/p>\n<p>&nbsp;<\/p>\n<p style=\"text-align: justify;\"><strong>DOMINGO, 20 DE JULIO:\u00a0<\/strong>14:00 A 20:00 HRS.<\/p>\n<p style=\"text-align: justify;\"><strong>LUNES, 21 DE JULIO:\u00a0<\/strong>15:30 A 17:30 HRS.<\/p>\n<p style=\"text-align: justify;\"><strong>KOKORO INSTITUTE<\/strong><br \/>\n<strong>RIZOS<\/strong><br \/>\n<strong>LOOK &amp; LEARN<\/strong><\/p>\n<p style=\"text-align: center;\">\n","protected":false},"excerpt":{"rendered":"<p>\t\t\t\tLos pr\u00f3ximos d\u00edas 20 y 21 de julio, las \u00faltimas tendencias en peluquer\u00eda aterrizan en M\u00e9xico.  Termix patrocina las actuaciones art\u00edsticas \u00abLOOK &#038; LEARN BY Rizos\u00bb.\t\t<\/p>\n","protected":false},"author":2,"featured_media":21167,"comment_status":"open","ping_status":"open","sticky":false,"template":"","format":"standard","meta":[],"categories":[6],"tags":[],"yoast_head":"<!-- This site is optimized with the Yoast SEO plugin v20.0 - https:\/\/yoast.com\/wordpress\/plugins\/seo\/ -->\n<title>Termix y Rizos en Expobelleza Fest - Termix<\/title>\n<meta name=\"description\" content=\"Termix patrocina junto a su distribuidor en M\u00e9xico, las actuaciones art\u00edsticas Look &amp; Learn by Rizos en Expobelleza Fest, Ciudad de M\u00e9xico.\" \/>\n<meta name=\"robots\" content=\"noindex, follow\" \/>\n<meta property=\"og:locale\" content=\"es_ES\" \/>\n<meta property=\"og:type\" content=\"article\" \/>\n<meta property=\"og:title\" content=\"Termix y Rizos en Expobelleza Fest - Termix\" \/>\n<meta property=\"og:description\" content=\"Termix patrocina junto a su distribuidor en M\u00e9xico, las actuaciones art\u00edsticas Look &amp; Learn by Rizos en Expobelleza Fest, Ciudad de M\u00e9xico.\" \/>\n<meta property=\"og:url\" content=\"https:\/\/termix.net\/blog\/es\/termix-y-rizos-en-expobelleza-fest\/\" \/>\n<meta property=\"og:site_name\" content=\"Blog Termix Spain\" \/>\n<meta property=\"article:published_time\" content=\"2014-11-27T09:25:48+00:00\" \/>\n<meta property=\"article:modified_time\" content=\"2019-12-17T08:35:58+00:00\" \/>\n<meta property=\"og:image\" content=\"https:\/\/termix.net\/blog\/wp-content\/uploads\/2019\/11\/kokoro-and-termix-on-ebs-mexico-2018-1.jpg\" \/>\n\t<meta property=\"og:image:width\" content=\"1160\" \/>\n\t<meta property=\"og:image:height\" content=\"660\" \/>\n\t<meta property=\"og:image:type\" content=\"image\/jpeg\" \/>\n<meta name=\"author\" content=\"TermixTeam\" \/>\n<meta name=\"twitter:card\" content=\"summary_large_image\" \/>\n<meta name=\"twitter:label1\" content=\"Escrito por\" \/>\n\t<meta name=\"twitter:data1\" content=\"TermixTeam\" \/>\n\t<meta name=\"twitter:label2\" content=\"Tiempo de lectura\" \/>\n\t<meta name=\"twitter:data2\" content=\"1 minuto\" \/>\n<script type=\"application\/ld+json\" class=\"yoast-schema-graph\">{\"@context\":\"https:\/\/schema.org\",\"@graph\":[{\"@type\":\"Article\",\"@id\":\"https:\/\/termix.net\/blog\/es\/termix-y-rizos-en-expobelleza-fest\/#article\",\"isPartOf\":{\"@id\":\"https:\/\/termix.net\/blog\/es\/termix-y-rizos-en-expobelleza-fest\/\"},\"author\":{\"name\":\"TermixTeam\",\"@id\":\"https:\/\/termix.net\/blog\/es\/#\/schema\/person\/9096c98bdf03c8ddf91ad7172f254f40\"},\"headline\":\"Termix y Rizos en Expobelleza Fest\",\"datePublished\":\"2014-11-27T09:25:48+00:00\",\"dateModified\":\"2019-12-17T08:35:58+00:00\",\"mainEntityOfPage\":{\"@id\":\"https:\/\/termix.net\/blog\/es\/termix-y-rizos-en-expobelleza-fest\/\"},\"wordCount\":185,\"commentCount\":0,\"publisher\":{\"@id\":\"https:\/\/termix.net\/blog\/es\/#organization\"},\"articleSection\":[\"NOTICIAS\"],\"inLanguage\":\"es\",\"potentialAction\":[{\"@type\":\"CommentAction\",\"name\":\"Comment\",\"target\":[\"https:\/\/termix.net\/blog\/es\/termix-y-rizos-en-expobelleza-fest\/#respond\"]}]},{\"@type\":\"WebPage\",\"@id\":\"https:\/\/termix.net\/blog\/es\/termix-y-rizos-en-expobelleza-fest\/\",\"url\":\"https:\/\/termix.net\/blog\/es\/termix-y-rizos-en-expobelleza-fest\/\",\"name\":\"Termix y Rizos en Expobelleza Fest - Termix\",\"isPartOf\":{\"@id\":\"https:\/\/termix.net\/blog\/es\/#website\"},\"datePublished\":\"2014-11-27T09:25:48+00:00\",\"dateModified\":\"2019-12-17T08:35:58+00:00\",\"description\":\"Termix patrocina junto a su distribuidor en M\u00e9xico, las actuaciones art\u00edsticas Look & Learn by Rizos en Expobelleza Fest, Ciudad de M\u00e9xico.\",\"breadcrumb\":{\"@id\":\"https:\/\/termix.net\/blog\/es\/termix-y-rizos-en-expobelleza-fest\/#breadcrumb\"},\"inLanguage\":\"es\",\"potentialAction\":[{\"@type\":\"ReadAction\",\"target\":[\"https:\/\/termix.net\/blog\/es\/termix-y-rizos-en-expobelleza-fest\/\"]}]},{\"@type\":\"BreadcrumbList\",\"@id\":\"https:\/\/termix.net\/blog\/es\/termix-y-rizos-en-expobelleza-fest\/#breadcrumb\",\"itemListElement\":[{\"@type\":\"ListItem\",\"position\":1,\"name\":\"Home\",\"item\":\"https:\/\/termix.net\/blog\/es\/\"},{\"@type\":\"ListItem\",\"position\":2,\"name\":\"Termix y Rizos en Expobelleza Fest\"}]},{\"@type\":\"WebSite\",\"@id\":\"https:\/\/termix.net\/blog\/es\/#website\",\"url\":\"https:\/\/termix.net\/blog\/es\/\",\"name\":\"Blog Termix Spain\",\"description\":\"Blog de tendencias y productos de peluquer\u00eda profesional.\",\"publisher\":{\"@id\":\"https:\/\/termix.net\/blog\/es\/#organization\"},\"potentialAction\":[{\"@type\":\"SearchAction\",\"target\":{\"@type\":\"EntryPoint\",\"urlTemplate\":\"https:\/\/termix.net\/blog\/es\/?s={search_term_string}\"},\"query-input\":\"required name=search_term_string\"}],\"inLanguage\":\"es\"},{\"@type\":\"Organization\",\"@id\":\"https:\/\/termix.net\/blog\/es\/#organization\",\"name\":\"Dols Industrial de Peluquer\u00eda SA\",\"url\":\"https:\/\/termix.net\/blog\/es\/\",\"logo\":{\"@type\":\"ImageObject\",\"inLanguage\":\"es\",\"@id\":\"https:\/\/termix.net\/blog\/es\/#\/schema\/logo\/image\/\",\"url\":\"https:\/\/termix.net\/blog\/wp-content\/uploads\/2020\/10\/OGbDAeng.jpeg\",\"contentUrl\":\"https:\/\/termix.net\/blog\/wp-content\/uploads\/2020\/10\/OGbDAeng.jpeg\",\"width\":800,\"height\":800,\"caption\":\"Dols Industrial de Peluquer\u00eda SA\"},\"image\":{\"@id\":\"https:\/\/termix.net\/blog\/es\/#\/schema\/logo\/image\/\"}},{\"@type\":\"Person\",\"@id\":\"https:\/\/termix.net\/blog\/es\/#\/schema\/person\/9096c98bdf03c8ddf91ad7172f254f40\",\"name\":\"TermixTeam\",\"image\":{\"@type\":\"ImageObject\",\"inLanguage\":\"es\",\"@id\":\"https:\/\/termix.net\/blog\/es\/#\/schema\/person\/image\/\",\"url\":\"https:\/\/secure.gravatar.com\/avatar\/d89f61f6bd1c29a4acb231736d1c74b3?s=96&d=mm&r=g\",\"contentUrl\":\"https:\/\/secure.gravatar.com\/avatar\/d89f61f6bd1c29a4acb231736d1c74b3?s=96&d=mm&r=g\",\"caption\":\"TermixTeam\"},\"url\":\"https:\/\/termix.net\/blog\/es\/author\/termixteam\/\"}]}<\/script>\n<!-- \/ Yoast SEO plugin. -->","yoast_head_json":{"title":"Termix y Rizos en Expobelleza Fest - Termix","description":"Termix patrocina junto a su distribuidor en M\u00e9xico, las actuaciones art\u00edsticas Look & Learn by Rizos en Expobelleza Fest, Ciudad de M\u00e9xico.","robots":{"index":"noindex","follow":"follow"},"og_locale":"es_ES","og_type":"article","og_title":"Termix y Rizos en Expobelleza Fest - Termix","og_description":"Termix patrocina junto a su distribuidor en M\u00e9xico, las actuaciones art\u00edsticas Look & Learn by Rizos en Expobelleza Fest, Ciudad de M\u00e9xico.","og_url":"https:\/\/termix.net\/blog\/es\/termix-y-rizos-en-expobelleza-fest\/","og_site_name":"Blog Termix Spain","article_published_time":"2014-11-27T09:25:48+00:00","article_modified_time":"2019-12-17T08:35:58+00:00","og_image":[{"width":1160,"height":660,"url":"https:\/\/termix.net\/blog\/wp-content\/uploads\/2019\/11\/kokoro-and-termix-on-ebs-mexico-2018-1.jpg","type":"image\/jpeg"}],"author":"TermixTeam","twitter_card":"summary_large_image","twitter_misc":{"Escrito por":"TermixTeam","Tiempo de lectura":"1 minuto"},"schema":{"@context":"https:\/\/schema.org","@graph":[{"@type":"Article","@id":"https:\/\/termix.net\/blog\/es\/termix-y-rizos-en-expobelleza-fest\/#article","isPartOf":{"@id":"https:\/\/termix.net\/blog\/es\/termix-y-rizos-en-expobelleza-fest\/"},"author":{"name":"TermixTeam","@id":"https:\/\/termix.net\/blog\/es\/#\/schema\/person\/9096c98bdf03c8ddf91ad7172f254f40"},"headline":"Termix y Rizos en Expobelleza Fest","datePublished":"2014-11-27T09:25:48+00:00","dateModified":"2019-12-17T08:35:58+00:00","mainEntityOfPage":{"@id":"https:\/\/termix.net\/blog\/es\/termix-y-rizos-en-expobelleza-fest\/"},"wordCount":185,"commentCount":0,"publisher":{"@id":"https:\/\/termix.net\/blog\/es\/#organization"},"articleSection":["NOTICIAS"],"inLanguage":"es","potentialAction":[{"@type":"CommentAction","name":"Comment","target":["https:\/\/termix.net\/blog\/es\/termix-y-rizos-en-expobelleza-fest\/#respond"]}]},{"@type":"WebPage","@id":"https:\/\/termix.net\/blog\/es\/termix-y-rizos-en-expobelleza-fest\/","url":"https:\/\/termix.net\/blog\/es\/termix-y-rizos-en-expobelleza-fest\/","name":"Termix y Rizos en Expobelleza Fest - Termix","isPartOf":{"@id":"https:\/\/termix.net\/blog\/es\/#website"},"datePublished":"2014-11-27T09:25:48+00:00","dateModified":"2019-12-17T08:35:58+00:00","description":"Termix patrocina junto a su distribuidor en M\u00e9xico, las actuaciones art\u00edsticas Look & Learn by Rizos en Expobelleza Fest, Ciudad de M\u00e9xico.","breadcrumb":{"@id":"https:\/\/termix.net\/blog\/es\/termix-y-rizos-en-expobelleza-fest\/#breadcrumb"},"inLanguage":"es","potentialAction":[{"@type":"ReadAction","target":["https:\/\/termix.net\/blog\/es\/termix-y-rizos-en-expobelleza-fest\/"]}]},{"@type":"BreadcrumbList","@id":"https:\/\/termix.net\/blog\/es\/termix-y-rizos-en-expobelleza-fest\/#breadcrumb","itemListElement":[{"@type":"ListItem","position":1,"name":"Home","item":"https:\/\/termix.net\/blog\/es\/"},{"@type":"ListItem","position":2,"name":"Termix y Rizos en Expobelleza Fest"}]},{"@type":"WebSite","@id":"https:\/\/termix.net\/blog\/es\/#website","url":"https:\/\/termix.net\/blog\/es\/","name":"Blog Termix Spain","description":"Blog de tendencias y productos de peluquer\u00eda profesional.","publisher":{"@id":"https:\/\/termix.net\/blog\/es\/#organization"},"potentialAction":[{"@type":"SearchAction","target":{"@type":"EntryPoint","urlTemplate":"https:\/\/termix.net\/blog\/es\/?s={search_term_string}"},"query-input":"required name=search_term_string"}],"inLanguage":"es"},{"@type":"Organization","@id":"https:\/\/termix.net\/blog\/es\/#organization","name":"Dols Industrial de Peluquer\u00eda SA","url":"https:\/\/termix.net\/blog\/es\/","logo":{"@type":"ImageObject","inLanguage":"es","@id":"https:\/\/termix.net\/blog\/es\/#\/schema\/logo\/image\/","url":"https:\/\/termix.net\/blog\/wp-content\/uploads\/2020\/10\/OGbDAeng.jpeg","contentUrl":"https:\/\/termix.net\/blog\/wp-content\/uploads\/2020\/10\/OGbDAeng.jpeg","width":800,"height":800,"caption":"Dols Industrial de Peluquer\u00eda SA"},"image":{"@id":"https:\/\/termix.net\/blog\/es\/#\/schema\/logo\/image\/"}},{"@type":"Person","@id":"https:\/\/termix.net\/blog\/es\/#\/schema\/person\/9096c98bdf03c8ddf91ad7172f254f40","name":"TermixTeam","image":{"@type":"ImageObject","inLanguage":"es","@id":"https:\/\/termix.net\/blog\/es\/#\/schema\/person\/image\/","url":"https:\/\/secure.gravatar.com\/avatar\/d89f61f6bd1c29a4acb231736d1c74b3?s=96&d=mm&r=g","contentUrl":"https:\/\/secure.gravatar.com\/avatar\/d89f61f6bd1c29a4acb231736d1c74b3?s=96&d=mm&r=g","caption":"TermixTeam"},"url":"https:\/\/termix.net\/blog\/es\/author\/termixteam\/"}]}},"_links":{"self":[{"href":"https:\/\/termix.net\/blog\/es\/wp-json\/wp\/v2\/posts\/8237"}],"collection":[{"href":"https:\/\/termix.net\/blog\/es\/wp-json\/wp\/v2\/posts"}],"about":[{"href":"https:\/\/termix.net\/blog\/es\/wp-json\/wp\/v2\/types\/post"}],"author":[{"embeddable":true,"href":"https:\/\/termix.net\/blog\/es\/wp-json\/wp\/v2\/users\/2"}],"replies":[{"embeddable":true,"href":"https:\/\/termix.net\/blog\/es\/wp-json\/wp\/v2\/comments?post=8237"}],"version-history":[{"count":3,"href":"https:\/\/termix.net\/blog\/es\/wp-json\/wp\/v2\/posts\/8237\/revisions"}],"predecessor-version":[{"id":23856,"href":"https:\/\/termix.net\/blog\/es\/wp-json\/wp\/v2\/posts\/8237\/revisions\/23856"}],"wp:featuredmedia":[{"embeddable":true,"href":"https:\/\/termix.net\/blog\/es\/wp-json\/wp\/v2\/media\/21167"}],"wp:attachment":[{"href":"https:\/\/termix.net\/blog\/es\/wp-json\/wp\/v2\/media?parent=8237"}],"wp:term":[{"taxonomy":"category","embeddable":true,"href":"https:\/\/termix.net\/blog\/es\/wp-json\/wp\/v2\/categories?post=8237"},{"taxonomy":"post_tag","embeddable":true,"href":"https:\/\/termix.net\/blog\/es\/wp-json\/wp\/v2\/tags?post=8237"}],"curies":[{"name":"wp","href":"https:\/\/api.w.org\/{rel}","templated":true}]}}