{"id":8236,"date":"2014-11-28T12:15:51","date_gmt":"2014-11-28T12:15:51","guid":{"rendered":"http:\/\/termix.net\/?p=647"},"modified":"2019-11-28T12:22:27","modified_gmt":"2019-11-28T11:22:27","slug":"termix-en-expo-beauty-show-2014","status":"publish","type":"post","link":"https:\/\/termix.net\/blog\/es\/termix-en-expo-beauty-show-2014\/","title":{"rendered":"Termix en Expo Beauty Show 2014"},"content":{"rendered":"<p>&nbsp;<\/p>\n<h1 style=\"text-align: center;\">Termix en Expo Beauty Show 2014<\/h1>\n<p style=\"text-align: center;\">La feria Internacional Expo Beauty Show 2014 tuvo lugar del 26 al 28 de octubre en el Centro Banamex de la Ciudad de <strong>M\u00e9xico<\/strong>.<\/p>\n<p>&nbsp;<\/p>\n<p>&nbsp;<\/p>\n<p>M\u00e1s de 80.000 visitantes y 34.000 metros cuadrados de exposici\u00f3n! Expo Beauty Show volvi\u00f3 a presumir de cifras que un a\u00f1o m\u00e1s han avalado su \u00e9xito y poder de convocatoria. Un \u00e9xito al que sin duda contribuy\u00f3 la presencia de marcas l\u00edderes del sector como Termix.<\/p>\n<p>De la mano de nuestro <strong>distribuidor oficial<\/strong> en el pa\u00eds, <span style=\"color: #000000;\"><strong>Termix<\/strong><\/span> no quiso perderse un a\u00f1o m\u00e1s la gran cita profesional de la belleza: <strong><span style=\"color: #000000;\">Expo Beauty Show 2014<\/span>.<\/strong> Durante los tres d\u00edas de Feria, tuvimos la oportunidad de estar m\u00e1s cerca de nuestros clientes y presentar nuestras \u00faltimas innovaciones en herramientas profesionales de peluquer\u00eda.<\/p>\n<p>Entre nuestros cepillos m\u00e1s demandados, la l\u00ednea\u00a0<strong>Termix Na.no<\/strong>\u00a0sigue siendo una de las elecciones preferidas por el peluquero mexicano gracias a su poder anti-encrespamiento, as\u00ed como la gama de <strong>cepillos\u00a0Evolution Plus<\/strong>\u00a0que permite moldear y trabajar cabellos gruesos para obtener peinados sueltos y con movimiento.<\/p>\n<p>Gracias a todos los visitantes al stand y esperamos veros muy pronto.<\/p>\n<p><em><strong>Sigue todas las novedades Termix en nuestra p\u00e1gina oficial de Facebook.<\/strong><\/em><\/p>\n","protected":false},"excerpt":{"rendered":"<p>\t\t\t\tLa feria Internacional Expo Beauty Show 2014 tuvo lugar del 26 al 28 de octubre en el Centro Banamex de la Ciudad de M\u00e9xico. Volvi\u00f3 a presumir de cifras que un a\u00f1o m\u00e1s han avalado su \u00e9xito y poder de convocatoria. \u00a1Un \u00e9xito!\t\t<\/p>\n","protected":false},"author":2,"featured_media":20617,"comment_status":"open","ping_status":"open","sticky":false,"template":"","format":"standard","meta":[],"categories":[6],"tags":[],"yoast_head":"<!-- This site is optimized with the Yoast SEO plugin v20.0 - https:\/\/yoast.com\/wordpress\/plugins\/seo\/ -->\n<title>Termix en Expo Beauty Show 2014 - Termix<\/title>\n<meta name=\"description\" content=\"Termix no quiso perderse un a\u00f1o m\u00e1s la gran cita profesional de la belleza en M\u00e9xico, Expo Beauty Show 2014.\" \/>\n<meta name=\"robots\" content=\"noindex, follow\" \/>\n<meta property=\"og:locale\" content=\"es_ES\" \/>\n<meta property=\"og:type\" content=\"article\" \/>\n<meta property=\"og:title\" content=\"Termix en Expo Beauty Show 2014 - Termix\" \/>\n<meta property=\"og:description\" content=\"Termix no quiso perderse un a\u00f1o m\u00e1s la gran cita profesional de la belleza en M\u00e9xico, Expo Beauty Show 2014.\" \/>\n<meta property=\"og:url\" content=\"https:\/\/termix.net\/blog\/es\/termix-en-expo-beauty-show-2014\/\" \/>\n<meta property=\"og:site_name\" content=\"Blog Termix Spain\" \/>\n<meta property=\"article:published_time\" content=\"2014-11-28T12:15:51+00:00\" \/>\n<meta property=\"article:modified_time\" content=\"2019-11-28T11:22:27+00:00\" \/>\n<meta property=\"og:image\" content=\"https:\/\/termix.net\/blog\/wp-content\/uploads\/2019\/11\/cosmobeautybcn_bestsellers-1.jpg\" \/>\n\t<meta property=\"og:image:width\" content=\"1160\" \/>\n\t<meta property=\"og:image:height\" content=\"660\" \/>\n\t<meta property=\"og:image:type\" content=\"image\/jpeg\" \/>\n<meta name=\"author\" content=\"TermixTeam\" \/>\n<meta name=\"twitter:card\" content=\"summary_large_image\" \/>\n<meta name=\"twitter:label1\" content=\"Escrito por\" \/>\n\t<meta name=\"twitter:data1\" content=\"TermixTeam\" \/>\n\t<meta name=\"twitter:label2\" content=\"Tiempo de lectura\" \/>\n\t<meta name=\"twitter:data2\" content=\"1 minuto\" \/>\n<script type=\"application\/ld+json\" class=\"yoast-schema-graph\">{\"@context\":\"https:\/\/schema.org\",\"@graph\":[{\"@type\":\"Article\",\"@id\":\"https:\/\/termix.net\/blog\/es\/termix-en-expo-beauty-show-2014\/#article\",\"isPartOf\":{\"@id\":\"https:\/\/termix.net\/blog\/es\/termix-en-expo-beauty-show-2014\/\"},\"author\":{\"name\":\"TermixTeam\",\"@id\":\"https:\/\/termix.net\/blog\/es\/#\/schema\/person\/9096c98bdf03c8ddf91ad7172f254f40\"},\"headline\":\"Termix en Expo Beauty Show 2014\",\"datePublished\":\"2014-11-28T12:15:51+00:00\",\"dateModified\":\"2019-11-28T11:22:27+00:00\",\"mainEntityOfPage\":{\"@id\":\"https:\/\/termix.net\/blog\/es\/termix-en-expo-beauty-show-2014\/\"},\"wordCount\":217,\"commentCount\":0,\"publisher\":{\"@id\":\"https:\/\/termix.net\/blog\/es\/#organization\"},\"articleSection\":[\"NOTICIAS\"],\"inLanguage\":\"es\",\"potentialAction\":[{\"@type\":\"CommentAction\",\"name\":\"Comment\",\"target\":[\"https:\/\/termix.net\/blog\/es\/termix-en-expo-beauty-show-2014\/#respond\"]}]},{\"@type\":\"WebPage\",\"@id\":\"https:\/\/termix.net\/blog\/es\/termix-en-expo-beauty-show-2014\/\",\"url\":\"https:\/\/termix.net\/blog\/es\/termix-en-expo-beauty-show-2014\/\",\"name\":\"Termix en Expo Beauty Show 2014 - Termix\",\"isPartOf\":{\"@id\":\"https:\/\/termix.net\/blog\/es\/#website\"},\"datePublished\":\"2014-11-28T12:15:51+00:00\",\"dateModified\":\"2019-11-28T11:22:27+00:00\",\"description\":\"Termix no quiso perderse un a\u00f1o m\u00e1s la gran cita profesional de la belleza en M\u00e9xico, Expo Beauty Show 2014.\",\"breadcrumb\":{\"@id\":\"https:\/\/termix.net\/blog\/es\/termix-en-expo-beauty-show-2014\/#breadcrumb\"},\"inLanguage\":\"es\",\"potentialAction\":[{\"@type\":\"ReadAction\",\"target\":[\"https:\/\/termix.net\/blog\/es\/termix-en-expo-beauty-show-2014\/\"]}]},{\"@type\":\"BreadcrumbList\",\"@id\":\"https:\/\/termix.net\/blog\/es\/termix-en-expo-beauty-show-2014\/#breadcrumb\",\"itemListElement\":[{\"@type\":\"ListItem\",\"position\":1,\"name\":\"Home\",\"item\":\"https:\/\/termix.net\/blog\/es\/\"},{\"@type\":\"ListItem\",\"position\":2,\"name\":\"Termix en Expo Beauty Show 2014\"}]},{\"@type\":\"WebSite\",\"@id\":\"https:\/\/termix.net\/blog\/es\/#website\",\"url\":\"https:\/\/termix.net\/blog\/es\/\",\"name\":\"Blog Termix Spain\",\"description\":\"Blog de tendencias y productos de peluquer\u00eda profesional.\",\"publisher\":{\"@id\":\"https:\/\/termix.net\/blog\/es\/#organization\"},\"potentialAction\":[{\"@type\":\"SearchAction\",\"target\":{\"@type\":\"EntryPoint\",\"urlTemplate\":\"https:\/\/termix.net\/blog\/es\/?s={search_term_string}\"},\"query-input\":\"required name=search_term_string\"}],\"inLanguage\":\"es\"},{\"@type\":\"Organization\",\"@id\":\"https:\/\/termix.net\/blog\/es\/#organization\",\"name\":\"Dols Industrial de Peluquer\u00eda SA\",\"url\":\"https:\/\/termix.net\/blog\/es\/\",\"logo\":{\"@type\":\"ImageObject\",\"inLanguage\":\"es\",\"@id\":\"https:\/\/termix.net\/blog\/es\/#\/schema\/logo\/image\/\",\"url\":\"https:\/\/termix.net\/blog\/wp-content\/uploads\/2020\/10\/OGbDAeng.jpeg\",\"contentUrl\":\"https:\/\/termix.net\/blog\/wp-content\/uploads\/2020\/10\/OGbDAeng.jpeg\",\"width\":800,\"height\":800,\"caption\":\"Dols Industrial de Peluquer\u00eda SA\"},\"image\":{\"@id\":\"https:\/\/termix.net\/blog\/es\/#\/schema\/logo\/image\/\"}},{\"@type\":\"Person\",\"@id\":\"https:\/\/termix.net\/blog\/es\/#\/schema\/person\/9096c98bdf03c8ddf91ad7172f254f40\",\"name\":\"TermixTeam\",\"image\":{\"@type\":\"ImageObject\",\"inLanguage\":\"es\",\"@id\":\"https:\/\/termix.net\/blog\/es\/#\/schema\/person\/image\/\",\"url\":\"https:\/\/secure.gravatar.com\/avatar\/d89f61f6bd1c29a4acb231736d1c74b3?s=96&d=mm&r=g\",\"contentUrl\":\"https:\/\/secure.gravatar.com\/avatar\/d89f61f6bd1c29a4acb231736d1c74b3?s=96&d=mm&r=g\",\"caption\":\"TermixTeam\"},\"url\":\"https:\/\/termix.net\/blog\/es\/author\/termixteam\/\"}]}<\/script>\n<!-- \/ Yoast SEO plugin. -->","yoast_head_json":{"title":"Termix en Expo Beauty Show 2014 - Termix","description":"Termix no quiso perderse un a\u00f1o m\u00e1s la gran cita profesional de la belleza en M\u00e9xico, Expo Beauty Show 2014.","robots":{"index":"noindex","follow":"follow"},"og_locale":"es_ES","og_type":"article","og_title":"Termix en Expo Beauty Show 2014 - Termix","og_description":"Termix no quiso perderse un a\u00f1o m\u00e1s la gran cita profesional de la belleza en M\u00e9xico, Expo Beauty Show 2014.","og_url":"https:\/\/termix.net\/blog\/es\/termix-en-expo-beauty-show-2014\/","og_site_name":"Blog Termix Spain","article_published_time":"2014-11-28T12:15:51+00:00","article_modified_time":"2019-11-28T11:22:27+00:00","og_image":[{"width":1160,"height":660,"url":"https:\/\/termix.net\/blog\/wp-content\/uploads\/2019\/11\/cosmobeautybcn_bestsellers-1.jpg","type":"image\/jpeg"}],"author":"TermixTeam","twitter_card":"summary_large_image","twitter_misc":{"Escrito por":"TermixTeam","Tiempo de lectura":"1 minuto"},"schema":{"@context":"https:\/\/schema.org","@graph":[{"@type":"Article","@id":"https:\/\/termix.net\/blog\/es\/termix-en-expo-beauty-show-2014\/#article","isPartOf":{"@id":"https:\/\/termix.net\/blog\/es\/termix-en-expo-beauty-show-2014\/"},"author":{"name":"TermixTeam","@id":"https:\/\/termix.net\/blog\/es\/#\/schema\/person\/9096c98bdf03c8ddf91ad7172f254f40"},"headline":"Termix en Expo Beauty Show 2014","datePublished":"2014-11-28T12:15:51+00:00","dateModified":"2019-11-28T11:22:27+00:00","mainEntityOfPage":{"@id":"https:\/\/termix.net\/blog\/es\/termix-en-expo-beauty-show-2014\/"},"wordCount":217,"commentCount":0,"publisher":{"@id":"https:\/\/termix.net\/blog\/es\/#organization"},"articleSection":["NOTICIAS"],"inLanguage":"es","potentialAction":[{"@type":"CommentAction","name":"Comment","target":["https:\/\/termix.net\/blog\/es\/termix-en-expo-beauty-show-2014\/#respond"]}]},{"@type":"WebPage","@id":"https:\/\/termix.net\/blog\/es\/termix-en-expo-beauty-show-2014\/","url":"https:\/\/termix.net\/blog\/es\/termix-en-expo-beauty-show-2014\/","name":"Termix en Expo Beauty Show 2014 - Termix","isPartOf":{"@id":"https:\/\/termix.net\/blog\/es\/#website"},"datePublished":"2014-11-28T12:15:51+00:00","dateModified":"2019-11-28T11:22:27+00:00","description":"Termix no quiso perderse un a\u00f1o m\u00e1s la gran cita profesional de la belleza en M\u00e9xico, Expo Beauty Show 2014.","breadcrumb":{"@id":"https:\/\/termix.net\/blog\/es\/termix-en-expo-beauty-show-2014\/#breadcrumb"},"inLanguage":"es","potentialAction":[{"@type":"ReadAction","target":["https:\/\/termix.net\/blog\/es\/termix-en-expo-beauty-show-2014\/"]}]},{"@type":"BreadcrumbList","@id":"https:\/\/termix.net\/blog\/es\/termix-en-expo-beauty-show-2014\/#breadcrumb","itemListElement":[{"@type":"ListItem","position":1,"name":"Home","item":"https:\/\/termix.net\/blog\/es\/"},{"@type":"ListItem","position":2,"name":"Termix en Expo Beauty Show 2014"}]},{"@type":"WebSite","@id":"https:\/\/termix.net\/blog\/es\/#website","url":"https:\/\/termix.net\/blog\/es\/","name":"Blog Termix Spain","description":"Blog de tendencias y productos de peluquer\u00eda profesional.","publisher":{"@id":"https:\/\/termix.net\/blog\/es\/#organization"},"potentialAction":[{"@type":"SearchAction","target":{"@type":"EntryPoint","urlTemplate":"https:\/\/termix.net\/blog\/es\/?s={search_term_string}"},"query-input":"required name=search_term_string"}],"inLanguage":"es"},{"@type":"Organization","@id":"https:\/\/termix.net\/blog\/es\/#organization","name":"Dols Industrial de Peluquer\u00eda SA","url":"https:\/\/termix.net\/blog\/es\/","logo":{"@type":"ImageObject","inLanguage":"es","@id":"https:\/\/termix.net\/blog\/es\/#\/schema\/logo\/image\/","url":"https:\/\/termix.net\/blog\/wp-content\/uploads\/2020\/10\/OGbDAeng.jpeg","contentUrl":"https:\/\/termix.net\/blog\/wp-content\/uploads\/2020\/10\/OGbDAeng.jpeg","width":800,"height":800,"caption":"Dols Industrial de Peluquer\u00eda SA"},"image":{"@id":"https:\/\/termix.net\/blog\/es\/#\/schema\/logo\/image\/"}},{"@type":"Person","@id":"https:\/\/termix.net\/blog\/es\/#\/schema\/person\/9096c98bdf03c8ddf91ad7172f254f40","name":"TermixTeam","image":{"@type":"ImageObject","inLanguage":"es","@id":"https:\/\/termix.net\/blog\/es\/#\/schema\/person\/image\/","url":"https:\/\/secure.gravatar.com\/avatar\/d89f61f6bd1c29a4acb231736d1c74b3?s=96&d=mm&r=g","contentUrl":"https:\/\/secure.gravatar.com\/avatar\/d89f61f6bd1c29a4acb231736d1c74b3?s=96&d=mm&r=g","caption":"TermixTeam"},"url":"https:\/\/termix.net\/blog\/es\/author\/termixteam\/"}]}},"_links":{"self":[{"href":"https:\/\/termix.net\/blog\/es\/wp-json\/wp\/v2\/posts\/8236"}],"collection":[{"href":"https:\/\/termix.net\/blog\/es\/wp-json\/wp\/v2\/posts"}],"about":[{"href":"https:\/\/termix.net\/blog\/es\/wp-json\/wp\/v2\/types\/post"}],"author":[{"embeddable":true,"href":"https:\/\/termix.net\/blog\/es\/wp-json\/wp\/v2\/users\/2"}],"replies":[{"embeddable":true,"href":"https:\/\/termix.net\/blog\/es\/wp-json\/wp\/v2\/comments?post=8236"}],"version-history":[{"count":2,"href":"https:\/\/termix.net\/blog\/es\/wp-json\/wp\/v2\/posts\/8236\/revisions"}],"predecessor-version":[{"id":21505,"href":"https:\/\/termix.net\/blog\/es\/wp-json\/wp\/v2\/posts\/8236\/revisions\/21505"}],"wp:featuredmedia":[{"embeddable":true,"href":"https:\/\/termix.net\/blog\/es\/wp-json\/wp\/v2\/media\/20617"}],"wp:attachment":[{"href":"https:\/\/termix.net\/blog\/es\/wp-json\/wp\/v2\/media?parent=8236"}],"wp:term":[{"taxonomy":"category","embeddable":true,"href":"https:\/\/termix.net\/blog\/es\/wp-json\/wp\/v2\/categories?post=8236"},{"taxonomy":"post_tag","embeddable":true,"href":"https:\/\/termix.net\/blog\/es\/wp-json\/wp\/v2\/tags?post=8236"}],"curies":[{"name":"wp","href":"https:\/\/api.w.org\/{rel}","templated":true}]}}