{"id":8201,"date":"2016-11-14T13:54:01","date_gmt":"2016-11-14T13:54:01","guid":{"rendered":"http:\/\/termix.net\/?p=8201"},"modified":"2019-12-16T12:22:03","modified_gmt":"2019-12-16T11:22:03","slug":"termix-supera-las-expectativas-triunfa-salon-look-2016","status":"publish","type":"post","link":"https:\/\/termix.net\/blog\/es\/termix-supera-las-expectativas-triunfa-salon-look-2016\/","title":{"rendered":"Termix supera las expectativas y triunfa en sal\u00f3n look 2016"},"content":{"rendered":"<p><div class=\"fusion-fullwidth fullwidth-box fusion-builder-row-1 faded-background fusion-parallax-none nonhundred-percent-fullwidth non-hundred-percent-height-scrolling fusion-no-small-visibility fusion-no-medium-visibility\" style=\"--awb-border-radius-top-left:0px;--awb-border-radius-top-right:0px;--awb-border-radius-bottom-right:0px;--awb-border-radius-bottom-left:0px;--awb-padding-top:24%;--awb-padding-right:3%;--awb-padding-left:3%;--awb-background-size:cover;\" ><div class=\"fullwidth-faded\" style=\"--awb-background-color:#181818;--awb-background-image:url(https:\/\/termix.net\/blog\/wp-content\/uploads\/2016\/11\/bannerweb_postlook_1_productos-1.jpg);--awb-background-size:cover;\" ><\/div><div class=\"fusion-builder-row fusion-row\"><div class=\"fusion-layout-column fusion_builder_column fusion-builder-column-0 fusion_builder_column_1_1 1_1 fusion-one-full fusion-column-first fusion-column-last\" style=\"--awb-padding-top:6%;--awb-padding-right:8%;--awb-padding-bottom:6%;--awb-padding-left:8%;--awb-bg-color:rgba(255,255,255,0.7);--awb-bg-size:cover;--awb-margin-top:0px;--awb-margin-bottom:0px;\"><div class=\"fusion-column-wrapper fusion-column-has-shadow fusion-flex-column-wrapper-legacy\"><div class=\"fusion-text fusion-text-1 caption\"><p style=\"text-align: center;\">Ferias \u2014 3 min de lectura<\/p>\n<\/div><div class=\"fusion-title title fusion-title-1 fusion-sep-none fusion-title-center fusion-title-text fusion-title-size-two\" style=\"--awb-margin-top:30px;--awb-margin-bottom:20px;\"><h2 class=\"title-heading-center fusion-responsive-typography-calculated\" style=\"margin:0;--fontSize:50;line-height:1.28;\">Termix supera las expectativas y triunfa en sal\u00f3n look 2016<\/h2><\/div><div class=\"fusion-clearfix\"><\/div><\/div><\/div><\/div><\/div><div class=\"fusion-fullwidth fullwidth-box fusion-builder-row-2 fusion-parallax-none nonhundred-percent-fullwidth non-hundred-percent-height-scrolling fusion-no-large-visibility\" style=\"--awb-border-radius-top-left:0px;--awb-border-radius-top-right:0px;--awb-border-radius-bottom-right:0px;--awb-border-radius-bottom-left:0px;--awb-background-image:url(&quot;https:\/\/termix.net\/blog\/wp-content\/uploads\/2019\/11\/con-el-secador-compacto-profesioanl-4300-de-termix-damos-volumen-al-cabello-1.jpg&quot;);--awb-background-size:cover;\" ><div class=\"fusion-builder-row fusion-row\"><div class=\"fusion-layout-column fusion_builder_column fusion-builder-column-1 fusion_builder_column_1_1 1_1 fusion-one-full fusion-column-first fusion-column-last fusion-column-inner-bg-wrapper\" style=\"--awb-padding-top:10%;--awb-padding-bottom:10%;--awb-inner-bg-image:url(&#039;http:\/\/termix.net\/blog\/wp-content\/uploads\/2019\/03\/single-blog-post-feat.jpg&#039;);--awb-inner-bg-position:center center;--awb-inner-bg-size:cover;\"><span class=\"fusion-column-inner-bg hover-type-zoomout\"><span class=\"fusion-column-anchor\"><span class=\"fusion-column-inner-bg-image\"><\/span><\/span><\/span><div class=\"fusion-column-wrapper fusion-flex-column-wrapper-legacy\" data-bg-url=\"http:\/\/termix.net\/blog\/wp-content\/uploads\/2019\/03\/single-blog-post-feat.jpg\"><div class=\"fusion-sep-clear\"><\/div><div class=\"fusion-separator fusion-no-large-visibility fusion-full-width-sep\" style=\"margin-left: auto;margin-right: auto;margin-top:200px;width:100%;\"><\/div><div class=\"fusion-sep-clear\"><\/div><div class=\"fusion-clearfix\"><\/div><\/div><\/div><div class=\"fusion-layout-column fusion_builder_column fusion-builder-column-2 fusion_builder_column_1_1 1_1 fusion-one-full fusion-column-first fusion-column-last\" style=\"--awb-padding-top:6%;--awb-bg-color:#ffffff;--awb-bg-size:cover;--awb-margin-top:0px;--awb-margin-bottom:0px;\"><div class=\"fusion-column-wrapper fusion-flex-column-wrapper-legacy\"><div class=\"fusion-text fusion-text-2 caption\"><p style=\"text-align: center;\">Ferias \u2014 3 min de lectura<\/p>\n<\/div><div class=\"fusion-title title fusion-title-2 fusion-sep-none fusion-title-center fusion-title-text fusion-title-size-two\" style=\"--awb-margin-top:30px;--awb-margin-bottom:20px;\"><h2 class=\"title-heading-center fusion-responsive-typography-calculated\" style=\"margin:0;--fontSize:50;line-height:1.28;\">Termix supera las expectativas y triunfa en sal\u00f3n look 2016<\/h2><\/div><div class=\"fusion-clearfix\"><\/div><\/div><\/div><\/div><\/div><div class=\"fusion-fullwidth fullwidth-box fusion-builder-row-3 nonhundred-percent-fullwidth non-hundred-percent-height-scrolling\" style=\"--awb-border-radius-top-left:0px;--awb-border-radius-top-right:0px;--awb-border-radius-bottom-right:0px;--awb-border-radius-bottom-left:0px;--awb-padding-top:10px;--awb-padding-bottom:4%;\" ><div class=\"fusion-builder-row fusion-row\"><div class=\"fusion-layout-column fusion_builder_column fusion-builder-column-3 fusion_builder_column_1_6 1_6 fusion-one-sixth fusion-column-first fusion-no-small-visibility fusion-no-medium-visibility\" style=\"--awb-bg-size:cover;width:16.666666666667%;width:calc(16.666666666667% - ( ( 0 ) * 0.16666666666667 ) );margin-right: 0px;\"><div class=\"fusion-column-wrapper fusion-flex-column-wrapper-legacy\"><div class=\"fusion-clearfix\"><\/div><\/div><\/div><div class=\"fusion-layout-column fusion_builder_column fusion-builder-column-4 fusion_builder_column_2_3 2_3 fusion-two-third fusion-column-last\" style=\"--awb-bg-size:cover;width:66.666666666667%;width:calc(66.666666666667% - ( ( 0 ) * 0.66666666666667 ) );\"><div class=\"fusion-column-wrapper fusion-flex-column-wrapper-legacy\"><div class=\"fusion-sep-clear\"><\/div><div class=\"fusion-separator fusion-full-width-sep\" style=\"margin-left: auto;margin-right: auto;margin-top:30px;width:100%;\"><\/div><div class=\"fusion-sep-clear\"><\/div><div class=\"fusion-text fusion-text-3\"><p style=\"text-align: center;\"><span style=\"font-size: 22px; line-height: 1.5em;\"> El certamen nacional m\u00e1s esperado del a\u00f1o fue el escenario elegido para volver a sorprender. Y as\u00ed fue. Gracias a la participaci\u00f3n de los estilistas y celebrities del momento, una gran puesta en escena, las sorpresas m\u00e1s coloridas, los regalos m\u00e1s sorprendentes y las propuestas m\u00e1s innovadoras, Termix volvi\u00f3 a convertirse en el protagonista indiscutible de una de las ediciones m\u00e1s exitosas de la feria Sal\u00f3n Look Internacional 2016, el gran escaparate profesional de la belleza en Espa\u00f1a.<\/span><\/p>\n<\/div><div class=\"fusion-sep-clear\"><\/div><div class=\"fusion-separator fusion-full-width-sep\" style=\"margin-left: auto;margin-right: auto;margin-top:30px;width:100%;\"><\/div><div class=\"fusion-sep-clear\"><\/div><div class=\"fusion-text fusion-text-4\"><p style=\"text-align: justify;\">Con un espacio multidisciplinar de 180m2, Termix se alz\u00f3 como la marca elegida para los visitantes para el cuidado de su cabello, batiendo r\u00e9cord hist\u00f3rico de asistencia al stand, y en <span style=\"color: #000000;\">marca galardonada por la V Galer\u00eda de Innovaci\u00f3n con el Cepillo Evolution XL, con 3 cent\u00edmetros m\u00e1s de longitud.<\/span> Con todo ello, la marca l\u00edder en herramientas de peluquer\u00eda profesional c<span style=\"color: #000000;\">onsigui\u00f3 superar sus expectativas y acercar la experiencia Termix a sus clientes.<\/span><\/p>\n<h2>Termix en sal\u00f3n look 2016<\/h2>\n<p style=\"text-align: justify;\">Consagrada como el punto de encuentro m\u00e1s distinguido y completo del sector en nuestro pa\u00eds, del 5 al 7 de noviembre, el Pabell\u00f3n 3, 4 y 5 del recinto ferial de Ifema reuni\u00f3 a m\u00e1s de 1.300 marcas y super\u00f3 la cifra de 60.000 asistentes dispuestos a conocer de primera mano \u00a0lo nuevo del sector, a trav\u00e9s de una extensa oferta de innovaciones y \u00faltimos lanzamientos.<strong> Las c\u00e1maras de televisi\u00f3n y los visitantes no pasaron por alto los lanzamientos estrella de Termix para este 2016<\/strong>. Entre ellos, el galardonado cepillo Termix Evolution\u00a0XL, convertido ya en un <strong>best-seller de la marca por todo el mundo como una aut\u00e9ntica revoluci\u00f3n para el cepillado.<\/strong><\/p>\n<p style=\"text-align: justify;\"><img decoding=\"async\" class=\"size-full wp-image-8204 aligncenter\" src=\"http:\/\/termix.net\/wp-content\/uploads\/2016\/11\/bannerweb_postlook_2_premioinnova.jpg\" alt=\"\u00c9xito de Termix en Sal\u00f3n Look 2016\" width=\"800\" height=\"680\" \/><\/p>\n<p style=\"text-align: justify;\">Los cepillos alisadores Pro Styling y Pro Flat tambi\u00e9n se posicionaron como los grandes favoritos\u00a0 de esta edici\u00f3n <strong>despu\u00e9s de conquistar a las celebrities y las bloggers m\u00e1s influyentes por su facilidad de uso y sus resultados profesionales a la hora de alisar u ondular el cabello.<\/strong> Igual que la renovada Plancha Slim que se present\u00f3 en la feria o la Plancha 230\u00ba de \u00faltima generaci\u00f3n.<\/p>\n<p style=\"text-align: justify;\"><img decoding=\"async\" class=\"size-full wp-image-8210 aligncenter\" src=\"http:\/\/termix.net\/wp-content\/uploads\/2016\/11\/bannerweb_postlook_8_demos.jpg\" alt=\"\u00c9xito de Termix en Sal\u00f3n Look 2016\" width=\"800\" height=\"680\" \/><\/p>\n<p style=\"text-align: justify;\">Los visitantes pudieron probar todas estas herramientas en los tocadores de la zona de <strong>demostraci\u00f3n de la mano del equipo t\u00e9cnico<\/strong>. Adem\u00e1s, pudieron disfrutar de cambios de look en directo <strong>de la mano del asesor t\u00e9cnico de la marca, Cristian Ruenes.<\/strong><\/p>\n<p style=\"text-align: justify;\"><img decoding=\"async\" class=\"size-full wp-image-8207 aligncenter\" src=\"http:\/\/termix.net\/wp-content\/uploads\/2016\/11\/bannerweb_postlook_5_barber.jpg\" alt=\"\u00c9xito de Termix en Sal\u00f3n Look 2016\" width=\"800\" height=\"680\" \/><\/p>\n<p style=\"text-align: justify;\">Otra de las zonas m\u00e1s concurridas fue la <strong>Barber Shop de Termix,<\/strong> que un a\u00f1o m\u00e1s <strong>regres\u00f3 para consolidar las herramientas Premium de la marca<\/strong>, como las m\u00e1quinas de corte y contornos TX01 y TX02, las tijeras de corte o vaciado y las navajas. Un espacio que adem\u00e1s cont\u00f3 con cortes de pelo gratuitos <strong>de la mano de los mejores barberos de Portugal, Danilo Alfonso y Arthur Heiderick<\/strong>.<\/p>\n<p style=\"text-align: justify;\">A la presentaci\u00f3n de las \u00faltimas novedades se sumaron un sinf\u00edn de sorpresas y shows. Bajo el lema, \u201cel arte se subi\u00f3 a la cabeza\u201d, <strong>el famoso estilista argentino, Leandro Toscano,\u00a0 trajo desde Buenos Aires un show art\u00edstico sin precedentes<\/strong>, donde dej\u00f3 claro que una nueva forma de hacer peluquer\u00eda, es posible.<\/p>\n<p><img decoding=\"async\" class=\"size-full wp-image-8209 aligncenter\" src=\"http:\/\/termix.net\/wp-content\/uploads\/2016\/11\/bannerweb_postlook_7_peluqueros.jpg\" alt=\"\u00c9xito de Termix en Sal\u00f3n Look 2016\" width=\"800\" height=\"680\" \/><\/p>\n<p style=\"text-align: justify;\">Por su parte, <strong>Antonio Garrido present\u00f3 junto con la modelo e influencer Teresa Bass<\/strong> las posibilidades del nuevo cepillo Evolution XL y dio las claves para acertar con el asesoramiento a las clientas.<\/p>\n<p><iframe src=\"https:\/\/www.youtube.com\/embed\/QkwreAcmBRo\" width=\"560\" height=\"315\" frameborder=\"0\" allowfullscreen=\"allowfullscreen\"><\/iframe><\/p>\n<p style=\"text-align: justify;\"><strong>Lorena Morlote protagoniz\u00f3 uno de los shows m\u00e1s esperados. Junto con Romina Belluscio y Makoke<\/strong>, present\u00f3 las \u00faltimas tendencias con los cepillos alisadores Pro Styling y Pro Flat y demostr\u00f3 por qu\u00e9 el trabajo en equipo es la clave del \u00e9xito tambi\u00e9n en el mundo de la peluquer\u00eda.<\/p>\n<p><iframe src=\"https:\/\/www.youtube.com\/embed\/LrpBrqoGNWw\" width=\"560\" height=\"315\" frameborder=\"0\" allowfullscreen=\"allowfullscreen\"><\/iframe><\/p>\n<p style=\"text-align: justify;\">Lo \u00faltimo en barber\u00eda lleg\u00f3 de la mano de <strong>los Barberos Danilo Alfonso y Arthur Heiderick que cortaron el pelo en t\u00e1ndem a Suso \u00c1lvarez<\/strong> y presentaron en primicia las nuevas m\u00e1quinas de corte y contornos Power Cut y Styling Cut. Un show sorprendente y divertido que levant\u00f3 pasiones entre los amantes de la barber\u00eda y sus fans por partes iguales.<\/p>\n<p style=\"text-align: justify;\"><img decoding=\"async\" class=\"size-full wp-image-8208 aligncenter\" src=\"http:\/\/termix.net\/wp-content\/uploads\/2016\/11\/bannerweb_postlook_6_photocall.jpg\" alt=\"\u00c9xito de Termix en Sal\u00f3n Look 2016\" width=\"800\" height=\"680\" \/><\/p>\n<p style=\"text-align: justify;\">Como en ediciones anteriores, los visitantes tampoco se marcharon con las manos vac\u00edas. <strong>En la zona del photocall les esper\u00f3 con regalos y la posibilidad de estar m\u00e1s cerca que nunca de la revoluci\u00f3n del cepillo XL gracias al concurso en redes sociales.<\/strong><\/p>\n<p style=\"text-align: justify;\">Tres d\u00edas de m\u00e1xima expectaci\u00f3n donde el innovador catering tambi\u00e9n <strong>deleit\u00f3 los 5 sentidos de los clientes.<\/strong><\/p>\n<p style=\"text-align: justify;\"><img decoding=\"async\" class=\"size-full wp-image-8206 aligncenter\" src=\"http:\/\/termix.net\/wp-content\/uploads\/2016\/11\/bannerweb_postlook_4_molecularexp.jpg\" alt=\"\u00c9xito de Termix en Sal\u00f3n Look 2016\" width=\"800\" height=\"680\" \/><\/p>\n<p style=\"text-align: justify;\">Todo un despliegue de creatividad e inspiraci\u00f3n para los visitantes, que pudieron comprobar de primera mano por qu\u00e9 Termix sigue siendo la marca l\u00edder en cepillos de pelo y otras herramientas de peluquer\u00eda profesional.<\/p>\n<h2>Consigue tus <strong>entradas sal\u00f3n look 2018<\/strong><\/h2>\n<p style=\"text-align: justify;\"><img decoding=\"async\" class=\"alignleft size-full wp-image-8205\" src=\"http:\/\/termix.net\/wp-content\/uploads\/2016\/11\/bannerweb_postlook_3_desplieguepubli.jpg\" alt=\"\u00c9xito de Termix en Sal\u00f3n Look 2016\" width=\"800\" height=\"680\" \/><\/p>\n<\/div><div class=\"fusion-clearfix\"><\/div><\/div><\/div><\/div><\/div><div class=\"fusion-fullwidth fullwidth-box fusion-builder-row-4 nonhundred-percent-fullwidth non-hundred-percent-height-scrolling\" style=\"--awb-border-radius-top-left:0px;--awb-border-radius-top-right:0px;--awb-border-radius-bottom-right:0px;--awb-border-radius-bottom-left:0px;\" ><\/div><\/p>\n","protected":false},"excerpt":{"rendered":"<p>\t\t\t\tGracias a la participaci\u00f3n de los estilistas y celebrities del momento,  una gran puesta en escena, las sorpresas m\u00e1s coloridas, los regalos m\u00e1s sorprendentes y las propuestas m\u00e1s innovadoras, Termix volvi\u00f3 a convertirse en el protagonista indiscutible de una de las ediciones m\u00e1s exitosas de la feria Sal\u00f3n Look.\t\t<\/p>\n","protected":false},"author":2,"featured_media":23101,"comment_status":"open","ping_status":"open","sticky":false,"template":"","format":"standard","meta":[],"categories":[6],"tags":[],"yoast_head":"<!-- This site is optimized with the Yoast SEO plugin v20.0 - https:\/\/yoast.com\/wordpress\/plugins\/seo\/ -->\n<title>Termix en sal\u00f3n look 2016 - Herramientas de peluquer\u00eda profesional<\/title>\n<meta name=\"description\" content=\"Blog Termix Spain - Termix supera las expectativas y triunfa en sal\u00f3n look 2016 -\" \/>\n<meta name=\"robots\" content=\"index, follow, max-snippet:-1, max-image-preview:large, max-video-preview:-1\" \/>\n<link rel=\"canonical\" href=\"https:\/\/termix.net\/blog\/es\/termix-supera-las-expectativas-triunfa-salon-look-2016\/\" \/>\n<meta property=\"og:locale\" content=\"es_ES\" \/>\n<meta property=\"og:type\" content=\"article\" \/>\n<meta property=\"og:title\" content=\"Termix en sal\u00f3n look 2016 - Herramientas de peluquer\u00eda profesional\" \/>\n<meta property=\"og:description\" content=\"Blog Termix Spain - Termix supera las expectativas y triunfa en sal\u00f3n look 2016 -\" \/>\n<meta property=\"og:url\" content=\"https:\/\/termix.net\/blog\/es\/termix-supera-las-expectativas-triunfa-salon-look-2016\/\" \/>\n<meta property=\"og:site_name\" content=\"Blog Termix Spain\" \/>\n<meta property=\"article:published_time\" content=\"2016-11-14T13:54:01+00:00\" \/>\n<meta property=\"article:modified_time\" content=\"2019-12-16T11:22:03+00:00\" \/>\n<meta property=\"og:image\" content=\"https:\/\/termix.net\/blog\/wp-content\/uploads\/2016\/11\/bannerweb_postlook_4_molecularexp.jpg\" \/>\n\t<meta property=\"og:image:width\" content=\"800\" \/>\n\t<meta property=\"og:image:height\" content=\"680\" \/>\n\t<meta property=\"og:image:type\" content=\"image\/jpeg\" \/>\n<meta name=\"author\" content=\"TermixTeam\" \/>\n<meta name=\"twitter:card\" content=\"summary_large_image\" \/>\n<meta name=\"twitter:label1\" content=\"Escrito por\" \/>\n\t<meta name=\"twitter:data1\" content=\"TermixTeam\" \/>\n\t<meta name=\"twitter:label2\" content=\"Tiempo de lectura\" \/>\n\t<meta name=\"twitter:data2\" content=\"10 minutos\" \/>\n<script type=\"application\/ld+json\" class=\"yoast-schema-graph\">{\"@context\":\"https:\/\/schema.org\",\"@graph\":[{\"@type\":\"Article\",\"@id\":\"https:\/\/termix.net\/blog\/es\/termix-supera-las-expectativas-triunfa-salon-look-2016\/#article\",\"isPartOf\":{\"@id\":\"https:\/\/termix.net\/blog\/es\/termix-supera-las-expectativas-triunfa-salon-look-2016\/\"},\"author\":{\"name\":\"TermixTeam\",\"@id\":\"https:\/\/termix.net\/blog\/es\/#\/schema\/person\/9096c98bdf03c8ddf91ad7172f254f40\"},\"headline\":\"Termix supera las expectativas y triunfa en sal\u00f3n look 2016\",\"datePublished\":\"2016-11-14T13:54:01+00:00\",\"dateModified\":\"2019-12-16T11:22:03+00:00\",\"mainEntityOfPage\":{\"@id\":\"https:\/\/termix.net\/blog\/es\/termix-supera-las-expectativas-triunfa-salon-look-2016\/\"},\"wordCount\":1965,\"commentCount\":0,\"publisher\":{\"@id\":\"https:\/\/termix.net\/blog\/es\/#organization\"},\"articleSection\":[\"NOTICIAS\"],\"inLanguage\":\"es\",\"potentialAction\":[{\"@type\":\"CommentAction\",\"name\":\"Comment\",\"target\":[\"https:\/\/termix.net\/blog\/es\/termix-supera-las-expectativas-triunfa-salon-look-2016\/#respond\"]}]},{\"@type\":\"WebPage\",\"@id\":\"https:\/\/termix.net\/blog\/es\/termix-supera-las-expectativas-triunfa-salon-look-2016\/\",\"url\":\"https:\/\/termix.net\/blog\/es\/termix-supera-las-expectativas-triunfa-salon-look-2016\/\",\"name\":\"Termix en sal\u00f3n look 2016 - Herramientas de peluquer\u00eda profesional\",\"isPartOf\":{\"@id\":\"https:\/\/termix.net\/blog\/es\/#website\"},\"datePublished\":\"2016-11-14T13:54:01+00:00\",\"dateModified\":\"2019-12-16T11:22:03+00:00\",\"description\":\"Blog Termix Spain - Termix supera las expectativas y triunfa en sal\u00f3n look 2016 -\",\"breadcrumb\":{\"@id\":\"https:\/\/termix.net\/blog\/es\/termix-supera-las-expectativas-triunfa-salon-look-2016\/#breadcrumb\"},\"inLanguage\":\"es\",\"potentialAction\":[{\"@type\":\"ReadAction\",\"target\":[\"https:\/\/termix.net\/blog\/es\/termix-supera-las-expectativas-triunfa-salon-look-2016\/\"]}]},{\"@type\":\"BreadcrumbList\",\"@id\":\"https:\/\/termix.net\/blog\/es\/termix-supera-las-expectativas-triunfa-salon-look-2016\/#breadcrumb\",\"itemListElement\":[{\"@type\":\"ListItem\",\"position\":1,\"name\":\"Home\",\"item\":\"https:\/\/termix.net\/blog\/es\/\"},{\"@type\":\"ListItem\",\"position\":2,\"name\":\"Termix supera las expectativas y triunfa en sal\u00f3n look 2016\"}]},{\"@type\":\"WebSite\",\"@id\":\"https:\/\/termix.net\/blog\/es\/#website\",\"url\":\"https:\/\/termix.net\/blog\/es\/\",\"name\":\"Blog Termix Spain\",\"description\":\"Blog de tendencias y productos de peluquer\u00eda profesional.\",\"publisher\":{\"@id\":\"https:\/\/termix.net\/blog\/es\/#organization\"},\"potentialAction\":[{\"@type\":\"SearchAction\",\"target\":{\"@type\":\"EntryPoint\",\"urlTemplate\":\"https:\/\/termix.net\/blog\/es\/?s={search_term_string}\"},\"query-input\":\"required name=search_term_string\"}],\"inLanguage\":\"es\"},{\"@type\":\"Organization\",\"@id\":\"https:\/\/termix.net\/blog\/es\/#organization\",\"name\":\"Dols Industrial de Peluquer\u00eda SA\",\"url\":\"https:\/\/termix.net\/blog\/es\/\",\"logo\":{\"@type\":\"ImageObject\",\"inLanguage\":\"es\",\"@id\":\"https:\/\/termix.net\/blog\/es\/#\/schema\/logo\/image\/\",\"url\":\"https:\/\/termix.net\/blog\/wp-content\/uploads\/2020\/10\/OGbDAeng.jpeg\",\"contentUrl\":\"https:\/\/termix.net\/blog\/wp-content\/uploads\/2020\/10\/OGbDAeng.jpeg\",\"width\":800,\"height\":800,\"caption\":\"Dols Industrial de Peluquer\u00eda SA\"},\"image\":{\"@id\":\"https:\/\/termix.net\/blog\/es\/#\/schema\/logo\/image\/\"}},{\"@type\":\"Person\",\"@id\":\"https:\/\/termix.net\/blog\/es\/#\/schema\/person\/9096c98bdf03c8ddf91ad7172f254f40\",\"name\":\"TermixTeam\",\"image\":{\"@type\":\"ImageObject\",\"inLanguage\":\"es\",\"@id\":\"https:\/\/termix.net\/blog\/es\/#\/schema\/person\/image\/\",\"url\":\"https:\/\/secure.gravatar.com\/avatar\/d89f61f6bd1c29a4acb231736d1c74b3?s=96&d=mm&r=g\",\"contentUrl\":\"https:\/\/secure.gravatar.com\/avatar\/d89f61f6bd1c29a4acb231736d1c74b3?s=96&d=mm&r=g\",\"caption\":\"TermixTeam\"},\"url\":\"https:\/\/termix.net\/blog\/es\/author\/termixteam\/\"}]}<\/script>\n<!-- \/ Yoast SEO plugin. -->","yoast_head_json":{"title":"Termix en sal\u00f3n look 2016 - Herramientas de peluquer\u00eda profesional","description":"Blog Termix Spain - Termix supera las expectativas y triunfa en sal\u00f3n look 2016 -","robots":{"index":"index","follow":"follow","max-snippet":"max-snippet:-1","max-image-preview":"max-image-preview:large","max-video-preview":"max-video-preview:-1"},"canonical":"https:\/\/termix.net\/blog\/es\/termix-supera-las-expectativas-triunfa-salon-look-2016\/","og_locale":"es_ES","og_type":"article","og_title":"Termix en sal\u00f3n look 2016 - Herramientas de peluquer\u00eda profesional","og_description":"Blog Termix Spain - Termix supera las expectativas y triunfa en sal\u00f3n look 2016 -","og_url":"https:\/\/termix.net\/blog\/es\/termix-supera-las-expectativas-triunfa-salon-look-2016\/","og_site_name":"Blog Termix Spain","article_published_time":"2016-11-14T13:54:01+00:00","article_modified_time":"2019-12-16T11:22:03+00:00","og_image":[{"width":800,"height":680,"url":"https:\/\/termix.net\/blog\/wp-content\/uploads\/2016\/11\/bannerweb_postlook_4_molecularexp.jpg","type":"image\/jpeg"}],"author":"TermixTeam","twitter_card":"summary_large_image","twitter_misc":{"Escrito por":"TermixTeam","Tiempo de lectura":"10 minutos"},"schema":{"@context":"https:\/\/schema.org","@graph":[{"@type":"Article","@id":"https:\/\/termix.net\/blog\/es\/termix-supera-las-expectativas-triunfa-salon-look-2016\/#article","isPartOf":{"@id":"https:\/\/termix.net\/blog\/es\/termix-supera-las-expectativas-triunfa-salon-look-2016\/"},"author":{"name":"TermixTeam","@id":"https:\/\/termix.net\/blog\/es\/#\/schema\/person\/9096c98bdf03c8ddf91ad7172f254f40"},"headline":"Termix supera las expectativas y triunfa en sal\u00f3n look 2016","datePublished":"2016-11-14T13:54:01+00:00","dateModified":"2019-12-16T11:22:03+00:00","mainEntityOfPage":{"@id":"https:\/\/termix.net\/blog\/es\/termix-supera-las-expectativas-triunfa-salon-look-2016\/"},"wordCount":1965,"commentCount":0,"publisher":{"@id":"https:\/\/termix.net\/blog\/es\/#organization"},"articleSection":["NOTICIAS"],"inLanguage":"es","potentialAction":[{"@type":"CommentAction","name":"Comment","target":["https:\/\/termix.net\/blog\/es\/termix-supera-las-expectativas-triunfa-salon-look-2016\/#respond"]}]},{"@type":"WebPage","@id":"https:\/\/termix.net\/blog\/es\/termix-supera-las-expectativas-triunfa-salon-look-2016\/","url":"https:\/\/termix.net\/blog\/es\/termix-supera-las-expectativas-triunfa-salon-look-2016\/","name":"Termix en sal\u00f3n look 2016 - Herramientas de peluquer\u00eda profesional","isPartOf":{"@id":"https:\/\/termix.net\/blog\/es\/#website"},"datePublished":"2016-11-14T13:54:01+00:00","dateModified":"2019-12-16T11:22:03+00:00","description":"Blog Termix Spain - Termix supera las expectativas y triunfa en sal\u00f3n look 2016 -","breadcrumb":{"@id":"https:\/\/termix.net\/blog\/es\/termix-supera-las-expectativas-triunfa-salon-look-2016\/#breadcrumb"},"inLanguage":"es","potentialAction":[{"@type":"ReadAction","target":["https:\/\/termix.net\/blog\/es\/termix-supera-las-expectativas-triunfa-salon-look-2016\/"]}]},{"@type":"BreadcrumbList","@id":"https:\/\/termix.net\/blog\/es\/termix-supera-las-expectativas-triunfa-salon-look-2016\/#breadcrumb","itemListElement":[{"@type":"ListItem","position":1,"name":"Home","item":"https:\/\/termix.net\/blog\/es\/"},{"@type":"ListItem","position":2,"name":"Termix supera las expectativas y triunfa en sal\u00f3n look 2016"}]},{"@type":"WebSite","@id":"https:\/\/termix.net\/blog\/es\/#website","url":"https:\/\/termix.net\/blog\/es\/","name":"Blog Termix Spain","description":"Blog de tendencias y productos de peluquer\u00eda profesional.","publisher":{"@id":"https:\/\/termix.net\/blog\/es\/#organization"},"potentialAction":[{"@type":"SearchAction","target":{"@type":"EntryPoint","urlTemplate":"https:\/\/termix.net\/blog\/es\/?s={search_term_string}"},"query-input":"required name=search_term_string"}],"inLanguage":"es"},{"@type":"Organization","@id":"https:\/\/termix.net\/blog\/es\/#organization","name":"Dols Industrial de Peluquer\u00eda SA","url":"https:\/\/termix.net\/blog\/es\/","logo":{"@type":"ImageObject","inLanguage":"es","@id":"https:\/\/termix.net\/blog\/es\/#\/schema\/logo\/image\/","url":"https:\/\/termix.net\/blog\/wp-content\/uploads\/2020\/10\/OGbDAeng.jpeg","contentUrl":"https:\/\/termix.net\/blog\/wp-content\/uploads\/2020\/10\/OGbDAeng.jpeg","width":800,"height":800,"caption":"Dols Industrial de Peluquer\u00eda SA"},"image":{"@id":"https:\/\/termix.net\/blog\/es\/#\/schema\/logo\/image\/"}},{"@type":"Person","@id":"https:\/\/termix.net\/blog\/es\/#\/schema\/person\/9096c98bdf03c8ddf91ad7172f254f40","name":"TermixTeam","image":{"@type":"ImageObject","inLanguage":"es","@id":"https:\/\/termix.net\/blog\/es\/#\/schema\/person\/image\/","url":"https:\/\/secure.gravatar.com\/avatar\/d89f61f6bd1c29a4acb231736d1c74b3?s=96&d=mm&r=g","contentUrl":"https:\/\/secure.gravatar.com\/avatar\/d89f61f6bd1c29a4acb231736d1c74b3?s=96&d=mm&r=g","caption":"TermixTeam"},"url":"https:\/\/termix.net\/blog\/es\/author\/termixteam\/"}]}},"_links":{"self":[{"href":"https:\/\/termix.net\/blog\/es\/wp-json\/wp\/v2\/posts\/8201"}],"collection":[{"href":"https:\/\/termix.net\/blog\/es\/wp-json\/wp\/v2\/posts"}],"about":[{"href":"https:\/\/termix.net\/blog\/es\/wp-json\/wp\/v2\/types\/post"}],"author":[{"embeddable":true,"href":"https:\/\/termix.net\/blog\/es\/wp-json\/wp\/v2\/users\/2"}],"replies":[{"embeddable":true,"href":"https:\/\/termix.net\/blog\/es\/wp-json\/wp\/v2\/comments?post=8201"}],"version-history":[{"count":3,"href":"https:\/\/termix.net\/blog\/es\/wp-json\/wp\/v2\/posts\/8201\/revisions"}],"predecessor-version":[{"id":23645,"href":"https:\/\/termix.net\/blog\/es\/wp-json\/wp\/v2\/posts\/8201\/revisions\/23645"}],"wp:featuredmedia":[{"embeddable":true,"href":"https:\/\/termix.net\/blog\/es\/wp-json\/wp\/v2\/media\/23101"}],"wp:attachment":[{"href":"https:\/\/termix.net\/blog\/es\/wp-json\/wp\/v2\/media?parent=8201"}],"wp:term":[{"taxonomy":"category","embeddable":true,"href":"https:\/\/termix.net\/blog\/es\/wp-json\/wp\/v2\/categories?post=8201"},{"taxonomy":"post_tag","embeddable":true,"href":"https:\/\/termix.net\/blog\/es\/wp-json\/wp\/v2\/tags?post=8201"}],"curies":[{"name":"wp","href":"https:\/\/api.w.org\/{rel}","templated":true}]}}