{"id":8118,"date":"2016-11-04T09:53:36","date_gmt":"2016-11-04T09:53:36","guid":{"rendered":"http:\/\/termix.net\/?p=8118"},"modified":"2019-12-12T15:16:39","modified_gmt":"2019-12-12T14:16:39","slug":"concurso-photocall-xlrevolution-salon-look-madrid-2016","status":"publish","type":"post","link":"https:\/\/termix.net\/blog\/es\/concurso-photocall-xlrevolution-salon-look-madrid-2016\/","title":{"rendered":"Concurso photocall #xlrevolution en Sal\u00f3n Look Madrid 2016"},"content":{"rendered":"<p><div class=\"fusion-fullwidth fullwidth-box fusion-builder-row-1 faded-background fusion-parallax-none nonhundred-percent-fullwidth non-hundred-percent-height-scrolling fusion-no-small-visibility fusion-no-medium-visibility\" style=\"--awb-border-radius-top-left:0px;--awb-border-radius-top-right:0px;--awb-border-radius-bottom-right:0px;--awb-border-radius-bottom-left:0px;--awb-padding-top:24%;--awb-padding-right:3%;--awb-padding-left:3%;--awb-background-size:cover;\" ><div class=\"fullwidth-faded\" style=\"--awb-background-color:#181818;--awb-background-image:url(https:\/\/termix.net\/blog\/wp-content\/uploads\/2016\/11\/bannerweb_concursolook.jpg);--awb-background-size:cover;\" ><\/div><div class=\"fusion-builder-row fusion-row\"><div class=\"fusion-layout-column fusion_builder_column fusion-builder-column-0 fusion_builder_column_1_1 1_1 fusion-one-full fusion-column-first fusion-column-last\" style=\"--awb-padding-top:6%;--awb-padding-right:8%;--awb-padding-bottom:6%;--awb-padding-left:8%;--awb-bg-color:rgba(255,255,255,0.7);--awb-bg-size:cover;--awb-margin-top:0px;--awb-margin-bottom:0px;\"><div class=\"fusion-column-wrapper fusion-column-has-shadow fusion-flex-column-wrapper-legacy\"><div class=\"fusion-text fusion-text-1 caption\"><p style=\"text-align: center;\">concurso \u2014 3 min de lectura<\/p>\n<\/div><div class=\"fusion-title title fusion-title-1 fusion-sep-none fusion-title-center fusion-title-text fusion-title-size-two\" style=\"--awb-margin-top:30px;--awb-margin-bottom:20px;\"><h2 class=\"title-heading-center fusion-responsive-typography-calculated\" style=\"margin:0;--fontSize:50;line-height:1.28;\">Concurso photocall #xlrevolution en Sal\u00f3n Look Madrid 2016<\/h2><\/div><div class=\"fusion-clearfix\"><\/div><\/div><\/div><\/div><\/div><div class=\"fusion-fullwidth fullwidth-box fusion-builder-row-2 fusion-parallax-none nonhundred-percent-fullwidth non-hundred-percent-height-scrolling fusion-no-large-visibility\" style=\"--awb-border-radius-top-left:0px;--awb-border-radius-top-right:0px;--awb-border-radius-bottom-right:0px;--awb-border-radius-bottom-left:0px;--awb-background-image:url(&quot;https:\/\/termix.net\/blog\/wp-content\/uploads\/2019\/11\/con-el-secador-compacto-profesioanl-4300-de-termix-damos-volumen-al-cabello-1.jpg&quot;);--awb-background-size:cover;\" ><div class=\"fusion-builder-row fusion-row\"><div class=\"fusion-layout-column fusion_builder_column fusion-builder-column-1 fusion_builder_column_1_1 1_1 fusion-one-full fusion-column-first fusion-column-last fusion-column-inner-bg-wrapper\" style=\"--awb-padding-top:10%;--awb-padding-bottom:10%;--awb-inner-bg-image:url(&#039;http:\/\/termix.net\/blog\/wp-content\/uploads\/2019\/03\/single-blog-post-feat.jpg&#039;);--awb-inner-bg-position:center center;--awb-inner-bg-size:cover;\"><span class=\"fusion-column-inner-bg hover-type-zoomout\"><span class=\"fusion-column-anchor\"><span class=\"fusion-column-inner-bg-image\"><\/span><\/span><\/span><div class=\"fusion-column-wrapper fusion-flex-column-wrapper-legacy\" data-bg-url=\"http:\/\/termix.net\/blog\/wp-content\/uploads\/2019\/03\/single-blog-post-feat.jpg\"><div class=\"fusion-sep-clear\"><\/div><div class=\"fusion-separator fusion-no-large-visibility fusion-full-width-sep\" style=\"margin-left: auto;margin-right: auto;margin-top:200px;width:100%;\"><\/div><div class=\"fusion-sep-clear\"><\/div><div class=\"fusion-clearfix\"><\/div><\/div><\/div><div class=\"fusion-layout-column fusion_builder_column fusion-builder-column-2 fusion_builder_column_1_1 1_1 fusion-one-full fusion-column-first fusion-column-last\" style=\"--awb-padding-top:6%;--awb-bg-color:#ffffff;--awb-bg-size:cover;--awb-margin-top:0px;--awb-margin-bottom:0px;\"><div class=\"fusion-column-wrapper fusion-flex-column-wrapper-legacy\"><div class=\"fusion-text fusion-text-2 caption\"><p style=\"text-align: center;\">concurso \u2014 3 min de lectura<\/p>\n<\/div><div class=\"fusion-title title fusion-title-2 fusion-sep-none fusion-title-center fusion-title-text fusion-title-size-two\" style=\"--awb-margin-top:30px;--awb-margin-bottom:20px;\"><h2 class=\"title-heading-center fusion-responsive-typography-calculated\" style=\"margin:0;--fontSize:50;line-height:1.28;\">Concurso photocall #xlrevolution en Sal\u00f3n Look Madrid 2016<\/h2><\/div><div class=\"fusion-clearfix\"><\/div><\/div><\/div><\/div><\/div><div class=\"fusion-fullwidth fullwidth-box fusion-builder-row-3 nonhundred-percent-fullwidth non-hundred-percent-height-scrolling\" style=\"--awb-border-radius-top-left:0px;--awb-border-radius-top-right:0px;--awb-border-radius-bottom-right:0px;--awb-border-radius-bottom-left:0px;--awb-padding-top:10px;--awb-padding-bottom:4%;\" ><div class=\"fusion-builder-row fusion-row\"><div class=\"fusion-layout-column fusion_builder_column fusion-builder-column-3 fusion_builder_column_1_6 1_6 fusion-one-sixth fusion-column-first fusion-no-small-visibility fusion-no-medium-visibility\" style=\"--awb-bg-size:cover;width:16.666666666667%;width:calc(16.666666666667% - ( ( 0 ) * 0.16666666666667 ) );margin-right: 0px;\"><div class=\"fusion-column-wrapper fusion-flex-column-wrapper-legacy\"><div class=\"fusion-clearfix\"><\/div><\/div><\/div><div class=\"fusion-layout-column fusion_builder_column fusion-builder-column-4 fusion_builder_column_2_3 2_3 fusion-two-third fusion-column-last\" style=\"--awb-bg-size:cover;width:66.666666666667%;width:calc(66.666666666667% - ( ( 0 ) * 0.66666666666667 ) );\"><div class=\"fusion-column-wrapper fusion-flex-column-wrapper-legacy\"><div class=\"fusion-sep-clear\"><\/div><div class=\"fusion-separator fusion-full-width-sep\" style=\"margin-left: auto;margin-right: auto;margin-top:30px;width:100%;\"><\/div><div class=\"fusion-sep-clear\"><\/div><div class=\"fusion-text fusion-text-3\"><h3><\/h3>\n<h3><strong><em>Un a\u00f1o m\u00e1s, Termix vuelve a sorprender en Sal\u00f3n Look Madrid 2016 con el concurso Photocall <span style=\"color: #000000;\">#XLREVOLUTION. <\/span><\/em><\/strong><\/h3>\n<p style=\"text-align: justify;\">Ven a visitarnos a nuestro stand 4D18 y an\u00edmate a participar en el concurso photocall. Solo tienes que hacerte una fotograf\u00eda en nuestro photocall y conseguir el m\u00e1ximo n\u00famero de votos para ganar. La fotograf\u00eda que tenga m\u00e1s Likes ganar\u00e1 un premio valorado en m\u00e1s de 300\u20ac.<\/p>\n<h2 style=\"text-align: justify;\"><span style=\"color: #000000;\">\u00bfC\u00f3mo participar en el concurso?<\/span><\/h2>\n<ol style=\"text-align: justify;\">\n<li>HAZTE FAN DE NUESTRA P\u00c1GINA DE FACEBOOK TERMIX ESPA\u00d1A (\u201cDALE A ME GUSTA\u201d)<\/li>\n<li>ACCEDE AL APARTADO DE FOTOS EN TERMIX ESPA\u00d1A, BUSCA TU FOTO Y CONSIGUE EL MAYOR N\u00daMERO DE LIKES EN TU FOTOGRAF\u00cdA<\/li>\n<li>TAMBI\u00c9N PUEDES COMPARTIR TU FOTO EN INSTAGRAM Y TWITTER<\/li>\n<\/ol>\n<p style=\"text-align: justify;\">Recuerda que puedes compartir tu foto para que tus amigos puedan hacerse fan de nuestro Facebook y\u00a0votarte. As\u00ed conseguir\u00e1s\u00a0m\u00e1s votos.<\/p>\n<p style=\"text-align: justify;\"><strong>La foto que obtenga\u00a0m\u00e1s \u201cme gustas\u201d<\/strong>\u00a0hasta las 00:00 del 20 de noviembre se llevara un\u00a0<strong>kit profesional Termix<\/strong>\u00a0para conseguir los mejores peinados:<\/p>\n<ul style=\"text-align: justify;\">\n<li><strong>Malet\u00edn con 5 cepillos\u00a0Evolution XL<\/strong><\/li>\n<li><strong>1 Secador profesional<\/strong><\/li>\n<li><strong>1 Cepillo alisador Pro Styling <\/strong><span style=\"color: #000000;\"><strong>(\u00a1NUEVO LANZAMIENTO!)<\/strong><\/span><\/li>\n<\/ul>\n<p style=\"text-align: justify;\"><strong>Adem\u00e1s se sortear\u00e1 otro kit profesional entre todos los participantes.\u00a0<\/strong><\/p>\n<p style=\"text-align: justify;\">Os recordamos, que todas las fotos que se hagan de una manera fraudulenta supondr\u00e1 la eliminaci\u00f3n de la foto.<\/p>\n<p style=\"text-align: center;\">\u00a1MUCHA SUERTE A TODOS!<\/p>\n<p style=\"text-align: left;\"><em><span style=\"color: #000000;\">Ver Bases Legales del Concurso<\/span><\/em><\/p>\n<\/div><div class=\"fusion-clearfix\"><\/div><\/div><\/div><\/div><\/div><div class=\"fusion-fullwidth fullwidth-box fusion-builder-row-4 nonhundred-percent-fullwidth non-hundred-percent-height-scrolling\" style=\"--awb-border-radius-top-left:0px;--awb-border-radius-top-right:0px;--awb-border-radius-bottom-right:0px;--awb-border-radius-bottom-left:0px;\" ><\/div><\/p>\n","protected":false},"excerpt":{"rendered":"<p>\t\t\t\tUn a\u00f1o m\u00e1s, Termix vuelve a sorprender en Sal\u00f3n Look Madrid 2016 con el concurso Photocall #XLREVOLUTION. Ven a visitarnos y participa en el concurso photocall. Solo tienes que hacerte una fotograf\u00eda y conseguir el m\u00e1ximo n\u00famero de votos para ganar un kit . La fotograf\u00eda que tenga m\u00e1s Likes ganar\u00e1 un premio valorado en m\u00e1s de 300\u20ac.\t\t<\/p>\n","protected":false},"author":2,"featured_media":23092,"comment_status":"open","ping_status":"open","sticky":false,"template":"","format":"standard","meta":[],"categories":[6],"tags":[],"yoast_head":"<!-- This site is optimized with the Yoast SEO plugin v20.0 - https:\/\/yoast.com\/wordpress\/plugins\/seo\/ -->\n<title>Concurso photocall #xlrevolution en Sal\u00f3n Look Madrid 2016 - Blog Termix Spain<\/title>\n<meta name=\"description\" content=\"Blog Termix Spain - Concurso photocall #xlrevolution en Sal\u00f3n Look Madrid 2016 -\" \/>\n<meta name=\"robots\" content=\"noindex, follow\" \/>\n<meta property=\"og:locale\" content=\"es_ES\" \/>\n<meta property=\"og:type\" content=\"article\" \/>\n<meta property=\"og:title\" content=\"Concurso photocall #xlrevolution en Sal\u00f3n Look Madrid 2016 - Blog Termix Spain\" \/>\n<meta property=\"og:description\" content=\"Blog Termix Spain - Concurso photocall #xlrevolution en Sal\u00f3n Look Madrid 2016 -\" \/>\n<meta property=\"og:url\" content=\"https:\/\/termix.net\/blog\/es\/concurso-photocall-xlrevolution-salon-look-madrid-2016\/\" \/>\n<meta property=\"og:site_name\" content=\"Blog Termix Spain\" \/>\n<meta property=\"article:published_time\" content=\"2016-11-04T09:53:36+00:00\" \/>\n<meta property=\"article:modified_time\" content=\"2019-12-12T14:16:39+00:00\" \/>\n<meta property=\"og:image\" content=\"https:\/\/termix.net\/blog\/wp-content\/uploads\/2016\/11\/bannerweb_concursolook.jpg\" \/>\n\t<meta property=\"og:image:width\" content=\"800\" \/>\n\t<meta property=\"og:image:height\" content=\"495\" \/>\n\t<meta property=\"og:image:type\" content=\"image\/jpeg\" \/>\n<meta name=\"author\" content=\"TermixTeam\" \/>\n<meta name=\"twitter:card\" content=\"summary_large_image\" \/>\n<meta name=\"twitter:label1\" content=\"Escrito por\" \/>\n\t<meta name=\"twitter:data1\" content=\"TermixTeam\" \/>\n\t<meta name=\"twitter:label2\" content=\"Tiempo de lectura\" \/>\n\t<meta name=\"twitter:data2\" content=\"7 minutos\" \/>\n<script type=\"application\/ld+json\" class=\"yoast-schema-graph\">{\"@context\":\"https:\/\/schema.org\",\"@graph\":[{\"@type\":\"Article\",\"@id\":\"https:\/\/termix.net\/blog\/es\/concurso-photocall-xlrevolution-salon-look-madrid-2016\/#article\",\"isPartOf\":{\"@id\":\"https:\/\/termix.net\/blog\/es\/concurso-photocall-xlrevolution-salon-look-madrid-2016\/\"},\"author\":{\"name\":\"TermixTeam\",\"@id\":\"https:\/\/termix.net\/blog\/es\/#\/schema\/person\/9096c98bdf03c8ddf91ad7172f254f40\"},\"headline\":\"Concurso photocall #xlrevolution en Sal\u00f3n Look Madrid 2016\",\"datePublished\":\"2016-11-04T09:53:36+00:00\",\"dateModified\":\"2019-12-12T14:16:39+00:00\",\"mainEntityOfPage\":{\"@id\":\"https:\/\/termix.net\/blog\/es\/concurso-photocall-xlrevolution-salon-look-madrid-2016\/\"},\"wordCount\":1345,\"commentCount\":0,\"publisher\":{\"@id\":\"https:\/\/termix.net\/blog\/es\/#organization\"},\"articleSection\":[\"NOTICIAS\"],\"inLanguage\":\"es\",\"potentialAction\":[{\"@type\":\"CommentAction\",\"name\":\"Comment\",\"target\":[\"https:\/\/termix.net\/blog\/es\/concurso-photocall-xlrevolution-salon-look-madrid-2016\/#respond\"]}]},{\"@type\":\"WebPage\",\"@id\":\"https:\/\/termix.net\/blog\/es\/concurso-photocall-xlrevolution-salon-look-madrid-2016\/\",\"url\":\"https:\/\/termix.net\/blog\/es\/concurso-photocall-xlrevolution-salon-look-madrid-2016\/\",\"name\":\"Concurso photocall #xlrevolution en Sal\u00f3n Look Madrid 2016 - Blog Termix Spain\",\"isPartOf\":{\"@id\":\"https:\/\/termix.net\/blog\/es\/#website\"},\"datePublished\":\"2016-11-04T09:53:36+00:00\",\"dateModified\":\"2019-12-12T14:16:39+00:00\",\"description\":\"Blog Termix Spain - Concurso photocall #xlrevolution en Sal\u00f3n Look Madrid 2016 -\",\"breadcrumb\":{\"@id\":\"https:\/\/termix.net\/blog\/es\/concurso-photocall-xlrevolution-salon-look-madrid-2016\/#breadcrumb\"},\"inLanguage\":\"es\",\"potentialAction\":[{\"@type\":\"ReadAction\",\"target\":[\"https:\/\/termix.net\/blog\/es\/concurso-photocall-xlrevolution-salon-look-madrid-2016\/\"]}]},{\"@type\":\"BreadcrumbList\",\"@id\":\"https:\/\/termix.net\/blog\/es\/concurso-photocall-xlrevolution-salon-look-madrid-2016\/#breadcrumb\",\"itemListElement\":[{\"@type\":\"ListItem\",\"position\":1,\"name\":\"Home\",\"item\":\"https:\/\/termix.net\/blog\/es\/\"},{\"@type\":\"ListItem\",\"position\":2,\"name\":\"Concurso photocall #xlrevolution en Sal\u00f3n Look Madrid 2016\"}]},{\"@type\":\"WebSite\",\"@id\":\"https:\/\/termix.net\/blog\/es\/#website\",\"url\":\"https:\/\/termix.net\/blog\/es\/\",\"name\":\"Blog Termix Spain\",\"description\":\"Blog de tendencias y productos de peluquer\u00eda profesional.\",\"publisher\":{\"@id\":\"https:\/\/termix.net\/blog\/es\/#organization\"},\"potentialAction\":[{\"@type\":\"SearchAction\",\"target\":{\"@type\":\"EntryPoint\",\"urlTemplate\":\"https:\/\/termix.net\/blog\/es\/?s={search_term_string}\"},\"query-input\":\"required name=search_term_string\"}],\"inLanguage\":\"es\"},{\"@type\":\"Organization\",\"@id\":\"https:\/\/termix.net\/blog\/es\/#organization\",\"name\":\"Dols Industrial de Peluquer\u00eda SA\",\"url\":\"https:\/\/termix.net\/blog\/es\/\",\"logo\":{\"@type\":\"ImageObject\",\"inLanguage\":\"es\",\"@id\":\"https:\/\/termix.net\/blog\/es\/#\/schema\/logo\/image\/\",\"url\":\"https:\/\/termix.net\/blog\/wp-content\/uploads\/2020\/10\/OGbDAeng.jpeg\",\"contentUrl\":\"https:\/\/termix.net\/blog\/wp-content\/uploads\/2020\/10\/OGbDAeng.jpeg\",\"width\":800,\"height\":800,\"caption\":\"Dols Industrial de Peluquer\u00eda SA\"},\"image\":{\"@id\":\"https:\/\/termix.net\/blog\/es\/#\/schema\/logo\/image\/\"}},{\"@type\":\"Person\",\"@id\":\"https:\/\/termix.net\/blog\/es\/#\/schema\/person\/9096c98bdf03c8ddf91ad7172f254f40\",\"name\":\"TermixTeam\",\"image\":{\"@type\":\"ImageObject\",\"inLanguage\":\"es\",\"@id\":\"https:\/\/termix.net\/blog\/es\/#\/schema\/person\/image\/\",\"url\":\"https:\/\/secure.gravatar.com\/avatar\/d89f61f6bd1c29a4acb231736d1c74b3?s=96&d=mm&r=g\",\"contentUrl\":\"https:\/\/secure.gravatar.com\/avatar\/d89f61f6bd1c29a4acb231736d1c74b3?s=96&d=mm&r=g\",\"caption\":\"TermixTeam\"},\"url\":\"https:\/\/termix.net\/blog\/es\/author\/termixteam\/\"}]}<\/script>\n<!-- \/ Yoast SEO plugin. -->","yoast_head_json":{"title":"Concurso photocall #xlrevolution en Sal\u00f3n Look Madrid 2016 - Blog Termix Spain","description":"Blog Termix Spain - Concurso photocall #xlrevolution en Sal\u00f3n Look Madrid 2016 -","robots":{"index":"noindex","follow":"follow"},"og_locale":"es_ES","og_type":"article","og_title":"Concurso photocall #xlrevolution en Sal\u00f3n Look Madrid 2016 - Blog Termix Spain","og_description":"Blog Termix Spain - Concurso photocall #xlrevolution en Sal\u00f3n Look Madrid 2016 -","og_url":"https:\/\/termix.net\/blog\/es\/concurso-photocall-xlrevolution-salon-look-madrid-2016\/","og_site_name":"Blog Termix Spain","article_published_time":"2016-11-04T09:53:36+00:00","article_modified_time":"2019-12-12T14:16:39+00:00","og_image":[{"width":800,"height":495,"url":"https:\/\/termix.net\/blog\/wp-content\/uploads\/2016\/11\/bannerweb_concursolook.jpg","type":"image\/jpeg"}],"author":"TermixTeam","twitter_card":"summary_large_image","twitter_misc":{"Escrito por":"TermixTeam","Tiempo de lectura":"7 minutos"},"schema":{"@context":"https:\/\/schema.org","@graph":[{"@type":"Article","@id":"https:\/\/termix.net\/blog\/es\/concurso-photocall-xlrevolution-salon-look-madrid-2016\/#article","isPartOf":{"@id":"https:\/\/termix.net\/blog\/es\/concurso-photocall-xlrevolution-salon-look-madrid-2016\/"},"author":{"name":"TermixTeam","@id":"https:\/\/termix.net\/blog\/es\/#\/schema\/person\/9096c98bdf03c8ddf91ad7172f254f40"},"headline":"Concurso photocall #xlrevolution en Sal\u00f3n Look Madrid 2016","datePublished":"2016-11-04T09:53:36+00:00","dateModified":"2019-12-12T14:16:39+00:00","mainEntityOfPage":{"@id":"https:\/\/termix.net\/blog\/es\/concurso-photocall-xlrevolution-salon-look-madrid-2016\/"},"wordCount":1345,"commentCount":0,"publisher":{"@id":"https:\/\/termix.net\/blog\/es\/#organization"},"articleSection":["NOTICIAS"],"inLanguage":"es","potentialAction":[{"@type":"CommentAction","name":"Comment","target":["https:\/\/termix.net\/blog\/es\/concurso-photocall-xlrevolution-salon-look-madrid-2016\/#respond"]}]},{"@type":"WebPage","@id":"https:\/\/termix.net\/blog\/es\/concurso-photocall-xlrevolution-salon-look-madrid-2016\/","url":"https:\/\/termix.net\/blog\/es\/concurso-photocall-xlrevolution-salon-look-madrid-2016\/","name":"Concurso photocall #xlrevolution en Sal\u00f3n Look Madrid 2016 - Blog Termix Spain","isPartOf":{"@id":"https:\/\/termix.net\/blog\/es\/#website"},"datePublished":"2016-11-04T09:53:36+00:00","dateModified":"2019-12-12T14:16:39+00:00","description":"Blog Termix Spain - Concurso photocall #xlrevolution en Sal\u00f3n Look Madrid 2016 -","breadcrumb":{"@id":"https:\/\/termix.net\/blog\/es\/concurso-photocall-xlrevolution-salon-look-madrid-2016\/#breadcrumb"},"inLanguage":"es","potentialAction":[{"@type":"ReadAction","target":["https:\/\/termix.net\/blog\/es\/concurso-photocall-xlrevolution-salon-look-madrid-2016\/"]}]},{"@type":"BreadcrumbList","@id":"https:\/\/termix.net\/blog\/es\/concurso-photocall-xlrevolution-salon-look-madrid-2016\/#breadcrumb","itemListElement":[{"@type":"ListItem","position":1,"name":"Home","item":"https:\/\/termix.net\/blog\/es\/"},{"@type":"ListItem","position":2,"name":"Concurso photocall #xlrevolution en Sal\u00f3n Look Madrid 2016"}]},{"@type":"WebSite","@id":"https:\/\/termix.net\/blog\/es\/#website","url":"https:\/\/termix.net\/blog\/es\/","name":"Blog Termix Spain","description":"Blog de tendencias y productos de peluquer\u00eda profesional.","publisher":{"@id":"https:\/\/termix.net\/blog\/es\/#organization"},"potentialAction":[{"@type":"SearchAction","target":{"@type":"EntryPoint","urlTemplate":"https:\/\/termix.net\/blog\/es\/?s={search_term_string}"},"query-input":"required name=search_term_string"}],"inLanguage":"es"},{"@type":"Organization","@id":"https:\/\/termix.net\/blog\/es\/#organization","name":"Dols Industrial de Peluquer\u00eda SA","url":"https:\/\/termix.net\/blog\/es\/","logo":{"@type":"ImageObject","inLanguage":"es","@id":"https:\/\/termix.net\/blog\/es\/#\/schema\/logo\/image\/","url":"https:\/\/termix.net\/blog\/wp-content\/uploads\/2020\/10\/OGbDAeng.jpeg","contentUrl":"https:\/\/termix.net\/blog\/wp-content\/uploads\/2020\/10\/OGbDAeng.jpeg","width":800,"height":800,"caption":"Dols Industrial de Peluquer\u00eda SA"},"image":{"@id":"https:\/\/termix.net\/blog\/es\/#\/schema\/logo\/image\/"}},{"@type":"Person","@id":"https:\/\/termix.net\/blog\/es\/#\/schema\/person\/9096c98bdf03c8ddf91ad7172f254f40","name":"TermixTeam","image":{"@type":"ImageObject","inLanguage":"es","@id":"https:\/\/termix.net\/blog\/es\/#\/schema\/person\/image\/","url":"https:\/\/secure.gravatar.com\/avatar\/d89f61f6bd1c29a4acb231736d1c74b3?s=96&d=mm&r=g","contentUrl":"https:\/\/secure.gravatar.com\/avatar\/d89f61f6bd1c29a4acb231736d1c74b3?s=96&d=mm&r=g","caption":"TermixTeam"},"url":"https:\/\/termix.net\/blog\/es\/author\/termixteam\/"}]}},"_links":{"self":[{"href":"https:\/\/termix.net\/blog\/es\/wp-json\/wp\/v2\/posts\/8118"}],"collection":[{"href":"https:\/\/termix.net\/blog\/es\/wp-json\/wp\/v2\/posts"}],"about":[{"href":"https:\/\/termix.net\/blog\/es\/wp-json\/wp\/v2\/types\/post"}],"author":[{"embeddable":true,"href":"https:\/\/termix.net\/blog\/es\/wp-json\/wp\/v2\/users\/2"}],"replies":[{"embeddable":true,"href":"https:\/\/termix.net\/blog\/es\/wp-json\/wp\/v2\/comments?post=8118"}],"version-history":[{"count":3,"href":"https:\/\/termix.net\/blog\/es\/wp-json\/wp\/v2\/posts\/8118\/revisions"}],"predecessor-version":[{"id":23108,"href":"https:\/\/termix.net\/blog\/es\/wp-json\/wp\/v2\/posts\/8118\/revisions\/23108"}],"wp:featuredmedia":[{"embeddable":true,"href":"https:\/\/termix.net\/blog\/es\/wp-json\/wp\/v2\/media\/23092"}],"wp:attachment":[{"href":"https:\/\/termix.net\/blog\/es\/wp-json\/wp\/v2\/media?parent=8118"}],"wp:term":[{"taxonomy":"category","embeddable":true,"href":"https:\/\/termix.net\/blog\/es\/wp-json\/wp\/v2\/categories?post=8118"},{"taxonomy":"post_tag","embeddable":true,"href":"https:\/\/termix.net\/blog\/es\/wp-json\/wp\/v2\/tags?post=8118"}],"curies":[{"name":"wp","href":"https:\/\/api.w.org\/{rel}","templated":true}]}}