{"id":7904,"date":"2016-10-27T11:11:44","date_gmt":"2016-10-27T11:11:44","guid":{"rendered":"http:\/\/termix.net\/?p=7904"},"modified":"2019-12-12T15:39:19","modified_gmt":"2019-12-12T14:39:19","slug":"preparate-vivir-la-nueva-experiencia-termix-salon-look","status":"publish","type":"post","link":"https:\/\/termix.net\/blog\/es\/preparate-vivir-la-nueva-experiencia-termix-salon-look\/","title":{"rendered":"Prep\u00e1rate para vivir la nueva experiencia Termix en Sal\u00f3n Look"},"content":{"rendered":"<p><div class=\"fusion-fullwidth fullwidth-box fusion-builder-row-1 faded-background fusion-parallax-none nonhundred-percent-fullwidth non-hundred-percent-height-scrolling fusion-no-small-visibility fusion-no-medium-visibility\" style=\"--awb-border-radius-top-left:0px;--awb-border-radius-top-right:0px;--awb-border-radius-bottom-right:0px;--awb-border-radius-bottom-left:0px;--awb-padding-top:24%;--awb-padding-right:3%;--awb-padding-left:3%;--awb-background-size:cover;\" ><div class=\"fullwidth-faded\" style=\"--awb-background-color:#181818;--awb-background-image:url(https:\/\/termix.net\/blog\/wp-content\/uploads\/2016\/10\/bannerweb1_principal.jpg);--awb-background-size:cover;\" ><\/div><div class=\"fusion-builder-row fusion-row\"><div class=\"fusion-layout-column fusion_builder_column fusion-builder-column-0 fusion_builder_column_1_1 1_1 fusion-one-full fusion-column-first fusion-column-last\" style=\"--awb-padding-top:6%;--awb-padding-right:8%;--awb-padding-bottom:6%;--awb-padding-left:8%;--awb-bg-color:rgba(255,255,255,0.7);--awb-bg-size:cover;--awb-margin-top:0px;--awb-margin-bottom:0px;\"><div class=\"fusion-column-wrapper fusion-column-has-shadow fusion-flex-column-wrapper-legacy\"><div class=\"fusion-text fusion-text-1 caption\"><p style=\"text-align: center;\">Ferias \u2014 3 min de lectura<\/p>\n<\/div><div class=\"fusion-title title fusion-title-1 fusion-sep-none fusion-title-center fusion-title-text fusion-title-size-two\" style=\"--awb-margin-top:30px;--awb-margin-bottom:20px;\"><h2 class=\"title-heading-center fusion-responsive-typography-calculated\" style=\"margin:0;--fontSize:50;line-height:1.28;\">Prep\u00e1rate para vivir la nueva experiencia Termix en Sal\u00f3n Look<\/h2><\/div><div class=\"fusion-clearfix\"><\/div><\/div><\/div><\/div><\/div><div class=\"fusion-fullwidth fullwidth-box fusion-builder-row-2 fusion-parallax-none nonhundred-percent-fullwidth non-hundred-percent-height-scrolling fusion-no-large-visibility\" style=\"--awb-border-radius-top-left:0px;--awb-border-radius-top-right:0px;--awb-border-radius-bottom-right:0px;--awb-border-radius-bottom-left:0px;--awb-background-image:url(&quot;https:\/\/termix.net\/blog\/wp-content\/uploads\/2019\/11\/con-el-secador-compacto-profesioanl-4300-de-termix-damos-volumen-al-cabello-1.jpg&quot;);--awb-background-size:cover;\" ><div class=\"fusion-builder-row fusion-row\"><div class=\"fusion-layout-column fusion_builder_column fusion-builder-column-1 fusion_builder_column_1_1 1_1 fusion-one-full fusion-column-first fusion-column-last fusion-column-inner-bg-wrapper\" style=\"--awb-padding-top:10%;--awb-padding-bottom:10%;--awb-inner-bg-image:url(&#039;http:\/\/termix.net\/blog\/wp-content\/uploads\/2019\/03\/single-blog-post-feat.jpg&#039;);--awb-inner-bg-position:center center;--awb-inner-bg-size:cover;\"><span class=\"fusion-column-inner-bg hover-type-zoomout\"><span class=\"fusion-column-anchor\"><span class=\"fusion-column-inner-bg-image\"><\/span><\/span><\/span><div class=\"fusion-column-wrapper fusion-flex-column-wrapper-legacy\" data-bg-url=\"http:\/\/termix.net\/blog\/wp-content\/uploads\/2019\/03\/single-blog-post-feat.jpg\"><div class=\"fusion-sep-clear\"><\/div><div class=\"fusion-separator fusion-no-large-visibility fusion-full-width-sep\" style=\"margin-left: auto;margin-right: auto;margin-top:200px;width:100%;\"><\/div><div class=\"fusion-sep-clear\"><\/div><div class=\"fusion-clearfix\"><\/div><\/div><\/div><div class=\"fusion-layout-column fusion_builder_column fusion-builder-column-2 fusion_builder_column_1_1 1_1 fusion-one-full fusion-column-first fusion-column-last\" style=\"--awb-padding-top:6%;--awb-bg-color:#ffffff;--awb-bg-size:cover;--awb-margin-top:0px;--awb-margin-bottom:0px;\"><div class=\"fusion-column-wrapper fusion-flex-column-wrapper-legacy\"><div class=\"fusion-text fusion-text-2 caption\"><p style=\"text-align: center;\">Ferias \u2014 3 min de lectura<\/p>\n<\/div><div class=\"fusion-title title fusion-title-2 fusion-sep-none fusion-title-center fusion-title-text fusion-title-size-two\" style=\"--awb-margin-top:30px;--awb-margin-bottom:20px;\"><h2 class=\"title-heading-center fusion-responsive-typography-calculated\" style=\"margin:0;--fontSize:50;line-height:1.28;\">Prep\u00e1rate para vivir la nueva experiencia Termix en Sal\u00f3n Look<\/h2><\/div><div class=\"fusion-clearfix\"><\/div><\/div><\/div><\/div><\/div><div class=\"fusion-fullwidth fullwidth-box fusion-builder-row-3 nonhundred-percent-fullwidth non-hundred-percent-height-scrolling\" style=\"--awb-border-radius-top-left:0px;--awb-border-radius-top-right:0px;--awb-border-radius-bottom-right:0px;--awb-border-radius-bottom-left:0px;--awb-padding-top:10px;--awb-padding-bottom:4%;\" ><div class=\"fusion-builder-row fusion-row\"><div class=\"fusion-layout-column fusion_builder_column fusion-builder-column-3 fusion_builder_column_1_6 1_6 fusion-one-sixth fusion-column-first fusion-no-small-visibility fusion-no-medium-visibility\" style=\"--awb-bg-size:cover;width:16.666666666667%;width:calc(16.666666666667% - ( ( 0 ) * 0.16666666666667 ) );margin-right: 0px;\"><div class=\"fusion-column-wrapper fusion-flex-column-wrapper-legacy\"><div class=\"fusion-clearfix\"><\/div><\/div><\/div><div class=\"fusion-layout-column fusion_builder_column fusion-builder-column-4 fusion_builder_column_2_3 2_3 fusion-two-third fusion-column-last\" style=\"--awb-bg-size:cover;width:66.666666666667%;width:calc(66.666666666667% - ( ( 0 ) * 0.66666666666667 ) );\"><div class=\"fusion-column-wrapper fusion-flex-column-wrapper-legacy\"><div class=\"fusion-sep-clear\"><\/div><div class=\"fusion-separator fusion-full-width-sep\" style=\"margin-left: auto;margin-right: auto;margin-top:30px;width:100%;\"><\/div><div class=\"fusion-sep-clear\"><\/div><div class=\"fusion-text fusion-text-3\"><p style=\"text-align: center;\"><strong><span style=\"font-size: 22px; line-height: 1.5em;\"> No se trata de un certamen cualquiera. <\/span><\/strong><\/p>\n<p style=\"text-align: center;\"><span style=\"font-size: 22px; line-height: 1.5em;\">La cuenta atr\u00e1s para una de las citas de la belleza m\u00e1s importantes de Espa\u00f1a ha empezado. Sal\u00f3n Look Internacional se prepara para abrir sus puertas el pr\u00f3ximo 5, 6 y 7 de noviembre en el recinto ferial de Ifema en Madrid. Termix ya ultima los detalles para la que sin duda ser\u00e1 su edici\u00f3n m\u00e1s especial, con una gran puesta en escena, las sorpresas m\u00e1s coloridas, los regalos m\u00e1s sorprendentes y los mejores shows de la mano de los peluqueros m\u00e1s referentes a nivel nacional e internacional que estar\u00e1n acompa\u00f1ados de las celebrities del momento. <\/span><\/p>\n<p style=\"text-align: center;\"><strong><span style=\"font-size: 22px; line-height: 1.5em;\">\u00bfTe lo vas a perder?<\/span><\/strong><\/p>\n<\/div><div class=\"fusion-sep-clear\"><\/div><div class=\"fusion-separator fusion-full-width-sep\" style=\"margin-left: auto;margin-right: auto;margin-top:30px;width:100%;\"><\/div><div class=\"fusion-sep-clear\"><\/div><div class=\"fusion-text fusion-text-4\"><h2 style=\"text-align: justify;\">180 metros cuadrados para despertar los 5 sentidos.<\/h2>\n<p>La zona de clientes que aguarda una colorida degustaci\u00f3n dar\u00e1 la bienvenida a los m\u00e1s de <strong>60.000 visitantes<\/strong> previstos en esta edici\u00f3n para que vivan la experiencia Termix por todo lo alto. Este a\u00f1o, la marca l\u00edder en productos de peluquer\u00eda profesional no pasar\u00e1 desapercibida. Sus novedades tampoco. Convertido ya en un best-seller de la marca por todo el mundo, el <strong>cepillo<\/strong> Evolution XL con 3 cent\u00edmetros extra de longitud \u00a0llega a<strong> Sal\u00f3n Look<\/strong> como una aut\u00e9ntica <strong>revoluci\u00f3n para el cepillado<\/strong> tras obtener el galard\u00f3n de Innovaci\u00f3n 2016 en la categor\u00eda de peluquer\u00eda otorgado por la feria.<\/p>\n<p>Los <strong>cepillos alisadores<\/strong> Pro Styling y Pro Flat tambi\u00e9n se erigen como los grandes favoritos\u00a0 de esta edici\u00f3n despu\u00e9s de conquistar a las celebrities y las bloggers m\u00e1s influyentes por su facilidad de uso y sus resultados profesionales a la hora de alisar u ondular el cabello. Igual que la renovada Plancha Slim que se presentar\u00e1 en la feria o la Plancha 230\u00ba de \u00faltima generaci\u00f3n. Herramientas que el equipo t\u00e9cnico presentar\u00e1 y que se podr\u00e1n probar en los tocadores de la zona demo del stand.<\/p>\n<p style=\"text-align: justify;\">Para los adeptos de la marca, tambi\u00e9n estar\u00e1n presentes los cepillos profesionales, las nuevas ediciones con los colores del a\u00f1o de los cepillos C\u00b7Ramic o la gama alta de cepillos Termix Evolution para cada tipo de cabello.<\/p>\n<p style=\"text-align: justify;\"><img decoding=\"async\" class=\"size-full wp-image-8046 aligncenter\" src=\"http:\/\/termix.net\/wp-content\/uploads\/2016\/10\/bannerweb3_barber.jpg\" alt=\"Sal\u00f3n Look Madrid 2016\" width=\"800\" height=\"495\" \/><\/p>\n<p style=\"text-align: justify;\">El p\u00fablico masculino tambi\u00e9n tendr\u00e1 su espacio.<strong> La barbershop de Termix regresa un a\u00f1o m\u00e1s para consolidar las herramientas Premium de la marca<\/strong>, como las m\u00e1quinas de corte y contornos TX01 y TX02, las tijeras de corte o vaciado y las navajas. <strong>Un espacio que adem\u00e1s contar\u00e1 con cortes de pelo gratuitos de la mano de los mejores barberos de Portugal.<\/strong><\/p>\n<p style=\"text-align: justify;\"><img decoding=\"async\" class=\"size-full wp-image-8047 aligncenter\" src=\"http:\/\/termix.net\/wp-content\/uploads\/2016\/10\/bannerweb4_shows.jpg\" alt=\"Sal\u00f3n Look Madrid 2016\" width=\"800\" height=\"495\" \/><\/p>\n<p style=\"text-align: justify;\">A la presentaci\u00f3n de las \u00faltimas novedades se suman un sinf\u00edn de sorpresas y demostraciones en directo. Bajo el lema, \u201cEl arte se subi\u00f3 a la cabeza\u201d, el famoso estilista argentino, Leandro Toscano,\u00a0 traer\u00e1 desde Buenos Aires un show sin precedentes. Nuestra estilista m\u00e1s internacional, Lorena Morlote, pisar\u00e1 el escenario de Termix para presentar las \u00faltimas tendencias y peinados junto con dos celebrities invitadas. Pero hay m\u00e1s. El reconocido estilista Antonio Garrido\u00a0tambi\u00e9n compartir\u00e1 sus secretos y t\u00e9cnicas con el cepillo EVO XL en el espacio de shows y lo \u00faltimo en barber\u00eda llegar\u00e1 de la mano de dos barberos de Lisboa dispuestos a hacer los cambios de look m\u00e1s sorprendentes, tambi\u00e9n a un ex concursante de GH.<\/p>\n<p style=\"text-align: justify;\">Como en ediciones anteriores, los visitantes tampoco se ir\u00e1n con las manos vac\u00edas. <strong>En la zona del photocall les espera regalos y la posibilidad de estar m\u00e1s cerca que nunca de la revoluci\u00f3n del cepillo XL<\/strong>.<\/p>\n<p style=\"text-align: justify;\">Todo ello durante tres d\u00edas de m\u00e1xima expectaci\u00f3n en el que lo importante es disfrutar y compartir con nosotros la pasi\u00f3n por la peluquer\u00eda. \u00a1Te esperamos!<\/p>\n<\/div><div class=\"fusion-clearfix\"><\/div><\/div><\/div><\/div><\/div><div class=\"fusion-fullwidth fullwidth-box fusion-builder-row-4 nonhundred-percent-fullwidth non-hundred-percent-height-scrolling\" style=\"--awb-border-radius-top-left:0px;--awb-border-radius-top-right:0px;--awb-border-radius-bottom-right:0px;--awb-border-radius-bottom-left:0px;\" ><\/div><\/p>\n","protected":false},"excerpt":{"rendered":"<p>\t\t\t\tLa cuenta atr\u00e1s para una de las citas de la belleza m\u00e1s importantes de Espa\u00f1a ha empezado. Sal\u00f3n Look Internacional se prepara para abrir sus puertas el pr\u00f3ximo 5, 6 y 7 de noviembre en el recinto ferial de Ifema en Madrid. Y Termix ya ultima los detalles para la que sin duda ser\u00e1 su edici\u00f3n m\u00e1s especial. \u00bfTe lo vas a perder?\t\t<\/p>\n","protected":false},"author":2,"featured_media":23117,"comment_status":"open","ping_status":"open","sticky":false,"template":"","format":"standard","meta":[],"categories":[6],"tags":[],"yoast_head":"<!-- This site is optimized with the Yoast SEO plugin v20.0 - https:\/\/yoast.com\/wordpress\/plugins\/seo\/ -->\n<title>EXPERIENCIA SAL\u00d3N LOOK - Herramientas de peluquer\u00eda Termix<\/title>\n<meta name=\"description\" content=\"Blog Termix Spain - Prep\u00e1rate para vivir la nueva experiencia Termix en Sal\u00f3n Look -\" \/>\n<meta name=\"robots\" content=\"index, follow, max-snippet:-1, max-image-preview:large, max-video-preview:-1\" \/>\n<link rel=\"canonical\" href=\"https:\/\/termix.net\/blog\/es\/preparate-vivir-la-nueva-experiencia-termix-salon-look\/\" \/>\n<meta property=\"og:locale\" content=\"es_ES\" \/>\n<meta property=\"og:type\" content=\"article\" \/>\n<meta property=\"og:title\" content=\"EXPERIENCIA SAL\u00d3N LOOK - Herramientas de peluquer\u00eda Termix\" \/>\n<meta property=\"og:description\" content=\"Blog Termix Spain - Prep\u00e1rate para vivir la nueva experiencia Termix en Sal\u00f3n Look -\" \/>\n<meta property=\"og:url\" content=\"https:\/\/termix.net\/blog\/es\/preparate-vivir-la-nueva-experiencia-termix-salon-look\/\" \/>\n<meta property=\"og:site_name\" content=\"Blog Termix Spain\" \/>\n<meta property=\"article:published_time\" content=\"2016-10-27T11:11:44+00:00\" \/>\n<meta property=\"article:modified_time\" content=\"2019-12-12T14:39:19+00:00\" \/>\n<meta property=\"og:image\" content=\"https:\/\/termix.net\/blog\/wp-content\/uploads\/2016\/10\/bannerweb1_principal.jpg\" \/>\n\t<meta property=\"og:image:width\" content=\"800\" \/>\n\t<meta property=\"og:image:height\" content=\"495\" \/>\n\t<meta property=\"og:image:type\" content=\"image\/jpeg\" \/>\n<meta name=\"author\" content=\"TermixTeam\" \/>\n<meta name=\"twitter:card\" content=\"summary_large_image\" \/>\n<meta name=\"twitter:label1\" content=\"Escrito por\" \/>\n\t<meta name=\"twitter:data1\" content=\"TermixTeam\" \/>\n\t<meta name=\"twitter:label2\" content=\"Tiempo de lectura\" \/>\n\t<meta name=\"twitter:data2\" content=\"9 minutos\" \/>\n<script type=\"application\/ld+json\" class=\"yoast-schema-graph\">{\"@context\":\"https:\/\/schema.org\",\"@graph\":[{\"@type\":\"Article\",\"@id\":\"https:\/\/termix.net\/blog\/es\/preparate-vivir-la-nueva-experiencia-termix-salon-look\/#article\",\"isPartOf\":{\"@id\":\"https:\/\/termix.net\/blog\/es\/preparate-vivir-la-nueva-experiencia-termix-salon-look\/\"},\"author\":{\"name\":\"TermixTeam\",\"@id\":\"https:\/\/termix.net\/blog\/es\/#\/schema\/person\/9096c98bdf03c8ddf91ad7172f254f40\"},\"headline\":\"Prep\u00e1rate para vivir la nueva experiencia Termix en Sal\u00f3n Look\",\"datePublished\":\"2016-10-27T11:11:44+00:00\",\"dateModified\":\"2019-12-12T14:39:19+00:00\",\"mainEntityOfPage\":{\"@id\":\"https:\/\/termix.net\/blog\/es\/preparate-vivir-la-nueva-experiencia-termix-salon-look\/\"},\"wordCount\":1813,\"commentCount\":5,\"publisher\":{\"@id\":\"https:\/\/termix.net\/blog\/es\/#organization\"},\"articleSection\":[\"NOTICIAS\"],\"inLanguage\":\"es\",\"potentialAction\":[{\"@type\":\"CommentAction\",\"name\":\"Comment\",\"target\":[\"https:\/\/termix.net\/blog\/es\/preparate-vivir-la-nueva-experiencia-termix-salon-look\/#respond\"]}]},{\"@type\":\"WebPage\",\"@id\":\"https:\/\/termix.net\/blog\/es\/preparate-vivir-la-nueva-experiencia-termix-salon-look\/\",\"url\":\"https:\/\/termix.net\/blog\/es\/preparate-vivir-la-nueva-experiencia-termix-salon-look\/\",\"name\":\"EXPERIENCIA SAL\u00d3N LOOK - Herramientas de peluquer\u00eda Termix\",\"isPartOf\":{\"@id\":\"https:\/\/termix.net\/blog\/es\/#website\"},\"datePublished\":\"2016-10-27T11:11:44+00:00\",\"dateModified\":\"2019-12-12T14:39:19+00:00\",\"description\":\"Blog Termix Spain - Prep\u00e1rate para vivir la nueva experiencia Termix en Sal\u00f3n Look -\",\"breadcrumb\":{\"@id\":\"https:\/\/termix.net\/blog\/es\/preparate-vivir-la-nueva-experiencia-termix-salon-look\/#breadcrumb\"},\"inLanguage\":\"es\",\"potentialAction\":[{\"@type\":\"ReadAction\",\"target\":[\"https:\/\/termix.net\/blog\/es\/preparate-vivir-la-nueva-experiencia-termix-salon-look\/\"]}]},{\"@type\":\"BreadcrumbList\",\"@id\":\"https:\/\/termix.net\/blog\/es\/preparate-vivir-la-nueva-experiencia-termix-salon-look\/#breadcrumb\",\"itemListElement\":[{\"@type\":\"ListItem\",\"position\":1,\"name\":\"Home\",\"item\":\"https:\/\/termix.net\/blog\/es\/\"},{\"@type\":\"ListItem\",\"position\":2,\"name\":\"Prep\u00e1rate para vivir la nueva experiencia Termix en Sal\u00f3n Look\"}]},{\"@type\":\"WebSite\",\"@id\":\"https:\/\/termix.net\/blog\/es\/#website\",\"url\":\"https:\/\/termix.net\/blog\/es\/\",\"name\":\"Blog Termix Spain\",\"description\":\"Blog de tendencias y productos de peluquer\u00eda profesional.\",\"publisher\":{\"@id\":\"https:\/\/termix.net\/blog\/es\/#organization\"},\"potentialAction\":[{\"@type\":\"SearchAction\",\"target\":{\"@type\":\"EntryPoint\",\"urlTemplate\":\"https:\/\/termix.net\/blog\/es\/?s={search_term_string}\"},\"query-input\":\"required name=search_term_string\"}],\"inLanguage\":\"es\"},{\"@type\":\"Organization\",\"@id\":\"https:\/\/termix.net\/blog\/es\/#organization\",\"name\":\"Dols Industrial de Peluquer\u00eda SA\",\"url\":\"https:\/\/termix.net\/blog\/es\/\",\"logo\":{\"@type\":\"ImageObject\",\"inLanguage\":\"es\",\"@id\":\"https:\/\/termix.net\/blog\/es\/#\/schema\/logo\/image\/\",\"url\":\"https:\/\/termix.net\/blog\/wp-content\/uploads\/2020\/10\/OGbDAeng.jpeg\",\"contentUrl\":\"https:\/\/termix.net\/blog\/wp-content\/uploads\/2020\/10\/OGbDAeng.jpeg\",\"width\":800,\"height\":800,\"caption\":\"Dols Industrial de Peluquer\u00eda SA\"},\"image\":{\"@id\":\"https:\/\/termix.net\/blog\/es\/#\/schema\/logo\/image\/\"}},{\"@type\":\"Person\",\"@id\":\"https:\/\/termix.net\/blog\/es\/#\/schema\/person\/9096c98bdf03c8ddf91ad7172f254f40\",\"name\":\"TermixTeam\",\"image\":{\"@type\":\"ImageObject\",\"inLanguage\":\"es\",\"@id\":\"https:\/\/termix.net\/blog\/es\/#\/schema\/person\/image\/\",\"url\":\"https:\/\/secure.gravatar.com\/avatar\/d89f61f6bd1c29a4acb231736d1c74b3?s=96&d=mm&r=g\",\"contentUrl\":\"https:\/\/secure.gravatar.com\/avatar\/d89f61f6bd1c29a4acb231736d1c74b3?s=96&d=mm&r=g\",\"caption\":\"TermixTeam\"},\"url\":\"https:\/\/termix.net\/blog\/es\/author\/termixteam\/\"}]}<\/script>\n<!-- \/ Yoast SEO plugin. -->","yoast_head_json":{"title":"EXPERIENCIA SAL\u00d3N LOOK - Herramientas de peluquer\u00eda Termix","description":"Blog Termix Spain - Prep\u00e1rate para vivir la nueva experiencia Termix en Sal\u00f3n Look -","robots":{"index":"index","follow":"follow","max-snippet":"max-snippet:-1","max-image-preview":"max-image-preview:large","max-video-preview":"max-video-preview:-1"},"canonical":"https:\/\/termix.net\/blog\/es\/preparate-vivir-la-nueva-experiencia-termix-salon-look\/","og_locale":"es_ES","og_type":"article","og_title":"EXPERIENCIA SAL\u00d3N LOOK - Herramientas de peluquer\u00eda Termix","og_description":"Blog Termix Spain - Prep\u00e1rate para vivir la nueva experiencia Termix en Sal\u00f3n Look -","og_url":"https:\/\/termix.net\/blog\/es\/preparate-vivir-la-nueva-experiencia-termix-salon-look\/","og_site_name":"Blog Termix Spain","article_published_time":"2016-10-27T11:11:44+00:00","article_modified_time":"2019-12-12T14:39:19+00:00","og_image":[{"width":800,"height":495,"url":"https:\/\/termix.net\/blog\/wp-content\/uploads\/2016\/10\/bannerweb1_principal.jpg","type":"image\/jpeg"}],"author":"TermixTeam","twitter_card":"summary_large_image","twitter_misc":{"Escrito por":"TermixTeam","Tiempo de lectura":"9 minutos"},"schema":{"@context":"https:\/\/schema.org","@graph":[{"@type":"Article","@id":"https:\/\/termix.net\/blog\/es\/preparate-vivir-la-nueva-experiencia-termix-salon-look\/#article","isPartOf":{"@id":"https:\/\/termix.net\/blog\/es\/preparate-vivir-la-nueva-experiencia-termix-salon-look\/"},"author":{"name":"TermixTeam","@id":"https:\/\/termix.net\/blog\/es\/#\/schema\/person\/9096c98bdf03c8ddf91ad7172f254f40"},"headline":"Prep\u00e1rate para vivir la nueva experiencia Termix en Sal\u00f3n Look","datePublished":"2016-10-27T11:11:44+00:00","dateModified":"2019-12-12T14:39:19+00:00","mainEntityOfPage":{"@id":"https:\/\/termix.net\/blog\/es\/preparate-vivir-la-nueva-experiencia-termix-salon-look\/"},"wordCount":1813,"commentCount":5,"publisher":{"@id":"https:\/\/termix.net\/blog\/es\/#organization"},"articleSection":["NOTICIAS"],"inLanguage":"es","potentialAction":[{"@type":"CommentAction","name":"Comment","target":["https:\/\/termix.net\/blog\/es\/preparate-vivir-la-nueva-experiencia-termix-salon-look\/#respond"]}]},{"@type":"WebPage","@id":"https:\/\/termix.net\/blog\/es\/preparate-vivir-la-nueva-experiencia-termix-salon-look\/","url":"https:\/\/termix.net\/blog\/es\/preparate-vivir-la-nueva-experiencia-termix-salon-look\/","name":"EXPERIENCIA SAL\u00d3N LOOK - Herramientas de peluquer\u00eda Termix","isPartOf":{"@id":"https:\/\/termix.net\/blog\/es\/#website"},"datePublished":"2016-10-27T11:11:44+00:00","dateModified":"2019-12-12T14:39:19+00:00","description":"Blog Termix Spain - Prep\u00e1rate para vivir la nueva experiencia Termix en Sal\u00f3n Look -","breadcrumb":{"@id":"https:\/\/termix.net\/blog\/es\/preparate-vivir-la-nueva-experiencia-termix-salon-look\/#breadcrumb"},"inLanguage":"es","potentialAction":[{"@type":"ReadAction","target":["https:\/\/termix.net\/blog\/es\/preparate-vivir-la-nueva-experiencia-termix-salon-look\/"]}]},{"@type":"BreadcrumbList","@id":"https:\/\/termix.net\/blog\/es\/preparate-vivir-la-nueva-experiencia-termix-salon-look\/#breadcrumb","itemListElement":[{"@type":"ListItem","position":1,"name":"Home","item":"https:\/\/termix.net\/blog\/es\/"},{"@type":"ListItem","position":2,"name":"Prep\u00e1rate para vivir la nueva experiencia Termix en Sal\u00f3n Look"}]},{"@type":"WebSite","@id":"https:\/\/termix.net\/blog\/es\/#website","url":"https:\/\/termix.net\/blog\/es\/","name":"Blog Termix Spain","description":"Blog de tendencias y productos de peluquer\u00eda profesional.","publisher":{"@id":"https:\/\/termix.net\/blog\/es\/#organization"},"potentialAction":[{"@type":"SearchAction","target":{"@type":"EntryPoint","urlTemplate":"https:\/\/termix.net\/blog\/es\/?s={search_term_string}"},"query-input":"required name=search_term_string"}],"inLanguage":"es"},{"@type":"Organization","@id":"https:\/\/termix.net\/blog\/es\/#organization","name":"Dols Industrial de Peluquer\u00eda SA","url":"https:\/\/termix.net\/blog\/es\/","logo":{"@type":"ImageObject","inLanguage":"es","@id":"https:\/\/termix.net\/blog\/es\/#\/schema\/logo\/image\/","url":"https:\/\/termix.net\/blog\/wp-content\/uploads\/2020\/10\/OGbDAeng.jpeg","contentUrl":"https:\/\/termix.net\/blog\/wp-content\/uploads\/2020\/10\/OGbDAeng.jpeg","width":800,"height":800,"caption":"Dols Industrial de Peluquer\u00eda SA"},"image":{"@id":"https:\/\/termix.net\/blog\/es\/#\/schema\/logo\/image\/"}},{"@type":"Person","@id":"https:\/\/termix.net\/blog\/es\/#\/schema\/person\/9096c98bdf03c8ddf91ad7172f254f40","name":"TermixTeam","image":{"@type":"ImageObject","inLanguage":"es","@id":"https:\/\/termix.net\/blog\/es\/#\/schema\/person\/image\/","url":"https:\/\/secure.gravatar.com\/avatar\/d89f61f6bd1c29a4acb231736d1c74b3?s=96&d=mm&r=g","contentUrl":"https:\/\/secure.gravatar.com\/avatar\/d89f61f6bd1c29a4acb231736d1c74b3?s=96&d=mm&r=g","caption":"TermixTeam"},"url":"https:\/\/termix.net\/blog\/es\/author\/termixteam\/"}]}},"_links":{"self":[{"href":"https:\/\/termix.net\/blog\/es\/wp-json\/wp\/v2\/posts\/7904"}],"collection":[{"href":"https:\/\/termix.net\/blog\/es\/wp-json\/wp\/v2\/posts"}],"about":[{"href":"https:\/\/termix.net\/blog\/es\/wp-json\/wp\/v2\/types\/post"}],"author":[{"embeddable":true,"href":"https:\/\/termix.net\/blog\/es\/wp-json\/wp\/v2\/users\/2"}],"replies":[{"embeddable":true,"href":"https:\/\/termix.net\/blog\/es\/wp-json\/wp\/v2\/comments?post=7904"}],"version-history":[{"count":3,"href":"https:\/\/termix.net\/blog\/es\/wp-json\/wp\/v2\/posts\/7904\/revisions"}],"predecessor-version":[{"id":23120,"href":"https:\/\/termix.net\/blog\/es\/wp-json\/wp\/v2\/posts\/7904\/revisions\/23120"}],"wp:featuredmedia":[{"embeddable":true,"href":"https:\/\/termix.net\/blog\/es\/wp-json\/wp\/v2\/media\/23117"}],"wp:attachment":[{"href":"https:\/\/termix.net\/blog\/es\/wp-json\/wp\/v2\/media?parent=7904"}],"wp:term":[{"taxonomy":"category","embeddable":true,"href":"https:\/\/termix.net\/blog\/es\/wp-json\/wp\/v2\/categories?post=7904"},{"taxonomy":"post_tag","embeddable":true,"href":"https:\/\/termix.net\/blog\/es\/wp-json\/wp\/v2\/tags?post=7904"}],"curies":[{"name":"wp","href":"https:\/\/api.w.org\/{rel}","templated":true}]}}