{"id":7700,"date":"2016-10-11T07:42:36","date_gmt":"2016-10-11T07:42:36","guid":{"rendered":"http:\/\/termix.net\/?p=7700"},"modified":"2019-12-16T12:22:30","modified_gmt":"2019-12-16T11:22:30","slug":"ya-esta-aqui-la-4a-edicion-in-beauty-lisboa","status":"publish","type":"post","link":"https:\/\/termix.net\/blog\/es\/ya-esta-aqui-la-4a-edicion-in-beauty-lisboa\/","title":{"rendered":"\u00a1Ya est\u00e1 aqu\u00ed la 4\u00aa edici\u00f3n de In Beauty Lisboa!"},"content":{"rendered":"<p><div class=\"fusion-fullwidth fullwidth-box fusion-builder-row-1 faded-background fusion-parallax-none nonhundred-percent-fullwidth non-hundred-percent-height-scrolling fusion-no-small-visibility fusion-no-medium-visibility\" style=\"--awb-border-radius-top-left:0px;--awb-border-radius-top-right:0px;--awb-border-radius-bottom-right:0px;--awb-border-radius-bottom-left:0px;--awb-padding-top:24%;--awb-padding-right:3%;--awb-padding-left:3%;--awb-background-size:cover;\" ><div class=\"fullwidth-faded\" style=\"--awb-background-color:#181818;--awb-background-image:url(https:\/\/termix.net\/blog\/wp-content\/uploads\/2016\/10\/bannerweb_feriaLisboaINBEAUTY.jpg);--awb-background-size:cover;\" ><\/div><div class=\"fusion-builder-row fusion-row\"><div class=\"fusion-layout-column fusion_builder_column fusion-builder-column-0 fusion_builder_column_1_1 1_1 fusion-one-full fusion-column-first fusion-column-last\" style=\"--awb-padding-top:6%;--awb-padding-right:8%;--awb-padding-bottom:6%;--awb-padding-left:8%;--awb-bg-color:rgba(255,255,255,0.7);--awb-bg-size:cover;--awb-margin-top:0px;--awb-margin-bottom:0px;\"><div class=\"fusion-column-wrapper fusion-column-has-shadow fusion-flex-column-wrapper-legacy\"><div class=\"fusion-text fusion-text-1 caption\"><p style=\"text-align: center;\">Ferias \u2014 3 min de lectura<\/p>\n<\/div><div class=\"fusion-title title fusion-title-1 fusion-sep-none fusion-title-center fusion-title-text fusion-title-size-two\" style=\"--awb-margin-top:30px;--awb-margin-bottom:20px;\"><h2 class=\"title-heading-center fusion-responsive-typography-calculated\" style=\"margin:0;--fontSize:50;line-height:1.28;\">\u00a1Ya est\u00e1 aqu\u00ed la 4\u00aa edici\u00f3n de In Beauty Lisboa!<\/h2><\/div><div class=\"fusion-clearfix\"><\/div><\/div><\/div><\/div><\/div><div class=\"fusion-fullwidth fullwidth-box fusion-builder-row-2 fusion-parallax-none nonhundred-percent-fullwidth non-hundred-percent-height-scrolling fusion-no-large-visibility\" style=\"--awb-border-radius-top-left:0px;--awb-border-radius-top-right:0px;--awb-border-radius-bottom-right:0px;--awb-border-radius-bottom-left:0px;--awb-background-image:url(&quot;https:\/\/termix.net\/blog\/wp-content\/uploads\/2019\/11\/con-el-secador-compacto-profesioanl-4300-de-termix-damos-volumen-al-cabello-1.jpg&quot;);--awb-background-size:cover;\" ><div class=\"fusion-builder-row fusion-row\"><div class=\"fusion-layout-column fusion_builder_column fusion-builder-column-1 fusion_builder_column_1_1 1_1 fusion-one-full fusion-column-first fusion-column-last fusion-column-inner-bg-wrapper\" style=\"--awb-padding-top:10%;--awb-padding-bottom:10%;--awb-inner-bg-image:url(&#039;http:\/\/termix.net\/blog\/wp-content\/uploads\/2019\/03\/single-blog-post-feat.jpg&#039;);--awb-inner-bg-position:center center;--awb-inner-bg-size:cover;\"><span class=\"fusion-column-inner-bg hover-type-zoomout\"><span class=\"fusion-column-anchor\"><span class=\"fusion-column-inner-bg-image\"><\/span><\/span><\/span><div class=\"fusion-column-wrapper fusion-flex-column-wrapper-legacy\" data-bg-url=\"http:\/\/termix.net\/blog\/wp-content\/uploads\/2019\/03\/single-blog-post-feat.jpg\"><div class=\"fusion-sep-clear\"><\/div><div class=\"fusion-separator fusion-no-large-visibility fusion-full-width-sep\" style=\"margin-left: auto;margin-right: auto;margin-top:200px;width:100%;\"><\/div><div class=\"fusion-sep-clear\"><\/div><div class=\"fusion-clearfix\"><\/div><\/div><\/div><div class=\"fusion-layout-column fusion_builder_column fusion-builder-column-2 fusion_builder_column_1_1 1_1 fusion-one-full fusion-column-first fusion-column-last\" style=\"--awb-padding-top:6%;--awb-bg-color:#ffffff;--awb-bg-size:cover;--awb-margin-top:0px;--awb-margin-bottom:0px;\"><div class=\"fusion-column-wrapper fusion-flex-column-wrapper-legacy\"><div class=\"fusion-text fusion-text-2 caption\"><p style=\"text-align: center;\">Ferias \u2014 3 min de lectura<\/p>\n<\/div><div class=\"fusion-title title fusion-title-2 fusion-sep-none fusion-title-center fusion-title-text fusion-title-size-two\" style=\"--awb-margin-top:30px;--awb-margin-bottom:20px;\"><h2 class=\"title-heading-center fusion-responsive-typography-calculated\" style=\"margin:0;--fontSize:50;line-height:1.28;\">\u00a1Ya est\u00e1 aqu\u00ed la 4\u00aa edici\u00f3n de In Beauty Lisboa!<\/h2><\/div><div class=\"fusion-clearfix\"><\/div><\/div><\/div><\/div><\/div><div class=\"fusion-fullwidth fullwidth-box fusion-builder-row-3 nonhundred-percent-fullwidth non-hundred-percent-height-scrolling\" style=\"--awb-border-radius-top-left:0px;--awb-border-radius-top-right:0px;--awb-border-radius-bottom-right:0px;--awb-border-radius-bottom-left:0px;--awb-padding-top:10px;--awb-padding-bottom:4%;\" ><div class=\"fusion-builder-row fusion-row\"><div class=\"fusion-layout-column fusion_builder_column fusion-builder-column-3 fusion_builder_column_1_6 1_6 fusion-one-sixth fusion-column-first fusion-no-small-visibility fusion-no-medium-visibility\" style=\"--awb-bg-size:cover;width:16.666666666667%;width:calc(16.666666666667% - ( ( 0 ) * 0.16666666666667 ) );margin-right: 0px;\"><div class=\"fusion-column-wrapper fusion-flex-column-wrapper-legacy\"><div class=\"fusion-clearfix\"><\/div><\/div><\/div><div class=\"fusion-layout-column fusion_builder_column fusion-builder-column-4 fusion_builder_column_2_3 2_3 fusion-two-third fusion-column-last\" style=\"--awb-bg-size:cover;width:66.666666666667%;width:calc(66.666666666667% - ( ( 0 ) * 0.66666666666667 ) );\"><div class=\"fusion-column-wrapper fusion-flex-column-wrapper-legacy\"><div class=\"fusion-sep-clear\"><\/div><div class=\"fusion-separator fusion-full-width-sep\" style=\"margin-left: auto;margin-right: auto;margin-top:30px;width:100%;\"><\/div><div class=\"fusion-sep-clear\"><\/div><div class=\"fusion-text fusion-text-3\"><p style=\"text-align: center;\"><span style=\"font-size: 22px; line-height: 1.5em;\">Los d\u00edas 15, 16 y 17 de octubre, Termix vuelve a estar presente en In Beauty, una de las ferias de belleza m\u00e1s importantes de Portugal, que se celebrar\u00e1 en el Meo Arena de Lisboa. Con m\u00e1s de 8 mil metros cuadrados y m\u00e1s de 20 mil asistentes esperados, In Beauty es la gran cita anual lusa dirigida a los profesionales del sector para presentar los nuevos productos y tendencias para este pr\u00f3ximo a\u00f1o.<\/span><\/p>\n<\/div><div class=\"fusion-sep-clear\"><\/div><div class=\"fusion-separator fusion-full-width-sep\" style=\"margin-left: auto;margin-right: auto;margin-top:30px;width:100%;\"><\/div><div class=\"fusion-sep-clear\"><\/div><div class=\"fusion-text fusion-text-4\"><p style=\"text-align: justify;\">Junto con nuestro distribuidor en el pa\u00eds, <strong>Termix ya ha confirmado su asistencia al evento para presentar los productos y lanzamientos estrella de este a\u00f1o<\/strong> como el Cepillo Termix Evolution XL, con 3 cent\u00edmetros m\u00e1s de longitud para crear nuevos peinados y t\u00e9cnicas de brushing, y los cepillos alisadores el\u00e9ctricos Pro Flat y Pro Styling, para un cuidado diario del cabello de una forma f\u00e1cil y r\u00e1pida.<\/p>\n<p style=\"text-align: justify;\">Tendremos demostraciones de los productos en nuestro stand y adem\u00e1s de ense\u00f1ar las t\u00e9cnicas especificas para hacer el peinado perfecto con cada uno de los ellos. Adem\u00e1s, los visitantes podr\u00e1n conocer de primera mano toda nuestra gama de productos junto con el equipo t\u00e9cnico de Termix para ayudar en cualquier duda que puedan surgir sobre los productos, <strong>as\u00ed como demostraciones y sorpresas<\/strong><\/p>\n<p><img decoding=\"async\" class=\"size-full wp-image-7388 aligncenter\" src=\"http:\/\/termix.net\/wp-content\/uploads\/2016\/09\/bannerweb_cab_cepillos_evoxl.jpg\" alt=\"Cepillo Termix Evolution XL\" width=\"800\" height=\"340\" \/><\/p>\n<p style=\"text-align: justify;\">No te pierdas la oportunidad de tener una visi\u00f3n global del mercado de la peluquer\u00eda y belleza, con conferencias, asesores y sobretodo \u00a0conocer\u00a0 las nuevas tendencias, soluciones t\u00e9cnicas y los <strong>nuevos lanzamientos de Termix,<\/strong> en un evento \u00fanico y original. Descubre nuestras sorpresas y nuevos productos en nuestro stand de In Beauty, Lisboa!<\/p>\n<h2 style=\"text-align: justify;\">\u00a1Te esperamos!<\/h2>\n<\/div><div class=\"fusion-clearfix\"><\/div><\/div><\/div><\/div><\/div><div class=\"fusion-fullwidth fullwidth-box fusion-builder-row-4 nonhundred-percent-fullwidth non-hundred-percent-height-scrolling\" style=\"--awb-border-radius-top-left:0px;--awb-border-radius-top-right:0px;--awb-border-radius-bottom-right:0px;--awb-border-radius-bottom-left:0px;\" ><\/div><\/p>\n","protected":false},"excerpt":{"rendered":"<p>\t\t\t\tLos d\u00edas 15, 16 y 17 de octubre, Termix vuelve a estar presente en In Beauty, una de las ferias de belleza m\u00e1s importantes de Portugal. Junto con nuestro distribuidor en el pa\u00eds, Termix ya ha confirmado su asistencia al evento para presentar los productos y lanzamientos estrella de este a\u00f1o. \t\t<\/p>\n","protected":false},"author":2,"featured_media":23140,"comment_status":"open","ping_status":"open","sticky":false,"template":"","format":"standard","meta":[],"categories":[6],"tags":[],"yoast_head":"<!-- This site is optimized with the Yoast SEO plugin v20.0 - https:\/\/yoast.com\/wordpress\/plugins\/seo\/ -->\n<title>\u00a1Ya est\u00e1 aqu\u00ed la 4\u00aa edici\u00f3n de In Beauty Lisboa! - Blog Termix Spain<\/title>\n<meta name=\"description\" content=\"Blog Termix Spain - \u00a1Ya est\u00e1 aqu\u00ed la 4\u00aa edici\u00f3n de In Beauty Lisboa! -\" \/>\n<meta name=\"robots\" content=\"index, follow, max-snippet:-1, max-image-preview:large, max-video-preview:-1\" \/>\n<link rel=\"canonical\" href=\"https:\/\/termix.net\/blog\/es\/ya-esta-aqui-la-4a-edicion-in-beauty-lisboa\/\" \/>\n<meta property=\"og:locale\" content=\"es_ES\" \/>\n<meta property=\"og:type\" content=\"article\" \/>\n<meta property=\"og:title\" content=\"\u00a1Ya est\u00e1 aqu\u00ed la 4\u00aa edici\u00f3n de In Beauty Lisboa! - Blog Termix Spain\" \/>\n<meta property=\"og:description\" content=\"Blog Termix Spain - \u00a1Ya est\u00e1 aqu\u00ed la 4\u00aa edici\u00f3n de In Beauty Lisboa! -\" \/>\n<meta property=\"og:url\" content=\"https:\/\/termix.net\/blog\/es\/ya-esta-aqui-la-4a-edicion-in-beauty-lisboa\/\" \/>\n<meta property=\"og:site_name\" content=\"Blog Termix Spain\" \/>\n<meta property=\"article:published_time\" content=\"2016-10-11T07:42:36+00:00\" \/>\n<meta property=\"article:modified_time\" content=\"2019-12-16T11:22:30+00:00\" \/>\n<meta property=\"og:image\" content=\"https:\/\/termix.net\/blog\/wp-content\/uploads\/2016\/10\/bannerweb_feriaLisboaINBEAUTY.jpg\" \/>\n\t<meta property=\"og:image:width\" content=\"800\" \/>\n\t<meta property=\"og:image:height\" content=\"368\" \/>\n\t<meta property=\"og:image:type\" content=\"image\/jpeg\" \/>\n<meta name=\"author\" content=\"TermixTeam\" \/>\n<meta name=\"twitter:card\" content=\"summary_large_image\" \/>\n<meta name=\"twitter:label1\" content=\"Escrito por\" \/>\n\t<meta name=\"twitter:data1\" content=\"TermixTeam\" \/>\n\t<meta name=\"twitter:label2\" content=\"Tiempo de lectura\" \/>\n\t<meta name=\"twitter:data2\" content=\"7 minutos\" \/>\n<script type=\"application\/ld+json\" class=\"yoast-schema-graph\">{\"@context\":\"https:\/\/schema.org\",\"@graph\":[{\"@type\":\"Article\",\"@id\":\"https:\/\/termix.net\/blog\/es\/ya-esta-aqui-la-4a-edicion-in-beauty-lisboa\/#article\",\"isPartOf\":{\"@id\":\"https:\/\/termix.net\/blog\/es\/ya-esta-aqui-la-4a-edicion-in-beauty-lisboa\/\"},\"author\":{\"name\":\"TermixTeam\",\"@id\":\"https:\/\/termix.net\/blog\/es\/#\/schema\/person\/9096c98bdf03c8ddf91ad7172f254f40\"},\"headline\":\"\u00a1Ya est\u00e1 aqu\u00ed la 4\u00aa edici\u00f3n de In Beauty Lisboa!\",\"datePublished\":\"2016-10-11T07:42:36+00:00\",\"dateModified\":\"2019-12-16T11:22:30+00:00\",\"mainEntityOfPage\":{\"@id\":\"https:\/\/termix.net\/blog\/es\/ya-esta-aqui-la-4a-edicion-in-beauty-lisboa\/\"},\"wordCount\":1453,\"commentCount\":0,\"publisher\":{\"@id\":\"https:\/\/termix.net\/blog\/es\/#organization\"},\"articleSection\":[\"NOTICIAS\"],\"inLanguage\":\"es\",\"potentialAction\":[{\"@type\":\"CommentAction\",\"name\":\"Comment\",\"target\":[\"https:\/\/termix.net\/blog\/es\/ya-esta-aqui-la-4a-edicion-in-beauty-lisboa\/#respond\"]}]},{\"@type\":\"WebPage\",\"@id\":\"https:\/\/termix.net\/blog\/es\/ya-esta-aqui-la-4a-edicion-in-beauty-lisboa\/\",\"url\":\"https:\/\/termix.net\/blog\/es\/ya-esta-aqui-la-4a-edicion-in-beauty-lisboa\/\",\"name\":\"\u00a1Ya est\u00e1 aqu\u00ed la 4\u00aa edici\u00f3n de In Beauty Lisboa! - Blog Termix Spain\",\"isPartOf\":{\"@id\":\"https:\/\/termix.net\/blog\/es\/#website\"},\"datePublished\":\"2016-10-11T07:42:36+00:00\",\"dateModified\":\"2019-12-16T11:22:30+00:00\",\"description\":\"Blog Termix Spain - \u00a1Ya est\u00e1 aqu\u00ed la 4\u00aa edici\u00f3n de In Beauty Lisboa! -\",\"breadcrumb\":{\"@id\":\"https:\/\/termix.net\/blog\/es\/ya-esta-aqui-la-4a-edicion-in-beauty-lisboa\/#breadcrumb\"},\"inLanguage\":\"es\",\"potentialAction\":[{\"@type\":\"ReadAction\",\"target\":[\"https:\/\/termix.net\/blog\/es\/ya-esta-aqui-la-4a-edicion-in-beauty-lisboa\/\"]}]},{\"@type\":\"BreadcrumbList\",\"@id\":\"https:\/\/termix.net\/blog\/es\/ya-esta-aqui-la-4a-edicion-in-beauty-lisboa\/#breadcrumb\",\"itemListElement\":[{\"@type\":\"ListItem\",\"position\":1,\"name\":\"Home\",\"item\":\"https:\/\/termix.net\/blog\/es\/\"},{\"@type\":\"ListItem\",\"position\":2,\"name\":\"\u00a1Ya est\u00e1 aqu\u00ed la 4\u00aa edici\u00f3n de In Beauty Lisboa!\"}]},{\"@type\":\"WebSite\",\"@id\":\"https:\/\/termix.net\/blog\/es\/#website\",\"url\":\"https:\/\/termix.net\/blog\/es\/\",\"name\":\"Blog Termix Spain\",\"description\":\"Blog de tendencias y productos de peluquer\u00eda profesional.\",\"publisher\":{\"@id\":\"https:\/\/termix.net\/blog\/es\/#organization\"},\"potentialAction\":[{\"@type\":\"SearchAction\",\"target\":{\"@type\":\"EntryPoint\",\"urlTemplate\":\"https:\/\/termix.net\/blog\/es\/?s={search_term_string}\"},\"query-input\":\"required name=search_term_string\"}],\"inLanguage\":\"es\"},{\"@type\":\"Organization\",\"@id\":\"https:\/\/termix.net\/blog\/es\/#organization\",\"name\":\"Dols Industrial de Peluquer\u00eda SA\",\"url\":\"https:\/\/termix.net\/blog\/es\/\",\"logo\":{\"@type\":\"ImageObject\",\"inLanguage\":\"es\",\"@id\":\"https:\/\/termix.net\/blog\/es\/#\/schema\/logo\/image\/\",\"url\":\"https:\/\/termix.net\/blog\/wp-content\/uploads\/2020\/10\/OGbDAeng.jpeg\",\"contentUrl\":\"https:\/\/termix.net\/blog\/wp-content\/uploads\/2020\/10\/OGbDAeng.jpeg\",\"width\":800,\"height\":800,\"caption\":\"Dols Industrial de Peluquer\u00eda SA\"},\"image\":{\"@id\":\"https:\/\/termix.net\/blog\/es\/#\/schema\/logo\/image\/\"}},{\"@type\":\"Person\",\"@id\":\"https:\/\/termix.net\/blog\/es\/#\/schema\/person\/9096c98bdf03c8ddf91ad7172f254f40\",\"name\":\"TermixTeam\",\"image\":{\"@type\":\"ImageObject\",\"inLanguage\":\"es\",\"@id\":\"https:\/\/termix.net\/blog\/es\/#\/schema\/person\/image\/\",\"url\":\"https:\/\/secure.gravatar.com\/avatar\/d89f61f6bd1c29a4acb231736d1c74b3?s=96&d=mm&r=g\",\"contentUrl\":\"https:\/\/secure.gravatar.com\/avatar\/d89f61f6bd1c29a4acb231736d1c74b3?s=96&d=mm&r=g\",\"caption\":\"TermixTeam\"},\"url\":\"https:\/\/termix.net\/blog\/es\/author\/termixteam\/\"}]}<\/script>\n<!-- \/ Yoast SEO plugin. -->","yoast_head_json":{"title":"\u00a1Ya est\u00e1 aqu\u00ed la 4\u00aa edici\u00f3n de In Beauty Lisboa! - Blog Termix Spain","description":"Blog Termix Spain - \u00a1Ya est\u00e1 aqu\u00ed la 4\u00aa edici\u00f3n de In Beauty Lisboa! -","robots":{"index":"index","follow":"follow","max-snippet":"max-snippet:-1","max-image-preview":"max-image-preview:large","max-video-preview":"max-video-preview:-1"},"canonical":"https:\/\/termix.net\/blog\/es\/ya-esta-aqui-la-4a-edicion-in-beauty-lisboa\/","og_locale":"es_ES","og_type":"article","og_title":"\u00a1Ya est\u00e1 aqu\u00ed la 4\u00aa edici\u00f3n de In Beauty Lisboa! - Blog Termix Spain","og_description":"Blog Termix Spain - \u00a1Ya est\u00e1 aqu\u00ed la 4\u00aa edici\u00f3n de In Beauty Lisboa! -","og_url":"https:\/\/termix.net\/blog\/es\/ya-esta-aqui-la-4a-edicion-in-beauty-lisboa\/","og_site_name":"Blog Termix Spain","article_published_time":"2016-10-11T07:42:36+00:00","article_modified_time":"2019-12-16T11:22:30+00:00","og_image":[{"width":800,"height":368,"url":"https:\/\/termix.net\/blog\/wp-content\/uploads\/2016\/10\/bannerweb_feriaLisboaINBEAUTY.jpg","type":"image\/jpeg"}],"author":"TermixTeam","twitter_card":"summary_large_image","twitter_misc":{"Escrito por":"TermixTeam","Tiempo de lectura":"7 minutos"},"schema":{"@context":"https:\/\/schema.org","@graph":[{"@type":"Article","@id":"https:\/\/termix.net\/blog\/es\/ya-esta-aqui-la-4a-edicion-in-beauty-lisboa\/#article","isPartOf":{"@id":"https:\/\/termix.net\/blog\/es\/ya-esta-aqui-la-4a-edicion-in-beauty-lisboa\/"},"author":{"name":"TermixTeam","@id":"https:\/\/termix.net\/blog\/es\/#\/schema\/person\/9096c98bdf03c8ddf91ad7172f254f40"},"headline":"\u00a1Ya est\u00e1 aqu\u00ed la 4\u00aa edici\u00f3n de In Beauty Lisboa!","datePublished":"2016-10-11T07:42:36+00:00","dateModified":"2019-12-16T11:22:30+00:00","mainEntityOfPage":{"@id":"https:\/\/termix.net\/blog\/es\/ya-esta-aqui-la-4a-edicion-in-beauty-lisboa\/"},"wordCount":1453,"commentCount":0,"publisher":{"@id":"https:\/\/termix.net\/blog\/es\/#organization"},"articleSection":["NOTICIAS"],"inLanguage":"es","potentialAction":[{"@type":"CommentAction","name":"Comment","target":["https:\/\/termix.net\/blog\/es\/ya-esta-aqui-la-4a-edicion-in-beauty-lisboa\/#respond"]}]},{"@type":"WebPage","@id":"https:\/\/termix.net\/blog\/es\/ya-esta-aqui-la-4a-edicion-in-beauty-lisboa\/","url":"https:\/\/termix.net\/blog\/es\/ya-esta-aqui-la-4a-edicion-in-beauty-lisboa\/","name":"\u00a1Ya est\u00e1 aqu\u00ed la 4\u00aa edici\u00f3n de In Beauty Lisboa! - Blog Termix Spain","isPartOf":{"@id":"https:\/\/termix.net\/blog\/es\/#website"},"datePublished":"2016-10-11T07:42:36+00:00","dateModified":"2019-12-16T11:22:30+00:00","description":"Blog Termix Spain - \u00a1Ya est\u00e1 aqu\u00ed la 4\u00aa edici\u00f3n de In Beauty Lisboa! -","breadcrumb":{"@id":"https:\/\/termix.net\/blog\/es\/ya-esta-aqui-la-4a-edicion-in-beauty-lisboa\/#breadcrumb"},"inLanguage":"es","potentialAction":[{"@type":"ReadAction","target":["https:\/\/termix.net\/blog\/es\/ya-esta-aqui-la-4a-edicion-in-beauty-lisboa\/"]}]},{"@type":"BreadcrumbList","@id":"https:\/\/termix.net\/blog\/es\/ya-esta-aqui-la-4a-edicion-in-beauty-lisboa\/#breadcrumb","itemListElement":[{"@type":"ListItem","position":1,"name":"Home","item":"https:\/\/termix.net\/blog\/es\/"},{"@type":"ListItem","position":2,"name":"\u00a1Ya est\u00e1 aqu\u00ed la 4\u00aa edici\u00f3n de In Beauty Lisboa!"}]},{"@type":"WebSite","@id":"https:\/\/termix.net\/blog\/es\/#website","url":"https:\/\/termix.net\/blog\/es\/","name":"Blog Termix Spain","description":"Blog de tendencias y productos de peluquer\u00eda profesional.","publisher":{"@id":"https:\/\/termix.net\/blog\/es\/#organization"},"potentialAction":[{"@type":"SearchAction","target":{"@type":"EntryPoint","urlTemplate":"https:\/\/termix.net\/blog\/es\/?s={search_term_string}"},"query-input":"required name=search_term_string"}],"inLanguage":"es"},{"@type":"Organization","@id":"https:\/\/termix.net\/blog\/es\/#organization","name":"Dols Industrial de Peluquer\u00eda SA","url":"https:\/\/termix.net\/blog\/es\/","logo":{"@type":"ImageObject","inLanguage":"es","@id":"https:\/\/termix.net\/blog\/es\/#\/schema\/logo\/image\/","url":"https:\/\/termix.net\/blog\/wp-content\/uploads\/2020\/10\/OGbDAeng.jpeg","contentUrl":"https:\/\/termix.net\/blog\/wp-content\/uploads\/2020\/10\/OGbDAeng.jpeg","width":800,"height":800,"caption":"Dols Industrial de Peluquer\u00eda SA"},"image":{"@id":"https:\/\/termix.net\/blog\/es\/#\/schema\/logo\/image\/"}},{"@type":"Person","@id":"https:\/\/termix.net\/blog\/es\/#\/schema\/person\/9096c98bdf03c8ddf91ad7172f254f40","name":"TermixTeam","image":{"@type":"ImageObject","inLanguage":"es","@id":"https:\/\/termix.net\/blog\/es\/#\/schema\/person\/image\/","url":"https:\/\/secure.gravatar.com\/avatar\/d89f61f6bd1c29a4acb231736d1c74b3?s=96&d=mm&r=g","contentUrl":"https:\/\/secure.gravatar.com\/avatar\/d89f61f6bd1c29a4acb231736d1c74b3?s=96&d=mm&r=g","caption":"TermixTeam"},"url":"https:\/\/termix.net\/blog\/es\/author\/termixteam\/"}]}},"_links":{"self":[{"href":"https:\/\/termix.net\/blog\/es\/wp-json\/wp\/v2\/posts\/7700"}],"collection":[{"href":"https:\/\/termix.net\/blog\/es\/wp-json\/wp\/v2\/posts"}],"about":[{"href":"https:\/\/termix.net\/blog\/es\/wp-json\/wp\/v2\/types\/post"}],"author":[{"embeddable":true,"href":"https:\/\/termix.net\/blog\/es\/wp-json\/wp\/v2\/users\/2"}],"replies":[{"embeddable":true,"href":"https:\/\/termix.net\/blog\/es\/wp-json\/wp\/v2\/comments?post=7700"}],"version-history":[{"count":3,"href":"https:\/\/termix.net\/blog\/es\/wp-json\/wp\/v2\/posts\/7700\/revisions"}],"predecessor-version":[{"id":23646,"href":"https:\/\/termix.net\/blog\/es\/wp-json\/wp\/v2\/posts\/7700\/revisions\/23646"}],"wp:featuredmedia":[{"embeddable":true,"href":"https:\/\/termix.net\/blog\/es\/wp-json\/wp\/v2\/media\/23140"}],"wp:attachment":[{"href":"https:\/\/termix.net\/blog\/es\/wp-json\/wp\/v2\/media?parent=7700"}],"wp:term":[{"taxonomy":"category","embeddable":true,"href":"https:\/\/termix.net\/blog\/es\/wp-json\/wp\/v2\/categories?post=7700"},{"taxonomy":"post_tag","embeddable":true,"href":"https:\/\/termix.net\/blog\/es\/wp-json\/wp\/v2\/tags?post=7700"}],"curies":[{"name":"wp","href":"https:\/\/api.w.org\/{rel}","templated":true}]}}