{"id":7315,"date":"2016-09-01T07:36:18","date_gmt":"2016-09-01T07:36:18","guid":{"rendered":"http:\/\/termix.net\/?p=7315"},"modified":"2019-12-13T11:56:25","modified_gmt":"2019-12-13T10:56:25","slug":"ganadora-cepillo-alisador-del-sorteo-veranotermix","status":"publish","type":"post","link":"https:\/\/termix.net\/blog\/es\/ganadora-cepillo-alisador-del-sorteo-veranotermix\/","title":{"rendered":"Ganadora de un cepillo alisador del sorteo #veranotermix"},"content":{"rendered":"<p><div class=\"fusion-fullwidth fullwidth-box fusion-builder-row-1 faded-background fusion-parallax-none nonhundred-percent-fullwidth non-hundred-percent-height-scrolling fusion-no-small-visibility fusion-no-medium-visibility\" style=\"--awb-border-radius-top-left:0px;--awb-border-radius-top-right:0px;--awb-border-radius-bottom-right:0px;--awb-border-radius-bottom-left:0px;--awb-padding-top:24%;--awb-padding-right:3%;--awb-padding-left:3%;--awb-background-size:cover;\" ><div class=\"fullwidth-faded\" style=\"--awb-background-color:#181818;--awb-background-image:url(https:\/\/termix.net\/blog\/wp-content\/uploads\/2016\/09\/fotos-instagram-sorteo-verano-termix.jpg);--awb-background-size:cover;\" ><\/div><div class=\"fusion-builder-row fusion-row\"><div class=\"fusion-layout-column fusion_builder_column fusion-builder-column-0 fusion_builder_column_1_1 1_1 fusion-one-full fusion-column-first fusion-column-last\" style=\"--awb-padding-top:6%;--awb-padding-right:8%;--awb-padding-bottom:6%;--awb-padding-left:8%;--awb-bg-color:rgba(255,255,255,0.7);--awb-bg-size:cover;--awb-margin-top:0px;--awb-margin-bottom:0px;\"><div class=\"fusion-column-wrapper fusion-column-has-shadow fusion-flex-column-wrapper-legacy\"><div class=\"fusion-text fusion-text-1 caption\"><p style=\"text-align: center;\">concursos \u2014 3 min de lectura<\/p>\n<\/div><div class=\"fusion-title title fusion-title-1 fusion-sep-none fusion-title-center fusion-title-text fusion-title-size-two\" style=\"--awb-margin-top:30px;--awb-margin-bottom:20px;\"><h2 class=\"title-heading-center fusion-responsive-typography-calculated\" style=\"margin:0;--fontSize:50;line-height:1.28;\">Ganadora de un cepillo alisador del sorteo #veranotermix<\/h2><\/div><div class=\"fusion-clearfix\"><\/div><\/div><\/div><\/div><\/div><div class=\"fusion-fullwidth fullwidth-box fusion-builder-row-2 fusion-parallax-none nonhundred-percent-fullwidth non-hundred-percent-height-scrolling fusion-no-large-visibility\" style=\"--awb-border-radius-top-left:0px;--awb-border-radius-top-right:0px;--awb-border-radius-bottom-right:0px;--awb-border-radius-bottom-left:0px;--awb-background-image:url(&quot;https:\/\/termix.net\/blog\/wp-content\/uploads\/2019\/11\/con-el-secador-compacto-profesioanl-4300-de-termix-damos-volumen-al-cabello-1.jpg&quot;);--awb-background-size:cover;\" ><div class=\"fusion-builder-row fusion-row\"><div class=\"fusion-layout-column fusion_builder_column fusion-builder-column-1 fusion_builder_column_1_1 1_1 fusion-one-full fusion-column-first fusion-column-last fusion-column-inner-bg-wrapper\" style=\"--awb-padding-top:10%;--awb-padding-bottom:10%;--awb-inner-bg-image:url(&#039;http:\/\/termix.net\/blog\/wp-content\/uploads\/2019\/03\/single-blog-post-feat.jpg&#039;);--awb-inner-bg-position:center center;--awb-inner-bg-size:cover;\"><span class=\"fusion-column-inner-bg hover-type-zoomout\"><span class=\"fusion-column-anchor\"><span class=\"fusion-column-inner-bg-image\"><\/span><\/span><\/span><div class=\"fusion-column-wrapper fusion-flex-column-wrapper-legacy\" data-bg-url=\"http:\/\/termix.net\/blog\/wp-content\/uploads\/2019\/03\/single-blog-post-feat.jpg\"><div class=\"fusion-sep-clear\"><\/div><div class=\"fusion-separator fusion-no-large-visibility fusion-full-width-sep\" style=\"margin-left: auto;margin-right: auto;margin-top:200px;width:100%;\"><\/div><div class=\"fusion-sep-clear\"><\/div><div class=\"fusion-clearfix\"><\/div><\/div><\/div><div class=\"fusion-layout-column fusion_builder_column fusion-builder-column-2 fusion_builder_column_1_1 1_1 fusion-one-full fusion-column-first fusion-column-last\" style=\"--awb-padding-top:6%;--awb-bg-color:#ffffff;--awb-bg-size:cover;--awb-margin-top:0px;--awb-margin-bottom:0px;\"><div class=\"fusion-column-wrapper fusion-flex-column-wrapper-legacy\"><div class=\"fusion-text fusion-text-2 caption\"><p style=\"text-align: center;\">concursos \u2014 3 min de lectura<\/p>\n<\/div><div class=\"fusion-title title fusion-title-2 fusion-sep-none fusion-title-center fusion-title-text fusion-title-size-two\" style=\"--awb-margin-top:30px;--awb-margin-bottom:20px;\"><h2 class=\"title-heading-center fusion-responsive-typography-calculated\" style=\"margin:0;--fontSize:50;line-height:1.28;\">Ganadora de un cepillo alisador del sorteo #veranotermix<\/h2><\/div><div class=\"fusion-clearfix\"><\/div><\/div><\/div><\/div><\/div><div class=\"fusion-fullwidth fullwidth-box fusion-builder-row-3 nonhundred-percent-fullwidth non-hundred-percent-height-scrolling\" style=\"--awb-border-radius-top-left:0px;--awb-border-radius-top-right:0px;--awb-border-radius-bottom-right:0px;--awb-border-radius-bottom-left:0px;--awb-padding-top:10px;--awb-padding-bottom:4%;\" ><div class=\"fusion-builder-row fusion-row\"><div class=\"fusion-layout-column fusion_builder_column fusion-builder-column-3 fusion_builder_column_1_6 1_6 fusion-one-sixth fusion-column-first fusion-no-small-visibility fusion-no-medium-visibility\" style=\"--awb-bg-size:cover;width:16.666666666667%;width:calc(16.666666666667% - ( ( 0 ) * 0.16666666666667 ) );margin-right: 0px;\"><div class=\"fusion-column-wrapper fusion-flex-column-wrapper-legacy\"><div class=\"fusion-clearfix\"><\/div><\/div><\/div><div class=\"fusion-layout-column fusion_builder_column fusion-builder-column-4 fusion_builder_column_2_3 2_3 fusion-two-third fusion-column-last\" style=\"--awb-bg-size:cover;width:66.666666666667%;width:calc(66.666666666667% - ( ( 0 ) * 0.66666666666667 ) );\"><div class=\"fusion-column-wrapper fusion-flex-column-wrapper-legacy\"><div class=\"fusion-sep-clear\"><\/div><div class=\"fusion-separator fusion-full-width-sep\" style=\"margin-left: auto;margin-right: auto;margin-top:30px;width:100%;\"><\/div><div class=\"fusion-sep-clear\"><\/div><div class=\"fusion-text fusion-text-3\"><p style=\"text-align: center;\"><strong><span style=\"font-size: 22px; line-height: 1.5em;\">Este verano, lucir pelazo ten\u00eda premio.<\/span><\/strong><\/p>\n<p style=\"text-align: center;\"><span style=\"font-size: 22px; line-height: 1.5em;\"> Desde Termix lanzamos nuestro primer sorteo de fotograf\u00edas en Instagram y Twitter con vuestras mejores fotograf\u00edas del verano. Tras dos meses y mucha participaci\u00f3n, \u00a1por fin tenemos ganadora! Descubre qui\u00e9n es la afortunada en llevarse uno de nuestros cepillos alisadores <strong>Pro Flat o Pro Styling<\/strong> y una bolsa de playa Termix.<\/span><\/p>\n<\/div><div class=\"fusion-sep-clear\"><\/div><div class=\"fusion-separator fusion-full-width-sep\" style=\"margin-left: auto;margin-right: auto;margin-top:30px;width:100%;\"><\/div><div class=\"fusion-sep-clear\"><\/div><div class=\"fusion-text fusion-text-4\"><p>\u00a0<\/p>\n<h3 style=\"text-align: justify;\"><img decoding=\"async\" class=\"size-full wp-image-7316 aligncenter\" src=\"http:\/\/termix.net\/wp-content\/uploads\/2016\/09\/bannerweb_sorteoverano-GANADORA.jpg\" alt=\"Sorteo Verano Termix \" width=\"800\" height=\"495\" \/><br \/><em>\u00a0<\/em><strong><span style=\"color: #000000;\">LAS FOTOS EN INSTAGRAM<\/span><\/strong><\/h3>\n<p style=\"text-align: justify;\"><img decoding=\"async\" class=\"size-full wp-image-7317 aligncenter\" src=\"http:\/\/termix.net\/wp-content\/uploads\/2016\/09\/fotos-instagram-sorteo-verano-termix.jpg\" alt=\"fotos instagram sorteo verano termix\" width=\"742\" height=\"495\" \/><\/p>\n<h2 style=\"text-align: justify;\"><strong><span style=\"color: #000000;\">LAS FOTOS EN TWITTER<\/span><\/strong><\/h2>\n<p style=\"text-align: justify;\"><img decoding=\"async\" class=\"size-full wp-image-7318 aligncenter\" src=\"http:\/\/termix.net\/wp-content\/uploads\/2016\/09\/fotos-twitter-sorteo-verano-termix.jpg\" alt=\"fotos twitter sorteo verano termix\" width=\"742\" height=\"495\" \/><\/p>\n<h2 style=\"text-align: justify;\"><span style=\"color: #000000;\">LA GANADORA\u00a0<\/span><\/h2>\n<p style=\"text-align: justify;\"><img decoding=\"async\" class=\"wp-image-7319 aligncenter\" src=\"http:\/\/termix.net\/wp-content\/uploads\/2016\/09\/FOTO-GANADORA-DEL-CONCURSO.jpg\" alt=\"FOTO GANADORA DEL CONCURSO VERANO TERMIX\" width=\"400\" height=\"583\" \/><\/p>\n<p>\u00a1Muchas gracias por participar y esperamos que disfrutes del cepillo el\u00e9ctrico Termix que t\u00fa elijas!<\/p>\n<ul>\n<li style=\"text-align: justify;\">El <strong>cepillo el\u00e9ctrico plano Plo Flat Brush<\/strong> combina las ventajas de un cepillo t\u00e9rmico y una plancha profesional. Gracias a su sistema de infrarrojos podr\u00e1s conseguir una mayor rapidez en el secado, adem\u00e1s de un cabello m\u00e1s saludable. Su tecnolog\u00eda i\u00f3nica permite evitar el molesto encrespamiento, potenciando la vitalidad de tu pelo y obteniendo mejores resultados. Adem\u00e1s, cuenta con un regulador de temperatura, de forma que se adapta a todo tipo de cabellos.<\/li>\n<\/ul>\n<ul>\n<li style=\"text-align: justify;\">El <strong>cepillo el\u00e9ctrico redondo Pro Styling Brush<\/strong> es un 2 en 1 tambi\u00e9n, puesto que te permite peinar, alisar o dar volumen a tu pelo. Tambi\u00e9n cuenta con tecnolog\u00eda i\u00f3nica y, adem\u00e1s, su recubrimiento de cer\u00e1mica y turmalina ayuda a que el calor se distribuya de forma homog\u00e9nea. Es muy f\u00e1cil de utilizar y dispone de una punta fr\u00eda en el extremo para un mejor deslizamiento.<\/li>\n<\/ul>\n<p style=\"text-align: justify;\">Tambi\u00e9n, <strong>gracias a todos los que hab\u00e9is participado en este sorteo y compartido un poco de vuestro verano con nosotros<\/strong>. Os invitamos a que continu\u00e9is visitando la web y nuestras redes sociales, para que pod\u00e1is estar informados de las \u00faltimas novedades, noticias, consejos y tendencias, adem\u00e1s de saber sobre nuestros pr\u00f3ximos sorteos.<\/p>\n<h2 style=\"text-align: justify;\">Adem\u00e1s, si ten\u00e9is cualquier duda o sugerencia, no dud\u00e9is en contactar con nosotros \u00a1estaremos encantados de escucharos!<\/h2>\n<p>\u00a0<\/p>\n<\/div><div class=\"fusion-clearfix\"><\/div><\/div><\/div><\/div><\/div><div class=\"fusion-fullwidth fullwidth-box fusion-builder-row-4 nonhundred-percent-fullwidth non-hundred-percent-height-scrolling\" style=\"--awb-border-radius-top-left:0px;--awb-border-radius-top-right:0px;--awb-border-radius-bottom-right:0px;--awb-border-radius-bottom-left:0px;\" ><\/div><\/p>\n","protected":false},"excerpt":{"rendered":"<p>\t\t\t\tEste verano, lucir pelazo ten\u00eda premio. Desde Termix lanzamos nuestro primer sorteo de fotograf\u00edas en Instagram y Twitter con vuestras mejores fotograf\u00edas del verano. Tras dos meses y mucha participaci\u00f3n, \u00a1por fin tenemos ganadora! \t\t<\/p>\n","protected":false},"author":2,"featured_media":23285,"comment_status":"open","ping_status":"open","sticky":false,"template":"","format":"standard","meta":[],"categories":[6],"tags":[],"yoast_head":"<!-- This site is optimized with the Yoast SEO plugin v20.0 - https:\/\/yoast.com\/wordpress\/plugins\/seo\/ -->\n<title>Ganadora de un cepillo alisador del sorteo #veranotermix - Blog Termix Spain<\/title>\n<meta name=\"description\" content=\"Blog Termix Spain - Ganadora de un cepillo alisador del sorteo #veranotermix -\" \/>\n<meta name=\"robots\" content=\"index, follow, max-snippet:-1, max-image-preview:large, max-video-preview:-1\" \/>\n<link rel=\"canonical\" href=\"https:\/\/termix.net\/blog\/es\/ganadora-cepillo-alisador-del-sorteo-veranotermix\/\" \/>\n<meta property=\"og:locale\" content=\"es_ES\" \/>\n<meta property=\"og:type\" content=\"article\" \/>\n<meta property=\"og:title\" content=\"Ganadora de un cepillo alisador del sorteo #veranotermix - Blog Termix Spain\" \/>\n<meta property=\"og:description\" content=\"Blog Termix Spain - Ganadora de un cepillo alisador del sorteo #veranotermix -\" \/>\n<meta property=\"og:url\" content=\"https:\/\/termix.net\/blog\/es\/ganadora-cepillo-alisador-del-sorteo-veranotermix\/\" \/>\n<meta property=\"og:site_name\" content=\"Blog Termix Spain\" \/>\n<meta property=\"article:published_time\" content=\"2016-09-01T07:36:18+00:00\" \/>\n<meta property=\"article:modified_time\" content=\"2019-12-13T10:56:25+00:00\" \/>\n<meta property=\"og:image\" content=\"https:\/\/termix.net\/blog\/wp-content\/uploads\/2016\/09\/bannerweb_sorteoverano-GANADORA.jpg\" \/>\n\t<meta property=\"og:image:width\" content=\"800\" \/>\n\t<meta property=\"og:image:height\" content=\"495\" \/>\n\t<meta property=\"og:image:type\" content=\"image\/jpeg\" \/>\n<meta name=\"author\" content=\"TermixTeam\" \/>\n<meta name=\"twitter:card\" content=\"summary_large_image\" \/>\n<meta name=\"twitter:label1\" content=\"Escrito por\" \/>\n\t<meta name=\"twitter:data1\" content=\"TermixTeam\" \/>\n\t<meta name=\"twitter:label2\" content=\"Tiempo de lectura\" \/>\n\t<meta name=\"twitter:data2\" content=\"7 minutos\" \/>\n<script type=\"application\/ld+json\" class=\"yoast-schema-graph\">{\"@context\":\"https:\/\/schema.org\",\"@graph\":[{\"@type\":\"Article\",\"@id\":\"https:\/\/termix.net\/blog\/es\/ganadora-cepillo-alisador-del-sorteo-veranotermix\/#article\",\"isPartOf\":{\"@id\":\"https:\/\/termix.net\/blog\/es\/ganadora-cepillo-alisador-del-sorteo-veranotermix\/\"},\"author\":{\"name\":\"TermixTeam\",\"@id\":\"https:\/\/termix.net\/blog\/es\/#\/schema\/person\/9096c98bdf03c8ddf91ad7172f254f40\"},\"headline\":\"Ganadora de un cepillo alisador del sorteo #veranotermix\",\"datePublished\":\"2016-09-01T07:36:18+00:00\",\"dateModified\":\"2019-12-13T10:56:25+00:00\",\"mainEntityOfPage\":{\"@id\":\"https:\/\/termix.net\/blog\/es\/ganadora-cepillo-alisador-del-sorteo-veranotermix\/\"},\"wordCount\":1492,\"commentCount\":0,\"publisher\":{\"@id\":\"https:\/\/termix.net\/blog\/es\/#organization\"},\"articleSection\":[\"NOTICIAS\"],\"inLanguage\":\"es\",\"potentialAction\":[{\"@type\":\"CommentAction\",\"name\":\"Comment\",\"target\":[\"https:\/\/termix.net\/blog\/es\/ganadora-cepillo-alisador-del-sorteo-veranotermix\/#respond\"]}]},{\"@type\":\"WebPage\",\"@id\":\"https:\/\/termix.net\/blog\/es\/ganadora-cepillo-alisador-del-sorteo-veranotermix\/\",\"url\":\"https:\/\/termix.net\/blog\/es\/ganadora-cepillo-alisador-del-sorteo-veranotermix\/\",\"name\":\"Ganadora de un cepillo alisador del sorteo #veranotermix - Blog Termix Spain\",\"isPartOf\":{\"@id\":\"https:\/\/termix.net\/blog\/es\/#website\"},\"datePublished\":\"2016-09-01T07:36:18+00:00\",\"dateModified\":\"2019-12-13T10:56:25+00:00\",\"description\":\"Blog Termix Spain - Ganadora de un cepillo alisador del sorteo #veranotermix -\",\"breadcrumb\":{\"@id\":\"https:\/\/termix.net\/blog\/es\/ganadora-cepillo-alisador-del-sorteo-veranotermix\/#breadcrumb\"},\"inLanguage\":\"es\",\"potentialAction\":[{\"@type\":\"ReadAction\",\"target\":[\"https:\/\/termix.net\/blog\/es\/ganadora-cepillo-alisador-del-sorteo-veranotermix\/\"]}]},{\"@type\":\"BreadcrumbList\",\"@id\":\"https:\/\/termix.net\/blog\/es\/ganadora-cepillo-alisador-del-sorteo-veranotermix\/#breadcrumb\",\"itemListElement\":[{\"@type\":\"ListItem\",\"position\":1,\"name\":\"Home\",\"item\":\"https:\/\/termix.net\/blog\/es\/\"},{\"@type\":\"ListItem\",\"position\":2,\"name\":\"Ganadora de un cepillo alisador del sorteo #veranotermix\"}]},{\"@type\":\"WebSite\",\"@id\":\"https:\/\/termix.net\/blog\/es\/#website\",\"url\":\"https:\/\/termix.net\/blog\/es\/\",\"name\":\"Blog Termix Spain\",\"description\":\"Blog de tendencias y productos de peluquer\u00eda profesional.\",\"publisher\":{\"@id\":\"https:\/\/termix.net\/blog\/es\/#organization\"},\"potentialAction\":[{\"@type\":\"SearchAction\",\"target\":{\"@type\":\"EntryPoint\",\"urlTemplate\":\"https:\/\/termix.net\/blog\/es\/?s={search_term_string}\"},\"query-input\":\"required name=search_term_string\"}],\"inLanguage\":\"es\"},{\"@type\":\"Organization\",\"@id\":\"https:\/\/termix.net\/blog\/es\/#organization\",\"name\":\"Dols Industrial de Peluquer\u00eda SA\",\"url\":\"https:\/\/termix.net\/blog\/es\/\",\"logo\":{\"@type\":\"ImageObject\",\"inLanguage\":\"es\",\"@id\":\"https:\/\/termix.net\/blog\/es\/#\/schema\/logo\/image\/\",\"url\":\"https:\/\/termix.net\/blog\/wp-content\/uploads\/2020\/10\/OGbDAeng.jpeg\",\"contentUrl\":\"https:\/\/termix.net\/blog\/wp-content\/uploads\/2020\/10\/OGbDAeng.jpeg\",\"width\":800,\"height\":800,\"caption\":\"Dols Industrial de Peluquer\u00eda SA\"},\"image\":{\"@id\":\"https:\/\/termix.net\/blog\/es\/#\/schema\/logo\/image\/\"}},{\"@type\":\"Person\",\"@id\":\"https:\/\/termix.net\/blog\/es\/#\/schema\/person\/9096c98bdf03c8ddf91ad7172f254f40\",\"name\":\"TermixTeam\",\"image\":{\"@type\":\"ImageObject\",\"inLanguage\":\"es\",\"@id\":\"https:\/\/termix.net\/blog\/es\/#\/schema\/person\/image\/\",\"url\":\"https:\/\/secure.gravatar.com\/avatar\/d89f61f6bd1c29a4acb231736d1c74b3?s=96&d=mm&r=g\",\"contentUrl\":\"https:\/\/secure.gravatar.com\/avatar\/d89f61f6bd1c29a4acb231736d1c74b3?s=96&d=mm&r=g\",\"caption\":\"TermixTeam\"},\"url\":\"https:\/\/termix.net\/blog\/es\/author\/termixteam\/\"}]}<\/script>\n<!-- \/ Yoast SEO plugin. -->","yoast_head_json":{"title":"Ganadora de un cepillo alisador del sorteo #veranotermix - Blog Termix Spain","description":"Blog Termix Spain - Ganadora de un cepillo alisador del sorteo #veranotermix -","robots":{"index":"index","follow":"follow","max-snippet":"max-snippet:-1","max-image-preview":"max-image-preview:large","max-video-preview":"max-video-preview:-1"},"canonical":"https:\/\/termix.net\/blog\/es\/ganadora-cepillo-alisador-del-sorteo-veranotermix\/","og_locale":"es_ES","og_type":"article","og_title":"Ganadora de un cepillo alisador del sorteo #veranotermix - Blog Termix Spain","og_description":"Blog Termix Spain - Ganadora de un cepillo alisador del sorteo #veranotermix -","og_url":"https:\/\/termix.net\/blog\/es\/ganadora-cepillo-alisador-del-sorteo-veranotermix\/","og_site_name":"Blog Termix Spain","article_published_time":"2016-09-01T07:36:18+00:00","article_modified_time":"2019-12-13T10:56:25+00:00","og_image":[{"width":800,"height":495,"url":"https:\/\/termix.net\/blog\/wp-content\/uploads\/2016\/09\/bannerweb_sorteoverano-GANADORA.jpg","type":"image\/jpeg"}],"author":"TermixTeam","twitter_card":"summary_large_image","twitter_misc":{"Escrito por":"TermixTeam","Tiempo de lectura":"7 minutos"},"schema":{"@context":"https:\/\/schema.org","@graph":[{"@type":"Article","@id":"https:\/\/termix.net\/blog\/es\/ganadora-cepillo-alisador-del-sorteo-veranotermix\/#article","isPartOf":{"@id":"https:\/\/termix.net\/blog\/es\/ganadora-cepillo-alisador-del-sorteo-veranotermix\/"},"author":{"name":"TermixTeam","@id":"https:\/\/termix.net\/blog\/es\/#\/schema\/person\/9096c98bdf03c8ddf91ad7172f254f40"},"headline":"Ganadora de un cepillo alisador del sorteo #veranotermix","datePublished":"2016-09-01T07:36:18+00:00","dateModified":"2019-12-13T10:56:25+00:00","mainEntityOfPage":{"@id":"https:\/\/termix.net\/blog\/es\/ganadora-cepillo-alisador-del-sorteo-veranotermix\/"},"wordCount":1492,"commentCount":0,"publisher":{"@id":"https:\/\/termix.net\/blog\/es\/#organization"},"articleSection":["NOTICIAS"],"inLanguage":"es","potentialAction":[{"@type":"CommentAction","name":"Comment","target":["https:\/\/termix.net\/blog\/es\/ganadora-cepillo-alisador-del-sorteo-veranotermix\/#respond"]}]},{"@type":"WebPage","@id":"https:\/\/termix.net\/blog\/es\/ganadora-cepillo-alisador-del-sorteo-veranotermix\/","url":"https:\/\/termix.net\/blog\/es\/ganadora-cepillo-alisador-del-sorteo-veranotermix\/","name":"Ganadora de un cepillo alisador del sorteo #veranotermix - Blog Termix Spain","isPartOf":{"@id":"https:\/\/termix.net\/blog\/es\/#website"},"datePublished":"2016-09-01T07:36:18+00:00","dateModified":"2019-12-13T10:56:25+00:00","description":"Blog Termix Spain - Ganadora de un cepillo alisador del sorteo #veranotermix -","breadcrumb":{"@id":"https:\/\/termix.net\/blog\/es\/ganadora-cepillo-alisador-del-sorteo-veranotermix\/#breadcrumb"},"inLanguage":"es","potentialAction":[{"@type":"ReadAction","target":["https:\/\/termix.net\/blog\/es\/ganadora-cepillo-alisador-del-sorteo-veranotermix\/"]}]},{"@type":"BreadcrumbList","@id":"https:\/\/termix.net\/blog\/es\/ganadora-cepillo-alisador-del-sorteo-veranotermix\/#breadcrumb","itemListElement":[{"@type":"ListItem","position":1,"name":"Home","item":"https:\/\/termix.net\/blog\/es\/"},{"@type":"ListItem","position":2,"name":"Ganadora de un cepillo alisador del sorteo #veranotermix"}]},{"@type":"WebSite","@id":"https:\/\/termix.net\/blog\/es\/#website","url":"https:\/\/termix.net\/blog\/es\/","name":"Blog Termix Spain","description":"Blog de tendencias y productos de peluquer\u00eda profesional.","publisher":{"@id":"https:\/\/termix.net\/blog\/es\/#organization"},"potentialAction":[{"@type":"SearchAction","target":{"@type":"EntryPoint","urlTemplate":"https:\/\/termix.net\/blog\/es\/?s={search_term_string}"},"query-input":"required name=search_term_string"}],"inLanguage":"es"},{"@type":"Organization","@id":"https:\/\/termix.net\/blog\/es\/#organization","name":"Dols Industrial de Peluquer\u00eda SA","url":"https:\/\/termix.net\/blog\/es\/","logo":{"@type":"ImageObject","inLanguage":"es","@id":"https:\/\/termix.net\/blog\/es\/#\/schema\/logo\/image\/","url":"https:\/\/termix.net\/blog\/wp-content\/uploads\/2020\/10\/OGbDAeng.jpeg","contentUrl":"https:\/\/termix.net\/blog\/wp-content\/uploads\/2020\/10\/OGbDAeng.jpeg","width":800,"height":800,"caption":"Dols Industrial de Peluquer\u00eda SA"},"image":{"@id":"https:\/\/termix.net\/blog\/es\/#\/schema\/logo\/image\/"}},{"@type":"Person","@id":"https:\/\/termix.net\/blog\/es\/#\/schema\/person\/9096c98bdf03c8ddf91ad7172f254f40","name":"TermixTeam","image":{"@type":"ImageObject","inLanguage":"es","@id":"https:\/\/termix.net\/blog\/es\/#\/schema\/person\/image\/","url":"https:\/\/secure.gravatar.com\/avatar\/d89f61f6bd1c29a4acb231736d1c74b3?s=96&d=mm&r=g","contentUrl":"https:\/\/secure.gravatar.com\/avatar\/d89f61f6bd1c29a4acb231736d1c74b3?s=96&d=mm&r=g","caption":"TermixTeam"},"url":"https:\/\/termix.net\/blog\/es\/author\/termixteam\/"}]}},"_links":{"self":[{"href":"https:\/\/termix.net\/blog\/es\/wp-json\/wp\/v2\/posts\/7315"}],"collection":[{"href":"https:\/\/termix.net\/blog\/es\/wp-json\/wp\/v2\/posts"}],"about":[{"href":"https:\/\/termix.net\/blog\/es\/wp-json\/wp\/v2\/types\/post"}],"author":[{"embeddable":true,"href":"https:\/\/termix.net\/blog\/es\/wp-json\/wp\/v2\/users\/2"}],"replies":[{"embeddable":true,"href":"https:\/\/termix.net\/blog\/es\/wp-json\/wp\/v2\/comments?post=7315"}],"version-history":[{"count":2,"href":"https:\/\/termix.net\/blog\/es\/wp-json\/wp\/v2\/posts\/7315\/revisions"}],"predecessor-version":[{"id":23287,"href":"https:\/\/termix.net\/blog\/es\/wp-json\/wp\/v2\/posts\/7315\/revisions\/23287"}],"wp:featuredmedia":[{"embeddable":true,"href":"https:\/\/termix.net\/blog\/es\/wp-json\/wp\/v2\/media\/23285"}],"wp:attachment":[{"href":"https:\/\/termix.net\/blog\/es\/wp-json\/wp\/v2\/media?parent=7315"}],"wp:term":[{"taxonomy":"category","embeddable":true,"href":"https:\/\/termix.net\/blog\/es\/wp-json\/wp\/v2\/categories?post=7315"},{"taxonomy":"post_tag","embeddable":true,"href":"https:\/\/termix.net\/blog\/es\/wp-json\/wp\/v2\/tags?post=7315"}],"curies":[{"name":"wp","href":"https:\/\/api.w.org\/{rel}","templated":true}]}}