{"id":7152,"date":"2016-07-14T06:26:35","date_gmt":"2016-07-14T06:26:35","guid":{"rendered":"http:\/\/termix.net\/?p=7152"},"modified":"2019-12-16T12:16:48","modified_gmt":"2019-12-16T11:16:48","slug":"cepillo-evo-xl-se-prepara-aterrizar-las-vegas","status":"publish","type":"post","link":"https:\/\/termix.net\/blog\/es\/cepillo-evo-xl-se-prepara-aterrizar-las-vegas\/","title":{"rendered":"El cepillo Evo XL se prepara para aterrizar en Las Vegas"},"content":{"rendered":"<p><div class=\"fusion-fullwidth fullwidth-box fusion-builder-row-1 faded-background fusion-parallax-none nonhundred-percent-fullwidth non-hundred-percent-height-scrolling fusion-no-small-visibility fusion-no-medium-visibility\" style=\"--awb-border-radius-top-left:0px;--awb-border-radius-top-right:0px;--awb-border-radius-bottom-right:0px;--awb-border-radius-bottom-left:0px;--awb-padding-top:24%;--awb-padding-right:3%;--awb-padding-left:3%;--awb-background-size:cover;\" ><div class=\"fullwidth-faded\" style=\"--awb-background-color:#181818;--awb-background-image:url(https:\/\/termix.net\/blog\/wp-content\/uploads\/2016\/07\/bannerweb_feriaLasVegas3-1.jpg);--awb-background-size:cover;\" ><\/div><div class=\"fusion-builder-row fusion-row\"><div class=\"fusion-layout-column fusion_builder_column fusion-builder-column-0 fusion_builder_column_1_1 1_1 fusion-one-full fusion-column-first fusion-column-last\" style=\"--awb-padding-top:6%;--awb-padding-right:8%;--awb-padding-bottom:6%;--awb-padding-left:8%;--awb-bg-color:rgba(255,255,255,0.7);--awb-bg-size:cover;--awb-margin-top:0px;--awb-margin-bottom:0px;\"><div class=\"fusion-column-wrapper fusion-column-has-shadow fusion-flex-column-wrapper-legacy\"><div class=\"fusion-text fusion-text-1 caption\"><p style=\"text-align: center;\">Novedades \u2014 3 min de lectura<\/p>\n<\/div><div class=\"fusion-title title fusion-title-1 fusion-sep-none fusion-title-center fusion-title-text fusion-title-size-two\" style=\"--awb-margin-top:30px;--awb-margin-bottom:20px;\"><h2 class=\"title-heading-center fusion-responsive-typography-calculated\" style=\"margin:0;--fontSize:50;line-height:1.28;\">El cepillo Evo XL se prepara para aterrizar en Las Vegas<\/h2><\/div><div class=\"fusion-clearfix\"><\/div><\/div><\/div><\/div><\/div><div class=\"fusion-fullwidth fullwidth-box fusion-builder-row-2 fusion-parallax-none nonhundred-percent-fullwidth non-hundred-percent-height-scrolling fusion-no-large-visibility\" style=\"--awb-border-radius-top-left:0px;--awb-border-radius-top-right:0px;--awb-border-radius-bottom-right:0px;--awb-border-radius-bottom-left:0px;--awb-background-image:url(&quot;https:\/\/termix.net\/blog\/wp-content\/uploads\/2019\/11\/con-el-secador-compacto-profesioanl-4300-de-termix-damos-volumen-al-cabello-1.jpg&quot;);--awb-background-size:cover;\" ><div class=\"fusion-builder-row fusion-row\"><div class=\"fusion-layout-column fusion_builder_column fusion-builder-column-1 fusion_builder_column_1_1 1_1 fusion-one-full fusion-column-first fusion-column-last fusion-column-inner-bg-wrapper\" style=\"--awb-padding-top:10%;--awb-padding-bottom:10%;--awb-inner-bg-image:url(&#039;http:\/\/termix.net\/blog\/wp-content\/uploads\/2019\/03\/single-blog-post-feat.jpg&#039;);--awb-inner-bg-position:center center;--awb-inner-bg-size:cover;\"><span class=\"fusion-column-inner-bg hover-type-zoomout\"><span class=\"fusion-column-anchor\"><span class=\"fusion-column-inner-bg-image\"><\/span><\/span><\/span><div class=\"fusion-column-wrapper fusion-flex-column-wrapper-legacy\" data-bg-url=\"http:\/\/termix.net\/blog\/wp-content\/uploads\/2019\/03\/single-blog-post-feat.jpg\"><div class=\"fusion-sep-clear\"><\/div><div class=\"fusion-separator fusion-no-large-visibility fusion-full-width-sep\" style=\"margin-left: auto;margin-right: auto;margin-top:200px;width:100%;\"><\/div><div class=\"fusion-sep-clear\"><\/div><div class=\"fusion-clearfix\"><\/div><\/div><\/div><div class=\"fusion-layout-column fusion_builder_column fusion-builder-column-2 fusion_builder_column_1_1 1_1 fusion-one-full fusion-column-first fusion-column-last\" style=\"--awb-padding-top:6%;--awb-bg-color:#ffffff;--awb-bg-size:cover;--awb-margin-top:0px;--awb-margin-bottom:0px;\"><div class=\"fusion-column-wrapper fusion-flex-column-wrapper-legacy\"><div class=\"fusion-text fusion-text-2 caption\"><p style=\"text-align: center;\">Novedades \u2014 3 min de lectura<\/p>\n<\/div><div class=\"fusion-title title fusion-title-2 fusion-sep-none fusion-title-center fusion-title-text fusion-title-size-two\" style=\"--awb-margin-top:30px;--awb-margin-bottom:20px;\"><h2 class=\"title-heading-center fusion-responsive-typography-calculated\" style=\"margin:0;--fontSize:50;line-height:1.28;\">El cepillo Evo XL se prepara para aterrizar en Las Vegas<\/h2><\/div><div class=\"fusion-clearfix\"><\/div><\/div><\/div><\/div><\/div><div class=\"fusion-fullwidth fullwidth-box fusion-builder-row-3 nonhundred-percent-fullwidth non-hundred-percent-height-scrolling\" style=\"--awb-border-radius-top-left:0px;--awb-border-radius-top-right:0px;--awb-border-radius-bottom-right:0px;--awb-border-radius-bottom-left:0px;--awb-padding-top:10px;--awb-padding-bottom:4%;\" ><div class=\"fusion-builder-row fusion-row\"><div class=\"fusion-layout-column fusion_builder_column fusion-builder-column-3 fusion_builder_column_1_6 1_6 fusion-one-sixth fusion-column-first fusion-no-small-visibility fusion-no-medium-visibility\" style=\"--awb-bg-size:cover;width:16.666666666667%;width:calc(16.666666666667% - ( ( 0 ) * 0.16666666666667 ) );margin-right: 0px;\"><div class=\"fusion-column-wrapper fusion-flex-column-wrapper-legacy\"><div class=\"fusion-clearfix\"><\/div><\/div><\/div><div class=\"fusion-layout-column fusion_builder_column fusion-builder-column-4 fusion_builder_column_2_3 2_3 fusion-two-third fusion-column-last\" style=\"--awb-bg-size:cover;width:66.666666666667%;width:calc(66.666666666667% - ( ( 0 ) * 0.66666666666667 ) );\"><div class=\"fusion-column-wrapper fusion-flex-column-wrapper-legacy\"><div class=\"fusion-sep-clear\"><\/div><div class=\"fusion-separator fusion-full-width-sep\" style=\"margin-left: auto;margin-right: auto;margin-top:30px;width:100%;\"><\/div><div class=\"fusion-sep-clear\"><\/div><div class=\"fusion-text fusion-text-3\"><p style=\"text-align: center;\"><strong><span style=\"font-size: 22px; line-height: 1.5em;\">La Premiere Orlando, Cosmoprof Worldwide Las Vegas prepara motores. <\/span><\/strong><\/p>\n<p style=\"text-align: center;\"><span style=\"font-size: 22px; line-height: 1.5em;\">Del 24 al 26 de julio, Termix participar\u00e1 en la que ya se ha convertido en la cita anual de la belleza y la peluquer\u00eda m\u00e1s importante de EEUU, que tendr\u00e1 lugar en el m\u00edtico Centro de Convenciones Mandalay Bay. Ah\u00ed, Termix presentar\u00e1, entre otros, el nuevo y revolucionario cepillo Evolution XL con 3 cent\u00edmetros m\u00e1s de longitud. Con su posicionamiento y tecnolog\u00eda \u00fanica, se espera que la marca siga consolid\u00e1ndose en el mercado norteamericano.<\/span><\/p>\n<\/div><div class=\"fusion-sep-clear\"><\/div><div class=\"fusion-separator fusion-full-width-sep\" style=\"margin-left: auto;margin-right: auto;margin-top:30px;width:100%;\"><\/div><div class=\"fusion-sep-clear\"><\/div><div class=\"fusion-text fusion-text-4\"><p style=\"text-align: justify;\">Cosmoprof Worldwide Las Vegas llega a su 14 edici\u00f3n con las mejores expectativas. <strong>2015 supuso un a\u00f1o r\u00e9cord con el mayor n\u00famero de visitantes de su historia (+30.000) pero tambi\u00e9n de expositores (+1.000)<\/strong> que llevaron a la palestra las \u00faltimas tendencias e innovaciones. Con esos datos, no es extra\u00f1o que este evento de tres d\u00edas de duraci\u00f3n y que tiene lugar bajo un techo de m\u00e1s de 250.000m2, se haya convertido en <strong>la oportunidad de negocio m\u00e1s importante de EEUU para todos los sectores de la industria de la belleza global.<\/strong><\/p>\n<p style=\"text-align: justify;\"><img decoding=\"async\" class=\"size-full wp-image-7154 aligncenter\" src=\"http:\/\/termix.net\/wp-content\/uploads\/2016\/07\/bannerweb_feriaLasVegas3.jpg\" alt=\"Termix, marca participante en Cosmoprof Worldwide Las Vegas 2016\" width=\"800\" height=\"495\" \/><\/p>\n<p style=\"text-align: justify;\">Este a\u00f1o, Termix volver\u00e1 a ser una de las marcas participantes para presentar los \u00faltimos lanzamientos e innovaciones. <strong>La gran apuesta de este a\u00f1o, el cepillo Evolution XL ser\u00e1 sin duda uno de los productos estrella.<\/strong> Su nuevo tama\u00f1o y nueva forma de trabajar el cabello, junto con su innovadora tecnolog\u00eda, promete ser un <strong>\u00e9xito asegurado entre los consumidores y estilistas norteamericanos en busca de utensilios de gran calidad<\/strong>.<\/p>\n<p style=\"text-align: justify;\">Junto a \u00e9l, Termix tambi\u00e9n presentar\u00e1 los cepillos el\u00e9ctricos Pro Styling y Pro Flat, para alisar, ondular o dar volumen en un solo gesto, as\u00ed como los cepillos C\u00b7Ramic Colors en los colores Pantone del a\u00f1o: Azul Serenity, Rosa Cuarzo y Verde Pastel. Adem\u00e1s, los cepillos Termix Evolution para cada tipo de de cabello (fino, normal y grueso) seguir\u00e1n acompa\u00f1ando los nuevos lanzamientos como <strong>producto insigne de la marca para el mayor cuidado y salud del cabello.<\/strong><\/p>\n<p style=\"text-align: justify;\"><img decoding=\"async\" class=\"size-full wp-image-7155 aligncenter\" src=\"http:\/\/termix.net\/wp-content\/uploads\/2016\/07\/bannerweb_feriaLasVegas2.jpg\" alt=\"Termix, marca participante en Cosmoprof Worldwide Las Vegas 2016\" width=\"800\" height=\"495\" \/><\/p>\n<p style=\"text-align: justify;\">Descubre todas las novedades Termix en nuestro <strong>stand n\u00famero<\/strong> <strong>34350<\/strong>. \u00a1Te estamos esperando!<\/p>\n<\/div><div class=\"fusion-clearfix\"><\/div><\/div><\/div><\/div><\/div><div class=\"fusion-fullwidth fullwidth-box fusion-builder-row-4 nonhundred-percent-fullwidth non-hundred-percent-height-scrolling\" style=\"--awb-border-radius-top-left:0px;--awb-border-radius-top-right:0px;--awb-border-radius-bottom-right:0px;--awb-border-radius-bottom-left:0px;\" ><\/div><\/p>\n","protected":false},"excerpt":{"rendered":"<p>\t\t\t\tDel 24 al 26 de julio, Termix participar\u00e1 en la que ya se ha convertido en la cita anual de la belleza global m\u00e1s importante de EEUU para presentar, entre otros, el lanzamiento estrella de este a\u00f1o: El cepillo Evolution XL con 3 cent\u00edmetros m\u00e1s de longitud.\t\t<\/p>\n","protected":false},"author":2,"featured_media":23348,"comment_status":"open","ping_status":"open","sticky":false,"template":"","format":"standard","meta":[],"categories":[6],"tags":[],"yoast_head":"<!-- This site is optimized with the Yoast SEO plugin v20.0 - https:\/\/yoast.com\/wordpress\/plugins\/seo\/ -->\n<title>El cepillo Evo XL se prepara para aterrizar en Las Vegas - Blog Termix Spain<\/title>\n<meta name=\"description\" content=\"Blog Termix Spain - El cepillo Evo XL se prepara para aterrizar en Las Vegas -\" \/>\n<meta name=\"robots\" content=\"index, follow, max-snippet:-1, max-image-preview:large, max-video-preview:-1\" \/>\n<link rel=\"canonical\" href=\"https:\/\/termix.net\/blog\/es\/cepillo-evo-xl-se-prepara-aterrizar-las-vegas\/\" \/>\n<meta property=\"og:locale\" content=\"es_ES\" \/>\n<meta property=\"og:type\" content=\"article\" \/>\n<meta property=\"og:title\" content=\"El cepillo Evo XL se prepara para aterrizar en Las Vegas - Blog Termix Spain\" \/>\n<meta property=\"og:description\" content=\"Blog Termix Spain - El cepillo Evo XL se prepara para aterrizar en Las Vegas -\" \/>\n<meta property=\"og:url\" content=\"https:\/\/termix.net\/blog\/es\/cepillo-evo-xl-se-prepara-aterrizar-las-vegas\/\" \/>\n<meta property=\"og:site_name\" content=\"Blog Termix Spain\" \/>\n<meta property=\"article:published_time\" content=\"2016-07-14T06:26:35+00:00\" \/>\n<meta property=\"article:modified_time\" content=\"2019-12-16T11:16:48+00:00\" \/>\n<meta property=\"og:image\" content=\"https:\/\/termix.net\/blog\/wp-content\/uploads\/2016\/07\/bannerweb_feriaLasVegas3-1.jpg\" \/>\n\t<meta property=\"og:image:width\" content=\"800\" \/>\n\t<meta property=\"og:image:height\" content=\"495\" \/>\n\t<meta property=\"og:image:type\" content=\"image\/jpeg\" \/>\n<meta name=\"author\" content=\"TermixTeam\" \/>\n<meta name=\"twitter:card\" content=\"summary_large_image\" \/>\n<meta name=\"twitter:label1\" content=\"Escrito por\" \/>\n\t<meta name=\"twitter:data1\" content=\"TermixTeam\" \/>\n\t<meta name=\"twitter:label2\" content=\"Tiempo de lectura\" \/>\n\t<meta name=\"twitter:data2\" content=\"8 minutos\" \/>\n<script type=\"application\/ld+json\" class=\"yoast-schema-graph\">{\"@context\":\"https:\/\/schema.org\",\"@graph\":[{\"@type\":\"Article\",\"@id\":\"https:\/\/termix.net\/blog\/es\/cepillo-evo-xl-se-prepara-aterrizar-las-vegas\/#article\",\"isPartOf\":{\"@id\":\"https:\/\/termix.net\/blog\/es\/cepillo-evo-xl-se-prepara-aterrizar-las-vegas\/\"},\"author\":{\"name\":\"TermixTeam\",\"@id\":\"https:\/\/termix.net\/blog\/es\/#\/schema\/person\/9096c98bdf03c8ddf91ad7172f254f40\"},\"headline\":\"El cepillo Evo XL se prepara para aterrizar en Las Vegas\",\"datePublished\":\"2016-07-14T06:26:35+00:00\",\"dateModified\":\"2019-12-16T11:16:48+00:00\",\"mainEntityOfPage\":{\"@id\":\"https:\/\/termix.net\/blog\/es\/cepillo-evo-xl-se-prepara-aterrizar-las-vegas\/\"},\"wordCount\":1537,\"commentCount\":0,\"publisher\":{\"@id\":\"https:\/\/termix.net\/blog\/es\/#organization\"},\"articleSection\":[\"NOTICIAS\"],\"inLanguage\":\"es\",\"potentialAction\":[{\"@type\":\"CommentAction\",\"name\":\"Comment\",\"target\":[\"https:\/\/termix.net\/blog\/es\/cepillo-evo-xl-se-prepara-aterrizar-las-vegas\/#respond\"]}]},{\"@type\":\"WebPage\",\"@id\":\"https:\/\/termix.net\/blog\/es\/cepillo-evo-xl-se-prepara-aterrizar-las-vegas\/\",\"url\":\"https:\/\/termix.net\/blog\/es\/cepillo-evo-xl-se-prepara-aterrizar-las-vegas\/\",\"name\":\"El cepillo Evo XL se prepara para aterrizar en Las Vegas - Blog Termix Spain\",\"isPartOf\":{\"@id\":\"https:\/\/termix.net\/blog\/es\/#website\"},\"datePublished\":\"2016-07-14T06:26:35+00:00\",\"dateModified\":\"2019-12-16T11:16:48+00:00\",\"description\":\"Blog Termix Spain - El cepillo Evo XL se prepara para aterrizar en Las Vegas -\",\"breadcrumb\":{\"@id\":\"https:\/\/termix.net\/blog\/es\/cepillo-evo-xl-se-prepara-aterrizar-las-vegas\/#breadcrumb\"},\"inLanguage\":\"es\",\"potentialAction\":[{\"@type\":\"ReadAction\",\"target\":[\"https:\/\/termix.net\/blog\/es\/cepillo-evo-xl-se-prepara-aterrizar-las-vegas\/\"]}]},{\"@type\":\"BreadcrumbList\",\"@id\":\"https:\/\/termix.net\/blog\/es\/cepillo-evo-xl-se-prepara-aterrizar-las-vegas\/#breadcrumb\",\"itemListElement\":[{\"@type\":\"ListItem\",\"position\":1,\"name\":\"Home\",\"item\":\"https:\/\/termix.net\/blog\/es\/\"},{\"@type\":\"ListItem\",\"position\":2,\"name\":\"El cepillo Evo XL se prepara para aterrizar en Las Vegas\"}]},{\"@type\":\"WebSite\",\"@id\":\"https:\/\/termix.net\/blog\/es\/#website\",\"url\":\"https:\/\/termix.net\/blog\/es\/\",\"name\":\"Blog Termix Spain\",\"description\":\"Blog de tendencias y productos de peluquer\u00eda profesional.\",\"publisher\":{\"@id\":\"https:\/\/termix.net\/blog\/es\/#organization\"},\"potentialAction\":[{\"@type\":\"SearchAction\",\"target\":{\"@type\":\"EntryPoint\",\"urlTemplate\":\"https:\/\/termix.net\/blog\/es\/?s={search_term_string}\"},\"query-input\":\"required name=search_term_string\"}],\"inLanguage\":\"es\"},{\"@type\":\"Organization\",\"@id\":\"https:\/\/termix.net\/blog\/es\/#organization\",\"name\":\"Dols Industrial de Peluquer\u00eda SA\",\"url\":\"https:\/\/termix.net\/blog\/es\/\",\"logo\":{\"@type\":\"ImageObject\",\"inLanguage\":\"es\",\"@id\":\"https:\/\/termix.net\/blog\/es\/#\/schema\/logo\/image\/\",\"url\":\"https:\/\/termix.net\/blog\/wp-content\/uploads\/2020\/10\/OGbDAeng.jpeg\",\"contentUrl\":\"https:\/\/termix.net\/blog\/wp-content\/uploads\/2020\/10\/OGbDAeng.jpeg\",\"width\":800,\"height\":800,\"caption\":\"Dols Industrial de Peluquer\u00eda SA\"},\"image\":{\"@id\":\"https:\/\/termix.net\/blog\/es\/#\/schema\/logo\/image\/\"}},{\"@type\":\"Person\",\"@id\":\"https:\/\/termix.net\/blog\/es\/#\/schema\/person\/9096c98bdf03c8ddf91ad7172f254f40\",\"name\":\"TermixTeam\",\"image\":{\"@type\":\"ImageObject\",\"inLanguage\":\"es\",\"@id\":\"https:\/\/termix.net\/blog\/es\/#\/schema\/person\/image\/\",\"url\":\"https:\/\/secure.gravatar.com\/avatar\/d89f61f6bd1c29a4acb231736d1c74b3?s=96&d=mm&r=g\",\"contentUrl\":\"https:\/\/secure.gravatar.com\/avatar\/d89f61f6bd1c29a4acb231736d1c74b3?s=96&d=mm&r=g\",\"caption\":\"TermixTeam\"},\"url\":\"https:\/\/termix.net\/blog\/es\/author\/termixteam\/\"}]}<\/script>\n<!-- \/ Yoast SEO plugin. -->","yoast_head_json":{"title":"El cepillo Evo XL se prepara para aterrizar en Las Vegas - Blog Termix Spain","description":"Blog Termix Spain - El cepillo Evo XL se prepara para aterrizar en Las Vegas -","robots":{"index":"index","follow":"follow","max-snippet":"max-snippet:-1","max-image-preview":"max-image-preview:large","max-video-preview":"max-video-preview:-1"},"canonical":"https:\/\/termix.net\/blog\/es\/cepillo-evo-xl-se-prepara-aterrizar-las-vegas\/","og_locale":"es_ES","og_type":"article","og_title":"El cepillo Evo XL se prepara para aterrizar en Las Vegas - Blog Termix Spain","og_description":"Blog Termix Spain - El cepillo Evo XL se prepara para aterrizar en Las Vegas -","og_url":"https:\/\/termix.net\/blog\/es\/cepillo-evo-xl-se-prepara-aterrizar-las-vegas\/","og_site_name":"Blog Termix Spain","article_published_time":"2016-07-14T06:26:35+00:00","article_modified_time":"2019-12-16T11:16:48+00:00","og_image":[{"width":800,"height":495,"url":"https:\/\/termix.net\/blog\/wp-content\/uploads\/2016\/07\/bannerweb_feriaLasVegas3-1.jpg","type":"image\/jpeg"}],"author":"TermixTeam","twitter_card":"summary_large_image","twitter_misc":{"Escrito por":"TermixTeam","Tiempo de lectura":"8 minutos"},"schema":{"@context":"https:\/\/schema.org","@graph":[{"@type":"Article","@id":"https:\/\/termix.net\/blog\/es\/cepillo-evo-xl-se-prepara-aterrizar-las-vegas\/#article","isPartOf":{"@id":"https:\/\/termix.net\/blog\/es\/cepillo-evo-xl-se-prepara-aterrizar-las-vegas\/"},"author":{"name":"TermixTeam","@id":"https:\/\/termix.net\/blog\/es\/#\/schema\/person\/9096c98bdf03c8ddf91ad7172f254f40"},"headline":"El cepillo Evo XL se prepara para aterrizar en Las Vegas","datePublished":"2016-07-14T06:26:35+00:00","dateModified":"2019-12-16T11:16:48+00:00","mainEntityOfPage":{"@id":"https:\/\/termix.net\/blog\/es\/cepillo-evo-xl-se-prepara-aterrizar-las-vegas\/"},"wordCount":1537,"commentCount":0,"publisher":{"@id":"https:\/\/termix.net\/blog\/es\/#organization"},"articleSection":["NOTICIAS"],"inLanguage":"es","potentialAction":[{"@type":"CommentAction","name":"Comment","target":["https:\/\/termix.net\/blog\/es\/cepillo-evo-xl-se-prepara-aterrizar-las-vegas\/#respond"]}]},{"@type":"WebPage","@id":"https:\/\/termix.net\/blog\/es\/cepillo-evo-xl-se-prepara-aterrizar-las-vegas\/","url":"https:\/\/termix.net\/blog\/es\/cepillo-evo-xl-se-prepara-aterrizar-las-vegas\/","name":"El cepillo Evo XL se prepara para aterrizar en Las Vegas - Blog Termix Spain","isPartOf":{"@id":"https:\/\/termix.net\/blog\/es\/#website"},"datePublished":"2016-07-14T06:26:35+00:00","dateModified":"2019-12-16T11:16:48+00:00","description":"Blog Termix Spain - El cepillo Evo XL se prepara para aterrizar en Las Vegas -","breadcrumb":{"@id":"https:\/\/termix.net\/blog\/es\/cepillo-evo-xl-se-prepara-aterrizar-las-vegas\/#breadcrumb"},"inLanguage":"es","potentialAction":[{"@type":"ReadAction","target":["https:\/\/termix.net\/blog\/es\/cepillo-evo-xl-se-prepara-aterrizar-las-vegas\/"]}]},{"@type":"BreadcrumbList","@id":"https:\/\/termix.net\/blog\/es\/cepillo-evo-xl-se-prepara-aterrizar-las-vegas\/#breadcrumb","itemListElement":[{"@type":"ListItem","position":1,"name":"Home","item":"https:\/\/termix.net\/blog\/es\/"},{"@type":"ListItem","position":2,"name":"El cepillo Evo XL se prepara para aterrizar en Las Vegas"}]},{"@type":"WebSite","@id":"https:\/\/termix.net\/blog\/es\/#website","url":"https:\/\/termix.net\/blog\/es\/","name":"Blog Termix Spain","description":"Blog de tendencias y productos de peluquer\u00eda profesional.","publisher":{"@id":"https:\/\/termix.net\/blog\/es\/#organization"},"potentialAction":[{"@type":"SearchAction","target":{"@type":"EntryPoint","urlTemplate":"https:\/\/termix.net\/blog\/es\/?s={search_term_string}"},"query-input":"required name=search_term_string"}],"inLanguage":"es"},{"@type":"Organization","@id":"https:\/\/termix.net\/blog\/es\/#organization","name":"Dols Industrial de Peluquer\u00eda SA","url":"https:\/\/termix.net\/blog\/es\/","logo":{"@type":"ImageObject","inLanguage":"es","@id":"https:\/\/termix.net\/blog\/es\/#\/schema\/logo\/image\/","url":"https:\/\/termix.net\/blog\/wp-content\/uploads\/2020\/10\/OGbDAeng.jpeg","contentUrl":"https:\/\/termix.net\/blog\/wp-content\/uploads\/2020\/10\/OGbDAeng.jpeg","width":800,"height":800,"caption":"Dols Industrial de Peluquer\u00eda SA"},"image":{"@id":"https:\/\/termix.net\/blog\/es\/#\/schema\/logo\/image\/"}},{"@type":"Person","@id":"https:\/\/termix.net\/blog\/es\/#\/schema\/person\/9096c98bdf03c8ddf91ad7172f254f40","name":"TermixTeam","image":{"@type":"ImageObject","inLanguage":"es","@id":"https:\/\/termix.net\/blog\/es\/#\/schema\/person\/image\/","url":"https:\/\/secure.gravatar.com\/avatar\/d89f61f6bd1c29a4acb231736d1c74b3?s=96&d=mm&r=g","contentUrl":"https:\/\/secure.gravatar.com\/avatar\/d89f61f6bd1c29a4acb231736d1c74b3?s=96&d=mm&r=g","caption":"TermixTeam"},"url":"https:\/\/termix.net\/blog\/es\/author\/termixteam\/"}]}},"_links":{"self":[{"href":"https:\/\/termix.net\/blog\/es\/wp-json\/wp\/v2\/posts\/7152"}],"collection":[{"href":"https:\/\/termix.net\/blog\/es\/wp-json\/wp\/v2\/posts"}],"about":[{"href":"https:\/\/termix.net\/blog\/es\/wp-json\/wp\/v2\/types\/post"}],"author":[{"embeddable":true,"href":"https:\/\/termix.net\/blog\/es\/wp-json\/wp\/v2\/users\/2"}],"replies":[{"embeddable":true,"href":"https:\/\/termix.net\/blog\/es\/wp-json\/wp\/v2\/comments?post=7152"}],"version-history":[{"count":3,"href":"https:\/\/termix.net\/blog\/es\/wp-json\/wp\/v2\/posts\/7152\/revisions"}],"predecessor-version":[{"id":23639,"href":"https:\/\/termix.net\/blog\/es\/wp-json\/wp\/v2\/posts\/7152\/revisions\/23639"}],"wp:featuredmedia":[{"embeddable":true,"href":"https:\/\/termix.net\/blog\/es\/wp-json\/wp\/v2\/media\/23348"}],"wp:attachment":[{"href":"https:\/\/termix.net\/blog\/es\/wp-json\/wp\/v2\/media?parent=7152"}],"wp:term":[{"taxonomy":"category","embeddable":true,"href":"https:\/\/termix.net\/blog\/es\/wp-json\/wp\/v2\/categories?post=7152"},{"taxonomy":"post_tag","embeddable":true,"href":"https:\/\/termix.net\/blog\/es\/wp-json\/wp\/v2\/tags?post=7152"}],"curies":[{"name":"wp","href":"https:\/\/api.w.org\/{rel}","templated":true}]}}