{"id":6890,"date":"2016-05-31T09:28:51","date_gmt":"2016-05-31T09:28:51","guid":{"rendered":"http:\/\/termix.net\/?p=6890"},"modified":"2019-12-13T15:49:55","modified_gmt":"2019-12-13T14:49:55","slug":"la-feria-premiere-orlando-nueva-edicion","status":"publish","type":"post","link":"https:\/\/termix.net\/blog\/es\/la-feria-premiere-orlando-nueva-edicion\/","title":{"rendered":"Orlando se prepara para recibir las \u00faltimas novedades de Termix"},"content":{"rendered":"<p><div class=\"fusion-fullwidth fullwidth-box fusion-builder-row-1 faded-background fusion-parallax-none nonhundred-percent-fullwidth non-hundred-percent-height-scrolling fusion-no-small-visibility fusion-no-medium-visibility\" style=\"--awb-border-radius-top-left:0px;--awb-border-radius-top-right:0px;--awb-border-radius-bottom-right:0px;--awb-border-radius-bottom-left:0px;--awb-padding-top:24%;--awb-padding-right:3%;--awb-padding-left:3%;--awb-background-size:cover;\" ><div class=\"fullwidth-faded\" style=\"--awb-background-color:#181818;--awb-background-image:url(https:\/\/termix.net\/blog\/wp-content\/uploads\/2016\/05\/bannerpremdefinitivo2.jpg);--awb-background-size:cover;\" ><\/div><div class=\"fusion-builder-row fusion-row\"><div class=\"fusion-layout-column fusion_builder_column fusion-builder-column-0 fusion_builder_column_1_1 1_1 fusion-one-full fusion-column-first fusion-column-last\" style=\"--awb-padding-top:6%;--awb-padding-right:8%;--awb-padding-bottom:6%;--awb-padding-left:8%;--awb-bg-color:rgba(255,255,255,0.7);--awb-bg-size:cover;--awb-margin-top:0px;--awb-margin-bottom:0px;\"><div class=\"fusion-column-wrapper fusion-column-has-shadow fusion-flex-column-wrapper-legacy\"><div class=\"fusion-text fusion-text-1 caption\"><p style=\"text-align: center;\">Novedades \u2014 3 min de lectura<\/p>\n<\/div><div class=\"fusion-title title fusion-title-1 fusion-sep-none fusion-title-center fusion-title-text fusion-title-size-two\" style=\"--awb-margin-top:30px;--awb-margin-bottom:20px;\"><h2 class=\"title-heading-center fusion-responsive-typography-calculated\" style=\"margin:0;--fontSize:50;line-height:1.28;\">Orlando se prepara para recibir las \u00faltimas novedades de Termix<\/h2><\/div><div class=\"fusion-clearfix\"><\/div><\/div><\/div><\/div><\/div><div class=\"fusion-fullwidth fullwidth-box fusion-builder-row-2 fusion-parallax-none nonhundred-percent-fullwidth non-hundred-percent-height-scrolling fusion-no-large-visibility\" style=\"--awb-border-radius-top-left:0px;--awb-border-radius-top-right:0px;--awb-border-radius-bottom-right:0px;--awb-border-radius-bottom-left:0px;--awb-background-image:url(&quot;https:\/\/termix.net\/blog\/wp-content\/uploads\/2019\/11\/con-el-secador-compacto-profesioanl-4300-de-termix-damos-volumen-al-cabello-1.jpg&quot;);--awb-background-size:cover;\" ><div class=\"fusion-builder-row fusion-row\"><div class=\"fusion-layout-column fusion_builder_column fusion-builder-column-1 fusion_builder_column_1_1 1_1 fusion-one-full fusion-column-first fusion-column-last fusion-column-inner-bg-wrapper\" style=\"--awb-padding-top:10%;--awb-padding-bottom:10%;--awb-inner-bg-image:url(&#039;http:\/\/termix.net\/blog\/wp-content\/uploads\/2019\/03\/single-blog-post-feat.jpg&#039;);--awb-inner-bg-position:center center;--awb-inner-bg-size:cover;\"><span class=\"fusion-column-inner-bg hover-type-zoomout\"><span class=\"fusion-column-anchor\"><span class=\"fusion-column-inner-bg-image\"><\/span><\/span><\/span><div class=\"fusion-column-wrapper fusion-flex-column-wrapper-legacy\" data-bg-url=\"http:\/\/termix.net\/blog\/wp-content\/uploads\/2019\/03\/single-blog-post-feat.jpg\"><div class=\"fusion-sep-clear\"><\/div><div class=\"fusion-separator fusion-no-large-visibility fusion-full-width-sep\" style=\"margin-left: auto;margin-right: auto;margin-top:200px;width:100%;\"><\/div><div class=\"fusion-sep-clear\"><\/div><div class=\"fusion-clearfix\"><\/div><\/div><\/div><div class=\"fusion-layout-column fusion_builder_column fusion-builder-column-2 fusion_builder_column_1_1 1_1 fusion-one-full fusion-column-first fusion-column-last\" style=\"--awb-padding-top:6%;--awb-bg-color:#ffffff;--awb-bg-size:cover;--awb-margin-top:0px;--awb-margin-bottom:0px;\"><div class=\"fusion-column-wrapper fusion-flex-column-wrapper-legacy\"><div class=\"fusion-text fusion-text-2 caption\"><p style=\"text-align: center;\">Novedades \u2014 3 min de lectura<\/p>\n<\/div><div class=\"fusion-title title fusion-title-2 fusion-sep-none fusion-title-center fusion-title-text fusion-title-size-two\" style=\"--awb-margin-top:30px;--awb-margin-bottom:20px;\"><h2 class=\"title-heading-center fusion-responsive-typography-calculated\" style=\"margin:0;--fontSize:50;line-height:1.28;\">Orlando se prepara para recibir las \u00faltimas novedades de Termix<\/h2><\/div><div class=\"fusion-clearfix\"><\/div><\/div><\/div><\/div><\/div><div class=\"fusion-fullwidth fullwidth-box fusion-builder-row-3 nonhundred-percent-fullwidth non-hundred-percent-height-scrolling\" style=\"--awb-border-radius-top-left:0px;--awb-border-radius-top-right:0px;--awb-border-radius-bottom-right:0px;--awb-border-radius-bottom-left:0px;--awb-padding-top:10px;--awb-padding-bottom:4%;\" ><div class=\"fusion-builder-row fusion-row\"><div class=\"fusion-layout-column fusion_builder_column fusion-builder-column-3 fusion_builder_column_1_6 1_6 fusion-one-sixth fusion-column-first fusion-no-small-visibility fusion-no-medium-visibility\" style=\"--awb-bg-size:cover;width:16.666666666667%;width:calc(16.666666666667% - ( ( 0 ) * 0.16666666666667 ) );margin-right: 0px;\"><div class=\"fusion-column-wrapper fusion-flex-column-wrapper-legacy\"><div class=\"fusion-clearfix\"><\/div><\/div><\/div><div class=\"fusion-layout-column fusion_builder_column fusion-builder-column-4 fusion_builder_column_2_3 2_3 fusion-two-third fusion-column-last\" style=\"--awb-bg-size:cover;width:66.666666666667%;width:calc(66.666666666667% - ( ( 0 ) * 0.66666666666667 ) );\"><div class=\"fusion-column-wrapper fusion-flex-column-wrapper-legacy\"><div class=\"fusion-sep-clear\"><\/div><div class=\"fusion-separator fusion-full-width-sep\" style=\"margin-left: auto;margin-right: auto;margin-top:30px;width:100%;\"><\/div><div class=\"fusion-sep-clear\"><\/div><div class=\"fusion-text fusion-text-3\"><p style=\"text-align: center;\"><span style=\"font-size: 22px; line-height: 1.5em;\">Orlando se prepara para una de las ferias m\u00e1s destacadas del sector de la belleza en EEUU. Del 4 al 6 de junio, Termix participar\u00e1 en la cita anual \u2018Premiere Orlando\u2019 en su compromiso por seguir ofreciendo las mejores herramientas de peluquer\u00eda en un pa\u00eds donde la marca Termix ya suena con fuerza como sin\u00f3nimo de calidad e innovaci\u00f3n.<\/span><\/p>\n<\/div><div class=\"fusion-sep-clear\"><\/div><div class=\"fusion-separator fusion-full-width-sep\" style=\"margin-left: auto;margin-right: auto;margin-top:30px;width:100%;\"><\/div><div class=\"fusion-sep-clear\"><\/div><div class=\"fusion-text fusion-text-4\"><h3 style=\"text-align: justify;\"><em><img decoding=\"async\" class=\"aligncenter size-full wp-image-6917\" src=\"http:\/\/termix.net\/wp-content\/uploads\/2016\/05\/bannerpremdefinitivo1.jpg\" alt=\"Termix en Premiere Orlando\" width=\"800\" height=\"495\" \/><\/em><\/h3>\n<p style=\"text-align: justify;\">Con una previsi\u00f3n que supera las cifras del a\u00f1o pasado con 800 expositores y alrededor de 57.000 visitantes, la feria Premiere Orlando tendr\u00e1 lugar en el \u201cOrange County Convention Center\u201d, situado en el centro del \u00e1rea de turismo principal de Orlando y siendo una de las superficies m\u00e1s importantes de la regi\u00f3n dedicadas a este tipo de eventos. <strong>Termix, como marca l\u00edder en herramientas de peluquer\u00eda, no fallar\u00e1 en su compromiso y, por ello, tendr\u00e1 su lugar destacado en esta feria<\/strong>, presentando de la mano de su equipo comercial y t\u00e9cnico las novedades m\u00e1s importantes de este 2016.<\/p>\n<p style=\"text-align: justify;\">Termix acudir\u00e1 a su cita habitual para presentar all\u00ed sus nuevos lanzamientos: <strong>el cepillo Evolution XL<\/strong> con sus revolucionarios 3 cent\u00edmetros m\u00e1s de largo que multiplican las posibilidades en cuanto a estilos, los <strong>C\u00b7Ramic Colors<\/strong>, vestidos de los colores Pantone del a\u00f1o (Azul Serenity, Verde Pastel y Rosa Cuarzo) y el innovador <strong>cepillo alisador redondo Pro Flat<\/strong> que incorpora la tecnolog\u00eda m\u00e1s avanzada.<\/p>\n<p style=\"text-align: justify;\"><img decoding=\"async\" class=\"size-full wp-image-6919 alignnone\" src=\"http:\/\/termix.net\/wp-content\/uploads\/2016\/05\/bannerpremdefinitivo3.jpg\" alt=\"Termix en Premiere Orlando\" width=\"800\" height=\"495\" \/><\/p>\n<p style=\"text-align: justify;\">La importancia del cuidado del cabello en Estados Unidos est\u00e1 en alza y, el consumidor americano, es cada vez m\u00e1s exigente. En el a\u00f1o 2015 este sector creci\u00f3 un 5%, alcanzando un total de 2,4 billones de $ en ventas, cifras que demuestran que, en esta regi\u00f3n, solo pueden conseguir triunfar los mejores. Por ese motivo, <strong>Termix trabaja a diario para seguir siendo l\u00edderes y expandirse y, por ello, ha conseguido consumar su \u00e9xito en el mercado americano<\/strong>.<\/p>\n<p style=\"text-align: justify;\">Esta es una cita que no puedes perderte y, <strong>desde Termix, te invitamos a acudir a nuestro stand, donde estaremos encantados de recibirte<\/strong> para informarte sobre las mejores herramientas de peluquer\u00eda profesional. \u00a1Te esperamos!<\/p>\n<\/div><div class=\"fusion-clearfix\"><\/div><\/div><\/div><\/div><\/div><div class=\"fusion-fullwidth fullwidth-box fusion-builder-row-4 nonhundred-percent-fullwidth non-hundred-percent-height-scrolling\" style=\"--awb-border-radius-top-left:0px;--awb-border-radius-top-right:0px;--awb-border-radius-bottom-right:0px;--awb-border-radius-bottom-left:0px;\" ><\/div><\/p>\n","protected":false},"excerpt":{"rendered":"<p>\t\t\t\tPremiere Orlando es una de las ferias m\u00e1s destacadas sobre el sector de la belleza. Termix, en su compromiso por seguir ofreciendo las mejores herramientas de peluquer\u00eda profesional, acudir\u00e1 para seguir demostrando por qu\u00e9 es l\u00edder.\t\t<\/p>\n","protected":false},"author":2,"featured_media":23407,"comment_status":"open","ping_status":"open","sticky":false,"template":"","format":"standard","meta":[],"categories":[6],"tags":[],"yoast_head":"<!-- This site is optimized with the Yoast SEO plugin v20.0 - https:\/\/yoast.com\/wordpress\/plugins\/seo\/ -->\n<title>Orlando recibe las \u00faltimas novedades de Termix - Termix<\/title>\n<meta name=\"description\" content=\"Premiere Orlando es uno de los eventos m\u00e1s destacados sobre belleza. Entra para conocer todos los detalles sobre esta feria y la participaci\u00f3n de Termix.\" \/>\n<meta name=\"robots\" content=\"index, follow, max-snippet:-1, max-image-preview:large, max-video-preview:-1\" \/>\n<link rel=\"canonical\" href=\"https:\/\/termix.net\/blog\/es\/la-feria-premiere-orlando-nueva-edicion\/\" \/>\n<meta property=\"og:locale\" content=\"es_ES\" \/>\n<meta property=\"og:type\" content=\"article\" \/>\n<meta property=\"og:title\" content=\"Orlando recibe las \u00faltimas novedades de Termix - Termix\" \/>\n<meta property=\"og:description\" content=\"Premiere Orlando es uno de los eventos m\u00e1s destacados sobre belleza. Entra para conocer todos los detalles sobre esta feria y la participaci\u00f3n de Termix.\" \/>\n<meta property=\"og:url\" content=\"https:\/\/termix.net\/blog\/es\/la-feria-premiere-orlando-nueva-edicion\/\" \/>\n<meta property=\"og:site_name\" content=\"Blog Termix Spain\" \/>\n<meta property=\"article:published_time\" content=\"2016-05-31T09:28:51+00:00\" \/>\n<meta property=\"article:modified_time\" content=\"2019-12-13T14:49:55+00:00\" \/>\n<meta property=\"og:image\" content=\"https:\/\/termix.net\/blog\/wp-content\/uploads\/2016\/05\/bannerpremdefinitivo1.jpg\" \/>\n\t<meta property=\"og:image:width\" content=\"800\" \/>\n\t<meta property=\"og:image:height\" content=\"495\" \/>\n\t<meta property=\"og:image:type\" content=\"image\/jpeg\" \/>\n<meta name=\"author\" content=\"TermixTeam\" \/>\n<meta name=\"twitter:card\" content=\"summary_large_image\" \/>\n<meta name=\"twitter:label1\" content=\"Escrito por\" \/>\n\t<meta name=\"twitter:data1\" content=\"TermixTeam\" \/>\n\t<meta name=\"twitter:label2\" content=\"Tiempo de lectura\" \/>\n\t<meta name=\"twitter:data2\" content=\"8 minutos\" \/>\n<script type=\"application\/ld+json\" class=\"yoast-schema-graph\">{\"@context\":\"https:\/\/schema.org\",\"@graph\":[{\"@type\":\"Article\",\"@id\":\"https:\/\/termix.net\/blog\/es\/la-feria-premiere-orlando-nueva-edicion\/#article\",\"isPartOf\":{\"@id\":\"https:\/\/termix.net\/blog\/es\/la-feria-premiere-orlando-nueva-edicion\/\"},\"author\":{\"name\":\"TermixTeam\",\"@id\":\"https:\/\/termix.net\/blog\/es\/#\/schema\/person\/9096c98bdf03c8ddf91ad7172f254f40\"},\"headline\":\"Orlando se prepara para recibir las \u00faltimas novedades de Termix\",\"datePublished\":\"2016-05-31T09:28:51+00:00\",\"dateModified\":\"2019-12-13T14:49:55+00:00\",\"mainEntityOfPage\":{\"@id\":\"https:\/\/termix.net\/blog\/es\/la-feria-premiere-orlando-nueva-edicion\/\"},\"wordCount\":1523,\"commentCount\":0,\"publisher\":{\"@id\":\"https:\/\/termix.net\/blog\/es\/#organization\"},\"articleSection\":[\"NOTICIAS\"],\"inLanguage\":\"es\",\"potentialAction\":[{\"@type\":\"CommentAction\",\"name\":\"Comment\",\"target\":[\"https:\/\/termix.net\/blog\/es\/la-feria-premiere-orlando-nueva-edicion\/#respond\"]}]},{\"@type\":\"WebPage\",\"@id\":\"https:\/\/termix.net\/blog\/es\/la-feria-premiere-orlando-nueva-edicion\/\",\"url\":\"https:\/\/termix.net\/blog\/es\/la-feria-premiere-orlando-nueva-edicion\/\",\"name\":\"Orlando recibe las \u00faltimas novedades de Termix - Termix\",\"isPartOf\":{\"@id\":\"https:\/\/termix.net\/blog\/es\/#website\"},\"datePublished\":\"2016-05-31T09:28:51+00:00\",\"dateModified\":\"2019-12-13T14:49:55+00:00\",\"description\":\"Premiere Orlando es uno de los eventos m\u00e1s destacados sobre belleza. Entra para conocer todos los detalles sobre esta feria y la participaci\u00f3n de Termix.\",\"breadcrumb\":{\"@id\":\"https:\/\/termix.net\/blog\/es\/la-feria-premiere-orlando-nueva-edicion\/#breadcrumb\"},\"inLanguage\":\"es\",\"potentialAction\":[{\"@type\":\"ReadAction\",\"target\":[\"https:\/\/termix.net\/blog\/es\/la-feria-premiere-orlando-nueva-edicion\/\"]}]},{\"@type\":\"BreadcrumbList\",\"@id\":\"https:\/\/termix.net\/blog\/es\/la-feria-premiere-orlando-nueva-edicion\/#breadcrumb\",\"itemListElement\":[{\"@type\":\"ListItem\",\"position\":1,\"name\":\"Home\",\"item\":\"https:\/\/termix.net\/blog\/es\/\"},{\"@type\":\"ListItem\",\"position\":2,\"name\":\"Orlando se prepara para recibir las \u00faltimas novedades de Termix\"}]},{\"@type\":\"WebSite\",\"@id\":\"https:\/\/termix.net\/blog\/es\/#website\",\"url\":\"https:\/\/termix.net\/blog\/es\/\",\"name\":\"Blog Termix Spain\",\"description\":\"Blog de tendencias y productos de peluquer\u00eda profesional.\",\"publisher\":{\"@id\":\"https:\/\/termix.net\/blog\/es\/#organization\"},\"potentialAction\":[{\"@type\":\"SearchAction\",\"target\":{\"@type\":\"EntryPoint\",\"urlTemplate\":\"https:\/\/termix.net\/blog\/es\/?s={search_term_string}\"},\"query-input\":\"required name=search_term_string\"}],\"inLanguage\":\"es\"},{\"@type\":\"Organization\",\"@id\":\"https:\/\/termix.net\/blog\/es\/#organization\",\"name\":\"Dols Industrial de Peluquer\u00eda SA\",\"url\":\"https:\/\/termix.net\/blog\/es\/\",\"logo\":{\"@type\":\"ImageObject\",\"inLanguage\":\"es\",\"@id\":\"https:\/\/termix.net\/blog\/es\/#\/schema\/logo\/image\/\",\"url\":\"https:\/\/termix.net\/blog\/wp-content\/uploads\/2020\/10\/OGbDAeng.jpeg\",\"contentUrl\":\"https:\/\/termix.net\/blog\/wp-content\/uploads\/2020\/10\/OGbDAeng.jpeg\",\"width\":800,\"height\":800,\"caption\":\"Dols Industrial de Peluquer\u00eda SA\"},\"image\":{\"@id\":\"https:\/\/termix.net\/blog\/es\/#\/schema\/logo\/image\/\"}},{\"@type\":\"Person\",\"@id\":\"https:\/\/termix.net\/blog\/es\/#\/schema\/person\/9096c98bdf03c8ddf91ad7172f254f40\",\"name\":\"TermixTeam\",\"image\":{\"@type\":\"ImageObject\",\"inLanguage\":\"es\",\"@id\":\"https:\/\/termix.net\/blog\/es\/#\/schema\/person\/image\/\",\"url\":\"https:\/\/secure.gravatar.com\/avatar\/d89f61f6bd1c29a4acb231736d1c74b3?s=96&d=mm&r=g\",\"contentUrl\":\"https:\/\/secure.gravatar.com\/avatar\/d89f61f6bd1c29a4acb231736d1c74b3?s=96&d=mm&r=g\",\"caption\":\"TermixTeam\"},\"url\":\"https:\/\/termix.net\/blog\/es\/author\/termixteam\/\"}]}<\/script>\n<!-- \/ Yoast SEO plugin. -->","yoast_head_json":{"title":"Orlando recibe las \u00faltimas novedades de Termix - Termix","description":"Premiere Orlando es uno de los eventos m\u00e1s destacados sobre belleza. Entra para conocer todos los detalles sobre esta feria y la participaci\u00f3n de Termix.","robots":{"index":"index","follow":"follow","max-snippet":"max-snippet:-1","max-image-preview":"max-image-preview:large","max-video-preview":"max-video-preview:-1"},"canonical":"https:\/\/termix.net\/blog\/es\/la-feria-premiere-orlando-nueva-edicion\/","og_locale":"es_ES","og_type":"article","og_title":"Orlando recibe las \u00faltimas novedades de Termix - Termix","og_description":"Premiere Orlando es uno de los eventos m\u00e1s destacados sobre belleza. Entra para conocer todos los detalles sobre esta feria y la participaci\u00f3n de Termix.","og_url":"https:\/\/termix.net\/blog\/es\/la-feria-premiere-orlando-nueva-edicion\/","og_site_name":"Blog Termix Spain","article_published_time":"2016-05-31T09:28:51+00:00","article_modified_time":"2019-12-13T14:49:55+00:00","og_image":[{"width":800,"height":495,"url":"https:\/\/termix.net\/blog\/wp-content\/uploads\/2016\/05\/bannerpremdefinitivo1.jpg","type":"image\/jpeg"}],"author":"TermixTeam","twitter_card":"summary_large_image","twitter_misc":{"Escrito por":"TermixTeam","Tiempo de lectura":"8 minutos"},"schema":{"@context":"https:\/\/schema.org","@graph":[{"@type":"Article","@id":"https:\/\/termix.net\/blog\/es\/la-feria-premiere-orlando-nueva-edicion\/#article","isPartOf":{"@id":"https:\/\/termix.net\/blog\/es\/la-feria-premiere-orlando-nueva-edicion\/"},"author":{"name":"TermixTeam","@id":"https:\/\/termix.net\/blog\/es\/#\/schema\/person\/9096c98bdf03c8ddf91ad7172f254f40"},"headline":"Orlando se prepara para recibir las \u00faltimas novedades de Termix","datePublished":"2016-05-31T09:28:51+00:00","dateModified":"2019-12-13T14:49:55+00:00","mainEntityOfPage":{"@id":"https:\/\/termix.net\/blog\/es\/la-feria-premiere-orlando-nueva-edicion\/"},"wordCount":1523,"commentCount":0,"publisher":{"@id":"https:\/\/termix.net\/blog\/es\/#organization"},"articleSection":["NOTICIAS"],"inLanguage":"es","potentialAction":[{"@type":"CommentAction","name":"Comment","target":["https:\/\/termix.net\/blog\/es\/la-feria-premiere-orlando-nueva-edicion\/#respond"]}]},{"@type":"WebPage","@id":"https:\/\/termix.net\/blog\/es\/la-feria-premiere-orlando-nueva-edicion\/","url":"https:\/\/termix.net\/blog\/es\/la-feria-premiere-orlando-nueva-edicion\/","name":"Orlando recibe las \u00faltimas novedades de Termix - Termix","isPartOf":{"@id":"https:\/\/termix.net\/blog\/es\/#website"},"datePublished":"2016-05-31T09:28:51+00:00","dateModified":"2019-12-13T14:49:55+00:00","description":"Premiere Orlando es uno de los eventos m\u00e1s destacados sobre belleza. Entra para conocer todos los detalles sobre esta feria y la participaci\u00f3n de Termix.","breadcrumb":{"@id":"https:\/\/termix.net\/blog\/es\/la-feria-premiere-orlando-nueva-edicion\/#breadcrumb"},"inLanguage":"es","potentialAction":[{"@type":"ReadAction","target":["https:\/\/termix.net\/blog\/es\/la-feria-premiere-orlando-nueva-edicion\/"]}]},{"@type":"BreadcrumbList","@id":"https:\/\/termix.net\/blog\/es\/la-feria-premiere-orlando-nueva-edicion\/#breadcrumb","itemListElement":[{"@type":"ListItem","position":1,"name":"Home","item":"https:\/\/termix.net\/blog\/es\/"},{"@type":"ListItem","position":2,"name":"Orlando se prepara para recibir las \u00faltimas novedades de Termix"}]},{"@type":"WebSite","@id":"https:\/\/termix.net\/blog\/es\/#website","url":"https:\/\/termix.net\/blog\/es\/","name":"Blog Termix Spain","description":"Blog de tendencias y productos de peluquer\u00eda profesional.","publisher":{"@id":"https:\/\/termix.net\/blog\/es\/#organization"},"potentialAction":[{"@type":"SearchAction","target":{"@type":"EntryPoint","urlTemplate":"https:\/\/termix.net\/blog\/es\/?s={search_term_string}"},"query-input":"required name=search_term_string"}],"inLanguage":"es"},{"@type":"Organization","@id":"https:\/\/termix.net\/blog\/es\/#organization","name":"Dols Industrial de Peluquer\u00eda SA","url":"https:\/\/termix.net\/blog\/es\/","logo":{"@type":"ImageObject","inLanguage":"es","@id":"https:\/\/termix.net\/blog\/es\/#\/schema\/logo\/image\/","url":"https:\/\/termix.net\/blog\/wp-content\/uploads\/2020\/10\/OGbDAeng.jpeg","contentUrl":"https:\/\/termix.net\/blog\/wp-content\/uploads\/2020\/10\/OGbDAeng.jpeg","width":800,"height":800,"caption":"Dols Industrial de Peluquer\u00eda SA"},"image":{"@id":"https:\/\/termix.net\/blog\/es\/#\/schema\/logo\/image\/"}},{"@type":"Person","@id":"https:\/\/termix.net\/blog\/es\/#\/schema\/person\/9096c98bdf03c8ddf91ad7172f254f40","name":"TermixTeam","image":{"@type":"ImageObject","inLanguage":"es","@id":"https:\/\/termix.net\/blog\/es\/#\/schema\/person\/image\/","url":"https:\/\/secure.gravatar.com\/avatar\/d89f61f6bd1c29a4acb231736d1c74b3?s=96&d=mm&r=g","contentUrl":"https:\/\/secure.gravatar.com\/avatar\/d89f61f6bd1c29a4acb231736d1c74b3?s=96&d=mm&r=g","caption":"TermixTeam"},"url":"https:\/\/termix.net\/blog\/es\/author\/termixteam\/"}]}},"_links":{"self":[{"href":"https:\/\/termix.net\/blog\/es\/wp-json\/wp\/v2\/posts\/6890"}],"collection":[{"href":"https:\/\/termix.net\/blog\/es\/wp-json\/wp\/v2\/posts"}],"about":[{"href":"https:\/\/termix.net\/blog\/es\/wp-json\/wp\/v2\/types\/post"}],"author":[{"embeddable":true,"href":"https:\/\/termix.net\/blog\/es\/wp-json\/wp\/v2\/users\/2"}],"replies":[{"embeddable":true,"href":"https:\/\/termix.net\/blog\/es\/wp-json\/wp\/v2\/comments?post=6890"}],"version-history":[{"count":3,"href":"https:\/\/termix.net\/blog\/es\/wp-json\/wp\/v2\/posts\/6890\/revisions"}],"predecessor-version":[{"id":23410,"href":"https:\/\/termix.net\/blog\/es\/wp-json\/wp\/v2\/posts\/6890\/revisions\/23410"}],"wp:featuredmedia":[{"embeddable":true,"href":"https:\/\/termix.net\/blog\/es\/wp-json\/wp\/v2\/media\/23407"}],"wp:attachment":[{"href":"https:\/\/termix.net\/blog\/es\/wp-json\/wp\/v2\/media?parent=6890"}],"wp:term":[{"taxonomy":"category","embeddable":true,"href":"https:\/\/termix.net\/blog\/es\/wp-json\/wp\/v2\/categories?post=6890"},{"taxonomy":"post_tag","embeddable":true,"href":"https:\/\/termix.net\/blog\/es\/wp-json\/wp\/v2\/tags?post=6890"}],"curies":[{"name":"wp","href":"https:\/\/api.w.org\/{rel}","templated":true}]}}