{"id":6847,"date":"2016-11-20T10:14:54","date_gmt":"2016-11-20T10:14:54","guid":{"rendered":"http:\/\/termix.net\/?p=6847"},"modified":"2019-12-12T14:14:01","modified_gmt":"2019-12-12T13:14:01","slug":"los-cepillos-alisadores-examen-sobresaliente","status":"publish","type":"post","link":"https:\/\/termix.net\/blog\/es\/los-cepillos-alisadores-examen-sobresaliente\/","title":{"rendered":"Los cepillos alisadores, a examen y con sobresaliente"},"content":{"rendered":"<p><div class=\"fusion-fullwidth fullwidth-box fusion-builder-row-1 faded-background fusion-parallax-none nonhundred-percent-fullwidth non-hundred-percent-height-scrolling fusion-no-small-visibility fusion-no-medium-visibility\" style=\"--awb-border-radius-top-left:0px;--awb-border-radius-top-right:0px;--awb-border-radius-bottom-right:0px;--awb-border-radius-bottom-left:0px;--awb-padding-top:24%;--awb-padding-right:3%;--awb-padding-left:3%;--awb-background-size:cover;\" ><div class=\"fullwidth-faded\" style=\"--awb-background-color:#181818;--awb-background-image:url(https:\/\/termix.net\/blog\/wp-content\/uploads\/2016\/11\/pro-flat_elegir.jpg);--awb-background-size:cover;\" ><\/div><div class=\"fusion-builder-row fusion-row\"><div class=\"fusion-layout-column fusion_builder_column fusion-builder-column-0 fusion_builder_column_1_1 1_1 fusion-one-full fusion-column-first fusion-column-last\" style=\"--awb-padding-top:6%;--awb-padding-right:8%;--awb-padding-bottom:6%;--awb-padding-left:8%;--awb-bg-color:rgba(255,255,255,0.7);--awb-bg-size:cover;--awb-margin-top:0px;--awb-margin-bottom:0px;\"><div class=\"fusion-column-wrapper fusion-column-has-shadow fusion-flex-column-wrapper-legacy\"><div class=\"fusion-text fusion-text-1 caption\"><p style=\"text-align: center;\">Novedades \u2014 3 min de lectura<\/p>\n<\/div><div class=\"fusion-title title fusion-title-1 fusion-sep-none fusion-title-center fusion-title-text fusion-title-size-two\" style=\"--awb-margin-top:30px;--awb-margin-bottom:20px;\"><h2 class=\"title-heading-center fusion-responsive-typography-calculated\" style=\"margin:0;--fontSize:50;line-height:1.28;\">Los cepillos alisadores, a examen y con sobresaliente<\/h2><\/div><div class=\"fusion-clearfix\"><\/div><\/div><\/div><\/div><\/div><div class=\"fusion-fullwidth fullwidth-box fusion-builder-row-2 fusion-parallax-none nonhundred-percent-fullwidth non-hundred-percent-height-scrolling fusion-no-large-visibility\" style=\"--awb-border-radius-top-left:0px;--awb-border-radius-top-right:0px;--awb-border-radius-bottom-right:0px;--awb-border-radius-bottom-left:0px;--awb-background-image:url(&quot;https:\/\/termix.net\/blog\/wp-content\/uploads\/2019\/11\/con-el-secador-compacto-profesioanl-4300-de-termix-damos-volumen-al-cabello-1.jpg&quot;);--awb-background-size:cover;\" ><div class=\"fusion-builder-row fusion-row\"><div class=\"fusion-layout-column fusion_builder_column fusion-builder-column-1 fusion_builder_column_1_1 1_1 fusion-one-full fusion-column-first fusion-column-last fusion-column-inner-bg-wrapper\" style=\"--awb-padding-top:10%;--awb-padding-bottom:10%;--awb-inner-bg-image:url(&#039;http:\/\/termix.net\/blog\/wp-content\/uploads\/2019\/03\/single-blog-post-feat.jpg&#039;);--awb-inner-bg-position:center center;--awb-inner-bg-size:cover;\"><span class=\"fusion-column-inner-bg hover-type-zoomout\"><span class=\"fusion-column-anchor\"><span class=\"fusion-column-inner-bg-image\"><\/span><\/span><\/span><div class=\"fusion-column-wrapper fusion-flex-column-wrapper-legacy\" data-bg-url=\"http:\/\/termix.net\/blog\/wp-content\/uploads\/2019\/03\/single-blog-post-feat.jpg\"><div class=\"fusion-sep-clear\"><\/div><div class=\"fusion-separator fusion-no-large-visibility fusion-full-width-sep\" style=\"margin-left: auto;margin-right: auto;margin-top:200px;width:100%;\"><\/div><div class=\"fusion-sep-clear\"><\/div><div class=\"fusion-clearfix\"><\/div><\/div><\/div><div class=\"fusion-layout-column fusion_builder_column fusion-builder-column-2 fusion_builder_column_1_1 1_1 fusion-one-full fusion-column-first fusion-column-last\" style=\"--awb-padding-top:6%;--awb-bg-color:#ffffff;--awb-bg-size:cover;--awb-margin-top:0px;--awb-margin-bottom:0px;\"><div class=\"fusion-column-wrapper fusion-flex-column-wrapper-legacy\"><div class=\"fusion-text fusion-text-2 caption\"><p style=\"text-align: center;\">Novedades \u2014 3 min de lectura<\/p>\n<\/div><div class=\"fusion-title title fusion-title-2 fusion-sep-none fusion-title-center fusion-title-text fusion-title-size-two\" style=\"--awb-margin-top:30px;--awb-margin-bottom:20px;\"><h2 class=\"title-heading-center fusion-responsive-typography-calculated\" style=\"margin:0;--fontSize:50;line-height:1.28;\">Los cepillos alisadores, a examen y con sobresaliente<\/h2><\/div><div class=\"fusion-clearfix\"><\/div><\/div><\/div><\/div><\/div><div class=\"fusion-fullwidth fullwidth-box fusion-builder-row-3 nonhundred-percent-fullwidth non-hundred-percent-height-scrolling\" style=\"--awb-border-radius-top-left:0px;--awb-border-radius-top-right:0px;--awb-border-radius-bottom-right:0px;--awb-border-radius-bottom-left:0px;--awb-padding-top:10px;--awb-padding-bottom:4%;\" ><div class=\"fusion-builder-row fusion-row\"><div class=\"fusion-layout-column fusion_builder_column fusion-builder-column-3 fusion_builder_column_1_6 1_6 fusion-one-sixth fusion-column-first fusion-no-small-visibility fusion-no-medium-visibility\" style=\"--awb-bg-size:cover;width:16.666666666667%;width:calc(16.666666666667% - ( ( 0 ) * 0.16666666666667 ) );margin-right: 0px;\"><div class=\"fusion-column-wrapper fusion-flex-column-wrapper-legacy\"><div class=\"fusion-clearfix\"><\/div><\/div><\/div><div class=\"fusion-layout-column fusion_builder_column fusion-builder-column-4 fusion_builder_column_2_3 2_3 fusion-two-third fusion-column-last\" style=\"--awb-bg-size:cover;width:66.666666666667%;width:calc(66.666666666667% - ( ( 0 ) * 0.66666666666667 ) );\"><div class=\"fusion-column-wrapper fusion-flex-column-wrapper-legacy\"><div class=\"fusion-sep-clear\"><\/div><div class=\"fusion-separator fusion-full-width-sep\" style=\"margin-left: auto;margin-right: auto;margin-top:30px;width:100%;\"><\/div><div class=\"fusion-sep-clear\"><\/div><div class=\"fusion-text fusion-text-3\"><p style=\"text-align: center;\"><span style=\"font-size: 22px; line-height: 1.5em;\"> Hac\u00eda tiempo que el mercado demandaba una nueva herramienta en el cepillado que cambiase todas las reglas y, por ello, nacieron los cepillos el\u00e9ctricos Pro Flat y Pro Styling que, como bien resume Telva, \u201cre\u00fanen las ventajas de la plancha profesional y del cepillo t\u00e9rmico\u201d. La revista tambi\u00e9n destacaba estas nuevas herramientas en su art\u00edculo \u201c12 gadgets para el pelo que cambiar\u00e1n tu melena\u201d, en el cual hablaban de las novedades que m\u00e1s estaban influenciando en el sector de la peluquer\u00eda.<\/span><\/p>\n<\/div><div class=\"fusion-sep-clear\"><\/div><div class=\"fusion-separator fusion-full-width-sep\" style=\"margin-left: auto;margin-right: auto;margin-top:30px;width:100%;\"><\/div><div class=\"fusion-sep-clear\"><\/div><div class=\"fusion-text fusion-text-4\"><p><iframe src=\"https:\/\/www.youtube.com\/embed\/QkwreAcmBRo\" width=\"100%\" height=\"480\" frameborder=\"0\" allowfullscreen=\"allowfullscreen\"><\/iframe><\/p>\n<p style=\"text-align: justify;\">Ambos son dos cepillos el\u00e9ctricos que<strong> te permitir\u00e1n conseguir un look profesional de forma f\u00e1cil y r\u00e1pida ya que podr\u00e1s peinar y alisar en una sola pasada.<\/strong><\/p>\n<p style=\"text-align: justify;\">Por una parte, <strong>el cepillo el\u00e9ctrico Pro Flat es plano<\/strong>, cuenta con tecnolog\u00eda i\u00f3nica para evitar el encrespamiento, sistema de infrarrojos para cuidar tu cabello mientras se mejora la capacidad de trabajo, regulador de temperatura en cinco tramos para adaptarlo a tu tipo de pelo y un sistema de apagado autom\u00e1tico. Tal y como apunta el conocido portal <strong>nosotras.com, \u201ces b\u00e1sico utilizar una plancha de cer\u00e1mica y que tenga varios niveles de temperatura\u201d<\/strong> y, por ese motivo, conf\u00edan en Termix: \u201cPara un cepillado el\u00e9ctrico y de peluquer\u00eda os recomendamos los nuevos cepillos de Termix\u201d. La publicaci\u00f3n \u00abInteriores\u00bb tambi\u00e9n lo ha destacado junto al secador compacto profesional 4300 sobre los que afirman que \u00abson dos herramientas de peluquer\u00eda profesional con las que ofrecer el mayor cuidado al cabello\u00bb. Por si esto fuera poco Guapabox lo destaca como el cepillo el\u00e9ctrico perfecto para moldear el cabello, gracias a su versatilidad y la capacidad de ajustar la temperatura. Es por ello que&#8230; \u00a1lo quieren compartir con todas sus seguidores Porque ahora, con tu suscripci\u00f3n semestral o anual a sus cajitas&#8230; \u00a1recibir\u00e1s gratis un cepillo Pro Flat Brush!<\/p>\n<p><a href=\"https:\/\/www.guapabox.com\/\"><img decoding=\"async\" class=\"alignnone size-full wp-image-18270\" src=\"https:\/\/termix.net\/blog\/wp-content\/uploads\/2016\/11\/regalo-guapabox.jpg\" alt=\"\" width=\"2000\" height=\"870\" \/><\/a><\/p>\n<p style=\"text-align: justify;\">Por otra parte, tambi\u00e9n han sido numerosas influencers las que han mostrado las ventajas del cepillo el\u00e9ctrico Pro Flat. \u00abEn tan solo una pasada consigo un cabello totalmente liso y muy brillante\u00bb, nos comenta la estilista Yael Maquieria, que responde al nombre de @yaelmakeup en redes. \u00abAltamente recomendable\u00bb nos explica @anavelosso y @mapetitbyana lo recomienda para potenciar el brillo del cabello. @alwaysbelabcn acompa\u00f1a su foto del Pro Flat con una imagen digna de meditaci\u00f3n, invit\u00e1ndonos a prestar un plus de atenci\u00f3n al cabello. Porque un cabello brillante y cuidado nos invita a tener m\u00e1s autoestima y eso se nota. @miss_herisson recuerda que es un cepillo el\u00e9ctrico que permite adaptar la temperatura en funci\u00f3n del cabello que se tenga, para evitar da\u00f1arlo y asegurar siempre la m\u00e1xima efectividad.<\/p>\n<p><img decoding=\"async\" class=\"size-full wp-image-18264 aligncenter\" src=\"https:\/\/termix.net\/blog\/wp-content\/uploads\/2016\/11\/influencers_IG.jpg\" alt=\"\" width=\"1160\" height=\"660\" \/><\/p>\n<p>El <strong>cepillo el\u00e9ctrico Pro Flat<\/strong> ha sido destacado tambi\u00e9n por su gran versatilidad, permitiendo hacer desde un alisado perfecto hasta las ondas m\u00e1s definidas, siempre cuidando de la salud del cabello.<\/p>\n<p><iframe src=\"https:\/\/www.youtube.com\/embed\/we9I50tJMGE\" width=\"100%\" height=\"480\" frameborder=\"0\" allowfullscreen=\"allowfullscreen\"><span data-mce-type=\"bookmark\" style=\"display: inline-block; width: 0px; overflow: hidden; line-height: 0;\" class=\"mce_SELRES_start\">\ufeff<\/span><\/iframe><\/p>\n<p style=\"text-align: justify;\">En los \u00faltimos d\u00edas, los cepillos alisadores de Termix han tenido un gran auge.\u00a0 Gracias a su comodidad y facilidad de peinado <strong>celebrities como Romina Belluscio,\u00a0 Teresa Bass y Makoke, han apostado por ellos<\/strong> y han confesado estar enganchad\u00edsimas a los cepillos el\u00e9ctricos Pro Styling y Pro Flat, las mejores\u00a0 herramientas para peinarse f\u00e1cilmente\u00a0 que no puede faltar en su casa.<\/p>\n<p><img decoding=\"async\" class=\"size-full wp-image-6849 alignnone\" src=\"http:\/\/termix.net\/wp-content\/uploads\/2016\/05\/bannerweb_reviewelectricos_v2.jpg\" alt=\"Los cepillos alisadores Termix triunfan entre famosas\" width=\"100%\" \/><\/p>\n<p>La revista profesional <strong>Coiffure Professionelle explica todas las ventajas de ambos cepillos alisadores<\/strong>, sin embargo, destacan sobre todo que \u201cambos cepillos est\u00e1n dise\u00f1ados para conseguir los\u00a0mejores resultados profesionales de una forma r\u00e1pida e intuitiva\u201d y esto es debido a que incorporan la \u00faltima tecnolog\u00eda para ofrecer los mejores resultados.<\/p>\n<p><img decoding=\"async\" class=\"size-full wp-image-18263 aligncenter\" src=\"https:\/\/termix.net\/blog\/wp-content\/uploads\/2016\/11\/revista-interiores_prostyling.jpg\" alt=\"revista interiores_prostyling\" width=\"1160\" height=\"502\" \/><\/p>\n<p>Adem\u00e1s, la revista, destaca que el \u00a0<strong>cepillo Pro Flat <\/strong>es\u00a0 perfecto para alisar el cabello, gracias a su tecnolog\u00eda i\u00f3nica, su sistema infrarrojo para alisar y dar brillo de una manera muy sencilla y r\u00e1pida.<\/p>\n<p><img decoding=\"async\" class=\"size-full wp-image-17923 aligncenter\" src=\"https:\/\/termix.net\/blog\/wp-content\/uploads\/2019\/04\/cepillo-alisador-proflat-brush.jpg\" alt=\"\" width=\"1160\" height=\"660\" \/><\/p>\n<p style=\"text-align: justify;\">Otras celebrities como Jacqueline de la Vega utilizan tambi\u00e9n los dos cepillos a diario por la comodidad que ofrecen a la hora de poder realizar diferentes estilos y, adem\u00e1s, <strong>medios como Preta e Loira o Ellegancia<\/strong>, que informan sobre las novedades m\u00e1s importantes del mundo de le belleza, <strong>tambi\u00e9n han quedado impresionados por las ventajas que ofrecen los cepillos alisadores\u00a0Pro Flat y Pro Styling.<\/strong><\/p>\n<p style=\"text-align: justify;\">Sobre el papel, los dos cepillos han sido noticia en diferentes revistas femeninas. Una de las apariciones m\u00e1s importantes es en Telva, con <strong>el reportaje de Esther Zaragoza<\/strong> (estilista de Kaastel Agent), que los ha utilizado para la producci\u00f3n de la supermodelo Kate Moss \u201cll\u00e1mame Kate\u201d, la cual qued\u00f3 encantada con los resultados ofrecidos por los dos cepillos el\u00e9ctricos.<\/p>\n<p><iframe src=\"https:\/\/www.youtube.com\/embed\/3ZOsFHcnvpY\" width=\"100%\" height=\"480\" frameborder=\"0\" allowfullscreen=\"allowfullscreen\"><span data-mce-type=\"bookmark\" style=\"display: inline-block; width: 0px; overflow: hidden; line-height: 0;\" class=\"mce_SELRES_start\">\ufeff<\/span><\/iframe><\/p>\n<p style=\"text-align: justify;\">En Termix nos esforzamos cada d\u00eda por seguir siendo l\u00edderes en el sector de la peluquer\u00eda, ofreciendo las mejores herramientas profesionales que permitan a cualquier usuario de nuestros productos conseguir los resultados que desee y, por ello, esperamos seguir estando presentes en revistas y blogs tan destacados, adem\u00e1s de que las celebrities m\u00e1s admiradas y reconocidas influencers Beauty sigan confiando en nuestros productos para el cuidado de su cabello.<\/p>\n<p style=\"text-align: justify;\"><img decoding=\"async\" class=\"size-full wp-image-6985 aligncenter\" src=\"http:\/\/termix.net\/wp-content\/uploads\/2016\/05\/46-3.jpg\" alt=\"Noelia L\u00f3pez con los cepillos el\u00e9ctricos de Termix\" width=\"506\" height=\"675\" \/><\/p>\n<\/div><div class=\"fusion-clearfix\"><\/div><\/div><\/div><div class=\"fusion-layout-column fusion_builder_column fusion-builder-column-5 fusion_builder_column_1_1 1_1 fusion-one-full fusion-column-first fusion-column-last\" style=\"--awb-bg-size:cover;--awb-margin-top:0px;--awb-margin-bottom:0px;\"><div class=\"fusion-column-wrapper fusion-flex-column-wrapper-legacy\"><div class=\"fusion-clearfix\"><\/div><\/div><\/div><\/div><div class=\"fusion-builder-row fusion-row\"><div class=\"fusion-layout-column fusion_builder_column fusion-builder-column-6 fusion_builder_column_1_1 1_1 fusion-one-full fusion-column-first fusion-column-last\" style=\"--awb-bg-size:cover;--awb-margin-top:0px;--awb-margin-bottom:0px;\"><div class=\"fusion-column-wrapper fusion-flex-column-wrapper-legacy\"><div class=\"fusion-clearfix\"><\/div><\/div><\/div><\/div><\/div><div class=\"fusion-fullwidth fullwidth-box fusion-builder-row-4 nonhundred-percent-fullwidth non-hundred-percent-height-scrolling\" style=\"--awb-border-radius-top-left:0px;--awb-border-radius-top-right:0px;--awb-border-radius-bottom-right:0px;--awb-border-radius-bottom-left:0px;\" ><\/div><\/p>\n","protected":false},"excerpt":{"rendered":"<p>\t\t\t\tLos especialistas en belleza se han hecho eco de la revoluci\u00f3n que han supuesto los cepillos alisadores Pro Flat y Pro Styling, cosechando buenas cr\u00edticas entre las mejores revistas de belleza, top celebrities y las bloggers m\u00e1s destacadas.\t\t<\/p>\n","protected":false},"author":2,"featured_media":23096,"comment_status":"open","ping_status":"open","sticky":false,"template":"","format":"standard","meta":[],"categories":[6],"tags":[],"yoast_head":"<!-- This site is optimized with the Yoast SEO plugin v20.0 - https:\/\/yoast.com\/wordpress\/plugins\/seo\/ -->\n<title>Los cepillos alisadores, a examen y con sobresaliente - Termix<\/title>\n<meta name=\"description\" content=\"Los nuevos cepillos alisadores Termix han supuesto una revoluci\u00f3n entre famosas e influencers, \u00a1descubre qu\u00e9 opinan en este post!\" \/>\n<meta name=\"robots\" content=\"index, follow, max-snippet:-1, max-image-preview:large, max-video-preview:-1\" \/>\n<link rel=\"canonical\" href=\"https:\/\/termix.net\/blog\/es\/los-cepillos-alisadores-examen-sobresaliente\/\" \/>\n<meta property=\"og:locale\" content=\"es_ES\" \/>\n<meta property=\"og:type\" content=\"article\" \/>\n<meta property=\"og:title\" content=\"Los cepillos alisadores, a examen y con sobresaliente - Termix\" \/>\n<meta property=\"og:description\" content=\"Los nuevos cepillos alisadores Termix han supuesto una revoluci\u00f3n entre famosas e influencers, \u00a1descubre qu\u00e9 opinan en este post!\" \/>\n<meta property=\"og:url\" content=\"https:\/\/termix.net\/blog\/es\/los-cepillos-alisadores-examen-sobresaliente\/\" \/>\n<meta property=\"og:site_name\" content=\"Blog Termix Spain\" \/>\n<meta property=\"article:published_time\" content=\"2016-11-20T10:14:54+00:00\" \/>\n<meta property=\"article:modified_time\" content=\"2019-12-12T13:14:01+00:00\" \/>\n<meta property=\"og:image\" content=\"https:\/\/termix.net\/blog\/wp-content\/uploads\/2016\/11\/pro-flat_elegir.jpg\" \/>\n\t<meta property=\"og:image:width\" content=\"1160\" \/>\n\t<meta property=\"og:image:height\" content=\"660\" \/>\n\t<meta property=\"og:image:type\" content=\"image\/jpeg\" \/>\n<meta name=\"author\" content=\"TermixTeam\" \/>\n<meta name=\"twitter:card\" content=\"summary_large_image\" \/>\n<meta name=\"twitter:label1\" content=\"Escrito por\" \/>\n\t<meta name=\"twitter:data1\" content=\"TermixTeam\" \/>\n\t<meta name=\"twitter:label2\" content=\"Tiempo de lectura\" \/>\n\t<meta name=\"twitter:data2\" content=\"11 minutos\" \/>\n<script type=\"application\/ld+json\" class=\"yoast-schema-graph\">{\"@context\":\"https:\/\/schema.org\",\"@graph\":[{\"@type\":\"Article\",\"@id\":\"https:\/\/termix.net\/blog\/es\/los-cepillos-alisadores-examen-sobresaliente\/#article\",\"isPartOf\":{\"@id\":\"https:\/\/termix.net\/blog\/es\/los-cepillos-alisadores-examen-sobresaliente\/\"},\"author\":{\"name\":\"TermixTeam\",\"@id\":\"https:\/\/termix.net\/blog\/es\/#\/schema\/person\/9096c98bdf03c8ddf91ad7172f254f40\"},\"headline\":\"Los cepillos alisadores, a examen y con sobresaliente\",\"datePublished\":\"2016-11-20T10:14:54+00:00\",\"dateModified\":\"2019-12-12T13:14:01+00:00\",\"mainEntityOfPage\":{\"@id\":\"https:\/\/termix.net\/blog\/es\/los-cepillos-alisadores-examen-sobresaliente\/\"},\"wordCount\":2177,\"commentCount\":0,\"publisher\":{\"@id\":\"https:\/\/termix.net\/blog\/es\/#organization\"},\"articleSection\":[\"NOTICIAS\"],\"inLanguage\":\"es\",\"potentialAction\":[{\"@type\":\"CommentAction\",\"name\":\"Comment\",\"target\":[\"https:\/\/termix.net\/blog\/es\/los-cepillos-alisadores-examen-sobresaliente\/#respond\"]}]},{\"@type\":\"WebPage\",\"@id\":\"https:\/\/termix.net\/blog\/es\/los-cepillos-alisadores-examen-sobresaliente\/\",\"url\":\"https:\/\/termix.net\/blog\/es\/los-cepillos-alisadores-examen-sobresaliente\/\",\"name\":\"Los cepillos alisadores, a examen y con sobresaliente - Termix\",\"isPartOf\":{\"@id\":\"https:\/\/termix.net\/blog\/es\/#website\"},\"datePublished\":\"2016-11-20T10:14:54+00:00\",\"dateModified\":\"2019-12-12T13:14:01+00:00\",\"description\":\"Los nuevos cepillos alisadores Termix han supuesto una revoluci\u00f3n entre famosas e influencers, \u00a1descubre qu\u00e9 opinan en este post!\",\"breadcrumb\":{\"@id\":\"https:\/\/termix.net\/blog\/es\/los-cepillos-alisadores-examen-sobresaliente\/#breadcrumb\"},\"inLanguage\":\"es\",\"potentialAction\":[{\"@type\":\"ReadAction\",\"target\":[\"https:\/\/termix.net\/blog\/es\/los-cepillos-alisadores-examen-sobresaliente\/\"]}]},{\"@type\":\"BreadcrumbList\",\"@id\":\"https:\/\/termix.net\/blog\/es\/los-cepillos-alisadores-examen-sobresaliente\/#breadcrumb\",\"itemListElement\":[{\"@type\":\"ListItem\",\"position\":1,\"name\":\"Home\",\"item\":\"https:\/\/termix.net\/blog\/es\/\"},{\"@type\":\"ListItem\",\"position\":2,\"name\":\"Los cepillos alisadores, a examen y con sobresaliente\"}]},{\"@type\":\"WebSite\",\"@id\":\"https:\/\/termix.net\/blog\/es\/#website\",\"url\":\"https:\/\/termix.net\/blog\/es\/\",\"name\":\"Blog Termix Spain\",\"description\":\"Blog de tendencias y productos de peluquer\u00eda profesional.\",\"publisher\":{\"@id\":\"https:\/\/termix.net\/blog\/es\/#organization\"},\"potentialAction\":[{\"@type\":\"SearchAction\",\"target\":{\"@type\":\"EntryPoint\",\"urlTemplate\":\"https:\/\/termix.net\/blog\/es\/?s={search_term_string}\"},\"query-input\":\"required name=search_term_string\"}],\"inLanguage\":\"es\"},{\"@type\":\"Organization\",\"@id\":\"https:\/\/termix.net\/blog\/es\/#organization\",\"name\":\"Dols Industrial de Peluquer\u00eda SA\",\"url\":\"https:\/\/termix.net\/blog\/es\/\",\"logo\":{\"@type\":\"ImageObject\",\"inLanguage\":\"es\",\"@id\":\"https:\/\/termix.net\/blog\/es\/#\/schema\/logo\/image\/\",\"url\":\"https:\/\/termix.net\/blog\/wp-content\/uploads\/2020\/10\/OGbDAeng.jpeg\",\"contentUrl\":\"https:\/\/termix.net\/blog\/wp-content\/uploads\/2020\/10\/OGbDAeng.jpeg\",\"width\":800,\"height\":800,\"caption\":\"Dols Industrial de Peluquer\u00eda SA\"},\"image\":{\"@id\":\"https:\/\/termix.net\/blog\/es\/#\/schema\/logo\/image\/\"}},{\"@type\":\"Person\",\"@id\":\"https:\/\/termix.net\/blog\/es\/#\/schema\/person\/9096c98bdf03c8ddf91ad7172f254f40\",\"name\":\"TermixTeam\",\"image\":{\"@type\":\"ImageObject\",\"inLanguage\":\"es\",\"@id\":\"https:\/\/termix.net\/blog\/es\/#\/schema\/person\/image\/\",\"url\":\"https:\/\/secure.gravatar.com\/avatar\/d89f61f6bd1c29a4acb231736d1c74b3?s=96&d=mm&r=g\",\"contentUrl\":\"https:\/\/secure.gravatar.com\/avatar\/d89f61f6bd1c29a4acb231736d1c74b3?s=96&d=mm&r=g\",\"caption\":\"TermixTeam\"},\"url\":\"https:\/\/termix.net\/blog\/es\/author\/termixteam\/\"}]}<\/script>\n<!-- \/ Yoast SEO plugin. -->","yoast_head_json":{"title":"Los cepillos alisadores, a examen y con sobresaliente - Termix","description":"Los nuevos cepillos alisadores Termix han supuesto una revoluci\u00f3n entre famosas e influencers, \u00a1descubre qu\u00e9 opinan en este post!","robots":{"index":"index","follow":"follow","max-snippet":"max-snippet:-1","max-image-preview":"max-image-preview:large","max-video-preview":"max-video-preview:-1"},"canonical":"https:\/\/termix.net\/blog\/es\/los-cepillos-alisadores-examen-sobresaliente\/","og_locale":"es_ES","og_type":"article","og_title":"Los cepillos alisadores, a examen y con sobresaliente - Termix","og_description":"Los nuevos cepillos alisadores Termix han supuesto una revoluci\u00f3n entre famosas e influencers, \u00a1descubre qu\u00e9 opinan en este post!","og_url":"https:\/\/termix.net\/blog\/es\/los-cepillos-alisadores-examen-sobresaliente\/","og_site_name":"Blog Termix Spain","article_published_time":"2016-11-20T10:14:54+00:00","article_modified_time":"2019-12-12T13:14:01+00:00","og_image":[{"width":1160,"height":660,"url":"https:\/\/termix.net\/blog\/wp-content\/uploads\/2016\/11\/pro-flat_elegir.jpg","type":"image\/jpeg"}],"author":"TermixTeam","twitter_card":"summary_large_image","twitter_misc":{"Escrito por":"TermixTeam","Tiempo de lectura":"11 minutos"},"schema":{"@context":"https:\/\/schema.org","@graph":[{"@type":"Article","@id":"https:\/\/termix.net\/blog\/es\/los-cepillos-alisadores-examen-sobresaliente\/#article","isPartOf":{"@id":"https:\/\/termix.net\/blog\/es\/los-cepillos-alisadores-examen-sobresaliente\/"},"author":{"name":"TermixTeam","@id":"https:\/\/termix.net\/blog\/es\/#\/schema\/person\/9096c98bdf03c8ddf91ad7172f254f40"},"headline":"Los cepillos alisadores, a examen y con sobresaliente","datePublished":"2016-11-20T10:14:54+00:00","dateModified":"2019-12-12T13:14:01+00:00","mainEntityOfPage":{"@id":"https:\/\/termix.net\/blog\/es\/los-cepillos-alisadores-examen-sobresaliente\/"},"wordCount":2177,"commentCount":0,"publisher":{"@id":"https:\/\/termix.net\/blog\/es\/#organization"},"articleSection":["NOTICIAS"],"inLanguage":"es","potentialAction":[{"@type":"CommentAction","name":"Comment","target":["https:\/\/termix.net\/blog\/es\/los-cepillos-alisadores-examen-sobresaliente\/#respond"]}]},{"@type":"WebPage","@id":"https:\/\/termix.net\/blog\/es\/los-cepillos-alisadores-examen-sobresaliente\/","url":"https:\/\/termix.net\/blog\/es\/los-cepillos-alisadores-examen-sobresaliente\/","name":"Los cepillos alisadores, a examen y con sobresaliente - Termix","isPartOf":{"@id":"https:\/\/termix.net\/blog\/es\/#website"},"datePublished":"2016-11-20T10:14:54+00:00","dateModified":"2019-12-12T13:14:01+00:00","description":"Los nuevos cepillos alisadores Termix han supuesto una revoluci\u00f3n entre famosas e influencers, \u00a1descubre qu\u00e9 opinan en este post!","breadcrumb":{"@id":"https:\/\/termix.net\/blog\/es\/los-cepillos-alisadores-examen-sobresaliente\/#breadcrumb"},"inLanguage":"es","potentialAction":[{"@type":"ReadAction","target":["https:\/\/termix.net\/blog\/es\/los-cepillos-alisadores-examen-sobresaliente\/"]}]},{"@type":"BreadcrumbList","@id":"https:\/\/termix.net\/blog\/es\/los-cepillos-alisadores-examen-sobresaliente\/#breadcrumb","itemListElement":[{"@type":"ListItem","position":1,"name":"Home","item":"https:\/\/termix.net\/blog\/es\/"},{"@type":"ListItem","position":2,"name":"Los cepillos alisadores, a examen y con sobresaliente"}]},{"@type":"WebSite","@id":"https:\/\/termix.net\/blog\/es\/#website","url":"https:\/\/termix.net\/blog\/es\/","name":"Blog Termix Spain","description":"Blog de tendencias y productos de peluquer\u00eda profesional.","publisher":{"@id":"https:\/\/termix.net\/blog\/es\/#organization"},"potentialAction":[{"@type":"SearchAction","target":{"@type":"EntryPoint","urlTemplate":"https:\/\/termix.net\/blog\/es\/?s={search_term_string}"},"query-input":"required name=search_term_string"}],"inLanguage":"es"},{"@type":"Organization","@id":"https:\/\/termix.net\/blog\/es\/#organization","name":"Dols Industrial de Peluquer\u00eda SA","url":"https:\/\/termix.net\/blog\/es\/","logo":{"@type":"ImageObject","inLanguage":"es","@id":"https:\/\/termix.net\/blog\/es\/#\/schema\/logo\/image\/","url":"https:\/\/termix.net\/blog\/wp-content\/uploads\/2020\/10\/OGbDAeng.jpeg","contentUrl":"https:\/\/termix.net\/blog\/wp-content\/uploads\/2020\/10\/OGbDAeng.jpeg","width":800,"height":800,"caption":"Dols Industrial de Peluquer\u00eda SA"},"image":{"@id":"https:\/\/termix.net\/blog\/es\/#\/schema\/logo\/image\/"}},{"@type":"Person","@id":"https:\/\/termix.net\/blog\/es\/#\/schema\/person\/9096c98bdf03c8ddf91ad7172f254f40","name":"TermixTeam","image":{"@type":"ImageObject","inLanguage":"es","@id":"https:\/\/termix.net\/blog\/es\/#\/schema\/person\/image\/","url":"https:\/\/secure.gravatar.com\/avatar\/d89f61f6bd1c29a4acb231736d1c74b3?s=96&d=mm&r=g","contentUrl":"https:\/\/secure.gravatar.com\/avatar\/d89f61f6bd1c29a4acb231736d1c74b3?s=96&d=mm&r=g","caption":"TermixTeam"},"url":"https:\/\/termix.net\/blog\/es\/author\/termixteam\/"}]}},"_links":{"self":[{"href":"https:\/\/termix.net\/blog\/es\/wp-json\/wp\/v2\/posts\/6847"}],"collection":[{"href":"https:\/\/termix.net\/blog\/es\/wp-json\/wp\/v2\/posts"}],"about":[{"href":"https:\/\/termix.net\/blog\/es\/wp-json\/wp\/v2\/types\/post"}],"author":[{"embeddable":true,"href":"https:\/\/termix.net\/blog\/es\/wp-json\/wp\/v2\/users\/2"}],"replies":[{"embeddable":true,"href":"https:\/\/termix.net\/blog\/es\/wp-json\/wp\/v2\/comments?post=6847"}],"version-history":[{"count":3,"href":"https:\/\/termix.net\/blog\/es\/wp-json\/wp\/v2\/posts\/6847\/revisions"}],"predecessor-version":[{"id":23099,"href":"https:\/\/termix.net\/blog\/es\/wp-json\/wp\/v2\/posts\/6847\/revisions\/23099"}],"wp:featuredmedia":[{"embeddable":true,"href":"https:\/\/termix.net\/blog\/es\/wp-json\/wp\/v2\/media\/23096"}],"wp:attachment":[{"href":"https:\/\/termix.net\/blog\/es\/wp-json\/wp\/v2\/media?parent=6847"}],"wp:term":[{"taxonomy":"category","embeddable":true,"href":"https:\/\/termix.net\/blog\/es\/wp-json\/wp\/v2\/categories?post=6847"},{"taxonomy":"post_tag","embeddable":true,"href":"https:\/\/termix.net\/blog\/es\/wp-json\/wp\/v2\/tags?post=6847"}],"curies":[{"name":"wp","href":"https:\/\/api.w.org\/{rel}","templated":true}]}}