{"id":6819,"date":"2016-05-17T11:05:36","date_gmt":"2016-05-17T11:05:36","guid":{"rendered":"http:\/\/termix.net\/?p=6819"},"modified":"2019-12-16T12:18:21","modified_gmt":"2019-12-16T11:18:21","slug":"exito-las-formaciones-los-cepillos-alisadores","status":"publish","type":"post","link":"https:\/\/termix.net\/blog\/es\/exito-las-formaciones-los-cepillos-alisadores\/","title":{"rendered":"\u00c9xito de las formaciones de los cepillos alisadores"},"content":{"rendered":"<p><div class=\"fusion-fullwidth fullwidth-box fusion-builder-row-1 faded-background fusion-parallax-none nonhundred-percent-fullwidth non-hundred-percent-height-scrolling fusion-no-small-visibility fusion-no-medium-visibility\" style=\"--awb-border-radius-top-left:0px;--awb-border-radius-top-right:0px;--awb-border-radius-bottom-right:0px;--awb-border-radius-bottom-left:0px;--awb-padding-top:24%;--awb-padding-right:3%;--awb-padding-left:3%;--awb-background-size:cover;\" ><div class=\"fullwidth-faded\" style=\"--awb-background-color:#181818;--awb-background-image:url(https:\/\/termix.net\/blog\/wp-content\/uploads\/2016\/05\/bannerweb_formacionestermix3.jpg);--awb-background-size:cover;\" ><\/div><div class=\"fusion-builder-row fusion-row\"><div class=\"fusion-layout-column fusion_builder_column fusion-builder-column-0 fusion_builder_column_1_1 1_1 fusion-one-full fusion-column-first fusion-column-last\" style=\"--awb-padding-top:6%;--awb-padding-right:8%;--awb-padding-bottom:6%;--awb-padding-left:8%;--awb-bg-color:rgba(255,255,255,0.7);--awb-bg-size:cover;--awb-margin-top:0px;--awb-margin-bottom:0px;\"><div class=\"fusion-column-wrapper fusion-column-has-shadow fusion-flex-column-wrapper-legacy\"><div class=\"fusion-text fusion-text-1 caption\"><p style=\"text-align: center;\">Novedades \u2014 3 min de lectura<\/p>\n<\/div><div class=\"fusion-title title fusion-title-1 fusion-sep-none fusion-title-center fusion-title-text fusion-title-size-two\" style=\"--awb-margin-top:30px;--awb-margin-bottom:20px;\"><h2 class=\"title-heading-center fusion-responsive-typography-calculated\" style=\"margin:0;--fontSize:50;line-height:1.28;\">\u00c9xito de las formaciones de los cepillos alisadores<\/h2><\/div><div class=\"fusion-clearfix\"><\/div><\/div><\/div><\/div><\/div><div class=\"fusion-fullwidth fullwidth-box fusion-builder-row-2 fusion-parallax-none nonhundred-percent-fullwidth non-hundred-percent-height-scrolling fusion-no-large-visibility\" style=\"--awb-border-radius-top-left:0px;--awb-border-radius-top-right:0px;--awb-border-radius-bottom-right:0px;--awb-border-radius-bottom-left:0px;--awb-background-image:url(&quot;https:\/\/termix.net\/blog\/wp-content\/uploads\/2019\/11\/con-el-secador-compacto-profesioanl-4300-de-termix-damos-volumen-al-cabello-1.jpg&quot;);--awb-background-size:cover;\" ><div class=\"fusion-builder-row fusion-row\"><div class=\"fusion-layout-column fusion_builder_column fusion-builder-column-1 fusion_builder_column_1_1 1_1 fusion-one-full fusion-column-first fusion-column-last fusion-column-inner-bg-wrapper\" style=\"--awb-padding-top:10%;--awb-padding-bottom:10%;--awb-inner-bg-image:url(&#039;http:\/\/termix.net\/blog\/wp-content\/uploads\/2019\/03\/single-blog-post-feat.jpg&#039;);--awb-inner-bg-position:center center;--awb-inner-bg-size:cover;\"><span class=\"fusion-column-inner-bg hover-type-zoomout\"><span class=\"fusion-column-anchor\"><span class=\"fusion-column-inner-bg-image\"><\/span><\/span><\/span><div class=\"fusion-column-wrapper fusion-flex-column-wrapper-legacy\" data-bg-url=\"http:\/\/termix.net\/blog\/wp-content\/uploads\/2019\/03\/single-blog-post-feat.jpg\"><div class=\"fusion-sep-clear\"><\/div><div class=\"fusion-separator fusion-no-large-visibility fusion-full-width-sep\" style=\"margin-left: auto;margin-right: auto;margin-top:200px;width:100%;\"><\/div><div class=\"fusion-sep-clear\"><\/div><div class=\"fusion-clearfix\"><\/div><\/div><\/div><div class=\"fusion-layout-column fusion_builder_column fusion-builder-column-2 fusion_builder_column_1_1 1_1 fusion-one-full fusion-column-first fusion-column-last\" style=\"--awb-padding-top:6%;--awb-bg-color:#ffffff;--awb-bg-size:cover;--awb-margin-top:0px;--awb-margin-bottom:0px;\"><div class=\"fusion-column-wrapper fusion-flex-column-wrapper-legacy\"><div class=\"fusion-text fusion-text-2 caption\"><p style=\"text-align: center;\">Novedades \u2014 3 min de lectura<\/p>\n<\/div><div class=\"fusion-title title fusion-title-2 fusion-sep-none fusion-title-center fusion-title-text fusion-title-size-two\" style=\"--awb-margin-top:30px;--awb-margin-bottom:20px;\"><h2 class=\"title-heading-center fusion-responsive-typography-calculated\" style=\"margin:0;--fontSize:50;line-height:1.28;\">\u00c9xito de las formaciones de los cepillos alisadores<\/h2><\/div><div class=\"fusion-clearfix\"><\/div><\/div><\/div><\/div><\/div><div class=\"fusion-fullwidth fullwidth-box fusion-builder-row-3 nonhundred-percent-fullwidth non-hundred-percent-height-scrolling\" style=\"--awb-border-radius-top-left:0px;--awb-border-radius-top-right:0px;--awb-border-radius-bottom-right:0px;--awb-border-radius-bottom-left:0px;--awb-padding-top:10px;--awb-padding-bottom:4%;\" ><div class=\"fusion-builder-row fusion-row\"><div class=\"fusion-layout-column fusion_builder_column fusion-builder-column-3 fusion_builder_column_1_6 1_6 fusion-one-sixth fusion-column-first fusion-no-small-visibility fusion-no-medium-visibility\" style=\"--awb-bg-size:cover;width:16.666666666667%;width:calc(16.666666666667% - ( ( 0 ) * 0.16666666666667 ) );margin-right: 0px;\"><div class=\"fusion-column-wrapper fusion-flex-column-wrapper-legacy\"><div class=\"fusion-clearfix\"><\/div><\/div><\/div><div class=\"fusion-layout-column fusion_builder_column fusion-builder-column-4 fusion_builder_column_2_3 2_3 fusion-two-third fusion-column-last\" style=\"--awb-bg-size:cover;width:66.666666666667%;width:calc(66.666666666667% - ( ( 0 ) * 0.66666666666667 ) );\"><div class=\"fusion-column-wrapper fusion-flex-column-wrapper-legacy\"><div class=\"fusion-sep-clear\"><\/div><div class=\"fusion-separator fusion-full-width-sep\" style=\"margin-left: auto;margin-right: auto;margin-top:30px;width:100%;\"><\/div><div class=\"fusion-sep-clear\"><\/div><div class=\"fusion-text fusion-text-3\"><p style=\"text-align: center;\"><span style=\"font-size: 22px; line-height: 1.5em;\">El sector de la peluquer\u00eda se ha hecho eco de la revoluci\u00f3n que est\u00e1n suponiendo los cepillos alisadores Pro Flat y Pro Styling. Son cada vez m\u00e1s los salones de peluquer\u00edas, consumidores y tiendas que demandan formaci\u00f3n para conocer el uso y ventajas de estas herramientas profesionales. Por ello, en las \u00faltimas semanas, Termix est\u00e1 realizando un total de 15 cursos por todo el pa\u00eds, de momento muy bien valorados por los participantes.<\/span><\/p>\n<\/div><div class=\"fusion-sep-clear\"><\/div><div class=\"fusion-separator fusion-full-width-sep\" style=\"margin-left: auto;margin-right: auto;margin-top:30px;width:100%;\"><\/div><div class=\"fusion-sep-clear\"><\/div><div class=\"fusion-text fusion-text-4\"><p><img decoding=\"async\" class=\"aligncenter size-full wp-image-6826\" src=\"http:\/\/termix.net\/wp-content\/uploads\/2016\/05\/bannerweb_formacionestermix5.jpg\" alt=\"Formaciones sobre cepillos alisadores Termix\" width=\"100%\" \/><\/p>\n<p style=\"text-align: justify;\">En su firme compromiso para seguir ofreciendo herramientas de peluquer\u00eda profesional que sean de m\u00e1xima calidad y ofrezcan innovaciones para facilitar el trabajo de los estilistas, <strong>el equipo t\u00e9cnico de Termix est\u00e1 impartiendo formaciones por toda la geograf\u00eda espa\u00f1ola sobre los productos Termix y en concreto sobre uno de los \u00faltimos lanzamientos estrellas: los cepillos el\u00e9ctricos Pro Flat y Pro Styling<\/strong>. Estas acciones formativas est\u00e1n pensadas para que los profesionales del sector y sus clientes puedan conocer de primera mano las ventajas y la forma de utilizar estas nuevas herramientas que est\u00e1n revolucionando el cepillado.<\/p>\n<p style=\"text-align: justify;\"><em>\u201cSe trata de <strong>dar apoyo tanto a nuestros clientes como a los suyos mismos<\/strong>, ya que cada vez existe una mayor demanda sobre estos productos. La correcta utilizaci\u00f3n y aspectos desconocidos como la importancia de la regulaci\u00f3n de la temperatura, ayudan mucho a la venta y sobre todo a sacarle el m\u00e1ximo partido a la herramienta para un resultado extraordinario en el cabello<\/em>\u201d, comenta uno de los t\u00e9cnicos.<\/p>\n<p style=\"text-align: justify;\"><img decoding=\"async\" class=\"aligncenter size-full wp-image-6823\" src=\"http:\/\/termix.net\/wp-content\/uploads\/2016\/05\/bannerweb_formacionestermix2.jpg\" alt=\"Formaciones sobre cepillos alisadores Termix\" width=\"100%\" \/><\/p>\n<p style=\"text-align: justify;\"><em>\u201cLo cierto es que la formaci\u00f3n me ha servido much\u00edsimo, con un mayor conocimiento del producto <strong>puedo aportar valor a mis clientas y resolver todas sus dudas<\/strong>\u201d, <\/em>explica una de las participantes de la \u00faltima formaci\u00f3n en las tiendas Bob hairstores.<\/p>\n<h2 style=\"text-align: justify;\"><span style=\"color: #000000;\">\u00bfC\u00f3mo funcionan?\u00a0<\/span><\/h2>\n<p style=\"text-align: justify;\"><strong>Los cepillos Pro Flat y Pro Styling ofrecen todas las ventajas de un cepillo t\u00e9rmico y una plancha de pelo<\/strong>. Podr\u00e1s peinar y dar brillo a tu pelo, consiguiendo el estilo que deseas mientras lo cuidas al m\u00e1ximo, ya que podr\u00e1s ajustar la temperatura de estos cepillos alisadores para conseguir un cabello suave, sedoso y sin encrespamiento.<\/p>\n<p style=\"text-align: justify;\"><img decoding=\"async\" class=\"aligncenter size-full wp-image-6822\" src=\"http:\/\/termix.net\/wp-content\/uploads\/2016\/05\/bannerweb_formacionestermix1.jpg\" alt=\"Formaciones sobre cepillos alisadores Termix\" width=\"100%\" \/><\/p>\n<p style=\"text-align: justify;\">Por una parte, tenemos <strong>el cepillo el\u00e9ctrico Pro Flat<\/strong>, que combina su sistema de infrarrojos con tecnolog\u00eda i\u00f3nica para obtener una mayor capacidad de trabajo mientras evitas el encrespamiento, lo cual te permite obtener mejores resultados en menor tiempo. <strong>Es muy f\u00e1cil de utilizar<\/strong> y cuenta con un sistema de apagado autom\u00e1tico en caso de estar 60 minutos sin uso.<\/p>\n<p style=\"text-align: justify;\"><img decoding=\"async\" class=\"aligncenter size-full wp-image-6825\" src=\"http:\/\/termix.net\/wp-content\/uploads\/2016\/05\/bannerweb_formacionestermix4.jpg\" alt=\"Formaciones sobre cepillos alisadores Termix\" width=\"100%\" \/><\/p>\n<p style=\"text-align: justify;\">Por otra parte, est\u00e1 <strong>el cepillo Pro Styling<\/strong>, que gracias a la tecnolog\u00eda i\u00f3nica y de cer\u00e1mico-turmalina tendr\u00e1s a tu disposici\u00f3n una distribuci\u00f3n homog\u00e9nea del calor mientras evitas el encrespamiento, de forma que podr\u00e1s obtener <strong>un cabello suave y brillante en una sola pasada<\/strong>. Adem\u00e1s, gracias a su punta fr\u00eda podr\u00e1s deslizarlo con mayor facilidad.<\/p>\n<p style=\"text-align: justify;\">Termix trabaja cada d\u00eda no solo para seguir siendo los l\u00edderes en cuanto a herramientas de peluquer\u00eda, tambi\u00e9n para que los profesionales puedan seguir teniendo recursos que les permitan conseguir mejores y nuevos resultados de formas m\u00e1s sencillas, r\u00e1pidas y eficaces.<\/p>\n<\/div><div class=\"fusion-clearfix\"><\/div><\/div><\/div><\/div><\/div><div class=\"fusion-fullwidth fullwidth-box fusion-builder-row-4 nonhundred-percent-fullwidth non-hundred-percent-height-scrolling\" style=\"--awb-border-radius-top-left:0px;--awb-border-radius-top-right:0px;--awb-border-radius-bottom-right:0px;--awb-border-radius-bottom-left:0px;\" ><\/div><\/p>\n","protected":false},"excerpt":{"rendered":"<p>\t\t\t\tSon cada vez m\u00e1s los salones de peluquer\u00edas, consumidores y tiendas que demandan formaci\u00f3n para conocer nuestros cepillos alisadores. Por ello, Termix est\u00e1 realizando un total de 15 cursos por todo el pa\u00eds.\t\t<\/p>\n","protected":false},"author":2,"featured_media":23421,"comment_status":"open","ping_status":"open","sticky":false,"template":"","format":"standard","meta":[],"categories":[6],"tags":[],"yoast_head":"<!-- This site is optimized with the Yoast SEO plugin v20.0 - https:\/\/yoast.com\/wordpress\/plugins\/seo\/ -->\n<title>\u00c9xito de la formaciones de los cepillos alisadores - Termix<\/title>\n<meta name=\"description\" content=\"Termix est\u00e1 realizando formaciones en toda la geograf\u00eda espa\u00f1ola sobre los cepillos alisadores, \u00a1entra para conocer todos los detalles!\" \/>\n<meta name=\"robots\" content=\"index, follow, max-snippet:-1, max-image-preview:large, max-video-preview:-1\" \/>\n<link rel=\"canonical\" href=\"https:\/\/termix.net\/blog\/es\/exito-las-formaciones-los-cepillos-alisadores\/\" \/>\n<meta property=\"og:locale\" content=\"es_ES\" \/>\n<meta property=\"og:type\" content=\"article\" \/>\n<meta property=\"og:title\" content=\"\u00c9xito de la formaciones de los cepillos alisadores - Termix\" \/>\n<meta property=\"og:description\" content=\"Termix est\u00e1 realizando formaciones en toda la geograf\u00eda espa\u00f1ola sobre los cepillos alisadores, \u00a1entra para conocer todos los detalles!\" \/>\n<meta property=\"og:url\" content=\"https:\/\/termix.net\/blog\/es\/exito-las-formaciones-los-cepillos-alisadores\/\" \/>\n<meta property=\"og:site_name\" content=\"Blog Termix Spain\" \/>\n<meta property=\"article:published_time\" content=\"2016-05-17T11:05:36+00:00\" \/>\n<meta property=\"article:modified_time\" content=\"2019-12-16T11:18:21+00:00\" \/>\n<meta property=\"og:image\" content=\"https:\/\/termix.net\/blog\/wp-content\/uploads\/2016\/05\/bannerweb_formacionestermix3.jpg\" \/>\n\t<meta property=\"og:image:width\" content=\"800\" \/>\n\t<meta property=\"og:image:height\" content=\"495\" \/>\n\t<meta property=\"og:image:type\" content=\"image\/jpeg\" \/>\n<meta name=\"author\" content=\"TermixTeam\" \/>\n<meta name=\"twitter:card\" content=\"summary_large_image\" \/>\n<meta name=\"twitter:label1\" content=\"Escrito por\" \/>\n\t<meta name=\"twitter:data1\" content=\"TermixTeam\" \/>\n\t<meta name=\"twitter:label2\" content=\"Tiempo de lectura\" \/>\n\t<meta name=\"twitter:data2\" content=\"9 minutos\" \/>\n<script type=\"application\/ld+json\" class=\"yoast-schema-graph\">{\"@context\":\"https:\/\/schema.org\",\"@graph\":[{\"@type\":\"Article\",\"@id\":\"https:\/\/termix.net\/blog\/es\/exito-las-formaciones-los-cepillos-alisadores\/#article\",\"isPartOf\":{\"@id\":\"https:\/\/termix.net\/blog\/es\/exito-las-formaciones-los-cepillos-alisadores\/\"},\"author\":{\"name\":\"TermixTeam\",\"@id\":\"https:\/\/termix.net\/blog\/es\/#\/schema\/person\/9096c98bdf03c8ddf91ad7172f254f40\"},\"headline\":\"\u00c9xito de las formaciones de los cepillos alisadores\",\"datePublished\":\"2016-05-17T11:05:36+00:00\",\"dateModified\":\"2019-12-16T11:18:21+00:00\",\"mainEntityOfPage\":{\"@id\":\"https:\/\/termix.net\/blog\/es\/exito-las-formaciones-los-cepillos-alisadores\/\"},\"wordCount\":1711,\"commentCount\":0,\"publisher\":{\"@id\":\"https:\/\/termix.net\/blog\/es\/#organization\"},\"articleSection\":[\"NOTICIAS\"],\"inLanguage\":\"es\",\"potentialAction\":[{\"@type\":\"CommentAction\",\"name\":\"Comment\",\"target\":[\"https:\/\/termix.net\/blog\/es\/exito-las-formaciones-los-cepillos-alisadores\/#respond\"]}]},{\"@type\":\"WebPage\",\"@id\":\"https:\/\/termix.net\/blog\/es\/exito-las-formaciones-los-cepillos-alisadores\/\",\"url\":\"https:\/\/termix.net\/blog\/es\/exito-las-formaciones-los-cepillos-alisadores\/\",\"name\":\"\u00c9xito de la formaciones de los cepillos alisadores - Termix\",\"isPartOf\":{\"@id\":\"https:\/\/termix.net\/blog\/es\/#website\"},\"datePublished\":\"2016-05-17T11:05:36+00:00\",\"dateModified\":\"2019-12-16T11:18:21+00:00\",\"description\":\"Termix est\u00e1 realizando formaciones en toda la geograf\u00eda espa\u00f1ola sobre los cepillos alisadores, \u00a1entra para conocer todos los detalles!\",\"breadcrumb\":{\"@id\":\"https:\/\/termix.net\/blog\/es\/exito-las-formaciones-los-cepillos-alisadores\/#breadcrumb\"},\"inLanguage\":\"es\",\"potentialAction\":[{\"@type\":\"ReadAction\",\"target\":[\"https:\/\/termix.net\/blog\/es\/exito-las-formaciones-los-cepillos-alisadores\/\"]}]},{\"@type\":\"BreadcrumbList\",\"@id\":\"https:\/\/termix.net\/blog\/es\/exito-las-formaciones-los-cepillos-alisadores\/#breadcrumb\",\"itemListElement\":[{\"@type\":\"ListItem\",\"position\":1,\"name\":\"Home\",\"item\":\"https:\/\/termix.net\/blog\/es\/\"},{\"@type\":\"ListItem\",\"position\":2,\"name\":\"\u00c9xito de las formaciones de los cepillos alisadores\"}]},{\"@type\":\"WebSite\",\"@id\":\"https:\/\/termix.net\/blog\/es\/#website\",\"url\":\"https:\/\/termix.net\/blog\/es\/\",\"name\":\"Blog Termix Spain\",\"description\":\"Blog de tendencias y productos de peluquer\u00eda profesional.\",\"publisher\":{\"@id\":\"https:\/\/termix.net\/blog\/es\/#organization\"},\"potentialAction\":[{\"@type\":\"SearchAction\",\"target\":{\"@type\":\"EntryPoint\",\"urlTemplate\":\"https:\/\/termix.net\/blog\/es\/?s={search_term_string}\"},\"query-input\":\"required name=search_term_string\"}],\"inLanguage\":\"es\"},{\"@type\":\"Organization\",\"@id\":\"https:\/\/termix.net\/blog\/es\/#organization\",\"name\":\"Dols Industrial de Peluquer\u00eda SA\",\"url\":\"https:\/\/termix.net\/blog\/es\/\",\"logo\":{\"@type\":\"ImageObject\",\"inLanguage\":\"es\",\"@id\":\"https:\/\/termix.net\/blog\/es\/#\/schema\/logo\/image\/\",\"url\":\"https:\/\/termix.net\/blog\/wp-content\/uploads\/2020\/10\/OGbDAeng.jpeg\",\"contentUrl\":\"https:\/\/termix.net\/blog\/wp-content\/uploads\/2020\/10\/OGbDAeng.jpeg\",\"width\":800,\"height\":800,\"caption\":\"Dols Industrial de Peluquer\u00eda SA\"},\"image\":{\"@id\":\"https:\/\/termix.net\/blog\/es\/#\/schema\/logo\/image\/\"}},{\"@type\":\"Person\",\"@id\":\"https:\/\/termix.net\/blog\/es\/#\/schema\/person\/9096c98bdf03c8ddf91ad7172f254f40\",\"name\":\"TermixTeam\",\"image\":{\"@type\":\"ImageObject\",\"inLanguage\":\"es\",\"@id\":\"https:\/\/termix.net\/blog\/es\/#\/schema\/person\/image\/\",\"url\":\"https:\/\/secure.gravatar.com\/avatar\/d89f61f6bd1c29a4acb231736d1c74b3?s=96&d=mm&r=g\",\"contentUrl\":\"https:\/\/secure.gravatar.com\/avatar\/d89f61f6bd1c29a4acb231736d1c74b3?s=96&d=mm&r=g\",\"caption\":\"TermixTeam\"},\"url\":\"https:\/\/termix.net\/blog\/es\/author\/termixteam\/\"}]}<\/script>\n<!-- \/ Yoast SEO plugin. -->","yoast_head_json":{"title":"\u00c9xito de la formaciones de los cepillos alisadores - Termix","description":"Termix est\u00e1 realizando formaciones en toda la geograf\u00eda espa\u00f1ola sobre los cepillos alisadores, \u00a1entra para conocer todos los detalles!","robots":{"index":"index","follow":"follow","max-snippet":"max-snippet:-1","max-image-preview":"max-image-preview:large","max-video-preview":"max-video-preview:-1"},"canonical":"https:\/\/termix.net\/blog\/es\/exito-las-formaciones-los-cepillos-alisadores\/","og_locale":"es_ES","og_type":"article","og_title":"\u00c9xito de la formaciones de los cepillos alisadores - Termix","og_description":"Termix est\u00e1 realizando formaciones en toda la geograf\u00eda espa\u00f1ola sobre los cepillos alisadores, \u00a1entra para conocer todos los detalles!","og_url":"https:\/\/termix.net\/blog\/es\/exito-las-formaciones-los-cepillos-alisadores\/","og_site_name":"Blog Termix Spain","article_published_time":"2016-05-17T11:05:36+00:00","article_modified_time":"2019-12-16T11:18:21+00:00","og_image":[{"width":800,"height":495,"url":"https:\/\/termix.net\/blog\/wp-content\/uploads\/2016\/05\/bannerweb_formacionestermix3.jpg","type":"image\/jpeg"}],"author":"TermixTeam","twitter_card":"summary_large_image","twitter_misc":{"Escrito por":"TermixTeam","Tiempo de lectura":"9 minutos"},"schema":{"@context":"https:\/\/schema.org","@graph":[{"@type":"Article","@id":"https:\/\/termix.net\/blog\/es\/exito-las-formaciones-los-cepillos-alisadores\/#article","isPartOf":{"@id":"https:\/\/termix.net\/blog\/es\/exito-las-formaciones-los-cepillos-alisadores\/"},"author":{"name":"TermixTeam","@id":"https:\/\/termix.net\/blog\/es\/#\/schema\/person\/9096c98bdf03c8ddf91ad7172f254f40"},"headline":"\u00c9xito de las formaciones de los cepillos alisadores","datePublished":"2016-05-17T11:05:36+00:00","dateModified":"2019-12-16T11:18:21+00:00","mainEntityOfPage":{"@id":"https:\/\/termix.net\/blog\/es\/exito-las-formaciones-los-cepillos-alisadores\/"},"wordCount":1711,"commentCount":0,"publisher":{"@id":"https:\/\/termix.net\/blog\/es\/#organization"},"articleSection":["NOTICIAS"],"inLanguage":"es","potentialAction":[{"@type":"CommentAction","name":"Comment","target":["https:\/\/termix.net\/blog\/es\/exito-las-formaciones-los-cepillos-alisadores\/#respond"]}]},{"@type":"WebPage","@id":"https:\/\/termix.net\/blog\/es\/exito-las-formaciones-los-cepillos-alisadores\/","url":"https:\/\/termix.net\/blog\/es\/exito-las-formaciones-los-cepillos-alisadores\/","name":"\u00c9xito de la formaciones de los cepillos alisadores - Termix","isPartOf":{"@id":"https:\/\/termix.net\/blog\/es\/#website"},"datePublished":"2016-05-17T11:05:36+00:00","dateModified":"2019-12-16T11:18:21+00:00","description":"Termix est\u00e1 realizando formaciones en toda la geograf\u00eda espa\u00f1ola sobre los cepillos alisadores, \u00a1entra para conocer todos los detalles!","breadcrumb":{"@id":"https:\/\/termix.net\/blog\/es\/exito-las-formaciones-los-cepillos-alisadores\/#breadcrumb"},"inLanguage":"es","potentialAction":[{"@type":"ReadAction","target":["https:\/\/termix.net\/blog\/es\/exito-las-formaciones-los-cepillos-alisadores\/"]}]},{"@type":"BreadcrumbList","@id":"https:\/\/termix.net\/blog\/es\/exito-las-formaciones-los-cepillos-alisadores\/#breadcrumb","itemListElement":[{"@type":"ListItem","position":1,"name":"Home","item":"https:\/\/termix.net\/blog\/es\/"},{"@type":"ListItem","position":2,"name":"\u00c9xito de las formaciones de los cepillos alisadores"}]},{"@type":"WebSite","@id":"https:\/\/termix.net\/blog\/es\/#website","url":"https:\/\/termix.net\/blog\/es\/","name":"Blog Termix Spain","description":"Blog de tendencias y productos de peluquer\u00eda profesional.","publisher":{"@id":"https:\/\/termix.net\/blog\/es\/#organization"},"potentialAction":[{"@type":"SearchAction","target":{"@type":"EntryPoint","urlTemplate":"https:\/\/termix.net\/blog\/es\/?s={search_term_string}"},"query-input":"required name=search_term_string"}],"inLanguage":"es"},{"@type":"Organization","@id":"https:\/\/termix.net\/blog\/es\/#organization","name":"Dols Industrial de Peluquer\u00eda SA","url":"https:\/\/termix.net\/blog\/es\/","logo":{"@type":"ImageObject","inLanguage":"es","@id":"https:\/\/termix.net\/blog\/es\/#\/schema\/logo\/image\/","url":"https:\/\/termix.net\/blog\/wp-content\/uploads\/2020\/10\/OGbDAeng.jpeg","contentUrl":"https:\/\/termix.net\/blog\/wp-content\/uploads\/2020\/10\/OGbDAeng.jpeg","width":800,"height":800,"caption":"Dols Industrial de Peluquer\u00eda SA"},"image":{"@id":"https:\/\/termix.net\/blog\/es\/#\/schema\/logo\/image\/"}},{"@type":"Person","@id":"https:\/\/termix.net\/blog\/es\/#\/schema\/person\/9096c98bdf03c8ddf91ad7172f254f40","name":"TermixTeam","image":{"@type":"ImageObject","inLanguage":"es","@id":"https:\/\/termix.net\/blog\/es\/#\/schema\/person\/image\/","url":"https:\/\/secure.gravatar.com\/avatar\/d89f61f6bd1c29a4acb231736d1c74b3?s=96&d=mm&r=g","contentUrl":"https:\/\/secure.gravatar.com\/avatar\/d89f61f6bd1c29a4acb231736d1c74b3?s=96&d=mm&r=g","caption":"TermixTeam"},"url":"https:\/\/termix.net\/blog\/es\/author\/termixteam\/"}]}},"_links":{"self":[{"href":"https:\/\/termix.net\/blog\/es\/wp-json\/wp\/v2\/posts\/6819"}],"collection":[{"href":"https:\/\/termix.net\/blog\/es\/wp-json\/wp\/v2\/posts"}],"about":[{"href":"https:\/\/termix.net\/blog\/es\/wp-json\/wp\/v2\/types\/post"}],"author":[{"embeddable":true,"href":"https:\/\/termix.net\/blog\/es\/wp-json\/wp\/v2\/users\/2"}],"replies":[{"embeddable":true,"href":"https:\/\/termix.net\/blog\/es\/wp-json\/wp\/v2\/comments?post=6819"}],"version-history":[{"count":3,"href":"https:\/\/termix.net\/blog\/es\/wp-json\/wp\/v2\/posts\/6819\/revisions"}],"predecessor-version":[{"id":23424,"href":"https:\/\/termix.net\/blog\/es\/wp-json\/wp\/v2\/posts\/6819\/revisions\/23424"}],"wp:featuredmedia":[{"embeddable":true,"href":"https:\/\/termix.net\/blog\/es\/wp-json\/wp\/v2\/media\/23421"}],"wp:attachment":[{"href":"https:\/\/termix.net\/blog\/es\/wp-json\/wp\/v2\/media?parent=6819"}],"wp:term":[{"taxonomy":"category","embeddable":true,"href":"https:\/\/termix.net\/blog\/es\/wp-json\/wp\/v2\/categories?post=6819"},{"taxonomy":"post_tag","embeddable":true,"href":"https:\/\/termix.net\/blog\/es\/wp-json\/wp\/v2\/tags?post=6819"}],"curies":[{"name":"wp","href":"https:\/\/api.w.org\/{rel}","templated":true}]}}