{"id":6466,"date":"2016-04-18T15:18:25","date_gmt":"2016-04-18T15:18:25","guid":{"rendered":"http:\/\/termix.net\/?p=6466"},"modified":"2019-12-16T10:35:20","modified_gmt":"2019-12-16T09:35:20","slug":"paula-echevarria-recomienda-cepillo-pro-styling-blog","status":"publish","type":"post","link":"https:\/\/termix.net\/blog\/es\/paula-echevarria-recomienda-cepillo-pro-styling-blog\/","title":{"rendered":"Paula Echevarr\u00eda recomienda el cepillo Pro Styling en su blog"},"content":{"rendered":"<p><div class=\"fusion-fullwidth fullwidth-box fusion-builder-row-1 faded-background fusion-parallax-none nonhundred-percent-fullwidth non-hundred-percent-height-scrolling fusion-no-small-visibility fusion-no-medium-visibility\" style=\"--awb-border-radius-top-left:0px;--awb-border-radius-top-right:0px;--awb-border-radius-bottom-right:0px;--awb-border-radius-bottom-left:0px;--awb-padding-top:24%;--awb-padding-right:3%;--awb-padding-left:3%;--awb-background-size:cover;\" ><div class=\"fullwidth-faded\" style=\"--awb-background-color:#181818;--awb-background-image:url(https:\/\/termix.net\/blog\/wp-content\/uploads\/2016\/04\/bannerweb_paulaechevarria2.jpg);--awb-background-size:cover;\" ><\/div><div class=\"fusion-builder-row fusion-row\"><div class=\"fusion-layout-column fusion_builder_column fusion-builder-column-0 fusion_builder_column_1_1 1_1 fusion-one-full fusion-column-first fusion-column-last\" style=\"--awb-padding-top:6%;--awb-padding-right:8%;--awb-padding-bottom:6%;--awb-padding-left:8%;--awb-bg-color:rgba(255,255,255,0.7);--awb-bg-size:cover;--awb-margin-top:0px;--awb-margin-bottom:0px;\"><div class=\"fusion-column-wrapper fusion-column-has-shadow fusion-flex-column-wrapper-legacy\"><div class=\"fusion-text fusion-text-1 caption\"><p style=\"text-align: center;\">Novedades \u2014 3 min de lectura<\/p>\n<\/div><div class=\"fusion-title title fusion-title-1 fusion-sep-none fusion-title-center fusion-title-text fusion-title-size-two\" style=\"--awb-margin-top:30px;--awb-margin-bottom:20px;\"><h2 class=\"title-heading-center fusion-responsive-typography-calculated\" style=\"margin:0;--fontSize:50;line-height:1.28;\">Paula Echevarr\u00eda recomienda el cepillo Pro Styling en su blog<\/h2><\/div><div class=\"fusion-clearfix\"><\/div><\/div><\/div><\/div><\/div><div class=\"fusion-fullwidth fullwidth-box fusion-builder-row-2 fusion-parallax-none nonhundred-percent-fullwidth non-hundred-percent-height-scrolling fusion-no-large-visibility\" style=\"--awb-border-radius-top-left:0px;--awb-border-radius-top-right:0px;--awb-border-radius-bottom-right:0px;--awb-border-radius-bottom-left:0px;--awb-background-image:url(&quot;https:\/\/termix.net\/blog\/wp-content\/uploads\/2019\/11\/con-el-secador-compacto-profesioanl-4300-de-termix-damos-volumen-al-cabello-1.jpg&quot;);--awb-background-size:cover;\" ><div class=\"fusion-builder-row fusion-row\"><div class=\"fusion-layout-column fusion_builder_column fusion-builder-column-1 fusion_builder_column_1_1 1_1 fusion-one-full fusion-column-first fusion-column-last fusion-column-inner-bg-wrapper\" style=\"--awb-padding-top:10%;--awb-padding-bottom:10%;--awb-inner-bg-image:url(&#039;http:\/\/termix.net\/blog\/wp-content\/uploads\/2019\/03\/single-blog-post-feat.jpg&#039;);--awb-inner-bg-position:center center;--awb-inner-bg-size:cover;\"><span class=\"fusion-column-inner-bg hover-type-zoomout\"><span class=\"fusion-column-anchor\"><span class=\"fusion-column-inner-bg-image\"><\/span><\/span><\/span><div class=\"fusion-column-wrapper fusion-flex-column-wrapper-legacy\" data-bg-url=\"http:\/\/termix.net\/blog\/wp-content\/uploads\/2019\/03\/single-blog-post-feat.jpg\"><div class=\"fusion-sep-clear\"><\/div><div class=\"fusion-separator fusion-no-large-visibility fusion-full-width-sep\" style=\"margin-left: auto;margin-right: auto;margin-top:200px;width:100%;\"><\/div><div class=\"fusion-sep-clear\"><\/div><div class=\"fusion-clearfix\"><\/div><\/div><\/div><div class=\"fusion-layout-column fusion_builder_column fusion-builder-column-2 fusion_builder_column_1_1 1_1 fusion-one-full fusion-column-first fusion-column-last\" style=\"--awb-padding-top:6%;--awb-bg-color:#ffffff;--awb-bg-size:cover;--awb-margin-top:0px;--awb-margin-bottom:0px;\"><div class=\"fusion-column-wrapper fusion-flex-column-wrapper-legacy\"><div class=\"fusion-text fusion-text-2 caption\"><p style=\"text-align: center;\">Novedades \u2014 3 min de lectura<\/p>\n<\/div><div class=\"fusion-title title fusion-title-2 fusion-sep-none fusion-title-center fusion-title-text fusion-title-size-two\" style=\"--awb-margin-top:30px;--awb-margin-bottom:20px;\"><h2 class=\"title-heading-center fusion-responsive-typography-calculated\" style=\"margin:0;--fontSize:50;line-height:1.28;\">Paula Echevarr\u00eda recomienda el cepillo Pro Styling en su blog<\/h2><\/div><div class=\"fusion-clearfix\"><\/div><\/div><\/div><\/div><\/div><div class=\"fusion-fullwidth fullwidth-box fusion-builder-row-3 nonhundred-percent-fullwidth non-hundred-percent-height-scrolling\" style=\"--awb-border-radius-top-left:0px;--awb-border-radius-top-right:0px;--awb-border-radius-bottom-right:0px;--awb-border-radius-bottom-left:0px;--awb-padding-top:10px;--awb-padding-bottom:4%;\" ><div class=\"fusion-builder-row fusion-row\"><div class=\"fusion-layout-column fusion_builder_column fusion-builder-column-3 fusion_builder_column_1_6 1_6 fusion-one-sixth fusion-column-first fusion-no-small-visibility fusion-no-medium-visibility\" style=\"--awb-bg-size:cover;width:16.666666666667%;width:calc(16.666666666667% - ( ( 0 ) * 0.16666666666667 ) );margin-right: 0px;\"><div class=\"fusion-column-wrapper fusion-flex-column-wrapper-legacy\"><div class=\"fusion-clearfix\"><\/div><\/div><\/div><div class=\"fusion-layout-column fusion_builder_column fusion-builder-column-4 fusion_builder_column_2_3 2_3 fusion-two-third fusion-column-last\" style=\"--awb-bg-size:cover;width:66.666666666667%;width:calc(66.666666666667% - ( ( 0 ) * 0.66666666666667 ) );\"><div class=\"fusion-column-wrapper fusion-flex-column-wrapper-legacy\"><div class=\"fusion-sep-clear\"><\/div><div class=\"fusion-separator fusion-full-width-sep\" style=\"margin-left: auto;margin-right: auto;margin-top:30px;width:100%;\"><\/div><div class=\"fusion-sep-clear\"><\/div><div class=\"fusion-text fusion-text-3\"><p style=\"text-align: center;\"><span style=\"font-size: 22px; line-height: 1.5em;\"> Paula Echevarr\u00eda, actriz y una de las mayores influencers en el mundo de la belleza, ha dedicado en su prestigioso blog \u2018Tras la pista de Paula\u2019 un espacio para hablar del cepillo el\u00e9ctrico Pro Styling de Termix, su \u00faltima adquisici\u00f3n para el cuidado de su cabello.<\/span><\/p>\n<\/div><div class=\"fusion-sep-clear\"><\/div><div class=\"fusion-separator fusion-full-width-sep\" style=\"margin-left: auto;margin-right: auto;margin-top:30px;width:100%;\"><\/div><div class=\"fusion-sep-clear\"><\/div><div class=\"fusion-text fusion-text-4\"><p><img decoding=\"async\" class=\"aligncenter size-full wp-image-6467\" src=\"http:\/\/termix.net\/wp-content\/uploads\/2016\/04\/bannerweb_paulaechevarria1.jpg\" alt=\"Paula Echevarr\u00eda habla del cepillo el\u00e9ctrico Pro Styling de Termix en su blog Tras la Pista de Paula\" width=\"800\" height=\"495\" \/><\/p>\n<p style=\"text-align: justify;\">\u201cEs perfecto para dar forma a las puntas o hacer ondas rotas sin marcar demasiado.\u201d Con estas palabras, Paula Echevarr\u00eda cuenta de primera mano c\u00f3mo utiliza el\u00a0<strong>cepillo el\u00e9ctrico Pro Styling de Termix<\/strong> \u2013novedad de este a\u00f1o- para dar una forma natural a su cabello.<\/p>\n<p style=\"text-align: justify;\">En su post se recogen diferentes productos que recomienda personalmente y, en el caso del <strong>cepillo Pro Styling Brush<\/strong>, se detiene a analizarlo para destacar sus caracter\u00edsticas y su forma de emplearlo: \u201ces una mezcla entre cepillo y tenacilla, no suelta aire, simplemente se calientan sus placas y se pasa por el pelo (previamente secado con el secador) y se cepilla para darle la forma que se quiera\u201d explica.<\/p>\n<p style=\"text-align: justify;\"><img decoding=\"async\" class=\"aligncenter size-full wp-image-6468\" src=\"http:\/\/termix.net\/wp-content\/uploads\/2016\/04\/bannerweb_paulaechevarria2.jpg\" alt=\"Paula Echevarr\u00eda habla del cepillo el\u00e9ctrico Pro Styling de Termix en su blog Tras la Pista de Paula\" width=\"800\" height=\"495\" \/><\/p>\n<p style=\"text-align: justify;\">Asidua del espectacular espacio Lorena Morlote Beauty &amp; Art, es un placer para nosotros que la famosa actriz\u00a0utilice y recomiende nuestra marca en uno de sus tan esperados posts sobre sus favoritos de belleza.<\/p>\n<p style=\"text-align: justify;\">Trabajamos a diario para poder seguir siendo l\u00edderes en cuanto a herramientas de peluquer\u00eda profesionales se refiere y, por ello, esperamos poder seguir apareciendo en revistas y blogs tan destacados y d<strong>e la mano de las celebrities m\u00e1s queridas y admiradas de nuestro pa\u00eds. \u00a0<\/strong><\/p>\n<p style=\"text-align: justify;\">Si quieres ver la lista completa de favoritos de la actriz en el blog <em>Tras la pista de Paula<\/em>, ubicado a su vez en la web de ELLE, pincha aqu\u00ed.<\/p>\n<\/div><div class=\"fusion-clearfix\"><\/div><\/div><\/div><\/div><\/div><div class=\"fusion-fullwidth fullwidth-box fusion-builder-row-4 nonhundred-percent-fullwidth non-hundred-percent-height-scrolling\" style=\"--awb-border-radius-top-left:0px;--awb-border-radius-top-right:0px;--awb-border-radius-bottom-right:0px;--awb-border-radius-bottom-left:0px;\" ><\/div><\/p>\n","protected":false},"excerpt":{"rendered":"<p>\t\t\t\tLa actriz Paula Echevarr\u00eda, una de las mayores influencers en el mundo de la belleza, ha dedicado en su prestigioso blog \u2018Tras la pista de Paula\u2019 un espacio para hablar del cepillo el\u00e9ctrico Pro Styling de Termix, su \u00faltima adquisici\u00f3n para el cuidado de su cabello.\t\t<\/p>\n","protected":false},"author":2,"featured_media":23493,"comment_status":"open","ping_status":"open","sticky":false,"template":"","format":"standard","meta":[],"categories":[6],"tags":[],"yoast_head":"<!-- This site is optimized with the Yoast SEO plugin v20.0 - https:\/\/yoast.com\/wordpress\/plugins\/seo\/ -->\n<title>Paula Echevarr\u00eda recomienda el cepillo Pro Styling en su blog - Blog Termix Spain<\/title>\n<meta name=\"description\" content=\"Blog Termix Spain - Paula Echevarr\u00eda recomienda el cepillo Pro Styling en su blog -\" \/>\n<meta name=\"robots\" content=\"noindex, follow\" \/>\n<meta property=\"og:locale\" content=\"es_ES\" \/>\n<meta property=\"og:type\" content=\"article\" \/>\n<meta property=\"og:title\" content=\"Paula Echevarr\u00eda recomienda el cepillo Pro Styling en su blog - Blog Termix Spain\" \/>\n<meta property=\"og:description\" content=\"Blog Termix Spain - Paula Echevarr\u00eda recomienda el cepillo Pro Styling en su blog -\" \/>\n<meta property=\"og:url\" content=\"https:\/\/termix.net\/blog\/es\/paula-echevarria-recomienda-cepillo-pro-styling-blog\/\" \/>\n<meta property=\"og:site_name\" content=\"Blog Termix Spain\" \/>\n<meta property=\"article:published_time\" content=\"2016-04-18T15:18:25+00:00\" \/>\n<meta property=\"article:modified_time\" content=\"2019-12-16T09:35:20+00:00\" \/>\n<meta property=\"og:image\" content=\"https:\/\/termix.net\/blog\/wp-content\/uploads\/2016\/04\/bannerweb_paulaechevarria1.jpg\" \/>\n\t<meta property=\"og:image:width\" content=\"800\" \/>\n\t<meta property=\"og:image:height\" content=\"495\" \/>\n\t<meta property=\"og:image:type\" content=\"image\/jpeg\" \/>\n<meta name=\"author\" content=\"TermixTeam\" \/>\n<meta name=\"twitter:card\" content=\"summary_large_image\" \/>\n<meta name=\"twitter:label1\" content=\"Escrito por\" \/>\n\t<meta name=\"twitter:data1\" content=\"TermixTeam\" \/>\n\t<meta name=\"twitter:label2\" content=\"Tiempo de lectura\" \/>\n\t<meta name=\"twitter:data2\" content=\"7 minutos\" \/>\n<script type=\"application\/ld+json\" class=\"yoast-schema-graph\">{\"@context\":\"https:\/\/schema.org\",\"@graph\":[{\"@type\":\"Article\",\"@id\":\"https:\/\/termix.net\/blog\/es\/paula-echevarria-recomienda-cepillo-pro-styling-blog\/#article\",\"isPartOf\":{\"@id\":\"https:\/\/termix.net\/blog\/es\/paula-echevarria-recomienda-cepillo-pro-styling-blog\/\"},\"author\":{\"name\":\"TermixTeam\",\"@id\":\"https:\/\/termix.net\/blog\/es\/#\/schema\/person\/9096c98bdf03c8ddf91ad7172f254f40\"},\"headline\":\"Paula Echevarr\u00eda recomienda el cepillo Pro Styling en su blog\",\"datePublished\":\"2016-04-18T15:18:25+00:00\",\"dateModified\":\"2019-12-16T09:35:20+00:00\",\"mainEntityOfPage\":{\"@id\":\"https:\/\/termix.net\/blog\/es\/paula-echevarria-recomienda-cepillo-pro-styling-blog\/\"},\"wordCount\":1462,\"commentCount\":1,\"publisher\":{\"@id\":\"https:\/\/termix.net\/blog\/es\/#organization\"},\"articleSection\":[\"NOTICIAS\"],\"inLanguage\":\"es\",\"potentialAction\":[{\"@type\":\"CommentAction\",\"name\":\"Comment\",\"target\":[\"https:\/\/termix.net\/blog\/es\/paula-echevarria-recomienda-cepillo-pro-styling-blog\/#respond\"]}]},{\"@type\":\"WebPage\",\"@id\":\"https:\/\/termix.net\/blog\/es\/paula-echevarria-recomienda-cepillo-pro-styling-blog\/\",\"url\":\"https:\/\/termix.net\/blog\/es\/paula-echevarria-recomienda-cepillo-pro-styling-blog\/\",\"name\":\"Paula Echevarr\u00eda recomienda el cepillo Pro Styling en su blog - Blog Termix Spain\",\"isPartOf\":{\"@id\":\"https:\/\/termix.net\/blog\/es\/#website\"},\"datePublished\":\"2016-04-18T15:18:25+00:00\",\"dateModified\":\"2019-12-16T09:35:20+00:00\",\"description\":\"Blog Termix Spain - Paula Echevarr\u00eda recomienda el cepillo Pro Styling en su blog -\",\"breadcrumb\":{\"@id\":\"https:\/\/termix.net\/blog\/es\/paula-echevarria-recomienda-cepillo-pro-styling-blog\/#breadcrumb\"},\"inLanguage\":\"es\",\"potentialAction\":[{\"@type\":\"ReadAction\",\"target\":[\"https:\/\/termix.net\/blog\/es\/paula-echevarria-recomienda-cepillo-pro-styling-blog\/\"]}]},{\"@type\":\"BreadcrumbList\",\"@id\":\"https:\/\/termix.net\/blog\/es\/paula-echevarria-recomienda-cepillo-pro-styling-blog\/#breadcrumb\",\"itemListElement\":[{\"@type\":\"ListItem\",\"position\":1,\"name\":\"Home\",\"item\":\"https:\/\/termix.net\/blog\/es\/\"},{\"@type\":\"ListItem\",\"position\":2,\"name\":\"Paula Echevarr\u00eda recomienda el cepillo Pro Styling en su blog\"}]},{\"@type\":\"WebSite\",\"@id\":\"https:\/\/termix.net\/blog\/es\/#website\",\"url\":\"https:\/\/termix.net\/blog\/es\/\",\"name\":\"Blog Termix Spain\",\"description\":\"Blog de tendencias y productos de peluquer\u00eda profesional.\",\"publisher\":{\"@id\":\"https:\/\/termix.net\/blog\/es\/#organization\"},\"potentialAction\":[{\"@type\":\"SearchAction\",\"target\":{\"@type\":\"EntryPoint\",\"urlTemplate\":\"https:\/\/termix.net\/blog\/es\/?s={search_term_string}\"},\"query-input\":\"required name=search_term_string\"}],\"inLanguage\":\"es\"},{\"@type\":\"Organization\",\"@id\":\"https:\/\/termix.net\/blog\/es\/#organization\",\"name\":\"Dols Industrial de Peluquer\u00eda SA\",\"url\":\"https:\/\/termix.net\/blog\/es\/\",\"logo\":{\"@type\":\"ImageObject\",\"inLanguage\":\"es\",\"@id\":\"https:\/\/termix.net\/blog\/es\/#\/schema\/logo\/image\/\",\"url\":\"https:\/\/termix.net\/blog\/wp-content\/uploads\/2020\/10\/OGbDAeng.jpeg\",\"contentUrl\":\"https:\/\/termix.net\/blog\/wp-content\/uploads\/2020\/10\/OGbDAeng.jpeg\",\"width\":800,\"height\":800,\"caption\":\"Dols Industrial de Peluquer\u00eda SA\"},\"image\":{\"@id\":\"https:\/\/termix.net\/blog\/es\/#\/schema\/logo\/image\/\"}},{\"@type\":\"Person\",\"@id\":\"https:\/\/termix.net\/blog\/es\/#\/schema\/person\/9096c98bdf03c8ddf91ad7172f254f40\",\"name\":\"TermixTeam\",\"image\":{\"@type\":\"ImageObject\",\"inLanguage\":\"es\",\"@id\":\"https:\/\/termix.net\/blog\/es\/#\/schema\/person\/image\/\",\"url\":\"https:\/\/secure.gravatar.com\/avatar\/d89f61f6bd1c29a4acb231736d1c74b3?s=96&d=mm&r=g\",\"contentUrl\":\"https:\/\/secure.gravatar.com\/avatar\/d89f61f6bd1c29a4acb231736d1c74b3?s=96&d=mm&r=g\",\"caption\":\"TermixTeam\"},\"url\":\"https:\/\/termix.net\/blog\/es\/author\/termixteam\/\"}]}<\/script>\n<!-- \/ Yoast SEO plugin. -->","yoast_head_json":{"title":"Paula Echevarr\u00eda recomienda el cepillo Pro Styling en su blog - Blog Termix Spain","description":"Blog Termix Spain - Paula Echevarr\u00eda recomienda el cepillo Pro Styling en su blog -","robots":{"index":"noindex","follow":"follow"},"og_locale":"es_ES","og_type":"article","og_title":"Paula Echevarr\u00eda recomienda el cepillo Pro Styling en su blog - Blog Termix Spain","og_description":"Blog Termix Spain - Paula Echevarr\u00eda recomienda el cepillo Pro Styling en su blog -","og_url":"https:\/\/termix.net\/blog\/es\/paula-echevarria-recomienda-cepillo-pro-styling-blog\/","og_site_name":"Blog Termix Spain","article_published_time":"2016-04-18T15:18:25+00:00","article_modified_time":"2019-12-16T09:35:20+00:00","og_image":[{"width":800,"height":495,"url":"https:\/\/termix.net\/blog\/wp-content\/uploads\/2016\/04\/bannerweb_paulaechevarria1.jpg","type":"image\/jpeg"}],"author":"TermixTeam","twitter_card":"summary_large_image","twitter_misc":{"Escrito por":"TermixTeam","Tiempo de lectura":"7 minutos"},"schema":{"@context":"https:\/\/schema.org","@graph":[{"@type":"Article","@id":"https:\/\/termix.net\/blog\/es\/paula-echevarria-recomienda-cepillo-pro-styling-blog\/#article","isPartOf":{"@id":"https:\/\/termix.net\/blog\/es\/paula-echevarria-recomienda-cepillo-pro-styling-blog\/"},"author":{"name":"TermixTeam","@id":"https:\/\/termix.net\/blog\/es\/#\/schema\/person\/9096c98bdf03c8ddf91ad7172f254f40"},"headline":"Paula Echevarr\u00eda recomienda el cepillo Pro Styling en su blog","datePublished":"2016-04-18T15:18:25+00:00","dateModified":"2019-12-16T09:35:20+00:00","mainEntityOfPage":{"@id":"https:\/\/termix.net\/blog\/es\/paula-echevarria-recomienda-cepillo-pro-styling-blog\/"},"wordCount":1462,"commentCount":1,"publisher":{"@id":"https:\/\/termix.net\/blog\/es\/#organization"},"articleSection":["NOTICIAS"],"inLanguage":"es","potentialAction":[{"@type":"CommentAction","name":"Comment","target":["https:\/\/termix.net\/blog\/es\/paula-echevarria-recomienda-cepillo-pro-styling-blog\/#respond"]}]},{"@type":"WebPage","@id":"https:\/\/termix.net\/blog\/es\/paula-echevarria-recomienda-cepillo-pro-styling-blog\/","url":"https:\/\/termix.net\/blog\/es\/paula-echevarria-recomienda-cepillo-pro-styling-blog\/","name":"Paula Echevarr\u00eda recomienda el cepillo Pro Styling en su blog - Blog Termix Spain","isPartOf":{"@id":"https:\/\/termix.net\/blog\/es\/#website"},"datePublished":"2016-04-18T15:18:25+00:00","dateModified":"2019-12-16T09:35:20+00:00","description":"Blog Termix Spain - Paula Echevarr\u00eda recomienda el cepillo Pro Styling en su blog -","breadcrumb":{"@id":"https:\/\/termix.net\/blog\/es\/paula-echevarria-recomienda-cepillo-pro-styling-blog\/#breadcrumb"},"inLanguage":"es","potentialAction":[{"@type":"ReadAction","target":["https:\/\/termix.net\/blog\/es\/paula-echevarria-recomienda-cepillo-pro-styling-blog\/"]}]},{"@type":"BreadcrumbList","@id":"https:\/\/termix.net\/blog\/es\/paula-echevarria-recomienda-cepillo-pro-styling-blog\/#breadcrumb","itemListElement":[{"@type":"ListItem","position":1,"name":"Home","item":"https:\/\/termix.net\/blog\/es\/"},{"@type":"ListItem","position":2,"name":"Paula Echevarr\u00eda recomienda el cepillo Pro Styling en su blog"}]},{"@type":"WebSite","@id":"https:\/\/termix.net\/blog\/es\/#website","url":"https:\/\/termix.net\/blog\/es\/","name":"Blog Termix Spain","description":"Blog de tendencias y productos de peluquer\u00eda profesional.","publisher":{"@id":"https:\/\/termix.net\/blog\/es\/#organization"},"potentialAction":[{"@type":"SearchAction","target":{"@type":"EntryPoint","urlTemplate":"https:\/\/termix.net\/blog\/es\/?s={search_term_string}"},"query-input":"required name=search_term_string"}],"inLanguage":"es"},{"@type":"Organization","@id":"https:\/\/termix.net\/blog\/es\/#organization","name":"Dols Industrial de Peluquer\u00eda SA","url":"https:\/\/termix.net\/blog\/es\/","logo":{"@type":"ImageObject","inLanguage":"es","@id":"https:\/\/termix.net\/blog\/es\/#\/schema\/logo\/image\/","url":"https:\/\/termix.net\/blog\/wp-content\/uploads\/2020\/10\/OGbDAeng.jpeg","contentUrl":"https:\/\/termix.net\/blog\/wp-content\/uploads\/2020\/10\/OGbDAeng.jpeg","width":800,"height":800,"caption":"Dols Industrial de Peluquer\u00eda SA"},"image":{"@id":"https:\/\/termix.net\/blog\/es\/#\/schema\/logo\/image\/"}},{"@type":"Person","@id":"https:\/\/termix.net\/blog\/es\/#\/schema\/person\/9096c98bdf03c8ddf91ad7172f254f40","name":"TermixTeam","image":{"@type":"ImageObject","inLanguage":"es","@id":"https:\/\/termix.net\/blog\/es\/#\/schema\/person\/image\/","url":"https:\/\/secure.gravatar.com\/avatar\/d89f61f6bd1c29a4acb231736d1c74b3?s=96&d=mm&r=g","contentUrl":"https:\/\/secure.gravatar.com\/avatar\/d89f61f6bd1c29a4acb231736d1c74b3?s=96&d=mm&r=g","caption":"TermixTeam"},"url":"https:\/\/termix.net\/blog\/es\/author\/termixteam\/"}]}},"_links":{"self":[{"href":"https:\/\/termix.net\/blog\/es\/wp-json\/wp\/v2\/posts\/6466"}],"collection":[{"href":"https:\/\/termix.net\/blog\/es\/wp-json\/wp\/v2\/posts"}],"about":[{"href":"https:\/\/termix.net\/blog\/es\/wp-json\/wp\/v2\/types\/post"}],"author":[{"embeddable":true,"href":"https:\/\/termix.net\/blog\/es\/wp-json\/wp\/v2\/users\/2"}],"replies":[{"embeddable":true,"href":"https:\/\/termix.net\/blog\/es\/wp-json\/wp\/v2\/comments?post=6466"}],"version-history":[{"count":3,"href":"https:\/\/termix.net\/blog\/es\/wp-json\/wp\/v2\/posts\/6466\/revisions"}],"predecessor-version":[{"id":23515,"href":"https:\/\/termix.net\/blog\/es\/wp-json\/wp\/v2\/posts\/6466\/revisions\/23515"}],"wp:featuredmedia":[{"embeddable":true,"href":"https:\/\/termix.net\/blog\/es\/wp-json\/wp\/v2\/media\/23493"}],"wp:attachment":[{"href":"https:\/\/termix.net\/blog\/es\/wp-json\/wp\/v2\/media?parent=6466"}],"wp:term":[{"taxonomy":"category","embeddable":true,"href":"https:\/\/termix.net\/blog\/es\/wp-json\/wp\/v2\/categories?post=6466"},{"taxonomy":"post_tag","embeddable":true,"href":"https:\/\/termix.net\/blog\/es\/wp-json\/wp\/v2\/tags?post=6466"}],"curies":[{"name":"wp","href":"https:\/\/api.w.org\/{rel}","templated":true}]}}