{"id":6400,"date":"2016-04-08T09:52:54","date_gmt":"2016-04-08T09:52:54","guid":{"rendered":"http:\/\/termix.net\/?p=6400"},"modified":"2019-12-16T12:14:33","modified_gmt":"2019-12-16T11:14:33","slug":"obrigado-expocosmetica-2016","status":"publish","type":"post","link":"https:\/\/termix.net\/blog\/es\/obrigado-expocosmetica-2016\/","title":{"rendered":"\u00a1Obrigado Expocosm\u00e9tica 2016!"},"content":{"rendered":"<p><div class=\"fusion-fullwidth fullwidth-box fusion-builder-row-1 faded-background fusion-parallax-none nonhundred-percent-fullwidth non-hundred-percent-height-scrolling fusion-no-small-visibility fusion-no-medium-visibility\" style=\"--awb-border-radius-top-left:0px;--awb-border-radius-top-right:0px;--awb-border-radius-bottom-right:0px;--awb-border-radius-bottom-left:0px;--awb-padding-top:24%;--awb-padding-right:3%;--awb-padding-left:3%;--awb-background-size:cover;\" ><div class=\"fullwidth-faded\" style=\"--awb-background-color:#181818;--awb-background-image:url(https:\/\/termix.net\/blog\/wp-content\/uploads\/2016\/04\/bannerweb_oportoexpocosmetica1.jpg);--awb-background-size:cover;\" ><\/div><div class=\"fusion-builder-row fusion-row\"><div class=\"fusion-layout-column fusion_builder_column fusion-builder-column-0 fusion_builder_column_1_1 1_1 fusion-one-full fusion-column-first fusion-column-last\" style=\"--awb-padding-top:6%;--awb-padding-right:8%;--awb-padding-bottom:6%;--awb-padding-left:8%;--awb-bg-color:rgba(255,255,255,0.7);--awb-bg-size:cover;--awb-margin-top:0px;--awb-margin-bottom:0px;\"><div class=\"fusion-column-wrapper fusion-column-has-shadow fusion-flex-column-wrapper-legacy\"><div class=\"fusion-text fusion-text-1 caption\"><p style=\"text-align: center;\">Ferias \u2014 3 min de lectura<\/p>\n<\/div><div class=\"fusion-title title fusion-title-1 fusion-sep-none fusion-title-center fusion-title-text fusion-title-size-two\" style=\"--awb-margin-top:30px;--awb-margin-bottom:20px;\"><h2 class=\"title-heading-center fusion-responsive-typography-calculated\" style=\"margin:0;--fontSize:50;line-height:1.28;\">\u00a1Obrigado Expocosm\u00e9tica 2016!<\/h2><\/div><div class=\"fusion-clearfix\"><\/div><\/div><\/div><\/div><\/div><div class=\"fusion-fullwidth fullwidth-box fusion-builder-row-2 fusion-parallax-none nonhundred-percent-fullwidth non-hundred-percent-height-scrolling fusion-no-large-visibility\" style=\"--awb-border-radius-top-left:0px;--awb-border-radius-top-right:0px;--awb-border-radius-bottom-right:0px;--awb-border-radius-bottom-left:0px;--awb-background-image:url(&quot;https:\/\/termix.net\/blog\/wp-content\/uploads\/2019\/11\/con-el-secador-compacto-profesioanl-4300-de-termix-damos-volumen-al-cabello-1.jpg&quot;);--awb-background-size:cover;\" ><div class=\"fusion-builder-row fusion-row\"><div class=\"fusion-layout-column fusion_builder_column fusion-builder-column-1 fusion_builder_column_1_1 1_1 fusion-one-full fusion-column-first fusion-column-last fusion-column-inner-bg-wrapper\" style=\"--awb-padding-top:10%;--awb-padding-bottom:10%;--awb-inner-bg-image:url(&#039;http:\/\/termix.net\/blog\/wp-content\/uploads\/2019\/03\/single-blog-post-feat.jpg&#039;);--awb-inner-bg-position:center center;--awb-inner-bg-size:cover;\"><span class=\"fusion-column-inner-bg hover-type-zoomout\"><span class=\"fusion-column-anchor\"><span class=\"fusion-column-inner-bg-image\"><\/span><\/span><\/span><div class=\"fusion-column-wrapper fusion-flex-column-wrapper-legacy\" data-bg-url=\"http:\/\/termix.net\/blog\/wp-content\/uploads\/2019\/03\/single-blog-post-feat.jpg\"><div class=\"fusion-sep-clear\"><\/div><div class=\"fusion-separator fusion-no-large-visibility fusion-full-width-sep\" style=\"margin-left: auto;margin-right: auto;margin-top:200px;width:100%;\"><\/div><div class=\"fusion-sep-clear\"><\/div><div class=\"fusion-clearfix\"><\/div><\/div><\/div><div class=\"fusion-layout-column fusion_builder_column fusion-builder-column-2 fusion_builder_column_1_1 1_1 fusion-one-full fusion-column-first fusion-column-last\" style=\"--awb-padding-top:6%;--awb-bg-color:#ffffff;--awb-bg-size:cover;--awb-margin-top:0px;--awb-margin-bottom:0px;\"><div class=\"fusion-column-wrapper fusion-flex-column-wrapper-legacy\"><div class=\"fusion-text fusion-text-2 caption\"><p style=\"text-align: center;\">Ferias \u2014 3 min de lectura<\/p>\n<\/div><div class=\"fusion-title title fusion-title-2 fusion-sep-none fusion-title-center fusion-title-text fusion-title-size-two\" style=\"--awb-margin-top:30px;--awb-margin-bottom:20px;\"><h2 class=\"title-heading-center fusion-responsive-typography-calculated\" style=\"margin:0;--fontSize:50;line-height:1.28;\">\u00a1Obrigado Expocosm\u00e9tica 2016!<\/h2><\/div><div class=\"fusion-clearfix\"><\/div><\/div><\/div><\/div><\/div><div class=\"fusion-fullwidth fullwidth-box fusion-builder-row-3 nonhundred-percent-fullwidth non-hundred-percent-height-scrolling\" style=\"--awb-border-radius-top-left:0px;--awb-border-radius-top-right:0px;--awb-border-radius-bottom-right:0px;--awb-border-radius-bottom-left:0px;--awb-padding-top:10px;--awb-padding-bottom:4%;\" ><div class=\"fusion-builder-row fusion-row\"><div class=\"fusion-layout-column fusion_builder_column fusion-builder-column-3 fusion_builder_column_1_6 1_6 fusion-one-sixth fusion-column-first fusion-no-small-visibility fusion-no-medium-visibility\" style=\"--awb-bg-size:cover;width:16.666666666667%;width:calc(16.666666666667% - ( ( 0 ) * 0.16666666666667 ) );margin-right: 0px;\"><div class=\"fusion-column-wrapper fusion-flex-column-wrapper-legacy\"><div class=\"fusion-clearfix\"><\/div><\/div><\/div><div class=\"fusion-layout-column fusion_builder_column fusion-builder-column-4 fusion_builder_column_2_3 2_3 fusion-two-third fusion-column-last\" style=\"--awb-bg-size:cover;width:66.666666666667%;width:calc(66.666666666667% - ( ( 0 ) * 0.66666666666667 ) );\"><div class=\"fusion-column-wrapper fusion-flex-column-wrapper-legacy\"><div class=\"fusion-sep-clear\"><\/div><div class=\"fusion-separator fusion-full-width-sep\" style=\"margin-left: auto;margin-right: auto;margin-top:30px;width:100%;\"><\/div><div class=\"fusion-sep-clear\"><\/div><div class=\"fusion-text fusion-text-3\"><p style=\"text-align: center;\"><span style=\"font-size: 22px; line-height: 1.5em;\"> Del 2 al 4 de abril, Oporto volvi\u00f3 a convertirse en el epicentro del sector de la peluquer\u00eda en Portugal inaugurando una nueva edici\u00f3n de la feria Expocosm\u00e9tica 2016, a la que Termix no quiso faltar. Expocosm\u00e9tica es un referente en cuanto a cabello y cosm\u00e9tica, convirti\u00e9ndola en una de las ferias m\u00e1s importantes del sector. All\u00ed se realizan diferentes actividades como hairshows, congresos, demostraciones, talleres\u2026 Lo cual lo convierte en un punto de informaci\u00f3n muy destacado en cuanto a peluquer\u00eda y al cuidado del cabello. Este a\u00f1o, se cont\u00f3 con la presencia de 210 empresas y la asistencia de m\u00e1s de 40.000 visitantes.<\/span><\/p>\n<\/div><div class=\"fusion-sep-clear\"><\/div><div class=\"fusion-separator fusion-full-width-sep\" style=\"margin-left: auto;margin-right: auto;margin-top:30px;width:100%;\"><\/div><div class=\"fusion-sep-clear\"><\/div><div class=\"fusion-text fusion-text-4\"><p><img decoding=\"async\" class=\"aligncenter size-full wp-image-6415\" src=\"http:\/\/termix.net\/wp-content\/uploads\/2016\/04\/bannerweb_oportoexpocosmetica2b.jpg\" alt=\"Expocosm\u00e9tica 2016 Sergio G\" width=\"100%\" \/><\/p>\n<p style=\"text-align: justify;\">De la mano de nuestro distribuidor en el pa\u00eds, <strong>Termix<\/strong> cont\u00f3 con una notable presencia durante el evento, mediante el cual se pudieron presentar los \u00faltimos lanzamientos: el <strong>cepillo Evolution XL, los C\u00b7Ramic Colors y los cepillos el\u00e9ctricos Pro Styling y Pro Flat<\/strong>.<\/p>\n<p style=\"text-align: justify;\">Sin duda, uno de los m\u00e1s destacados fue el <strong>cepillo Evolution XL<\/strong>, ya que fue protagonista de los shows que realizamos, siempre de la mano de nuestro t\u00e9cnico Jordan y, adem\u00e1s, del estilista de celebrities brasile\u00f1o <strong>Sergio G<\/strong>, los cuales demostraron las nuevas ventajas en cuanto al cuidado del cabello, como, por ejemplo, sus 3 cent\u00edmetros m\u00e1s de largo, que suponen una mayor rapidez en el secado, adem\u00e1s de conseguir de una manera m\u00e1s sencilla y r\u00e1pida nuevos estilos de peinado.<\/p>\n<p style=\"text-align: justify;\">\u00abSiempre es un placer trabajar con <strong>Termix,\u00a0<\/strong>en Brasil utilizamos mucho sus cepillos para intentar innovar d\u00eda tras d\u00eda\u00bb, apuntaba Sergio G en una de sus demostraciones.<\/p>\n<p style=\"text-align: justify;\">En cualquier evento de peluquer\u00eda es muy importante la interacci\u00f3n con el p\u00fablico\u00a0y, por ello, en nuestro stand, resolvimos todas las dudas acerca de los nuevos cepillos. Adem\u00e1s, tambi\u00e9n <strong>hicimos un Photocall<\/strong> con los m\u00e1s aventurados, de forma que la experiencia con <strong>Termix<\/strong>\u00a0fuese la m\u00e1s completa de la feria.<\/p>\n<p style=\"text-align: justify;\"><img decoding=\"async\" class=\"aligncenter size-full wp-image-6407\" src=\"http:\/\/termix.net\/wp-content\/uploads\/2016\/04\/bannerweb_oportoexpocosmetica3.jpg\" alt=\"Termix en Expocosm\u00e9tica 2016 (Photocall)\" width=\"100%\" \/><\/p>\n<p style=\"text-align: justify;\">Por todo ello, esperamos estar con vosotros\u00a0en la pr\u00f3xima edici\u00f3n para que pod\u00e1is conocer de primera mano las \u00faltimas novedades en cuanto a cuidado del cabello, ya que ha sido todo un \u00e9xito y <strong>Termix<\/strong>\u00a0ha podido seguir demostrando por qu\u00e9 es la marca l\u00edder en herramientas de peluquer\u00eda profesional. Gracias a todos los visitantes y hasta el pr\u00f3ximo Expocosm\u00e9tica.<\/p>\n<\/div><div class=\"fusion-clearfix\"><\/div><\/div><\/div><\/div><\/div><div class=\"fusion-fullwidth fullwidth-box fusion-builder-row-4 nonhundred-percent-fullwidth non-hundred-percent-height-scrolling\" style=\"--awb-border-radius-top-left:0px;--awb-border-radius-top-right:0px;--awb-border-radius-bottom-right:0px;--awb-border-radius-bottom-left:0px;\" ><\/div><\/p>\n","protected":false},"excerpt":{"rendered":"<p>\t\t\t\tTermix repite en Expocosm\u00e9tica, uno de los eventos m\u00e1s destacados del sector, celebrado del 2 al 4 de abril. All\u00ed, pudimos presentar las \u00faltimas novedades: el cepillo Evolution XL y los cepillos Pro Flat y Pro Styling, los cuales fueron todo un \u00e9xito en la feria. \t\t<\/p>\n","protected":false},"author":2,"featured_media":23522,"comment_status":"open","ping_status":"open","sticky":false,"template":"","format":"standard","meta":[],"categories":[6],"tags":[],"yoast_head":"<!-- This site is optimized with the Yoast SEO plugin v20.0 - https:\/\/yoast.com\/wordpress\/plugins\/seo\/ -->\n<title>\u00a1Obrigado Expocosm\u00e9tica 2016! - Termix<\/title>\n<meta name=\"description\" content=\"Este 2016 se volvi\u00f3 a celebrar la Expocosm\u00e9tica en Oporto. Te contamos todos los detalles y las novedades presentadas por Termix.\" \/>\n<meta name=\"robots\" content=\"index, follow, max-snippet:-1, max-image-preview:large, max-video-preview:-1\" \/>\n<link rel=\"canonical\" href=\"https:\/\/termix.net\/blog\/es\/obrigado-expocosmetica-2016\/\" \/>\n<meta property=\"og:locale\" content=\"es_ES\" \/>\n<meta property=\"og:type\" content=\"article\" \/>\n<meta property=\"og:title\" content=\"\u00a1Obrigado Expocosm\u00e9tica 2016! - Termix\" \/>\n<meta property=\"og:description\" content=\"Este 2016 se volvi\u00f3 a celebrar la Expocosm\u00e9tica en Oporto. Te contamos todos los detalles y las novedades presentadas por Termix.\" \/>\n<meta property=\"og:url\" content=\"https:\/\/termix.net\/blog\/es\/obrigado-expocosmetica-2016\/\" \/>\n<meta property=\"og:site_name\" content=\"Blog Termix Spain\" \/>\n<meta property=\"article:published_time\" content=\"2016-04-08T09:52:54+00:00\" \/>\n<meta property=\"article:modified_time\" content=\"2019-12-16T11:14:33+00:00\" \/>\n<meta property=\"og:image\" content=\"https:\/\/termix.net\/blog\/wp-content\/uploads\/2016\/04\/bannerweb_oportoexpocosmetica1.jpg\" \/>\n\t<meta property=\"og:image:width\" content=\"800\" \/>\n\t<meta property=\"og:image:height\" content=\"495\" \/>\n\t<meta property=\"og:image:type\" content=\"image\/jpeg\" \/>\n<meta name=\"author\" content=\"TermixTeam\" \/>\n<meta name=\"twitter:card\" content=\"summary_large_image\" \/>\n<meta name=\"twitter:label1\" content=\"Escrito por\" \/>\n\t<meta name=\"twitter:data1\" content=\"TermixTeam\" \/>\n\t<meta name=\"twitter:label2\" content=\"Tiempo de lectura\" \/>\n\t<meta name=\"twitter:data2\" content=\"8 minutos\" \/>\n<script type=\"application\/ld+json\" class=\"yoast-schema-graph\">{\"@context\":\"https:\/\/schema.org\",\"@graph\":[{\"@type\":\"Article\",\"@id\":\"https:\/\/termix.net\/blog\/es\/obrigado-expocosmetica-2016\/#article\",\"isPartOf\":{\"@id\":\"https:\/\/termix.net\/blog\/es\/obrigado-expocosmetica-2016\/\"},\"author\":{\"name\":\"TermixTeam\",\"@id\":\"https:\/\/termix.net\/blog\/es\/#\/schema\/person\/9096c98bdf03c8ddf91ad7172f254f40\"},\"headline\":\"\u00a1Obrigado Expocosm\u00e9tica 2016!\",\"datePublished\":\"2016-04-08T09:52:54+00:00\",\"dateModified\":\"2019-12-16T11:14:33+00:00\",\"mainEntityOfPage\":{\"@id\":\"https:\/\/termix.net\/blog\/es\/obrigado-expocosmetica-2016\/\"},\"wordCount\":1560,\"commentCount\":0,\"publisher\":{\"@id\":\"https:\/\/termix.net\/blog\/es\/#organization\"},\"articleSection\":[\"NOTICIAS\"],\"inLanguage\":\"es\",\"potentialAction\":[{\"@type\":\"CommentAction\",\"name\":\"Comment\",\"target\":[\"https:\/\/termix.net\/blog\/es\/obrigado-expocosmetica-2016\/#respond\"]}]},{\"@type\":\"WebPage\",\"@id\":\"https:\/\/termix.net\/blog\/es\/obrigado-expocosmetica-2016\/\",\"url\":\"https:\/\/termix.net\/blog\/es\/obrigado-expocosmetica-2016\/\",\"name\":\"\u00a1Obrigado Expocosm\u00e9tica 2016! - Termix\",\"isPartOf\":{\"@id\":\"https:\/\/termix.net\/blog\/es\/#website\"},\"datePublished\":\"2016-04-08T09:52:54+00:00\",\"dateModified\":\"2019-12-16T11:14:33+00:00\",\"description\":\"Este 2016 se volvi\u00f3 a celebrar la Expocosm\u00e9tica en Oporto. Te contamos todos los detalles y las novedades presentadas por Termix.\",\"breadcrumb\":{\"@id\":\"https:\/\/termix.net\/blog\/es\/obrigado-expocosmetica-2016\/#breadcrumb\"},\"inLanguage\":\"es\",\"potentialAction\":[{\"@type\":\"ReadAction\",\"target\":[\"https:\/\/termix.net\/blog\/es\/obrigado-expocosmetica-2016\/\"]}]},{\"@type\":\"BreadcrumbList\",\"@id\":\"https:\/\/termix.net\/blog\/es\/obrigado-expocosmetica-2016\/#breadcrumb\",\"itemListElement\":[{\"@type\":\"ListItem\",\"position\":1,\"name\":\"Home\",\"item\":\"https:\/\/termix.net\/blog\/es\/\"},{\"@type\":\"ListItem\",\"position\":2,\"name\":\"\u00a1Obrigado Expocosm\u00e9tica 2016!\"}]},{\"@type\":\"WebSite\",\"@id\":\"https:\/\/termix.net\/blog\/es\/#website\",\"url\":\"https:\/\/termix.net\/blog\/es\/\",\"name\":\"Blog Termix Spain\",\"description\":\"Blog de tendencias y productos de peluquer\u00eda profesional.\",\"publisher\":{\"@id\":\"https:\/\/termix.net\/blog\/es\/#organization\"},\"potentialAction\":[{\"@type\":\"SearchAction\",\"target\":{\"@type\":\"EntryPoint\",\"urlTemplate\":\"https:\/\/termix.net\/blog\/es\/?s={search_term_string}\"},\"query-input\":\"required name=search_term_string\"}],\"inLanguage\":\"es\"},{\"@type\":\"Organization\",\"@id\":\"https:\/\/termix.net\/blog\/es\/#organization\",\"name\":\"Dols Industrial de Peluquer\u00eda SA\",\"url\":\"https:\/\/termix.net\/blog\/es\/\",\"logo\":{\"@type\":\"ImageObject\",\"inLanguage\":\"es\",\"@id\":\"https:\/\/termix.net\/blog\/es\/#\/schema\/logo\/image\/\",\"url\":\"https:\/\/termix.net\/blog\/wp-content\/uploads\/2020\/10\/OGbDAeng.jpeg\",\"contentUrl\":\"https:\/\/termix.net\/blog\/wp-content\/uploads\/2020\/10\/OGbDAeng.jpeg\",\"width\":800,\"height\":800,\"caption\":\"Dols Industrial de Peluquer\u00eda SA\"},\"image\":{\"@id\":\"https:\/\/termix.net\/blog\/es\/#\/schema\/logo\/image\/\"}},{\"@type\":\"Person\",\"@id\":\"https:\/\/termix.net\/blog\/es\/#\/schema\/person\/9096c98bdf03c8ddf91ad7172f254f40\",\"name\":\"TermixTeam\",\"image\":{\"@type\":\"ImageObject\",\"inLanguage\":\"es\",\"@id\":\"https:\/\/termix.net\/blog\/es\/#\/schema\/person\/image\/\",\"url\":\"https:\/\/secure.gravatar.com\/avatar\/d89f61f6bd1c29a4acb231736d1c74b3?s=96&d=mm&r=g\",\"contentUrl\":\"https:\/\/secure.gravatar.com\/avatar\/d89f61f6bd1c29a4acb231736d1c74b3?s=96&d=mm&r=g\",\"caption\":\"TermixTeam\"},\"url\":\"https:\/\/termix.net\/blog\/es\/author\/termixteam\/\"}]}<\/script>\n<!-- \/ Yoast SEO plugin. -->","yoast_head_json":{"title":"\u00a1Obrigado Expocosm\u00e9tica 2016! - Termix","description":"Este 2016 se volvi\u00f3 a celebrar la Expocosm\u00e9tica en Oporto. Te contamos todos los detalles y las novedades presentadas por Termix.","robots":{"index":"index","follow":"follow","max-snippet":"max-snippet:-1","max-image-preview":"max-image-preview:large","max-video-preview":"max-video-preview:-1"},"canonical":"https:\/\/termix.net\/blog\/es\/obrigado-expocosmetica-2016\/","og_locale":"es_ES","og_type":"article","og_title":"\u00a1Obrigado Expocosm\u00e9tica 2016! - Termix","og_description":"Este 2016 se volvi\u00f3 a celebrar la Expocosm\u00e9tica en Oporto. Te contamos todos los detalles y las novedades presentadas por Termix.","og_url":"https:\/\/termix.net\/blog\/es\/obrigado-expocosmetica-2016\/","og_site_name":"Blog Termix Spain","article_published_time":"2016-04-08T09:52:54+00:00","article_modified_time":"2019-12-16T11:14:33+00:00","og_image":[{"width":800,"height":495,"url":"https:\/\/termix.net\/blog\/wp-content\/uploads\/2016\/04\/bannerweb_oportoexpocosmetica1.jpg","type":"image\/jpeg"}],"author":"TermixTeam","twitter_card":"summary_large_image","twitter_misc":{"Escrito por":"TermixTeam","Tiempo de lectura":"8 minutos"},"schema":{"@context":"https:\/\/schema.org","@graph":[{"@type":"Article","@id":"https:\/\/termix.net\/blog\/es\/obrigado-expocosmetica-2016\/#article","isPartOf":{"@id":"https:\/\/termix.net\/blog\/es\/obrigado-expocosmetica-2016\/"},"author":{"name":"TermixTeam","@id":"https:\/\/termix.net\/blog\/es\/#\/schema\/person\/9096c98bdf03c8ddf91ad7172f254f40"},"headline":"\u00a1Obrigado Expocosm\u00e9tica 2016!","datePublished":"2016-04-08T09:52:54+00:00","dateModified":"2019-12-16T11:14:33+00:00","mainEntityOfPage":{"@id":"https:\/\/termix.net\/blog\/es\/obrigado-expocosmetica-2016\/"},"wordCount":1560,"commentCount":0,"publisher":{"@id":"https:\/\/termix.net\/blog\/es\/#organization"},"articleSection":["NOTICIAS"],"inLanguage":"es","potentialAction":[{"@type":"CommentAction","name":"Comment","target":["https:\/\/termix.net\/blog\/es\/obrigado-expocosmetica-2016\/#respond"]}]},{"@type":"WebPage","@id":"https:\/\/termix.net\/blog\/es\/obrigado-expocosmetica-2016\/","url":"https:\/\/termix.net\/blog\/es\/obrigado-expocosmetica-2016\/","name":"\u00a1Obrigado Expocosm\u00e9tica 2016! - Termix","isPartOf":{"@id":"https:\/\/termix.net\/blog\/es\/#website"},"datePublished":"2016-04-08T09:52:54+00:00","dateModified":"2019-12-16T11:14:33+00:00","description":"Este 2016 se volvi\u00f3 a celebrar la Expocosm\u00e9tica en Oporto. Te contamos todos los detalles y las novedades presentadas por Termix.","breadcrumb":{"@id":"https:\/\/termix.net\/blog\/es\/obrigado-expocosmetica-2016\/#breadcrumb"},"inLanguage":"es","potentialAction":[{"@type":"ReadAction","target":["https:\/\/termix.net\/blog\/es\/obrigado-expocosmetica-2016\/"]}]},{"@type":"BreadcrumbList","@id":"https:\/\/termix.net\/blog\/es\/obrigado-expocosmetica-2016\/#breadcrumb","itemListElement":[{"@type":"ListItem","position":1,"name":"Home","item":"https:\/\/termix.net\/blog\/es\/"},{"@type":"ListItem","position":2,"name":"\u00a1Obrigado Expocosm\u00e9tica 2016!"}]},{"@type":"WebSite","@id":"https:\/\/termix.net\/blog\/es\/#website","url":"https:\/\/termix.net\/blog\/es\/","name":"Blog Termix Spain","description":"Blog de tendencias y productos de peluquer\u00eda profesional.","publisher":{"@id":"https:\/\/termix.net\/blog\/es\/#organization"},"potentialAction":[{"@type":"SearchAction","target":{"@type":"EntryPoint","urlTemplate":"https:\/\/termix.net\/blog\/es\/?s={search_term_string}"},"query-input":"required name=search_term_string"}],"inLanguage":"es"},{"@type":"Organization","@id":"https:\/\/termix.net\/blog\/es\/#organization","name":"Dols Industrial de Peluquer\u00eda SA","url":"https:\/\/termix.net\/blog\/es\/","logo":{"@type":"ImageObject","inLanguage":"es","@id":"https:\/\/termix.net\/blog\/es\/#\/schema\/logo\/image\/","url":"https:\/\/termix.net\/blog\/wp-content\/uploads\/2020\/10\/OGbDAeng.jpeg","contentUrl":"https:\/\/termix.net\/blog\/wp-content\/uploads\/2020\/10\/OGbDAeng.jpeg","width":800,"height":800,"caption":"Dols Industrial de Peluquer\u00eda SA"},"image":{"@id":"https:\/\/termix.net\/blog\/es\/#\/schema\/logo\/image\/"}},{"@type":"Person","@id":"https:\/\/termix.net\/blog\/es\/#\/schema\/person\/9096c98bdf03c8ddf91ad7172f254f40","name":"TermixTeam","image":{"@type":"ImageObject","inLanguage":"es","@id":"https:\/\/termix.net\/blog\/es\/#\/schema\/person\/image\/","url":"https:\/\/secure.gravatar.com\/avatar\/d89f61f6bd1c29a4acb231736d1c74b3?s=96&d=mm&r=g","contentUrl":"https:\/\/secure.gravatar.com\/avatar\/d89f61f6bd1c29a4acb231736d1c74b3?s=96&d=mm&r=g","caption":"TermixTeam"},"url":"https:\/\/termix.net\/blog\/es\/author\/termixteam\/"}]}},"_links":{"self":[{"href":"https:\/\/termix.net\/blog\/es\/wp-json\/wp\/v2\/posts\/6400"}],"collection":[{"href":"https:\/\/termix.net\/blog\/es\/wp-json\/wp\/v2\/posts"}],"about":[{"href":"https:\/\/termix.net\/blog\/es\/wp-json\/wp\/v2\/types\/post"}],"author":[{"embeddable":true,"href":"https:\/\/termix.net\/blog\/es\/wp-json\/wp\/v2\/users\/2"}],"replies":[{"embeddable":true,"href":"https:\/\/termix.net\/blog\/es\/wp-json\/wp\/v2\/comments?post=6400"}],"version-history":[{"count":3,"href":"https:\/\/termix.net\/blog\/es\/wp-json\/wp\/v2\/posts\/6400\/revisions"}],"predecessor-version":[{"id":23521,"href":"https:\/\/termix.net\/blog\/es\/wp-json\/wp\/v2\/posts\/6400\/revisions\/23521"}],"wp:featuredmedia":[{"embeddable":true,"href":"https:\/\/termix.net\/blog\/es\/wp-json\/wp\/v2\/media\/23522"}],"wp:attachment":[{"href":"https:\/\/termix.net\/blog\/es\/wp-json\/wp\/v2\/media?parent=6400"}],"wp:term":[{"taxonomy":"category","embeddable":true,"href":"https:\/\/termix.net\/blog\/es\/wp-json\/wp\/v2\/categories?post=6400"},{"taxonomy":"post_tag","embeddable":true,"href":"https:\/\/termix.net\/blog\/es\/wp-json\/wp\/v2\/tags?post=6400"}],"curies":[{"name":"wp","href":"https:\/\/api.w.org\/{rel}","templated":true}]}}