{"id":6378,"date":"2016-04-06T07:09:45","date_gmt":"2016-04-06T07:09:45","guid":{"rendered":"http:\/\/termix.net\/?p=6378"},"modified":"2019-12-16T12:14:47","modified_gmt":"2019-12-16T11:14:47","slug":"termix-busca-tecnico-formador-te-unes-equipo","status":"publish","type":"post","link":"https:\/\/termix.net\/blog\/es\/termix-busca-tecnico-formador-te-unes-equipo\/","title":{"rendered":"Termix busca t\u00e9cnico formador&#8230; \u00bfTe unes a nuestro equipo?"},"content":{"rendered":"<p><div class=\"fusion-fullwidth fullwidth-box fusion-builder-row-1 faded-background fusion-parallax-none nonhundred-percent-fullwidth non-hundred-percent-height-scrolling fusion-no-small-visibility fusion-no-medium-visibility\" style=\"--awb-border-radius-top-left:0px;--awb-border-radius-top-right:0px;--awb-border-radius-bottom-right:0px;--awb-border-radius-bottom-left:0px;--awb-padding-top:24%;--awb-padding-right:3%;--awb-padding-left:3%;--awb-background-size:cover;\" ><div class=\"fullwidth-faded\" style=\"--awb-background-color:#181818;--awb-background-image:url(https:\/\/termix.net\/blog\/wp-content\/uploads\/2016\/04\/bannerweb_buscamostecnico.jpg);--awb-background-size:cover;\" ><\/div><div class=\"fusion-builder-row fusion-row\"><div class=\"fusion-layout-column fusion_builder_column fusion-builder-column-0 fusion_builder_column_1_1 1_1 fusion-one-full fusion-column-first fusion-column-last\" style=\"--awb-padding-top:6%;--awb-padding-right:8%;--awb-padding-bottom:6%;--awb-padding-left:8%;--awb-bg-color:rgba(255,255,255,0.7);--awb-bg-size:cover;--awb-margin-top:0px;--awb-margin-bottom:0px;\"><div class=\"fusion-column-wrapper fusion-column-has-shadow fusion-flex-column-wrapper-legacy\"><div class=\"fusion-text fusion-text-1 caption\"><p style=\"text-align: center;\">Talento \u2014 3 min de lectura<\/p>\n<\/div><div class=\"fusion-title title fusion-title-1 fusion-sep-none fusion-title-center fusion-title-text fusion-title-size-two\" style=\"--awb-margin-top:30px;--awb-margin-bottom:20px;\"><h2 class=\"title-heading-center fusion-responsive-typography-calculated\" style=\"margin:0;--fontSize:50;line-height:1.28;\">Termix busca t\u00e9cnico formador&#8230; \u00bfTe unes a nuestro equipo?<\/h2><\/div><div class=\"fusion-clearfix\"><\/div><\/div><\/div><\/div><\/div><div class=\"fusion-fullwidth fullwidth-box fusion-builder-row-2 fusion-parallax-none nonhundred-percent-fullwidth non-hundred-percent-height-scrolling fusion-no-large-visibility\" style=\"--awb-border-radius-top-left:0px;--awb-border-radius-top-right:0px;--awb-border-radius-bottom-right:0px;--awb-border-radius-bottom-left:0px;--awb-background-image:url(&quot;https:\/\/termix.net\/blog\/wp-content\/uploads\/2019\/11\/con-el-secador-compacto-profesioanl-4300-de-termix-damos-volumen-al-cabello-1.jpg&quot;);--awb-background-size:cover;\" ><div class=\"fusion-builder-row fusion-row\"><div class=\"fusion-layout-column fusion_builder_column fusion-builder-column-1 fusion_builder_column_1_1 1_1 fusion-one-full fusion-column-first fusion-column-last fusion-column-inner-bg-wrapper\" style=\"--awb-padding-top:10%;--awb-padding-bottom:10%;--awb-inner-bg-image:url(&#039;http:\/\/termix.net\/blog\/wp-content\/uploads\/2019\/03\/single-blog-post-feat.jpg&#039;);--awb-inner-bg-position:center center;--awb-inner-bg-size:cover;\"><span class=\"fusion-column-inner-bg hover-type-zoomout\"><span class=\"fusion-column-anchor\"><span class=\"fusion-column-inner-bg-image\"><\/span><\/span><\/span><div class=\"fusion-column-wrapper fusion-flex-column-wrapper-legacy\" data-bg-url=\"http:\/\/termix.net\/blog\/wp-content\/uploads\/2019\/03\/single-blog-post-feat.jpg\"><div class=\"fusion-sep-clear\"><\/div><div class=\"fusion-separator fusion-no-large-visibility fusion-full-width-sep\" style=\"margin-left: auto;margin-right: auto;margin-top:200px;width:100%;\"><\/div><div class=\"fusion-sep-clear\"><\/div><div class=\"fusion-clearfix\"><\/div><\/div><\/div><div class=\"fusion-layout-column fusion_builder_column fusion-builder-column-2 fusion_builder_column_1_1 1_1 fusion-one-full fusion-column-first fusion-column-last\" style=\"--awb-padding-top:6%;--awb-bg-color:#ffffff;--awb-bg-size:cover;--awb-margin-top:0px;--awb-margin-bottom:0px;\"><div class=\"fusion-column-wrapper fusion-flex-column-wrapper-legacy\"><div class=\"fusion-text fusion-text-2 caption\"><p style=\"text-align: center;\">Talento \u2014 3 min de lectura<\/p>\n<\/div><div class=\"fusion-title title fusion-title-2 fusion-sep-none fusion-title-center fusion-title-text fusion-title-size-two\" style=\"--awb-margin-top:30px;--awb-margin-bottom:20px;\"><h2 class=\"title-heading-center fusion-responsive-typography-calculated\" style=\"margin:0;--fontSize:50;line-height:1.28;\">Termix busca t\u00e9cnico formador&#8230; \u00bfTe unes a nuestro equipo?<\/h2><\/div><div class=\"fusion-clearfix\"><\/div><\/div><\/div><\/div><\/div><div class=\"fusion-fullwidth fullwidth-box fusion-builder-row-3 nonhundred-percent-fullwidth non-hundred-percent-height-scrolling\" style=\"--awb-border-radius-top-left:0px;--awb-border-radius-top-right:0px;--awb-border-radius-bottom-right:0px;--awb-border-radius-bottom-left:0px;--awb-padding-top:10px;--awb-padding-bottom:4%;\" ><div class=\"fusion-builder-row fusion-row\"><div class=\"fusion-layout-column fusion_builder_column fusion-builder-column-3 fusion_builder_column_1_6 1_6 fusion-one-sixth fusion-column-first fusion-no-small-visibility fusion-no-medium-visibility\" style=\"--awb-bg-size:cover;width:16.666666666667%;width:calc(16.666666666667% - ( ( 0 ) * 0.16666666666667 ) );margin-right: 0px;\"><div class=\"fusion-column-wrapper fusion-flex-column-wrapper-legacy\"><div class=\"fusion-clearfix\"><\/div><\/div><\/div><div class=\"fusion-layout-column fusion_builder_column fusion-builder-column-4 fusion_builder_column_2_3 2_3 fusion-two-third fusion-column-last\" style=\"--awb-bg-size:cover;width:66.666666666667%;width:calc(66.666666666667% - ( ( 0 ) * 0.66666666666667 ) );\"><div class=\"fusion-column-wrapper fusion-flex-column-wrapper-legacy\"><div class=\"fusion-sep-clear\"><\/div><div class=\"fusion-separator fusion-full-width-sep\" style=\"margin-left: auto;margin-right: auto;margin-top:30px;width:100%;\"><\/div><div class=\"fusion-sep-clear\"><\/div><div class=\"fusion-text fusion-text-3\"><p style=\"text-align: center;\"><span style=\"font-size: 22px; line-height: 1.5em;\"> Pasi\u00f3n, motivaci\u00f3n y conocimientos t\u00e9cnicos.<\/span><\/p>\n<p style=\"text-align: center;\"><span style=\"font-size: 22px; line-height: 1.5em;\">Termix precisa incorporar a su equipo un T\u00e9cnico Formador con experiencia profesional en el sector de la peluquer\u00eda como peluquero y formador. Si te apasiona el mundo de la belleza, estar a la \u00faltima en tendencias y tienes un conocimiento t\u00e9cnico de la peluquer\u00eda profesional, eres la persona que estamos buscando para empezar con nosotros la aventura Termix.<\/span><\/p>\n<\/div><div class=\"fusion-sep-clear\"><\/div><div class=\"fusion-separator fusion-full-width-sep\" style=\"margin-left: auto;margin-right: auto;margin-top:30px;width:100%;\"><\/div><div class=\"fusion-sep-clear\"><\/div><div class=\"fusion-text fusion-text-4\"><p><img decoding=\"async\" class=\"aligncenter wp-image-6660 size-full\" src=\"http:\/\/termix.net\/wp-content\/uploads\/2016\/04\/bannerweb_buscamostecnico.jpg\" alt=\"Buscamos t\u00e9cnico formadores para unirse al equipo Termix\" width=\"800\" height=\"495\" \/><\/p>\n<h3 style=\"text-align: justify;\"><\/h3>\n<h2><span style=\"color: #000000;\"><strong>\u00bfERES LA PERSONA QUE ESTAMOS BUSCANDO? <\/strong><\/span><\/h2>\n<ul>\n<li>Tienes <strong>experiencia profesional<\/strong> en el sector de la peluquer\u00eda como peluquero y\/o formador impartiendo cursos y demostraciones a clientes, as\u00ed como asistencia t\u00e9cnica en salones de peluquer\u00eda<\/li>\n<li>Te motiva trabajar con <strong>objetivos individuales y de equipo<\/strong><\/li>\n<li>Eres una persona <strong>organizada, entusiasta y muy proactiva<\/strong> con habilidades de comunicaci\u00f3n<\/li>\n<li>Tienes <strong>disponibilidad para viajar<\/strong><\/li>\n<li>Tienes vocaci\u00f3n de <strong>impartir formaci\u00f3n t\u00e9cnica<\/strong> y a la vez hacer crecer a nuestros clientes<\/li>\n<li>Tienes <strong>conocimientos medios\/altos de ingl\u00e9s<\/strong><\/li>\n<\/ul>\n<h2><span style=\"color: #000000;\"><strong>TE OFRECEMOS <\/strong><\/span><\/h2>\n<ul>\n<li>Incorporaci\u00f3n en un equipo din\u00e1mico<\/li>\n<li>Desarrollo profesional<\/li>\n<li>Una remuneraci\u00f3n acorde a la consecuci\u00f3n de objetivos<\/li>\n<\/ul>\n<p><strong>Si te interesa unirte a nosotros env\u00eda tu CV a ilema@termix.net<\/strong><\/p>\n<p>\u00bfPreparado para compartir con nosotros la experiencia Termix? \u00a1\u00danete al equipo!<\/p>\n<\/div><div class=\"fusion-clearfix\"><\/div><\/div><\/div><\/div><\/div><div class=\"fusion-fullwidth fullwidth-box fusion-builder-row-4 nonhundred-percent-fullwidth non-hundred-percent-height-scrolling\" style=\"--awb-border-radius-top-left:0px;--awb-border-radius-top-right:0px;--awb-border-radius-bottom-right:0px;--awb-border-radius-bottom-left:0px;\" ><\/div><\/p>\n","protected":false},"excerpt":{"rendered":"<p>\t\t\t\tSi te apasiona el mundo de la belleza, estar a la \u00faltima en tendencias y tienes un conocimiento t\u00e9cnico de la peluquer\u00eda profesional, eres la persona que estamos buscando para empezar con nosotros la aventura Termix. Entra y descubre todos los detalles de la oferta.\t\t<\/p>\n","protected":false},"author":2,"featured_media":23527,"comment_status":"open","ping_status":"open","sticky":false,"template":"","format":"standard","meta":[],"categories":[6],"tags":[],"yoast_head":"<!-- This site is optimized with the Yoast SEO plugin v20.0 - https:\/\/yoast.com\/wordpress\/plugins\/seo\/ -->\n<title>Termix busca t\u00e9cnico formador... \u00bfTe unes a nuestro equipo? - Blog Termix Spain<\/title>\n<meta name=\"description\" content=\"Blog Termix Spain - Termix busca t\u00e9cnico formador... \u00bfTe unes a nuestro equipo? -\" \/>\n<meta name=\"robots\" content=\"index, follow, max-snippet:-1, max-image-preview:large, max-video-preview:-1\" \/>\n<link rel=\"canonical\" href=\"https:\/\/termix.net\/blog\/es\/termix-busca-tecnico-formador-te-unes-equipo\/\" \/>\n<meta property=\"og:locale\" content=\"es_ES\" \/>\n<meta property=\"og:type\" content=\"article\" \/>\n<meta property=\"og:title\" content=\"Termix busca t\u00e9cnico formador... \u00bfTe unes a nuestro equipo? - Blog Termix Spain\" \/>\n<meta property=\"og:description\" content=\"Blog Termix Spain - Termix busca t\u00e9cnico formador... \u00bfTe unes a nuestro equipo? -\" \/>\n<meta property=\"og:url\" content=\"https:\/\/termix.net\/blog\/es\/termix-busca-tecnico-formador-te-unes-equipo\/\" \/>\n<meta property=\"og:site_name\" content=\"Blog Termix Spain\" \/>\n<meta property=\"article:published_time\" content=\"2016-04-06T07:09:45+00:00\" \/>\n<meta property=\"article:modified_time\" content=\"2019-12-16T11:14:47+00:00\" \/>\n<meta property=\"og:image\" content=\"https:\/\/termix.net\/blog\/wp-content\/uploads\/2016\/04\/bannerweb_buscamostecnico.jpg\" \/>\n\t<meta property=\"og:image:width\" content=\"800\" \/>\n\t<meta property=\"og:image:height\" content=\"495\" \/>\n\t<meta property=\"og:image:type\" content=\"image\/jpeg\" \/>\n<meta name=\"author\" content=\"TermixTeam\" \/>\n<meta name=\"twitter:card\" content=\"summary_large_image\" \/>\n<meta name=\"twitter:label1\" content=\"Escrito por\" \/>\n\t<meta name=\"twitter:data1\" content=\"TermixTeam\" \/>\n\t<meta name=\"twitter:label2\" content=\"Tiempo de lectura\" \/>\n\t<meta name=\"twitter:data2\" content=\"7 minutos\" \/>\n<script type=\"application\/ld+json\" class=\"yoast-schema-graph\">{\"@context\":\"https:\/\/schema.org\",\"@graph\":[{\"@type\":\"Article\",\"@id\":\"https:\/\/termix.net\/blog\/es\/termix-busca-tecnico-formador-te-unes-equipo\/#article\",\"isPartOf\":{\"@id\":\"https:\/\/termix.net\/blog\/es\/termix-busca-tecnico-formador-te-unes-equipo\/\"},\"author\":{\"name\":\"TermixTeam\",\"@id\":\"https:\/\/termix.net\/blog\/es\/#\/schema\/person\/9096c98bdf03c8ddf91ad7172f254f40\"},\"headline\":\"Termix busca t\u00e9cnico formador&#8230; \u00bfTe unes a nuestro equipo?\",\"datePublished\":\"2016-04-06T07:09:45+00:00\",\"dateModified\":\"2019-12-16T11:14:47+00:00\",\"mainEntityOfPage\":{\"@id\":\"https:\/\/termix.net\/blog\/es\/termix-busca-tecnico-formador-te-unes-equipo\/\"},\"wordCount\":1382,\"commentCount\":1,\"publisher\":{\"@id\":\"https:\/\/termix.net\/blog\/es\/#organization\"},\"articleSection\":[\"NOTICIAS\"],\"inLanguage\":\"es\",\"potentialAction\":[{\"@type\":\"CommentAction\",\"name\":\"Comment\",\"target\":[\"https:\/\/termix.net\/blog\/es\/termix-busca-tecnico-formador-te-unes-equipo\/#respond\"]}]},{\"@type\":\"WebPage\",\"@id\":\"https:\/\/termix.net\/blog\/es\/termix-busca-tecnico-formador-te-unes-equipo\/\",\"url\":\"https:\/\/termix.net\/blog\/es\/termix-busca-tecnico-formador-te-unes-equipo\/\",\"name\":\"Termix busca t\u00e9cnico formador... \u00bfTe unes a nuestro equipo? - Blog Termix Spain\",\"isPartOf\":{\"@id\":\"https:\/\/termix.net\/blog\/es\/#website\"},\"datePublished\":\"2016-04-06T07:09:45+00:00\",\"dateModified\":\"2019-12-16T11:14:47+00:00\",\"description\":\"Blog Termix Spain - Termix busca t\u00e9cnico formador... \u00bfTe unes a nuestro equipo? -\",\"breadcrumb\":{\"@id\":\"https:\/\/termix.net\/blog\/es\/termix-busca-tecnico-formador-te-unes-equipo\/#breadcrumb\"},\"inLanguage\":\"es\",\"potentialAction\":[{\"@type\":\"ReadAction\",\"target\":[\"https:\/\/termix.net\/blog\/es\/termix-busca-tecnico-formador-te-unes-equipo\/\"]}]},{\"@type\":\"BreadcrumbList\",\"@id\":\"https:\/\/termix.net\/blog\/es\/termix-busca-tecnico-formador-te-unes-equipo\/#breadcrumb\",\"itemListElement\":[{\"@type\":\"ListItem\",\"position\":1,\"name\":\"Home\",\"item\":\"https:\/\/termix.net\/blog\/es\/\"},{\"@type\":\"ListItem\",\"position\":2,\"name\":\"Termix busca t\u00e9cnico formador&#8230; \u00bfTe unes a nuestro equipo?\"}]},{\"@type\":\"WebSite\",\"@id\":\"https:\/\/termix.net\/blog\/es\/#website\",\"url\":\"https:\/\/termix.net\/blog\/es\/\",\"name\":\"Blog Termix Spain\",\"description\":\"Blog de tendencias y productos de peluquer\u00eda profesional.\",\"publisher\":{\"@id\":\"https:\/\/termix.net\/blog\/es\/#organization\"},\"potentialAction\":[{\"@type\":\"SearchAction\",\"target\":{\"@type\":\"EntryPoint\",\"urlTemplate\":\"https:\/\/termix.net\/blog\/es\/?s={search_term_string}\"},\"query-input\":\"required name=search_term_string\"}],\"inLanguage\":\"es\"},{\"@type\":\"Organization\",\"@id\":\"https:\/\/termix.net\/blog\/es\/#organization\",\"name\":\"Dols Industrial de Peluquer\u00eda SA\",\"url\":\"https:\/\/termix.net\/blog\/es\/\",\"logo\":{\"@type\":\"ImageObject\",\"inLanguage\":\"es\",\"@id\":\"https:\/\/termix.net\/blog\/es\/#\/schema\/logo\/image\/\",\"url\":\"https:\/\/termix.net\/blog\/wp-content\/uploads\/2020\/10\/OGbDAeng.jpeg\",\"contentUrl\":\"https:\/\/termix.net\/blog\/wp-content\/uploads\/2020\/10\/OGbDAeng.jpeg\",\"width\":800,\"height\":800,\"caption\":\"Dols Industrial de Peluquer\u00eda SA\"},\"image\":{\"@id\":\"https:\/\/termix.net\/blog\/es\/#\/schema\/logo\/image\/\"}},{\"@type\":\"Person\",\"@id\":\"https:\/\/termix.net\/blog\/es\/#\/schema\/person\/9096c98bdf03c8ddf91ad7172f254f40\",\"name\":\"TermixTeam\",\"image\":{\"@type\":\"ImageObject\",\"inLanguage\":\"es\",\"@id\":\"https:\/\/termix.net\/blog\/es\/#\/schema\/person\/image\/\",\"url\":\"https:\/\/secure.gravatar.com\/avatar\/d89f61f6bd1c29a4acb231736d1c74b3?s=96&d=mm&r=g\",\"contentUrl\":\"https:\/\/secure.gravatar.com\/avatar\/d89f61f6bd1c29a4acb231736d1c74b3?s=96&d=mm&r=g\",\"caption\":\"TermixTeam\"},\"url\":\"https:\/\/termix.net\/blog\/es\/author\/termixteam\/\"}]}<\/script>\n<!-- \/ Yoast SEO plugin. -->","yoast_head_json":{"title":"Termix busca t\u00e9cnico formador... \u00bfTe unes a nuestro equipo? - Blog Termix Spain","description":"Blog Termix Spain - Termix busca t\u00e9cnico formador... \u00bfTe unes a nuestro equipo? -","robots":{"index":"index","follow":"follow","max-snippet":"max-snippet:-1","max-image-preview":"max-image-preview:large","max-video-preview":"max-video-preview:-1"},"canonical":"https:\/\/termix.net\/blog\/es\/termix-busca-tecnico-formador-te-unes-equipo\/","og_locale":"es_ES","og_type":"article","og_title":"Termix busca t\u00e9cnico formador... \u00bfTe unes a nuestro equipo? - Blog Termix Spain","og_description":"Blog Termix Spain - Termix busca t\u00e9cnico formador... \u00bfTe unes a nuestro equipo? -","og_url":"https:\/\/termix.net\/blog\/es\/termix-busca-tecnico-formador-te-unes-equipo\/","og_site_name":"Blog Termix Spain","article_published_time":"2016-04-06T07:09:45+00:00","article_modified_time":"2019-12-16T11:14:47+00:00","og_image":[{"width":800,"height":495,"url":"https:\/\/termix.net\/blog\/wp-content\/uploads\/2016\/04\/bannerweb_buscamostecnico.jpg","type":"image\/jpeg"}],"author":"TermixTeam","twitter_card":"summary_large_image","twitter_misc":{"Escrito por":"TermixTeam","Tiempo de lectura":"7 minutos"},"schema":{"@context":"https:\/\/schema.org","@graph":[{"@type":"Article","@id":"https:\/\/termix.net\/blog\/es\/termix-busca-tecnico-formador-te-unes-equipo\/#article","isPartOf":{"@id":"https:\/\/termix.net\/blog\/es\/termix-busca-tecnico-formador-te-unes-equipo\/"},"author":{"name":"TermixTeam","@id":"https:\/\/termix.net\/blog\/es\/#\/schema\/person\/9096c98bdf03c8ddf91ad7172f254f40"},"headline":"Termix busca t\u00e9cnico formador&#8230; \u00bfTe unes a nuestro equipo?","datePublished":"2016-04-06T07:09:45+00:00","dateModified":"2019-12-16T11:14:47+00:00","mainEntityOfPage":{"@id":"https:\/\/termix.net\/blog\/es\/termix-busca-tecnico-formador-te-unes-equipo\/"},"wordCount":1382,"commentCount":1,"publisher":{"@id":"https:\/\/termix.net\/blog\/es\/#organization"},"articleSection":["NOTICIAS"],"inLanguage":"es","potentialAction":[{"@type":"CommentAction","name":"Comment","target":["https:\/\/termix.net\/blog\/es\/termix-busca-tecnico-formador-te-unes-equipo\/#respond"]}]},{"@type":"WebPage","@id":"https:\/\/termix.net\/blog\/es\/termix-busca-tecnico-formador-te-unes-equipo\/","url":"https:\/\/termix.net\/blog\/es\/termix-busca-tecnico-formador-te-unes-equipo\/","name":"Termix busca t\u00e9cnico formador... \u00bfTe unes a nuestro equipo? - Blog Termix Spain","isPartOf":{"@id":"https:\/\/termix.net\/blog\/es\/#website"},"datePublished":"2016-04-06T07:09:45+00:00","dateModified":"2019-12-16T11:14:47+00:00","description":"Blog Termix Spain - Termix busca t\u00e9cnico formador... \u00bfTe unes a nuestro equipo? -","breadcrumb":{"@id":"https:\/\/termix.net\/blog\/es\/termix-busca-tecnico-formador-te-unes-equipo\/#breadcrumb"},"inLanguage":"es","potentialAction":[{"@type":"ReadAction","target":["https:\/\/termix.net\/blog\/es\/termix-busca-tecnico-formador-te-unes-equipo\/"]}]},{"@type":"BreadcrumbList","@id":"https:\/\/termix.net\/blog\/es\/termix-busca-tecnico-formador-te-unes-equipo\/#breadcrumb","itemListElement":[{"@type":"ListItem","position":1,"name":"Home","item":"https:\/\/termix.net\/blog\/es\/"},{"@type":"ListItem","position":2,"name":"Termix busca t\u00e9cnico formador&#8230; \u00bfTe unes a nuestro equipo?"}]},{"@type":"WebSite","@id":"https:\/\/termix.net\/blog\/es\/#website","url":"https:\/\/termix.net\/blog\/es\/","name":"Blog Termix Spain","description":"Blog de tendencias y productos de peluquer\u00eda profesional.","publisher":{"@id":"https:\/\/termix.net\/blog\/es\/#organization"},"potentialAction":[{"@type":"SearchAction","target":{"@type":"EntryPoint","urlTemplate":"https:\/\/termix.net\/blog\/es\/?s={search_term_string}"},"query-input":"required name=search_term_string"}],"inLanguage":"es"},{"@type":"Organization","@id":"https:\/\/termix.net\/blog\/es\/#organization","name":"Dols Industrial de Peluquer\u00eda SA","url":"https:\/\/termix.net\/blog\/es\/","logo":{"@type":"ImageObject","inLanguage":"es","@id":"https:\/\/termix.net\/blog\/es\/#\/schema\/logo\/image\/","url":"https:\/\/termix.net\/blog\/wp-content\/uploads\/2020\/10\/OGbDAeng.jpeg","contentUrl":"https:\/\/termix.net\/blog\/wp-content\/uploads\/2020\/10\/OGbDAeng.jpeg","width":800,"height":800,"caption":"Dols Industrial de Peluquer\u00eda SA"},"image":{"@id":"https:\/\/termix.net\/blog\/es\/#\/schema\/logo\/image\/"}},{"@type":"Person","@id":"https:\/\/termix.net\/blog\/es\/#\/schema\/person\/9096c98bdf03c8ddf91ad7172f254f40","name":"TermixTeam","image":{"@type":"ImageObject","inLanguage":"es","@id":"https:\/\/termix.net\/blog\/es\/#\/schema\/person\/image\/","url":"https:\/\/secure.gravatar.com\/avatar\/d89f61f6bd1c29a4acb231736d1c74b3?s=96&d=mm&r=g","contentUrl":"https:\/\/secure.gravatar.com\/avatar\/d89f61f6bd1c29a4acb231736d1c74b3?s=96&d=mm&r=g","caption":"TermixTeam"},"url":"https:\/\/termix.net\/blog\/es\/author\/termixteam\/"}]}},"_links":{"self":[{"href":"https:\/\/termix.net\/blog\/es\/wp-json\/wp\/v2\/posts\/6378"}],"collection":[{"href":"https:\/\/termix.net\/blog\/es\/wp-json\/wp\/v2\/posts"}],"about":[{"href":"https:\/\/termix.net\/blog\/es\/wp-json\/wp\/v2\/types\/post"}],"author":[{"embeddable":true,"href":"https:\/\/termix.net\/blog\/es\/wp-json\/wp\/v2\/users\/2"}],"replies":[{"embeddable":true,"href":"https:\/\/termix.net\/blog\/es\/wp-json\/wp\/v2\/comments?post=6378"}],"version-history":[{"count":3,"href":"https:\/\/termix.net\/blog\/es\/wp-json\/wp\/v2\/posts\/6378\/revisions"}],"predecessor-version":[{"id":23532,"href":"https:\/\/termix.net\/blog\/es\/wp-json\/wp\/v2\/posts\/6378\/revisions\/23532"}],"wp:featuredmedia":[{"embeddable":true,"href":"https:\/\/termix.net\/blog\/es\/wp-json\/wp\/v2\/media\/23527"}],"wp:attachment":[{"href":"https:\/\/termix.net\/blog\/es\/wp-json\/wp\/v2\/media?parent=6378"}],"wp:term":[{"taxonomy":"category","embeddable":true,"href":"https:\/\/termix.net\/blog\/es\/wp-json\/wp\/v2\/categories?post=6378"},{"taxonomy":"post_tag","embeddable":true,"href":"https:\/\/termix.net\/blog\/es\/wp-json\/wp\/v2\/tags?post=6378"}],"curies":[{"name":"wp","href":"https:\/\/api.w.org\/{rel}","templated":true}]}}