{"id":6310,"date":"2016-03-21T11:24:57","date_gmt":"2016-03-21T11:24:57","guid":{"rendered":"http:\/\/termix.net\/?p=6310"},"modified":"2019-12-16T11:25:44","modified_gmt":"2019-12-16T10:25:44","slug":"nuevos-cepillos-c%c2%b7ramic-colors-los-colores-pantone-del-ano","status":"publish","type":"post","link":"https:\/\/termix.net\/blog\/es\/nuevos-cepillos-c%c2%b7ramic-colors-los-colores-pantone-del-ano\/","title":{"rendered":"Nuevos cepillos C\u00b7Ramic Colors con los colores Pantone del a\u00f1o"},"content":{"rendered":"<p><div class=\"fusion-fullwidth fullwidth-box fusion-builder-row-1 faded-background fusion-parallax-none nonhundred-percent-fullwidth non-hundred-percent-height-scrolling fusion-no-small-visibility fusion-no-medium-visibility\" style=\"--awb-border-radius-top-left:0px;--awb-border-radius-top-right:0px;--awb-border-radius-bottom-right:0px;--awb-border-radius-bottom-left:0px;--awb-padding-top:24%;--awb-padding-right:3%;--awb-padding-left:3%;--awb-background-size:cover;\" ><div class=\"fullwidth-faded\" style=\"--awb-background-color:#181818;--awb-background-image:url(https:\/\/termix.net\/blog\/wp-content\/uploads\/2016\/03\/bannerweb_cramiccolors1b.jpg);--awb-background-size:cover;\" ><\/div><div class=\"fusion-builder-row fusion-row\"><div class=\"fusion-layout-column fusion_builder_column fusion-builder-column-0 fusion_builder_column_1_1 1_1 fusion-one-full fusion-column-first fusion-column-last\" style=\"--awb-padding-top:6%;--awb-padding-right:8%;--awb-padding-bottom:6%;--awb-padding-left:8%;--awb-bg-color:rgba(255,255,255,0.7);--awb-bg-size:cover;--awb-margin-top:0px;--awb-margin-bottom:0px;\"><div class=\"fusion-column-wrapper fusion-column-has-shadow fusion-flex-column-wrapper-legacy\"><div class=\"fusion-text fusion-text-1 caption\"><p style=\"text-align: center;\">Novedades \u2014 3 min de lectura<\/p>\n<\/div><div class=\"fusion-title title fusion-title-1 fusion-sep-none fusion-title-center fusion-title-text fusion-title-size-two\" style=\"--awb-margin-top:30px;--awb-margin-bottom:20px;\"><h2 class=\"title-heading-center fusion-responsive-typography-calculated\" style=\"margin:0;--fontSize:50;line-height:1.28;\">Nuevos cepillos C\u00b7Ramic Colors con los colores Pantone del a\u00f1o<\/h2><\/div><div class=\"fusion-clearfix\"><\/div><\/div><\/div><\/div><\/div><div class=\"fusion-fullwidth fullwidth-box fusion-builder-row-2 fusion-parallax-none nonhundred-percent-fullwidth non-hundred-percent-height-scrolling fusion-no-large-visibility\" style=\"--awb-border-radius-top-left:0px;--awb-border-radius-top-right:0px;--awb-border-radius-bottom-right:0px;--awb-border-radius-bottom-left:0px;--awb-background-image:url(&quot;https:\/\/termix.net\/info\/wp-content\/uploads\/2019\/11\/con-el-secador-compacto-profesioanl-4300-de-termix-damos-volumen-al-cabello-1.jpg&quot;);--awb-background-size:cover;\" ><div class=\"fusion-builder-row fusion-row\"><div class=\"fusion-layout-column fusion_builder_column fusion-builder-column-1 fusion_builder_column_1_1 1_1 fusion-one-full fusion-column-first fusion-column-last fusion-column-inner-bg-wrapper\" style=\"--awb-padding-top:10%;--awb-padding-bottom:10%;--awb-inner-bg-image:url(&#039;http:\/\/termix.net\/blog\/wp-content\/uploads\/2019\/03\/single-blog-post-feat.jpg&#039;);--awb-inner-bg-position:center center;--awb-inner-bg-size:cover;\"><span class=\"fusion-column-inner-bg hover-type-zoomout\"><span class=\"fusion-column-anchor\"><span class=\"fusion-column-inner-bg-image\"><\/span><\/span><\/span><div class=\"fusion-column-wrapper fusion-flex-column-wrapper-legacy\" data-bg-url=\"http:\/\/termix.net\/blog\/wp-content\/uploads\/2019\/03\/single-blog-post-feat.jpg\"><div class=\"fusion-sep-clear\"><\/div><div class=\"fusion-separator fusion-no-large-visibility fusion-full-width-sep\" style=\"margin-left: auto;margin-right: auto;margin-top:200px;width:100%;\"><\/div><div class=\"fusion-sep-clear\"><\/div><div class=\"fusion-clearfix\"><\/div><\/div><\/div><div class=\"fusion-layout-column fusion_builder_column fusion-builder-column-2 fusion_builder_column_1_1 1_1 fusion-one-full fusion-column-first fusion-column-last\" style=\"--awb-padding-top:6%;--awb-bg-color:#ffffff;--awb-bg-size:cover;--awb-margin-top:0px;--awb-margin-bottom:0px;\"><div class=\"fusion-column-wrapper fusion-flex-column-wrapper-legacy\"><div class=\"fusion-text fusion-text-2 caption\"><p style=\"text-align: center;\">Novedades \u2014 3 min de lectura<\/p>\n<\/div><div class=\"fusion-title title fusion-title-2 fusion-sep-none fusion-title-center fusion-title-text fusion-title-size-two\" style=\"--awb-margin-top:30px;--awb-margin-bottom:20px;\"><h2 class=\"title-heading-center fusion-responsive-typography-calculated\" style=\"margin:0;--fontSize:50;line-height:1.28;\">Nuevos cepillos C\u00b7Ramic Colors con los colores Pantone del a\u00f1o<\/h2><\/div><div class=\"fusion-clearfix\"><\/div><\/div><\/div><\/div><\/div><div class=\"fusion-fullwidth fullwidth-box fusion-builder-row-3 nonhundred-percent-fullwidth non-hundred-percent-height-scrolling\" style=\"--awb-border-radius-top-left:0px;--awb-border-radius-top-right:0px;--awb-border-radius-bottom-right:0px;--awb-border-radius-bottom-left:0px;--awb-padding-top:10px;--awb-padding-bottom:4%;\" ><div class=\"fusion-builder-row fusion-row\"><div class=\"fusion-layout-column fusion_builder_column fusion-builder-column-3 fusion_builder_column_1_6 1_6 fusion-one-sixth fusion-column-first fusion-no-small-visibility fusion-no-medium-visibility\" style=\"--awb-bg-size:cover;width:16.666666666667%;width:calc(16.666666666667% - ( ( 0 ) * 0.16666666666667 ) );margin-right: 0px;\"><div class=\"fusion-column-wrapper fusion-flex-column-wrapper-legacy\"><div class=\"fusion-clearfix\"><\/div><\/div><\/div><div class=\"fusion-layout-column fusion_builder_column fusion-builder-column-4 fusion_builder_column_2_3 2_3 fusion-two-third fusion-column-last\" style=\"--awb-bg-size:cover;width:66.666666666667%;width:calc(66.666666666667% - ( ( 0 ) * 0.66666666666667 ) );\"><div class=\"fusion-column-wrapper fusion-flex-column-wrapper-legacy\"><div class=\"fusion-sep-clear\"><\/div><div class=\"fusion-separator fusion-full-width-sep\" style=\"margin-left: auto;margin-right: auto;margin-top:30px;width:100%;\"><\/div><div class=\"fusion-sep-clear\"><\/div><div class=\"fusion-text fusion-text-3\"><p style=\"text-align: center;\"><strong><span style=\"font-size: 22px; line-height: 1.5em;\"> Moda y tecnolog\u00eda se unen para el cepillado perfecto.<\/span><\/strong><\/p>\n<p style=\"text-align: center;\"><span style=\"font-size: 22px; line-height: 1.5em;\"> Termix inaugura la primavera con la presentaci\u00f3n de su nueva colecci\u00f3n de cepillos C\u00b7Ramic Colors con la \u00faltima tecnolog\u00eda cer\u00e1mica-i\u00f3nica e inspirada en los colores Pantone de este a\u00f1o, muy vistos en las pasarelas y alfombras rojas esta temporada, para realizar peinados brillantes y duraderos y sin roturas ni signos de encrespamiento.<\/span><\/p>\n<\/div><div class=\"fusion-sep-clear\"><\/div><div class=\"fusion-separator fusion-full-width-sep\" style=\"margin-left: auto;margin-right: auto;margin-top:30px;width:100%;\"><\/div><div class=\"fusion-sep-clear\"><\/div><div class=\"fusion-text fusion-text-4\"><p style=\"text-align: justify;\">Si el Marsala fue el color estrella del 2015,\u00a0este a\u00f1o se evoca a la elegancia y la frescura con los colores Rosa Cuarzo, Azul Serenity y Verde Pastel. Una explosi\u00f3n de colores f\u00e1ciles de combinar y que se visten a la \u00faltima por dentro y por fuera.La nueva propuesta de\u00a0Termix\u00a0est\u00e1 dedicada a inspirar y a ofrecer una combinaci\u00f3n perfecta entre moda y \u00faltima tecnolog\u00eda para el cepillado. Todo ello, ofreciendo numerosas ventajas y beneficios, entre los que destaca la <strong>mejora en el tiempo de secado, la reducci\u00f3n de la electricidad est\u00e1tica y la prolongaci\u00f3n del peinado<\/strong>, entre otros.<\/p>\n<p style=\"text-align: justify;\"><img decoding=\"async\" class=\"aligncenter size-full wp-image-6326\" src=\"http:\/\/termix.net\/wp-content\/uploads\/2016\/03\/bannerweb_cramiccolors2B.jpg\" alt=\"Nuevos cepillos C\u00b7Ramic Colors de Termix con los pantones del a\u00f1o como el Rosa Cuarzo\" width=\"800\" height=\"495\" \/><\/p>\n<p>\u00a0<\/p>\n<p style=\"text-align: justify;\">Gracias a la <strong>tecnolog\u00eda de cer\u00e1mica, la temperatura se conserva y se reparte de manera uniforme<\/strong>, reduciendo el tiempo en el secado y mejorando la duraci\u00f3n y calidad del peinado. Por otro lado, <strong>su compuesto i\u00f3nico no solo protege y evita el da\u00f1o en el cabello, sino que le aporta brillo y suavidad<\/strong>. Las fibras Termix ionizadas de alto rendimiento, tambi\u00e9n resisten al calor y tienen mayor capacidad de recuperaci\u00f3n. Adem\u00e1s la colocaci\u00f3n perpendicular de las mismas permite una mejor penetraci\u00f3n y agarre del cabello, haciendo que se deslice mejor sobre el cepillo.<\/p>\n<p style=\"text-align: justify;\"><img decoding=\"async\" class=\"aligncenter size-full wp-image-6325\" src=\"http:\/\/termix.net\/wp-content\/uploads\/2016\/03\/bannerweb_cramiccolors3B.jpg\" alt=\"Nuevos cepillos C\u00b7Ramic Colors de Termix con los pantones del a\u00f1o como el Azul Serenity\" width=\"800\" height=\"495\" \/><\/p>\n<p>\u00a0<\/p>\n<p style=\"text-align: justify;\">Los nuevos cepillos profesionales C\u00b7Ramic Colors se presentan con un <strong>nuevo dise\u00f1o m\u00e1s ligero y ergon\u00f3mico. Adem\u00e1s, en la parte inferior incorpora una p\u00faa transparente<\/strong> que sirve para separar mechones de cabello con el mismo cepillo mientras moldea, ahorrando as\u00ed tiempo y ganando confort. Y todo, en un packaging exclusivo con los cinco di\u00e1metros disponibles de cada gama.<\/p>\n<p style=\"text-align: justify;\"><img decoding=\"async\" class=\"aligncenter size-full wp-image-6324\" src=\"http:\/\/termix.net\/wp-content\/uploads\/2016\/03\/bannerweb_cramiccolors4B.jpg\" alt=\"Nuevos cepillos C\u00b7Ramic Colors de Termix con los pantones del a\u00f1o como el Verde Pastel\" width=\"800\" height=\"495\" \/><\/p>\n<\/div><div class=\"fusion-clearfix\"><\/div><\/div><\/div><\/div><\/div><div class=\"fusion-fullwidth fullwidth-box fusion-builder-row-4 nonhundred-percent-fullwidth non-hundred-percent-height-scrolling\" style=\"--awb-border-radius-top-left:0px;--awb-border-radius-top-right:0px;--awb-border-radius-bottom-right:0px;--awb-border-radius-bottom-left:0px;\" ><\/div><\/p>\n","protected":false},"excerpt":{"rendered":"<p>\t\t\t\tModa y tecnolog\u00eda se unen para el cepillado perfecto. Esta primavera, Termix presenta los nuevos cepillos i\u00f3nicos C\u00b7Ramic Colors en los colores de moda Rosa Cuarzo, Azul Serenity y Verde Pastel, ideales para realizar peinados brillantes y duraderos y signos de encrespamiento.\t\t<\/p>\n","protected":false},"author":2,"featured_media":23573,"comment_status":"open","ping_status":"open","sticky":false,"template":"","format":"standard","meta":[],"categories":[6],"tags":[],"yoast_head":"<!-- This site is optimized with the Yoast SEO plugin v20.0 - https:\/\/yoast.com\/wordpress\/plugins\/seo\/ -->\n<title>CEPILLOS C\u00b7RAMIC COLORS CON LOS PANTONE DEL A\u00d1O<\/title>\n<meta name=\"description\" content=\"Moda e innovaci\u00f3n se unen para el cepillado perfecto.Termix presenta los nuevos cepillos i\u00f3nicos C\u00b7Ramic Colors en Rosa Cuarzo, Azul Serenity y Verde Pastel\" \/>\n<meta name=\"robots\" content=\"index, follow, max-snippet:-1, max-image-preview:large, max-video-preview:-1\" \/>\n<link rel=\"canonical\" href=\"https:\/\/termix.net\/blog\/es\/nuevos-cepillos-c%c2%b7ramic-colors-los-colores-pantone-del-ano\/\" \/>\n<meta property=\"og:locale\" content=\"es_ES\" \/>\n<meta property=\"og:type\" content=\"article\" \/>\n<meta property=\"og:title\" content=\"CEPILLOS C\u00b7RAMIC COLORS CON LOS PANTONE DEL A\u00d1O\" \/>\n<meta property=\"og:description\" content=\"Moda e innovaci\u00f3n se unen para el cepillado perfecto.Termix presenta los nuevos cepillos i\u00f3nicos C\u00b7Ramic Colors en Rosa Cuarzo, Azul Serenity y Verde Pastel\" \/>\n<meta property=\"og:url\" content=\"https:\/\/termix.net\/blog\/es\/nuevos-cepillos-c%c2%b7ramic-colors-los-colores-pantone-del-ano\/\" \/>\n<meta property=\"og:site_name\" content=\"Blog Termix Spain\" \/>\n<meta property=\"article:published_time\" content=\"2016-03-21T11:24:57+00:00\" \/>\n<meta property=\"article:modified_time\" content=\"2019-12-16T10:25:44+00:00\" \/>\n<meta property=\"og:image\" content=\"https:\/\/termix.net\/blog\/wp-content\/uploads\/2016\/03\/bannerweb_cramiccolors1b.jpg\" \/>\n\t<meta property=\"og:image:width\" content=\"800\" \/>\n\t<meta property=\"og:image:height\" content=\"495\" \/>\n\t<meta property=\"og:image:type\" content=\"image\/jpeg\" \/>\n<meta name=\"author\" content=\"TermixTeam\" \/>\n<meta name=\"twitter:card\" content=\"summary_large_image\" \/>\n<meta name=\"twitter:label1\" content=\"Escrito por\" \/>\n\t<meta name=\"twitter:data1\" content=\"TermixTeam\" \/>\n\t<meta name=\"twitter:label2\" content=\"Tiempo de lectura\" \/>\n\t<meta name=\"twitter:data2\" content=\"8 minutos\" \/>\n<script type=\"application\/ld+json\" class=\"yoast-schema-graph\">{\"@context\":\"https:\/\/schema.org\",\"@graph\":[{\"@type\":\"Article\",\"@id\":\"https:\/\/termix.net\/blog\/es\/nuevos-cepillos-c%c2%b7ramic-colors-los-colores-pantone-del-ano\/#article\",\"isPartOf\":{\"@id\":\"https:\/\/termix.net\/blog\/es\/nuevos-cepillos-c%c2%b7ramic-colors-los-colores-pantone-del-ano\/\"},\"author\":{\"name\":\"TermixTeam\",\"@id\":\"https:\/\/termix.net\/blog\/es\/#\/schema\/person\/9096c98bdf03c8ddf91ad7172f254f40\"},\"headline\":\"Nuevos cepillos C\u00b7Ramic Colors con los colores Pantone del a\u00f1o\",\"datePublished\":\"2016-03-21T11:24:57+00:00\",\"dateModified\":\"2019-12-16T10:25:44+00:00\",\"mainEntityOfPage\":{\"@id\":\"https:\/\/termix.net\/blog\/es\/nuevos-cepillos-c%c2%b7ramic-colors-los-colores-pantone-del-ano\/\"},\"wordCount\":1531,\"commentCount\":0,\"publisher\":{\"@id\":\"https:\/\/termix.net\/blog\/es\/#organization\"},\"articleSection\":[\"NOTICIAS\"],\"inLanguage\":\"es\",\"potentialAction\":[{\"@type\":\"CommentAction\",\"name\":\"Comment\",\"target\":[\"https:\/\/termix.net\/blog\/es\/nuevos-cepillos-c%c2%b7ramic-colors-los-colores-pantone-del-ano\/#respond\"]}]},{\"@type\":\"WebPage\",\"@id\":\"https:\/\/termix.net\/blog\/es\/nuevos-cepillos-c%c2%b7ramic-colors-los-colores-pantone-del-ano\/\",\"url\":\"https:\/\/termix.net\/blog\/es\/nuevos-cepillos-c%c2%b7ramic-colors-los-colores-pantone-del-ano\/\",\"name\":\"CEPILLOS C\u00b7RAMIC COLORS CON LOS PANTONE DEL A\u00d1O\",\"isPartOf\":{\"@id\":\"https:\/\/termix.net\/blog\/es\/#website\"},\"datePublished\":\"2016-03-21T11:24:57+00:00\",\"dateModified\":\"2019-12-16T10:25:44+00:00\",\"description\":\"Moda e innovaci\u00f3n se unen para el cepillado perfecto.Termix presenta los nuevos cepillos i\u00f3nicos C\u00b7Ramic Colors en Rosa Cuarzo, Azul Serenity y Verde Pastel\",\"breadcrumb\":{\"@id\":\"https:\/\/termix.net\/blog\/es\/nuevos-cepillos-c%c2%b7ramic-colors-los-colores-pantone-del-ano\/#breadcrumb\"},\"inLanguage\":\"es\",\"potentialAction\":[{\"@type\":\"ReadAction\",\"target\":[\"https:\/\/termix.net\/blog\/es\/nuevos-cepillos-c%c2%b7ramic-colors-los-colores-pantone-del-ano\/\"]}]},{\"@type\":\"BreadcrumbList\",\"@id\":\"https:\/\/termix.net\/blog\/es\/nuevos-cepillos-c%c2%b7ramic-colors-los-colores-pantone-del-ano\/#breadcrumb\",\"itemListElement\":[{\"@type\":\"ListItem\",\"position\":1,\"name\":\"Home\",\"item\":\"https:\/\/termix.net\/blog\/es\/\"},{\"@type\":\"ListItem\",\"position\":2,\"name\":\"Nuevos cepillos C\u00b7Ramic Colors con los colores Pantone del a\u00f1o\"}]},{\"@type\":\"WebSite\",\"@id\":\"https:\/\/termix.net\/blog\/es\/#website\",\"url\":\"https:\/\/termix.net\/blog\/es\/\",\"name\":\"Blog Termix Spain\",\"description\":\"Blog de tendencias y productos de peluquer\u00eda profesional.\",\"publisher\":{\"@id\":\"https:\/\/termix.net\/blog\/es\/#organization\"},\"potentialAction\":[{\"@type\":\"SearchAction\",\"target\":{\"@type\":\"EntryPoint\",\"urlTemplate\":\"https:\/\/termix.net\/blog\/es\/?s={search_term_string}\"},\"query-input\":\"required name=search_term_string\"}],\"inLanguage\":\"es\"},{\"@type\":\"Organization\",\"@id\":\"https:\/\/termix.net\/blog\/es\/#organization\",\"name\":\"Dols Industrial de Peluquer\u00eda SA\",\"url\":\"https:\/\/termix.net\/blog\/es\/\",\"logo\":{\"@type\":\"ImageObject\",\"inLanguage\":\"es\",\"@id\":\"https:\/\/termix.net\/blog\/es\/#\/schema\/logo\/image\/\",\"url\":\"https:\/\/termix.net\/blog\/wp-content\/uploads\/2020\/10\/OGbDAeng.jpeg\",\"contentUrl\":\"https:\/\/termix.net\/blog\/wp-content\/uploads\/2020\/10\/OGbDAeng.jpeg\",\"width\":800,\"height\":800,\"caption\":\"Dols Industrial de Peluquer\u00eda SA\"},\"image\":{\"@id\":\"https:\/\/termix.net\/blog\/es\/#\/schema\/logo\/image\/\"}},{\"@type\":\"Person\",\"@id\":\"https:\/\/termix.net\/blog\/es\/#\/schema\/person\/9096c98bdf03c8ddf91ad7172f254f40\",\"name\":\"TermixTeam\",\"image\":{\"@type\":\"ImageObject\",\"inLanguage\":\"es\",\"@id\":\"https:\/\/termix.net\/blog\/es\/#\/schema\/person\/image\/\",\"url\":\"https:\/\/secure.gravatar.com\/avatar\/d89f61f6bd1c29a4acb231736d1c74b3?s=96&d=mm&r=g\",\"contentUrl\":\"https:\/\/secure.gravatar.com\/avatar\/d89f61f6bd1c29a4acb231736d1c74b3?s=96&d=mm&r=g\",\"caption\":\"TermixTeam\"},\"url\":\"https:\/\/termix.net\/blog\/es\/author\/termixteam\/\"}]}<\/script>\n<!-- \/ Yoast SEO plugin. -->","yoast_head_json":{"title":"CEPILLOS C\u00b7RAMIC COLORS CON LOS PANTONE DEL A\u00d1O","description":"Moda e innovaci\u00f3n se unen para el cepillado perfecto.Termix presenta los nuevos cepillos i\u00f3nicos C\u00b7Ramic Colors en Rosa Cuarzo, Azul Serenity y Verde Pastel","robots":{"index":"index","follow":"follow","max-snippet":"max-snippet:-1","max-image-preview":"max-image-preview:large","max-video-preview":"max-video-preview:-1"},"canonical":"https:\/\/termix.net\/blog\/es\/nuevos-cepillos-c%c2%b7ramic-colors-los-colores-pantone-del-ano\/","og_locale":"es_ES","og_type":"article","og_title":"CEPILLOS C\u00b7RAMIC COLORS CON LOS PANTONE DEL A\u00d1O","og_description":"Moda e innovaci\u00f3n se unen para el cepillado perfecto.Termix presenta los nuevos cepillos i\u00f3nicos C\u00b7Ramic Colors en Rosa Cuarzo, Azul Serenity y Verde Pastel","og_url":"https:\/\/termix.net\/blog\/es\/nuevos-cepillos-c%c2%b7ramic-colors-los-colores-pantone-del-ano\/","og_site_name":"Blog Termix Spain","article_published_time":"2016-03-21T11:24:57+00:00","article_modified_time":"2019-12-16T10:25:44+00:00","og_image":[{"width":800,"height":495,"url":"https:\/\/termix.net\/blog\/wp-content\/uploads\/2016\/03\/bannerweb_cramiccolors1b.jpg","type":"image\/jpeg"}],"author":"TermixTeam","twitter_card":"summary_large_image","twitter_misc":{"Escrito por":"TermixTeam","Tiempo de lectura":"8 minutos"},"schema":{"@context":"https:\/\/schema.org","@graph":[{"@type":"Article","@id":"https:\/\/termix.net\/blog\/es\/nuevos-cepillos-c%c2%b7ramic-colors-los-colores-pantone-del-ano\/#article","isPartOf":{"@id":"https:\/\/termix.net\/blog\/es\/nuevos-cepillos-c%c2%b7ramic-colors-los-colores-pantone-del-ano\/"},"author":{"name":"TermixTeam","@id":"https:\/\/termix.net\/blog\/es\/#\/schema\/person\/9096c98bdf03c8ddf91ad7172f254f40"},"headline":"Nuevos cepillos C\u00b7Ramic Colors con los colores Pantone del a\u00f1o","datePublished":"2016-03-21T11:24:57+00:00","dateModified":"2019-12-16T10:25:44+00:00","mainEntityOfPage":{"@id":"https:\/\/termix.net\/blog\/es\/nuevos-cepillos-c%c2%b7ramic-colors-los-colores-pantone-del-ano\/"},"wordCount":1531,"commentCount":0,"publisher":{"@id":"https:\/\/termix.net\/blog\/es\/#organization"},"articleSection":["NOTICIAS"],"inLanguage":"es","potentialAction":[{"@type":"CommentAction","name":"Comment","target":["https:\/\/termix.net\/blog\/es\/nuevos-cepillos-c%c2%b7ramic-colors-los-colores-pantone-del-ano\/#respond"]}]},{"@type":"WebPage","@id":"https:\/\/termix.net\/blog\/es\/nuevos-cepillos-c%c2%b7ramic-colors-los-colores-pantone-del-ano\/","url":"https:\/\/termix.net\/blog\/es\/nuevos-cepillos-c%c2%b7ramic-colors-los-colores-pantone-del-ano\/","name":"CEPILLOS C\u00b7RAMIC COLORS CON LOS PANTONE DEL A\u00d1O","isPartOf":{"@id":"https:\/\/termix.net\/blog\/es\/#website"},"datePublished":"2016-03-21T11:24:57+00:00","dateModified":"2019-12-16T10:25:44+00:00","description":"Moda e innovaci\u00f3n se unen para el cepillado perfecto.Termix presenta los nuevos cepillos i\u00f3nicos C\u00b7Ramic Colors en Rosa Cuarzo, Azul Serenity y Verde Pastel","breadcrumb":{"@id":"https:\/\/termix.net\/blog\/es\/nuevos-cepillos-c%c2%b7ramic-colors-los-colores-pantone-del-ano\/#breadcrumb"},"inLanguage":"es","potentialAction":[{"@type":"ReadAction","target":["https:\/\/termix.net\/blog\/es\/nuevos-cepillos-c%c2%b7ramic-colors-los-colores-pantone-del-ano\/"]}]},{"@type":"BreadcrumbList","@id":"https:\/\/termix.net\/blog\/es\/nuevos-cepillos-c%c2%b7ramic-colors-los-colores-pantone-del-ano\/#breadcrumb","itemListElement":[{"@type":"ListItem","position":1,"name":"Home","item":"https:\/\/termix.net\/blog\/es\/"},{"@type":"ListItem","position":2,"name":"Nuevos cepillos C\u00b7Ramic Colors con los colores Pantone del a\u00f1o"}]},{"@type":"WebSite","@id":"https:\/\/termix.net\/blog\/es\/#website","url":"https:\/\/termix.net\/blog\/es\/","name":"Blog Termix Spain","description":"Blog de tendencias y productos de peluquer\u00eda profesional.","publisher":{"@id":"https:\/\/termix.net\/blog\/es\/#organization"},"potentialAction":[{"@type":"SearchAction","target":{"@type":"EntryPoint","urlTemplate":"https:\/\/termix.net\/blog\/es\/?s={search_term_string}"},"query-input":"required name=search_term_string"}],"inLanguage":"es"},{"@type":"Organization","@id":"https:\/\/termix.net\/blog\/es\/#organization","name":"Dols Industrial de Peluquer\u00eda SA","url":"https:\/\/termix.net\/blog\/es\/","logo":{"@type":"ImageObject","inLanguage":"es","@id":"https:\/\/termix.net\/blog\/es\/#\/schema\/logo\/image\/","url":"https:\/\/termix.net\/blog\/wp-content\/uploads\/2020\/10\/OGbDAeng.jpeg","contentUrl":"https:\/\/termix.net\/blog\/wp-content\/uploads\/2020\/10\/OGbDAeng.jpeg","width":800,"height":800,"caption":"Dols Industrial de Peluquer\u00eda SA"},"image":{"@id":"https:\/\/termix.net\/blog\/es\/#\/schema\/logo\/image\/"}},{"@type":"Person","@id":"https:\/\/termix.net\/blog\/es\/#\/schema\/person\/9096c98bdf03c8ddf91ad7172f254f40","name":"TermixTeam","image":{"@type":"ImageObject","inLanguage":"es","@id":"https:\/\/termix.net\/blog\/es\/#\/schema\/person\/image\/","url":"https:\/\/secure.gravatar.com\/avatar\/d89f61f6bd1c29a4acb231736d1c74b3?s=96&d=mm&r=g","contentUrl":"https:\/\/secure.gravatar.com\/avatar\/d89f61f6bd1c29a4acb231736d1c74b3?s=96&d=mm&r=g","caption":"TermixTeam"},"url":"https:\/\/termix.net\/blog\/es\/author\/termixteam\/"}]}},"_links":{"self":[{"href":"https:\/\/termix.net\/blog\/es\/wp-json\/wp\/v2\/posts\/6310"}],"collection":[{"href":"https:\/\/termix.net\/blog\/es\/wp-json\/wp\/v2\/posts"}],"about":[{"href":"https:\/\/termix.net\/blog\/es\/wp-json\/wp\/v2\/types\/post"}],"author":[{"embeddable":true,"href":"https:\/\/termix.net\/blog\/es\/wp-json\/wp\/v2\/users\/2"}],"replies":[{"embeddable":true,"href":"https:\/\/termix.net\/blog\/es\/wp-json\/wp\/v2\/comments?post=6310"}],"version-history":[{"count":2,"href":"https:\/\/termix.net\/blog\/es\/wp-json\/wp\/v2\/posts\/6310\/revisions"}],"predecessor-version":[{"id":23575,"href":"https:\/\/termix.net\/blog\/es\/wp-json\/wp\/v2\/posts\/6310\/revisions\/23575"}],"wp:featuredmedia":[{"embeddable":true,"href":"https:\/\/termix.net\/blog\/es\/wp-json\/wp\/v2\/media\/23573"}],"wp:attachment":[{"href":"https:\/\/termix.net\/blog\/es\/wp-json\/wp\/v2\/media?parent=6310"}],"wp:term":[{"taxonomy":"category","embeddable":true,"href":"https:\/\/termix.net\/blog\/es\/wp-json\/wp\/v2\/categories?post=6310"},{"taxonomy":"post_tag","embeddable":true,"href":"https:\/\/termix.net\/blog\/es\/wp-json\/wp\/v2\/tags?post=6310"}],"curies":[{"name":"wp","href":"https:\/\/api.w.org\/{rel}","templated":true}]}}