{"id":6289,"date":"2016-03-17T14:51:37","date_gmt":"2016-03-17T14:51:37","guid":{"rendered":"http:\/\/termix.net\/?p=6289"},"modified":"2019-12-16T11:33:53","modified_gmt":"2019-12-16T10:33:53","slug":"2016-ano-barberias-barberas","status":"publish","type":"post","link":"https:\/\/termix.net\/blog\/es\/2016-ano-barberias-barberas\/","title":{"rendered":"2016, un a\u00f1o de barber\u00edas y barberas"},"content":{"rendered":"<p><div class=\"fusion-fullwidth fullwidth-box fusion-builder-row-1 faded-background fusion-parallax-none nonhundred-percent-fullwidth non-hundred-percent-height-scrolling fusion-no-small-visibility fusion-no-medium-visibility\" style=\"--awb-border-radius-top-left:0px;--awb-border-radius-top-right:0px;--awb-border-radius-bottom-right:0px;--awb-border-radius-bottom-left:0px;--awb-padding-top:24%;--awb-padding-right:3%;--awb-padding-left:3%;--awb-background-size:cover;\" ><div class=\"fullwidth-faded\" style=\"--awb-background-color:#181818;--awb-background-image:url(https:\/\/termix.net\/blog\/wp-content\/uploads\/2016\/03\/barberas-barberia.jpg);--awb-background-size:cover;\" ><\/div><div class=\"fusion-builder-row fusion-row\"><div class=\"fusion-layout-column fusion_builder_column fusion-builder-column-0 fusion_builder_column_1_1 1_1 fusion-one-full fusion-column-first fusion-column-last\" style=\"--awb-padding-top:6%;--awb-padding-right:8%;--awb-padding-bottom:6%;--awb-padding-left:8%;--awb-bg-color:rgba(255,255,255,0.7);--awb-bg-size:cover;--awb-margin-top:0px;--awb-margin-bottom:0px;\"><div class=\"fusion-column-wrapper fusion-column-has-shadow fusion-flex-column-wrapper-legacy\"><div class=\"fusion-text fusion-text-1 caption\"><p style=\"text-align: center;\">Noticias \u2014 3 min de lectura<\/p>\n<\/div><div class=\"fusion-title title fusion-title-1 fusion-sep-none fusion-title-center fusion-title-text fusion-title-size-two\" style=\"--awb-margin-top:30px;--awb-margin-bottom:20px;\"><h2 class=\"title-heading-center fusion-responsive-typography-calculated\" style=\"margin:0;--fontSize:50;line-height:1.28;\">2016, un a\u00f1o de barber\u00edas y barberas<\/h2><\/div><div class=\"fusion-clearfix\"><\/div><\/div><\/div><\/div><\/div><div class=\"fusion-fullwidth fullwidth-box fusion-builder-row-2 fusion-parallax-none nonhundred-percent-fullwidth non-hundred-percent-height-scrolling fusion-no-large-visibility\" style=\"--awb-border-radius-top-left:0px;--awb-border-radius-top-right:0px;--awb-border-radius-bottom-right:0px;--awb-border-radius-bottom-left:0px;--awb-background-image:url(&quot;https:\/\/termix.net\/info\/wp-content\/uploads\/2019\/11\/con-el-secador-compacto-profesioanl-4300-de-termix-damos-volumen-al-cabello-1.jpg&quot;);--awb-background-size:cover;\" ><div class=\"fusion-builder-row fusion-row\"><div class=\"fusion-layout-column fusion_builder_column fusion-builder-column-1 fusion_builder_column_1_1 1_1 fusion-one-full fusion-column-first fusion-column-last fusion-column-inner-bg-wrapper\" style=\"--awb-padding-top:10%;--awb-padding-bottom:10%;--awb-inner-bg-image:url(&#039;http:\/\/termix.net\/blog\/wp-content\/uploads\/2019\/03\/single-blog-post-feat.jpg&#039;);--awb-inner-bg-position:center center;--awb-inner-bg-size:cover;\"><span class=\"fusion-column-inner-bg hover-type-zoomout\"><span class=\"fusion-column-anchor\"><span class=\"fusion-column-inner-bg-image\"><\/span><\/span><\/span><div class=\"fusion-column-wrapper fusion-flex-column-wrapper-legacy\" data-bg-url=\"http:\/\/termix.net\/blog\/wp-content\/uploads\/2019\/03\/single-blog-post-feat.jpg\"><div class=\"fusion-sep-clear\"><\/div><div class=\"fusion-separator fusion-no-large-visibility fusion-full-width-sep\" style=\"margin-left: auto;margin-right: auto;margin-top:200px;width:100%;\"><\/div><div class=\"fusion-sep-clear\"><\/div><div class=\"fusion-clearfix\"><\/div><\/div><\/div><div class=\"fusion-layout-column fusion_builder_column fusion-builder-column-2 fusion_builder_column_1_1 1_1 fusion-one-full fusion-column-first fusion-column-last\" style=\"--awb-padding-top:6%;--awb-bg-color:#ffffff;--awb-bg-size:cover;--awb-margin-top:0px;--awb-margin-bottom:0px;\"><div class=\"fusion-column-wrapper fusion-flex-column-wrapper-legacy\"><div class=\"fusion-text fusion-text-2 caption\"><p style=\"text-align: center;\">Noticias \u2014 3 min de lectura<\/p>\n<\/div><div class=\"fusion-title title fusion-title-2 fusion-sep-none fusion-title-center fusion-title-text fusion-title-size-two\" style=\"--awb-margin-top:30px;--awb-margin-bottom:20px;\"><h2 class=\"title-heading-center fusion-responsive-typography-calculated\" style=\"margin:0;--fontSize:50;line-height:1.28;\">2016, un a\u00f1o de barber\u00edas y barberas<\/h2><\/div><div class=\"fusion-clearfix\"><\/div><\/div><\/div><\/div><\/div><div class=\"fusion-fullwidth fullwidth-box fusion-builder-row-3 nonhundred-percent-fullwidth non-hundred-percent-height-scrolling\" style=\"--awb-border-radius-top-left:0px;--awb-border-radius-top-right:0px;--awb-border-radius-bottom-right:0px;--awb-border-radius-bottom-left:0px;--awb-padding-top:10px;--awb-padding-bottom:4%;\" ><div class=\"fusion-builder-row fusion-row\"><div class=\"fusion-layout-column fusion_builder_column fusion-builder-column-3 fusion_builder_column_1_6 1_6 fusion-one-sixth fusion-column-first fusion-no-small-visibility fusion-no-medium-visibility\" style=\"--awb-bg-size:cover;width:16.666666666667%;width:calc(16.666666666667% - ( ( 0 ) * 0.16666666666667 ) );margin-right: 0px;\"><div class=\"fusion-column-wrapper fusion-flex-column-wrapper-legacy\"><div class=\"fusion-clearfix\"><\/div><\/div><\/div><div class=\"fusion-layout-column fusion_builder_column fusion-builder-column-4 fusion_builder_column_2_3 2_3 fusion-two-third fusion-column-last\" style=\"--awb-bg-size:cover;width:66.666666666667%;width:calc(66.666666666667% - ( ( 0 ) * 0.66666666666667 ) );\"><div class=\"fusion-column-wrapper fusion-flex-column-wrapper-legacy\"><div class=\"fusion-sep-clear\"><\/div><div class=\"fusion-separator fusion-full-width-sep\" style=\"margin-left: auto;margin-right: auto;margin-top:30px;width:100%;\"><\/div><div class=\"fusion-sep-clear\"><\/div><div class=\"fusion-text fusion-text-3\"><p style=\"text-align: center;\"><strong><span style=\"font-size: 22px; line-height: 1.5em;\"> Son mujeres viviendo en un mundo dominado por hombres. <\/span><\/strong><\/p>\n<p style=\"text-align: center;\"><span style=\"font-size: 22px; line-height: 1.5em;\">Pero cada vez m\u00e1s, las barberas han conseguido elevar la figura del caballero cl\u00e1sico y ganarse el merecido respeto entre sus compa\u00f1eros de profesi\u00f3n. A la vez que la barba y el cuidado masculino ha abandonado muchos tab\u00faes, barberas como Andrea Escarcha, reivindican su pasi\u00f3n, augurando lo mejor para el cabello del hombre en los pr\u00f3ximos a\u00f1os. Desde el stand de Termix en la feria STS Beauty Barcelona, Andrea Escarcha desvela las <strong>nuevas tendencias para cabello y barba de esta temporada<\/strong>, siempre acompa\u00f1ada de las herramientas Premium de Termix.<\/span><\/p>\n<\/div><div class=\"fusion-sep-clear\"><\/div><div class=\"fusion-separator fusion-full-width-sep\" style=\"margin-left: auto;margin-right: auto;margin-top:30px;width:100%;\"><\/div><div class=\"fusion-sep-clear\"><\/div><div class=\"fusion-text fusion-text-4\"><p><iframe src=\"https:\/\/www.youtube.com\/embed\/KDZa666oOwg\" width=\"100%\" height=\"500\" frameborder=\"0\" allowfullscreen=\"allowfullscreen\"><\/iframe><\/p>\n<h3 style=\"text-align: justify;\"><\/h3>\n<h2 style=\"text-align: justify;\"><span style=\"color: #000000;\"><strong>SIGUEN LOS \u2018FADES\u2019 PERO VEREMOS EL CABELLO M\u00c1S LARGO <\/strong><\/span><\/h2>\n<p style=\"text-align: justify;\">El fade no es ni m\u00e1s ni menos que un degradado extremo en las zonas laterales y trasera. El corte se inicia trabajando los contornos al cero y subiendo a m\u00e1s largo borrando cualquier salto de corte en su progresi\u00f3n. <strong>Junto con el ya m\u00edtico pompadour, el fade tiende a relegar su dominio a cortes m\u00e1s largos en los hombres durante este 2016<\/strong>: <em>\u201cLos tup\u00e9s se cambian por los <strong>flequillos texturizados y los degradados vienen m\u00e1s largos.<\/strong> Pero<\/em> <em>los cortes se siguen trabajando con m\u00e1quina de corte, pero apoy\u00e1ndonos en el peine y siempre d\u00e1ndole un poco de inclinaci\u00f3n para conseguir un efecto degradado de corto a m\u00e1s largo a medida que vamos subiendo. La m\u00e1quina de corte Termix TX01 <strong>nos permite trabajar todas las tendencias<\/strong> al incorporar una cuchilla de cer\u00e1mica de gran precisi\u00f3n y un avanzado sistema de regulaci\u00f3n de las misma para tener total libertad en el apurado\u201d, <\/em>agrega Escarcha.<\/p>\n<p style=\"text-align: justify;\">En cuanto a los contornos, <em>\u201c<strong>un buen corte deja de serlo sin un contorno bien pulido.<\/strong> Hay una clara tendencia hacia la naturalidad, intentando alejarnos del corte m\u00e1s cuadrado. Los difuminados vienen m\u00e1s low fade, a\u00a0 un cent\u00edmetro del contorno para que no se vea tan rapado<\/em>\u201d. Como con la m\u00e1quina de corte, la TX02 de contornos de Termix se adapta a cualquier tipo de acabado. Seg\u00fan Escarcha,<em>\u201cgracias a sus hojas redondeadas y a sus juegos de cuchillas, podemos trabajar desde la nuca y las patillas hasta incluso el bigote y la barba\u201d.\u00a0<\/em><\/p>\n<p style=\"text-align: justify;\">La barba por su parte, deja atr\u00e1s su longitud y aparece este 2016 m\u00e1s cortita. \u201c<em>El fen\u00f3meno h\u00edpster sigue su curso, pero vemos tambi\u00e9n una <strong>clara tendencia a acortar las barbas<\/strong>. Dependiendo del estilo de cada cliente se llevan perfectamente delineadas y perfiladas o m\u00e1s naturales, difuminando el nacimiento del cuello. En cualquier caso, lo m\u00e1s importante de la barba es su mantenimiento y cuidado. <strong>El lavado, el cepillado con un cepillo como el de Barba de Termix y la hidrataci\u00f3n son pasos fundamentales en el cuidado b\u00e1sico de la barba.<\/strong> Eso s\u00ed, sin olvidar llevarla pulida y bien recortada<\/em>\u201d, concluye Andrea<\/p>\n<\/div><div class=\"fusion-clearfix\"><\/div><\/div><\/div><\/div><\/div><div class=\"fusion-fullwidth fullwidth-box fusion-builder-row-4 nonhundred-percent-fullwidth non-hundred-percent-height-scrolling\" style=\"--awb-border-radius-top-left:0px;--awb-border-radius-top-right:0px;--awb-border-radius-bottom-right:0px;--awb-border-radius-bottom-left:0px;\" ><\/div><\/p>\n","protected":false},"excerpt":{"rendered":"<p>\t\t\t\tA la vez que la barba y el cuidado masculino ha abandonado muchos tab\u00faes, barberas como Andrea Escarcha, reivindican su pasi\u00f3n, augurando lo mejor para el cabello del hombre en los pr\u00f3ximos a\u00f1os. Desde el stand de Termix en el STS desvela las nuevas tendencias acompa\u00f1ada de las herramientas Premium de Termix.\t\t<\/p>\n","protected":false},"author":2,"featured_media":23579,"comment_status":"open","ping_status":"open","sticky":false,"template":"","format":"standard","meta":[],"categories":[6],"tags":[],"yoast_head":"<!-- This site is optimized with the Yoast SEO plugin v20.0 - https:\/\/yoast.com\/wordpress\/plugins\/seo\/ -->\n<title>2016, un a\u00f1o de barber\u00edas y barberas - Blog Termix Spain<\/title>\n<meta name=\"description\" content=\"Andrea Escarcha nos presenta todas las tendencias sobre cabello y barba, siempre acompa\u00f1ada de las herramientas profesionales de Termix.\" \/>\n<meta name=\"robots\" content=\"index, follow, max-snippet:-1, max-image-preview:large, max-video-preview:-1\" \/>\n<link rel=\"canonical\" href=\"https:\/\/termix.net\/blog\/es\/2016-ano-barberias-barberas\/\" \/>\n<meta property=\"og:locale\" content=\"es_ES\" \/>\n<meta property=\"og:type\" content=\"article\" \/>\n<meta property=\"og:title\" content=\"2016, un a\u00f1o de barber\u00edas y barberas - Blog Termix Spain\" \/>\n<meta property=\"og:description\" content=\"Andrea Escarcha nos presenta todas las tendencias sobre cabello y barba, siempre acompa\u00f1ada de las herramientas profesionales de Termix.\" \/>\n<meta property=\"og:url\" content=\"https:\/\/termix.net\/blog\/es\/2016-ano-barberias-barberas\/\" \/>\n<meta property=\"og:site_name\" content=\"Blog Termix Spain\" \/>\n<meta property=\"article:published_time\" content=\"2016-03-17T14:51:37+00:00\" \/>\n<meta property=\"article:modified_time\" content=\"2019-12-16T10:33:53+00:00\" \/>\n<meta property=\"og:image\" content=\"https:\/\/termix.net\/blog\/wp-content\/uploads\/2016\/03\/barberas-barberia.jpg\" \/>\n\t<meta property=\"og:image:width\" content=\"1337\" \/>\n\t<meta property=\"og:image:height\" content=\"767\" \/>\n\t<meta property=\"og:image:type\" content=\"image\/jpeg\" \/>\n<meta name=\"author\" content=\"TermixTeam\" \/>\n<meta name=\"twitter:card\" content=\"summary_large_image\" \/>\n<meta name=\"twitter:label1\" content=\"Escrito por\" \/>\n\t<meta name=\"twitter:data1\" content=\"TermixTeam\" \/>\n\t<meta name=\"twitter:label2\" content=\"Tiempo de lectura\" \/>\n\t<meta name=\"twitter:data2\" content=\"8 minutos\" \/>\n<script type=\"application\/ld+json\" class=\"yoast-schema-graph\">{\"@context\":\"https:\/\/schema.org\",\"@graph\":[{\"@type\":\"Article\",\"@id\":\"https:\/\/termix.net\/blog\/es\/2016-ano-barberias-barberas\/#article\",\"isPartOf\":{\"@id\":\"https:\/\/termix.net\/blog\/es\/2016-ano-barberias-barberas\/\"},\"author\":{\"name\":\"TermixTeam\",\"@id\":\"https:\/\/termix.net\/blog\/es\/#\/schema\/person\/9096c98bdf03c8ddf91ad7172f254f40\"},\"headline\":\"2016, un a\u00f1o de barber\u00edas y barberas\",\"datePublished\":\"2016-03-17T14:51:37+00:00\",\"dateModified\":\"2019-12-16T10:33:53+00:00\",\"mainEntityOfPage\":{\"@id\":\"https:\/\/termix.net\/blog\/es\/2016-ano-barberias-barberas\/\"},\"wordCount\":1668,\"commentCount\":0,\"publisher\":{\"@id\":\"https:\/\/termix.net\/blog\/es\/#organization\"},\"articleSection\":[\"NOTICIAS\"],\"inLanguage\":\"es\",\"potentialAction\":[{\"@type\":\"CommentAction\",\"name\":\"Comment\",\"target\":[\"https:\/\/termix.net\/blog\/es\/2016-ano-barberias-barberas\/#respond\"]}]},{\"@type\":\"WebPage\",\"@id\":\"https:\/\/termix.net\/blog\/es\/2016-ano-barberias-barberas\/\",\"url\":\"https:\/\/termix.net\/blog\/es\/2016-ano-barberias-barberas\/\",\"name\":\"2016, un a\u00f1o de barber\u00edas y barberas - Blog Termix Spain\",\"isPartOf\":{\"@id\":\"https:\/\/termix.net\/blog\/es\/#website\"},\"datePublished\":\"2016-03-17T14:51:37+00:00\",\"dateModified\":\"2019-12-16T10:33:53+00:00\",\"description\":\"Andrea Escarcha nos presenta todas las tendencias sobre cabello y barba, siempre acompa\u00f1ada de las herramientas profesionales de Termix.\",\"breadcrumb\":{\"@id\":\"https:\/\/termix.net\/blog\/es\/2016-ano-barberias-barberas\/#breadcrumb\"},\"inLanguage\":\"es\",\"potentialAction\":[{\"@type\":\"ReadAction\",\"target\":[\"https:\/\/termix.net\/blog\/es\/2016-ano-barberias-barberas\/\"]}]},{\"@type\":\"BreadcrumbList\",\"@id\":\"https:\/\/termix.net\/blog\/es\/2016-ano-barberias-barberas\/#breadcrumb\",\"itemListElement\":[{\"@type\":\"ListItem\",\"position\":1,\"name\":\"Home\",\"item\":\"https:\/\/termix.net\/blog\/es\/\"},{\"@type\":\"ListItem\",\"position\":2,\"name\":\"2016, un a\u00f1o de barber\u00edas y barberas\"}]},{\"@type\":\"WebSite\",\"@id\":\"https:\/\/termix.net\/blog\/es\/#website\",\"url\":\"https:\/\/termix.net\/blog\/es\/\",\"name\":\"Blog Termix Spain\",\"description\":\"Blog de tendencias y productos de peluquer\u00eda profesional.\",\"publisher\":{\"@id\":\"https:\/\/termix.net\/blog\/es\/#organization\"},\"potentialAction\":[{\"@type\":\"SearchAction\",\"target\":{\"@type\":\"EntryPoint\",\"urlTemplate\":\"https:\/\/termix.net\/blog\/es\/?s={search_term_string}\"},\"query-input\":\"required name=search_term_string\"}],\"inLanguage\":\"es\"},{\"@type\":\"Organization\",\"@id\":\"https:\/\/termix.net\/blog\/es\/#organization\",\"name\":\"Dols Industrial de Peluquer\u00eda SA\",\"url\":\"https:\/\/termix.net\/blog\/es\/\",\"logo\":{\"@type\":\"ImageObject\",\"inLanguage\":\"es\",\"@id\":\"https:\/\/termix.net\/blog\/es\/#\/schema\/logo\/image\/\",\"url\":\"https:\/\/termix.net\/blog\/wp-content\/uploads\/2020\/10\/OGbDAeng.jpeg\",\"contentUrl\":\"https:\/\/termix.net\/blog\/wp-content\/uploads\/2020\/10\/OGbDAeng.jpeg\",\"width\":800,\"height\":800,\"caption\":\"Dols Industrial de Peluquer\u00eda SA\"},\"image\":{\"@id\":\"https:\/\/termix.net\/blog\/es\/#\/schema\/logo\/image\/\"}},{\"@type\":\"Person\",\"@id\":\"https:\/\/termix.net\/blog\/es\/#\/schema\/person\/9096c98bdf03c8ddf91ad7172f254f40\",\"name\":\"TermixTeam\",\"image\":{\"@type\":\"ImageObject\",\"inLanguage\":\"es\",\"@id\":\"https:\/\/termix.net\/blog\/es\/#\/schema\/person\/image\/\",\"url\":\"https:\/\/secure.gravatar.com\/avatar\/d89f61f6bd1c29a4acb231736d1c74b3?s=96&d=mm&r=g\",\"contentUrl\":\"https:\/\/secure.gravatar.com\/avatar\/d89f61f6bd1c29a4acb231736d1c74b3?s=96&d=mm&r=g\",\"caption\":\"TermixTeam\"},\"url\":\"https:\/\/termix.net\/blog\/es\/author\/termixteam\/\"}]}<\/script>\n<!-- \/ Yoast SEO plugin. -->","yoast_head_json":{"title":"2016, un a\u00f1o de barber\u00edas y barberas - Blog Termix Spain","description":"Andrea Escarcha nos presenta todas las tendencias sobre cabello y barba, siempre acompa\u00f1ada de las herramientas profesionales de Termix.","robots":{"index":"index","follow":"follow","max-snippet":"max-snippet:-1","max-image-preview":"max-image-preview:large","max-video-preview":"max-video-preview:-1"},"canonical":"https:\/\/termix.net\/blog\/es\/2016-ano-barberias-barberas\/","og_locale":"es_ES","og_type":"article","og_title":"2016, un a\u00f1o de barber\u00edas y barberas - Blog Termix Spain","og_description":"Andrea Escarcha nos presenta todas las tendencias sobre cabello y barba, siempre acompa\u00f1ada de las herramientas profesionales de Termix.","og_url":"https:\/\/termix.net\/blog\/es\/2016-ano-barberias-barberas\/","og_site_name":"Blog Termix Spain","article_published_time":"2016-03-17T14:51:37+00:00","article_modified_time":"2019-12-16T10:33:53+00:00","og_image":[{"width":1337,"height":767,"url":"https:\/\/termix.net\/blog\/wp-content\/uploads\/2016\/03\/barberas-barberia.jpg","type":"image\/jpeg"}],"author":"TermixTeam","twitter_card":"summary_large_image","twitter_misc":{"Escrito por":"TermixTeam","Tiempo de lectura":"8 minutos"},"schema":{"@context":"https:\/\/schema.org","@graph":[{"@type":"Article","@id":"https:\/\/termix.net\/blog\/es\/2016-ano-barberias-barberas\/#article","isPartOf":{"@id":"https:\/\/termix.net\/blog\/es\/2016-ano-barberias-barberas\/"},"author":{"name":"TermixTeam","@id":"https:\/\/termix.net\/blog\/es\/#\/schema\/person\/9096c98bdf03c8ddf91ad7172f254f40"},"headline":"2016, un a\u00f1o de barber\u00edas y barberas","datePublished":"2016-03-17T14:51:37+00:00","dateModified":"2019-12-16T10:33:53+00:00","mainEntityOfPage":{"@id":"https:\/\/termix.net\/blog\/es\/2016-ano-barberias-barberas\/"},"wordCount":1668,"commentCount":0,"publisher":{"@id":"https:\/\/termix.net\/blog\/es\/#organization"},"articleSection":["NOTICIAS"],"inLanguage":"es","potentialAction":[{"@type":"CommentAction","name":"Comment","target":["https:\/\/termix.net\/blog\/es\/2016-ano-barberias-barberas\/#respond"]}]},{"@type":"WebPage","@id":"https:\/\/termix.net\/blog\/es\/2016-ano-barberias-barberas\/","url":"https:\/\/termix.net\/blog\/es\/2016-ano-barberias-barberas\/","name":"2016, un a\u00f1o de barber\u00edas y barberas - Blog Termix Spain","isPartOf":{"@id":"https:\/\/termix.net\/blog\/es\/#website"},"datePublished":"2016-03-17T14:51:37+00:00","dateModified":"2019-12-16T10:33:53+00:00","description":"Andrea Escarcha nos presenta todas las tendencias sobre cabello y barba, siempre acompa\u00f1ada de las herramientas profesionales de Termix.","breadcrumb":{"@id":"https:\/\/termix.net\/blog\/es\/2016-ano-barberias-barberas\/#breadcrumb"},"inLanguage":"es","potentialAction":[{"@type":"ReadAction","target":["https:\/\/termix.net\/blog\/es\/2016-ano-barberias-barberas\/"]}]},{"@type":"BreadcrumbList","@id":"https:\/\/termix.net\/blog\/es\/2016-ano-barberias-barberas\/#breadcrumb","itemListElement":[{"@type":"ListItem","position":1,"name":"Home","item":"https:\/\/termix.net\/blog\/es\/"},{"@type":"ListItem","position":2,"name":"2016, un a\u00f1o de barber\u00edas y barberas"}]},{"@type":"WebSite","@id":"https:\/\/termix.net\/blog\/es\/#website","url":"https:\/\/termix.net\/blog\/es\/","name":"Blog Termix Spain","description":"Blog de tendencias y productos de peluquer\u00eda profesional.","publisher":{"@id":"https:\/\/termix.net\/blog\/es\/#organization"},"potentialAction":[{"@type":"SearchAction","target":{"@type":"EntryPoint","urlTemplate":"https:\/\/termix.net\/blog\/es\/?s={search_term_string}"},"query-input":"required name=search_term_string"}],"inLanguage":"es"},{"@type":"Organization","@id":"https:\/\/termix.net\/blog\/es\/#organization","name":"Dols Industrial de Peluquer\u00eda SA","url":"https:\/\/termix.net\/blog\/es\/","logo":{"@type":"ImageObject","inLanguage":"es","@id":"https:\/\/termix.net\/blog\/es\/#\/schema\/logo\/image\/","url":"https:\/\/termix.net\/blog\/wp-content\/uploads\/2020\/10\/OGbDAeng.jpeg","contentUrl":"https:\/\/termix.net\/blog\/wp-content\/uploads\/2020\/10\/OGbDAeng.jpeg","width":800,"height":800,"caption":"Dols Industrial de Peluquer\u00eda SA"},"image":{"@id":"https:\/\/termix.net\/blog\/es\/#\/schema\/logo\/image\/"}},{"@type":"Person","@id":"https:\/\/termix.net\/blog\/es\/#\/schema\/person\/9096c98bdf03c8ddf91ad7172f254f40","name":"TermixTeam","image":{"@type":"ImageObject","inLanguage":"es","@id":"https:\/\/termix.net\/blog\/es\/#\/schema\/person\/image\/","url":"https:\/\/secure.gravatar.com\/avatar\/d89f61f6bd1c29a4acb231736d1c74b3?s=96&d=mm&r=g","contentUrl":"https:\/\/secure.gravatar.com\/avatar\/d89f61f6bd1c29a4acb231736d1c74b3?s=96&d=mm&r=g","caption":"TermixTeam"},"url":"https:\/\/termix.net\/blog\/es\/author\/termixteam\/"}]}},"_links":{"self":[{"href":"https:\/\/termix.net\/blog\/es\/wp-json\/wp\/v2\/posts\/6289"}],"collection":[{"href":"https:\/\/termix.net\/blog\/es\/wp-json\/wp\/v2\/posts"}],"about":[{"href":"https:\/\/termix.net\/blog\/es\/wp-json\/wp\/v2\/types\/post"}],"author":[{"embeddable":true,"href":"https:\/\/termix.net\/blog\/es\/wp-json\/wp\/v2\/users\/2"}],"replies":[{"embeddable":true,"href":"https:\/\/termix.net\/blog\/es\/wp-json\/wp\/v2\/comments?post=6289"}],"version-history":[{"count":3,"href":"https:\/\/termix.net\/blog\/es\/wp-json\/wp\/v2\/posts\/6289\/revisions"}],"predecessor-version":[{"id":23588,"href":"https:\/\/termix.net\/blog\/es\/wp-json\/wp\/v2\/posts\/6289\/revisions\/23588"}],"wp:featuredmedia":[{"embeddable":true,"href":"https:\/\/termix.net\/blog\/es\/wp-json\/wp\/v2\/media\/23579"}],"wp:attachment":[{"href":"https:\/\/termix.net\/blog\/es\/wp-json\/wp\/v2\/media?parent=6289"}],"wp:term":[{"taxonomy":"category","embeddable":true,"href":"https:\/\/termix.net\/blog\/es\/wp-json\/wp\/v2\/categories?post=6289"},{"taxonomy":"post_tag","embeddable":true,"href":"https:\/\/termix.net\/blog\/es\/wp-json\/wp\/v2\/tags?post=6289"}],"curies":[{"name":"wp","href":"https:\/\/api.w.org\/{rel}","templated":true}]}}