{"id":6280,"date":"2016-03-08T14:01:14","date_gmt":"2016-03-08T14:01:14","guid":{"rendered":"http:\/\/termix.net\/?p=6280"},"modified":"2019-12-16T12:16:02","modified_gmt":"2019-12-16T11:16:02","slug":"ven-conocer-las-novedades-termix-cosmoprof-bolonia-2016","status":"publish","type":"post","link":"https:\/\/termix.net\/blog\/es\/ven-conocer-las-novedades-termix-cosmoprof-bolonia-2016\/","title":{"rendered":"Ven a conocer las novedades de Termix en Cosmoprof Bolonia 2016"},"content":{"rendered":"<p><div class=\"fusion-fullwidth fullwidth-box fusion-builder-row-1 faded-background fusion-parallax-none nonhundred-percent-fullwidth non-hundred-percent-height-scrolling fusion-no-small-visibility fusion-no-medium-visibility\" style=\"--awb-border-radius-top-left:0px;--awb-border-radius-top-right:0px;--awb-border-radius-bottom-right:0px;--awb-border-radius-bottom-left:0px;--awb-padding-top:24%;--awb-padding-right:3%;--awb-padding-left:3%;--awb-background-size:cover;\" ><div class=\"fullwidth-faded\" style=\"--awb-background-color:#181818;--awb-background-image:url(https:\/\/termix.net\/blog\/wp-content\/uploads\/2016\/03\/termix-en-cosmoprof-bolonia-2016.jpg);--awb-background-size:cover;\" ><\/div><div class=\"fusion-builder-row fusion-row\"><div class=\"fusion-layout-column fusion_builder_column fusion-builder-column-0 fusion_builder_column_1_1 1_1 fusion-one-full fusion-column-first fusion-column-last\" style=\"--awb-padding-top:6%;--awb-padding-right:8%;--awb-padding-bottom:6%;--awb-padding-left:8%;--awb-bg-color:rgba(255,255,255,0.7);--awb-bg-size:cover;--awb-margin-top:0px;--awb-margin-bottom:0px;\"><div class=\"fusion-column-wrapper fusion-column-has-shadow fusion-flex-column-wrapper-legacy\"><div class=\"fusion-text fusion-text-1 caption\"><p style=\"text-align: center;\">Ferias \u2014 3 min de lectura<\/p>\n<\/div><div class=\"fusion-title title fusion-title-1 fusion-sep-none fusion-title-center fusion-title-text fusion-title-size-two\" style=\"--awb-margin-top:30px;--awb-margin-bottom:20px;\"><h2 class=\"title-heading-center fusion-responsive-typography-calculated\" style=\"margin:0;--fontSize:50;line-height:1.28;\">Ven a conocer las novedades de Termix en Cosmoprof Bolonia 2016<\/h2><\/div><div class=\"fusion-clearfix\"><\/div><\/div><\/div><\/div><\/div><div class=\"fusion-fullwidth fullwidth-box fusion-builder-row-2 fusion-parallax-none nonhundred-percent-fullwidth non-hundred-percent-height-scrolling fusion-no-large-visibility\" style=\"--awb-border-radius-top-left:0px;--awb-border-radius-top-right:0px;--awb-border-radius-bottom-right:0px;--awb-border-radius-bottom-left:0px;--awb-background-image:url(&quot;https:\/\/termix.net\/info\/wp-content\/uploads\/2019\/11\/con-el-secador-compacto-profesioanl-4300-de-termix-damos-volumen-al-cabello-1.jpg&quot;);--awb-background-size:cover;\" ><div class=\"fusion-builder-row fusion-row\"><div class=\"fusion-layout-column fusion_builder_column fusion-builder-column-1 fusion_builder_column_1_1 1_1 fusion-one-full fusion-column-first fusion-column-last fusion-column-inner-bg-wrapper\" style=\"--awb-padding-top:10%;--awb-padding-bottom:10%;--awb-inner-bg-image:url(&#039;http:\/\/termix.net\/blog\/wp-content\/uploads\/2019\/03\/single-blog-post-feat.jpg&#039;);--awb-inner-bg-position:center center;--awb-inner-bg-size:cover;\"><span class=\"fusion-column-inner-bg hover-type-zoomout\"><span class=\"fusion-column-anchor\"><span class=\"fusion-column-inner-bg-image\"><\/span><\/span><\/span><div class=\"fusion-column-wrapper fusion-flex-column-wrapper-legacy\" data-bg-url=\"http:\/\/termix.net\/blog\/wp-content\/uploads\/2019\/03\/single-blog-post-feat.jpg\"><div class=\"fusion-sep-clear\"><\/div><div class=\"fusion-separator fusion-no-large-visibility fusion-full-width-sep\" style=\"margin-left: auto;margin-right: auto;margin-top:200px;width:100%;\"><\/div><div class=\"fusion-sep-clear\"><\/div><div class=\"fusion-clearfix\"><\/div><\/div><\/div><div class=\"fusion-layout-column fusion_builder_column fusion-builder-column-2 fusion_builder_column_1_1 1_1 fusion-one-full fusion-column-first fusion-column-last\" style=\"--awb-padding-top:6%;--awb-bg-color:#ffffff;--awb-bg-size:cover;--awb-margin-top:0px;--awb-margin-bottom:0px;\"><div class=\"fusion-column-wrapper fusion-flex-column-wrapper-legacy\"><div class=\"fusion-text fusion-text-2 caption\"><p style=\"text-align: center;\">Ferias \u2014 3 min de lectura<\/p>\n<\/div><div class=\"fusion-title title fusion-title-2 fusion-sep-none fusion-title-center fusion-title-text fusion-title-size-two\" style=\"--awb-margin-top:30px;--awb-margin-bottom:20px;\"><h2 class=\"title-heading-center fusion-responsive-typography-calculated\" style=\"margin:0;--fontSize:50;line-height:1.28;\">Ven a conocer las novedades de Termix en Cosmoprof Bolonia 2016<\/h2><\/div><div class=\"fusion-clearfix\"><\/div><\/div><\/div><\/div><\/div><div class=\"fusion-fullwidth fullwidth-box fusion-builder-row-3 nonhundred-percent-fullwidth non-hundred-percent-height-scrolling\" style=\"--awb-border-radius-top-left:0px;--awb-border-radius-top-right:0px;--awb-border-radius-bottom-right:0px;--awb-border-radius-bottom-left:0px;--awb-padding-top:10px;--awb-padding-bottom:4%;\" ><div class=\"fusion-builder-row fusion-row\"><div class=\"fusion-layout-column fusion_builder_column fusion-builder-column-3 fusion_builder_column_1_6 1_6 fusion-one-sixth fusion-column-first fusion-no-small-visibility fusion-no-medium-visibility\" style=\"--awb-bg-size:cover;width:16.666666666667%;width:calc(16.666666666667% - ( ( 0 ) * 0.16666666666667 ) );margin-right: 0px;\"><div class=\"fusion-column-wrapper fusion-flex-column-wrapper-legacy\"><div class=\"fusion-clearfix\"><\/div><\/div><\/div><div class=\"fusion-layout-column fusion_builder_column fusion-builder-column-4 fusion_builder_column_2_3 2_3 fusion-two-third fusion-column-last\" style=\"--awb-bg-size:cover;width:66.666666666667%;width:calc(66.666666666667% - ( ( 0 ) * 0.66666666666667 ) );\"><div class=\"fusion-column-wrapper fusion-flex-column-wrapper-legacy\"><div class=\"fusion-sep-clear\"><\/div><div class=\"fusion-separator fusion-full-width-sep\" style=\"margin-left: auto;margin-right: auto;margin-top:30px;width:100%;\"><\/div><div class=\"fusion-sep-clear\"><\/div><div class=\"fusion-text fusion-text-3\"><p style=\"text-align: center;\"><span style=\"font-size: 22px; line-height: 1.5em;\"> 49 a\u00f1os de andadura, m\u00e1s de 90.000 m2 de exposici\u00f3n y 248.000 visitantes previstos. <\/span><\/p>\n<p style=\"text-align: center;\"><span style=\"font-size: 22px; line-height: 1.5em;\">Del 18 al 21 de marzo arranca el evento m\u00e1s importante del sector de la belleza y la cosm\u00e9tica. La feria Cosmoprof Worldwide Bolonia 2016 abre sus puertas para mostrar las \u00faltimas tendencias y convertirse en el punto de encuentro de distribuidores y marcas de todo el mundo en un espacio \u00fanico.<\/span><\/p>\n<\/div><div class=\"fusion-sep-clear\"><\/div><div class=\"fusion-separator fusion-full-width-sep\" style=\"margin-left: auto;margin-right: auto;margin-top:30px;width:100%;\"><\/div><div class=\"fusion-sep-clear\"><\/div><div class=\"fusion-text fusion-text-4\"><h3 style=\"text-align: justify;\"><img decoding=\"async\" class=\"aligncenter size-full wp-image-6283\" src=\"http:\/\/termix.net\/wp-content\/uploads\/2016\/03\/stand-de-termix-en-Cosmoprof-Bolonia-2015.jpg\" alt=\"stand de termix en Cosmoprof Bolonia 2015\" width=\"800\" height=\"495\" \/><\/h3>\n<p style=\"text-align: justify;\">Una cita ineludible en el sector de la belleza y la cosm\u00e9tica que tendr\u00e1 lugar en el recinto ferial de Bolonia, y a la que\u00a0<strong>Termix<\/strong>, fabricante l\u00edder de productos de<strong>\u00a0peluquer\u00eda profesional<\/strong>, se sumar\u00e1 un a\u00f1o m\u00e1s para\u00a0<strong>estar m\u00e1s cerca de sus clientes internacionales.<\/strong><\/p>\n<p style=\"text-align: justify;\">Con casi 50 a\u00f1os de existencia, la feria Cosmoprof Worldwide Bolonia llega a su 88\u00a0edici\u00f3n cargada de novedades. Sin duda, el mejor escaparate en el que Termix exhibir\u00e1 sus nuevas creaciones\u00a0para\u00a0este 2016, entre las que destacan las ya presentadas en la feria STS Beauty BCN: el <strong>cepillo Termix Evolution XL y los cepillos el\u00e9ctricos profesionales Pro Flat y Pro Styling<\/strong>, entre otros nuevos productos a\u00fan por desvelar.<\/p>\n<p style=\"text-align: justify;\">La feria Cosmoprof acoge a m\u00e1s de\u00a0<strong>3.000 marcas de todo el mundo<\/strong>\u00a0que se re\u00fanen durante esos d\u00edas para presentar sus \u00faltimas novedades. Esta nueva edici\u00f3n viene cargada de\u00a0<strong>talleres, conferencias, una zona de pasarela<\/strong>\u00a0donde la elegancia, el color y el estilo ser\u00e1n el centro de atenci\u00f3n, y\u00a0<strong>varios escenarios<\/strong>\u00a0donde se presentar\u00e1n las tendencias actuales en cortes de cabello, belleza y cosm\u00e9tica dela mano de los mejores profesionales del sector.<\/p>\n<p style=\"text-align: justify;\">No te pierdas esta cita y ven a visitarnos en nuestro\u00a0<strong>Stand A23 del Pabell\u00f3n 33 del Recinto Ferial de Bolonia<\/strong>.\u00a1Te esperamos!<\/p>\n<\/div><div class=\"fusion-clearfix\"><\/div><\/div><\/div><\/div><\/div><div class=\"fusion-fullwidth fullwidth-box fusion-builder-row-4 nonhundred-percent-fullwidth non-hundred-percent-height-scrolling\" style=\"--awb-border-radius-top-left:0px;--awb-border-radius-top-right:0px;--awb-border-radius-bottom-right:0px;--awb-border-radius-bottom-left:0px;\" ><\/div><\/p>\n","protected":false},"excerpt":{"rendered":"<p>\t\t\t\tDel 18 al 21 de marzo, Termix volver\u00e1 a estar presente en Cosmoprof Worldwide Bolonia, el evento m\u00e1s importante del sector de la belleza y la cosm\u00e9tica. Una cita ineludible donde presentaremos nuestro nuevo cat\u00e1logo de productos y novedades para este 2016.\t\t<\/p>\n","protected":false},"author":2,"featured_media":23614,"comment_status":"open","ping_status":"open","sticky":false,"template":"","format":"standard","meta":[],"categories":[6],"tags":[],"yoast_head":"<!-- This site is optimized with the Yoast SEO plugin v20.0 - https:\/\/yoast.com\/wordpress\/plugins\/seo\/ -->\n<title>Ven a conocer las novedades de Termix en Cosmoprof Bolonia 2016 - Blog Termix Spain<\/title>\n<meta name=\"description\" content=\"Blog Termix Spain - Ven a conocer las novedades de Termix en Cosmoprof Bolonia 2016 -\" \/>\n<meta name=\"robots\" content=\"index, follow, max-snippet:-1, max-image-preview:large, max-video-preview:-1\" \/>\n<link rel=\"canonical\" href=\"https:\/\/termix.net\/blog\/es\/ven-conocer-las-novedades-termix-cosmoprof-bolonia-2016\/\" \/>\n<meta property=\"og:locale\" content=\"es_ES\" \/>\n<meta property=\"og:type\" content=\"article\" \/>\n<meta property=\"og:title\" content=\"Ven a conocer las novedades de Termix en Cosmoprof Bolonia 2016 - Blog Termix Spain\" \/>\n<meta property=\"og:description\" content=\"Blog Termix Spain - Ven a conocer las novedades de Termix en Cosmoprof Bolonia 2016 -\" \/>\n<meta property=\"og:url\" content=\"https:\/\/termix.net\/blog\/es\/ven-conocer-las-novedades-termix-cosmoprof-bolonia-2016\/\" \/>\n<meta property=\"og:site_name\" content=\"Blog Termix Spain\" \/>\n<meta property=\"article:published_time\" content=\"2016-03-08T14:01:14+00:00\" \/>\n<meta property=\"article:modified_time\" content=\"2019-12-16T11:16:02+00:00\" \/>\n<meta property=\"og:image\" content=\"https:\/\/termix.net\/blog\/wp-content\/uploads\/2016\/03\/termix-en-cosmoprof-bolonia-2016.jpg\" \/>\n\t<meta property=\"og:image:width\" content=\"800\" \/>\n\t<meta property=\"og:image:height\" content=\"495\" \/>\n\t<meta property=\"og:image:type\" content=\"image\/jpeg\" \/>\n<meta name=\"author\" content=\"TermixTeam\" \/>\n<meta name=\"twitter:card\" content=\"summary_large_image\" \/>\n<meta name=\"twitter:label1\" content=\"Escrito por\" \/>\n\t<meta name=\"twitter:data1\" content=\"TermixTeam\" \/>\n\t<meta name=\"twitter:label2\" content=\"Tiempo de lectura\" \/>\n\t<meta name=\"twitter:data2\" content=\"7 minutos\" \/>\n<script type=\"application\/ld+json\" class=\"yoast-schema-graph\">{\"@context\":\"https:\/\/schema.org\",\"@graph\":[{\"@type\":\"Article\",\"@id\":\"https:\/\/termix.net\/blog\/es\/ven-conocer-las-novedades-termix-cosmoprof-bolonia-2016\/#article\",\"isPartOf\":{\"@id\":\"https:\/\/termix.net\/blog\/es\/ven-conocer-las-novedades-termix-cosmoprof-bolonia-2016\/\"},\"author\":{\"name\":\"TermixTeam\",\"@id\":\"https:\/\/termix.net\/blog\/es\/#\/schema\/person\/9096c98bdf03c8ddf91ad7172f254f40\"},\"headline\":\"Ven a conocer las novedades de Termix en Cosmoprof Bolonia 2016\",\"datePublished\":\"2016-03-08T14:01:14+00:00\",\"dateModified\":\"2019-12-16T11:16:02+00:00\",\"mainEntityOfPage\":{\"@id\":\"https:\/\/termix.net\/blog\/es\/ven-conocer-las-novedades-termix-cosmoprof-bolonia-2016\/\"},\"wordCount\":1468,\"commentCount\":2,\"publisher\":{\"@id\":\"https:\/\/termix.net\/blog\/es\/#organization\"},\"articleSection\":[\"NOTICIAS\"],\"inLanguage\":\"es\",\"potentialAction\":[{\"@type\":\"CommentAction\",\"name\":\"Comment\",\"target\":[\"https:\/\/termix.net\/blog\/es\/ven-conocer-las-novedades-termix-cosmoprof-bolonia-2016\/#respond\"]}]},{\"@type\":\"WebPage\",\"@id\":\"https:\/\/termix.net\/blog\/es\/ven-conocer-las-novedades-termix-cosmoprof-bolonia-2016\/\",\"url\":\"https:\/\/termix.net\/blog\/es\/ven-conocer-las-novedades-termix-cosmoprof-bolonia-2016\/\",\"name\":\"Ven a conocer las novedades de Termix en Cosmoprof Bolonia 2016 - Blog Termix Spain\",\"isPartOf\":{\"@id\":\"https:\/\/termix.net\/blog\/es\/#website\"},\"datePublished\":\"2016-03-08T14:01:14+00:00\",\"dateModified\":\"2019-12-16T11:16:02+00:00\",\"description\":\"Blog Termix Spain - Ven a conocer las novedades de Termix en Cosmoprof Bolonia 2016 -\",\"breadcrumb\":{\"@id\":\"https:\/\/termix.net\/blog\/es\/ven-conocer-las-novedades-termix-cosmoprof-bolonia-2016\/#breadcrumb\"},\"inLanguage\":\"es\",\"potentialAction\":[{\"@type\":\"ReadAction\",\"target\":[\"https:\/\/termix.net\/blog\/es\/ven-conocer-las-novedades-termix-cosmoprof-bolonia-2016\/\"]}]},{\"@type\":\"BreadcrumbList\",\"@id\":\"https:\/\/termix.net\/blog\/es\/ven-conocer-las-novedades-termix-cosmoprof-bolonia-2016\/#breadcrumb\",\"itemListElement\":[{\"@type\":\"ListItem\",\"position\":1,\"name\":\"Home\",\"item\":\"https:\/\/termix.net\/blog\/es\/\"},{\"@type\":\"ListItem\",\"position\":2,\"name\":\"Ven a conocer las novedades de Termix en Cosmoprof Bolonia 2016\"}]},{\"@type\":\"WebSite\",\"@id\":\"https:\/\/termix.net\/blog\/es\/#website\",\"url\":\"https:\/\/termix.net\/blog\/es\/\",\"name\":\"Blog Termix Spain\",\"description\":\"Blog de tendencias y productos de peluquer\u00eda profesional.\",\"publisher\":{\"@id\":\"https:\/\/termix.net\/blog\/es\/#organization\"},\"potentialAction\":[{\"@type\":\"SearchAction\",\"target\":{\"@type\":\"EntryPoint\",\"urlTemplate\":\"https:\/\/termix.net\/blog\/es\/?s={search_term_string}\"},\"query-input\":\"required name=search_term_string\"}],\"inLanguage\":\"es\"},{\"@type\":\"Organization\",\"@id\":\"https:\/\/termix.net\/blog\/es\/#organization\",\"name\":\"Dols Industrial de Peluquer\u00eda SA\",\"url\":\"https:\/\/termix.net\/blog\/es\/\",\"logo\":{\"@type\":\"ImageObject\",\"inLanguage\":\"es\",\"@id\":\"https:\/\/termix.net\/blog\/es\/#\/schema\/logo\/image\/\",\"url\":\"https:\/\/termix.net\/blog\/wp-content\/uploads\/2020\/10\/OGbDAeng.jpeg\",\"contentUrl\":\"https:\/\/termix.net\/blog\/wp-content\/uploads\/2020\/10\/OGbDAeng.jpeg\",\"width\":800,\"height\":800,\"caption\":\"Dols Industrial de Peluquer\u00eda SA\"},\"image\":{\"@id\":\"https:\/\/termix.net\/blog\/es\/#\/schema\/logo\/image\/\"}},{\"@type\":\"Person\",\"@id\":\"https:\/\/termix.net\/blog\/es\/#\/schema\/person\/9096c98bdf03c8ddf91ad7172f254f40\",\"name\":\"TermixTeam\",\"image\":{\"@type\":\"ImageObject\",\"inLanguage\":\"es\",\"@id\":\"https:\/\/termix.net\/blog\/es\/#\/schema\/person\/image\/\",\"url\":\"https:\/\/secure.gravatar.com\/avatar\/d89f61f6bd1c29a4acb231736d1c74b3?s=96&d=mm&r=g\",\"contentUrl\":\"https:\/\/secure.gravatar.com\/avatar\/d89f61f6bd1c29a4acb231736d1c74b3?s=96&d=mm&r=g\",\"caption\":\"TermixTeam\"},\"url\":\"https:\/\/termix.net\/blog\/es\/author\/termixteam\/\"}]}<\/script>\n<!-- \/ Yoast SEO plugin. -->","yoast_head_json":{"title":"Ven a conocer las novedades de Termix en Cosmoprof Bolonia 2016 - Blog Termix Spain","description":"Blog Termix Spain - Ven a conocer las novedades de Termix en Cosmoprof Bolonia 2016 -","robots":{"index":"index","follow":"follow","max-snippet":"max-snippet:-1","max-image-preview":"max-image-preview:large","max-video-preview":"max-video-preview:-1"},"canonical":"https:\/\/termix.net\/blog\/es\/ven-conocer-las-novedades-termix-cosmoprof-bolonia-2016\/","og_locale":"es_ES","og_type":"article","og_title":"Ven a conocer las novedades de Termix en Cosmoprof Bolonia 2016 - Blog Termix Spain","og_description":"Blog Termix Spain - Ven a conocer las novedades de Termix en Cosmoprof Bolonia 2016 -","og_url":"https:\/\/termix.net\/blog\/es\/ven-conocer-las-novedades-termix-cosmoprof-bolonia-2016\/","og_site_name":"Blog Termix Spain","article_published_time":"2016-03-08T14:01:14+00:00","article_modified_time":"2019-12-16T11:16:02+00:00","og_image":[{"width":800,"height":495,"url":"https:\/\/termix.net\/blog\/wp-content\/uploads\/2016\/03\/termix-en-cosmoprof-bolonia-2016.jpg","type":"image\/jpeg"}],"author":"TermixTeam","twitter_card":"summary_large_image","twitter_misc":{"Escrito por":"TermixTeam","Tiempo de lectura":"7 minutos"},"schema":{"@context":"https:\/\/schema.org","@graph":[{"@type":"Article","@id":"https:\/\/termix.net\/blog\/es\/ven-conocer-las-novedades-termix-cosmoprof-bolonia-2016\/#article","isPartOf":{"@id":"https:\/\/termix.net\/blog\/es\/ven-conocer-las-novedades-termix-cosmoprof-bolonia-2016\/"},"author":{"name":"TermixTeam","@id":"https:\/\/termix.net\/blog\/es\/#\/schema\/person\/9096c98bdf03c8ddf91ad7172f254f40"},"headline":"Ven a conocer las novedades de Termix en Cosmoprof Bolonia 2016","datePublished":"2016-03-08T14:01:14+00:00","dateModified":"2019-12-16T11:16:02+00:00","mainEntityOfPage":{"@id":"https:\/\/termix.net\/blog\/es\/ven-conocer-las-novedades-termix-cosmoprof-bolonia-2016\/"},"wordCount":1468,"commentCount":2,"publisher":{"@id":"https:\/\/termix.net\/blog\/es\/#organization"},"articleSection":["NOTICIAS"],"inLanguage":"es","potentialAction":[{"@type":"CommentAction","name":"Comment","target":["https:\/\/termix.net\/blog\/es\/ven-conocer-las-novedades-termix-cosmoprof-bolonia-2016\/#respond"]}]},{"@type":"WebPage","@id":"https:\/\/termix.net\/blog\/es\/ven-conocer-las-novedades-termix-cosmoprof-bolonia-2016\/","url":"https:\/\/termix.net\/blog\/es\/ven-conocer-las-novedades-termix-cosmoprof-bolonia-2016\/","name":"Ven a conocer las novedades de Termix en Cosmoprof Bolonia 2016 - Blog Termix Spain","isPartOf":{"@id":"https:\/\/termix.net\/blog\/es\/#website"},"datePublished":"2016-03-08T14:01:14+00:00","dateModified":"2019-12-16T11:16:02+00:00","description":"Blog Termix Spain - Ven a conocer las novedades de Termix en Cosmoprof Bolonia 2016 -","breadcrumb":{"@id":"https:\/\/termix.net\/blog\/es\/ven-conocer-las-novedades-termix-cosmoprof-bolonia-2016\/#breadcrumb"},"inLanguage":"es","potentialAction":[{"@type":"ReadAction","target":["https:\/\/termix.net\/blog\/es\/ven-conocer-las-novedades-termix-cosmoprof-bolonia-2016\/"]}]},{"@type":"BreadcrumbList","@id":"https:\/\/termix.net\/blog\/es\/ven-conocer-las-novedades-termix-cosmoprof-bolonia-2016\/#breadcrumb","itemListElement":[{"@type":"ListItem","position":1,"name":"Home","item":"https:\/\/termix.net\/blog\/es\/"},{"@type":"ListItem","position":2,"name":"Ven a conocer las novedades de Termix en Cosmoprof Bolonia 2016"}]},{"@type":"WebSite","@id":"https:\/\/termix.net\/blog\/es\/#website","url":"https:\/\/termix.net\/blog\/es\/","name":"Blog Termix Spain","description":"Blog de tendencias y productos de peluquer\u00eda profesional.","publisher":{"@id":"https:\/\/termix.net\/blog\/es\/#organization"},"potentialAction":[{"@type":"SearchAction","target":{"@type":"EntryPoint","urlTemplate":"https:\/\/termix.net\/blog\/es\/?s={search_term_string}"},"query-input":"required name=search_term_string"}],"inLanguage":"es"},{"@type":"Organization","@id":"https:\/\/termix.net\/blog\/es\/#organization","name":"Dols Industrial de Peluquer\u00eda SA","url":"https:\/\/termix.net\/blog\/es\/","logo":{"@type":"ImageObject","inLanguage":"es","@id":"https:\/\/termix.net\/blog\/es\/#\/schema\/logo\/image\/","url":"https:\/\/termix.net\/blog\/wp-content\/uploads\/2020\/10\/OGbDAeng.jpeg","contentUrl":"https:\/\/termix.net\/blog\/wp-content\/uploads\/2020\/10\/OGbDAeng.jpeg","width":800,"height":800,"caption":"Dols Industrial de Peluquer\u00eda SA"},"image":{"@id":"https:\/\/termix.net\/blog\/es\/#\/schema\/logo\/image\/"}},{"@type":"Person","@id":"https:\/\/termix.net\/blog\/es\/#\/schema\/person\/9096c98bdf03c8ddf91ad7172f254f40","name":"TermixTeam","image":{"@type":"ImageObject","inLanguage":"es","@id":"https:\/\/termix.net\/blog\/es\/#\/schema\/person\/image\/","url":"https:\/\/secure.gravatar.com\/avatar\/d89f61f6bd1c29a4acb231736d1c74b3?s=96&d=mm&r=g","contentUrl":"https:\/\/secure.gravatar.com\/avatar\/d89f61f6bd1c29a4acb231736d1c74b3?s=96&d=mm&r=g","caption":"TermixTeam"},"url":"https:\/\/termix.net\/blog\/es\/author\/termixteam\/"}]}},"_links":{"self":[{"href":"https:\/\/termix.net\/blog\/es\/wp-json\/wp\/v2\/posts\/6280"}],"collection":[{"href":"https:\/\/termix.net\/blog\/es\/wp-json\/wp\/v2\/posts"}],"about":[{"href":"https:\/\/termix.net\/blog\/es\/wp-json\/wp\/v2\/types\/post"}],"author":[{"embeddable":true,"href":"https:\/\/termix.net\/blog\/es\/wp-json\/wp\/v2\/users\/2"}],"replies":[{"embeddable":true,"href":"https:\/\/termix.net\/blog\/es\/wp-json\/wp\/v2\/comments?post=6280"}],"version-history":[{"count":3,"href":"https:\/\/termix.net\/blog\/es\/wp-json\/wp\/v2\/posts\/6280\/revisions"}],"predecessor-version":[{"id":23638,"href":"https:\/\/termix.net\/blog\/es\/wp-json\/wp\/v2\/posts\/6280\/revisions\/23638"}],"wp:featuredmedia":[{"embeddable":true,"href":"https:\/\/termix.net\/blog\/es\/wp-json\/wp\/v2\/media\/23614"}],"wp:attachment":[{"href":"https:\/\/termix.net\/blog\/es\/wp-json\/wp\/v2\/media?parent=6280"}],"wp:term":[{"taxonomy":"category","embeddable":true,"href":"https:\/\/termix.net\/blog\/es\/wp-json\/wp\/v2\/categories?post=6280"},{"taxonomy":"post_tag","embeddable":true,"href":"https:\/\/termix.net\/blog\/es\/wp-json\/wp\/v2\/tags?post=6280"}],"curies":[{"name":"wp","href":"https:\/\/api.w.org\/{rel}","templated":true}]}}