{"id":6248,"date":"2016-03-04T13:11:35","date_gmt":"2016-03-04T13:11:35","guid":{"rendered":"http:\/\/termix.net\/?p=6248"},"modified":"2019-12-16T12:05:54","modified_gmt":"2019-12-16T11:05:54","slug":"termix-hace-historia-en-la-feria-sts-beauty-bcn-2016","status":"publish","type":"post","link":"https:\/\/termix.net\/blog\/es\/termix-hace-historia-en-la-feria-sts-beauty-bcn-2016\/","title":{"rendered":"Termix hace historia en la feria STS Beauty 2016"},"content":{"rendered":"<p><div class=\"fusion-fullwidth fullwidth-box fusion-builder-row-1 faded-background fusion-parallax-none nonhundred-percent-fullwidth non-hundred-percent-height-scrolling fusion-no-small-visibility fusion-no-medium-visibility\" style=\"--awb-border-radius-top-left:0px;--awb-border-radius-top-right:0px;--awb-border-radius-bottom-right:0px;--awb-border-radius-bottom-left:0px;--awb-padding-top:24%;--awb-padding-right:3%;--awb-padding-left:3%;--awb-background-size:cover;\" ><div class=\"fullwidth-faded\" style=\"--awb-background-color:#181818;--awb-background-image:url(https:\/\/termix.net\/blog\/wp-content\/uploads\/2019\/11\/termix-evolution-hairbrushes-will-be-on-Inbeauty-lisbon-tradeshow.jpg);--awb-background-size:cover;\" ><\/div><div class=\"fusion-builder-row fusion-row\"><div class=\"fusion-layout-column fusion_builder_column fusion-builder-column-0 fusion_builder_column_1_1 1_1 fusion-one-full fusion-column-first fusion-column-last\" style=\"--awb-padding-top:6%;--awb-padding-right:8%;--awb-padding-bottom:6%;--awb-padding-left:8%;--awb-bg-color:rgba(255,255,255,0.7);--awb-bg-size:cover;--awb-margin-top:0px;--awb-margin-bottom:0px;\"><div class=\"fusion-column-wrapper fusion-column-has-shadow fusion-flex-column-wrapper-legacy\"><div class=\"fusion-text fusion-text-1 caption\"><p style=\"text-align: center;\">Noticias \u2014 2 min de lectura<\/p>\n<\/div><div class=\"fusion-title title fusion-title-1 fusion-sep-none fusion-title-center fusion-title-text fusion-title-size-two\" style=\"--awb-margin-top:30px;--awb-margin-bottom:20px;\"><h2 class=\"title-heading-center fusion-responsive-typography-calculated\" style=\"margin:0;--fontSize:50;line-height:1.28;\">Termix hace historia en la feria STS Beauty 2016<\/h2><\/div><div class=\"fusion-clearfix\"><\/div><\/div><\/div><\/div><\/div><div class=\"fusion-fullwidth fullwidth-box fusion-builder-row-2 fusion-parallax-none nonhundred-percent-fullwidth non-hundred-percent-height-scrolling fusion-no-large-visibility\" style=\"--awb-border-radius-top-left:0px;--awb-border-radius-top-right:0px;--awb-border-radius-bottom-right:0px;--awb-border-radius-bottom-left:0px;--awb-background-image:url(&quot;https:\/\/termix.net\/blog\/wp-content\/uploads\/2019\/11\/termix-evolution-hairbrushes-will-be-on-Inbeauty-lisbon-tradeshow.jpg&quot;);--awb-background-size:cover;\" ><div class=\"fusion-builder-row fusion-row\"><div class=\"fusion-layout-column fusion_builder_column fusion-builder-column-1 fusion_builder_column_1_1 1_1 fusion-one-full fusion-column-first fusion-column-last fusion-column-inner-bg-wrapper\" style=\"--awb-padding-top:10%;--awb-padding-bottom:10%;--awb-inner-bg-image:url(&#039;http:\/\/termix.net\/blog\/wp-content\/uploads\/2019\/03\/single-blog-post-feat.jpg&#039;);--awb-inner-bg-position:center center;--awb-inner-bg-size:cover;\"><span class=\"fusion-column-inner-bg hover-type-zoomout\"><span class=\"fusion-column-anchor\"><span class=\"fusion-column-inner-bg-image\"><\/span><\/span><\/span><div class=\"fusion-column-wrapper fusion-flex-column-wrapper-legacy\" data-bg-url=\"http:\/\/termix.net\/blog\/wp-content\/uploads\/2019\/03\/single-blog-post-feat.jpg\"><div class=\"fusion-sep-clear\"><\/div><div class=\"fusion-separator fusion-no-large-visibility fusion-full-width-sep\" style=\"margin-left: auto;margin-right: auto;margin-top:200px;width:100%;\"><\/div><div class=\"fusion-sep-clear\"><\/div><div class=\"fusion-clearfix\"><\/div><\/div><\/div><div class=\"fusion-layout-column fusion_builder_column fusion-builder-column-2 fusion_builder_column_1_1 1_1 fusion-one-full fusion-column-first fusion-column-last\" style=\"--awb-padding-top:6%;--awb-bg-color:#ffffff;--awb-bg-size:cover;--awb-margin-top:0px;--awb-margin-bottom:0px;\"><div class=\"fusion-column-wrapper fusion-flex-column-wrapper-legacy\"><div class=\"fusion-text fusion-text-2 caption\"><p style=\"text-align: center;\">Noticias \u2014 2 min de lectura<\/p>\n<\/div><div class=\"fusion-title title fusion-title-2 fusion-sep-none fusion-title-center fusion-title-text fusion-title-size-two\" style=\"--awb-margin-top:30px;--awb-margin-bottom:20px;\"><h2 class=\"title-heading-center fusion-responsive-typography-calculated\" style=\"margin:0;--fontSize:50;line-height:1.28;\">Termix hace historia en la feria STS Beauty 2016<\/h2><\/div><div class=\"fusion-clearfix\"><\/div><\/div><\/div><\/div><\/div><div class=\"fusion-fullwidth fullwidth-box fusion-builder-row-3 nonhundred-percent-fullwidth non-hundred-percent-height-scrolling\" style=\"--awb-border-radius-top-left:0px;--awb-border-radius-top-right:0px;--awb-border-radius-bottom-right:0px;--awb-border-radius-bottom-left:0px;--awb-padding-top:10px;--awb-padding-bottom:4%;\" ><div class=\"fusion-builder-row fusion-row\"><div class=\"fusion-layout-column fusion_builder_column fusion-builder-column-3 fusion_builder_column_1_6 1_6 fusion-one-sixth fusion-column-first fusion-no-small-visibility fusion-no-medium-visibility\" style=\"--awb-bg-size:cover;width:16.666666666667%;width:calc(16.666666666667% - ( ( 0 + 0 ) * 0.16666666666667 ) );margin-right: 0px;\"><div class=\"fusion-column-wrapper fusion-flex-column-wrapper-legacy\"><div class=\"fusion-clearfix\"><\/div><\/div><\/div><div class=\"fusion-layout-column fusion_builder_column fusion-builder-column-4 fusion_builder_column_2_3 2_3 fusion-two-third\" style=\"--awb-bg-size:cover;width:66.666666666667%;width:calc(66.666666666667% - ( ( 0 + 0 ) * 0.66666666666667 ) );margin-right: 0px;\"><div class=\"fusion-column-wrapper fusion-flex-column-wrapper-legacy\"><div class=\"fusion-sep-clear\"><\/div><div class=\"fusion-separator fusion-full-width-sep\" style=\"margin-left: auto;margin-right: auto;margin-top:30px;width:100%;\"><\/div><div class=\"fusion-sep-clear\"><\/div><div class=\"fusion-text fusion-text-3\"><p>No ha sido una edici\u00f3n cualquiera, ni mucho menos. La presencia de Termix en la feria STS Beauty BCN, celebrada del <strong>13 al 15 de febrero<\/strong> en el recinto CCIB de Barcelona, se ha convertido en una de las m\u00e1s sonadas de la marca. Junto con estilistas referentes, estrellas invitadas y la presentaci\u00f3n de sus nuevos lanzamientos, el <strong>stand de Termix<\/strong> se convirti\u00f3 en uno de los focos principales de esta edici\u00f3n para miles de visitantes. Unos resultados que auguran un 2016 lleno de \u00e9xitos y alegr\u00edas.<\/p>\n<\/div><div class=\"fusion-sep-clear\"><\/div><div class=\"fusion-separator fusion-full-width-sep\" style=\"margin-left: auto;margin-right: auto;margin-top:30px;width:100%;\"><\/div><div class=\"fusion-sep-clear\"><\/div><div class=\"fusion-clearfix\"><\/div><\/div><\/div><div class=\"fusion-layout-column fusion_builder_column fusion-builder-column-5 fusion_builder_column_1_6 1_6 fusion-one-sixth fusion-column-last fusion-no-small-visibility fusion-no-medium-visibility\" style=\"--awb-bg-size:cover;width:16.666666666667%;width:calc(16.666666666667% - ( ( 0 + 0 ) * 0.16666666666667 ) );\"><div class=\"fusion-column-wrapper fusion-flex-column-wrapper-legacy\"><div class=\"fusion-clearfix\"><\/div><\/div><\/div><\/div><\/div><div class=\"fusion-fullwidth fullwidth-box fusion-builder-row-4 video-background nonhundred-percent-fullwidth hundred-percent-height hundred-percent-height-center-content non-hundred-percent-height-scrolling\" style=\"--awb-border-radius-top-left:0px;--awb-border-radius-top-right:0px;--awb-border-radius-bottom-right:0px;--awb-border-radius-bottom-left:0px;\" ><div style='opacity:0;' class='fusion-background-video-wrapper' id='video-1' data-youtube-video-id='LHn8-EDnzDw' data-mute='yes' data-loop='1' data-loop-adjustment='' data-video-aspect-ratio='16:9'><div class='fusion-container-video-bg' id='video-2-inner'><\/div><\/div><div class=\"fusion-fullwidth-center-content\"><div class=\"fusion-builder-row fusion-row\"><div class=\"fusion-layout-column fusion_builder_column fusion-builder-column-6 fusion_builder_column_1_6 1_6 fusion-one-sixth fusion-column-first fusion-no-small-visibility fusion-no-medium-visibility\" style=\"--awb-bg-size:cover;width:16.666666666667%;width:calc(16.666666666667% - ( ( 0 + 4% ) * 0.16666666666667 ) );margin-right: 0px;\"><div class=\"fusion-column-wrapper fusion-flex-column-wrapper-legacy\"><div class=\"fusion-clearfix\"><\/div><\/div><\/div><div class=\"fusion-layout-column fusion_builder_column fusion-builder-column-7 fusion_builder_column_2_3 2_3 fusion-two-third fusion-column-inner-bg-wrapper fusion-animated\" style=\"--awb-inner-bg-size:cover;--awb-margin-top:0px;--awb-margin-bottom:0px;width:66.666666666667%;width:calc(66.666666666667% - ( ( 0 + 4% ) * 0.66666666666667 ) );margin-right: 4%;\" data-animationType=\"fadeInUp\" data-animationDuration=\"0.3\" data-animationOffset=\"top-into-view\"><span class=\"fusion-column-inner-bg hover-type-zoomout\"><span class=\"fusion-column-anchor\"><span class=\"fusion-column-inner-bg-image\"><\/span><\/span><\/span><div class=\"fusion-column-wrapper fusion-column-has-shadow fusion-flex-column-wrapper-legacy\"><div class=\"fusion-title title fusion-title-3 fusion-sep-none fusion-title-text fusion-title-size-three\"><h3 class=\"title-heading-left fusion-responsive-typography-calculated\" style=\"margin:0;--fontSize:40;line-height:1.4;\"><\/h3><\/div><div class=\"fusion-clearfix\"><\/div><\/div><\/div><div class=\"fusion-layout-column fusion_builder_column fusion-builder-column-8 fusion_builder_column_1_6 1_6 fusion-one-sixth fusion-column-last fusion-no-small-visibility fusion-no-medium-visibility\" style=\"--awb-bg-size:cover;width:16.666666666667%;width:calc(16.666666666667% - ( ( 0 + 4% ) * 0.16666666666667 ) );\"><div class=\"fusion-column-wrapper fusion-flex-column-wrapper-legacy\"><div class=\"fusion-clearfix\"><\/div><\/div><\/div><\/div><\/div><\/div><div class=\"fusion-fullwidth fullwidth-box fusion-builder-row-5 nonhundred-percent-fullwidth non-hundred-percent-height-scrolling\" style=\"--awb-border-radius-top-left:0px;--awb-border-radius-top-right:0px;--awb-border-radius-bottom-right:0px;--awb-border-radius-bottom-left:0px;\" ><div class=\"fusion-builder-row fusion-row\"><div class=\"fusion-layout-column fusion_builder_column fusion-builder-column-9 fusion_builder_column_1_1 1_1 fusion-one-full fusion-column-first fusion-column-last\" style=\"--awb-bg-size:cover;--awb-margin-top:0px;--awb-margin-bottom:0px;\"><div class=\"fusion-column-wrapper fusion-flex-column-wrapper-legacy\"><div class=\"fusion-text fusion-text-4\"><p><img decoding=\"async\" class=\"size-full wp-image-23630 aligncenter\" src=\"https:\/\/termix.net\/blog\/wp-content\/uploads\/2016\/03\/bannerweb_feriaSTSbeauty2.jpg\" alt=\"\" width=\"800\" height=\"400\" srcset=\"https:\/\/termix.net\/blog\/wp-content\/uploads\/2016\/03\/bannerweb_feriaSTSbeauty2-200x100.jpg 200w, https:\/\/termix.net\/blog\/wp-content\/uploads\/2016\/03\/bannerweb_feriaSTSbeauty2-300x150.jpg 300w, https:\/\/termix.net\/blog\/wp-content\/uploads\/2016\/03\/bannerweb_feriaSTSbeauty2-400x200.jpg 400w, https:\/\/termix.net\/blog\/wp-content\/uploads\/2016\/03\/bannerweb_feriaSTSbeauty2-600x300.jpg 600w, https:\/\/termix.net\/blog\/wp-content\/uploads\/2016\/03\/bannerweb_feriaSTSbeauty2-768x384.jpg 768w, https:\/\/termix.net\/blog\/wp-content\/uploads\/2016\/03\/bannerweb_feriaSTSbeauty2.jpg 800w\" sizes=\"(max-width: 800px) 100vw, 800px\" \/><\/p>\n<p>\u201c<em>Hoy, Termix ha hecho historia<\/em>\u201d, afirmaba <strong>H\u00e9ctor Carvajal<\/strong> tras su demostraci\u00f3n en el escenario de<strong> Termix<\/strong> con la modelo <strong>Mireia Canalda<\/strong> y la colaboradora de televisi\u00f3n <strong>Ares Teixid\u00f3<\/strong> presentando uno de los nuevos lanzamientos de Termix: el cepillo <strong>Evolution XL<\/strong>. \u00a0Con tres cent\u00edmetros m\u00e1s de longitud, el nuevo cepillo XL se convirti\u00f3 en el producto estrella de la feria. \u201c<em>Sin duda, es la novedad del a\u00f1o. Nos aporta muchas m\u00e1s posibilidades a la hora de crear nuevos estilos y de una forma m\u00e1s r\u00e1pida y segura<\/em>\u201d, aseguraba Carvajal.<\/p>\n<p><img decoding=\"async\" class=\"size-full wp-image-23632 aligncenter\" src=\"https:\/\/termix.net\/blog\/wp-content\/uploads\/2016\/03\/bannerweb_feriaSTSbeauty1-2.jpg\" alt=\"\" width=\"800\" height=\"400\" srcset=\"https:\/\/termix.net\/blog\/wp-content\/uploads\/2016\/03\/bannerweb_feriaSTSbeauty1-2-200x100.jpg 200w, https:\/\/termix.net\/blog\/wp-content\/uploads\/2016\/03\/bannerweb_feriaSTSbeauty1-2-300x150.jpg 300w, https:\/\/termix.net\/blog\/wp-content\/uploads\/2016\/03\/bannerweb_feriaSTSbeauty1-2-400x200.jpg 400w, https:\/\/termix.net\/blog\/wp-content\/uploads\/2016\/03\/bannerweb_feriaSTSbeauty1-2-600x300.jpg 600w, https:\/\/termix.net\/blog\/wp-content\/uploads\/2016\/03\/bannerweb_feriaSTSbeauty1-2-768x384.jpg 768w, https:\/\/termix.net\/blog\/wp-content\/uploads\/2016\/03\/bannerweb_feriaSTSbeauty1-2.jpg 800w\" sizes=\"(max-width: 800px) 100vw, 800px\" \/><\/p>\n<p>Y no s\u00f3lo \u00e9l. Los conocidos estilistas<strong> Antonio Garrido<\/strong> y <strong>Manuel Zamorano<\/strong> tambi\u00e9n elogiaron sobre el escenario las virtudes y ventajas del nuevo cepillo Evolution XL. \u201c<em>El tama\u00f1o en este caso S\u00cd importa. Ese incremento en la superficie del cepillo ayuda a dejar menos marcas en el pelo y a conseguir un tirabuz\u00f3n distinto al que conocemos hasta ahora. Ahora las clientas se hacen con la plancha las ondas ellas mismas, incluso mejor que las que nosotros les hacemos a ellas. Como profesionales, esta herramienta nos permite ofrecer un servicio distinto al que ellas no pueden llegar<\/em>\u201d, a\u00f1ad\u00eda\u00a0<strong>Antonio Garrido<\/strong>.<\/p>\n<div class=\"fusion-video fusion-youtube\" style=\"--awb-max-width:1920px;--awb-max-height:1080px;\"><div class=\"video-shortcode\"><div class=\"fluid-width-video-wrapper\" style=\"padding-top:56.25%;\" ><iframe title=\"YouTube video player 1\" src=\"https:\/\/www.youtube.com\/embed\/GvDFiAmca64?wmode=transparent&autoplay=0\" width=\"1920\" height=\"1080\" allowfullscreen allow=\"autoplay; fullscreen\"><\/iframe><\/div><\/div><\/div>\n<p>Por su parte, y acompa\u00f1ado de los presentadores del programa Cazamariposas, <strong>Nuria Mar\u00edn<\/strong> y <strong>Nando Escribano<\/strong>, fans indiscutibles de la marca, <strong>Manuel Zamorano<\/strong> subray\u00f3 la importancia en el gran avance que aporta en el tiempo de secado: \u201c<em>Su perforado romboidal y su mayor longitud permiten trabajar una gran cantidad de cabello a la vez. Es incre\u00edble lo que ello supone, tanto si trabajamos con melenas largas como cortas<\/em>\u201d.<\/p>\n<div class=\"fusion-video fusion-youtube\" style=\"--awb-max-width:1920px;--awb-max-height:1080px;\"><div class=\"video-shortcode\"><div class=\"fluid-width-video-wrapper\" style=\"padding-top:56.25%;\" ><iframe title=\"YouTube video player 2\" src=\"https:\/\/www.youtube.com\/embed\/ho9S-m0BLCA?wmode=transparent&autoplay=0\" width=\"1920\" height=\"1080\" allowfullscreen allow=\"autoplay; fullscreen\"><\/iframe><\/div><\/div><\/div>\n<p>Adem\u00e1s del <strong>cepillo Evolution XL<\/strong>, otra de las grandes novedades presentadas fueron los nuevos cepillos el\u00e9ctricos PRO STYLING y PRO FLAT de Termix, para crear ondas y alisar de una forma r\u00e1pida y sencilla, respectivamente.\u00a0 En manos de estilistas como <strong>Naomi Gayoso<\/strong> o <strong>Jos\u00e9 Juan Guzm\u00e1n<\/strong>, los\u00a0 nuevos cepillos el\u00e9ctricos causaron sensaci\u00f3n, sobre todo entre consumidoras finales que han encontrado en estas dos nuevas herramientas la mejor soluci\u00f3n para su peinado diario en casa sin da\u00f1ar el cabello.<\/p>\n<p><img decoding=\"async\" class=\"size-full wp-image-23620 aligncenter\" src=\"https:\/\/termix.net\/blog\/wp-content\/uploads\/2016\/03\/bannerweb_feriaSTSbeauty4.jpg\" alt=\"\" width=\"800\" height=\"400\" srcset=\"https:\/\/termix.net\/blog\/wp-content\/uploads\/2016\/03\/bannerweb_feriaSTSbeauty4-200x100.jpg 200w, https:\/\/termix.net\/blog\/wp-content\/uploads\/2016\/03\/bannerweb_feriaSTSbeauty4-300x150.jpg 300w, https:\/\/termix.net\/blog\/wp-content\/uploads\/2016\/03\/bannerweb_feriaSTSbeauty4-400x200.jpg 400w, https:\/\/termix.net\/blog\/wp-content\/uploads\/2016\/03\/bannerweb_feriaSTSbeauty4-600x300.jpg 600w, https:\/\/termix.net\/blog\/wp-content\/uploads\/2016\/03\/bannerweb_feriaSTSbeauty4-768x384.jpg 768w, https:\/\/termix.net\/blog\/wp-content\/uploads\/2016\/03\/bannerweb_feriaSTSbeauty4.jpg 800w\" sizes=\"(max-width: 800px) 100vw, 800px\" \/><\/p>\n<p>Los visitantes tampoco pasaron por alto otros productos insignes de la marca como los cepillos Evolution para cada tipo de cabello, los cepillos y utensilios de la gama Termix Profesional con un look renovado o las <strong>planchas profesionales Termix 230\u00ba<\/strong>, cuya zona de demostraci\u00f3n con nuestros t\u00e9cnicos tambi\u00e9n supuso un espacio de gran interacci\u00f3n.<\/p>\n<p><img decoding=\"async\" class=\"size-full wp-image-23628 aligncenter\" src=\"https:\/\/termix.net\/blog\/wp-content\/uploads\/2016\/03\/bannerweb_feriaSTSbeauty6.jpg\" alt=\"\" width=\"800\" height=\"400\" srcset=\"https:\/\/termix.net\/blog\/wp-content\/uploads\/2016\/03\/bannerweb_feriaSTSbeauty6-200x100.jpg 200w, https:\/\/termix.net\/blog\/wp-content\/uploads\/2016\/03\/bannerweb_feriaSTSbeauty6-300x150.jpg 300w, https:\/\/termix.net\/blog\/wp-content\/uploads\/2016\/03\/bannerweb_feriaSTSbeauty6-400x200.jpg 400w, https:\/\/termix.net\/blog\/wp-content\/uploads\/2016\/03\/bannerweb_feriaSTSbeauty6-600x300.jpg 600w, https:\/\/termix.net\/blog\/wp-content\/uploads\/2016\/03\/bannerweb_feriaSTSbeauty6-768x384.jpg 768w, https:\/\/termix.net\/blog\/wp-content\/uploads\/2016\/03\/bannerweb_feriaSTSbeauty6.jpg 800w\" sizes=\"(max-width: 800px) 100vw, 800px\" \/><\/p>\n<p>La zona de la Barber Shop tambi\u00e9n se convirti\u00f3 en parada obligatoria para conocer de primera mano el cat\u00e1logo de herramientas Premium de Termix (las m\u00e1quinas de<strong> corte y contornos TX01 yTX02<\/strong>, respectivamente, la nueva navaja, las tijeras de corte y vaciado CK23 y Ck23T, los peines de carbono y titanio o el nuevo cepillo para desenredar barbas), con cortes y demostraciones en directo de la mano de la barbera Andrea Escarcha.<\/p>\n<p><img decoding=\"async\" class=\"size-full wp-image-23626 aligncenter\" src=\"https:\/\/termix.net\/blog\/wp-content\/uploads\/2016\/03\/bannerweb_feriaSTSbeauty3.jpg\" alt=\"\" width=\"800\" height=\"400\" srcset=\"https:\/\/termix.net\/blog\/wp-content\/uploads\/2016\/03\/bannerweb_feriaSTSbeauty3-200x100.jpg 200w, https:\/\/termix.net\/blog\/wp-content\/uploads\/2016\/03\/bannerweb_feriaSTSbeauty3-300x150.jpg 300w, https:\/\/termix.net\/blog\/wp-content\/uploads\/2016\/03\/bannerweb_feriaSTSbeauty3-400x200.jpg 400w, https:\/\/termix.net\/blog\/wp-content\/uploads\/2016\/03\/bannerweb_feriaSTSbeauty3-600x300.jpg 600w, https:\/\/termix.net\/blog\/wp-content\/uploads\/2016\/03\/bannerweb_feriaSTSbeauty3-768x384.jpg 768w, https:\/\/termix.net\/blog\/wp-content\/uploads\/2016\/03\/bannerweb_feriaSTSbeauty3.jpg 800w\" sizes=\"(max-width: 800px) 100vw, 800px\" \/><\/p>\n<p>Mientras que, como cada a\u00f1o, la zona del photocall, fue otro de los focos de mayor tr\u00e1fico de la feria. Divertidos pases y regalos que hicieron la delicia de los visitantes que adem\u00e1s pod\u00edan participar en nuestro concurso en Facebook para ganar dos fant\u00e1sticos lotes con alguno de los nuevos lanzamientos de Termix.<\/p>\n<p>Diversi\u00f3n que tambi\u00e9n se palp\u00f3 en la zona m\u00e1s distendida del stand especialmente dise\u00f1ada para atender a nuestros clientes en un espacio relajado de chill out con servicio de catering.<\/p>\n<p><img decoding=\"async\" class=\"size-full wp-image-23622 aligncenter\" src=\"https:\/\/termix.net\/blog\/wp-content\/uploads\/2016\/03\/bannerweb_feriaSTSbeauty7.jpg\" alt=\"\" width=\"800\" height=\"400\" srcset=\"https:\/\/termix.net\/blog\/wp-content\/uploads\/2016\/03\/bannerweb_feriaSTSbeauty7-200x100.jpg 200w, https:\/\/termix.net\/blog\/wp-content\/uploads\/2016\/03\/bannerweb_feriaSTSbeauty7-300x150.jpg 300w, https:\/\/termix.net\/blog\/wp-content\/uploads\/2016\/03\/bannerweb_feriaSTSbeauty7-400x200.jpg 400w, https:\/\/termix.net\/blog\/wp-content\/uploads\/2016\/03\/bannerweb_feriaSTSbeauty7-600x300.jpg 600w, https:\/\/termix.net\/blog\/wp-content\/uploads\/2016\/03\/bannerweb_feriaSTSbeauty7-768x384.jpg 768w, https:\/\/termix.net\/blog\/wp-content\/uploads\/2016\/03\/bannerweb_feriaSTSbeauty7.jpg 800w\" sizes=\"(max-width: 800px) 100vw, 800px\" \/><\/p>\n<p>Lejos del stand, en la <strong>Pasarela STS Beauty BCN<\/strong>, Termix tambi\u00e9n particip\u00f3 como colaborador del Collage Show Solidario. Un acto que cont\u00f3 con la presencia de figuras referentes del sector como\u00a0Vicen\u00e7 Moret\u00f3, \u00c1lvaro The Barber,\u00a0Filippo Sepe\u00a0y Alexander Kiryliuk para recaudar fondos para la investigaci\u00f3n del Alzh\u00e9imer.<\/p>\n<p><img decoding=\"async\" class=\"size-full wp-image-23618 aligncenter\" src=\"https:\/\/termix.net\/blog\/wp-content\/uploads\/2016\/03\/bannerweb_feriaSTSbeauty8.jpg\" alt=\"\" width=\"800\" height=\"400\" srcset=\"https:\/\/termix.net\/blog\/wp-content\/uploads\/2016\/03\/bannerweb_feriaSTSbeauty8-200x100.jpg 200w, https:\/\/termix.net\/blog\/wp-content\/uploads\/2016\/03\/bannerweb_feriaSTSbeauty8-300x150.jpg 300w, https:\/\/termix.net\/blog\/wp-content\/uploads\/2016\/03\/bannerweb_feriaSTSbeauty8-400x200.jpg 400w, https:\/\/termix.net\/blog\/wp-content\/uploads\/2016\/03\/bannerweb_feriaSTSbeauty8-600x300.jpg 600w, https:\/\/termix.net\/blog\/wp-content\/uploads\/2016\/03\/bannerweb_feriaSTSbeauty8-768x384.jpg 768w, https:\/\/termix.net\/blog\/wp-content\/uploads\/2016\/03\/bannerweb_feriaSTSbeauty8.jpg 800w\" sizes=\"(max-width: 800px) 100vw, 800px\" \/><\/p>\n<p>Sorpresas, solidaridad y cercan\u00eda. Tres ingredientes que\u00a0sirvieron para inspirar a los visitantes y compartir con ellos de cerca una nueva experiencia Termix. \u00a1Gracias a todos!<\/p>\n<\/div><div class=\"fusion-clearfix\"><\/div><\/div><\/div><\/div><\/div><\/p>\n","protected":false},"excerpt":{"rendered":"<p>\t\t\t\tLa presencia de Termix en la feria STS Beauty BCN, se ha convertido en una de las m\u00e1s sonadas de la marca. Junto con estilistas referentes, estrellas invitadas y la presentaci\u00f3n de sus nuevos lanzamientos, el stand de Termix se convirti\u00f3 en uno de los focos principales para miles de visitantes. \t\t<\/p>\n","protected":false},"author":2,"featured_media":23630,"comment_status":"open","ping_status":"open","sticky":false,"template":"","format":"standard","meta":[],"categories":[33,6],"tags":[],"yoast_head":"<!-- This site is optimized with the Yoast SEO plugin v20.0 - https:\/\/yoast.com\/wordpress\/plugins\/seo\/ -->\n<title>Termix hace historia en la feria STS Beauty 2016 - Blog Termix Spain<\/title>\n<meta name=\"description\" content=\"Blog Termix Spain - Termix hace historia en la feria STS Beauty 2016 -\" \/>\n<meta name=\"robots\" content=\"index, follow, max-snippet:-1, max-image-preview:large, max-video-preview:-1\" \/>\n<link rel=\"canonical\" href=\"https:\/\/termix.net\/blog\/es\/termix-hace-historia-en-la-feria-sts-beauty-bcn-2016\/\" \/>\n<meta property=\"og:locale\" content=\"es_ES\" \/>\n<meta property=\"og:type\" content=\"article\" \/>\n<meta property=\"og:title\" content=\"Termix hace historia en la feria STS Beauty 2016 - Blog Termix Spain\" \/>\n<meta property=\"og:description\" content=\"Blog Termix Spain - Termix hace historia en la feria STS Beauty 2016 -\" \/>\n<meta property=\"og:url\" content=\"https:\/\/termix.net\/blog\/es\/termix-hace-historia-en-la-feria-sts-beauty-bcn-2016\/\" \/>\n<meta property=\"og:site_name\" content=\"Blog Termix Spain\" \/>\n<meta property=\"article:published_time\" content=\"2016-03-04T13:11:35+00:00\" \/>\n<meta property=\"article:modified_time\" content=\"2019-12-16T11:05:54+00:00\" \/>\n<meta property=\"og:image\" content=\"https:\/\/termix.net\/blog\/wp-content\/uploads\/2016\/03\/bannerweb_feriaSTSbeauty2.jpg\" \/>\n\t<meta property=\"og:image:width\" content=\"800\" \/>\n\t<meta property=\"og:image:height\" content=\"400\" \/>\n\t<meta property=\"og:image:type\" content=\"image\/jpeg\" \/>\n<meta name=\"author\" content=\"TermixTeam\" \/>\n<meta name=\"twitter:card\" content=\"summary_large_image\" \/>\n<meta name=\"twitter:label1\" content=\"Escrito por\" \/>\n\t<meta name=\"twitter:data1\" content=\"TermixTeam\" \/>\n\t<meta name=\"twitter:label2\" content=\"Tiempo de lectura\" \/>\n\t<meta name=\"twitter:data2\" content=\"13 minutos\" \/>\n<script type=\"application\/ld+json\" class=\"yoast-schema-graph\">{\"@context\":\"https:\/\/schema.org\",\"@graph\":[{\"@type\":\"Article\",\"@id\":\"https:\/\/termix.net\/blog\/es\/termix-hace-historia-en-la-feria-sts-beauty-bcn-2016\/#article\",\"isPartOf\":{\"@id\":\"https:\/\/termix.net\/blog\/es\/termix-hace-historia-en-la-feria-sts-beauty-bcn-2016\/\"},\"author\":{\"name\":\"TermixTeam\",\"@id\":\"https:\/\/termix.net\/blog\/es\/#\/schema\/person\/9096c98bdf03c8ddf91ad7172f254f40\"},\"headline\":\"Termix hace historia en la feria STS Beauty 2016\",\"datePublished\":\"2016-03-04T13:11:35+00:00\",\"dateModified\":\"2019-12-16T11:05:54+00:00\",\"mainEntityOfPage\":{\"@id\":\"https:\/\/termix.net\/blog\/es\/termix-hace-historia-en-la-feria-sts-beauty-bcn-2016\/\"},\"wordCount\":2543,\"commentCount\":0,\"publisher\":{\"@id\":\"https:\/\/termix.net\/blog\/es\/#organization\"},\"articleSection\":[\"Actualidad Termix\",\"NOTICIAS\"],\"inLanguage\":\"es\",\"potentialAction\":[{\"@type\":\"CommentAction\",\"name\":\"Comment\",\"target\":[\"https:\/\/termix.net\/blog\/es\/termix-hace-historia-en-la-feria-sts-beauty-bcn-2016\/#respond\"]}]},{\"@type\":\"WebPage\",\"@id\":\"https:\/\/termix.net\/blog\/es\/termix-hace-historia-en-la-feria-sts-beauty-bcn-2016\/\",\"url\":\"https:\/\/termix.net\/blog\/es\/termix-hace-historia-en-la-feria-sts-beauty-bcn-2016\/\",\"name\":\"Termix hace historia en la feria STS Beauty 2016 - Blog Termix Spain\",\"isPartOf\":{\"@id\":\"https:\/\/termix.net\/blog\/es\/#website\"},\"datePublished\":\"2016-03-04T13:11:35+00:00\",\"dateModified\":\"2019-12-16T11:05:54+00:00\",\"description\":\"Blog Termix Spain - Termix hace historia en la feria STS Beauty 2016 -\",\"breadcrumb\":{\"@id\":\"https:\/\/termix.net\/blog\/es\/termix-hace-historia-en-la-feria-sts-beauty-bcn-2016\/#breadcrumb\"},\"inLanguage\":\"es\",\"potentialAction\":[{\"@type\":\"ReadAction\",\"target\":[\"https:\/\/termix.net\/blog\/es\/termix-hace-historia-en-la-feria-sts-beauty-bcn-2016\/\"]}]},{\"@type\":\"BreadcrumbList\",\"@id\":\"https:\/\/termix.net\/blog\/es\/termix-hace-historia-en-la-feria-sts-beauty-bcn-2016\/#breadcrumb\",\"itemListElement\":[{\"@type\":\"ListItem\",\"position\":1,\"name\":\"Home\",\"item\":\"https:\/\/termix.net\/blog\/es\/\"},{\"@type\":\"ListItem\",\"position\":2,\"name\":\"Termix hace historia en la feria STS Beauty 2016\"}]},{\"@type\":\"WebSite\",\"@id\":\"https:\/\/termix.net\/blog\/es\/#website\",\"url\":\"https:\/\/termix.net\/blog\/es\/\",\"name\":\"Blog Termix Spain\",\"description\":\"Blog de tendencias y productos de peluquer\u00eda profesional.\",\"publisher\":{\"@id\":\"https:\/\/termix.net\/blog\/es\/#organization\"},\"potentialAction\":[{\"@type\":\"SearchAction\",\"target\":{\"@type\":\"EntryPoint\",\"urlTemplate\":\"https:\/\/termix.net\/blog\/es\/?s={search_term_string}\"},\"query-input\":\"required name=search_term_string\"}],\"inLanguage\":\"es\"},{\"@type\":\"Organization\",\"@id\":\"https:\/\/termix.net\/blog\/es\/#organization\",\"name\":\"Dols Industrial de Peluquer\u00eda SA\",\"url\":\"https:\/\/termix.net\/blog\/es\/\",\"logo\":{\"@type\":\"ImageObject\",\"inLanguage\":\"es\",\"@id\":\"https:\/\/termix.net\/blog\/es\/#\/schema\/logo\/image\/\",\"url\":\"https:\/\/termix.net\/blog\/wp-content\/uploads\/2020\/10\/OGbDAeng.jpeg\",\"contentUrl\":\"https:\/\/termix.net\/blog\/wp-content\/uploads\/2020\/10\/OGbDAeng.jpeg\",\"width\":800,\"height\":800,\"caption\":\"Dols Industrial de Peluquer\u00eda SA\"},\"image\":{\"@id\":\"https:\/\/termix.net\/blog\/es\/#\/schema\/logo\/image\/\"}},{\"@type\":\"Person\",\"@id\":\"https:\/\/termix.net\/blog\/es\/#\/schema\/person\/9096c98bdf03c8ddf91ad7172f254f40\",\"name\":\"TermixTeam\",\"image\":{\"@type\":\"ImageObject\",\"inLanguage\":\"es\",\"@id\":\"https:\/\/termix.net\/blog\/es\/#\/schema\/person\/image\/\",\"url\":\"https:\/\/secure.gravatar.com\/avatar\/d89f61f6bd1c29a4acb231736d1c74b3?s=96&d=mm&r=g\",\"contentUrl\":\"https:\/\/secure.gravatar.com\/avatar\/d89f61f6bd1c29a4acb231736d1c74b3?s=96&d=mm&r=g\",\"caption\":\"TermixTeam\"},\"url\":\"https:\/\/termix.net\/blog\/es\/author\/termixteam\/\"}]}<\/script>\n<!-- \/ Yoast SEO plugin. -->","yoast_head_json":{"title":"Termix hace historia en la feria STS Beauty 2016 - Blog Termix Spain","description":"Blog Termix Spain - Termix hace historia en la feria STS Beauty 2016 -","robots":{"index":"index","follow":"follow","max-snippet":"max-snippet:-1","max-image-preview":"max-image-preview:large","max-video-preview":"max-video-preview:-1"},"canonical":"https:\/\/termix.net\/blog\/es\/termix-hace-historia-en-la-feria-sts-beauty-bcn-2016\/","og_locale":"es_ES","og_type":"article","og_title":"Termix hace historia en la feria STS Beauty 2016 - Blog Termix Spain","og_description":"Blog Termix Spain - Termix hace historia en la feria STS Beauty 2016 -","og_url":"https:\/\/termix.net\/blog\/es\/termix-hace-historia-en-la-feria-sts-beauty-bcn-2016\/","og_site_name":"Blog Termix Spain","article_published_time":"2016-03-04T13:11:35+00:00","article_modified_time":"2019-12-16T11:05:54+00:00","og_image":[{"width":800,"height":400,"url":"https:\/\/termix.net\/blog\/wp-content\/uploads\/2016\/03\/bannerweb_feriaSTSbeauty2.jpg","type":"image\/jpeg"}],"author":"TermixTeam","twitter_card":"summary_large_image","twitter_misc":{"Escrito por":"TermixTeam","Tiempo de lectura":"13 minutos"},"schema":{"@context":"https:\/\/schema.org","@graph":[{"@type":"Article","@id":"https:\/\/termix.net\/blog\/es\/termix-hace-historia-en-la-feria-sts-beauty-bcn-2016\/#article","isPartOf":{"@id":"https:\/\/termix.net\/blog\/es\/termix-hace-historia-en-la-feria-sts-beauty-bcn-2016\/"},"author":{"name":"TermixTeam","@id":"https:\/\/termix.net\/blog\/es\/#\/schema\/person\/9096c98bdf03c8ddf91ad7172f254f40"},"headline":"Termix hace historia en la feria STS Beauty 2016","datePublished":"2016-03-04T13:11:35+00:00","dateModified":"2019-12-16T11:05:54+00:00","mainEntityOfPage":{"@id":"https:\/\/termix.net\/blog\/es\/termix-hace-historia-en-la-feria-sts-beauty-bcn-2016\/"},"wordCount":2543,"commentCount":0,"publisher":{"@id":"https:\/\/termix.net\/blog\/es\/#organization"},"articleSection":["Actualidad Termix","NOTICIAS"],"inLanguage":"es","potentialAction":[{"@type":"CommentAction","name":"Comment","target":["https:\/\/termix.net\/blog\/es\/termix-hace-historia-en-la-feria-sts-beauty-bcn-2016\/#respond"]}]},{"@type":"WebPage","@id":"https:\/\/termix.net\/blog\/es\/termix-hace-historia-en-la-feria-sts-beauty-bcn-2016\/","url":"https:\/\/termix.net\/blog\/es\/termix-hace-historia-en-la-feria-sts-beauty-bcn-2016\/","name":"Termix hace historia en la feria STS Beauty 2016 - Blog Termix Spain","isPartOf":{"@id":"https:\/\/termix.net\/blog\/es\/#website"},"datePublished":"2016-03-04T13:11:35+00:00","dateModified":"2019-12-16T11:05:54+00:00","description":"Blog Termix Spain - Termix hace historia en la feria STS Beauty 2016 -","breadcrumb":{"@id":"https:\/\/termix.net\/blog\/es\/termix-hace-historia-en-la-feria-sts-beauty-bcn-2016\/#breadcrumb"},"inLanguage":"es","potentialAction":[{"@type":"ReadAction","target":["https:\/\/termix.net\/blog\/es\/termix-hace-historia-en-la-feria-sts-beauty-bcn-2016\/"]}]},{"@type":"BreadcrumbList","@id":"https:\/\/termix.net\/blog\/es\/termix-hace-historia-en-la-feria-sts-beauty-bcn-2016\/#breadcrumb","itemListElement":[{"@type":"ListItem","position":1,"name":"Home","item":"https:\/\/termix.net\/blog\/es\/"},{"@type":"ListItem","position":2,"name":"Termix hace historia en la feria STS Beauty 2016"}]},{"@type":"WebSite","@id":"https:\/\/termix.net\/blog\/es\/#website","url":"https:\/\/termix.net\/blog\/es\/","name":"Blog Termix Spain","description":"Blog de tendencias y productos de peluquer\u00eda profesional.","publisher":{"@id":"https:\/\/termix.net\/blog\/es\/#organization"},"potentialAction":[{"@type":"SearchAction","target":{"@type":"EntryPoint","urlTemplate":"https:\/\/termix.net\/blog\/es\/?s={search_term_string}"},"query-input":"required name=search_term_string"}],"inLanguage":"es"},{"@type":"Organization","@id":"https:\/\/termix.net\/blog\/es\/#organization","name":"Dols Industrial de Peluquer\u00eda SA","url":"https:\/\/termix.net\/blog\/es\/","logo":{"@type":"ImageObject","inLanguage":"es","@id":"https:\/\/termix.net\/blog\/es\/#\/schema\/logo\/image\/","url":"https:\/\/termix.net\/blog\/wp-content\/uploads\/2020\/10\/OGbDAeng.jpeg","contentUrl":"https:\/\/termix.net\/blog\/wp-content\/uploads\/2020\/10\/OGbDAeng.jpeg","width":800,"height":800,"caption":"Dols Industrial de Peluquer\u00eda SA"},"image":{"@id":"https:\/\/termix.net\/blog\/es\/#\/schema\/logo\/image\/"}},{"@type":"Person","@id":"https:\/\/termix.net\/blog\/es\/#\/schema\/person\/9096c98bdf03c8ddf91ad7172f254f40","name":"TermixTeam","image":{"@type":"ImageObject","inLanguage":"es","@id":"https:\/\/termix.net\/blog\/es\/#\/schema\/person\/image\/","url":"https:\/\/secure.gravatar.com\/avatar\/d89f61f6bd1c29a4acb231736d1c74b3?s=96&d=mm&r=g","contentUrl":"https:\/\/secure.gravatar.com\/avatar\/d89f61f6bd1c29a4acb231736d1c74b3?s=96&d=mm&r=g","caption":"TermixTeam"},"url":"https:\/\/termix.net\/blog\/es\/author\/termixteam\/"}]}},"_links":{"self":[{"href":"https:\/\/termix.net\/blog\/es\/wp-json\/wp\/v2\/posts\/6248"}],"collection":[{"href":"https:\/\/termix.net\/blog\/es\/wp-json\/wp\/v2\/posts"}],"about":[{"href":"https:\/\/termix.net\/blog\/es\/wp-json\/wp\/v2\/types\/post"}],"author":[{"embeddable":true,"href":"https:\/\/termix.net\/blog\/es\/wp-json\/wp\/v2\/users\/2"}],"replies":[{"embeddable":true,"href":"https:\/\/termix.net\/blog\/es\/wp-json\/wp\/v2\/comments?post=6248"}],"version-history":[{"count":2,"href":"https:\/\/termix.net\/blog\/es\/wp-json\/wp\/v2\/posts\/6248\/revisions"}],"predecessor-version":[{"id":23635,"href":"https:\/\/termix.net\/blog\/es\/wp-json\/wp\/v2\/posts\/6248\/revisions\/23635"}],"wp:featuredmedia":[{"embeddable":true,"href":"https:\/\/termix.net\/blog\/es\/wp-json\/wp\/v2\/media\/23630"}],"wp:attachment":[{"href":"https:\/\/termix.net\/blog\/es\/wp-json\/wp\/v2\/media?parent=6248"}],"wp:term":[{"taxonomy":"category","embeddable":true,"href":"https:\/\/termix.net\/blog\/es\/wp-json\/wp\/v2\/categories?post=6248"},{"taxonomy":"post_tag","embeddable":true,"href":"https:\/\/termix.net\/blog\/es\/wp-json\/wp\/v2\/tags?post=6248"}],"curies":[{"name":"wp","href":"https:\/\/api.w.org\/{rel}","templated":true}]}}