{"id":5605,"date":"2014-11-20T11:38:01","date_gmt":"2014-11-20T11:38:01","guid":{"rendered":"http:\/\/termix.net\/?p=2045"},"modified":"2019-11-27T15:52:39","modified_gmt":"2019-11-27T14:52:39","slug":"peinados-de-pasarela-por-oscar-colombo","status":"publish","type":"post","link":"https:\/\/termix.net\/blog\/es\/peinados-de-pasarela-por-oscar-colombo\/","title":{"rendered":"Peinados de pasarela, por \u00f3scar colombo"},"content":{"rendered":"<h1>Peinados de pasarela, por \u00f3scar colombo<\/h1>\n<h3 style=\"text-align: justify;\">El pasado 23 y 24 de marzo se celebr\u00f3 la <span style=\"color: #000000;\">Feria\u00a0Beauty Profesional\u00a0<\/span>en el Centro de Exposiciones Jockey de Lima. Nadie quiso perderse la actuaci\u00f3n de <strong>\u00d3scar Colombo<\/strong>, el reconocido estilista personal de numerosas <em>celebrities<\/em> internacionales.<\/h3>\n<p style=\"text-align: justify;\">\u00a0\u00d3scar fue la estrella indiscutible de la Feria Beauty Profesional, y una vez m\u00e1s demostr\u00f3 sobre el escenario su impecable talento.<\/p>\n<p style=\"text-align: justify;\">Su espect\u00e1culo \u2013el Gala Show-, <strong>patrocinado por Termix<\/strong>, consigui\u00f3 reunir a m\u00e1s de 1000 profesionales del sector dispuestos a conocer de su mano las \u00faltimas tendencias en estilos de corte, peinados y color para moda nupcial. Una gran puesta en escena que lejos de defraudar, arranc\u00f3 una fuerte ovaci\u00f3n del p\u00fablico, dejando claro que Colombo conquista all\u00e1 d\u00f3nde va.<\/p>\n","protected":false},"excerpt":{"rendered":"<p>\t\t\t\tEl pasado 23 y 24 de marzo se celebr\u00f3 la Feria Beauty Profesional donde actu\u00f3 \u00d3scar Colombo: estilista personal de numerosas celebrities internacionales.\t\t<\/p>\n","protected":false},"author":2,"featured_media":20554,"comment_status":"open","ping_status":"open","sticky":false,"template":"","format":"standard","meta":[],"categories":[6],"tags":[],"yoast_head":"<!-- This site is optimized with the Yoast SEO plugin v20.0 - https:\/\/yoast.com\/wordpress\/plugins\/seo\/ -->\n<title>Peinados de pasarela por \u00d3scar Colombo - Termix<\/title>\n<meta name=\"description\" content=\"Gala Show, patrocinado por Termix en Lima, sorprendi\u00f3 con los peinados de \u00d3scar Colombo, reconocido estilista personal de numerosas celebrities.\" \/>\n<meta name=\"robots\" content=\"noindex, follow\" \/>\n<meta property=\"og:locale\" content=\"es_ES\" \/>\n<meta property=\"og:type\" content=\"article\" \/>\n<meta property=\"og:title\" content=\"Peinados de pasarela por \u00d3scar Colombo - Termix\" \/>\n<meta property=\"og:description\" content=\"Gala Show, patrocinado por Termix en Lima, sorprendi\u00f3 con los peinados de \u00d3scar Colombo, reconocido estilista personal de numerosas celebrities.\" \/>\n<meta property=\"og:url\" content=\"https:\/\/termix.net\/blog\/es\/peinados-de-pasarela-por-oscar-colombo\/\" \/>\n<meta property=\"og:site_name\" content=\"Blog Termix Spain\" \/>\n<meta property=\"article:published_time\" content=\"2014-11-20T11:38:01+00:00\" \/>\n<meta property=\"article:modified_time\" content=\"2019-11-27T14:52:39+00:00\" \/>\n<meta property=\"og:image\" content=\"https:\/\/termix.net\/blog\/wp-content\/uploads\/2019\/11\/cut-split-ends-after-summer.jpg\" \/>\n\t<meta property=\"og:image:width\" content=\"1160\" \/>\n\t<meta property=\"og:image:height\" content=\"660\" \/>\n\t<meta property=\"og:image:type\" content=\"image\/jpeg\" \/>\n<meta name=\"author\" content=\"TermixTeam\" \/>\n<meta name=\"twitter:card\" content=\"summary_large_image\" \/>\n<meta name=\"twitter:label1\" content=\"Escrito por\" \/>\n\t<meta name=\"twitter:data1\" content=\"TermixTeam\" \/>\n\t<meta name=\"twitter:label2\" content=\"Tiempo de lectura\" \/>\n\t<meta name=\"twitter:data2\" content=\"1 minuto\" \/>\n<script type=\"application\/ld+json\" class=\"yoast-schema-graph\">{\"@context\":\"https:\/\/schema.org\",\"@graph\":[{\"@type\":\"Article\",\"@id\":\"https:\/\/termix.net\/blog\/es\/peinados-de-pasarela-por-oscar-colombo\/#article\",\"isPartOf\":{\"@id\":\"https:\/\/termix.net\/blog\/es\/peinados-de-pasarela-por-oscar-colombo\/\"},\"author\":{\"name\":\"TermixTeam\",\"@id\":\"https:\/\/termix.net\/blog\/es\/#\/schema\/person\/9096c98bdf03c8ddf91ad7172f254f40\"},\"headline\":\"Peinados de pasarela, por \u00f3scar colombo\",\"datePublished\":\"2014-11-20T11:38:01+00:00\",\"dateModified\":\"2019-11-27T14:52:39+00:00\",\"mainEntityOfPage\":{\"@id\":\"https:\/\/termix.net\/blog\/es\/peinados-de-pasarela-por-oscar-colombo\/\"},\"wordCount\":133,\"commentCount\":0,\"publisher\":{\"@id\":\"https:\/\/termix.net\/blog\/es\/#organization\"},\"articleSection\":[\"NOTICIAS\"],\"inLanguage\":\"es\",\"potentialAction\":[{\"@type\":\"CommentAction\",\"name\":\"Comment\",\"target\":[\"https:\/\/termix.net\/blog\/es\/peinados-de-pasarela-por-oscar-colombo\/#respond\"]}]},{\"@type\":\"WebPage\",\"@id\":\"https:\/\/termix.net\/blog\/es\/peinados-de-pasarela-por-oscar-colombo\/\",\"url\":\"https:\/\/termix.net\/blog\/es\/peinados-de-pasarela-por-oscar-colombo\/\",\"name\":\"Peinados de pasarela por \u00d3scar Colombo - Termix\",\"isPartOf\":{\"@id\":\"https:\/\/termix.net\/blog\/es\/#website\"},\"datePublished\":\"2014-11-20T11:38:01+00:00\",\"dateModified\":\"2019-11-27T14:52:39+00:00\",\"description\":\"Gala Show, patrocinado por Termix en Lima, sorprendi\u00f3 con los peinados de \u00d3scar Colombo, reconocido estilista personal de numerosas celebrities.\",\"breadcrumb\":{\"@id\":\"https:\/\/termix.net\/blog\/es\/peinados-de-pasarela-por-oscar-colombo\/#breadcrumb\"},\"inLanguage\":\"es\",\"potentialAction\":[{\"@type\":\"ReadAction\",\"target\":[\"https:\/\/termix.net\/blog\/es\/peinados-de-pasarela-por-oscar-colombo\/\"]}]},{\"@type\":\"BreadcrumbList\",\"@id\":\"https:\/\/termix.net\/blog\/es\/peinados-de-pasarela-por-oscar-colombo\/#breadcrumb\",\"itemListElement\":[{\"@type\":\"ListItem\",\"position\":1,\"name\":\"Home\",\"item\":\"https:\/\/termix.net\/blog\/es\/\"},{\"@type\":\"ListItem\",\"position\":2,\"name\":\"Peinados de pasarela, por \u00f3scar colombo\"}]},{\"@type\":\"WebSite\",\"@id\":\"https:\/\/termix.net\/blog\/es\/#website\",\"url\":\"https:\/\/termix.net\/blog\/es\/\",\"name\":\"Blog Termix Spain\",\"description\":\"Blog de tendencias y productos de peluquer\u00eda profesional.\",\"publisher\":{\"@id\":\"https:\/\/termix.net\/blog\/es\/#organization\"},\"potentialAction\":[{\"@type\":\"SearchAction\",\"target\":{\"@type\":\"EntryPoint\",\"urlTemplate\":\"https:\/\/termix.net\/blog\/es\/?s={search_term_string}\"},\"query-input\":\"required name=search_term_string\"}],\"inLanguage\":\"es\"},{\"@type\":\"Organization\",\"@id\":\"https:\/\/termix.net\/blog\/es\/#organization\",\"name\":\"Dols Industrial de Peluquer\u00eda SA\",\"url\":\"https:\/\/termix.net\/blog\/es\/\",\"logo\":{\"@type\":\"ImageObject\",\"inLanguage\":\"es\",\"@id\":\"https:\/\/termix.net\/blog\/es\/#\/schema\/logo\/image\/\",\"url\":\"https:\/\/termix.net\/blog\/wp-content\/uploads\/2020\/10\/OGbDAeng.jpeg\",\"contentUrl\":\"https:\/\/termix.net\/blog\/wp-content\/uploads\/2020\/10\/OGbDAeng.jpeg\",\"width\":800,\"height\":800,\"caption\":\"Dols Industrial de Peluquer\u00eda SA\"},\"image\":{\"@id\":\"https:\/\/termix.net\/blog\/es\/#\/schema\/logo\/image\/\"}},{\"@type\":\"Person\",\"@id\":\"https:\/\/termix.net\/blog\/es\/#\/schema\/person\/9096c98bdf03c8ddf91ad7172f254f40\",\"name\":\"TermixTeam\",\"image\":{\"@type\":\"ImageObject\",\"inLanguage\":\"es\",\"@id\":\"https:\/\/termix.net\/blog\/es\/#\/schema\/person\/image\/\",\"url\":\"https:\/\/secure.gravatar.com\/avatar\/d89f61f6bd1c29a4acb231736d1c74b3?s=96&d=mm&r=g\",\"contentUrl\":\"https:\/\/secure.gravatar.com\/avatar\/d89f61f6bd1c29a4acb231736d1c74b3?s=96&d=mm&r=g\",\"caption\":\"TermixTeam\"},\"url\":\"https:\/\/termix.net\/blog\/es\/author\/termixteam\/\"}]}<\/script>\n<!-- \/ Yoast SEO plugin. -->","yoast_head_json":{"title":"Peinados de pasarela por \u00d3scar Colombo - Termix","description":"Gala Show, patrocinado por Termix en Lima, sorprendi\u00f3 con los peinados de \u00d3scar Colombo, reconocido estilista personal de numerosas celebrities.","robots":{"index":"noindex","follow":"follow"},"og_locale":"es_ES","og_type":"article","og_title":"Peinados de pasarela por \u00d3scar Colombo - Termix","og_description":"Gala Show, patrocinado por Termix en Lima, sorprendi\u00f3 con los peinados de \u00d3scar Colombo, reconocido estilista personal de numerosas celebrities.","og_url":"https:\/\/termix.net\/blog\/es\/peinados-de-pasarela-por-oscar-colombo\/","og_site_name":"Blog Termix Spain","article_published_time":"2014-11-20T11:38:01+00:00","article_modified_time":"2019-11-27T14:52:39+00:00","og_image":[{"width":1160,"height":660,"url":"https:\/\/termix.net\/blog\/wp-content\/uploads\/2019\/11\/cut-split-ends-after-summer.jpg","type":"image\/jpeg"}],"author":"TermixTeam","twitter_card":"summary_large_image","twitter_misc":{"Escrito por":"TermixTeam","Tiempo de lectura":"1 minuto"},"schema":{"@context":"https:\/\/schema.org","@graph":[{"@type":"Article","@id":"https:\/\/termix.net\/blog\/es\/peinados-de-pasarela-por-oscar-colombo\/#article","isPartOf":{"@id":"https:\/\/termix.net\/blog\/es\/peinados-de-pasarela-por-oscar-colombo\/"},"author":{"name":"TermixTeam","@id":"https:\/\/termix.net\/blog\/es\/#\/schema\/person\/9096c98bdf03c8ddf91ad7172f254f40"},"headline":"Peinados de pasarela, por \u00f3scar colombo","datePublished":"2014-11-20T11:38:01+00:00","dateModified":"2019-11-27T14:52:39+00:00","mainEntityOfPage":{"@id":"https:\/\/termix.net\/blog\/es\/peinados-de-pasarela-por-oscar-colombo\/"},"wordCount":133,"commentCount":0,"publisher":{"@id":"https:\/\/termix.net\/blog\/es\/#organization"},"articleSection":["NOTICIAS"],"inLanguage":"es","potentialAction":[{"@type":"CommentAction","name":"Comment","target":["https:\/\/termix.net\/blog\/es\/peinados-de-pasarela-por-oscar-colombo\/#respond"]}]},{"@type":"WebPage","@id":"https:\/\/termix.net\/blog\/es\/peinados-de-pasarela-por-oscar-colombo\/","url":"https:\/\/termix.net\/blog\/es\/peinados-de-pasarela-por-oscar-colombo\/","name":"Peinados de pasarela por \u00d3scar Colombo - Termix","isPartOf":{"@id":"https:\/\/termix.net\/blog\/es\/#website"},"datePublished":"2014-11-20T11:38:01+00:00","dateModified":"2019-11-27T14:52:39+00:00","description":"Gala Show, patrocinado por Termix en Lima, sorprendi\u00f3 con los peinados de \u00d3scar Colombo, reconocido estilista personal de numerosas celebrities.","breadcrumb":{"@id":"https:\/\/termix.net\/blog\/es\/peinados-de-pasarela-por-oscar-colombo\/#breadcrumb"},"inLanguage":"es","potentialAction":[{"@type":"ReadAction","target":["https:\/\/termix.net\/blog\/es\/peinados-de-pasarela-por-oscar-colombo\/"]}]},{"@type":"BreadcrumbList","@id":"https:\/\/termix.net\/blog\/es\/peinados-de-pasarela-por-oscar-colombo\/#breadcrumb","itemListElement":[{"@type":"ListItem","position":1,"name":"Home","item":"https:\/\/termix.net\/blog\/es\/"},{"@type":"ListItem","position":2,"name":"Peinados de pasarela, por \u00f3scar colombo"}]},{"@type":"WebSite","@id":"https:\/\/termix.net\/blog\/es\/#website","url":"https:\/\/termix.net\/blog\/es\/","name":"Blog Termix Spain","description":"Blog de tendencias y productos de peluquer\u00eda profesional.","publisher":{"@id":"https:\/\/termix.net\/blog\/es\/#organization"},"potentialAction":[{"@type":"SearchAction","target":{"@type":"EntryPoint","urlTemplate":"https:\/\/termix.net\/blog\/es\/?s={search_term_string}"},"query-input":"required name=search_term_string"}],"inLanguage":"es"},{"@type":"Organization","@id":"https:\/\/termix.net\/blog\/es\/#organization","name":"Dols Industrial de Peluquer\u00eda SA","url":"https:\/\/termix.net\/blog\/es\/","logo":{"@type":"ImageObject","inLanguage":"es","@id":"https:\/\/termix.net\/blog\/es\/#\/schema\/logo\/image\/","url":"https:\/\/termix.net\/blog\/wp-content\/uploads\/2020\/10\/OGbDAeng.jpeg","contentUrl":"https:\/\/termix.net\/blog\/wp-content\/uploads\/2020\/10\/OGbDAeng.jpeg","width":800,"height":800,"caption":"Dols Industrial de Peluquer\u00eda SA"},"image":{"@id":"https:\/\/termix.net\/blog\/es\/#\/schema\/logo\/image\/"}},{"@type":"Person","@id":"https:\/\/termix.net\/blog\/es\/#\/schema\/person\/9096c98bdf03c8ddf91ad7172f254f40","name":"TermixTeam","image":{"@type":"ImageObject","inLanguage":"es","@id":"https:\/\/termix.net\/blog\/es\/#\/schema\/person\/image\/","url":"https:\/\/secure.gravatar.com\/avatar\/d89f61f6bd1c29a4acb231736d1c74b3?s=96&d=mm&r=g","contentUrl":"https:\/\/secure.gravatar.com\/avatar\/d89f61f6bd1c29a4acb231736d1c74b3?s=96&d=mm&r=g","caption":"TermixTeam"},"url":"https:\/\/termix.net\/blog\/es\/author\/termixteam\/"}]}},"_links":{"self":[{"href":"https:\/\/termix.net\/blog\/es\/wp-json\/wp\/v2\/posts\/5605"}],"collection":[{"href":"https:\/\/termix.net\/blog\/es\/wp-json\/wp\/v2\/posts"}],"about":[{"href":"https:\/\/termix.net\/blog\/es\/wp-json\/wp\/v2\/types\/post"}],"author":[{"embeddable":true,"href":"https:\/\/termix.net\/blog\/es\/wp-json\/wp\/v2\/users\/2"}],"replies":[{"embeddable":true,"href":"https:\/\/termix.net\/blog\/es\/wp-json\/wp\/v2\/comments?post=5605"}],"version-history":[{"count":2,"href":"https:\/\/termix.net\/blog\/es\/wp-json\/wp\/v2\/posts\/5605\/revisions"}],"predecessor-version":[{"id":21440,"href":"https:\/\/termix.net\/blog\/es\/wp-json\/wp\/v2\/posts\/5605\/revisions\/21440"}],"wp:featuredmedia":[{"embeddable":true,"href":"https:\/\/termix.net\/blog\/es\/wp-json\/wp\/v2\/media\/20554"}],"wp:attachment":[{"href":"https:\/\/termix.net\/blog\/es\/wp-json\/wp\/v2\/media?parent=5605"}],"wp:term":[{"taxonomy":"category","embeddable":true,"href":"https:\/\/termix.net\/blog\/es\/wp-json\/wp\/v2\/categories?post=5605"},{"taxonomy":"post_tag","embeddable":true,"href":"https:\/\/termix.net\/blog\/es\/wp-json\/wp\/v2\/tags?post=5605"}],"curies":[{"name":"wp","href":"https:\/\/api.w.org\/{rel}","templated":true}]}}