{"id":5603,"date":"2014-11-27T08:38:43","date_gmt":"2014-11-27T08:38:43","guid":{"rendered":"http:\/\/termix.net\/?p=753"},"modified":"2019-12-17T09:36:41","modified_gmt":"2019-12-17T08:36:41","slug":"viajamos-las-vegas","status":"publish","type":"post","link":"https:\/\/termix.net\/blog\/es\/viajamos-las-vegas\/","title":{"rendered":"Viajamos a Las Vegas"},"content":{"rendered":"<p style=\"text-align: center;\">Cosmoprof North America<\/p>\n<h1 style=\"text-align: center;\">Viajamos a Las Vegas<\/h1>\n<p style=\"text-align: center;\">Del 13 al 15 de julio, Termix \u00a0viaja a Las Vegas para asistir a la nueva edici\u00f3n de una de las ferias m\u00e1s emblem\u00e1ticas del sector de la belleza.<\/p>\n<p>&nbsp;<\/p>\n<p style=\"text-align: justify;\">Las Vegas, es conocida como la ciudad del pecado, del juego y del espect\u00e1culo. Pero tambi\u00e9n es uno de los epicentros econ\u00f3micos m\u00e1s importantes de Estados Unidos, creador de tendencias e innovaci\u00f3n.<\/p>\n<p style=\"text-align: justify;\">Una exposici\u00f3n anual que se celebrar\u00e1 en el m\u00edtico <strong>Centro de Convenciones Mandalay Bay de Las Vegas<\/strong> y que llega a su 12 edici\u00f3n cargada de novedades, conferencias y \u00faltimas tendencias en la industria de la peluquer\u00eda, entre otros. Novedades y lanzamientos como los que presentar\u00e1 <strong>Termix<\/strong> en cepillos, planchas y otros utensilios profesionales de peluquer\u00eda a lo largo de los tres d\u00edas que dura la feria en el Pabell\u00f3n D. Un Pabell\u00f3n dedicado exclusivamente a los productos para el cuidado y el acabado del cabello, accesorios, utensilios, mobiliario, equipamiento\u2026Todo lo relacionado al mundo de la peluquer\u00eda.<\/p>\n<p style=\"text-align: justify;\">\u00a1Os esperamos en nuestro <strong>stand A23382 del Pabell\u00f3n D!\u00a0<\/strong><\/p>\n<p>&nbsp;<\/p>\n<p style=\"text-align: center;\">\n","protected":false},"excerpt":{"rendered":"<p>\t\t\t\tDel 13 al 15 de julio, Termix  viaja a Las Vegas para asistir a la nueva edici\u00f3n de una de las ferias m\u00e1s emblem\u00e1ticas del sector de la belleza: \u00abCosmoprof North America\u00bb.\t\t<\/p>\n","protected":false},"author":2,"featured_media":21096,"comment_status":"open","ping_status":"open","sticky":false,"template":"","format":"standard","meta":[],"categories":[6],"tags":[],"yoast_head":"<!-- This site is optimized with the Yoast SEO plugin v20.0 - https:\/\/yoast.com\/wordpress\/plugins\/seo\/ -->\n<title>Viajamos a Las Vegas - Termix<\/title>\n<meta name=\"description\" content=\"Termix viaja a Las Vegas para asistir a la nueva edici\u00f3n de una de las ferias m\u00e1s emblem\u00e1ticas del sector de la belleza: Cosmoprof North America.\" \/>\n<meta name=\"robots\" content=\"noindex, follow\" \/>\n<meta property=\"og:locale\" content=\"es_ES\" \/>\n<meta property=\"og:type\" content=\"article\" \/>\n<meta property=\"og:title\" content=\"Viajamos a Las Vegas - Termix\" \/>\n<meta property=\"og:description\" content=\"Termix viaja a Las Vegas para asistir a la nueva edici\u00f3n de una de las ferias m\u00e1s emblem\u00e1ticas del sector de la belleza: Cosmoprof North America.\" \/>\n<meta property=\"og:url\" content=\"https:\/\/termix.net\/blog\/es\/viajamos-las-vegas\/\" \/>\n<meta property=\"og:site_name\" content=\"Blog Termix Spain\" \/>\n<meta property=\"article:published_time\" content=\"2014-11-27T08:38:43+00:00\" \/>\n<meta property=\"article:modified_time\" content=\"2019-12-17T08:36:41+00:00\" \/>\n<meta property=\"og:image\" content=\"https:\/\/termix.net\/blog\/wp-content\/uploads\/2019\/11\/segunda-foto-1.jpg\" \/>\n\t<meta property=\"og:image:width\" content=\"1160\" \/>\n\t<meta property=\"og:image:height\" content=\"660\" \/>\n\t<meta property=\"og:image:type\" content=\"image\/jpeg\" \/>\n<meta name=\"author\" content=\"TermixTeam\" \/>\n<meta name=\"twitter:card\" content=\"summary_large_image\" \/>\n<meta name=\"twitter:label1\" content=\"Escrito por\" \/>\n\t<meta name=\"twitter:data1\" content=\"TermixTeam\" \/>\n\t<meta name=\"twitter:label2\" content=\"Tiempo de lectura\" \/>\n\t<meta name=\"twitter:data2\" content=\"1 minuto\" \/>\n<script type=\"application\/ld+json\" class=\"yoast-schema-graph\">{\"@context\":\"https:\/\/schema.org\",\"@graph\":[{\"@type\":\"Article\",\"@id\":\"https:\/\/termix.net\/blog\/es\/viajamos-las-vegas\/#article\",\"isPartOf\":{\"@id\":\"https:\/\/termix.net\/blog\/es\/viajamos-las-vegas\/\"},\"author\":{\"name\":\"TermixTeam\",\"@id\":\"https:\/\/termix.net\/blog\/es\/#\/schema\/person\/9096c98bdf03c8ddf91ad7172f254f40\"},\"headline\":\"Viajamos a Las Vegas\",\"datePublished\":\"2014-11-27T08:38:43+00:00\",\"dateModified\":\"2019-12-17T08:36:41+00:00\",\"mainEntityOfPage\":{\"@id\":\"https:\/\/termix.net\/blog\/es\/viajamos-las-vegas\/\"},\"wordCount\":196,\"commentCount\":0,\"publisher\":{\"@id\":\"https:\/\/termix.net\/blog\/es\/#organization\"},\"articleSection\":[\"NOTICIAS\"],\"inLanguage\":\"es\",\"potentialAction\":[{\"@type\":\"CommentAction\",\"name\":\"Comment\",\"target\":[\"https:\/\/termix.net\/blog\/es\/viajamos-las-vegas\/#respond\"]}]},{\"@type\":\"WebPage\",\"@id\":\"https:\/\/termix.net\/blog\/es\/viajamos-las-vegas\/\",\"url\":\"https:\/\/termix.net\/blog\/es\/viajamos-las-vegas\/\",\"name\":\"Viajamos a Las Vegas - Termix\",\"isPartOf\":{\"@id\":\"https:\/\/termix.net\/blog\/es\/#website\"},\"datePublished\":\"2014-11-27T08:38:43+00:00\",\"dateModified\":\"2019-12-17T08:36:41+00:00\",\"description\":\"Termix viaja a Las Vegas para asistir a la nueva edici\u00f3n de una de las ferias m\u00e1s emblem\u00e1ticas del sector de la belleza: Cosmoprof North America.\",\"breadcrumb\":{\"@id\":\"https:\/\/termix.net\/blog\/es\/viajamos-las-vegas\/#breadcrumb\"},\"inLanguage\":\"es\",\"potentialAction\":[{\"@type\":\"ReadAction\",\"target\":[\"https:\/\/termix.net\/blog\/es\/viajamos-las-vegas\/\"]}]},{\"@type\":\"BreadcrumbList\",\"@id\":\"https:\/\/termix.net\/blog\/es\/viajamos-las-vegas\/#breadcrumb\",\"itemListElement\":[{\"@type\":\"ListItem\",\"position\":1,\"name\":\"Home\",\"item\":\"https:\/\/termix.net\/blog\/es\/\"},{\"@type\":\"ListItem\",\"position\":2,\"name\":\"Viajamos a Las Vegas\"}]},{\"@type\":\"WebSite\",\"@id\":\"https:\/\/termix.net\/blog\/es\/#website\",\"url\":\"https:\/\/termix.net\/blog\/es\/\",\"name\":\"Blog Termix Spain\",\"description\":\"Blog de tendencias y productos de peluquer\u00eda profesional.\",\"publisher\":{\"@id\":\"https:\/\/termix.net\/blog\/es\/#organization\"},\"potentialAction\":[{\"@type\":\"SearchAction\",\"target\":{\"@type\":\"EntryPoint\",\"urlTemplate\":\"https:\/\/termix.net\/blog\/es\/?s={search_term_string}\"},\"query-input\":\"required name=search_term_string\"}],\"inLanguage\":\"es\"},{\"@type\":\"Organization\",\"@id\":\"https:\/\/termix.net\/blog\/es\/#organization\",\"name\":\"Dols Industrial de Peluquer\u00eda SA\",\"url\":\"https:\/\/termix.net\/blog\/es\/\",\"logo\":{\"@type\":\"ImageObject\",\"inLanguage\":\"es\",\"@id\":\"https:\/\/termix.net\/blog\/es\/#\/schema\/logo\/image\/\",\"url\":\"https:\/\/termix.net\/blog\/wp-content\/uploads\/2020\/10\/OGbDAeng.jpeg\",\"contentUrl\":\"https:\/\/termix.net\/blog\/wp-content\/uploads\/2020\/10\/OGbDAeng.jpeg\",\"width\":800,\"height\":800,\"caption\":\"Dols Industrial de Peluquer\u00eda SA\"},\"image\":{\"@id\":\"https:\/\/termix.net\/blog\/es\/#\/schema\/logo\/image\/\"}},{\"@type\":\"Person\",\"@id\":\"https:\/\/termix.net\/blog\/es\/#\/schema\/person\/9096c98bdf03c8ddf91ad7172f254f40\",\"name\":\"TermixTeam\",\"image\":{\"@type\":\"ImageObject\",\"inLanguage\":\"es\",\"@id\":\"https:\/\/termix.net\/blog\/es\/#\/schema\/person\/image\/\",\"url\":\"https:\/\/secure.gravatar.com\/avatar\/d89f61f6bd1c29a4acb231736d1c74b3?s=96&d=mm&r=g\",\"contentUrl\":\"https:\/\/secure.gravatar.com\/avatar\/d89f61f6bd1c29a4acb231736d1c74b3?s=96&d=mm&r=g\",\"caption\":\"TermixTeam\"},\"url\":\"https:\/\/termix.net\/blog\/es\/author\/termixteam\/\"}]}<\/script>\n<!-- \/ Yoast SEO plugin. -->","yoast_head_json":{"title":"Viajamos a Las Vegas - Termix","description":"Termix viaja a Las Vegas para asistir a la nueva edici\u00f3n de una de las ferias m\u00e1s emblem\u00e1ticas del sector de la belleza: Cosmoprof North America.","robots":{"index":"noindex","follow":"follow"},"og_locale":"es_ES","og_type":"article","og_title":"Viajamos a Las Vegas - Termix","og_description":"Termix viaja a Las Vegas para asistir a la nueva edici\u00f3n de una de las ferias m\u00e1s emblem\u00e1ticas del sector de la belleza: Cosmoprof North America.","og_url":"https:\/\/termix.net\/blog\/es\/viajamos-las-vegas\/","og_site_name":"Blog Termix Spain","article_published_time":"2014-11-27T08:38:43+00:00","article_modified_time":"2019-12-17T08:36:41+00:00","og_image":[{"width":1160,"height":660,"url":"https:\/\/termix.net\/blog\/wp-content\/uploads\/2019\/11\/segunda-foto-1.jpg","type":"image\/jpeg"}],"author":"TermixTeam","twitter_card":"summary_large_image","twitter_misc":{"Escrito por":"TermixTeam","Tiempo de lectura":"1 minuto"},"schema":{"@context":"https:\/\/schema.org","@graph":[{"@type":"Article","@id":"https:\/\/termix.net\/blog\/es\/viajamos-las-vegas\/#article","isPartOf":{"@id":"https:\/\/termix.net\/blog\/es\/viajamos-las-vegas\/"},"author":{"name":"TermixTeam","@id":"https:\/\/termix.net\/blog\/es\/#\/schema\/person\/9096c98bdf03c8ddf91ad7172f254f40"},"headline":"Viajamos a Las Vegas","datePublished":"2014-11-27T08:38:43+00:00","dateModified":"2019-12-17T08:36:41+00:00","mainEntityOfPage":{"@id":"https:\/\/termix.net\/blog\/es\/viajamos-las-vegas\/"},"wordCount":196,"commentCount":0,"publisher":{"@id":"https:\/\/termix.net\/blog\/es\/#organization"},"articleSection":["NOTICIAS"],"inLanguage":"es","potentialAction":[{"@type":"CommentAction","name":"Comment","target":["https:\/\/termix.net\/blog\/es\/viajamos-las-vegas\/#respond"]}]},{"@type":"WebPage","@id":"https:\/\/termix.net\/blog\/es\/viajamos-las-vegas\/","url":"https:\/\/termix.net\/blog\/es\/viajamos-las-vegas\/","name":"Viajamos a Las Vegas - Termix","isPartOf":{"@id":"https:\/\/termix.net\/blog\/es\/#website"},"datePublished":"2014-11-27T08:38:43+00:00","dateModified":"2019-12-17T08:36:41+00:00","description":"Termix viaja a Las Vegas para asistir a la nueva edici\u00f3n de una de las ferias m\u00e1s emblem\u00e1ticas del sector de la belleza: Cosmoprof North America.","breadcrumb":{"@id":"https:\/\/termix.net\/blog\/es\/viajamos-las-vegas\/#breadcrumb"},"inLanguage":"es","potentialAction":[{"@type":"ReadAction","target":["https:\/\/termix.net\/blog\/es\/viajamos-las-vegas\/"]}]},{"@type":"BreadcrumbList","@id":"https:\/\/termix.net\/blog\/es\/viajamos-las-vegas\/#breadcrumb","itemListElement":[{"@type":"ListItem","position":1,"name":"Home","item":"https:\/\/termix.net\/blog\/es\/"},{"@type":"ListItem","position":2,"name":"Viajamos a Las Vegas"}]},{"@type":"WebSite","@id":"https:\/\/termix.net\/blog\/es\/#website","url":"https:\/\/termix.net\/blog\/es\/","name":"Blog Termix Spain","description":"Blog de tendencias y productos de peluquer\u00eda profesional.","publisher":{"@id":"https:\/\/termix.net\/blog\/es\/#organization"},"potentialAction":[{"@type":"SearchAction","target":{"@type":"EntryPoint","urlTemplate":"https:\/\/termix.net\/blog\/es\/?s={search_term_string}"},"query-input":"required name=search_term_string"}],"inLanguage":"es"},{"@type":"Organization","@id":"https:\/\/termix.net\/blog\/es\/#organization","name":"Dols Industrial de Peluquer\u00eda SA","url":"https:\/\/termix.net\/blog\/es\/","logo":{"@type":"ImageObject","inLanguage":"es","@id":"https:\/\/termix.net\/blog\/es\/#\/schema\/logo\/image\/","url":"https:\/\/termix.net\/blog\/wp-content\/uploads\/2020\/10\/OGbDAeng.jpeg","contentUrl":"https:\/\/termix.net\/blog\/wp-content\/uploads\/2020\/10\/OGbDAeng.jpeg","width":800,"height":800,"caption":"Dols Industrial de Peluquer\u00eda SA"},"image":{"@id":"https:\/\/termix.net\/blog\/es\/#\/schema\/logo\/image\/"}},{"@type":"Person","@id":"https:\/\/termix.net\/blog\/es\/#\/schema\/person\/9096c98bdf03c8ddf91ad7172f254f40","name":"TermixTeam","image":{"@type":"ImageObject","inLanguage":"es","@id":"https:\/\/termix.net\/blog\/es\/#\/schema\/person\/image\/","url":"https:\/\/secure.gravatar.com\/avatar\/d89f61f6bd1c29a4acb231736d1c74b3?s=96&d=mm&r=g","contentUrl":"https:\/\/secure.gravatar.com\/avatar\/d89f61f6bd1c29a4acb231736d1c74b3?s=96&d=mm&r=g","caption":"TermixTeam"},"url":"https:\/\/termix.net\/blog\/es\/author\/termixteam\/"}]}},"_links":{"self":[{"href":"https:\/\/termix.net\/blog\/es\/wp-json\/wp\/v2\/posts\/5603"}],"collection":[{"href":"https:\/\/termix.net\/blog\/es\/wp-json\/wp\/v2\/posts"}],"about":[{"href":"https:\/\/termix.net\/blog\/es\/wp-json\/wp\/v2\/types\/post"}],"author":[{"embeddable":true,"href":"https:\/\/termix.net\/blog\/es\/wp-json\/wp\/v2\/users\/2"}],"replies":[{"embeddable":true,"href":"https:\/\/termix.net\/blog\/es\/wp-json\/wp\/v2\/comments?post=5603"}],"version-history":[{"count":3,"href":"https:\/\/termix.net\/blog\/es\/wp-json\/wp\/v2\/posts\/5603\/revisions"}],"predecessor-version":[{"id":23857,"href":"https:\/\/termix.net\/blog\/es\/wp-json\/wp\/v2\/posts\/5603\/revisions\/23857"}],"wp:featuredmedia":[{"embeddable":true,"href":"https:\/\/termix.net\/blog\/es\/wp-json\/wp\/v2\/media\/21096"}],"wp:attachment":[{"href":"https:\/\/termix.net\/blog\/es\/wp-json\/wp\/v2\/media?parent=5603"}],"wp:term":[{"taxonomy":"category","embeddable":true,"href":"https:\/\/termix.net\/blog\/es\/wp-json\/wp\/v2\/categories?post=5603"},{"taxonomy":"post_tag","embeddable":true,"href":"https:\/\/termix.net\/blog\/es\/wp-json\/wp\/v2\/tags?post=5603"}],"curies":[{"name":"wp","href":"https:\/\/api.w.org\/{rel}","templated":true}]}}