{"id":5602,"date":"2014-11-26T11:47:58","date_gmt":"2014-11-26T11:47:58","guid":{"rendered":"http:\/\/termix.net\/?p=737"},"modified":"2019-11-28T09:22:56","modified_gmt":"2019-11-28T08:22:56","slug":"desfilamos-con-rizos-en-intermoda-2014","status":"publish","type":"post","link":"https:\/\/termix.net\/blog\/es\/desfilamos-con-rizos-en-intermoda-2014\/","title":{"rendered":"Desfilamos con rizos en el Show Intermoda 2014"},"content":{"rendered":"<p>&nbsp;<\/p>\n<h1 style=\"text-align: center;\">Desfilamos con rizos en el Show Intermoda 2014<\/h1>\n<p style=\"text-align: center;\"><em>C\u00e1mara, luces, \u00a1acci\u00f3n!<\/em><\/p>\n<p>C\u00e1mara, luces, \u00a1acci\u00f3n! As\u00ed arranc\u00f3 uno de los mejores espect\u00e1culos de peluquer\u00eda del panorama nacional, el \u00abshow Intermoda Rizos 2014\u00bb,\u00a0en el que Termix particip\u00f3 de la mano de Rizos como su marca de productos de peluquer\u00eda de confianza.<\/p>\n<p>&nbsp;<\/p>\n<h2><strong>El primer Training Experience de L\u2019Or\u00e9al Professionnel.<\/strong><\/h2>\n<p style=\"text-align: justify;\">El show Intermoda Rizos que a su vez se convirti\u00f3 en el punto de partida del primer Training Experience de L\u2019Or\u00e9al Professionnel.<\/p>\n<p style=\"text-align: justify;\">Confiando en los <strong>productos Termix<\/strong> para su desfile Intermoda, el equipo al completo de Rizos present\u00f3 el pasado domingo 11 de mayo en Madrid las nuevas tendencias de sus colecciones: la galardonada colecci\u00f3n <strong><em>Gold<\/em><\/strong>, una propuesta con colores atrevidos y cortes de tendencia de aire estructurado que apuesta por la versatilidad; <strong><em>Golden Divas<\/em><\/strong>, su faceta m\u00e1s barroca y elegante, y <strong><em>Lose Control<\/em><\/strong>, la l\u00ednea m\u00e1s comercial y natural.<\/p>\n<p style=\"text-align: justify;\">Todo ello, en un encuentro intensivo de dos d\u00edas para profesionales y expertos en peluquer\u00eda en los que las tendencias y la innovaci\u00f3n se han unido al intercambio de ideas para mejorar el negocio.<\/p>\n","protected":false},"excerpt":{"rendered":"<p>\t\t\t\tC\u00e1mara, luces, \u00a1acci\u00f3n! As\u00ed arranc\u00f3 uno de los mejores espect\u00e1culos de peluquer\u00eda del panorama nacional, el \u00abShow Intermoda Rizos 2014\u00bb, en el que Termix particip\u00f3 de la mano de Rizos. \t\t<\/p>\n","protected":false},"author":2,"featured_media":21077,"comment_status":"open","ping_status":"open","sticky":false,"template":"","format":"standard","meta":[],"categories":[6],"tags":[],"yoast_head":"<!-- This site is optimized with the Yoast SEO plugin v20.0 - https:\/\/yoast.com\/wordpress\/plugins\/seo\/ -->\n<title>Desfilamos con Rizos en el Show Intermoda 2014 - Termix<\/title>\n<meta name=\"description\" content=\"Termix participa en el Show Intermoda Rizos que se convirti\u00f3 en el punto de partida del primer Training Experience de L&#039;Or\u00e9al Professionel.\" \/>\n<meta name=\"robots\" content=\"noindex, follow\" \/>\n<meta property=\"og:locale\" content=\"es_ES\" \/>\n<meta property=\"og:type\" content=\"article\" \/>\n<meta property=\"og:title\" content=\"Desfilamos con Rizos en el Show Intermoda 2014 - Termix\" \/>\n<meta property=\"og:description\" content=\"Termix participa en el Show Intermoda Rizos que se convirti\u00f3 en el punto de partida del primer Training Experience de L&#039;Or\u00e9al Professionel.\" \/>\n<meta property=\"og:url\" content=\"https:\/\/termix.net\/blog\/es\/desfilamos-con-rizos-en-intermoda-2014\/\" \/>\n<meta property=\"og:site_name\" content=\"Blog Termix Spain\" \/>\n<meta property=\"article:published_time\" content=\"2014-11-26T11:47:58+00:00\" \/>\n<meta property=\"article:modified_time\" content=\"2019-11-28T08:22:56+00:00\" \/>\n<meta property=\"og:image\" content=\"https:\/\/termix.net\/blog\/wp-content\/uploads\/2019\/11\/Mary-Katrantzou-LDN.jpg\" \/>\n\t<meta property=\"og:image:width\" content=\"799\" \/>\n\t<meta property=\"og:image:height\" content=\"533\" \/>\n\t<meta property=\"og:image:type\" content=\"image\/jpeg\" \/>\n<meta name=\"author\" content=\"TermixTeam\" \/>\n<meta name=\"twitter:card\" content=\"summary_large_image\" \/>\n<meta name=\"twitter:label1\" content=\"Escrito por\" \/>\n\t<meta name=\"twitter:data1\" content=\"TermixTeam\" \/>\n\t<meta name=\"twitter:label2\" content=\"Tiempo de lectura\" \/>\n\t<meta name=\"twitter:data2\" content=\"1 minuto\" \/>\n<script type=\"application\/ld+json\" class=\"yoast-schema-graph\">{\"@context\":\"https:\/\/schema.org\",\"@graph\":[{\"@type\":\"Article\",\"@id\":\"https:\/\/termix.net\/blog\/es\/desfilamos-con-rizos-en-intermoda-2014\/#article\",\"isPartOf\":{\"@id\":\"https:\/\/termix.net\/blog\/es\/desfilamos-con-rizos-en-intermoda-2014\/\"},\"author\":{\"name\":\"TermixTeam\",\"@id\":\"https:\/\/termix.net\/blog\/es\/#\/schema\/person\/9096c98bdf03c8ddf91ad7172f254f40\"},\"headline\":\"Desfilamos con rizos en el Show Intermoda 2014\",\"datePublished\":\"2014-11-26T11:47:58+00:00\",\"dateModified\":\"2019-11-28T08:22:56+00:00\",\"mainEntityOfPage\":{\"@id\":\"https:\/\/termix.net\/blog\/es\/desfilamos-con-rizos-en-intermoda-2014\/\"},\"wordCount\":205,\"commentCount\":0,\"publisher\":{\"@id\":\"https:\/\/termix.net\/blog\/es\/#organization\"},\"articleSection\":[\"NOTICIAS\"],\"inLanguage\":\"es\",\"potentialAction\":[{\"@type\":\"CommentAction\",\"name\":\"Comment\",\"target\":[\"https:\/\/termix.net\/blog\/es\/desfilamos-con-rizos-en-intermoda-2014\/#respond\"]}]},{\"@type\":\"WebPage\",\"@id\":\"https:\/\/termix.net\/blog\/es\/desfilamos-con-rizos-en-intermoda-2014\/\",\"url\":\"https:\/\/termix.net\/blog\/es\/desfilamos-con-rizos-en-intermoda-2014\/\",\"name\":\"Desfilamos con Rizos en el Show Intermoda 2014 - Termix\",\"isPartOf\":{\"@id\":\"https:\/\/termix.net\/blog\/es\/#website\"},\"datePublished\":\"2014-11-26T11:47:58+00:00\",\"dateModified\":\"2019-11-28T08:22:56+00:00\",\"description\":\"Termix participa en el Show Intermoda Rizos que se convirti\u00f3 en el punto de partida del primer Training Experience de L'Or\u00e9al Professionel.\",\"breadcrumb\":{\"@id\":\"https:\/\/termix.net\/blog\/es\/desfilamos-con-rizos-en-intermoda-2014\/#breadcrumb\"},\"inLanguage\":\"es\",\"potentialAction\":[{\"@type\":\"ReadAction\",\"target\":[\"https:\/\/termix.net\/blog\/es\/desfilamos-con-rizos-en-intermoda-2014\/\"]}]},{\"@type\":\"BreadcrumbList\",\"@id\":\"https:\/\/termix.net\/blog\/es\/desfilamos-con-rizos-en-intermoda-2014\/#breadcrumb\",\"itemListElement\":[{\"@type\":\"ListItem\",\"position\":1,\"name\":\"Home\",\"item\":\"https:\/\/termix.net\/blog\/es\/\"},{\"@type\":\"ListItem\",\"position\":2,\"name\":\"Desfilamos con rizos en el Show Intermoda 2014\"}]},{\"@type\":\"WebSite\",\"@id\":\"https:\/\/termix.net\/blog\/es\/#website\",\"url\":\"https:\/\/termix.net\/blog\/es\/\",\"name\":\"Blog Termix Spain\",\"description\":\"Blog de tendencias y productos de peluquer\u00eda profesional.\",\"publisher\":{\"@id\":\"https:\/\/termix.net\/blog\/es\/#organization\"},\"potentialAction\":[{\"@type\":\"SearchAction\",\"target\":{\"@type\":\"EntryPoint\",\"urlTemplate\":\"https:\/\/termix.net\/blog\/es\/?s={search_term_string}\"},\"query-input\":\"required name=search_term_string\"}],\"inLanguage\":\"es\"},{\"@type\":\"Organization\",\"@id\":\"https:\/\/termix.net\/blog\/es\/#organization\",\"name\":\"Dols Industrial de Peluquer\u00eda SA\",\"url\":\"https:\/\/termix.net\/blog\/es\/\",\"logo\":{\"@type\":\"ImageObject\",\"inLanguage\":\"es\",\"@id\":\"https:\/\/termix.net\/blog\/es\/#\/schema\/logo\/image\/\",\"url\":\"https:\/\/termix.net\/blog\/wp-content\/uploads\/2020\/10\/OGbDAeng.jpeg\",\"contentUrl\":\"https:\/\/termix.net\/blog\/wp-content\/uploads\/2020\/10\/OGbDAeng.jpeg\",\"width\":800,\"height\":800,\"caption\":\"Dols Industrial de Peluquer\u00eda SA\"},\"image\":{\"@id\":\"https:\/\/termix.net\/blog\/es\/#\/schema\/logo\/image\/\"}},{\"@type\":\"Person\",\"@id\":\"https:\/\/termix.net\/blog\/es\/#\/schema\/person\/9096c98bdf03c8ddf91ad7172f254f40\",\"name\":\"TermixTeam\",\"image\":{\"@type\":\"ImageObject\",\"inLanguage\":\"es\",\"@id\":\"https:\/\/termix.net\/blog\/es\/#\/schema\/person\/image\/\",\"url\":\"https:\/\/secure.gravatar.com\/avatar\/d89f61f6bd1c29a4acb231736d1c74b3?s=96&d=mm&r=g\",\"contentUrl\":\"https:\/\/secure.gravatar.com\/avatar\/d89f61f6bd1c29a4acb231736d1c74b3?s=96&d=mm&r=g\",\"caption\":\"TermixTeam\"},\"url\":\"https:\/\/termix.net\/blog\/es\/author\/termixteam\/\"}]}<\/script>\n<!-- \/ Yoast SEO plugin. -->","yoast_head_json":{"title":"Desfilamos con Rizos en el Show Intermoda 2014 - Termix","description":"Termix participa en el Show Intermoda Rizos que se convirti\u00f3 en el punto de partida del primer Training Experience de L'Or\u00e9al Professionel.","robots":{"index":"noindex","follow":"follow"},"og_locale":"es_ES","og_type":"article","og_title":"Desfilamos con Rizos en el Show Intermoda 2014 - Termix","og_description":"Termix participa en el Show Intermoda Rizos que se convirti\u00f3 en el punto de partida del primer Training Experience de L'Or\u00e9al Professionel.","og_url":"https:\/\/termix.net\/blog\/es\/desfilamos-con-rizos-en-intermoda-2014\/","og_site_name":"Blog Termix Spain","article_published_time":"2014-11-26T11:47:58+00:00","article_modified_time":"2019-11-28T08:22:56+00:00","og_image":[{"width":799,"height":533,"url":"https:\/\/termix.net\/blog\/wp-content\/uploads\/2019\/11\/Mary-Katrantzou-LDN.jpg","type":"image\/jpeg"}],"author":"TermixTeam","twitter_card":"summary_large_image","twitter_misc":{"Escrito por":"TermixTeam","Tiempo de lectura":"1 minuto"},"schema":{"@context":"https:\/\/schema.org","@graph":[{"@type":"Article","@id":"https:\/\/termix.net\/blog\/es\/desfilamos-con-rizos-en-intermoda-2014\/#article","isPartOf":{"@id":"https:\/\/termix.net\/blog\/es\/desfilamos-con-rizos-en-intermoda-2014\/"},"author":{"name":"TermixTeam","@id":"https:\/\/termix.net\/blog\/es\/#\/schema\/person\/9096c98bdf03c8ddf91ad7172f254f40"},"headline":"Desfilamos con rizos en el Show Intermoda 2014","datePublished":"2014-11-26T11:47:58+00:00","dateModified":"2019-11-28T08:22:56+00:00","mainEntityOfPage":{"@id":"https:\/\/termix.net\/blog\/es\/desfilamos-con-rizos-en-intermoda-2014\/"},"wordCount":205,"commentCount":0,"publisher":{"@id":"https:\/\/termix.net\/blog\/es\/#organization"},"articleSection":["NOTICIAS"],"inLanguage":"es","potentialAction":[{"@type":"CommentAction","name":"Comment","target":["https:\/\/termix.net\/blog\/es\/desfilamos-con-rizos-en-intermoda-2014\/#respond"]}]},{"@type":"WebPage","@id":"https:\/\/termix.net\/blog\/es\/desfilamos-con-rizos-en-intermoda-2014\/","url":"https:\/\/termix.net\/blog\/es\/desfilamos-con-rizos-en-intermoda-2014\/","name":"Desfilamos con Rizos en el Show Intermoda 2014 - Termix","isPartOf":{"@id":"https:\/\/termix.net\/blog\/es\/#website"},"datePublished":"2014-11-26T11:47:58+00:00","dateModified":"2019-11-28T08:22:56+00:00","description":"Termix participa en el Show Intermoda Rizos que se convirti\u00f3 en el punto de partida del primer Training Experience de L'Or\u00e9al Professionel.","breadcrumb":{"@id":"https:\/\/termix.net\/blog\/es\/desfilamos-con-rizos-en-intermoda-2014\/#breadcrumb"},"inLanguage":"es","potentialAction":[{"@type":"ReadAction","target":["https:\/\/termix.net\/blog\/es\/desfilamos-con-rizos-en-intermoda-2014\/"]}]},{"@type":"BreadcrumbList","@id":"https:\/\/termix.net\/blog\/es\/desfilamos-con-rizos-en-intermoda-2014\/#breadcrumb","itemListElement":[{"@type":"ListItem","position":1,"name":"Home","item":"https:\/\/termix.net\/blog\/es\/"},{"@type":"ListItem","position":2,"name":"Desfilamos con rizos en el Show Intermoda 2014"}]},{"@type":"WebSite","@id":"https:\/\/termix.net\/blog\/es\/#website","url":"https:\/\/termix.net\/blog\/es\/","name":"Blog Termix Spain","description":"Blog de tendencias y productos de peluquer\u00eda profesional.","publisher":{"@id":"https:\/\/termix.net\/blog\/es\/#organization"},"potentialAction":[{"@type":"SearchAction","target":{"@type":"EntryPoint","urlTemplate":"https:\/\/termix.net\/blog\/es\/?s={search_term_string}"},"query-input":"required name=search_term_string"}],"inLanguage":"es"},{"@type":"Organization","@id":"https:\/\/termix.net\/blog\/es\/#organization","name":"Dols Industrial de Peluquer\u00eda SA","url":"https:\/\/termix.net\/blog\/es\/","logo":{"@type":"ImageObject","inLanguage":"es","@id":"https:\/\/termix.net\/blog\/es\/#\/schema\/logo\/image\/","url":"https:\/\/termix.net\/blog\/wp-content\/uploads\/2020\/10\/OGbDAeng.jpeg","contentUrl":"https:\/\/termix.net\/blog\/wp-content\/uploads\/2020\/10\/OGbDAeng.jpeg","width":800,"height":800,"caption":"Dols Industrial de Peluquer\u00eda SA"},"image":{"@id":"https:\/\/termix.net\/blog\/es\/#\/schema\/logo\/image\/"}},{"@type":"Person","@id":"https:\/\/termix.net\/blog\/es\/#\/schema\/person\/9096c98bdf03c8ddf91ad7172f254f40","name":"TermixTeam","image":{"@type":"ImageObject","inLanguage":"es","@id":"https:\/\/termix.net\/blog\/es\/#\/schema\/person\/image\/","url":"https:\/\/secure.gravatar.com\/avatar\/d89f61f6bd1c29a4acb231736d1c74b3?s=96&d=mm&r=g","contentUrl":"https:\/\/secure.gravatar.com\/avatar\/d89f61f6bd1c29a4acb231736d1c74b3?s=96&d=mm&r=g","caption":"TermixTeam"},"url":"https:\/\/termix.net\/blog\/es\/author\/termixteam\/"}]}},"_links":{"self":[{"href":"https:\/\/termix.net\/blog\/es\/wp-json\/wp\/v2\/posts\/5602"}],"collection":[{"href":"https:\/\/termix.net\/blog\/es\/wp-json\/wp\/v2\/posts"}],"about":[{"href":"https:\/\/termix.net\/blog\/es\/wp-json\/wp\/v2\/types\/post"}],"author":[{"embeddable":true,"href":"https:\/\/termix.net\/blog\/es\/wp-json\/wp\/v2\/users\/2"}],"replies":[{"embeddable":true,"href":"https:\/\/termix.net\/blog\/es\/wp-json\/wp\/v2\/comments?post=5602"}],"version-history":[{"count":2,"href":"https:\/\/termix.net\/blog\/es\/wp-json\/wp\/v2\/posts\/5602\/revisions"}],"predecessor-version":[{"id":21468,"href":"https:\/\/termix.net\/blog\/es\/wp-json\/wp\/v2\/posts\/5602\/revisions\/21468"}],"wp:featuredmedia":[{"embeddable":true,"href":"https:\/\/termix.net\/blog\/es\/wp-json\/wp\/v2\/media\/21077"}],"wp:attachment":[{"href":"https:\/\/termix.net\/blog\/es\/wp-json\/wp\/v2\/media?parent=5602"}],"wp:term":[{"taxonomy":"category","embeddable":true,"href":"https:\/\/termix.net\/blog\/es\/wp-json\/wp\/v2\/categories?post=5602"},{"taxonomy":"post_tag","embeddable":true,"href":"https:\/\/termix.net\/blog\/es\/wp-json\/wp\/v2\/tags?post=5602"}],"curies":[{"name":"wp","href":"https:\/\/api.w.org\/{rel}","templated":true}]}}