{"id":5600,"date":"2014-11-26T11:24:58","date_gmt":"2014-11-26T11:24:58","guid":{"rendered":"http:\/\/termix.net\/?p=720"},"modified":"2019-11-28T09:20:09","modified_gmt":"2019-11-28T08:20:09","slug":"cuenta-atras-para-expocosmetica-2014","status":"publish","type":"post","link":"https:\/\/termix.net\/blog\/es\/cuenta-atras-para-expocosmetica-2014\/","title":{"rendered":"Cuenta atr\u00e1s para Expocosm\u00e9tica 2014"},"content":{"rendered":"<p>&nbsp;<\/p>\n<h1 style=\"text-align: center;\">Cuenta atr\u00e1s para Expocosm\u00e9tica 2014<\/h1>\n<p style=\"text-align: justify;\">Del 10 al 12 de mayo, la ciudad lusa de <strong>Oporto<\/strong> acoger\u00e1 la 19\u00aa edici\u00f3n de la Feria Internacional de Cosm\u00e9tica, Est\u00e9tica y Cabello,\u00a0 <strong>EXPOCOSM\u00c9TICA 2014.<\/strong><\/p>\n<p>&nbsp;<\/p>\n<p style=\"text-align: justify;\">Se acerca la fecha de un evento esencial para la industria de la belleza y la est\u00e9tica. Uno de los cert\u00e1menes m\u00e1s notorios de la industria de la est\u00e9tica y el cuidado corporal de la Pen\u00ednsula Ib\u00e9rica. As\u00ed, durante el pr\u00f3ximo fin de semana \u00a0en las instalaciones del recinto ferial <strong>Exponor<\/strong> se mostrar\u00e1n las <strong>\u00faltimas novedades, tendencias y modas del sector<\/strong> en todas sus vertientes a trav\u00e9s de desfiles de moda,\u00a0shows\u00a0de peinados, tratamientos de belleza, concursos y conferencias.<\/p>\n<p style=\"text-align: justify;\">Un evento en el que desfilar\u00e1n talento y creatividad, y en el que <strong>Termix<\/strong> repite participaci\u00f3n como fabricante l\u00edder de utensilios de peluquer\u00eda para presentar sus \u00faltimos lanzamientos.<\/p>\n<h2>No te los pierdas y visita nuestro stand.<\/h2>\n<h2>\u00a1Estaremos encantados de atenderte!<\/h2>\n<p>&nbsp;<\/p>\n<p>&nbsp;<\/p>\n<p style=\"text-align: justify;\"><strong>HORARIO EXPOCOSM\u00c9TICA: <\/strong><\/p>\n<p style=\"text-align: justify;\">10 DE MAYO: 14.00h \u2013 20.00h. FERIA ABIERTA AL P\u00daBLICO.<br \/>\n11 DE MAYO: 10.00h \u2013 20.00h FERIA ABIERTA AL P\u00daBLICO.<br \/>\n12 DE MAYO: 10.00h \u2013 20.00h \u00a0S\u00d3LO PARA PROFESIONALES.<\/p>\n","protected":false},"excerpt":{"rendered":"<p>\t\t\t\tOporto acoger\u00e1 la 19\u00aa edici\u00f3n de la Feria Internacional de Cosm\u00e9tica, Est\u00e9tica y Cabello. Termix participar\u00e1 como fabricante l\u00edder de utensilios de peluquer\u00eda.\t\t<\/p>\n","protected":false},"author":2,"featured_media":21189,"comment_status":"open","ping_status":"open","sticky":false,"template":"","format":"standard","meta":[],"categories":[6],"tags":[],"yoast_head":"<!-- This site is optimized with the Yoast SEO plugin v20.0 - https:\/\/yoast.com\/wordpress\/plugins\/seo\/ -->\n<title>Cuenta atr\u00e1s para Expocosm\u00e9tica 2014 - Termix<\/title>\n<meta name=\"description\" content=\"Termix participa en la 19\u00aa edici\u00f3n de la Feria Internacional de Cosm\u00e9tica, Est\u00e9tica y Cabello, Expocosm\u00e9tica 2014 en Oporto.\" \/>\n<meta name=\"robots\" content=\"noindex, follow\" \/>\n<meta property=\"og:locale\" content=\"es_ES\" \/>\n<meta property=\"og:type\" content=\"article\" \/>\n<meta property=\"og:title\" content=\"Cuenta atr\u00e1s para Expocosm\u00e9tica 2014 - Termix\" \/>\n<meta property=\"og:description\" content=\"Termix participa en la 19\u00aa edici\u00f3n de la Feria Internacional de Cosm\u00e9tica, Est\u00e9tica y Cabello, Expocosm\u00e9tica 2014 en Oporto.\" \/>\n<meta property=\"og:url\" content=\"https:\/\/termix.net\/blog\/es\/cuenta-atras-para-expocosmetica-2014\/\" \/>\n<meta property=\"og:site_name\" content=\"Blog Termix Spain\" \/>\n<meta property=\"article:published_time\" content=\"2014-11-26T11:24:58+00:00\" \/>\n<meta property=\"article:modified_time\" content=\"2019-11-28T08:20:09+00:00\" \/>\n<meta property=\"og:image\" content=\"https:\/\/termix.net\/blog\/wp-content\/uploads\/2019\/11\/termix-evolution-hairbrushes-will-be-on-Inbeauty-lisbon-tradeshow-1.jpg\" \/>\n\t<meta property=\"og:image:width\" content=\"1160\" \/>\n\t<meta property=\"og:image:height\" content=\"660\" \/>\n\t<meta property=\"og:image:type\" content=\"image\/jpeg\" \/>\n<meta name=\"author\" content=\"TermixTeam\" \/>\n<meta name=\"twitter:card\" content=\"summary_large_image\" \/>\n<meta name=\"twitter:label1\" content=\"Escrito por\" \/>\n\t<meta name=\"twitter:data1\" content=\"TermixTeam\" \/>\n\t<meta name=\"twitter:label2\" content=\"Tiempo de lectura\" \/>\n\t<meta name=\"twitter:data2\" content=\"1 minuto\" \/>\n<script type=\"application\/ld+json\" class=\"yoast-schema-graph\">{\"@context\":\"https:\/\/schema.org\",\"@graph\":[{\"@type\":\"Article\",\"@id\":\"https:\/\/termix.net\/blog\/es\/cuenta-atras-para-expocosmetica-2014\/#article\",\"isPartOf\":{\"@id\":\"https:\/\/termix.net\/blog\/es\/cuenta-atras-para-expocosmetica-2014\/\"},\"author\":{\"name\":\"TermixTeam\",\"@id\":\"https:\/\/termix.net\/blog\/es\/#\/schema\/person\/9096c98bdf03c8ddf91ad7172f254f40\"},\"headline\":\"Cuenta atr\u00e1s para Expocosm\u00e9tica 2014\",\"datePublished\":\"2014-11-26T11:24:58+00:00\",\"dateModified\":\"2019-11-28T08:20:09+00:00\",\"mainEntityOfPage\":{\"@id\":\"https:\/\/termix.net\/blog\/es\/cuenta-atras-para-expocosmetica-2014\/\"},\"wordCount\":204,\"commentCount\":0,\"publisher\":{\"@id\":\"https:\/\/termix.net\/blog\/es\/#organization\"},\"articleSection\":[\"NOTICIAS\"],\"inLanguage\":\"es\",\"potentialAction\":[{\"@type\":\"CommentAction\",\"name\":\"Comment\",\"target\":[\"https:\/\/termix.net\/blog\/es\/cuenta-atras-para-expocosmetica-2014\/#respond\"]}]},{\"@type\":\"WebPage\",\"@id\":\"https:\/\/termix.net\/blog\/es\/cuenta-atras-para-expocosmetica-2014\/\",\"url\":\"https:\/\/termix.net\/blog\/es\/cuenta-atras-para-expocosmetica-2014\/\",\"name\":\"Cuenta atr\u00e1s para Expocosm\u00e9tica 2014 - Termix\",\"isPartOf\":{\"@id\":\"https:\/\/termix.net\/blog\/es\/#website\"},\"datePublished\":\"2014-11-26T11:24:58+00:00\",\"dateModified\":\"2019-11-28T08:20:09+00:00\",\"description\":\"Termix participa en la 19\u00aa edici\u00f3n de la Feria Internacional de Cosm\u00e9tica, Est\u00e9tica y Cabello, Expocosm\u00e9tica 2014 en Oporto.\",\"breadcrumb\":{\"@id\":\"https:\/\/termix.net\/blog\/es\/cuenta-atras-para-expocosmetica-2014\/#breadcrumb\"},\"inLanguage\":\"es\",\"potentialAction\":[{\"@type\":\"ReadAction\",\"target\":[\"https:\/\/termix.net\/blog\/es\/cuenta-atras-para-expocosmetica-2014\/\"]}]},{\"@type\":\"BreadcrumbList\",\"@id\":\"https:\/\/termix.net\/blog\/es\/cuenta-atras-para-expocosmetica-2014\/#breadcrumb\",\"itemListElement\":[{\"@type\":\"ListItem\",\"position\":1,\"name\":\"Home\",\"item\":\"https:\/\/termix.net\/blog\/es\/\"},{\"@type\":\"ListItem\",\"position\":2,\"name\":\"Cuenta atr\u00e1s para Expocosm\u00e9tica 2014\"}]},{\"@type\":\"WebSite\",\"@id\":\"https:\/\/termix.net\/blog\/es\/#website\",\"url\":\"https:\/\/termix.net\/blog\/es\/\",\"name\":\"Blog Termix Spain\",\"description\":\"Blog de tendencias y productos de peluquer\u00eda profesional.\",\"publisher\":{\"@id\":\"https:\/\/termix.net\/blog\/es\/#organization\"},\"potentialAction\":[{\"@type\":\"SearchAction\",\"target\":{\"@type\":\"EntryPoint\",\"urlTemplate\":\"https:\/\/termix.net\/blog\/es\/?s={search_term_string}\"},\"query-input\":\"required name=search_term_string\"}],\"inLanguage\":\"es\"},{\"@type\":\"Organization\",\"@id\":\"https:\/\/termix.net\/blog\/es\/#organization\",\"name\":\"Dols Industrial de Peluquer\u00eda SA\",\"url\":\"https:\/\/termix.net\/blog\/es\/\",\"logo\":{\"@type\":\"ImageObject\",\"inLanguage\":\"es\",\"@id\":\"https:\/\/termix.net\/blog\/es\/#\/schema\/logo\/image\/\",\"url\":\"https:\/\/termix.net\/blog\/wp-content\/uploads\/2020\/10\/OGbDAeng.jpeg\",\"contentUrl\":\"https:\/\/termix.net\/blog\/wp-content\/uploads\/2020\/10\/OGbDAeng.jpeg\",\"width\":800,\"height\":800,\"caption\":\"Dols Industrial de Peluquer\u00eda SA\"},\"image\":{\"@id\":\"https:\/\/termix.net\/blog\/es\/#\/schema\/logo\/image\/\"}},{\"@type\":\"Person\",\"@id\":\"https:\/\/termix.net\/blog\/es\/#\/schema\/person\/9096c98bdf03c8ddf91ad7172f254f40\",\"name\":\"TermixTeam\",\"image\":{\"@type\":\"ImageObject\",\"inLanguage\":\"es\",\"@id\":\"https:\/\/termix.net\/blog\/es\/#\/schema\/person\/image\/\",\"url\":\"https:\/\/secure.gravatar.com\/avatar\/d89f61f6bd1c29a4acb231736d1c74b3?s=96&d=mm&r=g\",\"contentUrl\":\"https:\/\/secure.gravatar.com\/avatar\/d89f61f6bd1c29a4acb231736d1c74b3?s=96&d=mm&r=g\",\"caption\":\"TermixTeam\"},\"url\":\"https:\/\/termix.net\/blog\/es\/author\/termixteam\/\"}]}<\/script>\n<!-- \/ Yoast SEO plugin. -->","yoast_head_json":{"title":"Cuenta atr\u00e1s para Expocosm\u00e9tica 2014 - Termix","description":"Termix participa en la 19\u00aa edici\u00f3n de la Feria Internacional de Cosm\u00e9tica, Est\u00e9tica y Cabello, Expocosm\u00e9tica 2014 en Oporto.","robots":{"index":"noindex","follow":"follow"},"og_locale":"es_ES","og_type":"article","og_title":"Cuenta atr\u00e1s para Expocosm\u00e9tica 2014 - Termix","og_description":"Termix participa en la 19\u00aa edici\u00f3n de la Feria Internacional de Cosm\u00e9tica, Est\u00e9tica y Cabello, Expocosm\u00e9tica 2014 en Oporto.","og_url":"https:\/\/termix.net\/blog\/es\/cuenta-atras-para-expocosmetica-2014\/","og_site_name":"Blog Termix Spain","article_published_time":"2014-11-26T11:24:58+00:00","article_modified_time":"2019-11-28T08:20:09+00:00","og_image":[{"width":1160,"height":660,"url":"https:\/\/termix.net\/blog\/wp-content\/uploads\/2019\/11\/termix-evolution-hairbrushes-will-be-on-Inbeauty-lisbon-tradeshow-1.jpg","type":"image\/jpeg"}],"author":"TermixTeam","twitter_card":"summary_large_image","twitter_misc":{"Escrito por":"TermixTeam","Tiempo de lectura":"1 minuto"},"schema":{"@context":"https:\/\/schema.org","@graph":[{"@type":"Article","@id":"https:\/\/termix.net\/blog\/es\/cuenta-atras-para-expocosmetica-2014\/#article","isPartOf":{"@id":"https:\/\/termix.net\/blog\/es\/cuenta-atras-para-expocosmetica-2014\/"},"author":{"name":"TermixTeam","@id":"https:\/\/termix.net\/blog\/es\/#\/schema\/person\/9096c98bdf03c8ddf91ad7172f254f40"},"headline":"Cuenta atr\u00e1s para Expocosm\u00e9tica 2014","datePublished":"2014-11-26T11:24:58+00:00","dateModified":"2019-11-28T08:20:09+00:00","mainEntityOfPage":{"@id":"https:\/\/termix.net\/blog\/es\/cuenta-atras-para-expocosmetica-2014\/"},"wordCount":204,"commentCount":0,"publisher":{"@id":"https:\/\/termix.net\/blog\/es\/#organization"},"articleSection":["NOTICIAS"],"inLanguage":"es","potentialAction":[{"@type":"CommentAction","name":"Comment","target":["https:\/\/termix.net\/blog\/es\/cuenta-atras-para-expocosmetica-2014\/#respond"]}]},{"@type":"WebPage","@id":"https:\/\/termix.net\/blog\/es\/cuenta-atras-para-expocosmetica-2014\/","url":"https:\/\/termix.net\/blog\/es\/cuenta-atras-para-expocosmetica-2014\/","name":"Cuenta atr\u00e1s para Expocosm\u00e9tica 2014 - Termix","isPartOf":{"@id":"https:\/\/termix.net\/blog\/es\/#website"},"datePublished":"2014-11-26T11:24:58+00:00","dateModified":"2019-11-28T08:20:09+00:00","description":"Termix participa en la 19\u00aa edici\u00f3n de la Feria Internacional de Cosm\u00e9tica, Est\u00e9tica y Cabello, Expocosm\u00e9tica 2014 en Oporto.","breadcrumb":{"@id":"https:\/\/termix.net\/blog\/es\/cuenta-atras-para-expocosmetica-2014\/#breadcrumb"},"inLanguage":"es","potentialAction":[{"@type":"ReadAction","target":["https:\/\/termix.net\/blog\/es\/cuenta-atras-para-expocosmetica-2014\/"]}]},{"@type":"BreadcrumbList","@id":"https:\/\/termix.net\/blog\/es\/cuenta-atras-para-expocosmetica-2014\/#breadcrumb","itemListElement":[{"@type":"ListItem","position":1,"name":"Home","item":"https:\/\/termix.net\/blog\/es\/"},{"@type":"ListItem","position":2,"name":"Cuenta atr\u00e1s para Expocosm\u00e9tica 2014"}]},{"@type":"WebSite","@id":"https:\/\/termix.net\/blog\/es\/#website","url":"https:\/\/termix.net\/blog\/es\/","name":"Blog Termix Spain","description":"Blog de tendencias y productos de peluquer\u00eda profesional.","publisher":{"@id":"https:\/\/termix.net\/blog\/es\/#organization"},"potentialAction":[{"@type":"SearchAction","target":{"@type":"EntryPoint","urlTemplate":"https:\/\/termix.net\/blog\/es\/?s={search_term_string}"},"query-input":"required name=search_term_string"}],"inLanguage":"es"},{"@type":"Organization","@id":"https:\/\/termix.net\/blog\/es\/#organization","name":"Dols Industrial de Peluquer\u00eda SA","url":"https:\/\/termix.net\/blog\/es\/","logo":{"@type":"ImageObject","inLanguage":"es","@id":"https:\/\/termix.net\/blog\/es\/#\/schema\/logo\/image\/","url":"https:\/\/termix.net\/blog\/wp-content\/uploads\/2020\/10\/OGbDAeng.jpeg","contentUrl":"https:\/\/termix.net\/blog\/wp-content\/uploads\/2020\/10\/OGbDAeng.jpeg","width":800,"height":800,"caption":"Dols Industrial de Peluquer\u00eda SA"},"image":{"@id":"https:\/\/termix.net\/blog\/es\/#\/schema\/logo\/image\/"}},{"@type":"Person","@id":"https:\/\/termix.net\/blog\/es\/#\/schema\/person\/9096c98bdf03c8ddf91ad7172f254f40","name":"TermixTeam","image":{"@type":"ImageObject","inLanguage":"es","@id":"https:\/\/termix.net\/blog\/es\/#\/schema\/person\/image\/","url":"https:\/\/secure.gravatar.com\/avatar\/d89f61f6bd1c29a4acb231736d1c74b3?s=96&d=mm&r=g","contentUrl":"https:\/\/secure.gravatar.com\/avatar\/d89f61f6bd1c29a4acb231736d1c74b3?s=96&d=mm&r=g","caption":"TermixTeam"},"url":"https:\/\/termix.net\/blog\/es\/author\/termixteam\/"}]}},"_links":{"self":[{"href":"https:\/\/termix.net\/blog\/es\/wp-json\/wp\/v2\/posts\/5600"}],"collection":[{"href":"https:\/\/termix.net\/blog\/es\/wp-json\/wp\/v2\/posts"}],"about":[{"href":"https:\/\/termix.net\/blog\/es\/wp-json\/wp\/v2\/types\/post"}],"author":[{"embeddable":true,"href":"https:\/\/termix.net\/blog\/es\/wp-json\/wp\/v2\/users\/2"}],"replies":[{"embeddable":true,"href":"https:\/\/termix.net\/blog\/es\/wp-json\/wp\/v2\/comments?post=5600"}],"version-history":[{"count":2,"href":"https:\/\/termix.net\/blog\/es\/wp-json\/wp\/v2\/posts\/5600\/revisions"}],"predecessor-version":[{"id":21467,"href":"https:\/\/termix.net\/blog\/es\/wp-json\/wp\/v2\/posts\/5600\/revisions\/21467"}],"wp:featuredmedia":[{"embeddable":true,"href":"https:\/\/termix.net\/blog\/es\/wp-json\/wp\/v2\/media\/21189"}],"wp:attachment":[{"href":"https:\/\/termix.net\/blog\/es\/wp-json\/wp\/v2\/media?parent=5600"}],"wp:term":[{"taxonomy":"category","embeddable":true,"href":"https:\/\/termix.net\/blog\/es\/wp-json\/wp\/v2\/categories?post=5600"},{"taxonomy":"post_tag","embeddable":true,"href":"https:\/\/termix.net\/blog\/es\/wp-json\/wp\/v2\/tags?post=5600"}],"curies":[{"name":"wp","href":"https:\/\/api.w.org\/{rel}","templated":true}]}}