{"id":5598,"date":"2014-11-26T10:37:34","date_gmt":"2014-11-26T10:37:34","guid":{"rendered":"http:\/\/termix.net\/?p=699"},"modified":"2019-11-27T16:52:01","modified_gmt":"2019-11-27T15:52:01","slug":"arranca-la-feria-cosmoprof-bolonia-2014","status":"publish","type":"post","link":"https:\/\/termix.net\/blog\/es\/arranca-la-feria-cosmoprof-bolonia-2014\/","title":{"rendered":"Arranca la feria Cosmoprof Bolonia 2014"},"content":{"rendered":"<h1 style=\"text-align: center;\"><strong>Arranca la feria Cosmoprof Bolonia 2014<\/strong><\/h1>\n<p style=\"text-align: center;\">Avances, tendencias y modas del sector<\/p>\n<p style=\"text-align: justify;\">La feria Cosmoprof Bolonia es el evento internacional m\u00e1s importante del sector de la belleza y la cosm\u00e9tica.\u00a0 El pr\u00f3ximo 4 de abril, la Feria <strong>Cosmoprof Worldwide Bolonia 2014<\/strong> abre sus puertas en un espacio \u00fanico para mostrar los \u00faltimos\u00a0 avances, tendencias y modas del sector y servir de punto de encuentro para contactar con distribuidores de todo el mundo.<\/p>\n<p>&nbsp;<\/p>\n<h2>Una previsi\u00f3n de m\u00e1s de 190.000 visitantes<\/h2>\n<p style=\"text-align: justify;\">Es una ineludible cita internacional que se alargar\u00e1 hasta el pr\u00f3ximo 7 de abril en el recinto ferial de Bolonia, a la que <strong>Termix<\/strong>, un a\u00f1o m\u00e1s, se suma como uno de los fabricantes l\u00edder de utensilios de peluquer\u00eda.<\/p>\n<p style=\"text-align: justify;\">Tras m\u00e1s de 45 a\u00f1os de existencia, la Feria llega a su d\u00e9cima edici\u00f3n con una previsi\u00f3n que supera los 2.390 expositores y los m\u00e1s de 190.000 visitantes de 2013, en una superficie expositiva de 185.000 metros cuadrados. Sin duda, un escaparate \u00fanico en el que Termix presentar\u00e1 sus \u00faltimas creaciones: desde la nueva y revolucionaria herramienta <strong>Termix Teacher<\/strong> para hacer recogidos profesionales en un tiempo r\u00e9cord hasta los nuevos expositores de nuestra gama de <strong>cepillos Evolution y Profesional<\/strong>.<\/p>\n<p style=\"text-align: justify;\">Para conocerlos, os esperamos en el <strong>Stand A23 del Pabell\u00f3n 33<\/strong> del Recinto Ferial de Bolonia.<\/p>\n<h2 style=\"text-align: justify;\"><strong>\u00a1Una cita que no os pod\u00e9is perder!<\/strong><\/h2>\n","protected":false},"excerpt":{"rendered":"<p>\t\t\t\tEl pr\u00f3ximo 4 de abril, la Feria Cosmoprof Worldwide Bolonia 2014 abre sus puertas en un espacio \u00fanico para mostrar las \u00faltimas tendencias del sector.\t\t<\/p>\n","protected":false},"author":2,"featured_media":20617,"comment_status":"open","ping_status":"open","sticky":false,"template":"","format":"standard","meta":[],"categories":[6],"tags":[],"yoast_head":"<!-- This site is optimized with the Yoast SEO plugin v20.0 - https:\/\/yoast.com\/wordpress\/plugins\/seo\/ -->\n<title>Arranca la Feria Cosmoprof Bolonia 2014 - Termix<\/title>\n<meta name=\"description\" content=\"Termix participa en la feria Cosmoprof Worldwide Bolonia 2014. El evento internacional m\u00e1s importante del sector de la belleza y la cosm\u00e9tica.\" \/>\n<meta name=\"robots\" content=\"noindex, follow\" \/>\n<meta property=\"og:locale\" content=\"es_ES\" \/>\n<meta property=\"og:type\" content=\"article\" \/>\n<meta property=\"og:title\" content=\"Arranca la Feria Cosmoprof Bolonia 2014 - Termix\" \/>\n<meta property=\"og:description\" content=\"Termix participa en la feria Cosmoprof Worldwide Bolonia 2014. El evento internacional m\u00e1s importante del sector de la belleza y la cosm\u00e9tica.\" \/>\n<meta property=\"og:url\" content=\"https:\/\/termix.net\/blog\/es\/arranca-la-feria-cosmoprof-bolonia-2014\/\" \/>\n<meta property=\"og:site_name\" content=\"Blog Termix Spain\" \/>\n<meta property=\"article:published_time\" content=\"2014-11-26T10:37:34+00:00\" \/>\n<meta property=\"article:modified_time\" content=\"2019-11-27T15:52:01+00:00\" \/>\n<meta property=\"og:image\" content=\"https:\/\/termix.net\/blog\/wp-content\/uploads\/2019\/11\/cosmobeautybcn_bestsellers-1.jpg\" \/>\n\t<meta property=\"og:image:width\" content=\"1160\" \/>\n\t<meta property=\"og:image:height\" content=\"660\" \/>\n\t<meta property=\"og:image:type\" content=\"image\/jpeg\" \/>\n<meta name=\"author\" content=\"TermixTeam\" \/>\n<meta name=\"twitter:card\" content=\"summary_large_image\" \/>\n<meta name=\"twitter:label1\" content=\"Escrito por\" \/>\n\t<meta name=\"twitter:data1\" content=\"TermixTeam\" \/>\n\t<meta name=\"twitter:label2\" content=\"Tiempo de lectura\" \/>\n\t<meta name=\"twitter:data2\" content=\"1 minuto\" \/>\n<script type=\"application\/ld+json\" class=\"yoast-schema-graph\">{\"@context\":\"https:\/\/schema.org\",\"@graph\":[{\"@type\":\"Article\",\"@id\":\"https:\/\/termix.net\/blog\/es\/arranca-la-feria-cosmoprof-bolonia-2014\/#article\",\"isPartOf\":{\"@id\":\"https:\/\/termix.net\/blog\/es\/arranca-la-feria-cosmoprof-bolonia-2014\/\"},\"author\":{\"name\":\"TermixTeam\",\"@id\":\"https:\/\/termix.net\/blog\/es\/#\/schema\/person\/9096c98bdf03c8ddf91ad7172f254f40\"},\"headline\":\"Arranca la feria Cosmoprof Bolonia 2014\",\"datePublished\":\"2014-11-26T10:37:34+00:00\",\"dateModified\":\"2019-11-27T15:52:01+00:00\",\"mainEntityOfPage\":{\"@id\":\"https:\/\/termix.net\/blog\/es\/arranca-la-feria-cosmoprof-bolonia-2014\/\"},\"wordCount\":234,\"commentCount\":0,\"publisher\":{\"@id\":\"https:\/\/termix.net\/blog\/es\/#organization\"},\"articleSection\":[\"NOTICIAS\"],\"inLanguage\":\"es\",\"potentialAction\":[{\"@type\":\"CommentAction\",\"name\":\"Comment\",\"target\":[\"https:\/\/termix.net\/blog\/es\/arranca-la-feria-cosmoprof-bolonia-2014\/#respond\"]}]},{\"@type\":\"WebPage\",\"@id\":\"https:\/\/termix.net\/blog\/es\/arranca-la-feria-cosmoprof-bolonia-2014\/\",\"url\":\"https:\/\/termix.net\/blog\/es\/arranca-la-feria-cosmoprof-bolonia-2014\/\",\"name\":\"Arranca la Feria Cosmoprof Bolonia 2014 - Termix\",\"isPartOf\":{\"@id\":\"https:\/\/termix.net\/blog\/es\/#website\"},\"datePublished\":\"2014-11-26T10:37:34+00:00\",\"dateModified\":\"2019-11-27T15:52:01+00:00\",\"description\":\"Termix participa en la feria Cosmoprof Worldwide Bolonia 2014. El evento internacional m\u00e1s importante del sector de la belleza y la cosm\u00e9tica.\",\"breadcrumb\":{\"@id\":\"https:\/\/termix.net\/blog\/es\/arranca-la-feria-cosmoprof-bolonia-2014\/#breadcrumb\"},\"inLanguage\":\"es\",\"potentialAction\":[{\"@type\":\"ReadAction\",\"target\":[\"https:\/\/termix.net\/blog\/es\/arranca-la-feria-cosmoprof-bolonia-2014\/\"]}]},{\"@type\":\"BreadcrumbList\",\"@id\":\"https:\/\/termix.net\/blog\/es\/arranca-la-feria-cosmoprof-bolonia-2014\/#breadcrumb\",\"itemListElement\":[{\"@type\":\"ListItem\",\"position\":1,\"name\":\"Home\",\"item\":\"https:\/\/termix.net\/blog\/es\/\"},{\"@type\":\"ListItem\",\"position\":2,\"name\":\"Arranca la feria Cosmoprof Bolonia 2014\"}]},{\"@type\":\"WebSite\",\"@id\":\"https:\/\/termix.net\/blog\/es\/#website\",\"url\":\"https:\/\/termix.net\/blog\/es\/\",\"name\":\"Blog Termix Spain\",\"description\":\"Blog de tendencias y productos de peluquer\u00eda profesional.\",\"publisher\":{\"@id\":\"https:\/\/termix.net\/blog\/es\/#organization\"},\"potentialAction\":[{\"@type\":\"SearchAction\",\"target\":{\"@type\":\"EntryPoint\",\"urlTemplate\":\"https:\/\/termix.net\/blog\/es\/?s={search_term_string}\"},\"query-input\":\"required name=search_term_string\"}],\"inLanguage\":\"es\"},{\"@type\":\"Organization\",\"@id\":\"https:\/\/termix.net\/blog\/es\/#organization\",\"name\":\"Dols Industrial de Peluquer\u00eda SA\",\"url\":\"https:\/\/termix.net\/blog\/es\/\",\"logo\":{\"@type\":\"ImageObject\",\"inLanguage\":\"es\",\"@id\":\"https:\/\/termix.net\/blog\/es\/#\/schema\/logo\/image\/\",\"url\":\"https:\/\/termix.net\/blog\/wp-content\/uploads\/2020\/10\/OGbDAeng.jpeg\",\"contentUrl\":\"https:\/\/termix.net\/blog\/wp-content\/uploads\/2020\/10\/OGbDAeng.jpeg\",\"width\":800,\"height\":800,\"caption\":\"Dols Industrial de Peluquer\u00eda SA\"},\"image\":{\"@id\":\"https:\/\/termix.net\/blog\/es\/#\/schema\/logo\/image\/\"}},{\"@type\":\"Person\",\"@id\":\"https:\/\/termix.net\/blog\/es\/#\/schema\/person\/9096c98bdf03c8ddf91ad7172f254f40\",\"name\":\"TermixTeam\",\"image\":{\"@type\":\"ImageObject\",\"inLanguage\":\"es\",\"@id\":\"https:\/\/termix.net\/blog\/es\/#\/schema\/person\/image\/\",\"url\":\"https:\/\/secure.gravatar.com\/avatar\/d89f61f6bd1c29a4acb231736d1c74b3?s=96&d=mm&r=g\",\"contentUrl\":\"https:\/\/secure.gravatar.com\/avatar\/d89f61f6bd1c29a4acb231736d1c74b3?s=96&d=mm&r=g\",\"caption\":\"TermixTeam\"},\"url\":\"https:\/\/termix.net\/blog\/es\/author\/termixteam\/\"}]}<\/script>\n<!-- \/ Yoast SEO plugin. -->","yoast_head_json":{"title":"Arranca la Feria Cosmoprof Bolonia 2014 - Termix","description":"Termix participa en la feria Cosmoprof Worldwide Bolonia 2014. El evento internacional m\u00e1s importante del sector de la belleza y la cosm\u00e9tica.","robots":{"index":"noindex","follow":"follow"},"og_locale":"es_ES","og_type":"article","og_title":"Arranca la Feria Cosmoprof Bolonia 2014 - Termix","og_description":"Termix participa en la feria Cosmoprof Worldwide Bolonia 2014. El evento internacional m\u00e1s importante del sector de la belleza y la cosm\u00e9tica.","og_url":"https:\/\/termix.net\/blog\/es\/arranca-la-feria-cosmoprof-bolonia-2014\/","og_site_name":"Blog Termix Spain","article_published_time":"2014-11-26T10:37:34+00:00","article_modified_time":"2019-11-27T15:52:01+00:00","og_image":[{"width":1160,"height":660,"url":"https:\/\/termix.net\/blog\/wp-content\/uploads\/2019\/11\/cosmobeautybcn_bestsellers-1.jpg","type":"image\/jpeg"}],"author":"TermixTeam","twitter_card":"summary_large_image","twitter_misc":{"Escrito por":"TermixTeam","Tiempo de lectura":"1 minuto"},"schema":{"@context":"https:\/\/schema.org","@graph":[{"@type":"Article","@id":"https:\/\/termix.net\/blog\/es\/arranca-la-feria-cosmoprof-bolonia-2014\/#article","isPartOf":{"@id":"https:\/\/termix.net\/blog\/es\/arranca-la-feria-cosmoprof-bolonia-2014\/"},"author":{"name":"TermixTeam","@id":"https:\/\/termix.net\/blog\/es\/#\/schema\/person\/9096c98bdf03c8ddf91ad7172f254f40"},"headline":"Arranca la feria Cosmoprof Bolonia 2014","datePublished":"2014-11-26T10:37:34+00:00","dateModified":"2019-11-27T15:52:01+00:00","mainEntityOfPage":{"@id":"https:\/\/termix.net\/blog\/es\/arranca-la-feria-cosmoprof-bolonia-2014\/"},"wordCount":234,"commentCount":0,"publisher":{"@id":"https:\/\/termix.net\/blog\/es\/#organization"},"articleSection":["NOTICIAS"],"inLanguage":"es","potentialAction":[{"@type":"CommentAction","name":"Comment","target":["https:\/\/termix.net\/blog\/es\/arranca-la-feria-cosmoprof-bolonia-2014\/#respond"]}]},{"@type":"WebPage","@id":"https:\/\/termix.net\/blog\/es\/arranca-la-feria-cosmoprof-bolonia-2014\/","url":"https:\/\/termix.net\/blog\/es\/arranca-la-feria-cosmoprof-bolonia-2014\/","name":"Arranca la Feria Cosmoprof Bolonia 2014 - Termix","isPartOf":{"@id":"https:\/\/termix.net\/blog\/es\/#website"},"datePublished":"2014-11-26T10:37:34+00:00","dateModified":"2019-11-27T15:52:01+00:00","description":"Termix participa en la feria Cosmoprof Worldwide Bolonia 2014. El evento internacional m\u00e1s importante del sector de la belleza y la cosm\u00e9tica.","breadcrumb":{"@id":"https:\/\/termix.net\/blog\/es\/arranca-la-feria-cosmoprof-bolonia-2014\/#breadcrumb"},"inLanguage":"es","potentialAction":[{"@type":"ReadAction","target":["https:\/\/termix.net\/blog\/es\/arranca-la-feria-cosmoprof-bolonia-2014\/"]}]},{"@type":"BreadcrumbList","@id":"https:\/\/termix.net\/blog\/es\/arranca-la-feria-cosmoprof-bolonia-2014\/#breadcrumb","itemListElement":[{"@type":"ListItem","position":1,"name":"Home","item":"https:\/\/termix.net\/blog\/es\/"},{"@type":"ListItem","position":2,"name":"Arranca la feria Cosmoprof Bolonia 2014"}]},{"@type":"WebSite","@id":"https:\/\/termix.net\/blog\/es\/#website","url":"https:\/\/termix.net\/blog\/es\/","name":"Blog Termix Spain","description":"Blog de tendencias y productos de peluquer\u00eda profesional.","publisher":{"@id":"https:\/\/termix.net\/blog\/es\/#organization"},"potentialAction":[{"@type":"SearchAction","target":{"@type":"EntryPoint","urlTemplate":"https:\/\/termix.net\/blog\/es\/?s={search_term_string}"},"query-input":"required name=search_term_string"}],"inLanguage":"es"},{"@type":"Organization","@id":"https:\/\/termix.net\/blog\/es\/#organization","name":"Dols Industrial de Peluquer\u00eda SA","url":"https:\/\/termix.net\/blog\/es\/","logo":{"@type":"ImageObject","inLanguage":"es","@id":"https:\/\/termix.net\/blog\/es\/#\/schema\/logo\/image\/","url":"https:\/\/termix.net\/blog\/wp-content\/uploads\/2020\/10\/OGbDAeng.jpeg","contentUrl":"https:\/\/termix.net\/blog\/wp-content\/uploads\/2020\/10\/OGbDAeng.jpeg","width":800,"height":800,"caption":"Dols Industrial de Peluquer\u00eda SA"},"image":{"@id":"https:\/\/termix.net\/blog\/es\/#\/schema\/logo\/image\/"}},{"@type":"Person","@id":"https:\/\/termix.net\/blog\/es\/#\/schema\/person\/9096c98bdf03c8ddf91ad7172f254f40","name":"TermixTeam","image":{"@type":"ImageObject","inLanguage":"es","@id":"https:\/\/termix.net\/blog\/es\/#\/schema\/person\/image\/","url":"https:\/\/secure.gravatar.com\/avatar\/d89f61f6bd1c29a4acb231736d1c74b3?s=96&d=mm&r=g","contentUrl":"https:\/\/secure.gravatar.com\/avatar\/d89f61f6bd1c29a4acb231736d1c74b3?s=96&d=mm&r=g","caption":"TermixTeam"},"url":"https:\/\/termix.net\/blog\/es\/author\/termixteam\/"}]}},"_links":{"self":[{"href":"https:\/\/termix.net\/blog\/es\/wp-json\/wp\/v2\/posts\/5598"}],"collection":[{"href":"https:\/\/termix.net\/blog\/es\/wp-json\/wp\/v2\/posts"}],"about":[{"href":"https:\/\/termix.net\/blog\/es\/wp-json\/wp\/v2\/types\/post"}],"author":[{"embeddable":true,"href":"https:\/\/termix.net\/blog\/es\/wp-json\/wp\/v2\/users\/2"}],"replies":[{"embeddable":true,"href":"https:\/\/termix.net\/blog\/es\/wp-json\/wp\/v2\/comments?post=5598"}],"version-history":[{"count":2,"href":"https:\/\/termix.net\/blog\/es\/wp-json\/wp\/v2\/posts\/5598\/revisions"}],"predecessor-version":[{"id":21461,"href":"https:\/\/termix.net\/blog\/es\/wp-json\/wp\/v2\/posts\/5598\/revisions\/21461"}],"wp:featuredmedia":[{"embeddable":true,"href":"https:\/\/termix.net\/blog\/es\/wp-json\/wp\/v2\/media\/20617"}],"wp:attachment":[{"href":"https:\/\/termix.net\/blog\/es\/wp-json\/wp\/v2\/media?parent=5598"}],"wp:term":[{"taxonomy":"category","embeddable":true,"href":"https:\/\/termix.net\/blog\/es\/wp-json\/wp\/v2\/categories?post=5598"},{"taxonomy":"post_tag","embeddable":true,"href":"https:\/\/termix.net\/blog\/es\/wp-json\/wp\/v2\/tags?post=5598"}],"curies":[{"name":"wp","href":"https:\/\/api.w.org\/{rel}","templated":true}]}}