{"id":5597,"date":"2014-11-26T10:22:45","date_gmt":"2014-11-26T10:22:45","guid":{"rendered":"http:\/\/termix.net\/?p=686"},"modified":"2019-11-27T16:44:17","modified_gmt":"2019-11-27T15:44:17","slug":"termix-conquista-las-americas","status":"publish","type":"post","link":"https:\/\/termix.net\/blog\/es\/termix-conquista-las-americas\/","title":{"rendered":"Termix desembarca en Am\u00e9rica"},"content":{"rendered":"<h1 style=\"text-align: center;\">Termix desembarca en Am\u00e9rica<\/h1>\n<p style=\"text-align: justify;\">Termix ha participado un a\u00f1o m\u00e1s en la cita m\u00e1s importante de la industria de la belleza profesional en Per\u00fa, en esta edici\u00f3n tambi\u00e9n como patrocinador oficial.<\/p>\n<p style=\"text-align: justify;\">La feria <strong>Cosmo Beauty Professional <\/strong>se\u00a0celebr\u00f3 los d\u00edas\u00a023 y 24 de marzo en el <strong>Centro de Exposiciones Jockey<\/strong> de Lima.\u00a0Una vez m\u00e1s, se ha convertido en el mejor escaparate internacional de las \u00faltimas tendencias del sector y ha batido todos los r\u00e9cords de asistencia.<\/p>\n<p>&nbsp;<\/p>\n<p>&nbsp;<\/p>\n<p style=\"text-align: justify;\">Sus m\u00e1s de 4000 m2 se han transformado en el escenario de todo tipo de actividades (demostraciones, talleres, shows\u2026), entre las que ha destacado la Gala Show de <strong>\u00d3scar Colombo<\/strong>, uno de los artistas m\u00e1s esperados de esta nueva convocatoria de la Feria Cosmo Beauty. Su presencia, junto a otras personalidades reconocidas del sector, y la participaci\u00f3n de las mejores empresas nacionales e internacionales del sector de la Alta Peluquer\u00eda y Est\u00e9tica, han convertido la Feria, una vez m\u00e1s, en sin\u00f3nimo de \u00e9xito. En este contexto, <strong>Termix<\/strong> ha vuelto a acoger a un p\u00fablico dispuesto a conocer sus \u00faltimas tendencias y lanzamientos.<\/p>\n<p style=\"text-align: justify;\"><strong>Desde aqu\u00ed les damos las gracias por su visita.<\/strong><\/p>\n","protected":false},"excerpt":{"rendered":"<p>\t\t\t\tTermix ha participado un a\u00f1o m\u00e1s en la cita m\u00e1s importante de la industria de la belleza profesional en Per\u00fa, en esta edici\u00f3n tambi\u00e9n como patrocinador oficial.\t\t<\/p>\n","protected":false},"author":2,"featured_media":20612,"comment_status":"open","ping_status":"open","sticky":false,"template":"","format":"standard","meta":[],"categories":[6],"tags":[],"yoast_head":"<!-- This site is optimized with the Yoast SEO plugin v20.0 - https:\/\/yoast.com\/wordpress\/plugins\/seo\/ -->\n<title>Termix conquista las Am\u00e9ricas - Termix<\/title>\n<meta name=\"description\" content=\"Termix ha participado un a\u00f1o m\u00e1s en el evento de belleza profesional de Per\u00fa Cosmo Beauty Professional.\" \/>\n<meta name=\"robots\" content=\"noindex, follow\" \/>\n<meta property=\"og:locale\" content=\"es_ES\" \/>\n<meta property=\"og:type\" content=\"article\" \/>\n<meta property=\"og:title\" content=\"Termix conquista las Am\u00e9ricas - Termix\" \/>\n<meta property=\"og:description\" content=\"Termix ha participado un a\u00f1o m\u00e1s en el evento de belleza profesional de Per\u00fa Cosmo Beauty Professional.\" \/>\n<meta property=\"og:url\" content=\"https:\/\/termix.net\/blog\/es\/termix-conquista-las-americas\/\" \/>\n<meta property=\"og:site_name\" content=\"Blog Termix Spain\" \/>\n<meta property=\"article:published_time\" content=\"2014-11-26T10:22:45+00:00\" \/>\n<meta property=\"article:modified_time\" content=\"2019-11-27T15:44:17+00:00\" \/>\n<meta property=\"og:image\" content=\"https:\/\/termix.net\/blog\/wp-content\/uploads\/2019\/11\/termix-stand_spain_cosmoprof-north-america-1.jpg\" \/>\n\t<meta property=\"og:image:width\" content=\"1160\" \/>\n\t<meta property=\"og:image:height\" content=\"800\" \/>\n\t<meta property=\"og:image:type\" content=\"image\/jpeg\" \/>\n<meta name=\"author\" content=\"TermixTeam\" \/>\n<meta name=\"twitter:card\" content=\"summary_large_image\" \/>\n<meta name=\"twitter:label1\" content=\"Escrito por\" \/>\n\t<meta name=\"twitter:data1\" content=\"TermixTeam\" \/>\n\t<meta name=\"twitter:label2\" content=\"Tiempo de lectura\" \/>\n\t<meta name=\"twitter:data2\" content=\"1 minuto\" \/>\n<script type=\"application\/ld+json\" class=\"yoast-schema-graph\">{\"@context\":\"https:\/\/schema.org\",\"@graph\":[{\"@type\":\"Article\",\"@id\":\"https:\/\/termix.net\/blog\/es\/termix-conquista-las-americas\/#article\",\"isPartOf\":{\"@id\":\"https:\/\/termix.net\/blog\/es\/termix-conquista-las-americas\/\"},\"author\":{\"name\":\"TermixTeam\",\"@id\":\"https:\/\/termix.net\/blog\/es\/#\/schema\/person\/9096c98bdf03c8ddf91ad7172f254f40\"},\"headline\":\"Termix desembarca en Am\u00e9rica\",\"datePublished\":\"2014-11-26T10:22:45+00:00\",\"dateModified\":\"2019-11-27T15:44:17+00:00\",\"mainEntityOfPage\":{\"@id\":\"https:\/\/termix.net\/blog\/es\/termix-conquista-las-americas\/\"},\"wordCount\":210,\"commentCount\":0,\"publisher\":{\"@id\":\"https:\/\/termix.net\/blog\/es\/#organization\"},\"articleSection\":[\"NOTICIAS\"],\"inLanguage\":\"es\",\"potentialAction\":[{\"@type\":\"CommentAction\",\"name\":\"Comment\",\"target\":[\"https:\/\/termix.net\/blog\/es\/termix-conquista-las-americas\/#respond\"]}]},{\"@type\":\"WebPage\",\"@id\":\"https:\/\/termix.net\/blog\/es\/termix-conquista-las-americas\/\",\"url\":\"https:\/\/termix.net\/blog\/es\/termix-conquista-las-americas\/\",\"name\":\"Termix conquista las Am\u00e9ricas - Termix\",\"isPartOf\":{\"@id\":\"https:\/\/termix.net\/blog\/es\/#website\"},\"datePublished\":\"2014-11-26T10:22:45+00:00\",\"dateModified\":\"2019-11-27T15:44:17+00:00\",\"description\":\"Termix ha participado un a\u00f1o m\u00e1s en el evento de belleza profesional de Per\u00fa Cosmo Beauty Professional.\",\"breadcrumb\":{\"@id\":\"https:\/\/termix.net\/blog\/es\/termix-conquista-las-americas\/#breadcrumb\"},\"inLanguage\":\"es\",\"potentialAction\":[{\"@type\":\"ReadAction\",\"target\":[\"https:\/\/termix.net\/blog\/es\/termix-conquista-las-americas\/\"]}]},{\"@type\":\"BreadcrumbList\",\"@id\":\"https:\/\/termix.net\/blog\/es\/termix-conquista-las-americas\/#breadcrumb\",\"itemListElement\":[{\"@type\":\"ListItem\",\"position\":1,\"name\":\"Home\",\"item\":\"https:\/\/termix.net\/blog\/es\/\"},{\"@type\":\"ListItem\",\"position\":2,\"name\":\"Termix desembarca en Am\u00e9rica\"}]},{\"@type\":\"WebSite\",\"@id\":\"https:\/\/termix.net\/blog\/es\/#website\",\"url\":\"https:\/\/termix.net\/blog\/es\/\",\"name\":\"Blog Termix Spain\",\"description\":\"Blog de tendencias y productos de peluquer\u00eda profesional.\",\"publisher\":{\"@id\":\"https:\/\/termix.net\/blog\/es\/#organization\"},\"potentialAction\":[{\"@type\":\"SearchAction\",\"target\":{\"@type\":\"EntryPoint\",\"urlTemplate\":\"https:\/\/termix.net\/blog\/es\/?s={search_term_string}\"},\"query-input\":\"required name=search_term_string\"}],\"inLanguage\":\"es\"},{\"@type\":\"Organization\",\"@id\":\"https:\/\/termix.net\/blog\/es\/#organization\",\"name\":\"Dols Industrial de Peluquer\u00eda SA\",\"url\":\"https:\/\/termix.net\/blog\/es\/\",\"logo\":{\"@type\":\"ImageObject\",\"inLanguage\":\"es\",\"@id\":\"https:\/\/termix.net\/blog\/es\/#\/schema\/logo\/image\/\",\"url\":\"https:\/\/termix.net\/blog\/wp-content\/uploads\/2020\/10\/OGbDAeng.jpeg\",\"contentUrl\":\"https:\/\/termix.net\/blog\/wp-content\/uploads\/2020\/10\/OGbDAeng.jpeg\",\"width\":800,\"height\":800,\"caption\":\"Dols Industrial de Peluquer\u00eda SA\"},\"image\":{\"@id\":\"https:\/\/termix.net\/blog\/es\/#\/schema\/logo\/image\/\"}},{\"@type\":\"Person\",\"@id\":\"https:\/\/termix.net\/blog\/es\/#\/schema\/person\/9096c98bdf03c8ddf91ad7172f254f40\",\"name\":\"TermixTeam\",\"image\":{\"@type\":\"ImageObject\",\"inLanguage\":\"es\",\"@id\":\"https:\/\/termix.net\/blog\/es\/#\/schema\/person\/image\/\",\"url\":\"https:\/\/secure.gravatar.com\/avatar\/d89f61f6bd1c29a4acb231736d1c74b3?s=96&d=mm&r=g\",\"contentUrl\":\"https:\/\/secure.gravatar.com\/avatar\/d89f61f6bd1c29a4acb231736d1c74b3?s=96&d=mm&r=g\",\"caption\":\"TermixTeam\"},\"url\":\"https:\/\/termix.net\/blog\/es\/author\/termixteam\/\"}]}<\/script>\n<!-- \/ Yoast SEO plugin. -->","yoast_head_json":{"title":"Termix conquista las Am\u00e9ricas - Termix","description":"Termix ha participado un a\u00f1o m\u00e1s en el evento de belleza profesional de Per\u00fa Cosmo Beauty Professional.","robots":{"index":"noindex","follow":"follow"},"og_locale":"es_ES","og_type":"article","og_title":"Termix conquista las Am\u00e9ricas - Termix","og_description":"Termix ha participado un a\u00f1o m\u00e1s en el evento de belleza profesional de Per\u00fa Cosmo Beauty Professional.","og_url":"https:\/\/termix.net\/blog\/es\/termix-conquista-las-americas\/","og_site_name":"Blog Termix Spain","article_published_time":"2014-11-26T10:22:45+00:00","article_modified_time":"2019-11-27T15:44:17+00:00","og_image":[{"width":1160,"height":800,"url":"https:\/\/termix.net\/blog\/wp-content\/uploads\/2019\/11\/termix-stand_spain_cosmoprof-north-america-1.jpg","type":"image\/jpeg"}],"author":"TermixTeam","twitter_card":"summary_large_image","twitter_misc":{"Escrito por":"TermixTeam","Tiempo de lectura":"1 minuto"},"schema":{"@context":"https:\/\/schema.org","@graph":[{"@type":"Article","@id":"https:\/\/termix.net\/blog\/es\/termix-conquista-las-americas\/#article","isPartOf":{"@id":"https:\/\/termix.net\/blog\/es\/termix-conquista-las-americas\/"},"author":{"name":"TermixTeam","@id":"https:\/\/termix.net\/blog\/es\/#\/schema\/person\/9096c98bdf03c8ddf91ad7172f254f40"},"headline":"Termix desembarca en Am\u00e9rica","datePublished":"2014-11-26T10:22:45+00:00","dateModified":"2019-11-27T15:44:17+00:00","mainEntityOfPage":{"@id":"https:\/\/termix.net\/blog\/es\/termix-conquista-las-americas\/"},"wordCount":210,"commentCount":0,"publisher":{"@id":"https:\/\/termix.net\/blog\/es\/#organization"},"articleSection":["NOTICIAS"],"inLanguage":"es","potentialAction":[{"@type":"CommentAction","name":"Comment","target":["https:\/\/termix.net\/blog\/es\/termix-conquista-las-americas\/#respond"]}]},{"@type":"WebPage","@id":"https:\/\/termix.net\/blog\/es\/termix-conquista-las-americas\/","url":"https:\/\/termix.net\/blog\/es\/termix-conquista-las-americas\/","name":"Termix conquista las Am\u00e9ricas - Termix","isPartOf":{"@id":"https:\/\/termix.net\/blog\/es\/#website"},"datePublished":"2014-11-26T10:22:45+00:00","dateModified":"2019-11-27T15:44:17+00:00","description":"Termix ha participado un a\u00f1o m\u00e1s en el evento de belleza profesional de Per\u00fa Cosmo Beauty Professional.","breadcrumb":{"@id":"https:\/\/termix.net\/blog\/es\/termix-conquista-las-americas\/#breadcrumb"},"inLanguage":"es","potentialAction":[{"@type":"ReadAction","target":["https:\/\/termix.net\/blog\/es\/termix-conquista-las-americas\/"]}]},{"@type":"BreadcrumbList","@id":"https:\/\/termix.net\/blog\/es\/termix-conquista-las-americas\/#breadcrumb","itemListElement":[{"@type":"ListItem","position":1,"name":"Home","item":"https:\/\/termix.net\/blog\/es\/"},{"@type":"ListItem","position":2,"name":"Termix desembarca en Am\u00e9rica"}]},{"@type":"WebSite","@id":"https:\/\/termix.net\/blog\/es\/#website","url":"https:\/\/termix.net\/blog\/es\/","name":"Blog Termix Spain","description":"Blog de tendencias y productos de peluquer\u00eda profesional.","publisher":{"@id":"https:\/\/termix.net\/blog\/es\/#organization"},"potentialAction":[{"@type":"SearchAction","target":{"@type":"EntryPoint","urlTemplate":"https:\/\/termix.net\/blog\/es\/?s={search_term_string}"},"query-input":"required name=search_term_string"}],"inLanguage":"es"},{"@type":"Organization","@id":"https:\/\/termix.net\/blog\/es\/#organization","name":"Dols Industrial de Peluquer\u00eda SA","url":"https:\/\/termix.net\/blog\/es\/","logo":{"@type":"ImageObject","inLanguage":"es","@id":"https:\/\/termix.net\/blog\/es\/#\/schema\/logo\/image\/","url":"https:\/\/termix.net\/blog\/wp-content\/uploads\/2020\/10\/OGbDAeng.jpeg","contentUrl":"https:\/\/termix.net\/blog\/wp-content\/uploads\/2020\/10\/OGbDAeng.jpeg","width":800,"height":800,"caption":"Dols Industrial de Peluquer\u00eda SA"},"image":{"@id":"https:\/\/termix.net\/blog\/es\/#\/schema\/logo\/image\/"}},{"@type":"Person","@id":"https:\/\/termix.net\/blog\/es\/#\/schema\/person\/9096c98bdf03c8ddf91ad7172f254f40","name":"TermixTeam","image":{"@type":"ImageObject","inLanguage":"es","@id":"https:\/\/termix.net\/blog\/es\/#\/schema\/person\/image\/","url":"https:\/\/secure.gravatar.com\/avatar\/d89f61f6bd1c29a4acb231736d1c74b3?s=96&d=mm&r=g","contentUrl":"https:\/\/secure.gravatar.com\/avatar\/d89f61f6bd1c29a4acb231736d1c74b3?s=96&d=mm&r=g","caption":"TermixTeam"},"url":"https:\/\/termix.net\/blog\/es\/author\/termixteam\/"}]}},"_links":{"self":[{"href":"https:\/\/termix.net\/blog\/es\/wp-json\/wp\/v2\/posts\/5597"}],"collection":[{"href":"https:\/\/termix.net\/blog\/es\/wp-json\/wp\/v2\/posts"}],"about":[{"href":"https:\/\/termix.net\/blog\/es\/wp-json\/wp\/v2\/types\/post"}],"author":[{"embeddable":true,"href":"https:\/\/termix.net\/blog\/es\/wp-json\/wp\/v2\/users\/2"}],"replies":[{"embeddable":true,"href":"https:\/\/termix.net\/blog\/es\/wp-json\/wp\/v2\/comments?post=5597"}],"version-history":[{"count":3,"href":"https:\/\/termix.net\/blog\/es\/wp-json\/wp\/v2\/posts\/5597\/revisions"}],"predecessor-version":[{"id":21459,"href":"https:\/\/termix.net\/blog\/es\/wp-json\/wp\/v2\/posts\/5597\/revisions\/21459"}],"wp:featuredmedia":[{"embeddable":true,"href":"https:\/\/termix.net\/blog\/es\/wp-json\/wp\/v2\/media\/20612"}],"wp:attachment":[{"href":"https:\/\/termix.net\/blog\/es\/wp-json\/wp\/v2\/media?parent=5597"}],"wp:term":[{"taxonomy":"category","embeddable":true,"href":"https:\/\/termix.net\/blog\/es\/wp-json\/wp\/v2\/categories?post=5597"},{"taxonomy":"post_tag","embeddable":true,"href":"https:\/\/termix.net\/blog\/es\/wp-json\/wp\/v2\/tags?post=5597"}],"curies":[{"name":"wp","href":"https:\/\/api.w.org\/{rel}","templated":true}]}}